{"id":251387,"date":"2025-04-09T21:06:15","date_gmt":"2025-04-10T00:06:15","guid":{"rendered":"https:\/\/www.gaveanews.com\/?p=251387"},"modified":"2025-04-09T21:11:50","modified_gmt":"2025-04-10T00:11:50","slug":"nacional-x-bahia-a-declaracao-de-erick-pulga","status":"publish","type":"post","link":"https:\/\/www.gaveanews.com\/index.php\/2025\/04\/09\/nacional-x-bahia-a-declaracao-de-erick-pulga\/","title":{"rendered":"Nacional x Bahia: a declara\u00e7\u00e3o de Erick Pulga"},"content":{"rendered":"\n<p>Nesta quarta-feira (9), o Bahia venceu o Nacional, do Uruguai, por 1 a 0, em jogo v\u00e1lido pela segunda rodada da fase de grupos da Libertadores. Autor do gol da vit\u00f3ria, o atacante Erick Pulga comemorou o feito.<\/p>\n\n\n\n<p>&#8220;Estou feliz. Partida muito dif\u00edcil, truncada. Para mim, \u00e9 um dia muito especial na minha vida. Marcar um gol em Libertadores \u00e9 sempre especial. Hoje, quero agradecer a Deus por essa oportunidade de fazer mais um gol e ajudar com o triunfo. Foi o que disse, \u00e9 especial e acredito que vai ficar sempre marcado na minha mem\u00f3ria&#8221;, disse.<\/p>\n\n\n\n<h2 class=\"wp-block-heading\" id=\"h-o-jogo\">O jogo<\/h2>\n\n\n\n<p>Com uma atua\u00e7\u00e3o segura fora de casa, o Bahia conquistou uma importante vit\u00f3ria na CONMEBOL Libertadores. Na noite de quarta-feira (9 de abril), a equipe superou o Nacional, no Est\u00e1dio Parque Central, em Montevid\u00e9u, e assumiu provisoriamente a lideran\u00e7a do Grupo F da competi\u00e7\u00e3o continental. O \u00fanico gol da partida foi marcado por Erick Pulga, em uma bela finaliza\u00e7\u00e3o no segundo tempo.<\/p>\n\n\n\n<p>A partida come\u00e7ou com poucas emo\u00e7\u00f5es. Embora Erick Pulga tenha finalizado nos primeiros segundos, o confronto foi marcado por muitas dificuldades ofensivas para ambos os lados. As equipes apostaram nas bolas paradas para tentar furar os sistemas defensivos. Aos 36 minutos, o Nacional assustou com cobran\u00e7a de falta de Lucho Rodr\u00edguez, que passou muito perto do gol defendido por Marcos Felipe.<\/p>\n\n\n\n<p>Ainda antes do intervalo, o Bahia criou sua melhor chance at\u00e9 ent\u00e3o. Ap\u00f3s uma troca de passes, Cauly invadiu a \u00e1rea, tentou driblar o goleiro, mas acabou desarmado. O primeiro tempo terminou sem gols, refletindo o equil\u00edbrio e a pouca efetividade ofensiva das duas equipes at\u00e9 aquele momento da partida.<\/p>\n\n\n\n<p>Na volta do intervalo, o Nacional iniciou com mais intensidade, criando duas boas oportunidades antes dos dez minutos. Mill\u00e1n arriscou de fora da \u00e1rea e obrigou Ronaldo a intervir. Em seguida, Eduardo Vargas tamb\u00e9m exigiu boa defesa do goleiro tricolor. Contudo, o Bahia foi mais eficiente. Aos 19 minutos, ap\u00f3s jogada constru\u00edda por Cauly e Jean Lucas, Erick Pulga recebeu livre e finalizou no canto, sem chances para Mej\u00eda.<\/p>\n\n\n\n<p>&#8220;Fui feliz na finaliza\u00e7\u00e3o. Sabia que teria pouco espa\u00e7o e aproveitei a chance&#8221;, declarou Erick Pulga ap\u00f3s a partida. Em desvantagem, o Nacional aumentou a press\u00e3o a partir dos 35 minutos, mas esbarrou na s\u00f3lida defesa baiana. O goleiro Ronaldo, ali\u00e1s, fez nova interven\u00e7\u00e3o decisiva em chute de Yonatan Rodr\u00edguez.<\/p>\n\n\n\n<p>Com o resultado, o Bahia chegou a quatro pontos, assumindo a primeira posi\u00e7\u00e3o do Grupo F, enquanto o Nacional permanece sem pontuar. O pr\u00f3ximo compromisso do time baiano ser\u00e1 diante do Mirassol, no s\u00e1bado (13 de abril), \u00e0s 16h (hor\u00e1rio de Bras\u00edlia), pelo Campeonato Brasileiro.<br><\/p>\n","protected":false},"excerpt":{"rendered":"<p>Nesta quarta-feira (9), o Bahia venceu o Nacional, do Uruguai, por 1 a 0, em jogo v\u00e1lido pela segunda rodada da fase de grupos da Libertadores. Autor do gol da vit\u00f3ria, o atacante Erick Pulga comemorou o feito. &#8220;Estou feliz. Partida muito dif\u00edcil, truncada. Para mim, \u00e9 um dia muito especial na minha vida. Marcar [&hellip;]<\/p>\n","protected":false},"author":18,"featured_media":190000,"comment_status":"open","ping_status":"closed","sticky":false,"template":"","format":"standard","meta":{"footnotes":""},"categories":[137],"tags":[],"class_list":["post-251387","post","type-post","status-publish","format-standard","has-post-thumbnail","hentry","category-bahia"],"yoast_head":"<!-- This site is optimized with the Yoast SEO Premium plugin v24.2 (Yoast SEO v26.9) - https:\/\/yoast.com\/product\/yoast-seo-premium-wordpress\/ -->\n<title>Nacional x Bahia: a declara\u00e7\u00e3o de Erick Pulga<\/title>\n<meta name=\"robots\" content=\"index, follow, max-snippet:-1, max-image-preview:large, max-video-preview:-1\" \/>\n<link rel=\"canonical\" href=\"https:\/\/www.gaveanews.com\/index.php\/2025\/04\/09\/nacional-x-bahia-a-declaracao-de-erick-pulga\/\" \/>\n<meta property=\"og:locale\" content=\"pt_BR\" \/>\n<meta property=\"og:type\" content=\"article\" \/>\n<meta property=\"og:title\" content=\"Nacional x Bahia: a declara\u00e7\u00e3o de Erick Pulga\" \/>\n<meta property=\"og:description\" content=\"Nesta quarta-feira (9), o Bahia venceu o Nacional, do Uruguai, por 1 a 0, em jogo v\u00e1lido pela segunda rodada da fase de grupos da Libertadores. Autor do gol da vit\u00f3ria, o atacante Erick Pulga comemorou o feito. &#8220;Estou feliz. Partida muito dif\u00edcil, truncada. Para mim, \u00e9 um dia muito especial na minha vida. Marcar [&hellip;]\" \/>\n<meta property=\"og:url\" content=\"https:\/\/www.gaveanews.com\/index.php\/2025\/04\/09\/nacional-x-bahia-a-declaracao-de-erick-pulga\/\" \/>\n<meta property=\"og:site_name\" content=\"G\u00e1vea News\" \/>\n<meta property=\"article:publisher\" content=\"https:\/\/facebook.com\/gaveaNews\/\" \/>\n<meta property=\"article:published_time\" content=\"2025-04-10T00:06:15+00:00\" \/>\n<meta property=\"article:modified_time\" content=\"2025-04-10T00:11:50+00:00\" \/>\n<meta property=\"og:image\" content=\"http:\/\/www.gaveanews.com\/wp-content\/uploads\/Erick-Pulga-em-acao-com-a-camisa-do-Ceara.webp\" \/>\n\t<meta property=\"og:image:width\" content=\"1153\" \/>\n\t<meta property=\"og:image:height\" content=\"865\" \/>\n\t<meta property=\"og:image:type\" content=\"image\/webp\" \/>\n<meta name=\"author\" content=\"Paula Silva\" \/>\n<meta name=\"twitter:card\" content=\"summary_large_image\" \/>\n<meta name=\"twitter:label1\" content=\"Escrito por\" \/>\n\t<meta name=\"twitter:data1\" content=\"Paula Silva\" \/>\n\t<meta name=\"twitter:label2\" content=\"Est. tempo de leitura\" \/>\n\t<meta name=\"twitter:data2\" content=\"3 minutos\" \/>\n<script type=\"application\/ld+json\" class=\"yoast-schema-graph\">{\"@context\":\"https:\/\/schema.org\",\"@graph\":[{\"@type\":\"NewsArticle\",\"@id\":\"https:\/\/www.gaveanews.com\/index.php\/2025\/04\/09\/nacional-x-bahia-a-declaracao-de-erick-pulga\/#article\",\"isPartOf\":{\"@id\":\"https:\/\/www.gaveanews.com\/index.php\/2025\/04\/09\/nacional-x-bahia-a-declaracao-de-erick-pulga\/\"},\"author\":{\"name\":\"Paula Silva\",\"@id\":\"https:\/\/www.gaveanews.com\/#\/schema\/person\/daf63eec72e1164eb13dc35096c2b8da\"},\"headline\":\"Nacional x Bahia: a declara\u00e7\u00e3o de Erick Pulga\",\"datePublished\":\"2025-04-10T00:06:15+00:00\",\"dateModified\":\"2025-04-10T00:11:50+00:00\",\"mainEntityOfPage\":{\"@id\":\"https:\/\/www.gaveanews.com\/index.php\/2025\/04\/09\/nacional-x-bahia-a-declaracao-de-erick-pulga\/\"},\"wordCount\":470,\"commentCount\":0,\"image\":{\"@id\":\"https:\/\/www.gaveanews.com\/index.php\/2025\/04\/09\/nacional-x-bahia-a-declaracao-de-erick-pulga\/#primaryimage\"},\"thumbnailUrl\":\"https:\/\/www.gaveanews.com\/wp-content\/uploads\/Erick-Pulga-em-acao-com-a-camisa-do-Ceara.webp\",\"articleSection\":[\"Bahia\"],\"inLanguage\":\"pt-BR\",\"potentialAction\":[{\"@type\":\"CommentAction\",\"name\":\"Comment\",\"target\":[\"https:\/\/www.gaveanews.com\/index.php\/2025\/04\/09\/nacional-x-bahia-a-declaracao-de-erick-pulga\/#respond\"]}],\"copyrightYear\":\"2025\",\"copyrightHolder\":{\"@id\":\"https:\/\/www.gaveanews.com\/#organization\"}},{\"@type\":\"WebPage\",\"@id\":\"https:\/\/www.gaveanews.com\/index.php\/2025\/04\/09\/nacional-x-bahia-a-declaracao-de-erick-pulga\/\",\"url\":\"https:\/\/www.gaveanews.com\/index.php\/2025\/04\/09\/nacional-x-bahia-a-declaracao-de-erick-pulga\/\",\"name\":\"Nacional x Bahia: a declara\u00e7\u00e3o de Erick Pulga\",\"isPartOf\":{\"@id\":\"https:\/\/www.gaveanews.com\/#website\"},\"primaryImageOfPage\":{\"@id\":\"https:\/\/www.gaveanews.com\/index.php\/2025\/04\/09\/nacional-x-bahia-a-declaracao-de-erick-pulga\/#primaryimage\"},\"image\":{\"@id\":\"https:\/\/www.gaveanews.com\/index.php\/2025\/04\/09\/nacional-x-bahia-a-declaracao-de-erick-pulga\/#primaryimage\"},\"thumbnailUrl\":\"https:\/\/www.gaveanews.com\/wp-content\/uploads\/Erick-Pulga-em-acao-com-a-camisa-do-Ceara.webp\",\"datePublished\":\"2025-04-10T00:06:15+00:00\",\"dateModified\":\"2025-04-10T00:11:50+00:00\",\"author\":{\"@id\":\"https:\/\/www.gaveanews.com\/#\/schema\/person\/daf63eec72e1164eb13dc35096c2b8da\"},\"breadcrumb\":{\"@id\":\"https:\/\/www.gaveanews.com\/index.php\/2025\/04\/09\/nacional-x-bahia-a-declaracao-de-erick-pulga\/#breadcrumb\"},\"inLanguage\":\"pt-BR\",\"potentialAction\":[{\"@type\":\"ReadAction\",\"target\":[\"https:\/\/www.gaveanews.com\/index.php\/2025\/04\/09\/nacional-x-bahia-a-declaracao-de-erick-pulga\/\"]}]},{\"@type\":\"ImageObject\",\"inLanguage\":\"pt-BR\",\"@id\":\"https:\/\/www.gaveanews.com\/index.php\/2025\/04\/09\/nacional-x-bahia-a-declaracao-de-erick-pulga\/#primaryimage\",\"url\":\"https:\/\/www.gaveanews.com\/wp-content\/uploads\/Erick-Pulga-em-acao-com-a-camisa-do-Ceara.webp\",\"contentUrl\":\"https:\/\/www.gaveanews.com\/wp-content\/uploads\/Erick-Pulga-em-acao-com-a-camisa-do-Ceara.webp\",\"width\":1153,\"height\":865,\"caption\":\"Erick Pulga em a\u00e7\u00e3o com a camisa do Cear\u00e1 (Foto: Reprodu\u00e7\u00e3o\/Gabriel Silva)\"},{\"@type\":\"BreadcrumbList\",\"@id\":\"https:\/\/www.gaveanews.com\/index.php\/2025\/04\/09\/nacional-x-bahia-a-declaracao-de-erick-pulga\/#breadcrumb\",\"itemListElement\":[{\"@type\":\"ListItem\",\"position\":1,\"name\":\"Home\",\"item\":\"https:\/\/www.gaveanews.com\/\"},{\"@type\":\"ListItem\",\"position\":2,\"name\":\"Nacional x Bahia: a declara\u00e7\u00e3o de Erick Pulga\"}]},{\"@type\":\"WebSite\",\"@id\":\"https:\/\/www.gaveanews.com\/#website\",\"url\":\"https:\/\/www.gaveanews.com\/\",\"name\":\"G\u00e1vea News\",\"description\":\"Veja todas as not\u00edcias sobre o Flamengo: Contrata\u00e7\u00f5es, categorias de base, resultados das partidas, tabela de classifica\u00e7\u00e3o, pr\u00f3ximos jogos!\",\"potentialAction\":[{\"@type\":\"SearchAction\",\"target\":{\"@type\":\"EntryPoint\",\"urlTemplate\":\"https:\/\/www.gaveanews.com\/?s={search_term_string}\"},\"query-input\":{\"@type\":\"PropertyValueSpecification\",\"valueRequired\":true,\"valueName\":\"search_term_string\"}}],\"inLanguage\":\"pt-BR\"},{\"@type\":\"Person\",\"@id\":\"https:\/\/www.gaveanews.com\/#\/schema\/person\/daf63eec72e1164eb13dc35096c2b8da\",\"name\":\"Paula Silva\",\"image\":{\"@type\":\"ImageObject\",\"inLanguage\":\"pt-BR\",\"@id\":\"https:\/\/www.gaveanews.com\/#\/schema\/person\/image\/\",\"url\":\"https:\/\/secure.gravatar.com\/avatar\/eda381c845527cc5d64c13b901833cda29d97500ba040d3e6461f76f51d163bb?s=96&d=mm&r=g\",\"contentUrl\":\"https:\/\/secure.gravatar.com\/avatar\/eda381c845527cc5d64c13b901833cda29d97500ba040d3e6461f76f51d163bb?s=96&d=mm&r=g\",\"caption\":\"Paula Silva\"}}]}<\/script>\n<!-- \/ Yoast SEO Premium plugin. -->","yoast_head_json":{"title":"Nacional x Bahia: a declara\u00e7\u00e3o de Erick Pulga","robots":{"index":"index","follow":"follow","max-snippet":"max-snippet:-1","max-image-preview":"max-image-preview:large","max-video-preview":"max-video-preview:-1"},"canonical":"https:\/\/www.gaveanews.com\/index.php\/2025\/04\/09\/nacional-x-bahia-a-declaracao-de-erick-pulga\/","og_locale":"pt_BR","og_type":"article","og_title":"Nacional x Bahia: a declara\u00e7\u00e3o de Erick Pulga","og_description":"Nesta quarta-feira (9), o Bahia venceu o Nacional, do Uruguai, por 1 a 0, em jogo v\u00e1lido pela segunda rodada da fase de grupos da Libertadores. Autor do gol da vit\u00f3ria, o atacante Erick Pulga comemorou o feito. &#8220;Estou feliz. Partida muito dif\u00edcil, truncada. Para mim, \u00e9 um dia muito especial na minha vida. Marcar [&hellip;]","og_url":"https:\/\/www.gaveanews.com\/index.php\/2025\/04\/09\/nacional-x-bahia-a-declaracao-de-erick-pulga\/","og_site_name":"G\u00e1vea News","article_publisher":"https:\/\/facebook.com\/gaveaNews\/","article_published_time":"2025-04-10T00:06:15+00:00","article_modified_time":"2025-04-10T00:11:50+00:00","og_image":[{"width":1153,"height":865,"url":"http:\/\/www.gaveanews.com\/wp-content\/uploads\/Erick-Pulga-em-acao-com-a-camisa-do-Ceara.webp","type":"image\/webp"}],"author":"Paula Silva","twitter_card":"summary_large_image","twitter_misc":{"Escrito por":"Paula Silva","Est. tempo de leitura":"3 minutos"},"schema":{"@context":"https:\/\/schema.org","@graph":[{"@type":"NewsArticle","@id":"https:\/\/www.gaveanews.com\/index.php\/2025\/04\/09\/nacional-x-bahia-a-declaracao-de-erick-pulga\/#article","isPartOf":{"@id":"https:\/\/www.gaveanews.com\/index.php\/2025\/04\/09\/nacional-x-bahia-a-declaracao-de-erick-pulga\/"},"author":{"name":"Paula Silva","@id":"https:\/\/www.gaveanews.com\/#\/schema\/person\/daf63eec72e1164eb13dc35096c2b8da"},"headline":"Nacional x Bahia: a declara\u00e7\u00e3o de Erick Pulga","datePublished":"2025-04-10T00:06:15+00:00","dateModified":"2025-04-10T00:11:50+00:00","mainEntityOfPage":{"@id":"https:\/\/www.gaveanews.com\/index.php\/2025\/04\/09\/nacional-x-bahia-a-declaracao-de-erick-pulga\/"},"wordCount":470,"commentCount":0,"image":{"@id":"https:\/\/www.gaveanews.com\/index.php\/2025\/04\/09\/nacional-x-bahia-a-declaracao-de-erick-pulga\/#primaryimage"},"thumbnailUrl":"https:\/\/www.gaveanews.com\/wp-content\/uploads\/Erick-Pulga-em-acao-com-a-camisa-do-Ceara.webp","articleSection":["Bahia"],"inLanguage":"pt-BR","potentialAction":[{"@type":"CommentAction","name":"Comment","target":["https:\/\/www.gaveanews.com\/index.php\/2025\/04\/09\/nacional-x-bahia-a-declaracao-de-erick-pulga\/#respond"]}],"copyrightYear":"2025","copyrightHolder":{"@id":"https:\/\/www.gaveanews.com\/#organization"}},{"@type":"WebPage","@id":"https:\/\/www.gaveanews.com\/index.php\/2025\/04\/09\/nacional-x-bahia-a-declaracao-de-erick-pulga\/","url":"https:\/\/www.gaveanews.com\/index.php\/2025\/04\/09\/nacional-x-bahia-a-declaracao-de-erick-pulga\/","name":"Nacional x Bahia: a declara\u00e7\u00e3o de Erick Pulga","isPartOf":{"@id":"https:\/\/www.gaveanews.com\/#website"},"primaryImageOfPage":{"@id":"https:\/\/www.gaveanews.com\/index.php\/2025\/04\/09\/nacional-x-bahia-a-declaracao-de-erick-pulga\/#primaryimage"},"image":{"@id":"https:\/\/www.gaveanews.com\/index.php\/2025\/04\/09\/nacional-x-bahia-a-declaracao-de-erick-pulga\/#primaryimage"},"thumbnailUrl":"https:\/\/www.gaveanews.com\/wp-content\/uploads\/Erick-Pulga-em-acao-com-a-camisa-do-Ceara.webp","datePublished":"2025-04-10T00:06:15+00:00","dateModified":"2025-04-10T00:11:50+00:00","author":{"@id":"https:\/\/www.gaveanews.com\/#\/schema\/person\/daf63eec72e1164eb13dc35096c2b8da"},"breadcrumb":{"@id":"https:\/\/www.gaveanews.com\/index.php\/2025\/04\/09\/nacional-x-bahia-a-declaracao-de-erick-pulga\/#breadcrumb"},"inLanguage":"pt-BR","potentialAction":[{"@type":"ReadAction","target":["https:\/\/www.gaveanews.com\/index.php\/2025\/04\/09\/nacional-x-bahia-a-declaracao-de-erick-pulga\/"]}]},{"@type":"ImageObject","inLanguage":"pt-BR","@id":"https:\/\/www.gaveanews.com\/index.php\/2025\/04\/09\/nacional-x-bahia-a-declaracao-de-erick-pulga\/#primaryimage","url":"https:\/\/www.gaveanews.com\/wp-content\/uploads\/Erick-Pulga-em-acao-com-a-camisa-do-Ceara.webp","contentUrl":"https:\/\/www.gaveanews.com\/wp-content\/uploads\/Erick-Pulga-em-acao-com-a-camisa-do-Ceara.webp","width":1153,"height":865,"caption":"Erick Pulga em a\u00e7\u00e3o com a camisa do Cear\u00e1 (Foto: Reprodu\u00e7\u00e3o\/Gabriel Silva)"},{"@type":"BreadcrumbList","@id":"https:\/\/www.gaveanews.com\/index.php\/2025\/04\/09\/nacional-x-bahia-a-declaracao-de-erick-pulga\/#breadcrumb","itemListElement":[{"@type":"ListItem","position":1,"name":"Home","item":"https:\/\/www.gaveanews.com\/"},{"@type":"ListItem","position":2,"name":"Nacional x Bahia: a declara\u00e7\u00e3o de Erick Pulga"}]},{"@type":"WebSite","@id":"https:\/\/www.gaveanews.com\/#website","url":"https:\/\/www.gaveanews.com\/","name":"G\u00e1vea News","description":"Veja todas as not\u00edcias sobre o Flamengo: Contrata\u00e7\u00f5es, categorias de base, resultados das partidas, tabela de classifica\u00e7\u00e3o, pr\u00f3ximos jogos!","potentialAction":[{"@type":"SearchAction","target":{"@type":"EntryPoint","urlTemplate":"https:\/\/www.gaveanews.com\/?s={search_term_string}"},"query-input":{"@type":"PropertyValueSpecification","valueRequired":true,"valueName":"search_term_string"}}],"inLanguage":"pt-BR"},{"@type":"Person","@id":"https:\/\/www.gaveanews.com\/#\/schema\/person\/daf63eec72e1164eb13dc35096c2b8da","name":"Paula Silva","image":{"@type":"ImageObject","inLanguage":"pt-BR","@id":"https:\/\/www.gaveanews.com\/#\/schema\/person\/image\/","url":"https:\/\/secure.gravatar.com\/avatar\/eda381c845527cc5d64c13b901833cda29d97500ba040d3e6461f76f51d163bb?s=96&d=mm&r=g","contentUrl":"https:\/\/secure.gravatar.com\/avatar\/eda381c845527cc5d64c13b901833cda29d97500ba040d3e6461f76f51d163bb?s=96&d=mm&r=g","caption":"Paula Silva"}}]}},"_links":{"self":[{"href":"https:\/\/www.gaveanews.com\/index.php\/wp-json\/wp\/v2\/posts\/251387","targetHints":{"allow":["GET"]}}],"collection":[{"href":"https:\/\/www.gaveanews.com\/index.php\/wp-json\/wp\/v2\/posts"}],"about":[{"href":"https:\/\/www.gaveanews.com\/index.php\/wp-json\/wp\/v2\/types\/post"}],"author":[{"embeddable":true,"href":"https:\/\/www.gaveanews.com\/index.php\/wp-json\/wp\/v2\/users\/18"}],"replies":[{"embeddable":true,"href":"https:\/\/www.gaveanews.com\/index.php\/wp-json\/wp\/v2\/comments?post=251387"}],"version-history":[{"count":2,"href":"https:\/\/www.gaveanews.com\/index.php\/wp-json\/wp\/v2\/posts\/251387\/revisions"}],"predecessor-version":[{"id":251396,"href":"https:\/\/www.gaveanews.com\/index.php\/wp-json\/wp\/v2\/posts\/251387\/revisions\/251396"}],"wp:featuredmedia":[{"embeddable":true,"href":"https:\/\/www.gaveanews.com\/index.php\/wp-json\/wp\/v2\/media\/190000"}],"wp:attachment":[{"href":"https:\/\/www.gaveanews.com\/index.php\/wp-json\/wp\/v2\/media?parent=251387"}],"wp:term":[{"taxonomy":"category","embeddable":true,"href":"https:\/\/www.gaveanews.com\/index.php\/wp-json\/wp\/v2\/categories?post=251387"},{"taxonomy":"post_tag","embeddable":true,"href":"https:\/\/www.gaveanews.com\/index.php\/wp-json\/wp\/v2\/tags?post=251387"}],"curies":[{"name":"wp","href":"https:\/\/api.w.org\/{rel}","templated":true}]}}