{"id":251443,"date":"2025-04-10T00:07:34","date_gmt":"2025-04-10T03:07:34","guid":{"rendered":"https:\/\/www.gaveanews.com\/?p=251443"},"modified":"2025-04-10T00:07:37","modified_gmt":"2025-04-10T03:07:37","slug":"informacoes-sobre-a-lesao-de-raphael-veiga-do-palmeiras","status":"publish","type":"post","link":"https:\/\/www.gaveanews.com\/index.php\/2025\/04\/10\/informacoes-sobre-a-lesao-de-raphael-veiga-do-palmeiras\/","title":{"rendered":"Informa\u00e7\u00f5es sobre a les\u00e3o de Raphael Veiga, do Palmeiras"},"content":{"rendered":"\n<p>O meio-campista Raphael Veiga precisou deixar o gramado com apenas nove minutos de jogo na vit\u00f3ria do Palmeiras sobre o Cerro Porte\u00f1o, na noite de quarta-feira (9 de abril), no Allianz Parque, pela fase de grupos da Copa Libertadores. O camisa 23 caiu no campo com dores no ombro esquerdo ap\u00f3s disputa de bola e virou motivo de aten\u00e7\u00e3o imediata no clube.<\/p>\n\n\n\n<p>O lance aconteceu no lado direito do ataque alviverde. Veiga tentou avan\u00e7ar com a bola, mas foi travado por Jorge Morel e, em seguida, derrubado por W\u00edlder Vieira. Ap\u00f3s o contato, permaneceu no ch\u00e3o visivelmente abalado. A equipe m\u00e9dica foi acionada e rapidamente indicou a necessidade de substitui\u00e7\u00e3o. \u201cA avalia\u00e7\u00e3o inicial foi de luxa\u00e7\u00e3o no ombro esquerdo\u201d, informou o clube.<\/p>\n\n\n\n<p>O jogador foi substitu\u00eddo por Felipe Anderson, que j\u00e1 estava aquecendo antes mesmo da confirma\u00e7\u00e3o da troca. Posteriormente, Veiga retornou ao banco de reservas usando uma tipoia no bra\u00e7o esquerdo, o que intensificou a preocupa\u00e7\u00e3o quanto \u00e0 gravidade do quadro. Conforme anunciado, ele ser\u00e1 submetido a exames nesta quinta-feira (10 de abril) na Academia de Futebol, a fim de confirmar a extens\u00e3o da les\u00e3o.<\/p>\n\n\n\n<p>Essa foi a primeira vez que o meia voltou a iniciar uma partida como titular ap\u00f3s duas aus\u00eancias. Anteriormente, ele havia sido preservado da estreia na Libertadores por causa de um trauma na lombar. J\u00e1 na rodada seguinte, pelo Brasileir\u00e3o, entrou no decorrer do segundo tempo na vit\u00f3ria sobre o Sport, na Ilha do Retiro.<\/p>\n\n\n\n<p>A poss\u00edvel aus\u00eancia de Veiga representa mais um desafio para o t\u00e9cnico Abel Ferreira, que j\u00e1 lida com outras baixas no elenco. Atualmente, o clube contabiliza cinco jogadores entregues ao departamento m\u00e9dico: Bruno Rodrigues (cirurgia no joelho), Mayke (les\u00e3o muscular na coxa esquerda), Lucas Evangelista (trauma na coxa direita), al\u00e9m de Marcos Rocha e Paulinho, que seguem em processo de transi\u00e7\u00e3o f\u00edsica.<\/p>\n\n\n\n<p>Enquanto isso, o meio-campista Mauricio, que tamb\u00e9m se recuperava de um problema no ombro, voltou a ser relacionado e pode ser uma das alternativas para suprir a aus\u00eancia de Veiga nos pr\u00f3ximos compromissos. <\/p>\n","protected":false},"excerpt":{"rendered":"<p>O meio-campista Raphael Veiga precisou deixar o gramado com apenas nove minutos de jogo na vit\u00f3ria do Palmeiras sobre o Cerro Porte\u00f1o, na noite de quarta-feira (9 de abril), no Allianz Parque, pela fase de grupos da Copa Libertadores. O camisa 23 caiu no campo com dores no ombro esquerdo ap\u00f3s disputa de bola e [&hellip;]<\/p>\n","protected":false},"author":1,"featured_media":251445,"comment_status":"open","ping_status":"closed","sticky":false,"template":"","format":"standard","meta":{"footnotes":""},"categories":[150],"tags":[],"class_list":["post-251443","post","type-post","status-publish","format-standard","has-post-thumbnail","hentry","category-palmeiras"],"yoast_head":"<!-- This site is optimized with the Yoast SEO Premium plugin v24.2 (Yoast SEO v26.9) - https:\/\/yoast.com\/product\/yoast-seo-premium-wordpress\/ -->\n<title>Informa\u00e7\u00f5es sobre a les\u00e3o de Raphael Veiga, do Palmeiras<\/title>\n<meta name=\"robots\" content=\"index, follow, max-snippet:-1, max-image-preview:large, max-video-preview:-1\" \/>\n<link rel=\"canonical\" href=\"https:\/\/www.gaveanews.com\/index.php\/2025\/04\/10\/informacoes-sobre-a-lesao-de-raphael-veiga-do-palmeiras\/\" \/>\n<meta property=\"og:locale\" content=\"pt_BR\" \/>\n<meta property=\"og:type\" content=\"article\" \/>\n<meta property=\"og:title\" content=\"Informa\u00e7\u00f5es sobre a les\u00e3o de Raphael Veiga, do Palmeiras\" \/>\n<meta property=\"og:description\" content=\"O meio-campista Raphael Veiga precisou deixar o gramado com apenas nove minutos de jogo na vit\u00f3ria do Palmeiras sobre o Cerro Porte\u00f1o, na noite de quarta-feira (9 de abril), no Allianz Parque, pela fase de grupos da Copa Libertadores. O camisa 23 caiu no campo com dores no ombro esquerdo ap\u00f3s disputa de bola e [&hellip;]\" \/>\n<meta property=\"og:url\" content=\"https:\/\/www.gaveanews.com\/index.php\/2025\/04\/10\/informacoes-sobre-a-lesao-de-raphael-veiga-do-palmeiras\/\" \/>\n<meta property=\"og:site_name\" content=\"G\u00e1vea News\" \/>\n<meta property=\"article:publisher\" content=\"https:\/\/facebook.com\/gaveaNews\/\" \/>\n<meta property=\"article:published_time\" content=\"2025-04-10T03:07:34+00:00\" \/>\n<meta property=\"article:modified_time\" content=\"2025-04-10T03:07:37+00:00\" \/>\n<meta property=\"og:image\" content=\"http:\/\/www.gaveanews.com\/wp-content\/uploads\/Raphael-Veiga-apos-sofrer-lesao-no-jogo-do-Palmeiras-na-Libertadores.webp\" \/>\n\t<meta property=\"og:image:width\" content=\"900\" \/>\n\t<meta property=\"og:image:height\" content=\"506\" \/>\n\t<meta property=\"og:image:type\" content=\"image\/jpeg\" \/>\n<meta name=\"author\" content=\"Equipe G\u00e1vea News\" \/>\n<meta name=\"twitter:card\" content=\"summary_large_image\" \/>\n<meta name=\"twitter:label1\" content=\"Escrito por\" \/>\n\t<meta name=\"twitter:data1\" content=\"Equipe G\u00e1vea News\" \/>\n\t<meta name=\"twitter:label2\" content=\"Est. tempo de leitura\" \/>\n\t<meta name=\"twitter:data2\" content=\"3 minutos\" \/>\n<script type=\"application\/ld+json\" class=\"yoast-schema-graph\">{\"@context\":\"https:\/\/schema.org\",\"@graph\":[{\"@type\":\"NewsArticle\",\"@id\":\"https:\/\/www.gaveanews.com\/index.php\/2025\/04\/10\/informacoes-sobre-a-lesao-de-raphael-veiga-do-palmeiras\/#article\",\"isPartOf\":{\"@id\":\"https:\/\/www.gaveanews.com\/index.php\/2025\/04\/10\/informacoes-sobre-a-lesao-de-raphael-veiga-do-palmeiras\/\"},\"author\":{\"name\":\"Equipe G\u00e1vea News\",\"@id\":\"https:\/\/www.gaveanews.com\/#\/schema\/person\/2ec14f73fb96be2caf28f91afb14749d\"},\"headline\":\"Informa\u00e7\u00f5es sobre a les\u00e3o de Raphael Veiga, do Palmeiras\",\"datePublished\":\"2025-04-10T03:07:34+00:00\",\"dateModified\":\"2025-04-10T03:07:37+00:00\",\"mainEntityOfPage\":{\"@id\":\"https:\/\/www.gaveanews.com\/index.php\/2025\/04\/10\/informacoes-sobre-a-lesao-de-raphael-veiga-do-palmeiras\/\"},\"wordCount\":376,\"commentCount\":0,\"image\":{\"@id\":\"https:\/\/www.gaveanews.com\/index.php\/2025\/04\/10\/informacoes-sobre-a-lesao-de-raphael-veiga-do-palmeiras\/#primaryimage\"},\"thumbnailUrl\":\"https:\/\/www.gaveanews.com\/wp-content\/uploads\/Raphael-Veiga-apos-sofrer-lesao-no-jogo-do-Palmeiras-na-Libertadores.webp\",\"articleSection\":[\"Palmeiras\"],\"inLanguage\":\"pt-BR\",\"potentialAction\":[{\"@type\":\"CommentAction\",\"name\":\"Comment\",\"target\":[\"https:\/\/www.gaveanews.com\/index.php\/2025\/04\/10\/informacoes-sobre-a-lesao-de-raphael-veiga-do-palmeiras\/#respond\"]}],\"copyrightYear\":\"2025\",\"copyrightHolder\":{\"@id\":\"https:\/\/www.gaveanews.com\/#organization\"}},{\"@type\":\"WebPage\",\"@id\":\"https:\/\/www.gaveanews.com\/index.php\/2025\/04\/10\/informacoes-sobre-a-lesao-de-raphael-veiga-do-palmeiras\/\",\"url\":\"https:\/\/www.gaveanews.com\/index.php\/2025\/04\/10\/informacoes-sobre-a-lesao-de-raphael-veiga-do-palmeiras\/\",\"name\":\"Informa\u00e7\u00f5es sobre a les\u00e3o de Raphael Veiga, do Palmeiras\",\"isPartOf\":{\"@id\":\"https:\/\/www.gaveanews.com\/#website\"},\"primaryImageOfPage\":{\"@id\":\"https:\/\/www.gaveanews.com\/index.php\/2025\/04\/10\/informacoes-sobre-a-lesao-de-raphael-veiga-do-palmeiras\/#primaryimage\"},\"image\":{\"@id\":\"https:\/\/www.gaveanews.com\/index.php\/2025\/04\/10\/informacoes-sobre-a-lesao-de-raphael-veiga-do-palmeiras\/#primaryimage\"},\"thumbnailUrl\":\"https:\/\/www.gaveanews.com\/wp-content\/uploads\/Raphael-Veiga-apos-sofrer-lesao-no-jogo-do-Palmeiras-na-Libertadores.webp\",\"datePublished\":\"2025-04-10T03:07:34+00:00\",\"dateModified\":\"2025-04-10T03:07:37+00:00\",\"author\":{\"@id\":\"https:\/\/www.gaveanews.com\/#\/schema\/person\/2ec14f73fb96be2caf28f91afb14749d\"},\"breadcrumb\":{\"@id\":\"https:\/\/www.gaveanews.com\/index.php\/2025\/04\/10\/informacoes-sobre-a-lesao-de-raphael-veiga-do-palmeiras\/#breadcrumb\"},\"inLanguage\":\"pt-BR\",\"potentialAction\":[{\"@type\":\"ReadAction\",\"target\":[\"https:\/\/www.gaveanews.com\/index.php\/2025\/04\/10\/informacoes-sobre-a-lesao-de-raphael-veiga-do-palmeiras\/\"]}]},{\"@type\":\"ImageObject\",\"inLanguage\":\"pt-BR\",\"@id\":\"https:\/\/www.gaveanews.com\/index.php\/2025\/04\/10\/informacoes-sobre-a-lesao-de-raphael-veiga-do-palmeiras\/#primaryimage\",\"url\":\"https:\/\/www.gaveanews.com\/wp-content\/uploads\/Raphael-Veiga-apos-sofrer-lesao-no-jogo-do-Palmeiras-na-Libertadores.webp\",\"contentUrl\":\"https:\/\/www.gaveanews.com\/wp-content\/uploads\/Raphael-Veiga-apos-sofrer-lesao-no-jogo-do-Palmeiras-na-Libertadores.webp\",\"width\":900,\"height\":506,\"caption\":\"Raphael Veiga ap\u00f3s sofrer les\u00e3o no jogo do Palmeiras na Libertadores (Foto: Reprodu\u00e7\u00e3o)\"},{\"@type\":\"BreadcrumbList\",\"@id\":\"https:\/\/www.gaveanews.com\/index.php\/2025\/04\/10\/informacoes-sobre-a-lesao-de-raphael-veiga-do-palmeiras\/#breadcrumb\",\"itemListElement\":[{\"@type\":\"ListItem\",\"position\":1,\"name\":\"Home\",\"item\":\"https:\/\/www.gaveanews.com\/\"},{\"@type\":\"ListItem\",\"position\":2,\"name\":\"Informa\u00e7\u00f5es sobre a les\u00e3o de Raphael Veiga, do Palmeiras\"}]},{\"@type\":\"WebSite\",\"@id\":\"https:\/\/www.gaveanews.com\/#website\",\"url\":\"https:\/\/www.gaveanews.com\/\",\"name\":\"G\u00e1vea News\",\"description\":\"Veja todas as not\u00edcias sobre o Flamengo: Contrata\u00e7\u00f5es, categorias de base, resultados das partidas, tabela de classifica\u00e7\u00e3o, pr\u00f3ximos jogos!\",\"potentialAction\":[{\"@type\":\"SearchAction\",\"target\":{\"@type\":\"EntryPoint\",\"urlTemplate\":\"https:\/\/www.gaveanews.com\/?s={search_term_string}\"},\"query-input\":{\"@type\":\"PropertyValueSpecification\",\"valueRequired\":true,\"valueName\":\"search_term_string\"}}],\"inLanguage\":\"pt-BR\"},{\"@type\":\"Person\",\"@id\":\"https:\/\/www.gaveanews.com\/#\/schema\/person\/2ec14f73fb96be2caf28f91afb14749d\",\"name\":\"Equipe G\u00e1vea News\",\"image\":{\"@type\":\"ImageObject\",\"inLanguage\":\"pt-BR\",\"@id\":\"https:\/\/www.gaveanews.com\/#\/schema\/person\/image\/\",\"url\":\"https:\/\/secure.gravatar.com\/avatar\/1e1956f1facbffd3f8fa53a326721950116b3b9dc9bd44939c01180fd4a745a9?s=96&d=mm&r=g\",\"contentUrl\":\"https:\/\/secure.gravatar.com\/avatar\/1e1956f1facbffd3f8fa53a326721950116b3b9dc9bd44939c01180fd4a745a9?s=96&d=mm&r=g\",\"caption\":\"Equipe G\u00e1vea News\"}}]}<\/script>\n<!-- \/ Yoast SEO Premium plugin. -->","yoast_head_json":{"title":"Informa\u00e7\u00f5es sobre a les\u00e3o de Raphael Veiga, do Palmeiras","robots":{"index":"index","follow":"follow","max-snippet":"max-snippet:-1","max-image-preview":"max-image-preview:large","max-video-preview":"max-video-preview:-1"},"canonical":"https:\/\/www.gaveanews.com\/index.php\/2025\/04\/10\/informacoes-sobre-a-lesao-de-raphael-veiga-do-palmeiras\/","og_locale":"pt_BR","og_type":"article","og_title":"Informa\u00e7\u00f5es sobre a les\u00e3o de Raphael Veiga, do Palmeiras","og_description":"O meio-campista Raphael Veiga precisou deixar o gramado com apenas nove minutos de jogo na vit\u00f3ria do Palmeiras sobre o Cerro Porte\u00f1o, na noite de quarta-feira (9 de abril), no Allianz Parque, pela fase de grupos da Copa Libertadores. O camisa 23 caiu no campo com dores no ombro esquerdo ap\u00f3s disputa de bola e [&hellip;]","og_url":"https:\/\/www.gaveanews.com\/index.php\/2025\/04\/10\/informacoes-sobre-a-lesao-de-raphael-veiga-do-palmeiras\/","og_site_name":"G\u00e1vea News","article_publisher":"https:\/\/facebook.com\/gaveaNews\/","article_published_time":"2025-04-10T03:07:34+00:00","article_modified_time":"2025-04-10T03:07:37+00:00","og_image":[{"width":900,"height":506,"url":"http:\/\/www.gaveanews.com\/wp-content\/uploads\/Raphael-Veiga-apos-sofrer-lesao-no-jogo-do-Palmeiras-na-Libertadores.webp","type":"image\/jpeg"}],"author":"Equipe G\u00e1vea News","twitter_card":"summary_large_image","twitter_misc":{"Escrito por":"Equipe G\u00e1vea News","Est. tempo de leitura":"3 minutos"},"schema":{"@context":"https:\/\/schema.org","@graph":[{"@type":"NewsArticle","@id":"https:\/\/www.gaveanews.com\/index.php\/2025\/04\/10\/informacoes-sobre-a-lesao-de-raphael-veiga-do-palmeiras\/#article","isPartOf":{"@id":"https:\/\/www.gaveanews.com\/index.php\/2025\/04\/10\/informacoes-sobre-a-lesao-de-raphael-veiga-do-palmeiras\/"},"author":{"name":"Equipe G\u00e1vea News","@id":"https:\/\/www.gaveanews.com\/#\/schema\/person\/2ec14f73fb96be2caf28f91afb14749d"},"headline":"Informa\u00e7\u00f5es sobre a les\u00e3o de Raphael Veiga, do Palmeiras","datePublished":"2025-04-10T03:07:34+00:00","dateModified":"2025-04-10T03:07:37+00:00","mainEntityOfPage":{"@id":"https:\/\/www.gaveanews.com\/index.php\/2025\/04\/10\/informacoes-sobre-a-lesao-de-raphael-veiga-do-palmeiras\/"},"wordCount":376,"commentCount":0,"image":{"@id":"https:\/\/www.gaveanews.com\/index.php\/2025\/04\/10\/informacoes-sobre-a-lesao-de-raphael-veiga-do-palmeiras\/#primaryimage"},"thumbnailUrl":"https:\/\/www.gaveanews.com\/wp-content\/uploads\/Raphael-Veiga-apos-sofrer-lesao-no-jogo-do-Palmeiras-na-Libertadores.webp","articleSection":["Palmeiras"],"inLanguage":"pt-BR","potentialAction":[{"@type":"CommentAction","name":"Comment","target":["https:\/\/www.gaveanews.com\/index.php\/2025\/04\/10\/informacoes-sobre-a-lesao-de-raphael-veiga-do-palmeiras\/#respond"]}],"copyrightYear":"2025","copyrightHolder":{"@id":"https:\/\/www.gaveanews.com\/#organization"}},{"@type":"WebPage","@id":"https:\/\/www.gaveanews.com\/index.php\/2025\/04\/10\/informacoes-sobre-a-lesao-de-raphael-veiga-do-palmeiras\/","url":"https:\/\/www.gaveanews.com\/index.php\/2025\/04\/10\/informacoes-sobre-a-lesao-de-raphael-veiga-do-palmeiras\/","name":"Informa\u00e7\u00f5es sobre a les\u00e3o de Raphael Veiga, do Palmeiras","isPartOf":{"@id":"https:\/\/www.gaveanews.com\/#website"},"primaryImageOfPage":{"@id":"https:\/\/www.gaveanews.com\/index.php\/2025\/04\/10\/informacoes-sobre-a-lesao-de-raphael-veiga-do-palmeiras\/#primaryimage"},"image":{"@id":"https:\/\/www.gaveanews.com\/index.php\/2025\/04\/10\/informacoes-sobre-a-lesao-de-raphael-veiga-do-palmeiras\/#primaryimage"},"thumbnailUrl":"https:\/\/www.gaveanews.com\/wp-content\/uploads\/Raphael-Veiga-apos-sofrer-lesao-no-jogo-do-Palmeiras-na-Libertadores.webp","datePublished":"2025-04-10T03:07:34+00:00","dateModified":"2025-04-10T03:07:37+00:00","author":{"@id":"https:\/\/www.gaveanews.com\/#\/schema\/person\/2ec14f73fb96be2caf28f91afb14749d"},"breadcrumb":{"@id":"https:\/\/www.gaveanews.com\/index.php\/2025\/04\/10\/informacoes-sobre-a-lesao-de-raphael-veiga-do-palmeiras\/#breadcrumb"},"inLanguage":"pt-BR","potentialAction":[{"@type":"ReadAction","target":["https:\/\/www.gaveanews.com\/index.php\/2025\/04\/10\/informacoes-sobre-a-lesao-de-raphael-veiga-do-palmeiras\/"]}]},{"@type":"ImageObject","inLanguage":"pt-BR","@id":"https:\/\/www.gaveanews.com\/index.php\/2025\/04\/10\/informacoes-sobre-a-lesao-de-raphael-veiga-do-palmeiras\/#primaryimage","url":"https:\/\/www.gaveanews.com\/wp-content\/uploads\/Raphael-Veiga-apos-sofrer-lesao-no-jogo-do-Palmeiras-na-Libertadores.webp","contentUrl":"https:\/\/www.gaveanews.com\/wp-content\/uploads\/Raphael-Veiga-apos-sofrer-lesao-no-jogo-do-Palmeiras-na-Libertadores.webp","width":900,"height":506,"caption":"Raphael Veiga ap\u00f3s sofrer les\u00e3o no jogo do Palmeiras na Libertadores (Foto: Reprodu\u00e7\u00e3o)"},{"@type":"BreadcrumbList","@id":"https:\/\/www.gaveanews.com\/index.php\/2025\/04\/10\/informacoes-sobre-a-lesao-de-raphael-veiga-do-palmeiras\/#breadcrumb","itemListElement":[{"@type":"ListItem","position":1,"name":"Home","item":"https:\/\/www.gaveanews.com\/"},{"@type":"ListItem","position":2,"name":"Informa\u00e7\u00f5es sobre a les\u00e3o de Raphael Veiga, do Palmeiras"}]},{"@type":"WebSite","@id":"https:\/\/www.gaveanews.com\/#website","url":"https:\/\/www.gaveanews.com\/","name":"G\u00e1vea News","description":"Veja todas as not\u00edcias sobre o Flamengo: Contrata\u00e7\u00f5es, categorias de base, resultados das partidas, tabela de classifica\u00e7\u00e3o, pr\u00f3ximos jogos!","potentialAction":[{"@type":"SearchAction","target":{"@type":"EntryPoint","urlTemplate":"https:\/\/www.gaveanews.com\/?s={search_term_string}"},"query-input":{"@type":"PropertyValueSpecification","valueRequired":true,"valueName":"search_term_string"}}],"inLanguage":"pt-BR"},{"@type":"Person","@id":"https:\/\/www.gaveanews.com\/#\/schema\/person\/2ec14f73fb96be2caf28f91afb14749d","name":"Equipe G\u00e1vea News","image":{"@type":"ImageObject","inLanguage":"pt-BR","@id":"https:\/\/www.gaveanews.com\/#\/schema\/person\/image\/","url":"https:\/\/secure.gravatar.com\/avatar\/1e1956f1facbffd3f8fa53a326721950116b3b9dc9bd44939c01180fd4a745a9?s=96&d=mm&r=g","contentUrl":"https:\/\/secure.gravatar.com\/avatar\/1e1956f1facbffd3f8fa53a326721950116b3b9dc9bd44939c01180fd4a745a9?s=96&d=mm&r=g","caption":"Equipe G\u00e1vea News"}}]}},"_links":{"self":[{"href":"https:\/\/www.gaveanews.com\/index.php\/wp-json\/wp\/v2\/posts\/251443","targetHints":{"allow":["GET"]}}],"collection":[{"href":"https:\/\/www.gaveanews.com\/index.php\/wp-json\/wp\/v2\/posts"}],"about":[{"href":"https:\/\/www.gaveanews.com\/index.php\/wp-json\/wp\/v2\/types\/post"}],"author":[{"embeddable":true,"href":"https:\/\/www.gaveanews.com\/index.php\/wp-json\/wp\/v2\/users\/1"}],"replies":[{"embeddable":true,"href":"https:\/\/www.gaveanews.com\/index.php\/wp-json\/wp\/v2\/comments?post=251443"}],"version-history":[{"count":1,"href":"https:\/\/www.gaveanews.com\/index.php\/wp-json\/wp\/v2\/posts\/251443\/revisions"}],"predecessor-version":[{"id":251447,"href":"https:\/\/www.gaveanews.com\/index.php\/wp-json\/wp\/v2\/posts\/251443\/revisions\/251447"}],"wp:featuredmedia":[{"embeddable":true,"href":"https:\/\/www.gaveanews.com\/index.php\/wp-json\/wp\/v2\/media\/251445"}],"wp:attachment":[{"href":"https:\/\/www.gaveanews.com\/index.php\/wp-json\/wp\/v2\/media?parent=251443"}],"wp:term":[{"taxonomy":"category","embeddable":true,"href":"https:\/\/www.gaveanews.com\/index.php\/wp-json\/wp\/v2\/categories?post=251443"},{"taxonomy":"post_tag","embeddable":true,"href":"https:\/\/www.gaveanews.com\/index.php\/wp-json\/wp\/v2\/tags?post=251443"}],"curies":[{"name":"wp","href":"https:\/\/api.w.org\/{rel}","templated":true}]}}