{"id":251479,"date":"2025-04-10T14:40:32","date_gmt":"2025-04-10T17:40:32","guid":{"rendered":"https:\/\/www.gaveanews.com\/?p=251479"},"modified":"2025-04-10T12:24:31","modified_gmt":"2025-04-10T15:24:31","slug":"palmeiras-x-cerro-porteno-vitor-roque-discute-com-richard-rios-apos-atitude-polemica","status":"publish","type":"post","link":"https:\/\/www.gaveanews.com\/index.php\/2025\/04\/10\/palmeiras-x-cerro-porteno-vitor-roque-discute-com-richard-rios-apos-atitude-polemica\/","title":{"rendered":"Palmeiras x Cerro Porteno: Vitor Roque discute com Richard R\u00edos ap\u00f3s atitude pol\u00eamica"},"content":{"rendered":"\n<p>Com um desempenho intenso, o Palmeiras assegurou uma vit\u00f3ria de 1 a 0 sobre o Cerro Porte\u00f1o nesta \u00faltimaquarta-feira (9), avan\u00e7ando na segunda rodada do Grupo G da Copa Libertadores. Esse resultado coloca o time paulista na lideran\u00e7a isolada da chave, acumulando seis pontos. <\/p>\n\n\n\n<p>Em contrapartida, tanto os paraguaios quanto o Bol\u00edvar seguem com tr\u00eas pontos, ao passo que o Sporting Cristal permanece na \u00faltima posi\u00e7\u00e3o, sem pontuar at\u00e9 o momento.<\/p>\n\n\n\n<p>Richard R\u00edos foi o autor do gol que garantiu os tr\u00eas pontos para o Verd\u00e3o. A jogada decisiva originou-se com Murilo e, posteriormente, desenvolveu-se com passes de Facundo Torres e Felipe Anderson, culminando na finaliza\u00e7\u00e3o precisa do meio-campista colombiano.<\/p>\n\n\n\n<h2 class=\"wp-block-heading\" id=\"h-tensao-marca-vitoria-do-palmeiras\">Tens\u00e3o marca vit\u00f3ria do Palmeiras<\/h2>\n\n\n\n<p>Entretanto, a comemora\u00e7\u00e3o do gol trouxe o primeiro momento de tens\u00e3o da noite. O camisa 27 fez um gesto pedindo sil\u00eancio \u00e0 torcida presente no setor Gol Sul do est\u00e1dio. Naturalmente, essa atitude gerou descontentamento entre muitos torcedores que interpretaram o gesto como uma provoca\u00e7\u00e3o.<\/p>\n\n\n\n<p>Adicionalmente, R\u00edos protagonizou um desentendimento com o atacante Vitor Roque no final da primeira etapa da partida. A rep\u00f3rter de campo Gabriela Ribeiro, da TV Globo, transmitiu a informa\u00e7\u00e3o sobre a discuss\u00e3o acalorada entre os dois jogadores.<\/p>\n\n\n\n<p>O incidente ocorreu na sa\u00edda dos atletas para o intervalo, logo ap\u00f3s o camisa 9 perder o dom\u00ednio de bola em um lance de cruzamento. R\u00edos, que estava posicionado logo atr\u00e1s para uma poss\u00edvel finaliza\u00e7\u00e3o, demonstrou sua frustra\u00e7\u00e3o com o companheiro de equipe.<\/p>\n\n\n\n<p>Gabriela Ribeiro complementou a informa\u00e7\u00e3o minutos antes do rein\u00edcio da partida no Allianz Parque, detalhando a intera\u00e7\u00e3o: &#8220;(R\u00edos) Brigou com o Vitor Roque na sa\u00edda de campo. Murilo tentou apaziguar a situa\u00e7\u00e3o, mas R\u00edos n\u00e3o quis saber e deixou Murilo falando sozinho\u201d. Durante o intervalo, a Mancha Alviverde, principal torcida organizada do Palmeiras, respondeu cantando: \u201cOh Rios, presta aten\u00e7\u00e3o, muito respeito com a torcida do Verd\u00e3o!\u201d.<\/p>\n\n\n\n<p>Vitor Roque, por sua vez, quase marcou seu primeiro gol pelo clube no in\u00edcio do segundo tempo, depois de receber um passe de Felipe Anderson. Contudo, o \u00e1rbitro assistente assinalou impedimento, invalidando o lance porque o centroavante estava ligeiramente adiantado.<\/p>\n\n\n\n<blockquote class=\"twitter-tweet\" data-media-max-width=\"560\"><p lang=\"pt\" dir=\"ltr\">Al\u00e9m de mandar a torcida do Palmeiras ficar em sil\u00eancio, Richard R\u00edos discutiu em campo com Vitor Roque e precisou ser contido por Gustavo G\u00f3mez e Bruno Fuchs.<br><br>\ud83d\udcfd\ufe0f: Reprodu\u00e7\u00e3o <a href=\"https:\/\/t.co\/67HixpoqhJ\">pic.twitter.com\/67HixpoqhJ<\/a><\/p>&mdash; LIBERTA DEPRE (@liberta___depre) <a href=\"https:\/\/twitter.com\/liberta___depre\/status\/1910153080378654781?ref_src=twsrc%5Etfw\">April 10, 2025<\/a><\/blockquote> <script async src=\"https:\/\/platform.twitter.com\/widgets.js\" charset=\"utf-8\"><\/script>\n\n\n\n<h2 class=\"wp-block-heading\" id=\"h-proximos-jogos-do-palmeiras\">Pr\u00f3ximos jogos do Palmeiras<\/h2>\n\n\n\n<p>Essa vit\u00f3ria na competi\u00e7\u00e3o continental injeta \u00e2nimo na equipe para o pr\u00f3ximo desafio: o D\u00e9rbi contra o Corinthians. O cl\u00e1ssico acontece no s\u00e1bado (12), na Arena Barueri, como parte da terceira rodada do Campeonato Brasileiro. Vale notar que a partida n\u00e3o ocorrer\u00e1 no Allianz Parque, pois o est\u00e1dio receber\u00e1 um show de Gilberto Gil na mesma data.<\/p>\n\n\n\n<p>Pela Copa Libertadores, o Palmeiras s\u00f3 voltar\u00e1 a jogar no dia 24 de abril. O time enfrentar\u00e1 o Bol\u00edvar, em La Paz, \u00e0s 19h (hor\u00e1rio de Bras\u00edlia). O confronto ser\u00e1 realizado no Est\u00e1dio Hernando Siles, um local conhecido pela altitude de 3.600 metros acima do n\u00edvel do mar.<\/p>\n","protected":false},"excerpt":{"rendered":"<p>Com um desempenho intenso, o Palmeiras assegurou uma vit\u00f3ria de 1 a 0 sobre o Cerro Porte\u00f1o nesta \u00faltimaquarta-feira (9), avan\u00e7ando na segunda rodada do Grupo G da Copa Libertadores. Esse resultado coloca o time paulista na lideran\u00e7a isolada da chave, acumulando seis pontos. Em contrapartida, tanto os paraguaios quanto o Bol\u00edvar seguem com tr\u00eas [&hellip;]<\/p>\n","protected":false},"author":28,"featured_media":236329,"comment_status":"open","ping_status":"closed","sticky":false,"template":"","format":"standard","meta":{"footnotes":""},"categories":[150],"tags":[],"class_list":["post-251479","post","type-post","status-publish","format-standard","has-post-thumbnail","hentry","category-palmeiras"],"yoast_head":"<!-- This site is optimized with the Yoast SEO Premium plugin v24.2 (Yoast SEO v26.9) - https:\/\/yoast.com\/product\/yoast-seo-premium-wordpress\/ -->\n<title>Palmeiras x Cerro Porteno: Vitor Roque discute com Richard R\u00edos ap\u00f3s atitude pol\u00eamica<\/title>\n<meta name=\"robots\" content=\"index, follow, max-snippet:-1, max-image-preview:large, max-video-preview:-1\" \/>\n<link rel=\"canonical\" href=\"https:\/\/www.gaveanews.com\/index.php\/2025\/04\/10\/palmeiras-x-cerro-porteno-vitor-roque-discute-com-richard-rios-apos-atitude-polemica\/\" \/>\n<meta property=\"og:locale\" content=\"pt_BR\" \/>\n<meta property=\"og:type\" content=\"article\" \/>\n<meta property=\"og:title\" content=\"Palmeiras x Cerro Porteno: Vitor Roque discute com Richard R\u00edos ap\u00f3s atitude pol\u00eamica\" \/>\n<meta property=\"og:description\" content=\"Com um desempenho intenso, o Palmeiras assegurou uma vit\u00f3ria de 1 a 0 sobre o Cerro Porte\u00f1o nesta \u00faltimaquarta-feira (9), avan\u00e7ando na segunda rodada do Grupo G da Copa Libertadores. Esse resultado coloca o time paulista na lideran\u00e7a isolada da chave, acumulando seis pontos. Em contrapartida, tanto os paraguaios quanto o Bol\u00edvar seguem com tr\u00eas [&hellip;]\" \/>\n<meta property=\"og:url\" content=\"https:\/\/www.gaveanews.com\/index.php\/2025\/04\/10\/palmeiras-x-cerro-porteno-vitor-roque-discute-com-richard-rios-apos-atitude-polemica\/\" \/>\n<meta property=\"og:site_name\" content=\"G\u00e1vea News\" \/>\n<meta property=\"article:publisher\" content=\"https:\/\/facebook.com\/gaveaNews\/\" \/>\n<meta property=\"article:published_time\" content=\"2025-04-10T17:40:32+00:00\" \/>\n<meta property=\"og:image\" content=\"https:\/\/www.gaveanews.com\/wp-content\/uploads\/Vitor-Roque-pelo-Palmeiras.webp\" \/>\n\t<meta property=\"og:image:width\" content=\"850\" \/>\n\t<meta property=\"og:image:height\" content=\"585\" \/>\n\t<meta property=\"og:image:type\" content=\"image\/jpeg\" \/>\n<meta name=\"author\" content=\"Hudson Pereira\" \/>\n<meta name=\"twitter:card\" content=\"summary_large_image\" \/>\n<meta name=\"twitter:label1\" content=\"Escrito por\" \/>\n\t<meta name=\"twitter:data1\" content=\"Hudson Pereira\" \/>\n\t<meta name=\"twitter:label2\" content=\"Est. tempo de leitura\" \/>\n\t<meta name=\"twitter:data2\" content=\"3 minutos\" \/>\n<script type=\"application\/ld+json\" class=\"yoast-schema-graph\">{\"@context\":\"https:\/\/schema.org\",\"@graph\":[{\"@type\":\"NewsArticle\",\"@id\":\"https:\/\/www.gaveanews.com\/index.php\/2025\/04\/10\/palmeiras-x-cerro-porteno-vitor-roque-discute-com-richard-rios-apos-atitude-polemica\/#article\",\"isPartOf\":{\"@id\":\"https:\/\/www.gaveanews.com\/index.php\/2025\/04\/10\/palmeiras-x-cerro-porteno-vitor-roque-discute-com-richard-rios-apos-atitude-polemica\/\"},\"author\":{\"name\":\"Hudson Pereira\",\"@id\":\"https:\/\/www.gaveanews.com\/#\/schema\/person\/bd08f00534b403119b92741a6d469ef0\"},\"headline\":\"Palmeiras x Cerro Porteno: Vitor Roque discute com Richard R\u00edos ap\u00f3s atitude pol\u00eamica\",\"datePublished\":\"2025-04-10T17:40:32+00:00\",\"mainEntityOfPage\":{\"@id\":\"https:\/\/www.gaveanews.com\/index.php\/2025\/04\/10\/palmeiras-x-cerro-porteno-vitor-roque-discute-com-richard-rios-apos-atitude-polemica\/\"},\"wordCount\":561,\"commentCount\":0,\"image\":{\"@id\":\"https:\/\/www.gaveanews.com\/index.php\/2025\/04\/10\/palmeiras-x-cerro-porteno-vitor-roque-discute-com-richard-rios-apos-atitude-polemica\/#primaryimage\"},\"thumbnailUrl\":\"https:\/\/www.gaveanews.com\/wp-content\/uploads\/Vitor-Roque-pelo-Palmeiras.webp\",\"articleSection\":[\"Palmeiras\"],\"inLanguage\":\"pt-BR\",\"potentialAction\":[{\"@type\":\"CommentAction\",\"name\":\"Comment\",\"target\":[\"https:\/\/www.gaveanews.com\/index.php\/2025\/04\/10\/palmeiras-x-cerro-porteno-vitor-roque-discute-com-richard-rios-apos-atitude-polemica\/#respond\"]}],\"copyrightYear\":\"2025\",\"copyrightHolder\":{\"@id\":\"https:\/\/www.gaveanews.com\/#organization\"}},{\"@type\":\"WebPage\",\"@id\":\"https:\/\/www.gaveanews.com\/index.php\/2025\/04\/10\/palmeiras-x-cerro-porteno-vitor-roque-discute-com-richard-rios-apos-atitude-polemica\/\",\"url\":\"https:\/\/www.gaveanews.com\/index.php\/2025\/04\/10\/palmeiras-x-cerro-porteno-vitor-roque-discute-com-richard-rios-apos-atitude-polemica\/\",\"name\":\"Palmeiras x Cerro Porteno: Vitor Roque discute com Richard R\u00edos ap\u00f3s atitude pol\u00eamica\",\"isPartOf\":{\"@id\":\"https:\/\/www.gaveanews.com\/#website\"},\"primaryImageOfPage\":{\"@id\":\"https:\/\/www.gaveanews.com\/index.php\/2025\/04\/10\/palmeiras-x-cerro-porteno-vitor-roque-discute-com-richard-rios-apos-atitude-polemica\/#primaryimage\"},\"image\":{\"@id\":\"https:\/\/www.gaveanews.com\/index.php\/2025\/04\/10\/palmeiras-x-cerro-porteno-vitor-roque-discute-com-richard-rios-apos-atitude-polemica\/#primaryimage\"},\"thumbnailUrl\":\"https:\/\/www.gaveanews.com\/wp-content\/uploads\/Vitor-Roque-pelo-Palmeiras.webp\",\"datePublished\":\"2025-04-10T17:40:32+00:00\",\"author\":{\"@id\":\"https:\/\/www.gaveanews.com\/#\/schema\/person\/bd08f00534b403119b92741a6d469ef0\"},\"breadcrumb\":{\"@id\":\"https:\/\/www.gaveanews.com\/index.php\/2025\/04\/10\/palmeiras-x-cerro-porteno-vitor-roque-discute-com-richard-rios-apos-atitude-polemica\/#breadcrumb\"},\"inLanguage\":\"pt-BR\",\"potentialAction\":[{\"@type\":\"ReadAction\",\"target\":[\"https:\/\/www.gaveanews.com\/index.php\/2025\/04\/10\/palmeiras-x-cerro-porteno-vitor-roque-discute-com-richard-rios-apos-atitude-polemica\/\"]}]},{\"@type\":\"ImageObject\",\"inLanguage\":\"pt-BR\",\"@id\":\"https:\/\/www.gaveanews.com\/index.php\/2025\/04\/10\/palmeiras-x-cerro-porteno-vitor-roque-discute-com-richard-rios-apos-atitude-polemica\/#primaryimage\",\"url\":\"https:\/\/www.gaveanews.com\/wp-content\/uploads\/Vitor-Roque-pelo-Palmeiras.webp\",\"contentUrl\":\"https:\/\/www.gaveanews.com\/wp-content\/uploads\/Vitor-Roque-pelo-Palmeiras.webp\",\"width\":850,\"height\":585,\"caption\":\"Vitor Roque pelo Palmeiras (Foto: Cesar Greco\/Palmeiras)\"},{\"@type\":\"BreadcrumbList\",\"@id\":\"https:\/\/www.gaveanews.com\/index.php\/2025\/04\/10\/palmeiras-x-cerro-porteno-vitor-roque-discute-com-richard-rios-apos-atitude-polemica\/#breadcrumb\",\"itemListElement\":[{\"@type\":\"ListItem\",\"position\":1,\"name\":\"Home\",\"item\":\"https:\/\/www.gaveanews.com\/\"},{\"@type\":\"ListItem\",\"position\":2,\"name\":\"Palmeiras x Cerro Porteno: Vitor Roque discute com Richard R\u00edos ap\u00f3s atitude pol\u00eamica\"}]},{\"@type\":\"WebSite\",\"@id\":\"https:\/\/www.gaveanews.com\/#website\",\"url\":\"https:\/\/www.gaveanews.com\/\",\"name\":\"G\u00e1vea News\",\"description\":\"Veja todas as not\u00edcias sobre o Flamengo: Contrata\u00e7\u00f5es, categorias de base, resultados das partidas, tabela de classifica\u00e7\u00e3o, pr\u00f3ximos jogos!\",\"potentialAction\":[{\"@type\":\"SearchAction\",\"target\":{\"@type\":\"EntryPoint\",\"urlTemplate\":\"https:\/\/www.gaveanews.com\/?s={search_term_string}\"},\"query-input\":{\"@type\":\"PropertyValueSpecification\",\"valueRequired\":true,\"valueName\":\"search_term_string\"}}],\"inLanguage\":\"pt-BR\"},{\"@type\":\"Person\",\"@id\":\"https:\/\/www.gaveanews.com\/#\/schema\/person\/bd08f00534b403119b92741a6d469ef0\",\"name\":\"Hudson Pereira\",\"image\":{\"@type\":\"ImageObject\",\"inLanguage\":\"pt-BR\",\"@id\":\"https:\/\/www.gaveanews.com\/#\/schema\/person\/image\/\",\"url\":\"https:\/\/secure.gravatar.com\/avatar\/ecc491b489e454e510efffc9b23c1052ce5fb4f2e05555768ba65819cd55f03e?s=96&d=mm&r=g\",\"contentUrl\":\"https:\/\/secure.gravatar.com\/avatar\/ecc491b489e454e510efffc9b23c1052ce5fb4f2e05555768ba65819cd55f03e?s=96&d=mm&r=g\",\"caption\":\"Hudson Pereira\"}}]}<\/script>\n<!-- \/ Yoast SEO Premium plugin. -->","yoast_head_json":{"title":"Palmeiras x Cerro Porteno: Vitor Roque discute com Richard R\u00edos ap\u00f3s atitude pol\u00eamica","robots":{"index":"index","follow":"follow","max-snippet":"max-snippet:-1","max-image-preview":"max-image-preview:large","max-video-preview":"max-video-preview:-1"},"canonical":"https:\/\/www.gaveanews.com\/index.php\/2025\/04\/10\/palmeiras-x-cerro-porteno-vitor-roque-discute-com-richard-rios-apos-atitude-polemica\/","og_locale":"pt_BR","og_type":"article","og_title":"Palmeiras x Cerro Porteno: Vitor Roque discute com Richard R\u00edos ap\u00f3s atitude pol\u00eamica","og_description":"Com um desempenho intenso, o Palmeiras assegurou uma vit\u00f3ria de 1 a 0 sobre o Cerro Porte\u00f1o nesta \u00faltimaquarta-feira (9), avan\u00e7ando na segunda rodada do Grupo G da Copa Libertadores. Esse resultado coloca o time paulista na lideran\u00e7a isolada da chave, acumulando seis pontos. Em contrapartida, tanto os paraguaios quanto o Bol\u00edvar seguem com tr\u00eas [&hellip;]","og_url":"https:\/\/www.gaveanews.com\/index.php\/2025\/04\/10\/palmeiras-x-cerro-porteno-vitor-roque-discute-com-richard-rios-apos-atitude-polemica\/","og_site_name":"G\u00e1vea News","article_publisher":"https:\/\/facebook.com\/gaveaNews\/","article_published_time":"2025-04-10T17:40:32+00:00","og_image":[{"width":850,"height":585,"url":"https:\/\/www.gaveanews.com\/wp-content\/uploads\/Vitor-Roque-pelo-Palmeiras.webp","type":"image\/jpeg"}],"author":"Hudson Pereira","twitter_card":"summary_large_image","twitter_misc":{"Escrito por":"Hudson Pereira","Est. tempo de leitura":"3 minutos"},"schema":{"@context":"https:\/\/schema.org","@graph":[{"@type":"NewsArticle","@id":"https:\/\/www.gaveanews.com\/index.php\/2025\/04\/10\/palmeiras-x-cerro-porteno-vitor-roque-discute-com-richard-rios-apos-atitude-polemica\/#article","isPartOf":{"@id":"https:\/\/www.gaveanews.com\/index.php\/2025\/04\/10\/palmeiras-x-cerro-porteno-vitor-roque-discute-com-richard-rios-apos-atitude-polemica\/"},"author":{"name":"Hudson Pereira","@id":"https:\/\/www.gaveanews.com\/#\/schema\/person\/bd08f00534b403119b92741a6d469ef0"},"headline":"Palmeiras x Cerro Porteno: Vitor Roque discute com Richard R\u00edos ap\u00f3s atitude pol\u00eamica","datePublished":"2025-04-10T17:40:32+00:00","mainEntityOfPage":{"@id":"https:\/\/www.gaveanews.com\/index.php\/2025\/04\/10\/palmeiras-x-cerro-porteno-vitor-roque-discute-com-richard-rios-apos-atitude-polemica\/"},"wordCount":561,"commentCount":0,"image":{"@id":"https:\/\/www.gaveanews.com\/index.php\/2025\/04\/10\/palmeiras-x-cerro-porteno-vitor-roque-discute-com-richard-rios-apos-atitude-polemica\/#primaryimage"},"thumbnailUrl":"https:\/\/www.gaveanews.com\/wp-content\/uploads\/Vitor-Roque-pelo-Palmeiras.webp","articleSection":["Palmeiras"],"inLanguage":"pt-BR","potentialAction":[{"@type":"CommentAction","name":"Comment","target":["https:\/\/www.gaveanews.com\/index.php\/2025\/04\/10\/palmeiras-x-cerro-porteno-vitor-roque-discute-com-richard-rios-apos-atitude-polemica\/#respond"]}],"copyrightYear":"2025","copyrightHolder":{"@id":"https:\/\/www.gaveanews.com\/#organization"}},{"@type":"WebPage","@id":"https:\/\/www.gaveanews.com\/index.php\/2025\/04\/10\/palmeiras-x-cerro-porteno-vitor-roque-discute-com-richard-rios-apos-atitude-polemica\/","url":"https:\/\/www.gaveanews.com\/index.php\/2025\/04\/10\/palmeiras-x-cerro-porteno-vitor-roque-discute-com-richard-rios-apos-atitude-polemica\/","name":"Palmeiras x Cerro Porteno: Vitor Roque discute com Richard R\u00edos ap\u00f3s atitude pol\u00eamica","isPartOf":{"@id":"https:\/\/www.gaveanews.com\/#website"},"primaryImageOfPage":{"@id":"https:\/\/www.gaveanews.com\/index.php\/2025\/04\/10\/palmeiras-x-cerro-porteno-vitor-roque-discute-com-richard-rios-apos-atitude-polemica\/#primaryimage"},"image":{"@id":"https:\/\/www.gaveanews.com\/index.php\/2025\/04\/10\/palmeiras-x-cerro-porteno-vitor-roque-discute-com-richard-rios-apos-atitude-polemica\/#primaryimage"},"thumbnailUrl":"https:\/\/www.gaveanews.com\/wp-content\/uploads\/Vitor-Roque-pelo-Palmeiras.webp","datePublished":"2025-04-10T17:40:32+00:00","author":{"@id":"https:\/\/www.gaveanews.com\/#\/schema\/person\/bd08f00534b403119b92741a6d469ef0"},"breadcrumb":{"@id":"https:\/\/www.gaveanews.com\/index.php\/2025\/04\/10\/palmeiras-x-cerro-porteno-vitor-roque-discute-com-richard-rios-apos-atitude-polemica\/#breadcrumb"},"inLanguage":"pt-BR","potentialAction":[{"@type":"ReadAction","target":["https:\/\/www.gaveanews.com\/index.php\/2025\/04\/10\/palmeiras-x-cerro-porteno-vitor-roque-discute-com-richard-rios-apos-atitude-polemica\/"]}]},{"@type":"ImageObject","inLanguage":"pt-BR","@id":"https:\/\/www.gaveanews.com\/index.php\/2025\/04\/10\/palmeiras-x-cerro-porteno-vitor-roque-discute-com-richard-rios-apos-atitude-polemica\/#primaryimage","url":"https:\/\/www.gaveanews.com\/wp-content\/uploads\/Vitor-Roque-pelo-Palmeiras.webp","contentUrl":"https:\/\/www.gaveanews.com\/wp-content\/uploads\/Vitor-Roque-pelo-Palmeiras.webp","width":850,"height":585,"caption":"Vitor Roque pelo Palmeiras (Foto: Cesar Greco\/Palmeiras)"},{"@type":"BreadcrumbList","@id":"https:\/\/www.gaveanews.com\/index.php\/2025\/04\/10\/palmeiras-x-cerro-porteno-vitor-roque-discute-com-richard-rios-apos-atitude-polemica\/#breadcrumb","itemListElement":[{"@type":"ListItem","position":1,"name":"Home","item":"https:\/\/www.gaveanews.com\/"},{"@type":"ListItem","position":2,"name":"Palmeiras x Cerro Porteno: Vitor Roque discute com Richard R\u00edos ap\u00f3s atitude pol\u00eamica"}]},{"@type":"WebSite","@id":"https:\/\/www.gaveanews.com\/#website","url":"https:\/\/www.gaveanews.com\/","name":"G\u00e1vea News","description":"Veja todas as not\u00edcias sobre o Flamengo: Contrata\u00e7\u00f5es, categorias de base, resultados das partidas, tabela de classifica\u00e7\u00e3o, pr\u00f3ximos jogos!","potentialAction":[{"@type":"SearchAction","target":{"@type":"EntryPoint","urlTemplate":"https:\/\/www.gaveanews.com\/?s={search_term_string}"},"query-input":{"@type":"PropertyValueSpecification","valueRequired":true,"valueName":"search_term_string"}}],"inLanguage":"pt-BR"},{"@type":"Person","@id":"https:\/\/www.gaveanews.com\/#\/schema\/person\/bd08f00534b403119b92741a6d469ef0","name":"Hudson Pereira","image":{"@type":"ImageObject","inLanguage":"pt-BR","@id":"https:\/\/www.gaveanews.com\/#\/schema\/person\/image\/","url":"https:\/\/secure.gravatar.com\/avatar\/ecc491b489e454e510efffc9b23c1052ce5fb4f2e05555768ba65819cd55f03e?s=96&d=mm&r=g","contentUrl":"https:\/\/secure.gravatar.com\/avatar\/ecc491b489e454e510efffc9b23c1052ce5fb4f2e05555768ba65819cd55f03e?s=96&d=mm&r=g","caption":"Hudson Pereira"}}]}},"_links":{"self":[{"href":"https:\/\/www.gaveanews.com\/index.php\/wp-json\/wp\/v2\/posts\/251479","targetHints":{"allow":["GET"]}}],"collection":[{"href":"https:\/\/www.gaveanews.com\/index.php\/wp-json\/wp\/v2\/posts"}],"about":[{"href":"https:\/\/www.gaveanews.com\/index.php\/wp-json\/wp\/v2\/types\/post"}],"author":[{"embeddable":true,"href":"https:\/\/www.gaveanews.com\/index.php\/wp-json\/wp\/v2\/users\/28"}],"replies":[{"embeddable":true,"href":"https:\/\/www.gaveanews.com\/index.php\/wp-json\/wp\/v2\/comments?post=251479"}],"version-history":[{"count":1,"href":"https:\/\/www.gaveanews.com\/index.php\/wp-json\/wp\/v2\/posts\/251479\/revisions"}],"predecessor-version":[{"id":251481,"href":"https:\/\/www.gaveanews.com\/index.php\/wp-json\/wp\/v2\/posts\/251479\/revisions\/251481"}],"wp:featuredmedia":[{"embeddable":true,"href":"https:\/\/www.gaveanews.com\/index.php\/wp-json\/wp\/v2\/media\/236329"}],"wp:attachment":[{"href":"https:\/\/www.gaveanews.com\/index.php\/wp-json\/wp\/v2\/media?parent=251479"}],"wp:term":[{"taxonomy":"category","embeddable":true,"href":"https:\/\/www.gaveanews.com\/index.php\/wp-json\/wp\/v2\/categories?post=251479"},{"taxonomy":"post_tag","embeddable":true,"href":"https:\/\/www.gaveanews.com\/index.php\/wp-json\/wp\/v2\/tags?post=251479"}],"curies":[{"name":"wp","href":"https:\/\/api.w.org\/{rel}","templated":true}]}}