{"id":251547,"date":"2025-04-10T12:45:00","date_gmt":"2025-04-10T15:45:00","guid":{"rendered":"https:\/\/www.gaveanews.com\/?p=251547"},"modified":"2025-04-10T10:25:14","modified_gmt":"2025-04-10T13:25:14","slug":"volta-de-neymar-para-europa-decisao-do-conselho-e-declaracao-de-caixinha-as-ultimas-noticias-do-santos","status":"publish","type":"post","link":"https:\/\/www.gaveanews.com\/index.php\/2025\/04\/10\/volta-de-neymar-para-europa-decisao-do-conselho-e-declaracao-de-caixinha-as-ultimas-noticias-do-santos\/","title":{"rendered":"Volta de Neymar para Europa, decis\u00e3o do conselho e declara\u00e7\u00e3o de Caixinha: as \u00faltimas not\u00edcias do Santos"},"content":{"rendered":"\n<p>Nas \u00faltimas horas, o foco das not\u00edcias sobre o Santos se concentram nos bastidores do clube, com destaques do dia a dia do time.<\/p>\n\n\n\n<p>Por conta deste contexto, leia abaixo um resumo preparado pela equipe do portal G\u00e1vea News para lhe manter muito bem informado!<\/p>\n\n\n\n<div class=\"wp-block-group\"><div class=\"wp-block-group__inner-container is-layout-constrained wp-block-group-is-layout-constrained\">\n<h2 class=\"wp-block-heading\" id=\"h-declaracao-de-caixinha\">Declara\u00e7\u00e3o de Caixinha<\/h2>\n\n\n\n<p>O t\u00e9cnico Pedro Caixinha surpreendeu os torcedores do Santos ao deixar Yeferson Soteldo no banco no empate por 2 a 2 com o Bahia, pela segunda rodada do Brasileir\u00e3o. A decis\u00e3o gerou questionamentos imediatos, mas o treinador explicou que sua escolha foi estrat\u00e9gica. Segundo ele, Soteldo \u00e9 pe\u00e7a fundamental no elenco, mas precisava estar dispon\u00edvel para alterar o panorama do jogo na segunda etapa. Caixinha tamb\u00e9m refor\u00e7ou a import\u00e2ncia de valorizar a rota\u00e7\u00e3o do grupo, evitando a sensa\u00e7\u00e3o de que certos jogadores s\u00e3o intoc\u00e1veis<strong><a href=\"https:\/\/www.gaveanews.com\/index.php\/2025\/04\/08\/a-declaracao-de-pedro-caixinha-direcionada-a-soteldo\/\"> (leia a mat\u00e9ria completa).<\/a><\/strong><\/p>\n\n\n\n<figure class=\"wp-block-image size-full\"><img loading=\"lazy\" decoding=\"async\" width=\"725\" height=\"526\" src=\"http:\/\/www.gaveanews.com\/wp-content\/uploads\/Pedro-Caixinha-tecnico-do-Santos.webp\" alt=\"\" class=\"wp-image-227144\"\/><figcaption class=\"wp-element-caption\">Pedro Caixinha, t\u00e9cnico do Santos (Foto: Divulga\u00e7\u00e3o\/Santos)<\/figcaption><\/figure>\n\n\n\n<p>O comandante do Peixe destacou que sua inten\u00e7\u00e3o era observar uma rea\u00e7\u00e3o dos atletas que atuaram contra o Vasco na rodada anterior. <\/p>\n\n\n\n<p>As substitui\u00e7\u00f5es, de fato, surtiram efeito: Soteldo, Thaciano, Pituca, Ver\u00f3n e Deivid entraram bem, tornando o time mais agressivo. Caixinha ressaltou que as mudan\u00e7as foram decisivas para o equil\u00edbrio da partida e afirmou que ter pe\u00e7as com capacidade de mudar o jogo vindo do banco \u00e9 um trunfo t\u00e1tico indispens\u00e1vel.<\/p>\n\n\n\n<p>Apesar das justificativas, a torcida demonstrou insatisfa\u00e7\u00e3o durante o jogo, com cr\u00edticas direcionadas ao t\u00e9cnico e ao atacante Guilherme, substitu\u00eddo sob vaias mesmo sendo artilheiro da temporada. Agora, o Santos se prepara para enfrentar o Fluminense no Maracan\u00e3, em um jogo que pode marcar o retorno de Neymar. A expectativa \u00e9 de que Soteldo possa iniciar entre os titulares, enquanto Caixinha lida com a crescente press\u00e3o por resultados consistentes e decis\u00f5es t\u00e9cnicas mais assertivas.<\/p>\n\n\n\n<h2 class=\"wp-block-heading\" id=\"h-decisao-do-conselho\">Decis\u00e3o do conselho<\/h2>\n\n\n\n<p>O Conselho Deliberativo do Santos aprovou por unanimidade as contas de 2024, referentes ao primeiro ano de gest\u00e3o de Marcelo Teixeira como presidente do clube. A decis\u00e3o, alinhada \u00e0 recomenda\u00e7\u00e3o do Conselho Fiscal, refor\u00e7a a legitimidade da administra\u00e7\u00e3o, mesmo diante de um cen\u00e1rio financeiro delicado. A an\u00e1lise identificou que o endividamento do clube chegou a 30,9% da receita, \u00edndice tr\u00eas vezes acima do permitido pelo estatuto, reflexo, em parte, de valores antecipados pela gest\u00e3o anterior e das dificuldades financeiras enfrentadas na S\u00e9rie B do Brasileir\u00e3o <strong><a href=\"https:\/\/www.gaveanews.com\/index.php\/2025\/04\/08\/conselho-do-santos-toma-decisao-envolvendo-marcelo-teixeira\/\">(leia a mat\u00e9ria completa).<\/a><\/strong><\/p>\n\n\n\n<figure class=\"wp-block-image size-full\"><img loading=\"lazy\" decoding=\"async\" width=\"740\" height=\"416\" src=\"http:\/\/www.gaveanews.com\/wp-content\/uploads\/image-2024-06-22T183004.202.webp\" alt=\"\" class=\"wp-image-148899\" srcset=\"https:\/\/www.gaveanews.com\/wp-content\/uploads\/image-2024-06-22T183004.202.webp 740w, https:\/\/www.gaveanews.com\/wp-content\/uploads\/image-2024-06-22T183004.202-300x169.webp 300w, https:\/\/www.gaveanews.com\/wp-content\/uploads\/image-2024-06-22T183004.202-640x360.webp 640w, https:\/\/www.gaveanews.com\/wp-content\/uploads\/image-2024-06-22T183004.202-681x383.webp 681w, https:\/\/www.gaveanews.com\/wp-content\/uploads\/image-2024-06-22T183004.202-100x56.webp 100w\" sizes=\"auto, (max-width: 740px) 100vw, 740px\" \/><figcaption class=\"wp-element-caption\">Marcelo Teixeira, presidente do Santos &#8211;  Foto: Raul Baretta\/ Santos FC<\/figcaption><\/figure>\n\n\n\n<p>Apesar do d\u00e9ficit cont\u00e1bil de R$ 105 milh\u00f5es no balan\u00e7o final, o clube apresentou um super\u00e1vit operacional de R$ 58 milh\u00f5es, com receitas de R$ 459 milh\u00f5es e despesas operacionais de R$ 401 milh\u00f5es. O rombo final foi influenciado por despesas judiciais, encargos financeiros, deprecia\u00e7\u00f5es e amortiza\u00e7\u00f5es. A gest\u00e3o Teixeira tamb\u00e9m destacou o pagamento de R$ 126 milh\u00f5es em d\u00edvidas herdadas, incluindo puni\u00e7\u00f5es impostas pela FIFA e d\u00e9bitos com ex-funcion\u00e1rios.<\/p>\n\n\n\n<p>Mesmo com a aprova\u00e7\u00e3o das contas, o clube continua enfrentando desafios significativos. O passivo circulante do Santos alcan\u00e7ou R$ 437 milh\u00f5es, enquanto as d\u00edvidas de longo prazo somam R$ 539 milh\u00f5es. O aval do Conselho d\u00e1 \u00e0 gest\u00e3o Teixeira um respaldo pol\u00edtico importante, mas ser\u00e1 fundamental manter o controle rigoroso das finan\u00e7as e avan\u00e7ar em estrat\u00e9gias de recupera\u00e7\u00e3o econ\u00f4mica para garantir a sustentabilidade do clube nos pr\u00f3ximos anos.<\/p>\n\n\n\n<h2 class=\"wp-block-heading\" id=\"h-volta-de-neymar-para-europa\">Volta de Neymar para Europa<\/h2>\n\n\n\n<p>O futuro de Neymar no Santos permanece envolto em incertezas. Apesar de inicialmente demonstrar grande interesse em renovar com o clube, o atacante pode estar prestes a retornar ao futebol europeu. O empres\u00e1rio Andr\u00e9 Cury est\u00e1 conduzindo negocia\u00e7\u00f5es que reacendem essa possibilidade, fazendo com que a perman\u00eancia do camisa 10 no Peixe seja colocada em d\u00favida. A renova\u00e7\u00e3o contratual, que parecia encaminhada, ainda n\u00e3o foi oficializada, e isso contribui para o clima de instabilidade em torno do jogador <strong><a href=\"https:\/\/www.gaveanews.com\/index.php\/2025\/04\/08\/atualizacao-sobre-a-volta-de-neymar-para-a-europa\/\">(leia a mat\u00e9ria completa).<\/a><\/strong><\/p>\n\n\n\n<figure class=\"wp-block-image size-full\"><img loading=\"lazy\" decoding=\"async\" width=\"900\" height=\"600\" src=\"http:\/\/www.gaveanews.com\/wp-content\/uploads\/Neymar-em-acao-com-a-camisa-do-Santos-em-2025.webp\" alt=\"\" class=\"wp-image-244445\"\/><figcaption class=\"wp-element-caption\">Neymar em a\u00e7\u00e3o com a camisa do Santos em 2025 (Foto: Raul Baretta\/ Santos FC)<\/figcaption><\/figure>\n\n\n\n<p>Nos bastidores, comenta-se que Neymar teria curiosidade em trabalhar com Jorge Sampaoli, cen\u00e1rio que se tornaria vi\u00e1vel caso Pedro Caixinha seja demitido. Essa vari\u00e1vel adiciona mais um elemento \u00e0 equa\u00e7\u00e3o, em um momento em que o craque se recupera de les\u00e3o. Al\u00e9m do interesse europeu, a Major League Soccer (MLS) tamb\u00e9m figura como poss\u00edvel destino, conforme revelou o comentarista Craque Neto. Ou seja, o futuro do atleta ainda depender\u00e1 de muitas conversas e movimenta\u00e7\u00f5es nos pr\u00f3ximos meses.<\/p>\n\n\n\n<p>Enquanto seu destino permanece indefinido, Neymar pode retornar aos gramados no domingo (13), contra o Fluminense, pela terceira rodada do Brasileir\u00e3o. O confronto tem peso simb\u00f3lico, pois pode representar o in\u00edcio de uma nova fase no clube ou o come\u00e7o da despedida do astro. O desempenho no jogo poder\u00e1 influenciar diretamente nas decis\u00f5es sobre sua carreira, tornando o embate ainda mais aguardado pelos torcedores e pela diretoria santista.<\/p>\n<\/div><\/div>\n","protected":false},"excerpt":{"rendered":"<p>Nas \u00faltimas horas, o foco das not\u00edcias sobre o Santos se concentram nos bastidores do clube, com destaques do dia a dia do time. Por conta deste contexto, leia abaixo um resumo preparado pela equipe do portal G\u00e1vea News para lhe manter muito bem informado! Declara\u00e7\u00e3o de Caixinha O t\u00e9cnico Pedro Caixinha surpreendeu os torcedores [&hellip;]<\/p>\n","protected":false},"author":33,"featured_media":147446,"comment_status":"open","ping_status":"closed","sticky":false,"template":"","format":"standard","meta":{"footnotes":""},"categories":[139],"tags":[],"class_list":["post-251547","post","type-post","status-publish","format-standard","has-post-thumbnail","hentry","category-santos"],"yoast_head":"<!-- This site is optimized with the Yoast SEO Premium plugin v24.2 (Yoast SEO v26.9) - https:\/\/yoast.com\/product\/yoast-seo-premium-wordpress\/ -->\n<title>Volta de Neymar para Europa, decis\u00e3o do conselho e declara\u00e7\u00e3o de Caixinha: as \u00faltimas not\u00edcias do Santos<\/title>\n<meta name=\"robots\" content=\"index, follow, max-snippet:-1, max-image-preview:large, max-video-preview:-1\" \/>\n<link rel=\"canonical\" href=\"https:\/\/www.gaveanews.com\/index.php\/2025\/04\/10\/volta-de-neymar-para-europa-decisao-do-conselho-e-declaracao-de-caixinha-as-ultimas-noticias-do-santos\/\" \/>\n<meta property=\"og:locale\" content=\"pt_BR\" \/>\n<meta property=\"og:type\" content=\"article\" \/>\n<meta property=\"og:title\" content=\"Volta de Neymar para Europa, decis\u00e3o do conselho e declara\u00e7\u00e3o de Caixinha: as \u00faltimas not\u00edcias do Santos\" \/>\n<meta property=\"og:description\" content=\"Nas \u00faltimas horas, o foco das not\u00edcias sobre o Santos se concentram nos bastidores do clube, com destaques do dia a dia do time. Por conta deste contexto, leia abaixo um resumo preparado pela equipe do portal G\u00e1vea News para lhe manter muito bem informado! Declara\u00e7\u00e3o de Caixinha O t\u00e9cnico Pedro Caixinha surpreendeu os torcedores [&hellip;]\" \/>\n<meta property=\"og:url\" content=\"https:\/\/www.gaveanews.com\/index.php\/2025\/04\/10\/volta-de-neymar-para-europa-decisao-do-conselho-e-declaracao-de-caixinha-as-ultimas-noticias-do-santos\/\" \/>\n<meta property=\"og:site_name\" content=\"G\u00e1vea News\" \/>\n<meta property=\"article:publisher\" content=\"https:\/\/facebook.com\/gaveaNews\/\" \/>\n<meta property=\"article:published_time\" content=\"2025-04-10T15:45:00+00:00\" \/>\n<meta property=\"og:image\" content=\"https:\/\/www.gaveanews.com\/wp-content\/uploads\/Escudo-do-Santos.webp\" \/>\n\t<meta property=\"og:image:width\" content=\"1621\" \/>\n\t<meta property=\"og:image:height\" content=\"1081\" \/>\n\t<meta property=\"og:image:type\" content=\"image\/webp\" \/>\n<meta name=\"author\" content=\"Brenda Cezillo\" \/>\n<meta name=\"twitter:card\" content=\"summary_large_image\" \/>\n<meta name=\"twitter:label1\" content=\"Escrito por\" \/>\n\t<meta name=\"twitter:data1\" content=\"Brenda Cezillo\" \/>\n\t<meta name=\"twitter:label2\" content=\"Est. tempo de leitura\" \/>\n\t<meta name=\"twitter:data2\" content=\"6 minutos\" \/>\n<script type=\"application\/ld+json\" class=\"yoast-schema-graph\">{\"@context\":\"https:\/\/schema.org\",\"@graph\":[{\"@type\":\"NewsArticle\",\"@id\":\"https:\/\/www.gaveanews.com\/index.php\/2025\/04\/10\/volta-de-neymar-para-europa-decisao-do-conselho-e-declaracao-de-caixinha-as-ultimas-noticias-do-santos\/#article\",\"isPartOf\":{\"@id\":\"https:\/\/www.gaveanews.com\/index.php\/2025\/04\/10\/volta-de-neymar-para-europa-decisao-do-conselho-e-declaracao-de-caixinha-as-ultimas-noticias-do-santos\/\"},\"author\":{\"name\":\"Brenda Cezillo\",\"@id\":\"https:\/\/www.gaveanews.com\/#\/schema\/person\/c79759ca337c40791ae8d08e2923d403\"},\"headline\":\"Volta de Neymar para Europa, decis\u00e3o do conselho e declara\u00e7\u00e3o de Caixinha: as \u00faltimas not\u00edcias do Santos\",\"datePublished\":\"2025-04-10T15:45:00+00:00\",\"mainEntityOfPage\":{\"@id\":\"https:\/\/www.gaveanews.com\/index.php\/2025\/04\/10\/volta-de-neymar-para-europa-decisao-do-conselho-e-declaracao-de-caixinha-as-ultimas-noticias-do-santos\/\"},\"wordCount\":879,\"commentCount\":0,\"image\":{\"@id\":\"https:\/\/www.gaveanews.com\/index.php\/2025\/04\/10\/volta-de-neymar-para-europa-decisao-do-conselho-e-declaracao-de-caixinha-as-ultimas-noticias-do-santos\/#primaryimage\"},\"thumbnailUrl\":\"https:\/\/www.gaveanews.com\/wp-content\/uploads\/Escudo-do-Santos.webp\",\"articleSection\":[\"Santos\"],\"inLanguage\":\"pt-BR\",\"potentialAction\":[{\"@type\":\"CommentAction\",\"name\":\"Comment\",\"target\":[\"https:\/\/www.gaveanews.com\/index.php\/2025\/04\/10\/volta-de-neymar-para-europa-decisao-do-conselho-e-declaracao-de-caixinha-as-ultimas-noticias-do-santos\/#respond\"]}],\"copyrightYear\":\"2025\",\"copyrightHolder\":{\"@id\":\"https:\/\/www.gaveanews.com\/#organization\"}},{\"@type\":\"WebPage\",\"@id\":\"https:\/\/www.gaveanews.com\/index.php\/2025\/04\/10\/volta-de-neymar-para-europa-decisao-do-conselho-e-declaracao-de-caixinha-as-ultimas-noticias-do-santos\/\",\"url\":\"https:\/\/www.gaveanews.com\/index.php\/2025\/04\/10\/volta-de-neymar-para-europa-decisao-do-conselho-e-declaracao-de-caixinha-as-ultimas-noticias-do-santos\/\",\"name\":\"Volta de Neymar para Europa, decis\u00e3o do conselho e declara\u00e7\u00e3o de Caixinha: as \u00faltimas not\u00edcias do Santos\",\"isPartOf\":{\"@id\":\"https:\/\/www.gaveanews.com\/#website\"},\"primaryImageOfPage\":{\"@id\":\"https:\/\/www.gaveanews.com\/index.php\/2025\/04\/10\/volta-de-neymar-para-europa-decisao-do-conselho-e-declaracao-de-caixinha-as-ultimas-noticias-do-santos\/#primaryimage\"},\"image\":{\"@id\":\"https:\/\/www.gaveanews.com\/index.php\/2025\/04\/10\/volta-de-neymar-para-europa-decisao-do-conselho-e-declaracao-de-caixinha-as-ultimas-noticias-do-santos\/#primaryimage\"},\"thumbnailUrl\":\"https:\/\/www.gaveanews.com\/wp-content\/uploads\/Escudo-do-Santos.webp\",\"datePublished\":\"2025-04-10T15:45:00+00:00\",\"author\":{\"@id\":\"https:\/\/www.gaveanews.com\/#\/schema\/person\/c79759ca337c40791ae8d08e2923d403\"},\"breadcrumb\":{\"@id\":\"https:\/\/www.gaveanews.com\/index.php\/2025\/04\/10\/volta-de-neymar-para-europa-decisao-do-conselho-e-declaracao-de-caixinha-as-ultimas-noticias-do-santos\/#breadcrumb\"},\"inLanguage\":\"pt-BR\",\"potentialAction\":[{\"@type\":\"ReadAction\",\"target\":[\"https:\/\/www.gaveanews.com\/index.php\/2025\/04\/10\/volta-de-neymar-para-europa-decisao-do-conselho-e-declaracao-de-caixinha-as-ultimas-noticias-do-santos\/\"]}]},{\"@type\":\"ImageObject\",\"inLanguage\":\"pt-BR\",\"@id\":\"https:\/\/www.gaveanews.com\/index.php\/2025\/04\/10\/volta-de-neymar-para-europa-decisao-do-conselho-e-declaracao-de-caixinha-as-ultimas-noticias-do-santos\/#primaryimage\",\"url\":\"https:\/\/www.gaveanews.com\/wp-content\/uploads\/Escudo-do-Santos.webp\",\"contentUrl\":\"https:\/\/www.gaveanews.com\/wp-content\/uploads\/Escudo-do-Santos.webp\",\"width\":1621,\"height\":1081,\"caption\":\"Escudo do Santos (Foto: Reprodu\u00e7\u00e3o\/Instagram)\"},{\"@type\":\"BreadcrumbList\",\"@id\":\"https:\/\/www.gaveanews.com\/index.php\/2025\/04\/10\/volta-de-neymar-para-europa-decisao-do-conselho-e-declaracao-de-caixinha-as-ultimas-noticias-do-santos\/#breadcrumb\",\"itemListElement\":[{\"@type\":\"ListItem\",\"position\":1,\"name\":\"Home\",\"item\":\"https:\/\/www.gaveanews.com\/\"},{\"@type\":\"ListItem\",\"position\":2,\"name\":\"Volta de Neymar para Europa, decis\u00e3o do conselho e declara\u00e7\u00e3o de Caixinha: as \u00faltimas not\u00edcias do Santos\"}]},{\"@type\":\"WebSite\",\"@id\":\"https:\/\/www.gaveanews.com\/#website\",\"url\":\"https:\/\/www.gaveanews.com\/\",\"name\":\"G\u00e1vea News\",\"description\":\"Veja todas as not\u00edcias sobre o Flamengo: Contrata\u00e7\u00f5es, categorias de base, resultados das partidas, tabela de classifica\u00e7\u00e3o, pr\u00f3ximos jogos!\",\"potentialAction\":[{\"@type\":\"SearchAction\",\"target\":{\"@type\":\"EntryPoint\",\"urlTemplate\":\"https:\/\/www.gaveanews.com\/?s={search_term_string}\"},\"query-input\":{\"@type\":\"PropertyValueSpecification\",\"valueRequired\":true,\"valueName\":\"search_term_string\"}}],\"inLanguage\":\"pt-BR\"},{\"@type\":\"Person\",\"@id\":\"https:\/\/www.gaveanews.com\/#\/schema\/person\/c79759ca337c40791ae8d08e2923d403\",\"name\":\"Brenda Cezillo\",\"image\":{\"@type\":\"ImageObject\",\"inLanguage\":\"pt-BR\",\"@id\":\"https:\/\/www.gaveanews.com\/#\/schema\/person\/image\/\",\"url\":\"https:\/\/secure.gravatar.com\/avatar\/1738d75cee7317f9c29ae61dd67620c5883d80a92e42a6fff88ae5d527af217a?s=96&d=mm&r=g\",\"contentUrl\":\"https:\/\/secure.gravatar.com\/avatar\/1738d75cee7317f9c29ae61dd67620c5883d80a92e42a6fff88ae5d527af217a?s=96&d=mm&r=g\",\"caption\":\"Brenda Cezillo\"}}]}<\/script>\n<!-- \/ Yoast SEO Premium plugin. -->","yoast_head_json":{"title":"Volta de Neymar para Europa, decis\u00e3o do conselho e declara\u00e7\u00e3o de Caixinha: as \u00faltimas not\u00edcias do Santos","robots":{"index":"index","follow":"follow","max-snippet":"max-snippet:-1","max-image-preview":"max-image-preview:large","max-video-preview":"max-video-preview:-1"},"canonical":"https:\/\/www.gaveanews.com\/index.php\/2025\/04\/10\/volta-de-neymar-para-europa-decisao-do-conselho-e-declaracao-de-caixinha-as-ultimas-noticias-do-santos\/","og_locale":"pt_BR","og_type":"article","og_title":"Volta de Neymar para Europa, decis\u00e3o do conselho e declara\u00e7\u00e3o de Caixinha: as \u00faltimas not\u00edcias do Santos","og_description":"Nas \u00faltimas horas, o foco das not\u00edcias sobre o Santos se concentram nos bastidores do clube, com destaques do dia a dia do time. Por conta deste contexto, leia abaixo um resumo preparado pela equipe do portal G\u00e1vea News para lhe manter muito bem informado! Declara\u00e7\u00e3o de Caixinha O t\u00e9cnico Pedro Caixinha surpreendeu os torcedores [&hellip;]","og_url":"https:\/\/www.gaveanews.com\/index.php\/2025\/04\/10\/volta-de-neymar-para-europa-decisao-do-conselho-e-declaracao-de-caixinha-as-ultimas-noticias-do-santos\/","og_site_name":"G\u00e1vea News","article_publisher":"https:\/\/facebook.com\/gaveaNews\/","article_published_time":"2025-04-10T15:45:00+00:00","og_image":[{"width":1621,"height":1081,"url":"https:\/\/www.gaveanews.com\/wp-content\/uploads\/Escudo-do-Santos.webp","type":"image\/webp"}],"author":"Brenda Cezillo","twitter_card":"summary_large_image","twitter_misc":{"Escrito por":"Brenda Cezillo","Est. tempo de leitura":"6 minutos"},"schema":{"@context":"https:\/\/schema.org","@graph":[{"@type":"NewsArticle","@id":"https:\/\/www.gaveanews.com\/index.php\/2025\/04\/10\/volta-de-neymar-para-europa-decisao-do-conselho-e-declaracao-de-caixinha-as-ultimas-noticias-do-santos\/#article","isPartOf":{"@id":"https:\/\/www.gaveanews.com\/index.php\/2025\/04\/10\/volta-de-neymar-para-europa-decisao-do-conselho-e-declaracao-de-caixinha-as-ultimas-noticias-do-santos\/"},"author":{"name":"Brenda Cezillo","@id":"https:\/\/www.gaveanews.com\/#\/schema\/person\/c79759ca337c40791ae8d08e2923d403"},"headline":"Volta de Neymar para Europa, decis\u00e3o do conselho e declara\u00e7\u00e3o de Caixinha: as \u00faltimas not\u00edcias do Santos","datePublished":"2025-04-10T15:45:00+00:00","mainEntityOfPage":{"@id":"https:\/\/www.gaveanews.com\/index.php\/2025\/04\/10\/volta-de-neymar-para-europa-decisao-do-conselho-e-declaracao-de-caixinha-as-ultimas-noticias-do-santos\/"},"wordCount":879,"commentCount":0,"image":{"@id":"https:\/\/www.gaveanews.com\/index.php\/2025\/04\/10\/volta-de-neymar-para-europa-decisao-do-conselho-e-declaracao-de-caixinha-as-ultimas-noticias-do-santos\/#primaryimage"},"thumbnailUrl":"https:\/\/www.gaveanews.com\/wp-content\/uploads\/Escudo-do-Santos.webp","articleSection":["Santos"],"inLanguage":"pt-BR","potentialAction":[{"@type":"CommentAction","name":"Comment","target":["https:\/\/www.gaveanews.com\/index.php\/2025\/04\/10\/volta-de-neymar-para-europa-decisao-do-conselho-e-declaracao-de-caixinha-as-ultimas-noticias-do-santos\/#respond"]}],"copyrightYear":"2025","copyrightHolder":{"@id":"https:\/\/www.gaveanews.com\/#organization"}},{"@type":"WebPage","@id":"https:\/\/www.gaveanews.com\/index.php\/2025\/04\/10\/volta-de-neymar-para-europa-decisao-do-conselho-e-declaracao-de-caixinha-as-ultimas-noticias-do-santos\/","url":"https:\/\/www.gaveanews.com\/index.php\/2025\/04\/10\/volta-de-neymar-para-europa-decisao-do-conselho-e-declaracao-de-caixinha-as-ultimas-noticias-do-santos\/","name":"Volta de Neymar para Europa, decis\u00e3o do conselho e declara\u00e7\u00e3o de Caixinha: as \u00faltimas not\u00edcias do Santos","isPartOf":{"@id":"https:\/\/www.gaveanews.com\/#website"},"primaryImageOfPage":{"@id":"https:\/\/www.gaveanews.com\/index.php\/2025\/04\/10\/volta-de-neymar-para-europa-decisao-do-conselho-e-declaracao-de-caixinha-as-ultimas-noticias-do-santos\/#primaryimage"},"image":{"@id":"https:\/\/www.gaveanews.com\/index.php\/2025\/04\/10\/volta-de-neymar-para-europa-decisao-do-conselho-e-declaracao-de-caixinha-as-ultimas-noticias-do-santos\/#primaryimage"},"thumbnailUrl":"https:\/\/www.gaveanews.com\/wp-content\/uploads\/Escudo-do-Santos.webp","datePublished":"2025-04-10T15:45:00+00:00","author":{"@id":"https:\/\/www.gaveanews.com\/#\/schema\/person\/c79759ca337c40791ae8d08e2923d403"},"breadcrumb":{"@id":"https:\/\/www.gaveanews.com\/index.php\/2025\/04\/10\/volta-de-neymar-para-europa-decisao-do-conselho-e-declaracao-de-caixinha-as-ultimas-noticias-do-santos\/#breadcrumb"},"inLanguage":"pt-BR","potentialAction":[{"@type":"ReadAction","target":["https:\/\/www.gaveanews.com\/index.php\/2025\/04\/10\/volta-de-neymar-para-europa-decisao-do-conselho-e-declaracao-de-caixinha-as-ultimas-noticias-do-santos\/"]}]},{"@type":"ImageObject","inLanguage":"pt-BR","@id":"https:\/\/www.gaveanews.com\/index.php\/2025\/04\/10\/volta-de-neymar-para-europa-decisao-do-conselho-e-declaracao-de-caixinha-as-ultimas-noticias-do-santos\/#primaryimage","url":"https:\/\/www.gaveanews.com\/wp-content\/uploads\/Escudo-do-Santos.webp","contentUrl":"https:\/\/www.gaveanews.com\/wp-content\/uploads\/Escudo-do-Santos.webp","width":1621,"height":1081,"caption":"Escudo do Santos (Foto: Reprodu\u00e7\u00e3o\/Instagram)"},{"@type":"BreadcrumbList","@id":"https:\/\/www.gaveanews.com\/index.php\/2025\/04\/10\/volta-de-neymar-para-europa-decisao-do-conselho-e-declaracao-de-caixinha-as-ultimas-noticias-do-santos\/#breadcrumb","itemListElement":[{"@type":"ListItem","position":1,"name":"Home","item":"https:\/\/www.gaveanews.com\/"},{"@type":"ListItem","position":2,"name":"Volta de Neymar para Europa, decis\u00e3o do conselho e declara\u00e7\u00e3o de Caixinha: as \u00faltimas not\u00edcias do Santos"}]},{"@type":"WebSite","@id":"https:\/\/www.gaveanews.com\/#website","url":"https:\/\/www.gaveanews.com\/","name":"G\u00e1vea News","description":"Veja todas as not\u00edcias sobre o Flamengo: Contrata\u00e7\u00f5es, categorias de base, resultados das partidas, tabela de classifica\u00e7\u00e3o, pr\u00f3ximos jogos!","potentialAction":[{"@type":"SearchAction","target":{"@type":"EntryPoint","urlTemplate":"https:\/\/www.gaveanews.com\/?s={search_term_string}"},"query-input":{"@type":"PropertyValueSpecification","valueRequired":true,"valueName":"search_term_string"}}],"inLanguage":"pt-BR"},{"@type":"Person","@id":"https:\/\/www.gaveanews.com\/#\/schema\/person\/c79759ca337c40791ae8d08e2923d403","name":"Brenda Cezillo","image":{"@type":"ImageObject","inLanguage":"pt-BR","@id":"https:\/\/www.gaveanews.com\/#\/schema\/person\/image\/","url":"https:\/\/secure.gravatar.com\/avatar\/1738d75cee7317f9c29ae61dd67620c5883d80a92e42a6fff88ae5d527af217a?s=96&d=mm&r=g","contentUrl":"https:\/\/secure.gravatar.com\/avatar\/1738d75cee7317f9c29ae61dd67620c5883d80a92e42a6fff88ae5d527af217a?s=96&d=mm&r=g","caption":"Brenda Cezillo"}}]}},"_links":{"self":[{"href":"https:\/\/www.gaveanews.com\/index.php\/wp-json\/wp\/v2\/posts\/251547","targetHints":{"allow":["GET"]}}],"collection":[{"href":"https:\/\/www.gaveanews.com\/index.php\/wp-json\/wp\/v2\/posts"}],"about":[{"href":"https:\/\/www.gaveanews.com\/index.php\/wp-json\/wp\/v2\/types\/post"}],"author":[{"embeddable":true,"href":"https:\/\/www.gaveanews.com\/index.php\/wp-json\/wp\/v2\/users\/33"}],"replies":[{"embeddable":true,"href":"https:\/\/www.gaveanews.com\/index.php\/wp-json\/wp\/v2\/comments?post=251547"}],"version-history":[{"count":1,"href":"https:\/\/www.gaveanews.com\/index.php\/wp-json\/wp\/v2\/posts\/251547\/revisions"}],"predecessor-version":[{"id":251554,"href":"https:\/\/www.gaveanews.com\/index.php\/wp-json\/wp\/v2\/posts\/251547\/revisions\/251554"}],"wp:featuredmedia":[{"embeddable":true,"href":"https:\/\/www.gaveanews.com\/index.php\/wp-json\/wp\/v2\/media\/147446"}],"wp:attachment":[{"href":"https:\/\/www.gaveanews.com\/index.php\/wp-json\/wp\/v2\/media?parent=251547"}],"wp:term":[{"taxonomy":"category","embeddable":true,"href":"https:\/\/www.gaveanews.com\/index.php\/wp-json\/wp\/v2\/categories?post=251547"},{"taxonomy":"post_tag","embeddable":true,"href":"https:\/\/www.gaveanews.com\/index.php\/wp-json\/wp\/v2\/tags?post=251547"}],"curies":[{"name":"wp","href":"https:\/\/api.w.org\/{rel}","templated":true}]}}