{"id":251552,"date":"2025-04-10T10:50:00","date_gmt":"2025-04-10T13:50:00","guid":{"rendered":"https:\/\/www.gaveanews.com\/?p=251552"},"modified":"2025-04-10T10:40:40","modified_gmt":"2025-04-10T13:40:40","slug":"futuro-tecnico-do-vasco-justica-toma-decisao-e-declaracao-de-caio-ribeiro-as-ultimas-noticias-do-vasco","status":"publish","type":"post","link":"https:\/\/www.gaveanews.com\/index.php\/2025\/04\/10\/futuro-tecnico-do-vasco-justica-toma-decisao-e-declaracao-de-caio-ribeiro-as-ultimas-noticias-do-vasco\/","title":{"rendered":"Futuro t\u00e9cnico do Vasco, justi\u00e7a toma decis\u00e3o e declara\u00e7\u00e3o de Caio Ribeiro: as \u00faltimas not\u00edcias do Vasco"},"content":{"rendered":"\n<p>Nas \u00faltimas horas, o foco das not\u00edcias sobre o Vasco se concentram nos bastidores do clube, com destaques do dia a dia do time.<\/p>\n\n\n\n<p>Por conta deste contexto, leia abaixo um resumo preparado pela equipe do portal G\u00e1vea News para lhe manter muito bem informado!<\/p>\n\n\n\n<div class=\"wp-block-group\"><div class=\"wp-block-group__inner-container is-layout-constrained wp-block-group-is-layout-constrained\">\n<div class=\"wp-block-group\"><div class=\"wp-block-group__inner-container is-layout-constrained wp-block-group-is-layout-constrained\">\n<h2 class=\"wp-block-heading\" id=\"h-declaracao-de-caio-ribeiro\">Declara\u00e7\u00e3o de Caio Ribeiro<\/h2>\n\n\n\n<p>Durante entrevista no canal de Al\u00ea Oliveira no YouTube, o comentarista Caio Ribeiro elogiou a gest\u00e3o de Pedrinho \u00e0 frente do Vasco da Gama. Caio, que dividiu a bancada do SporTV com o atual presidente cruzmaltino, destacou sua confian\u00e7a na capacidade do ex-jogador de liderar a reconstru\u00e7\u00e3o do clube. \u201cPedrinho \u00e9 um craque, n\u00e3o s\u00f3 como comentarista, mas como gestor. Ele tem compet\u00eancia de sobra para reerguer o Vasco\u201d, declarou Caio, demonstrando otimismo em rela\u00e7\u00e3o ao futuro do clube carioca sob nova lideran\u00e7a <strong><a href=\"https:\/\/www.gaveanews.com\/index.php\/2025\/04\/07\/a-declaracao-de-caio-ribeiro-direcionada-a-pedrinho-do-vasco\/\">(leia a mat\u00e9ria completa).<\/a><\/strong><\/p>\n\n\n\n<figure class=\"wp-block-image size-full\"><img loading=\"lazy\" decoding=\"async\" width=\"895\" height=\"469\" src=\"http:\/\/www.gaveanews.com\/wp-content\/uploads\/Caio-Ribeiro-durante-o-programa-Bem-Amigos.webp\" alt=\"\" class=\"wp-image-55951\" srcset=\"https:\/\/www.gaveanews.com\/wp-content\/uploads\/Caio-Ribeiro-durante-o-programa-Bem-Amigos.webp 895w, https:\/\/www.gaveanews.com\/wp-content\/uploads\/Caio-Ribeiro-durante-o-programa-Bem-Amigos-300x157.webp 300w, https:\/\/www.gaveanews.com\/wp-content\/uploads\/Caio-Ribeiro-durante-o-programa-Bem-Amigos-768x402.webp 768w, https:\/\/www.gaveanews.com\/wp-content\/uploads\/Caio-Ribeiro-durante-o-programa-Bem-Amigos-801x420.webp 801w, https:\/\/www.gaveanews.com\/wp-content\/uploads\/Caio-Ribeiro-durante-o-programa-Bem-Amigos-640x335.webp 640w, https:\/\/www.gaveanews.com\/wp-content\/uploads\/Caio-Ribeiro-durante-o-programa-Bem-Amigos-681x357.webp 681w, https:\/\/www.gaveanews.com\/wp-content\/uploads\/Caio-Ribeiro-durante-o-programa-Bem-Amigos-100x52.webp 100w\" sizes=\"auto, (max-width: 895px) 100vw, 895px\" \/><figcaption class=\"wp-element-caption\">Caio Ribeiro durante o programa &#8220;Bem Amigos&#8221; (Foto: Reprodu\u00e7\u00e3o\/SporTV)<\/figcaption><\/figure>\n\n\n\n<p>Enquanto a diretoria atua nos bastidores, o t\u00e9cnico F\u00e1bio Carille busca solu\u00e7\u00f5es em campo ap\u00f3s a derrota por 3 a 0 para o Corinthians. <\/p>\n\n\n\n<p>O treinador justificou o rod\u00edzio de jogadores por quest\u00f5es f\u00edsicas e t\u00e9cnicas, explicando que o desgaste acumulado exigiu mudan\u00e7as pontuais. J\u00e1 o atacante Pablo Vegetti demonstrou frustra\u00e7\u00e3o com o desempenho coletivo, ressaltando que os erros cometidos pelo time s\u00e3o recorrentes e precisam ser corrigidos com urg\u00eancia para evitar preju\u00edzos maiores ao longo do Brasileir\u00e3o.<\/p>\n\n\n\n<p>O ambiente no Vasco \u00e9 de cobran\u00e7a, mas tamb\u00e9m de consci\u00eancia sobre os desafios. O discurso dos principais nomes do clube indica um comprometimento com os ajustes necess\u00e1rios, tanto na esfera administrativa quanto esportiva. A confian\u00e7a de Caio Ribeiro em Pedrinho fortalece o respaldo da diretoria, enquanto a comiss\u00e3o t\u00e9cnica e o elenco se mobilizam para melhorar o desempenho dentro de campo. O trabalho coletivo ser\u00e1 fundamental para que o clube supere a fase inst\u00e1vel e reencontre o caminho das vit\u00f3rias.<\/p>\n\n\n\n<h2 class=\"wp-block-heading\" id=\"h-justica-toma-decisao\">Justi\u00e7a toma decis\u00e3o<\/h2>\n\n\n\n<p>A Justi\u00e7a do Rio de Janeiro autorizou, por meio de liminar, a realiza\u00e7\u00e3o do cl\u00e1ssico entre <strong>Vasco e Flamengo<\/strong> em S\u00e3o Janu\u00e1rio, pela sexta rodada do Campeonato Brasileiro. A decis\u00e3o derruba o veto anterior do Bepe (Batalh\u00e3o Especializado de Policiamento em Est\u00e1dios) que impedia a realiza\u00e7\u00e3o do jogo no est\u00e1dio vasca\u00edno. A medida foi concedida pela ju\u00edza Regina L\u00facia Chuquer de Almeida Costa de Castro Lima, que criticou a postura da Pol\u00edcia Militar ao considerar que a institui\u00e7\u00e3o optou por &#8220;n\u00e3o agir&#8221;, em vez de apresentar solu\u00e7\u00f5es de seguran\u00e7a vi\u00e1veis <strong><a href=\"https:\/\/www.gaveanews.com\/index.php\/2025\/04\/07\/e-oficial-justica-define-estadio-de-vasco-x-flamengo\/\">(leia a mat\u00e9ria completa).<\/a><\/strong><\/p>\n\n\n\n<figure class=\"wp-block-image size-full\"><img loading=\"lazy\" decoding=\"async\" width=\"838\" height=\"558\" src=\"http:\/\/www.gaveanews.com\/wp-content\/uploads\/Flamengo-x-Vasco-semifinal-Carioca-2025.webp\" alt=\"\" class=\"wp-image-236525\"\/><figcaption class=\"wp-element-caption\">Flamengo x Vasco semifinal Carioca 2025 (Foto: PaulaReis\/Flamengo)<\/figcaption><\/figure>\n\n\n\n<p>A liminar reconhece o direito do Vasco de exercer seu mando de campo em S\u00e3o Janu\u00e1rio, com a presen\u00e7a da pr\u00f3pria torcida. J\u00e1 a entrada de torcedores do Flamengo depender\u00e1 de avalia\u00e7\u00e3o t\u00e9cnica espec\u00edfica. Os advogados Pedro de Menezes Reis e Marcus Vinicius Reis, respons\u00e1veis pela a\u00e7\u00e3o popular, argumentaram que a decis\u00e3o envolve mais do que um simples jogo \u2014 trata-se da defesa de um patrim\u00f4nio cultural, hist\u00f3rico e esportivo do Rio de Janeiro.<\/p>\n\n\n\n<p>A partir da decis\u00e3o, cabe agora ao Vasco definir oficialmente onde ocorrer\u00e1 o cl\u00e1ssico. A medida reacende o debate sobre seguran\u00e7a nos est\u00e1dios cariocas, mas tamb\u00e9m fortalece o direito dos clubes de utilizarem seus respectivos est\u00e1dios quando em conformidade com os laudos t\u00e9cnicos. A expectativa \u00e9 de que o confronto ocorra na <strong>Colina Hist\u00f3rica<\/strong>, com os ajustes necess\u00e1rios para garantir uma partida segura e marcada por sua relev\u00e2ncia esportiva e simb\u00f3lica.<\/p>\n\n\n\n<h2 class=\"wp-block-heading\" id=\"h-futuro-tecnico-do-vasco\">Futuro t\u00e9cnico do Vasco<\/h2>\n\n\n\n<p>A crise no Vasco se aprofunda, e a continuidade de F\u00e1bio Carille no comando t\u00e9cnico est\u00e1 em xeque. O treinador enfrenta crescente rejei\u00e7\u00e3o por parte da torcida e tamb\u00e9m tem causado desconforto interno com declara\u00e7\u00f5es pol\u00eamicas, como a afirma\u00e7\u00e3o de que o elenco n\u00e3o precisa de refor\u00e7os. As cr\u00edticas se intensificaram nos \u00faltimos dias, e o presidente Pedrinho j\u00e1 avalia op\u00e7\u00f5es para uma poss\u00edvel substitui\u00e7\u00e3o no cargo <strong><a href=\"https:\/\/www.gaveanews.com\/index.php\/2025\/04\/07\/o-tecnico-desejado-por-pedrinho-para-assumir-o-vasco\/\">(leia a mat\u00e9ria completa).<\/a><\/strong><\/p>\n\n\n\n<figure class=\"wp-block-image size-full\"><img loading=\"lazy\" decoding=\"async\" width=\"1024\" height=\"562\" src=\"http:\/\/www.gaveanews.com\/wp-content\/uploads\/Pedrinho-presidente-do-Vasco.webp\" alt=\"\" class=\"wp-image-146559\" srcset=\"https:\/\/www.gaveanews.com\/wp-content\/uploads\/Pedrinho-presidente-do-Vasco.webp 1024w, https:\/\/www.gaveanews.com\/wp-content\/uploads\/Pedrinho-presidente-do-Vasco-300x165.webp 300w, https:\/\/www.gaveanews.com\/wp-content\/uploads\/Pedrinho-presidente-do-Vasco-768x422.webp 768w, https:\/\/www.gaveanews.com\/wp-content\/uploads\/Pedrinho-presidente-do-Vasco-765x420.webp 765w, https:\/\/www.gaveanews.com\/wp-content\/uploads\/Pedrinho-presidente-do-Vasco-640x350.webp 640w, https:\/\/www.gaveanews.com\/wp-content\/uploads\/Pedrinho-presidente-do-Vasco-681x374.webp 681w, https:\/\/www.gaveanews.com\/wp-content\/uploads\/Pedrinho-presidente-do-Vasco-1022x562.webp 1022w, https:\/\/www.gaveanews.com\/wp-content\/uploads\/Pedrinho-presidente-do-Vasco-100x55.webp 100w\" sizes=\"auto, (max-width: 1024px) 100vw, 1024px\" \/><figcaption class=\"wp-element-caption\">Pedrinho, presidente do Vasco (Foto: Reprodu\u00e7\u00e3o\/Vasco TV)<\/figcaption><\/figure>\n\n\n\n<p>Entre os nomes ventilados, o ex-treinador Jorginho ganha for\u00e7a nos bastidores. Ele possui uma rela\u00e7\u00e3o pr\u00f3xima com Pedrinho e est\u00e1 livre no mercado, o que facilitaria uma eventual negocia\u00e7\u00e3o. No entanto, o nome de Jorginho tamb\u00e9m n\u00e3o \u00e9 unanimidade entre os torcedores, que criticam a semelhan\u00e7a de seu perfil com o de Carille \u2014 ambos defensivos e considerados conservadores. A torcida vasca\u00edna, nas redes sociais, clama por uma mudan\u00e7a mais ousada e inovadora no comando t\u00e9cnico.<\/p>\n\n\n\n<p>O ambiente em S\u00e3o Janu\u00e1rio \u00e9 de tens\u00e3o e expectativa. Pedrinho, antes amplamente apoiado pela torcida, come\u00e7a a sofrer cr\u00edticas por conta da condu\u00e7\u00e3o do departamento de futebol. A decis\u00e3o sobre o futuro de Carille deve ser tomada nos pr\u00f3ximos dias, e pode representar um ponto de virada na temporada. A troca de t\u00e9cnico, por\u00e9m, precisa ser bem pensada para evitar a repeti\u00e7\u00e3o de estrat\u00e9gias que j\u00e1 se mostraram ineficazes.<\/p>\n<\/div><\/div>\n<\/div><\/div>\n","protected":false},"excerpt":{"rendered":"<p>Nas \u00faltimas horas, o foco das not\u00edcias sobre o Vasco se concentram nos bastidores do clube, com destaques do dia a dia do time. Por conta deste contexto, leia abaixo um resumo preparado pela equipe do portal G\u00e1vea News para lhe manter muito bem informado! Declara\u00e7\u00e3o de Caio Ribeiro Durante entrevista no canal de Al\u00ea [&hellip;]<\/p>\n","protected":false},"author":33,"featured_media":161261,"comment_status":"open","ping_status":"closed","sticky":false,"template":"","format":"standard","meta":{"footnotes":""},"categories":[152],"tags":[],"class_list":["post-251552","post","type-post","status-publish","format-standard","has-post-thumbnail","hentry","category-vasco"],"yoast_head":"<!-- This site is optimized with the Yoast SEO Premium plugin v24.2 (Yoast SEO v26.9) - https:\/\/yoast.com\/product\/yoast-seo-premium-wordpress\/ -->\n<title>Futuro t\u00e9cnico do Vasco, justi\u00e7a toma decis\u00e3o e declara\u00e7\u00e3o de Caio Ribeiro: as \u00faltimas not\u00edcias do Vasco<\/title>\n<meta name=\"robots\" content=\"index, follow, max-snippet:-1, max-image-preview:large, max-video-preview:-1\" \/>\n<link rel=\"canonical\" href=\"https:\/\/www.gaveanews.com\/index.php\/2025\/04\/10\/futuro-tecnico-do-vasco-justica-toma-decisao-e-declaracao-de-caio-ribeiro-as-ultimas-noticias-do-vasco\/\" \/>\n<meta property=\"og:locale\" content=\"pt_BR\" \/>\n<meta property=\"og:type\" content=\"article\" \/>\n<meta property=\"og:title\" content=\"Futuro t\u00e9cnico do Vasco, justi\u00e7a toma decis\u00e3o e declara\u00e7\u00e3o de Caio Ribeiro: as \u00faltimas not\u00edcias do Vasco\" \/>\n<meta property=\"og:description\" content=\"Nas \u00faltimas horas, o foco das not\u00edcias sobre o Vasco se concentram nos bastidores do clube, com destaques do dia a dia do time. Por conta deste contexto, leia abaixo um resumo preparado pela equipe do portal G\u00e1vea News para lhe manter muito bem informado! Declara\u00e7\u00e3o de Caio Ribeiro Durante entrevista no canal de Al\u00ea [&hellip;]\" \/>\n<meta property=\"og:url\" content=\"https:\/\/www.gaveanews.com\/index.php\/2025\/04\/10\/futuro-tecnico-do-vasco-justica-toma-decisao-e-declaracao-de-caio-ribeiro-as-ultimas-noticias-do-vasco\/\" \/>\n<meta property=\"og:site_name\" content=\"G\u00e1vea News\" \/>\n<meta property=\"article:publisher\" content=\"https:\/\/facebook.com\/gaveaNews\/\" \/>\n<meta property=\"article:published_time\" content=\"2025-04-10T13:50:00+00:00\" \/>\n<meta property=\"og:image\" content=\"https:\/\/www.gaveanews.com\/wp-content\/uploads\/Camisa-do-Vasco-2024.webp\" \/>\n\t<meta property=\"og:image:width\" content=\"1059\" \/>\n\t<meta property=\"og:image:height\" content=\"794\" \/>\n\t<meta property=\"og:image:type\" content=\"image\/webp\" \/>\n<meta name=\"author\" content=\"Brenda Cezillo\" \/>\n<meta name=\"twitter:card\" content=\"summary_large_image\" \/>\n<meta name=\"twitter:label1\" content=\"Escrito por\" \/>\n\t<meta name=\"twitter:data1\" content=\"Brenda Cezillo\" \/>\n\t<meta name=\"twitter:label2\" content=\"Est. tempo de leitura\" \/>\n\t<meta name=\"twitter:data2\" content=\"6 minutos\" \/>\n<script type=\"application\/ld+json\" class=\"yoast-schema-graph\">{\"@context\":\"https:\/\/schema.org\",\"@graph\":[{\"@type\":\"NewsArticle\",\"@id\":\"https:\/\/www.gaveanews.com\/index.php\/2025\/04\/10\/futuro-tecnico-do-vasco-justica-toma-decisao-e-declaracao-de-caio-ribeiro-as-ultimas-noticias-do-vasco\/#article\",\"isPartOf\":{\"@id\":\"https:\/\/www.gaveanews.com\/index.php\/2025\/04\/10\/futuro-tecnico-do-vasco-justica-toma-decisao-e-declaracao-de-caio-ribeiro-as-ultimas-noticias-do-vasco\/\"},\"author\":{\"name\":\"Brenda Cezillo\",\"@id\":\"https:\/\/www.gaveanews.com\/#\/schema\/person\/c79759ca337c40791ae8d08e2923d403\"},\"headline\":\"Futuro t\u00e9cnico do Vasco, justi\u00e7a toma decis\u00e3o e declara\u00e7\u00e3o de Caio Ribeiro: as \u00faltimas not\u00edcias do Vasco\",\"datePublished\":\"2025-04-10T13:50:00+00:00\",\"mainEntityOfPage\":{\"@id\":\"https:\/\/www.gaveanews.com\/index.php\/2025\/04\/10\/futuro-tecnico-do-vasco-justica-toma-decisao-e-declaracao-de-caio-ribeiro-as-ultimas-noticias-do-vasco\/\"},\"wordCount\":914,\"commentCount\":0,\"image\":{\"@id\":\"https:\/\/www.gaveanews.com\/index.php\/2025\/04\/10\/futuro-tecnico-do-vasco-justica-toma-decisao-e-declaracao-de-caio-ribeiro-as-ultimas-noticias-do-vasco\/#primaryimage\"},\"thumbnailUrl\":\"https:\/\/www.gaveanews.com\/wp-content\/uploads\/Camisa-do-Vasco-2024.webp\",\"articleSection\":[\"Vasco\"],\"inLanguage\":\"pt-BR\",\"potentialAction\":[{\"@type\":\"CommentAction\",\"name\":\"Comment\",\"target\":[\"https:\/\/www.gaveanews.com\/index.php\/2025\/04\/10\/futuro-tecnico-do-vasco-justica-toma-decisao-e-declaracao-de-caio-ribeiro-as-ultimas-noticias-do-vasco\/#respond\"]}],\"copyrightYear\":\"2025\",\"copyrightHolder\":{\"@id\":\"https:\/\/www.gaveanews.com\/#organization\"}},{\"@type\":\"WebPage\",\"@id\":\"https:\/\/www.gaveanews.com\/index.php\/2025\/04\/10\/futuro-tecnico-do-vasco-justica-toma-decisao-e-declaracao-de-caio-ribeiro-as-ultimas-noticias-do-vasco\/\",\"url\":\"https:\/\/www.gaveanews.com\/index.php\/2025\/04\/10\/futuro-tecnico-do-vasco-justica-toma-decisao-e-declaracao-de-caio-ribeiro-as-ultimas-noticias-do-vasco\/\",\"name\":\"Futuro t\u00e9cnico do Vasco, justi\u00e7a toma decis\u00e3o e declara\u00e7\u00e3o de Caio Ribeiro: as \u00faltimas not\u00edcias do Vasco\",\"isPartOf\":{\"@id\":\"https:\/\/www.gaveanews.com\/#website\"},\"primaryImageOfPage\":{\"@id\":\"https:\/\/www.gaveanews.com\/index.php\/2025\/04\/10\/futuro-tecnico-do-vasco-justica-toma-decisao-e-declaracao-de-caio-ribeiro-as-ultimas-noticias-do-vasco\/#primaryimage\"},\"image\":{\"@id\":\"https:\/\/www.gaveanews.com\/index.php\/2025\/04\/10\/futuro-tecnico-do-vasco-justica-toma-decisao-e-declaracao-de-caio-ribeiro-as-ultimas-noticias-do-vasco\/#primaryimage\"},\"thumbnailUrl\":\"https:\/\/www.gaveanews.com\/wp-content\/uploads\/Camisa-do-Vasco-2024.webp\",\"datePublished\":\"2025-04-10T13:50:00+00:00\",\"author\":{\"@id\":\"https:\/\/www.gaveanews.com\/#\/schema\/person\/c79759ca337c40791ae8d08e2923d403\"},\"breadcrumb\":{\"@id\":\"https:\/\/www.gaveanews.com\/index.php\/2025\/04\/10\/futuro-tecnico-do-vasco-justica-toma-decisao-e-declaracao-de-caio-ribeiro-as-ultimas-noticias-do-vasco\/#breadcrumb\"},\"inLanguage\":\"pt-BR\",\"potentialAction\":[{\"@type\":\"ReadAction\",\"target\":[\"https:\/\/www.gaveanews.com\/index.php\/2025\/04\/10\/futuro-tecnico-do-vasco-justica-toma-decisao-e-declaracao-de-caio-ribeiro-as-ultimas-noticias-do-vasco\/\"]}]},{\"@type\":\"ImageObject\",\"inLanguage\":\"pt-BR\",\"@id\":\"https:\/\/www.gaveanews.com\/index.php\/2025\/04\/10\/futuro-tecnico-do-vasco-justica-toma-decisao-e-declaracao-de-caio-ribeiro-as-ultimas-noticias-do-vasco\/#primaryimage\",\"url\":\"https:\/\/www.gaveanews.com\/wp-content\/uploads\/Camisa-do-Vasco-2024.webp\",\"contentUrl\":\"https:\/\/www.gaveanews.com\/wp-content\/uploads\/Camisa-do-Vasco-2024.webp\",\"width\":1059,\"height\":794,\"caption\":\"Camisa do Vasco 2024 (Foto: Reprodu\u00e7\u00e3o\/Instagram)\"},{\"@type\":\"BreadcrumbList\",\"@id\":\"https:\/\/www.gaveanews.com\/index.php\/2025\/04\/10\/futuro-tecnico-do-vasco-justica-toma-decisao-e-declaracao-de-caio-ribeiro-as-ultimas-noticias-do-vasco\/#breadcrumb\",\"itemListElement\":[{\"@type\":\"ListItem\",\"position\":1,\"name\":\"Home\",\"item\":\"https:\/\/www.gaveanews.com\/\"},{\"@type\":\"ListItem\",\"position\":2,\"name\":\"Futuro t\u00e9cnico do Vasco, justi\u00e7a toma decis\u00e3o e declara\u00e7\u00e3o de Caio Ribeiro: as \u00faltimas not\u00edcias do Vasco\"}]},{\"@type\":\"WebSite\",\"@id\":\"https:\/\/www.gaveanews.com\/#website\",\"url\":\"https:\/\/www.gaveanews.com\/\",\"name\":\"G\u00e1vea News\",\"description\":\"Veja todas as not\u00edcias sobre o Flamengo: Contrata\u00e7\u00f5es, categorias de base, resultados das partidas, tabela de classifica\u00e7\u00e3o, pr\u00f3ximos jogos!\",\"potentialAction\":[{\"@type\":\"SearchAction\",\"target\":{\"@type\":\"EntryPoint\",\"urlTemplate\":\"https:\/\/www.gaveanews.com\/?s={search_term_string}\"},\"query-input\":{\"@type\":\"PropertyValueSpecification\",\"valueRequired\":true,\"valueName\":\"search_term_string\"}}],\"inLanguage\":\"pt-BR\"},{\"@type\":\"Person\",\"@id\":\"https:\/\/www.gaveanews.com\/#\/schema\/person\/c79759ca337c40791ae8d08e2923d403\",\"name\":\"Brenda Cezillo\",\"image\":{\"@type\":\"ImageObject\",\"inLanguage\":\"pt-BR\",\"@id\":\"https:\/\/www.gaveanews.com\/#\/schema\/person\/image\/\",\"url\":\"https:\/\/secure.gravatar.com\/avatar\/1738d75cee7317f9c29ae61dd67620c5883d80a92e42a6fff88ae5d527af217a?s=96&d=mm&r=g\",\"contentUrl\":\"https:\/\/secure.gravatar.com\/avatar\/1738d75cee7317f9c29ae61dd67620c5883d80a92e42a6fff88ae5d527af217a?s=96&d=mm&r=g\",\"caption\":\"Brenda Cezillo\"}}]}<\/script>\n<!-- \/ Yoast SEO Premium plugin. -->","yoast_head_json":{"title":"Futuro t\u00e9cnico do Vasco, justi\u00e7a toma decis\u00e3o e declara\u00e7\u00e3o de Caio Ribeiro: as \u00faltimas not\u00edcias do Vasco","robots":{"index":"index","follow":"follow","max-snippet":"max-snippet:-1","max-image-preview":"max-image-preview:large","max-video-preview":"max-video-preview:-1"},"canonical":"https:\/\/www.gaveanews.com\/index.php\/2025\/04\/10\/futuro-tecnico-do-vasco-justica-toma-decisao-e-declaracao-de-caio-ribeiro-as-ultimas-noticias-do-vasco\/","og_locale":"pt_BR","og_type":"article","og_title":"Futuro t\u00e9cnico do Vasco, justi\u00e7a toma decis\u00e3o e declara\u00e7\u00e3o de Caio Ribeiro: as \u00faltimas not\u00edcias do Vasco","og_description":"Nas \u00faltimas horas, o foco das not\u00edcias sobre o Vasco se concentram nos bastidores do clube, com destaques do dia a dia do time. Por conta deste contexto, leia abaixo um resumo preparado pela equipe do portal G\u00e1vea News para lhe manter muito bem informado! Declara\u00e7\u00e3o de Caio Ribeiro Durante entrevista no canal de Al\u00ea [&hellip;]","og_url":"https:\/\/www.gaveanews.com\/index.php\/2025\/04\/10\/futuro-tecnico-do-vasco-justica-toma-decisao-e-declaracao-de-caio-ribeiro-as-ultimas-noticias-do-vasco\/","og_site_name":"G\u00e1vea News","article_publisher":"https:\/\/facebook.com\/gaveaNews\/","article_published_time":"2025-04-10T13:50:00+00:00","og_image":[{"width":1059,"height":794,"url":"https:\/\/www.gaveanews.com\/wp-content\/uploads\/Camisa-do-Vasco-2024.webp","type":"image\/webp"}],"author":"Brenda Cezillo","twitter_card":"summary_large_image","twitter_misc":{"Escrito por":"Brenda Cezillo","Est. tempo de leitura":"6 minutos"},"schema":{"@context":"https:\/\/schema.org","@graph":[{"@type":"NewsArticle","@id":"https:\/\/www.gaveanews.com\/index.php\/2025\/04\/10\/futuro-tecnico-do-vasco-justica-toma-decisao-e-declaracao-de-caio-ribeiro-as-ultimas-noticias-do-vasco\/#article","isPartOf":{"@id":"https:\/\/www.gaveanews.com\/index.php\/2025\/04\/10\/futuro-tecnico-do-vasco-justica-toma-decisao-e-declaracao-de-caio-ribeiro-as-ultimas-noticias-do-vasco\/"},"author":{"name":"Brenda Cezillo","@id":"https:\/\/www.gaveanews.com\/#\/schema\/person\/c79759ca337c40791ae8d08e2923d403"},"headline":"Futuro t\u00e9cnico do Vasco, justi\u00e7a toma decis\u00e3o e declara\u00e7\u00e3o de Caio Ribeiro: as \u00faltimas not\u00edcias do Vasco","datePublished":"2025-04-10T13:50:00+00:00","mainEntityOfPage":{"@id":"https:\/\/www.gaveanews.com\/index.php\/2025\/04\/10\/futuro-tecnico-do-vasco-justica-toma-decisao-e-declaracao-de-caio-ribeiro-as-ultimas-noticias-do-vasco\/"},"wordCount":914,"commentCount":0,"image":{"@id":"https:\/\/www.gaveanews.com\/index.php\/2025\/04\/10\/futuro-tecnico-do-vasco-justica-toma-decisao-e-declaracao-de-caio-ribeiro-as-ultimas-noticias-do-vasco\/#primaryimage"},"thumbnailUrl":"https:\/\/www.gaveanews.com\/wp-content\/uploads\/Camisa-do-Vasco-2024.webp","articleSection":["Vasco"],"inLanguage":"pt-BR","potentialAction":[{"@type":"CommentAction","name":"Comment","target":["https:\/\/www.gaveanews.com\/index.php\/2025\/04\/10\/futuro-tecnico-do-vasco-justica-toma-decisao-e-declaracao-de-caio-ribeiro-as-ultimas-noticias-do-vasco\/#respond"]}],"copyrightYear":"2025","copyrightHolder":{"@id":"https:\/\/www.gaveanews.com\/#organization"}},{"@type":"WebPage","@id":"https:\/\/www.gaveanews.com\/index.php\/2025\/04\/10\/futuro-tecnico-do-vasco-justica-toma-decisao-e-declaracao-de-caio-ribeiro-as-ultimas-noticias-do-vasco\/","url":"https:\/\/www.gaveanews.com\/index.php\/2025\/04\/10\/futuro-tecnico-do-vasco-justica-toma-decisao-e-declaracao-de-caio-ribeiro-as-ultimas-noticias-do-vasco\/","name":"Futuro t\u00e9cnico do Vasco, justi\u00e7a toma decis\u00e3o e declara\u00e7\u00e3o de Caio Ribeiro: as \u00faltimas not\u00edcias do Vasco","isPartOf":{"@id":"https:\/\/www.gaveanews.com\/#website"},"primaryImageOfPage":{"@id":"https:\/\/www.gaveanews.com\/index.php\/2025\/04\/10\/futuro-tecnico-do-vasco-justica-toma-decisao-e-declaracao-de-caio-ribeiro-as-ultimas-noticias-do-vasco\/#primaryimage"},"image":{"@id":"https:\/\/www.gaveanews.com\/index.php\/2025\/04\/10\/futuro-tecnico-do-vasco-justica-toma-decisao-e-declaracao-de-caio-ribeiro-as-ultimas-noticias-do-vasco\/#primaryimage"},"thumbnailUrl":"https:\/\/www.gaveanews.com\/wp-content\/uploads\/Camisa-do-Vasco-2024.webp","datePublished":"2025-04-10T13:50:00+00:00","author":{"@id":"https:\/\/www.gaveanews.com\/#\/schema\/person\/c79759ca337c40791ae8d08e2923d403"},"breadcrumb":{"@id":"https:\/\/www.gaveanews.com\/index.php\/2025\/04\/10\/futuro-tecnico-do-vasco-justica-toma-decisao-e-declaracao-de-caio-ribeiro-as-ultimas-noticias-do-vasco\/#breadcrumb"},"inLanguage":"pt-BR","potentialAction":[{"@type":"ReadAction","target":["https:\/\/www.gaveanews.com\/index.php\/2025\/04\/10\/futuro-tecnico-do-vasco-justica-toma-decisao-e-declaracao-de-caio-ribeiro-as-ultimas-noticias-do-vasco\/"]}]},{"@type":"ImageObject","inLanguage":"pt-BR","@id":"https:\/\/www.gaveanews.com\/index.php\/2025\/04\/10\/futuro-tecnico-do-vasco-justica-toma-decisao-e-declaracao-de-caio-ribeiro-as-ultimas-noticias-do-vasco\/#primaryimage","url":"https:\/\/www.gaveanews.com\/wp-content\/uploads\/Camisa-do-Vasco-2024.webp","contentUrl":"https:\/\/www.gaveanews.com\/wp-content\/uploads\/Camisa-do-Vasco-2024.webp","width":1059,"height":794,"caption":"Camisa do Vasco 2024 (Foto: Reprodu\u00e7\u00e3o\/Instagram)"},{"@type":"BreadcrumbList","@id":"https:\/\/www.gaveanews.com\/index.php\/2025\/04\/10\/futuro-tecnico-do-vasco-justica-toma-decisao-e-declaracao-de-caio-ribeiro-as-ultimas-noticias-do-vasco\/#breadcrumb","itemListElement":[{"@type":"ListItem","position":1,"name":"Home","item":"https:\/\/www.gaveanews.com\/"},{"@type":"ListItem","position":2,"name":"Futuro t\u00e9cnico do Vasco, justi\u00e7a toma decis\u00e3o e declara\u00e7\u00e3o de Caio Ribeiro: as \u00faltimas not\u00edcias do Vasco"}]},{"@type":"WebSite","@id":"https:\/\/www.gaveanews.com\/#website","url":"https:\/\/www.gaveanews.com\/","name":"G\u00e1vea News","description":"Veja todas as not\u00edcias sobre o Flamengo: Contrata\u00e7\u00f5es, categorias de base, resultados das partidas, tabela de classifica\u00e7\u00e3o, pr\u00f3ximos jogos!","potentialAction":[{"@type":"SearchAction","target":{"@type":"EntryPoint","urlTemplate":"https:\/\/www.gaveanews.com\/?s={search_term_string}"},"query-input":{"@type":"PropertyValueSpecification","valueRequired":true,"valueName":"search_term_string"}}],"inLanguage":"pt-BR"},{"@type":"Person","@id":"https:\/\/www.gaveanews.com\/#\/schema\/person\/c79759ca337c40791ae8d08e2923d403","name":"Brenda Cezillo","image":{"@type":"ImageObject","inLanguage":"pt-BR","@id":"https:\/\/www.gaveanews.com\/#\/schema\/person\/image\/","url":"https:\/\/secure.gravatar.com\/avatar\/1738d75cee7317f9c29ae61dd67620c5883d80a92e42a6fff88ae5d527af217a?s=96&d=mm&r=g","contentUrl":"https:\/\/secure.gravatar.com\/avatar\/1738d75cee7317f9c29ae61dd67620c5883d80a92e42a6fff88ae5d527af217a?s=96&d=mm&r=g","caption":"Brenda Cezillo"}}]}},"_links":{"self":[{"href":"https:\/\/www.gaveanews.com\/index.php\/wp-json\/wp\/v2\/posts\/251552","targetHints":{"allow":["GET"]}}],"collection":[{"href":"https:\/\/www.gaveanews.com\/index.php\/wp-json\/wp\/v2\/posts"}],"about":[{"href":"https:\/\/www.gaveanews.com\/index.php\/wp-json\/wp\/v2\/types\/post"}],"author":[{"embeddable":true,"href":"https:\/\/www.gaveanews.com\/index.php\/wp-json\/wp\/v2\/users\/33"}],"replies":[{"embeddable":true,"href":"https:\/\/www.gaveanews.com\/index.php\/wp-json\/wp\/v2\/comments?post=251552"}],"version-history":[{"count":1,"href":"https:\/\/www.gaveanews.com\/index.php\/wp-json\/wp\/v2\/posts\/251552\/revisions"}],"predecessor-version":[{"id":251561,"href":"https:\/\/www.gaveanews.com\/index.php\/wp-json\/wp\/v2\/posts\/251552\/revisions\/251561"}],"wp:featuredmedia":[{"embeddable":true,"href":"https:\/\/www.gaveanews.com\/index.php\/wp-json\/wp\/v2\/media\/161261"}],"wp:attachment":[{"href":"https:\/\/www.gaveanews.com\/index.php\/wp-json\/wp\/v2\/media?parent=251552"}],"wp:term":[{"taxonomy":"category","embeddable":true,"href":"https:\/\/www.gaveanews.com\/index.php\/wp-json\/wp\/v2\/categories?post=251552"},{"taxonomy":"post_tag","embeddable":true,"href":"https:\/\/www.gaveanews.com\/index.php\/wp-json\/wp\/v2\/tags?post=251552"}],"curies":[{"name":"wp","href":"https:\/\/api.w.org\/{rel}","templated":true}]}}