{"id":251557,"date":"2025-04-10T12:50:00","date_gmt":"2025-04-10T15:50:00","guid":{"rendered":"https:\/\/www.gaveanews.com\/?p=251557"},"modified":"2025-04-10T10:49:01","modified_gmt":"2025-04-10T13:49:01","slug":"substituto-de-carille-estadio-definido-e-declaracao-de-lugano-as-ultimas-noticias-do-vasco","status":"publish","type":"post","link":"https:\/\/www.gaveanews.com\/index.php\/2025\/04\/10\/substituto-de-carille-estadio-definido-e-declaracao-de-lugano-as-ultimas-noticias-do-vasco\/","title":{"rendered":"Substituto de Carille, est\u00e1dio definido e declara\u00e7\u00e3o de Lugano: as \u00faltimas not\u00edcias do Vasco"},"content":{"rendered":"\n<p>Nas \u00faltimas horas, o foco das not\u00edcias sobre o Vasco se concentram nos bastidores do clube, com destaques do dia a dia do time.<\/p>\n\n\n\n<p>Por conta deste contexto, leia abaixo um resumo preparado pela equipe do portal G\u00e1vea News para lhe manter muito bem informado!<\/p>\n\n\n\n<div class=\"wp-block-group\"><div class=\"wp-block-group__inner-container is-layout-constrained wp-block-group-is-layout-constrained\">\n<h2 class=\"wp-block-heading\" id=\"h-declaracao-de-lugano\">Declara\u00e7\u00e3o de Lugano<\/h2>\n\n\n\n<p>Durante participa\u00e7\u00e3o no programa <em>Resenha da Rodada<\/em>, da ESPN, o ex-zagueiro Diego Lugano surpreendeu ao afirmar que o Vasco tem condi\u00e7\u00f5es reais de conquistar a Copa Sul-Americana de 2025. Segundo o uruguaio, apesar da instabilidade da equipe, o formato de mata-mata favorece times que sabem crescer durante a competi\u00e7\u00e3o. Ele destacou ainda o papel fundamental que a torcida vasca\u00edna pode exercer, especialmente em jogos decisivos em S\u00e3o Janu\u00e1rio, onde a atmosfera costuma ser decisiva <strong><a href=\"https:\/\/www.gaveanews.com\/index.php\/2025\/04\/08\/a-declaracao-de-lugano-direcionada-ao-vasco\/\">(leia a mat\u00e9ria completa).<\/a><\/strong><\/p>\n\n\n\n<figure class=\"wp-block-image size-large\"><img loading=\"lazy\" decoding=\"async\" width=\"1024\" height=\"768\" src=\"http:\/\/www.gaveanews.com\/wp-content\/uploads\/Lugano-com-a-camisa-do-Sao-Paulo-1024x768.webp\" alt=\"\" class=\"wp-image-154858\" srcset=\"https:\/\/www.gaveanews.com\/wp-content\/uploads\/Lugano-com-a-camisa-do-Sao-Paulo-1024x768.webp 1024w, https:\/\/www.gaveanews.com\/wp-content\/uploads\/Lugano-com-a-camisa-do-Sao-Paulo-300x225.webp 300w, https:\/\/www.gaveanews.com\/wp-content\/uploads\/Lugano-com-a-camisa-do-Sao-Paulo-768x576.webp 768w, https:\/\/www.gaveanews.com\/wp-content\/uploads\/Lugano-com-a-camisa-do-Sao-Paulo-560x420.webp 560w, https:\/\/www.gaveanews.com\/wp-content\/uploads\/Lugano-com-a-camisa-do-Sao-Paulo-1120x840.webp 1120w, https:\/\/www.gaveanews.com\/wp-content\/uploads\/Lugano-com-a-camisa-do-Sao-Paulo-80x60.webp 80w, https:\/\/www.gaveanews.com\/wp-content\/uploads\/Lugano-com-a-camisa-do-Sao-Paulo-160x120.webp 160w, https:\/\/www.gaveanews.com\/wp-content\/uploads\/Lugano-com-a-camisa-do-Sao-Paulo-100x75.webp 100w, https:\/\/www.gaveanews.com\/wp-content\/uploads\/Lugano-com-a-camisa-do-Sao-Paulo-200x150.webp 200w, https:\/\/www.gaveanews.com\/wp-content\/uploads\/Lugano-com-a-camisa-do-Sao-Paulo-180x135.webp 180w, https:\/\/www.gaveanews.com\/wp-content\/uploads\/Lugano-com-a-camisa-do-Sao-Paulo-360x270.webp 360w, https:\/\/www.gaveanews.com\/wp-content\/uploads\/Lugano-com-a-camisa-do-Sao-Paulo-238x178.webp 238w, https:\/\/www.gaveanews.com\/wp-content\/uploads\/Lugano-com-a-camisa-do-Sao-Paulo-476x356.webp 476w, https:\/\/www.gaveanews.com\/wp-content\/uploads\/Lugano-com-a-camisa-do-Sao-Paulo-640x480.webp 640w, https:\/\/www.gaveanews.com\/wp-content\/uploads\/Lugano-com-a-camisa-do-Sao-Paulo-1280x960.webp 1280w, https:\/\/www.gaveanews.com\/wp-content\/uploads\/Lugano-com-a-camisa-do-Sao-Paulo-681x511.webp 681w, https:\/\/www.gaveanews.com\/wp-content\/uploads\/Lugano-com-a-camisa-do-Sao-Paulo-1362x1022.webp 1362w, https:\/\/www.gaveanews.com\/wp-content\/uploads\/Lugano-com-a-camisa-do-Sao-Paulo.webp 1440w\" sizes=\"auto, (max-width: 1024px) 100vw, 1024px\" \/><figcaption class=\"wp-element-caption\">Lugano com a camisa do S\u00e3o Paulo (Foto: Reprodu\u00e7\u00e3o\/Instagram)<\/figcaption><\/figure>\n\n\n\n<p>O time comandado por F\u00e1bio Carille atravessa um momento delicado, acumulando maus resultados e sob forte press\u00e3o. <\/p>\n\n\n\n<p>No entanto, a vit\u00f3ria na pr\u00f3xima rodada da Sul-Americana contra o modesto Puerto Cabello \u00e9 vista como essencial para manter vivas as chances de classifica\u00e7\u00e3o. O pr\u00f3prio treinador refor\u00e7ou a import\u00e2ncia de treinar fundamentos como bola parada e organiza\u00e7\u00e3o defensiva, sinalizando foco total no torneio continental.<\/p>\n\n\n\n<p>Lugano tamb\u00e9m comentou uma recente pol\u00eamica envolvendo provoca\u00e7\u00f5es em campo, afirmando que lances de efeito, como o protagonizado por Memphis Depay no Paulist\u00e3o, \u201cfazem parte do jogo\u201d e n\u00e3o devem gerar puni\u00e7\u00f5es. Sua vis\u00e3o otimista sobre o Vasco contrasta com o cen\u00e1rio de cr\u00edticas recorrentes ao desempenho do clube no Brasileir\u00e3o, mas refor\u00e7a a ideia de que, com apoio da torcida e organiza\u00e7\u00e3o t\u00e1tica, o Cruz-Maltino pode surpreender na competi\u00e7\u00e3o internacional.<\/p>\n\n\n\n<h2 class=\"wp-block-heading\" id=\"h-estadio-definido\">Est\u00e1dio definido<\/h2>\n\n\n\n<p>O cl\u00e1ssico entre <strong>Vasco e Flamengo<\/strong>, v\u00e1lido pela quinta rodada do Brasileir\u00e3o, ser\u00e1 disputado no <strong>Maracan\u00e3<\/strong> no s\u00e1bado, 19 de abril, \u00e0s 18h30. A confirma\u00e7\u00e3o foi feita pelo CEO do Vasco, <strong>Carlos Amodeo<\/strong>, que anunciou tamb\u00e9m um acordo mais amplo envolvendo o uso do est\u00e1dio at\u00e9 2026. Segundo o dirigente, o clube garantiu condi\u00e7\u00f5es comerciais e operacionais equivalentes \u00e0s que Flamengo e Fluminense possuem, incluindo personaliza\u00e7\u00e3o de vesti\u00e1rio, camarotes e bandeiras de escanteio <strong><a href=\"https:\/\/www.gaveanews.com\/index.php\/2025\/04\/08\/vasco-x-flamengo-veja-em-qual-estadio-sera-o-classico\/\">(leia a mat\u00e9ria completa).<\/a><\/strong><\/p>\n\n\n\n<figure class=\"wp-block-image size-full\"><img loading=\"lazy\" decoding=\"async\" width=\"690\" height=\"470\" src=\"http:\/\/www.gaveanews.com\/wp-content\/uploads\/maracana_iluminacao_glo_95.webp\" alt=\"\" class=\"wp-image-115717\" srcset=\"https:\/\/www.gaveanews.com\/wp-content\/uploads\/maracana_iluminacao_glo_95.webp 690w, https:\/\/www.gaveanews.com\/wp-content\/uploads\/maracana_iluminacao_glo_95-300x204.webp 300w, https:\/\/www.gaveanews.com\/wp-content\/uploads\/maracana_iluminacao_glo_95-617x420.webp 617w, https:\/\/www.gaveanews.com\/wp-content\/uploads\/maracana_iluminacao_glo_95-640x436.webp 640w, https:\/\/www.gaveanews.com\/wp-content\/uploads\/maracana_iluminacao_glo_95-681x464.webp 681w, https:\/\/www.gaveanews.com\/wp-content\/uploads\/maracana_iluminacao_glo_95-100x68.webp 100w\" sizes=\"auto, (max-width: 690px) 100vw, 690px\" \/><figcaption class=\"wp-element-caption\">Maracan\u00e3 iluminado de verde e amarelo (Foto: Genilson Ara\u00fajo \/ Ag\u00eancia O Globo)<\/figcaption><\/figure>\n\n\n\n<p>Inicialmente, o desejo da diretoria era realizar o confronto em <strong>S\u00e3o Janu\u00e1rio<\/strong>, mas o Bepe (Batalh\u00e3o Especializado de Policiamento em Est\u00e1dios) vetou o local por quest\u00f5es de seguran\u00e7a. Mesmo ap\u00f3s uma liminar favor\u00e1vel da Justi\u00e7a autorizando o jogo na Colina Hist\u00f3rica, o Vasco optou por manter o compromisso firmado com os gestores do Maracan\u00e3. A decis\u00e3o dividiu opini\u00f5es entre os torcedores, especialmente ap\u00f3s cr\u00edticas de Amodeo \u00e0 Pol\u00edcia Militar do Rio de Janeiro, pela alegada \u201cincapacidade\u201d de garantir a seguran\u00e7a de um cl\u00e1ssico dessa magnitude.<\/p>\n\n\n\n<p>O acordo firmado tamb\u00e9m trouxe conquistas simb\u00f3licas, como a defini\u00e7\u00e3o da <strong>setoriza\u00e7\u00e3o das torcidas<\/strong> nos cl\u00e1ssicos contra o Fluminense. O Vasco garantiu o lado esquerdo do est\u00e1dio, encerrando uma disputa antiga sobre o setor preferencial das torcidas. A escolha pelo Maracan\u00e3, embora pol\u00eamica, representa um passo estrat\u00e9gico da diretoria cruz-maltina para fortalecer sua presen\u00e7a em jogos de grande apelo e melhorar a experi\u00eancia dos torcedores em partidas com mando pr\u00f3prio.<\/p>\n\n\n\n<h2 class=\"wp-block-heading\" id=\"h-substituto-de-carille\">Substituto de Carille<\/h2>\n\n\n\n<p>A situa\u00e7\u00e3o de F\u00e1bio Carille no comando do Vasco da Gama est\u00e1 cada vez mais delicada, e a diretoria j\u00e1 trabalha com um plano para substitu\u00ed-lo. Ap\u00f3s uma s\u00e9rie de resultados negativos e o desgaste com a torcida, o clube identificou Jorginho como o favorito para assumir a equipe. O treinador, que est\u00e1 livre no mercado desde sua sa\u00edda do Coritiba, \u00e9 considerado uma op\u00e7\u00e3o vi\u00e1vel para trazer estabilidade ao elenco cruzmaltino <strong><a href=\"https:\/\/www.gaveanews.com\/index.php\/2025\/04\/08\/vasco-ja-tem-um-favorito-para-substituir-fabio-carille\/\">(leia a mat\u00e9ria completa).<\/a><\/strong><\/p>\n\n\n\n<figure class=\"wp-block-image size-full\"><img loading=\"lazy\" decoding=\"async\" width=\"738\" height=\"469\" src=\"http:\/\/www.gaveanews.com\/wp-content\/uploads\/Carille-pelo-Vasco.webp\" alt=\"Carille pelo Vasco\" class=\"wp-image-220355\"\/><figcaption class=\"wp-element-caption\">Carille pelo Vasco (Foto: Reprodu\u00e7\u00e3o) <\/figcaption><\/figure>\n\n\n\n<p>A press\u00e3o sobre Carille cresceu ap\u00f3s elimina\u00e7\u00f5es e derrotas importantes, como a queda para o Flamengo no Carioca, a atua\u00e7\u00e3o fraca contra o Melgar na Sul-Americana e o rev\u00e9s por 3 a 0 diante do Corinthians. Mesmo com refor\u00e7os de peso, principalmente no setor ofensivo, o desempenho da equipe n\u00e3o evoluiu, o que gerou impaci\u00eancia entre os dirigentes e torcedores. Segundo informa\u00e7\u00f5es de bastidores, o t\u00e9cnico ter\u00e1 que vencer os pr\u00f3ximos dois jogos \u2014 contra o Puerto Cabello e o Sport \u2014 para manter-se no cargo.<\/p>\n\n\n\n<p>Jorginho, que j\u00e1 teve tr\u00eas passagens pelo Vasco, \u00e9 lembrado com carinho por parte da torcida por ter conquistado o Campeonato Carioca de 2016. Sua boa rela\u00e7\u00e3o com o presidente Pedrinho tamb\u00e9m pesa a favor. Apesar disso, a possibilidade de sua contrata\u00e7\u00e3o n\u00e3o agrada a todos, j\u00e1 que muitos consideram seu estilo de jogo semelhante ao de Carille. Ainda assim, sua experi\u00eancia e hist\u00f3rico no clube fazem dele o nome mais cotado para assumir o time caso a troca de comando se concretize nos pr\u00f3ximos dias.<\/p>\n<\/div><\/div>\n","protected":false},"excerpt":{"rendered":"<p>Nas \u00faltimas horas, o foco das not\u00edcias sobre o Vasco se concentram nos bastidores do clube, com destaques do dia a dia do time. Por conta deste contexto, leia abaixo um resumo preparado pela equipe do portal G\u00e1vea News para lhe manter muito bem informado! Declara\u00e7\u00e3o de Lugano Durante participa\u00e7\u00e3o no programa Resenha da Rodada, [&hellip;]<\/p>\n","protected":false},"author":33,"featured_media":147443,"comment_status":"open","ping_status":"closed","sticky":false,"template":"","format":"standard","meta":{"footnotes":""},"categories":[152],"tags":[],"class_list":["post-251557","post","type-post","status-publish","format-standard","has-post-thumbnail","hentry","category-vasco"],"yoast_head":"<!-- This site is optimized with the Yoast SEO Premium plugin v24.2 (Yoast SEO v26.9) - https:\/\/yoast.com\/product\/yoast-seo-premium-wordpress\/ -->\n<title>Substituto de Carille, est\u00e1dio definido e declara\u00e7\u00e3o de Lugano: as \u00faltimas not\u00edcias do Vasco<\/title>\n<meta name=\"robots\" content=\"index, follow, max-snippet:-1, max-image-preview:large, max-video-preview:-1\" \/>\n<link rel=\"canonical\" href=\"https:\/\/www.gaveanews.com\/index.php\/2025\/04\/10\/substituto-de-carille-estadio-definido-e-declaracao-de-lugano-as-ultimas-noticias-do-vasco\/\" \/>\n<meta property=\"og:locale\" content=\"pt_BR\" \/>\n<meta property=\"og:type\" content=\"article\" \/>\n<meta property=\"og:title\" content=\"Substituto de Carille, est\u00e1dio definido e declara\u00e7\u00e3o de Lugano: as \u00faltimas not\u00edcias do Vasco\" \/>\n<meta property=\"og:description\" content=\"Nas \u00faltimas horas, o foco das not\u00edcias sobre o Vasco se concentram nos bastidores do clube, com destaques do dia a dia do time. Por conta deste contexto, leia abaixo um resumo preparado pela equipe do portal G\u00e1vea News para lhe manter muito bem informado! Declara\u00e7\u00e3o de Lugano Durante participa\u00e7\u00e3o no programa Resenha da Rodada, [&hellip;]\" \/>\n<meta property=\"og:url\" content=\"https:\/\/www.gaveanews.com\/index.php\/2025\/04\/10\/substituto-de-carille-estadio-definido-e-declaracao-de-lugano-as-ultimas-noticias-do-vasco\/\" \/>\n<meta property=\"og:site_name\" content=\"G\u00e1vea News\" \/>\n<meta property=\"article:publisher\" content=\"https:\/\/facebook.com\/gaveaNews\/\" \/>\n<meta property=\"article:published_time\" content=\"2025-04-10T15:50:00+00:00\" \/>\n<meta property=\"og:image\" content=\"https:\/\/www.gaveanews.com\/wp-content\/uploads\/Camisa-do-Vasco-da-Gama.webp\" \/>\n\t<meta property=\"og:image:width\" content=\"1440\" \/>\n\t<meta property=\"og:image:height\" content=\"960\" \/>\n\t<meta property=\"og:image:type\" content=\"image\/jpeg\" \/>\n<meta name=\"author\" content=\"Brenda Cezillo\" \/>\n<meta name=\"twitter:card\" content=\"summary_large_image\" \/>\n<meta name=\"twitter:label1\" content=\"Escrito por\" \/>\n\t<meta name=\"twitter:data1\" content=\"Brenda Cezillo\" \/>\n\t<meta name=\"twitter:label2\" content=\"Est. tempo de leitura\" \/>\n\t<meta name=\"twitter:data2\" content=\"6 minutos\" \/>\n<script type=\"application\/ld+json\" class=\"yoast-schema-graph\">{\"@context\":\"https:\/\/schema.org\",\"@graph\":[{\"@type\":\"NewsArticle\",\"@id\":\"https:\/\/www.gaveanews.com\/index.php\/2025\/04\/10\/substituto-de-carille-estadio-definido-e-declaracao-de-lugano-as-ultimas-noticias-do-vasco\/#article\",\"isPartOf\":{\"@id\":\"https:\/\/www.gaveanews.com\/index.php\/2025\/04\/10\/substituto-de-carille-estadio-definido-e-declaracao-de-lugano-as-ultimas-noticias-do-vasco\/\"},\"author\":{\"name\":\"Brenda Cezillo\",\"@id\":\"https:\/\/www.gaveanews.com\/#\/schema\/person\/c79759ca337c40791ae8d08e2923d403\"},\"headline\":\"Substituto de Carille, est\u00e1dio definido e declara\u00e7\u00e3o de Lugano: as \u00faltimas not\u00edcias do Vasco\",\"datePublished\":\"2025-04-10T15:50:00+00:00\",\"mainEntityOfPage\":{\"@id\":\"https:\/\/www.gaveanews.com\/index.php\/2025\/04\/10\/substituto-de-carille-estadio-definido-e-declaracao-de-lugano-as-ultimas-noticias-do-vasco\/\"},\"wordCount\":883,\"commentCount\":0,\"image\":{\"@id\":\"https:\/\/www.gaveanews.com\/index.php\/2025\/04\/10\/substituto-de-carille-estadio-definido-e-declaracao-de-lugano-as-ultimas-noticias-do-vasco\/#primaryimage\"},\"thumbnailUrl\":\"https:\/\/www.gaveanews.com\/wp-content\/uploads\/Camisa-do-Vasco-da-Gama.webp\",\"articleSection\":[\"Vasco\"],\"inLanguage\":\"pt-BR\",\"potentialAction\":[{\"@type\":\"CommentAction\",\"name\":\"Comment\",\"target\":[\"https:\/\/www.gaveanews.com\/index.php\/2025\/04\/10\/substituto-de-carille-estadio-definido-e-declaracao-de-lugano-as-ultimas-noticias-do-vasco\/#respond\"]}],\"copyrightYear\":\"2025\",\"copyrightHolder\":{\"@id\":\"https:\/\/www.gaveanews.com\/#organization\"}},{\"@type\":\"WebPage\",\"@id\":\"https:\/\/www.gaveanews.com\/index.php\/2025\/04\/10\/substituto-de-carille-estadio-definido-e-declaracao-de-lugano-as-ultimas-noticias-do-vasco\/\",\"url\":\"https:\/\/www.gaveanews.com\/index.php\/2025\/04\/10\/substituto-de-carille-estadio-definido-e-declaracao-de-lugano-as-ultimas-noticias-do-vasco\/\",\"name\":\"Substituto de Carille, est\u00e1dio definido e declara\u00e7\u00e3o de Lugano: as \u00faltimas not\u00edcias do Vasco\",\"isPartOf\":{\"@id\":\"https:\/\/www.gaveanews.com\/#website\"},\"primaryImageOfPage\":{\"@id\":\"https:\/\/www.gaveanews.com\/index.php\/2025\/04\/10\/substituto-de-carille-estadio-definido-e-declaracao-de-lugano-as-ultimas-noticias-do-vasco\/#primaryimage\"},\"image\":{\"@id\":\"https:\/\/www.gaveanews.com\/index.php\/2025\/04\/10\/substituto-de-carille-estadio-definido-e-declaracao-de-lugano-as-ultimas-noticias-do-vasco\/#primaryimage\"},\"thumbnailUrl\":\"https:\/\/www.gaveanews.com\/wp-content\/uploads\/Camisa-do-Vasco-da-Gama.webp\",\"datePublished\":\"2025-04-10T15:50:00+00:00\",\"author\":{\"@id\":\"https:\/\/www.gaveanews.com\/#\/schema\/person\/c79759ca337c40791ae8d08e2923d403\"},\"breadcrumb\":{\"@id\":\"https:\/\/www.gaveanews.com\/index.php\/2025\/04\/10\/substituto-de-carille-estadio-definido-e-declaracao-de-lugano-as-ultimas-noticias-do-vasco\/#breadcrumb\"},\"inLanguage\":\"pt-BR\",\"potentialAction\":[{\"@type\":\"ReadAction\",\"target\":[\"https:\/\/www.gaveanews.com\/index.php\/2025\/04\/10\/substituto-de-carille-estadio-definido-e-declaracao-de-lugano-as-ultimas-noticias-do-vasco\/\"]}]},{\"@type\":\"ImageObject\",\"inLanguage\":\"pt-BR\",\"@id\":\"https:\/\/www.gaveanews.com\/index.php\/2025\/04\/10\/substituto-de-carille-estadio-definido-e-declaracao-de-lugano-as-ultimas-noticias-do-vasco\/#primaryimage\",\"url\":\"https:\/\/www.gaveanews.com\/wp-content\/uploads\/Camisa-do-Vasco-da-Gama.webp\",\"contentUrl\":\"https:\/\/www.gaveanews.com\/wp-content\/uploads\/Camisa-do-Vasco-da-Gama.webp\",\"width\":1440,\"height\":960,\"caption\":\"Camisa do Vasco da Gama (Foto: Reprodu\u00e7\u00e3o\/Instagram)\"},{\"@type\":\"BreadcrumbList\",\"@id\":\"https:\/\/www.gaveanews.com\/index.php\/2025\/04\/10\/substituto-de-carille-estadio-definido-e-declaracao-de-lugano-as-ultimas-noticias-do-vasco\/#breadcrumb\",\"itemListElement\":[{\"@type\":\"ListItem\",\"position\":1,\"name\":\"Home\",\"item\":\"https:\/\/www.gaveanews.com\/\"},{\"@type\":\"ListItem\",\"position\":2,\"name\":\"Substituto de Carille, est\u00e1dio definido e declara\u00e7\u00e3o de Lugano: as \u00faltimas not\u00edcias do Vasco\"}]},{\"@type\":\"WebSite\",\"@id\":\"https:\/\/www.gaveanews.com\/#website\",\"url\":\"https:\/\/www.gaveanews.com\/\",\"name\":\"G\u00e1vea News\",\"description\":\"Veja todas as not\u00edcias sobre o Flamengo: Contrata\u00e7\u00f5es, categorias de base, resultados das partidas, tabela de classifica\u00e7\u00e3o, pr\u00f3ximos jogos!\",\"potentialAction\":[{\"@type\":\"SearchAction\",\"target\":{\"@type\":\"EntryPoint\",\"urlTemplate\":\"https:\/\/www.gaveanews.com\/?s={search_term_string}\"},\"query-input\":{\"@type\":\"PropertyValueSpecification\",\"valueRequired\":true,\"valueName\":\"search_term_string\"}}],\"inLanguage\":\"pt-BR\"},{\"@type\":\"Person\",\"@id\":\"https:\/\/www.gaveanews.com\/#\/schema\/person\/c79759ca337c40791ae8d08e2923d403\",\"name\":\"Brenda Cezillo\",\"image\":{\"@type\":\"ImageObject\",\"inLanguage\":\"pt-BR\",\"@id\":\"https:\/\/www.gaveanews.com\/#\/schema\/person\/image\/\",\"url\":\"https:\/\/secure.gravatar.com\/avatar\/1738d75cee7317f9c29ae61dd67620c5883d80a92e42a6fff88ae5d527af217a?s=96&d=mm&r=g\",\"contentUrl\":\"https:\/\/secure.gravatar.com\/avatar\/1738d75cee7317f9c29ae61dd67620c5883d80a92e42a6fff88ae5d527af217a?s=96&d=mm&r=g\",\"caption\":\"Brenda Cezillo\"}}]}<\/script>\n<!-- \/ Yoast SEO Premium plugin. -->","yoast_head_json":{"title":"Substituto de Carille, est\u00e1dio definido e declara\u00e7\u00e3o de Lugano: as \u00faltimas not\u00edcias do Vasco","robots":{"index":"index","follow":"follow","max-snippet":"max-snippet:-1","max-image-preview":"max-image-preview:large","max-video-preview":"max-video-preview:-1"},"canonical":"https:\/\/www.gaveanews.com\/index.php\/2025\/04\/10\/substituto-de-carille-estadio-definido-e-declaracao-de-lugano-as-ultimas-noticias-do-vasco\/","og_locale":"pt_BR","og_type":"article","og_title":"Substituto de Carille, est\u00e1dio definido e declara\u00e7\u00e3o de Lugano: as \u00faltimas not\u00edcias do Vasco","og_description":"Nas \u00faltimas horas, o foco das not\u00edcias sobre o Vasco se concentram nos bastidores do clube, com destaques do dia a dia do time. Por conta deste contexto, leia abaixo um resumo preparado pela equipe do portal G\u00e1vea News para lhe manter muito bem informado! Declara\u00e7\u00e3o de Lugano Durante participa\u00e7\u00e3o no programa Resenha da Rodada, [&hellip;]","og_url":"https:\/\/www.gaveanews.com\/index.php\/2025\/04\/10\/substituto-de-carille-estadio-definido-e-declaracao-de-lugano-as-ultimas-noticias-do-vasco\/","og_site_name":"G\u00e1vea News","article_publisher":"https:\/\/facebook.com\/gaveaNews\/","article_published_time":"2025-04-10T15:50:00+00:00","og_image":[{"width":1440,"height":960,"url":"https:\/\/www.gaveanews.com\/wp-content\/uploads\/Camisa-do-Vasco-da-Gama.webp","type":"image\/jpeg"}],"author":"Brenda Cezillo","twitter_card":"summary_large_image","twitter_misc":{"Escrito por":"Brenda Cezillo","Est. tempo de leitura":"6 minutos"},"schema":{"@context":"https:\/\/schema.org","@graph":[{"@type":"NewsArticle","@id":"https:\/\/www.gaveanews.com\/index.php\/2025\/04\/10\/substituto-de-carille-estadio-definido-e-declaracao-de-lugano-as-ultimas-noticias-do-vasco\/#article","isPartOf":{"@id":"https:\/\/www.gaveanews.com\/index.php\/2025\/04\/10\/substituto-de-carille-estadio-definido-e-declaracao-de-lugano-as-ultimas-noticias-do-vasco\/"},"author":{"name":"Brenda Cezillo","@id":"https:\/\/www.gaveanews.com\/#\/schema\/person\/c79759ca337c40791ae8d08e2923d403"},"headline":"Substituto de Carille, est\u00e1dio definido e declara\u00e7\u00e3o de Lugano: as \u00faltimas not\u00edcias do Vasco","datePublished":"2025-04-10T15:50:00+00:00","mainEntityOfPage":{"@id":"https:\/\/www.gaveanews.com\/index.php\/2025\/04\/10\/substituto-de-carille-estadio-definido-e-declaracao-de-lugano-as-ultimas-noticias-do-vasco\/"},"wordCount":883,"commentCount":0,"image":{"@id":"https:\/\/www.gaveanews.com\/index.php\/2025\/04\/10\/substituto-de-carille-estadio-definido-e-declaracao-de-lugano-as-ultimas-noticias-do-vasco\/#primaryimage"},"thumbnailUrl":"https:\/\/www.gaveanews.com\/wp-content\/uploads\/Camisa-do-Vasco-da-Gama.webp","articleSection":["Vasco"],"inLanguage":"pt-BR","potentialAction":[{"@type":"CommentAction","name":"Comment","target":["https:\/\/www.gaveanews.com\/index.php\/2025\/04\/10\/substituto-de-carille-estadio-definido-e-declaracao-de-lugano-as-ultimas-noticias-do-vasco\/#respond"]}],"copyrightYear":"2025","copyrightHolder":{"@id":"https:\/\/www.gaveanews.com\/#organization"}},{"@type":"WebPage","@id":"https:\/\/www.gaveanews.com\/index.php\/2025\/04\/10\/substituto-de-carille-estadio-definido-e-declaracao-de-lugano-as-ultimas-noticias-do-vasco\/","url":"https:\/\/www.gaveanews.com\/index.php\/2025\/04\/10\/substituto-de-carille-estadio-definido-e-declaracao-de-lugano-as-ultimas-noticias-do-vasco\/","name":"Substituto de Carille, est\u00e1dio definido e declara\u00e7\u00e3o de Lugano: as \u00faltimas not\u00edcias do Vasco","isPartOf":{"@id":"https:\/\/www.gaveanews.com\/#website"},"primaryImageOfPage":{"@id":"https:\/\/www.gaveanews.com\/index.php\/2025\/04\/10\/substituto-de-carille-estadio-definido-e-declaracao-de-lugano-as-ultimas-noticias-do-vasco\/#primaryimage"},"image":{"@id":"https:\/\/www.gaveanews.com\/index.php\/2025\/04\/10\/substituto-de-carille-estadio-definido-e-declaracao-de-lugano-as-ultimas-noticias-do-vasco\/#primaryimage"},"thumbnailUrl":"https:\/\/www.gaveanews.com\/wp-content\/uploads\/Camisa-do-Vasco-da-Gama.webp","datePublished":"2025-04-10T15:50:00+00:00","author":{"@id":"https:\/\/www.gaveanews.com\/#\/schema\/person\/c79759ca337c40791ae8d08e2923d403"},"breadcrumb":{"@id":"https:\/\/www.gaveanews.com\/index.php\/2025\/04\/10\/substituto-de-carille-estadio-definido-e-declaracao-de-lugano-as-ultimas-noticias-do-vasco\/#breadcrumb"},"inLanguage":"pt-BR","potentialAction":[{"@type":"ReadAction","target":["https:\/\/www.gaveanews.com\/index.php\/2025\/04\/10\/substituto-de-carille-estadio-definido-e-declaracao-de-lugano-as-ultimas-noticias-do-vasco\/"]}]},{"@type":"ImageObject","inLanguage":"pt-BR","@id":"https:\/\/www.gaveanews.com\/index.php\/2025\/04\/10\/substituto-de-carille-estadio-definido-e-declaracao-de-lugano-as-ultimas-noticias-do-vasco\/#primaryimage","url":"https:\/\/www.gaveanews.com\/wp-content\/uploads\/Camisa-do-Vasco-da-Gama.webp","contentUrl":"https:\/\/www.gaveanews.com\/wp-content\/uploads\/Camisa-do-Vasco-da-Gama.webp","width":1440,"height":960,"caption":"Camisa do Vasco da Gama (Foto: Reprodu\u00e7\u00e3o\/Instagram)"},{"@type":"BreadcrumbList","@id":"https:\/\/www.gaveanews.com\/index.php\/2025\/04\/10\/substituto-de-carille-estadio-definido-e-declaracao-de-lugano-as-ultimas-noticias-do-vasco\/#breadcrumb","itemListElement":[{"@type":"ListItem","position":1,"name":"Home","item":"https:\/\/www.gaveanews.com\/"},{"@type":"ListItem","position":2,"name":"Substituto de Carille, est\u00e1dio definido e declara\u00e7\u00e3o de Lugano: as \u00faltimas not\u00edcias do Vasco"}]},{"@type":"WebSite","@id":"https:\/\/www.gaveanews.com\/#website","url":"https:\/\/www.gaveanews.com\/","name":"G\u00e1vea News","description":"Veja todas as not\u00edcias sobre o Flamengo: Contrata\u00e7\u00f5es, categorias de base, resultados das partidas, tabela de classifica\u00e7\u00e3o, pr\u00f3ximos jogos!","potentialAction":[{"@type":"SearchAction","target":{"@type":"EntryPoint","urlTemplate":"https:\/\/www.gaveanews.com\/?s={search_term_string}"},"query-input":{"@type":"PropertyValueSpecification","valueRequired":true,"valueName":"search_term_string"}}],"inLanguage":"pt-BR"},{"@type":"Person","@id":"https:\/\/www.gaveanews.com\/#\/schema\/person\/c79759ca337c40791ae8d08e2923d403","name":"Brenda Cezillo","image":{"@type":"ImageObject","inLanguage":"pt-BR","@id":"https:\/\/www.gaveanews.com\/#\/schema\/person\/image\/","url":"https:\/\/secure.gravatar.com\/avatar\/1738d75cee7317f9c29ae61dd67620c5883d80a92e42a6fff88ae5d527af217a?s=96&d=mm&r=g","contentUrl":"https:\/\/secure.gravatar.com\/avatar\/1738d75cee7317f9c29ae61dd67620c5883d80a92e42a6fff88ae5d527af217a?s=96&d=mm&r=g","caption":"Brenda Cezillo"}}]}},"_links":{"self":[{"href":"https:\/\/www.gaveanews.com\/index.php\/wp-json\/wp\/v2\/posts\/251557","targetHints":{"allow":["GET"]}}],"collection":[{"href":"https:\/\/www.gaveanews.com\/index.php\/wp-json\/wp\/v2\/posts"}],"about":[{"href":"https:\/\/www.gaveanews.com\/index.php\/wp-json\/wp\/v2\/types\/post"}],"author":[{"embeddable":true,"href":"https:\/\/www.gaveanews.com\/index.php\/wp-json\/wp\/v2\/users\/33"}],"replies":[{"embeddable":true,"href":"https:\/\/www.gaveanews.com\/index.php\/wp-json\/wp\/v2\/comments?post=251557"}],"version-history":[{"count":1,"href":"https:\/\/www.gaveanews.com\/index.php\/wp-json\/wp\/v2\/posts\/251557\/revisions"}],"predecessor-version":[{"id":251565,"href":"https:\/\/www.gaveanews.com\/index.php\/wp-json\/wp\/v2\/posts\/251557\/revisions\/251565"}],"wp:featuredmedia":[{"embeddable":true,"href":"https:\/\/www.gaveanews.com\/index.php\/wp-json\/wp\/v2\/media\/147443"}],"wp:attachment":[{"href":"https:\/\/www.gaveanews.com\/index.php\/wp-json\/wp\/v2\/media?parent=251557"}],"wp:term":[{"taxonomy":"category","embeddable":true,"href":"https:\/\/www.gaveanews.com\/index.php\/wp-json\/wp\/v2\/categories?post=251557"},{"taxonomy":"post_tag","embeddable":true,"href":"https:\/\/www.gaveanews.com\/index.php\/wp-json\/wp\/v2\/tags?post=251557"}],"curies":[{"name":"wp","href":"https:\/\/api.w.org\/{rel}","templated":true}]}}