{"id":251558,"date":"2025-04-10T14:50:30","date_gmt":"2025-04-10T17:50:30","guid":{"rendered":"https:\/\/www.gaveanews.com\/?p=251558"},"modified":"2025-04-10T12:24:46","modified_gmt":"2025-04-10T15:24:46","slug":"filipe-luis-e-sincero-sobre-qual-competicao-o-flamengo-ira-priorizar","status":"publish","type":"post","link":"https:\/\/www.gaveanews.com\/index.php\/2025\/04\/10\/filipe-luis-e-sincero-sobre-qual-competicao-o-flamengo-ira-priorizar\/","title":{"rendered":"Filipe Lu\u00eds \u00e9 sincero sobre qual competi\u00e7\u00e3o o Flamengo ir\u00e1 priorizar"},"content":{"rendered":"\n<p>A escala\u00e7\u00e3o do Flamengo na derrota diante do Central C\u00f3rdoba, pela segunda rodada da fase de grupos da Libertadores, fez crescer o debate sobre a prioriza\u00e7\u00e3o do Campeonato Brasileiro. No Maracan\u00e3, o time comandado por Filipe Lu\u00eds foi derrotado pelos argentinos por 2&#215;1 e agora se colocaram em situa\u00e7\u00e3o complicada no grupo.<\/p>\n\n\n\n<p>Na coletiva, Filipe Lu\u00eds foi questionado sobre priorizar o Brasileir\u00e3o e poupar atletas na Libertadores. Para a partida, Wesley, Pulgar e Gerson come\u00e7aram no banco de reservas. O treinador refutou as acusa\u00e7\u00f5es e afirmou que a Libertadores tamb\u00e9m \u00e9 uma prioridade na temporada.<\/p>\n\n\n\n<p>\u201cIsso n\u00e3o \u00e9 verdade. A Libertadores \u00e9 t\u00e3o prioridade quanto o Brasileiro. S\u00f3 que se poupou muito no Brasileiro nos \u00faltimos anos para jogar nas copas. Uma escolha minha, sou eu que escolho quem vai entrar em campo, pensando na fase de grupos da Libertadores que te permite fazer essas trocas, no advers\u00e1rio que vou enfrentar, na sequ\u00eancia de jogos de jogadores e no que vem pela frente&#8221;, afirmou Filipe Lu\u00eds.<\/p>\n\n\n\n<p>&#8220;Eu tomo as decis\u00f5es, quando perde \u00e9 claro que eu vou ser cobrado. \u00c9 normal. Isso tamb\u00e9m me faz crescer. Quando vence, tudo parece muito bonito nas escolhas que a gente faz. Quando perde v\u00eam as perguntas. Nenhum jogador vai conseguir estar em todos os jogos da temporada. Posso garantir para voc\u00eas. A exaust\u00e3o chega em algum momento. Tem que pensar na sa\u00fade deles\u201d, completou o treinador.<\/p>\n\n\n\n<p>Ap\u00f3s os resultados, o Flamengo termina a segunda rodada da fase de grupos da Libertadores na terceira coloca\u00e7\u00e3o. O Rubro-Negro soma tr\u00eas pontos apenas, enquanto o l\u00edder LDU tem quatro e o Central C\u00f3rdoba tamb\u00e9m tem quatro. J\u00e1 o Deportivo T\u00e1chira \u00e9 o lanterna e ainda n\u00e3o pontuou.<\/p>\n\n\n\n<p>Agora, o pr\u00f3ximo desafio do Flamengo na Libertadores ser\u00e1 na altitude de Quito. No dia 22, a equipe viaja para encarar a LDU. Antes disso, por\u00e9m, tem tr\u00eas partidas pelo Brasileir\u00e3o: Gr\u00eamio (fora), Juventude (casa), Vasco (no Maracan\u00e3, mas como visitante).<\/p>\n","protected":false},"excerpt":{"rendered":"<p>A escala\u00e7\u00e3o do Flamengo na derrota diante do Central C\u00f3rdoba, pela segunda rodada da fase de grupos da Libertadores, fez crescer o debate sobre a prioriza\u00e7\u00e3o do Campeonato Brasileiro. No Maracan\u00e3, o time comandado por Filipe Lu\u00eds foi derrotado pelos argentinos por 2&#215;1 e agora se colocaram em situa\u00e7\u00e3o complicada no grupo. Na coletiva, Filipe [&hellip;]<\/p>\n","protected":false},"author":32,"featured_media":251455,"comment_status":"open","ping_status":"closed","sticky":false,"template":"","format":"standard","meta":{"footnotes":""},"categories":[1],"tags":[],"class_list":["post-251558","post","type-post","status-publish","format-standard","has-post-thumbnail","hentry","category-flamengo"],"yoast_head":"<!-- This site is optimized with the Yoast SEO Premium plugin v24.2 (Yoast SEO v26.9) - https:\/\/yoast.com\/product\/yoast-seo-premium-wordpress\/ -->\n<title>Filipe Lu\u00eds \u00e9 sincero sobre qual competi\u00e7\u00e3o o Flamengo ir\u00e1 priorizar<\/title>\n<meta name=\"robots\" content=\"index, follow, max-snippet:-1, max-image-preview:large, max-video-preview:-1\" \/>\n<link rel=\"canonical\" href=\"https:\/\/www.gaveanews.com\/index.php\/2025\/04\/10\/filipe-luis-e-sincero-sobre-qual-competicao-o-flamengo-ira-priorizar\/\" \/>\n<meta property=\"og:locale\" content=\"pt_BR\" \/>\n<meta property=\"og:type\" content=\"article\" \/>\n<meta property=\"og:title\" content=\"Filipe Lu\u00eds \u00e9 sincero sobre qual competi\u00e7\u00e3o o Flamengo ir\u00e1 priorizar\" \/>\n<meta property=\"og:description\" content=\"A escala\u00e7\u00e3o do Flamengo na derrota diante do Central C\u00f3rdoba, pela segunda rodada da fase de grupos da Libertadores, fez crescer o debate sobre a prioriza\u00e7\u00e3o do Campeonato Brasileiro. No Maracan\u00e3, o time comandado por Filipe Lu\u00eds foi derrotado pelos argentinos por 2&#215;1 e agora se colocaram em situa\u00e7\u00e3o complicada no grupo. Na coletiva, Filipe [&hellip;]\" \/>\n<meta property=\"og:url\" content=\"https:\/\/www.gaveanews.com\/index.php\/2025\/04\/10\/filipe-luis-e-sincero-sobre-qual-competicao-o-flamengo-ira-priorizar\/\" \/>\n<meta property=\"og:site_name\" content=\"G\u00e1vea News\" \/>\n<meta property=\"article:publisher\" content=\"https:\/\/facebook.com\/gaveaNews\/\" \/>\n<meta property=\"article:published_time\" content=\"2025-04-10T17:50:30+00:00\" \/>\n<meta property=\"og:image\" content=\"https:\/\/www.gaveanews.com\/wp-content\/uploads\/Filipe-Luis-pelo-Flamengo.webp\" \/>\n\t<meta property=\"og:image:width\" content=\"477\" \/>\n\t<meta property=\"og:image:height\" content=\"291\" \/>\n\t<meta property=\"og:image:type\" content=\"image\/jpeg\" \/>\n<meta name=\"author\" content=\"Matheus Leal\" \/>\n<meta name=\"twitter:card\" content=\"summary_large_image\" \/>\n<meta name=\"twitter:label1\" content=\"Escrito por\" \/>\n\t<meta name=\"twitter:data1\" content=\"Matheus Leal\" \/>\n\t<meta name=\"twitter:label2\" content=\"Est. tempo de leitura\" \/>\n\t<meta name=\"twitter:data2\" content=\"2 minutos\" \/>\n<script type=\"application\/ld+json\" class=\"yoast-schema-graph\">{\"@context\":\"https:\/\/schema.org\",\"@graph\":[{\"@type\":\"NewsArticle\",\"@id\":\"https:\/\/www.gaveanews.com\/index.php\/2025\/04\/10\/filipe-luis-e-sincero-sobre-qual-competicao-o-flamengo-ira-priorizar\/#article\",\"isPartOf\":{\"@id\":\"https:\/\/www.gaveanews.com\/index.php\/2025\/04\/10\/filipe-luis-e-sincero-sobre-qual-competicao-o-flamengo-ira-priorizar\/\"},\"author\":{\"name\":\"Matheus Leal\",\"@id\":\"https:\/\/www.gaveanews.com\/#\/schema\/person\/49ac99b6823a2b8d5087a6ce3aaaa128\"},\"headline\":\"Filipe Lu\u00eds \u00e9 sincero sobre qual competi\u00e7\u00e3o o Flamengo ir\u00e1 priorizar\",\"datePublished\":\"2025-04-10T17:50:30+00:00\",\"mainEntityOfPage\":{\"@id\":\"https:\/\/www.gaveanews.com\/index.php\/2025\/04\/10\/filipe-luis-e-sincero-sobre-qual-competicao-o-flamengo-ira-priorizar\/\"},\"wordCount\":361,\"commentCount\":0,\"image\":{\"@id\":\"https:\/\/www.gaveanews.com\/index.php\/2025\/04\/10\/filipe-luis-e-sincero-sobre-qual-competicao-o-flamengo-ira-priorizar\/#primaryimage\"},\"thumbnailUrl\":\"https:\/\/www.gaveanews.com\/wp-content\/uploads\/Filipe-Luis-pelo-Flamengo.webp\",\"articleSection\":[\"Flamengo\"],\"inLanguage\":\"pt-BR\",\"potentialAction\":[{\"@type\":\"CommentAction\",\"name\":\"Comment\",\"target\":[\"https:\/\/www.gaveanews.com\/index.php\/2025\/04\/10\/filipe-luis-e-sincero-sobre-qual-competicao-o-flamengo-ira-priorizar\/#respond\"]}],\"copyrightYear\":\"2025\",\"copyrightHolder\":{\"@id\":\"https:\/\/www.gaveanews.com\/#organization\"}},{\"@type\":\"WebPage\",\"@id\":\"https:\/\/www.gaveanews.com\/index.php\/2025\/04\/10\/filipe-luis-e-sincero-sobre-qual-competicao-o-flamengo-ira-priorizar\/\",\"url\":\"https:\/\/www.gaveanews.com\/index.php\/2025\/04\/10\/filipe-luis-e-sincero-sobre-qual-competicao-o-flamengo-ira-priorizar\/\",\"name\":\"Filipe Lu\u00eds \u00e9 sincero sobre qual competi\u00e7\u00e3o o Flamengo ir\u00e1 priorizar\",\"isPartOf\":{\"@id\":\"https:\/\/www.gaveanews.com\/#website\"},\"primaryImageOfPage\":{\"@id\":\"https:\/\/www.gaveanews.com\/index.php\/2025\/04\/10\/filipe-luis-e-sincero-sobre-qual-competicao-o-flamengo-ira-priorizar\/#primaryimage\"},\"image\":{\"@id\":\"https:\/\/www.gaveanews.com\/index.php\/2025\/04\/10\/filipe-luis-e-sincero-sobre-qual-competicao-o-flamengo-ira-priorizar\/#primaryimage\"},\"thumbnailUrl\":\"https:\/\/www.gaveanews.com\/wp-content\/uploads\/Filipe-Luis-pelo-Flamengo.webp\",\"datePublished\":\"2025-04-10T17:50:30+00:00\",\"author\":{\"@id\":\"https:\/\/www.gaveanews.com\/#\/schema\/person\/49ac99b6823a2b8d5087a6ce3aaaa128\"},\"breadcrumb\":{\"@id\":\"https:\/\/www.gaveanews.com\/index.php\/2025\/04\/10\/filipe-luis-e-sincero-sobre-qual-competicao-o-flamengo-ira-priorizar\/#breadcrumb\"},\"inLanguage\":\"pt-BR\",\"potentialAction\":[{\"@type\":\"ReadAction\",\"target\":[\"https:\/\/www.gaveanews.com\/index.php\/2025\/04\/10\/filipe-luis-e-sincero-sobre-qual-competicao-o-flamengo-ira-priorizar\/\"]}]},{\"@type\":\"ImageObject\",\"inLanguage\":\"pt-BR\",\"@id\":\"https:\/\/www.gaveanews.com\/index.php\/2025\/04\/10\/filipe-luis-e-sincero-sobre-qual-competicao-o-flamengo-ira-priorizar\/#primaryimage\",\"url\":\"https:\/\/www.gaveanews.com\/wp-content\/uploads\/Filipe-Luis-pelo-Flamengo.webp\",\"contentUrl\":\"https:\/\/www.gaveanews.com\/wp-content\/uploads\/Filipe-Luis-pelo-Flamengo.webp\",\"width\":477,\"height\":291,\"caption\":\"Filipe Lu\u00eds pelo Flamengo (Fotos: Gilvan de Souza\/Flamengo)\"},{\"@type\":\"BreadcrumbList\",\"@id\":\"https:\/\/www.gaveanews.com\/index.php\/2025\/04\/10\/filipe-luis-e-sincero-sobre-qual-competicao-o-flamengo-ira-priorizar\/#breadcrumb\",\"itemListElement\":[{\"@type\":\"ListItem\",\"position\":1,\"name\":\"Home\",\"item\":\"https:\/\/www.gaveanews.com\/\"},{\"@type\":\"ListItem\",\"position\":2,\"name\":\"Filipe Lu\u00eds \u00e9 sincero sobre qual competi\u00e7\u00e3o o Flamengo ir\u00e1 priorizar\"}]},{\"@type\":\"WebSite\",\"@id\":\"https:\/\/www.gaveanews.com\/#website\",\"url\":\"https:\/\/www.gaveanews.com\/\",\"name\":\"G\u00e1vea News\",\"description\":\"Veja todas as not\u00edcias sobre o Flamengo: Contrata\u00e7\u00f5es, categorias de base, resultados das partidas, tabela de classifica\u00e7\u00e3o, pr\u00f3ximos jogos!\",\"potentialAction\":[{\"@type\":\"SearchAction\",\"target\":{\"@type\":\"EntryPoint\",\"urlTemplate\":\"https:\/\/www.gaveanews.com\/?s={search_term_string}\"},\"query-input\":{\"@type\":\"PropertyValueSpecification\",\"valueRequired\":true,\"valueName\":\"search_term_string\"}}],\"inLanguage\":\"pt-BR\"},{\"@type\":\"Person\",\"@id\":\"https:\/\/www.gaveanews.com\/#\/schema\/person\/49ac99b6823a2b8d5087a6ce3aaaa128\",\"name\":\"Matheus Leal\",\"image\":{\"@type\":\"ImageObject\",\"inLanguage\":\"pt-BR\",\"@id\":\"https:\/\/www.gaveanews.com\/#\/schema\/person\/image\/\",\"url\":\"https:\/\/secure.gravatar.com\/avatar\/21c52300d1234416f9c886f6dadd7452d8b035ac505314a51e4f56731e90c481?s=96&d=mm&r=g\",\"contentUrl\":\"https:\/\/secure.gravatar.com\/avatar\/21c52300d1234416f9c886f6dadd7452d8b035ac505314a51e4f56731e90c481?s=96&d=mm&r=g\",\"caption\":\"Matheus Leal\"}}]}<\/script>\n<!-- \/ Yoast SEO Premium plugin. -->","yoast_head_json":{"title":"Filipe Lu\u00eds \u00e9 sincero sobre qual competi\u00e7\u00e3o o Flamengo ir\u00e1 priorizar","robots":{"index":"index","follow":"follow","max-snippet":"max-snippet:-1","max-image-preview":"max-image-preview:large","max-video-preview":"max-video-preview:-1"},"canonical":"https:\/\/www.gaveanews.com\/index.php\/2025\/04\/10\/filipe-luis-e-sincero-sobre-qual-competicao-o-flamengo-ira-priorizar\/","og_locale":"pt_BR","og_type":"article","og_title":"Filipe Lu\u00eds \u00e9 sincero sobre qual competi\u00e7\u00e3o o Flamengo ir\u00e1 priorizar","og_description":"A escala\u00e7\u00e3o do Flamengo na derrota diante do Central C\u00f3rdoba, pela segunda rodada da fase de grupos da Libertadores, fez crescer o debate sobre a prioriza\u00e7\u00e3o do Campeonato Brasileiro. No Maracan\u00e3, o time comandado por Filipe Lu\u00eds foi derrotado pelos argentinos por 2&#215;1 e agora se colocaram em situa\u00e7\u00e3o complicada no grupo. Na coletiva, Filipe [&hellip;]","og_url":"https:\/\/www.gaveanews.com\/index.php\/2025\/04\/10\/filipe-luis-e-sincero-sobre-qual-competicao-o-flamengo-ira-priorizar\/","og_site_name":"G\u00e1vea News","article_publisher":"https:\/\/facebook.com\/gaveaNews\/","article_published_time":"2025-04-10T17:50:30+00:00","og_image":[{"width":477,"height":291,"url":"https:\/\/www.gaveanews.com\/wp-content\/uploads\/Filipe-Luis-pelo-Flamengo.webp","type":"image\/jpeg"}],"author":"Matheus Leal","twitter_card":"summary_large_image","twitter_misc":{"Escrito por":"Matheus Leal","Est. tempo de leitura":"2 minutos"},"schema":{"@context":"https:\/\/schema.org","@graph":[{"@type":"NewsArticle","@id":"https:\/\/www.gaveanews.com\/index.php\/2025\/04\/10\/filipe-luis-e-sincero-sobre-qual-competicao-o-flamengo-ira-priorizar\/#article","isPartOf":{"@id":"https:\/\/www.gaveanews.com\/index.php\/2025\/04\/10\/filipe-luis-e-sincero-sobre-qual-competicao-o-flamengo-ira-priorizar\/"},"author":{"name":"Matheus Leal","@id":"https:\/\/www.gaveanews.com\/#\/schema\/person\/49ac99b6823a2b8d5087a6ce3aaaa128"},"headline":"Filipe Lu\u00eds \u00e9 sincero sobre qual competi\u00e7\u00e3o o Flamengo ir\u00e1 priorizar","datePublished":"2025-04-10T17:50:30+00:00","mainEntityOfPage":{"@id":"https:\/\/www.gaveanews.com\/index.php\/2025\/04\/10\/filipe-luis-e-sincero-sobre-qual-competicao-o-flamengo-ira-priorizar\/"},"wordCount":361,"commentCount":0,"image":{"@id":"https:\/\/www.gaveanews.com\/index.php\/2025\/04\/10\/filipe-luis-e-sincero-sobre-qual-competicao-o-flamengo-ira-priorizar\/#primaryimage"},"thumbnailUrl":"https:\/\/www.gaveanews.com\/wp-content\/uploads\/Filipe-Luis-pelo-Flamengo.webp","articleSection":["Flamengo"],"inLanguage":"pt-BR","potentialAction":[{"@type":"CommentAction","name":"Comment","target":["https:\/\/www.gaveanews.com\/index.php\/2025\/04\/10\/filipe-luis-e-sincero-sobre-qual-competicao-o-flamengo-ira-priorizar\/#respond"]}],"copyrightYear":"2025","copyrightHolder":{"@id":"https:\/\/www.gaveanews.com\/#organization"}},{"@type":"WebPage","@id":"https:\/\/www.gaveanews.com\/index.php\/2025\/04\/10\/filipe-luis-e-sincero-sobre-qual-competicao-o-flamengo-ira-priorizar\/","url":"https:\/\/www.gaveanews.com\/index.php\/2025\/04\/10\/filipe-luis-e-sincero-sobre-qual-competicao-o-flamengo-ira-priorizar\/","name":"Filipe Lu\u00eds \u00e9 sincero sobre qual competi\u00e7\u00e3o o Flamengo ir\u00e1 priorizar","isPartOf":{"@id":"https:\/\/www.gaveanews.com\/#website"},"primaryImageOfPage":{"@id":"https:\/\/www.gaveanews.com\/index.php\/2025\/04\/10\/filipe-luis-e-sincero-sobre-qual-competicao-o-flamengo-ira-priorizar\/#primaryimage"},"image":{"@id":"https:\/\/www.gaveanews.com\/index.php\/2025\/04\/10\/filipe-luis-e-sincero-sobre-qual-competicao-o-flamengo-ira-priorizar\/#primaryimage"},"thumbnailUrl":"https:\/\/www.gaveanews.com\/wp-content\/uploads\/Filipe-Luis-pelo-Flamengo.webp","datePublished":"2025-04-10T17:50:30+00:00","author":{"@id":"https:\/\/www.gaveanews.com\/#\/schema\/person\/49ac99b6823a2b8d5087a6ce3aaaa128"},"breadcrumb":{"@id":"https:\/\/www.gaveanews.com\/index.php\/2025\/04\/10\/filipe-luis-e-sincero-sobre-qual-competicao-o-flamengo-ira-priorizar\/#breadcrumb"},"inLanguage":"pt-BR","potentialAction":[{"@type":"ReadAction","target":["https:\/\/www.gaveanews.com\/index.php\/2025\/04\/10\/filipe-luis-e-sincero-sobre-qual-competicao-o-flamengo-ira-priorizar\/"]}]},{"@type":"ImageObject","inLanguage":"pt-BR","@id":"https:\/\/www.gaveanews.com\/index.php\/2025\/04\/10\/filipe-luis-e-sincero-sobre-qual-competicao-o-flamengo-ira-priorizar\/#primaryimage","url":"https:\/\/www.gaveanews.com\/wp-content\/uploads\/Filipe-Luis-pelo-Flamengo.webp","contentUrl":"https:\/\/www.gaveanews.com\/wp-content\/uploads\/Filipe-Luis-pelo-Flamengo.webp","width":477,"height":291,"caption":"Filipe Lu\u00eds pelo Flamengo (Fotos: Gilvan de Souza\/Flamengo)"},{"@type":"BreadcrumbList","@id":"https:\/\/www.gaveanews.com\/index.php\/2025\/04\/10\/filipe-luis-e-sincero-sobre-qual-competicao-o-flamengo-ira-priorizar\/#breadcrumb","itemListElement":[{"@type":"ListItem","position":1,"name":"Home","item":"https:\/\/www.gaveanews.com\/"},{"@type":"ListItem","position":2,"name":"Filipe Lu\u00eds \u00e9 sincero sobre qual competi\u00e7\u00e3o o Flamengo ir\u00e1 priorizar"}]},{"@type":"WebSite","@id":"https:\/\/www.gaveanews.com\/#website","url":"https:\/\/www.gaveanews.com\/","name":"G\u00e1vea News","description":"Veja todas as not\u00edcias sobre o Flamengo: Contrata\u00e7\u00f5es, categorias de base, resultados das partidas, tabela de classifica\u00e7\u00e3o, pr\u00f3ximos jogos!","potentialAction":[{"@type":"SearchAction","target":{"@type":"EntryPoint","urlTemplate":"https:\/\/www.gaveanews.com\/?s={search_term_string}"},"query-input":{"@type":"PropertyValueSpecification","valueRequired":true,"valueName":"search_term_string"}}],"inLanguage":"pt-BR"},{"@type":"Person","@id":"https:\/\/www.gaveanews.com\/#\/schema\/person\/49ac99b6823a2b8d5087a6ce3aaaa128","name":"Matheus Leal","image":{"@type":"ImageObject","inLanguage":"pt-BR","@id":"https:\/\/www.gaveanews.com\/#\/schema\/person\/image\/","url":"https:\/\/secure.gravatar.com\/avatar\/21c52300d1234416f9c886f6dadd7452d8b035ac505314a51e4f56731e90c481?s=96&d=mm&r=g","contentUrl":"https:\/\/secure.gravatar.com\/avatar\/21c52300d1234416f9c886f6dadd7452d8b035ac505314a51e4f56731e90c481?s=96&d=mm&r=g","caption":"Matheus Leal"}}]}},"_links":{"self":[{"href":"https:\/\/www.gaveanews.com\/index.php\/wp-json\/wp\/v2\/posts\/251558","targetHints":{"allow":["GET"]}}],"collection":[{"href":"https:\/\/www.gaveanews.com\/index.php\/wp-json\/wp\/v2\/posts"}],"about":[{"href":"https:\/\/www.gaveanews.com\/index.php\/wp-json\/wp\/v2\/types\/post"}],"author":[{"embeddable":true,"href":"https:\/\/www.gaveanews.com\/index.php\/wp-json\/wp\/v2\/users\/32"}],"replies":[{"embeddable":true,"href":"https:\/\/www.gaveanews.com\/index.php\/wp-json\/wp\/v2\/comments?post=251558"}],"version-history":[{"count":1,"href":"https:\/\/www.gaveanews.com\/index.php\/wp-json\/wp\/v2\/posts\/251558\/revisions"}],"predecessor-version":[{"id":251585,"href":"https:\/\/www.gaveanews.com\/index.php\/wp-json\/wp\/v2\/posts\/251558\/revisions\/251585"}],"wp:featuredmedia":[{"embeddable":true,"href":"https:\/\/www.gaveanews.com\/index.php\/wp-json\/wp\/v2\/media\/251455"}],"wp:attachment":[{"href":"https:\/\/www.gaveanews.com\/index.php\/wp-json\/wp\/v2\/media?parent=251558"}],"wp:term":[{"taxonomy":"category","embeddable":true,"href":"https:\/\/www.gaveanews.com\/index.php\/wp-json\/wp\/v2\/categories?post=251558"},{"taxonomy":"post_tag","embeddable":true,"href":"https:\/\/www.gaveanews.com\/index.php\/wp-json\/wp\/v2\/tags?post=251558"}],"curies":[{"name":"wp","href":"https:\/\/api.w.org\/{rel}","templated":true}]}}