{"id":251560,"date":"2025-04-10T13:00:00","date_gmt":"2025-04-10T16:00:00","guid":{"rendered":"https:\/\/www.gaveanews.com\/?p=251560"},"modified":"2025-04-10T11:56:26","modified_gmt":"2025-04-10T14:56:26","slug":"futuro-de-romero-financiamento-da-arena-e-declaracao-de-ana-thais-as-ultimas-noticias-do-corinthians","status":"publish","type":"post","link":"https:\/\/www.gaveanews.com\/index.php\/2025\/04\/10\/futuro-de-romero-financiamento-da-arena-e-declaracao-de-ana-thais-as-ultimas-noticias-do-corinthians\/","title":{"rendered":"Futuro de Romero, financiamento da Arena e declara\u00e7\u00e3o de Ana Tha\u00eds: as \u00faltimas not\u00edcias do Corinthians"},"content":{"rendered":"\n<p>Nas \u00faltimas horas, o foco das not\u00edcias sobre o Corinthians se concentram nos bastidores do clube, com destaques do dia a dia do time.<\/p>\n\n\n\n<p>Por conta deste contexto, leia abaixo um resumo preparado pela equipe do portal G\u00e1vea News para lhe manter muito bem informado!<\/p>\n\n\n\n<div class=\"wp-block-group\"><div class=\"wp-block-group__inner-container is-layout-constrained wp-block-group-is-layout-constrained\">\n<h2 class=\"wp-block-heading\" id=\"h-declaracao-de-ana-thais\">Declara\u00e7\u00e3o de Ana Tha\u00eds<\/h2>\n\n\n\n<p>A comentarista Ana Tha\u00eds Matos voltou a criticar com veem\u00eancia o t\u00e9cnico Ram\u00f3n D\u00edaz, do Corinthians, ap\u00f3s mais um resultado decepcionante em competi\u00e7\u00f5es internacionais. Durante sua participa\u00e7\u00e3o na Globo, ela destacou que o treinador acumula mais fracassos do que sucessos e afirmou que a recente derrota para o Hurac\u00e1n, na estreia da Sul-Americana, refor\u00e7a a falta de competitividade do time fora do Brasil. Para Ana, o t\u00e9cnico s\u00f3 voltou a dar prioridade ao torneio porque n\u00e3o obteve sucesso na primeira rodada <strong><a href=\"https:\/\/www.gaveanews.com\/index.php\/2025\/04\/08\/a-declaracao-de-ana-thais-direcionada-a-ramon-diaz-do-corinthians\/\">(leia a mat\u00e9ria completa).<\/a><\/strong><\/p>\n\n\n\n<figure class=\"wp-block-image size-large\"><img loading=\"lazy\" decoding=\"async\" width=\"1024\" height=\"576\" src=\"http:\/\/www.gaveanews.com\/wp-content\/uploads\/Ana-Thais-Matos-jornalista-do-Sportv-1024x576.webp\" alt=\"\" class=\"wp-image-55460\" srcset=\"https:\/\/www.gaveanews.com\/wp-content\/uploads\/Ana-Thais-Matos-jornalista-do-Sportv-1024x576.webp 1024w, https:\/\/www.gaveanews.com\/wp-content\/uploads\/Ana-Thais-Matos-jornalista-do-Sportv-300x169.webp 300w, https:\/\/www.gaveanews.com\/wp-content\/uploads\/Ana-Thais-Matos-jornalista-do-Sportv-768x432.webp 768w, https:\/\/www.gaveanews.com\/wp-content\/uploads\/Ana-Thais-Matos-jornalista-do-Sportv-746x420.webp 746w, https:\/\/www.gaveanews.com\/wp-content\/uploads\/Ana-Thais-Matos-jornalista-do-Sportv-640x360.webp 640w, https:\/\/www.gaveanews.com\/wp-content\/uploads\/Ana-Thais-Matos-jornalista-do-Sportv-1280x721.webp 1280w, https:\/\/www.gaveanews.com\/wp-content\/uploads\/Ana-Thais-Matos-jornalista-do-Sportv-681x383.webp 681w, https:\/\/www.gaveanews.com\/wp-content\/uploads\/Ana-Thais-Matos-jornalista-do-Sportv-1362x767.webp 1362w, https:\/\/www.gaveanews.com\/wp-content\/uploads\/Ana-Thais-Matos-jornalista-do-Sportv-100x56.webp 100w, https:\/\/www.gaveanews.com\/wp-content\/uploads\/Ana-Thais-Matos-jornalista-do-Sportv.webp 1366w\" sizes=\"auto, (max-width: 1024px) 100vw, 1024px\" \/><figcaption class=\"wp-element-caption\">Ana Thais Mattos, jornalista do Sportv (Foto: Reprodu\u00e7\u00e3o)<\/figcaption><\/figure>\n\n\n\n<p>Mesmo com a conquista do Campeonato Paulista, a jornalista considera que o saldo de Ram\u00f3n D\u00edaz continua negativo. Ela relembrou elimina\u00e7\u00f5es na semifinal da Copa do Brasil para o Flamengo e na pr\u00f3pria Sul-Americana de 2024, diante do Racing. Com isso, a press\u00e3o sobre o argentino cresce, principalmente diante de uma torcida que segue dividida entre apoiar e cobrar mudan\u00e7as mais firmes no comando t\u00e9cnico.<\/p>\n\n\n\n<p>O Corinthians, que teve in\u00edcio razo\u00e1vel no Brasileir\u00e3o ao empatar com o Bahia e vencer o Vasco, agora enfrenta uma sequ\u00eancia decisiva. Nesta ter\u00e7a (8), o clube encara o Am\u00e9rica de Cali pela Sul-Americana e, em seguida, disputa um cl\u00e1ssico contra o Palmeiras. Segundo Ana Tha\u00eds, esses jogos podem definir o futuro de Ram\u00f3n D\u00edaz no clube, pois novos trope\u00e7os poder\u00e3o selar sua sa\u00edda e reacender de vez a crise no Parque S\u00e3o Jorge.<\/p>\n\n\n\n<h2 class=\"wp-block-heading\" id=\"h-financiamento-da-arena\">Financiamento da Arena<\/h2>\n\n\n\n<p>A Gavi\u00f5es da Fiel intensificou sua atua\u00e7\u00e3o em apoio \u00e0 campanha <strong>\u201cDoe Arena Corinthians\u201d<\/strong>, que visa arrecadar <strong>R$ 700 milh\u00f5es<\/strong> para quitar a d\u00edvida da <strong>Neo Qu\u00edmica Arena<\/strong> at\u00e9 maio de 2025. Ap\u00f3s uma queda no ritmo das doa\u00e7\u00f5es, a torcida organizada decidiu fortalecer a mobiliza\u00e7\u00e3o nas redes sociais e conclamou os torcedores a contribu\u00edrem com valores a partir de R$ 10. At\u00e9 o momento, a arrecada\u00e7\u00e3o alcan\u00e7ou <strong>R$ 39,6 milh\u00f5es<\/strong>, o que representa apenas 5,66% da meta estabelecida<strong><a href=\"https:\/\/www.gaveanews.com\/index.php\/2025\/04\/08\/gavioes-da-fiel-toma-atitude-importante-sobre-o-financiamento-coletivo-da-neo-quimica-arena\/\"> (leia a mat\u00e9ria completa).<\/a><\/strong><\/p>\n\n\n\n<figure class=\"wp-block-image size-full\"><img loading=\"lazy\" decoding=\"async\" width=\"897\" height=\"514\" src=\"http:\/\/www.gaveanews.com\/wp-content\/uploads\/Torcida-do-Corinthians.webp\" alt=\"\" class=\"wp-image-249244\"\/><figcaption class=\"wp-element-caption\">Torcida do Corinthians (Foto: Rorigo Coca\/Ag\u00eancia Corinthians)<\/figcaption><\/figure>\n\n\n\n<p>Com o objetivo de reacender o engajamento popular, a campanha tem sido impulsionada por transmiss\u00f5es ao vivo, sempre \u00e0s 19h10 \u2014 refer\u00eancia ao ano de funda\u00e7\u00e3o do clube \u2014, com a participa\u00e7\u00e3o de ex-jogadores, influenciadores e figuras hist\u00f3ricas do Corinthians. <\/p>\n\n\n\n<p>A diretoria da Gavi\u00f5es aposta no recente t\u00edtulo paulista e no recorde de p\u00fablico na final contra o Palmeiras como catalisadores emocionais para atrair novos doadores. O clube venceu o rival por 2 a 0, encerrando um jejum de seis anos sem t\u00edtulos e reunindo mais de 48 mil torcedores no est\u00e1dio.<\/p>\n\n\n\n<p>Apesar da dist\u00e2ncia da meta, a campanha continua sendo s\u00edmbolo de uni\u00e3o entre torcida e clube, representando um esfor\u00e7o coletivo para quitar uma d\u00edvida hist\u00f3rica com a Caixa Econ\u00f4mica Federal. Nos pr\u00f3ximos meses, a expectativa \u00e9 ampliar o alcance digital da iniciativa, criar novos conte\u00fados audiovisuais e estimular ainda mais o sentimento de pertencimento entre os torcedores. A Gavi\u00f5es reafirma que o sucesso da campanha depende do comprometimento cont\u00ednuo da Fiel para transformar o est\u00e1dio em um patrim\u00f4nio 100% quitado.<\/p>\n\n\n\n<h2 class=\"wp-block-heading\" id=\"h-futuro-de-romero\">Futuro de Romero<\/h2>\n\n\n\n<p>O atacante \u00c1ngel Romero, \u00eddolo do Corinthians e maior artilheiro estrangeiro da hist\u00f3ria do clube, ainda n\u00e3o definiu seu futuro para al\u00e9m de 2025, quando se encerra seu contrato atual. A diretoria alvinegra, segundo o executivo Fabinho Soldado, optou por adiar qualquer tratativa de renova\u00e7\u00e3o para o segundo semestre, priorizando o foco nas competi\u00e7\u00f5es em andamento. A postura \u00e9 compartilhada pelo pr\u00f3prio Romero, que declarou estar concentrado em contribuir com o time dentro de campo neste momento <strong><a href=\"https:\/\/www.gaveanews.com\/index.php\/2025\/04\/08\/entenda-a-situacao-de-romero-no-corinthians\/\">(leia a mat\u00e9ria completa).<\/a><\/strong><\/p>\n\n\n\n<figure class=\"wp-block-image size-large\"><img loading=\"lazy\" decoding=\"async\" width=\"1024\" height=\"1003\" src=\"http:\/\/www.gaveanews.com\/wp-content\/uploads\/Angel-Rodrigo-Romero-com-a-camisa-do-Corinthians-em-2024-1024x1003.webp\" alt=\"\" class=\"wp-image-153975\" srcset=\"https:\/\/www.gaveanews.com\/wp-content\/uploads\/Angel-Rodrigo-Romero-com-a-camisa-do-Corinthians-em-2024-1024x1003.webp 1024w, https:\/\/www.gaveanews.com\/wp-content\/uploads\/Angel-Rodrigo-Romero-com-a-camisa-do-Corinthians-em-2024-300x294.webp 300w, https:\/\/www.gaveanews.com\/wp-content\/uploads\/Angel-Rodrigo-Romero-com-a-camisa-do-Corinthians-em-2024-768x752.webp 768w, https:\/\/www.gaveanews.com\/wp-content\/uploads\/Angel-Rodrigo-Romero-com-a-camisa-do-Corinthians-em-2024-429x420.webp 429w, https:\/\/www.gaveanews.com\/wp-content\/uploads\/Angel-Rodrigo-Romero-com-a-camisa-do-Corinthians-em-2024-858x840.webp 858w, https:\/\/www.gaveanews.com\/wp-content\/uploads\/Angel-Rodrigo-Romero-com-a-camisa-do-Corinthians-em-2024-640x627.webp 640w, https:\/\/www.gaveanews.com\/wp-content\/uploads\/Angel-Rodrigo-Romero-com-a-camisa-do-Corinthians-em-2024-681x667.webp 681w, https:\/\/www.gaveanews.com\/wp-content\/uploads\/Angel-Rodrigo-Romero-com-a-camisa-do-Corinthians-em-2024-100x98.webp 100w, https:\/\/www.gaveanews.com\/wp-content\/uploads\/Angel-Rodrigo-Romero-com-a-camisa-do-Corinthians-em-2024.webp 1242w\" sizes=\"auto, (max-width: 1024px) 100vw, 1024px\" \/><figcaption class=\"wp-element-caption\">\u00c1ngel Rodrigo Romero com a camisa do Corinthians em 2024 (Foto: Reprodu\u00e7\u00e3o\/Corinthians)<\/figcaption><\/figure>\n\n\n\n<p>Romero demonstrou profundo respeito pelo Corinthians, afirmando que, caso n\u00e3o se sinta mais \u00fatil \u00e0 equipe, ele mesmo tomar\u00e1 a iniciativa de se despedir. A rela\u00e7\u00e3o do paraguaio com o clube \u00e9 marcada por afeto e gratid\u00e3o: desde sua chegada, construiu uma trajet\u00f3ria de destaque e la\u00e7os pessoais com o Brasil, onde at\u00e9 um de seus filhos nasceu. Ap\u00f3s conquistar o Paulist\u00e3o 2025, o atacante reafirmou sua liga\u00e7\u00e3o emocional com a torcida e a institui\u00e7\u00e3o.<\/p>\n\n\n\n<p>Ainda que n\u00e3o haja pressa para renovar, a perman\u00eancia de Romero depender\u00e1 de diversos fatores ao longo da temporada. Seu desempenho dentro de campo, a avalia\u00e7\u00e3o t\u00e9cnica e as prioridades da diretoria ser\u00e3o determinantes nas decis\u00f5es futuras. Por ora, o camisa 11 segue como uma das refer\u00eancias do elenco, tanto pela entrega em campo quanto pela identifica\u00e7\u00e3o com o clube, mantendo viva a expectativa de continuidade, mas sem garantias formais.<\/p>\n<\/div><\/div>\n","protected":false},"excerpt":{"rendered":"<p>Nas \u00faltimas horas, o foco das not\u00edcias sobre o Corinthians se concentram nos bastidores do clube, com destaques do dia a dia do time. Por conta deste contexto, leia abaixo um resumo preparado pela equipe do portal G\u00e1vea News para lhe manter muito bem informado! Declara\u00e7\u00e3o de Ana Tha\u00eds A comentarista Ana Tha\u00eds Matos voltou [&hellip;]<\/p>\n","protected":false},"author":33,"featured_media":154473,"comment_status":"open","ping_status":"closed","sticky":false,"template":"","format":"standard","meta":{"footnotes":""},"categories":[141],"tags":[],"class_list":["post-251560","post","type-post","status-publish","format-standard","has-post-thumbnail","hentry","category-corinthians"],"yoast_head":"<!-- This site is optimized with the Yoast SEO Premium plugin v24.2 (Yoast SEO v26.9) - https:\/\/yoast.com\/product\/yoast-seo-premium-wordpress\/ -->\n<title>Futuro de Romero, financiamento da Arena e declara\u00e7\u00e3o de Ana Tha\u00eds: as \u00faltimas not\u00edcias do Corinthians<\/title>\n<meta name=\"robots\" content=\"index, follow, max-snippet:-1, max-image-preview:large, max-video-preview:-1\" \/>\n<link rel=\"canonical\" href=\"https:\/\/www.gaveanews.com\/index.php\/2025\/04\/10\/futuro-de-romero-financiamento-da-arena-e-declaracao-de-ana-thais-as-ultimas-noticias-do-corinthians\/\" \/>\n<meta property=\"og:locale\" content=\"pt_BR\" \/>\n<meta property=\"og:type\" content=\"article\" \/>\n<meta property=\"og:title\" content=\"Futuro de Romero, financiamento da Arena e declara\u00e7\u00e3o de Ana Tha\u00eds: as \u00faltimas not\u00edcias do Corinthians\" \/>\n<meta property=\"og:description\" content=\"Nas \u00faltimas horas, o foco das not\u00edcias sobre o Corinthians se concentram nos bastidores do clube, com destaques do dia a dia do time. Por conta deste contexto, leia abaixo um resumo preparado pela equipe do portal G\u00e1vea News para lhe manter muito bem informado! Declara\u00e7\u00e3o de Ana Tha\u00eds A comentarista Ana Tha\u00eds Matos voltou [&hellip;]\" \/>\n<meta property=\"og:url\" content=\"https:\/\/www.gaveanews.com\/index.php\/2025\/04\/10\/futuro-de-romero-financiamento-da-arena-e-declaracao-de-ana-thais-as-ultimas-noticias-do-corinthians\/\" \/>\n<meta property=\"og:site_name\" content=\"G\u00e1vea News\" \/>\n<meta property=\"article:publisher\" content=\"https:\/\/facebook.com\/gaveaNews\/\" \/>\n<meta property=\"article:published_time\" content=\"2025-04-10T16:00:00+00:00\" \/>\n<meta property=\"og:image\" content=\"https:\/\/www.gaveanews.com\/wp-content\/uploads\/Escudo-do-Corinthians-na-Neo-Quimica-Arena.webp\" \/>\n\t<meta property=\"og:image:width\" content=\"1440\" \/>\n\t<meta property=\"og:image:height\" content=\"959\" \/>\n\t<meta property=\"og:image:type\" content=\"image\/jpeg\" \/>\n<meta name=\"author\" content=\"Brenda Cezillo\" \/>\n<meta name=\"twitter:card\" content=\"summary_large_image\" \/>\n<meta name=\"twitter:label1\" content=\"Escrito por\" \/>\n\t<meta name=\"twitter:data1\" content=\"Brenda Cezillo\" \/>\n\t<meta name=\"twitter:label2\" content=\"Est. tempo de leitura\" \/>\n\t<meta name=\"twitter:data2\" content=\"6 minutos\" \/>\n<script type=\"application\/ld+json\" class=\"yoast-schema-graph\">{\"@context\":\"https:\/\/schema.org\",\"@graph\":[{\"@type\":\"NewsArticle\",\"@id\":\"https:\/\/www.gaveanews.com\/index.php\/2025\/04\/10\/futuro-de-romero-financiamento-da-arena-e-declaracao-de-ana-thais-as-ultimas-noticias-do-corinthians\/#article\",\"isPartOf\":{\"@id\":\"https:\/\/www.gaveanews.com\/index.php\/2025\/04\/10\/futuro-de-romero-financiamento-da-arena-e-declaracao-de-ana-thais-as-ultimas-noticias-do-corinthians\/\"},\"author\":{\"name\":\"Brenda Cezillo\",\"@id\":\"https:\/\/www.gaveanews.com\/#\/schema\/person\/c79759ca337c40791ae8d08e2923d403\"},\"headline\":\"Futuro de Romero, financiamento da Arena e declara\u00e7\u00e3o de Ana Tha\u00eds: as \u00faltimas not\u00edcias do Corinthians\",\"datePublished\":\"2025-04-10T16:00:00+00:00\",\"mainEntityOfPage\":{\"@id\":\"https:\/\/www.gaveanews.com\/index.php\/2025\/04\/10\/futuro-de-romero-financiamento-da-arena-e-declaracao-de-ana-thais-as-ultimas-noticias-do-corinthians\/\"},\"wordCount\":887,\"commentCount\":0,\"image\":{\"@id\":\"https:\/\/www.gaveanews.com\/index.php\/2025\/04\/10\/futuro-de-romero-financiamento-da-arena-e-declaracao-de-ana-thais-as-ultimas-noticias-do-corinthians\/#primaryimage\"},\"thumbnailUrl\":\"https:\/\/www.gaveanews.com\/wp-content\/uploads\/Escudo-do-Corinthians-na-Neo-Quimica-Arena.webp\",\"articleSection\":[\"Corinthians\"],\"inLanguage\":\"pt-BR\",\"potentialAction\":[{\"@type\":\"CommentAction\",\"name\":\"Comment\",\"target\":[\"https:\/\/www.gaveanews.com\/index.php\/2025\/04\/10\/futuro-de-romero-financiamento-da-arena-e-declaracao-de-ana-thais-as-ultimas-noticias-do-corinthians\/#respond\"]}],\"copyrightYear\":\"2025\",\"copyrightHolder\":{\"@id\":\"https:\/\/www.gaveanews.com\/#organization\"}},{\"@type\":\"WebPage\",\"@id\":\"https:\/\/www.gaveanews.com\/index.php\/2025\/04\/10\/futuro-de-romero-financiamento-da-arena-e-declaracao-de-ana-thais-as-ultimas-noticias-do-corinthians\/\",\"url\":\"https:\/\/www.gaveanews.com\/index.php\/2025\/04\/10\/futuro-de-romero-financiamento-da-arena-e-declaracao-de-ana-thais-as-ultimas-noticias-do-corinthians\/\",\"name\":\"Futuro de Romero, financiamento da Arena e declara\u00e7\u00e3o de Ana Tha\u00eds: as \u00faltimas not\u00edcias do Corinthians\",\"isPartOf\":{\"@id\":\"https:\/\/www.gaveanews.com\/#website\"},\"primaryImageOfPage\":{\"@id\":\"https:\/\/www.gaveanews.com\/index.php\/2025\/04\/10\/futuro-de-romero-financiamento-da-arena-e-declaracao-de-ana-thais-as-ultimas-noticias-do-corinthians\/#primaryimage\"},\"image\":{\"@id\":\"https:\/\/www.gaveanews.com\/index.php\/2025\/04\/10\/futuro-de-romero-financiamento-da-arena-e-declaracao-de-ana-thais-as-ultimas-noticias-do-corinthians\/#primaryimage\"},\"thumbnailUrl\":\"https:\/\/www.gaveanews.com\/wp-content\/uploads\/Escudo-do-Corinthians-na-Neo-Quimica-Arena.webp\",\"datePublished\":\"2025-04-10T16:00:00+00:00\",\"author\":{\"@id\":\"https:\/\/www.gaveanews.com\/#\/schema\/person\/c79759ca337c40791ae8d08e2923d403\"},\"breadcrumb\":{\"@id\":\"https:\/\/www.gaveanews.com\/index.php\/2025\/04\/10\/futuro-de-romero-financiamento-da-arena-e-declaracao-de-ana-thais-as-ultimas-noticias-do-corinthians\/#breadcrumb\"},\"inLanguage\":\"pt-BR\",\"potentialAction\":[{\"@type\":\"ReadAction\",\"target\":[\"https:\/\/www.gaveanews.com\/index.php\/2025\/04\/10\/futuro-de-romero-financiamento-da-arena-e-declaracao-de-ana-thais-as-ultimas-noticias-do-corinthians\/\"]}]},{\"@type\":\"ImageObject\",\"inLanguage\":\"pt-BR\",\"@id\":\"https:\/\/www.gaveanews.com\/index.php\/2025\/04\/10\/futuro-de-romero-financiamento-da-arena-e-declaracao-de-ana-thais-as-ultimas-noticias-do-corinthians\/#primaryimage\",\"url\":\"https:\/\/www.gaveanews.com\/wp-content\/uploads\/Escudo-do-Corinthians-na-Neo-Quimica-Arena.webp\",\"contentUrl\":\"https:\/\/www.gaveanews.com\/wp-content\/uploads\/Escudo-do-Corinthians-na-Neo-Quimica-Arena.webp\",\"width\":1440,\"height\":959,\"caption\":\"Escudo do Corinthians na N\u00e9o Qu\u00edmica Arena (Foto Reprodu\u00e7\u00e3o\/Instagram)\"},{\"@type\":\"BreadcrumbList\",\"@id\":\"https:\/\/www.gaveanews.com\/index.php\/2025\/04\/10\/futuro-de-romero-financiamento-da-arena-e-declaracao-de-ana-thais-as-ultimas-noticias-do-corinthians\/#breadcrumb\",\"itemListElement\":[{\"@type\":\"ListItem\",\"position\":1,\"name\":\"Home\",\"item\":\"https:\/\/www.gaveanews.com\/\"},{\"@type\":\"ListItem\",\"position\":2,\"name\":\"Futuro de Romero, financiamento da Arena e declara\u00e7\u00e3o de Ana Tha\u00eds: as \u00faltimas not\u00edcias do Corinthians\"}]},{\"@type\":\"WebSite\",\"@id\":\"https:\/\/www.gaveanews.com\/#website\",\"url\":\"https:\/\/www.gaveanews.com\/\",\"name\":\"G\u00e1vea News\",\"description\":\"Veja todas as not\u00edcias sobre o Flamengo: Contrata\u00e7\u00f5es, categorias de base, resultados das partidas, tabela de classifica\u00e7\u00e3o, pr\u00f3ximos jogos!\",\"potentialAction\":[{\"@type\":\"SearchAction\",\"target\":{\"@type\":\"EntryPoint\",\"urlTemplate\":\"https:\/\/www.gaveanews.com\/?s={search_term_string}\"},\"query-input\":{\"@type\":\"PropertyValueSpecification\",\"valueRequired\":true,\"valueName\":\"search_term_string\"}}],\"inLanguage\":\"pt-BR\"},{\"@type\":\"Person\",\"@id\":\"https:\/\/www.gaveanews.com\/#\/schema\/person\/c79759ca337c40791ae8d08e2923d403\",\"name\":\"Brenda Cezillo\",\"image\":{\"@type\":\"ImageObject\",\"inLanguage\":\"pt-BR\",\"@id\":\"https:\/\/www.gaveanews.com\/#\/schema\/person\/image\/\",\"url\":\"https:\/\/secure.gravatar.com\/avatar\/1738d75cee7317f9c29ae61dd67620c5883d80a92e42a6fff88ae5d527af217a?s=96&d=mm&r=g\",\"contentUrl\":\"https:\/\/secure.gravatar.com\/avatar\/1738d75cee7317f9c29ae61dd67620c5883d80a92e42a6fff88ae5d527af217a?s=96&d=mm&r=g\",\"caption\":\"Brenda Cezillo\"}}]}<\/script>\n<!-- \/ Yoast SEO Premium plugin. -->","yoast_head_json":{"title":"Futuro de Romero, financiamento da Arena e declara\u00e7\u00e3o de Ana Tha\u00eds: as \u00faltimas not\u00edcias do Corinthians","robots":{"index":"index","follow":"follow","max-snippet":"max-snippet:-1","max-image-preview":"max-image-preview:large","max-video-preview":"max-video-preview:-1"},"canonical":"https:\/\/www.gaveanews.com\/index.php\/2025\/04\/10\/futuro-de-romero-financiamento-da-arena-e-declaracao-de-ana-thais-as-ultimas-noticias-do-corinthians\/","og_locale":"pt_BR","og_type":"article","og_title":"Futuro de Romero, financiamento da Arena e declara\u00e7\u00e3o de Ana Tha\u00eds: as \u00faltimas not\u00edcias do Corinthians","og_description":"Nas \u00faltimas horas, o foco das not\u00edcias sobre o Corinthians se concentram nos bastidores do clube, com destaques do dia a dia do time. Por conta deste contexto, leia abaixo um resumo preparado pela equipe do portal G\u00e1vea News para lhe manter muito bem informado! Declara\u00e7\u00e3o de Ana Tha\u00eds A comentarista Ana Tha\u00eds Matos voltou [&hellip;]","og_url":"https:\/\/www.gaveanews.com\/index.php\/2025\/04\/10\/futuro-de-romero-financiamento-da-arena-e-declaracao-de-ana-thais-as-ultimas-noticias-do-corinthians\/","og_site_name":"G\u00e1vea News","article_publisher":"https:\/\/facebook.com\/gaveaNews\/","article_published_time":"2025-04-10T16:00:00+00:00","og_image":[{"width":1440,"height":959,"url":"https:\/\/www.gaveanews.com\/wp-content\/uploads\/Escudo-do-Corinthians-na-Neo-Quimica-Arena.webp","type":"image\/jpeg"}],"author":"Brenda Cezillo","twitter_card":"summary_large_image","twitter_misc":{"Escrito por":"Brenda Cezillo","Est. tempo de leitura":"6 minutos"},"schema":{"@context":"https:\/\/schema.org","@graph":[{"@type":"NewsArticle","@id":"https:\/\/www.gaveanews.com\/index.php\/2025\/04\/10\/futuro-de-romero-financiamento-da-arena-e-declaracao-de-ana-thais-as-ultimas-noticias-do-corinthians\/#article","isPartOf":{"@id":"https:\/\/www.gaveanews.com\/index.php\/2025\/04\/10\/futuro-de-romero-financiamento-da-arena-e-declaracao-de-ana-thais-as-ultimas-noticias-do-corinthians\/"},"author":{"name":"Brenda Cezillo","@id":"https:\/\/www.gaveanews.com\/#\/schema\/person\/c79759ca337c40791ae8d08e2923d403"},"headline":"Futuro de Romero, financiamento da Arena e declara\u00e7\u00e3o de Ana Tha\u00eds: as \u00faltimas not\u00edcias do Corinthians","datePublished":"2025-04-10T16:00:00+00:00","mainEntityOfPage":{"@id":"https:\/\/www.gaveanews.com\/index.php\/2025\/04\/10\/futuro-de-romero-financiamento-da-arena-e-declaracao-de-ana-thais-as-ultimas-noticias-do-corinthians\/"},"wordCount":887,"commentCount":0,"image":{"@id":"https:\/\/www.gaveanews.com\/index.php\/2025\/04\/10\/futuro-de-romero-financiamento-da-arena-e-declaracao-de-ana-thais-as-ultimas-noticias-do-corinthians\/#primaryimage"},"thumbnailUrl":"https:\/\/www.gaveanews.com\/wp-content\/uploads\/Escudo-do-Corinthians-na-Neo-Quimica-Arena.webp","articleSection":["Corinthians"],"inLanguage":"pt-BR","potentialAction":[{"@type":"CommentAction","name":"Comment","target":["https:\/\/www.gaveanews.com\/index.php\/2025\/04\/10\/futuro-de-romero-financiamento-da-arena-e-declaracao-de-ana-thais-as-ultimas-noticias-do-corinthians\/#respond"]}],"copyrightYear":"2025","copyrightHolder":{"@id":"https:\/\/www.gaveanews.com\/#organization"}},{"@type":"WebPage","@id":"https:\/\/www.gaveanews.com\/index.php\/2025\/04\/10\/futuro-de-romero-financiamento-da-arena-e-declaracao-de-ana-thais-as-ultimas-noticias-do-corinthians\/","url":"https:\/\/www.gaveanews.com\/index.php\/2025\/04\/10\/futuro-de-romero-financiamento-da-arena-e-declaracao-de-ana-thais-as-ultimas-noticias-do-corinthians\/","name":"Futuro de Romero, financiamento da Arena e declara\u00e7\u00e3o de Ana Tha\u00eds: as \u00faltimas not\u00edcias do Corinthians","isPartOf":{"@id":"https:\/\/www.gaveanews.com\/#website"},"primaryImageOfPage":{"@id":"https:\/\/www.gaveanews.com\/index.php\/2025\/04\/10\/futuro-de-romero-financiamento-da-arena-e-declaracao-de-ana-thais-as-ultimas-noticias-do-corinthians\/#primaryimage"},"image":{"@id":"https:\/\/www.gaveanews.com\/index.php\/2025\/04\/10\/futuro-de-romero-financiamento-da-arena-e-declaracao-de-ana-thais-as-ultimas-noticias-do-corinthians\/#primaryimage"},"thumbnailUrl":"https:\/\/www.gaveanews.com\/wp-content\/uploads\/Escudo-do-Corinthians-na-Neo-Quimica-Arena.webp","datePublished":"2025-04-10T16:00:00+00:00","author":{"@id":"https:\/\/www.gaveanews.com\/#\/schema\/person\/c79759ca337c40791ae8d08e2923d403"},"breadcrumb":{"@id":"https:\/\/www.gaveanews.com\/index.php\/2025\/04\/10\/futuro-de-romero-financiamento-da-arena-e-declaracao-de-ana-thais-as-ultimas-noticias-do-corinthians\/#breadcrumb"},"inLanguage":"pt-BR","potentialAction":[{"@type":"ReadAction","target":["https:\/\/www.gaveanews.com\/index.php\/2025\/04\/10\/futuro-de-romero-financiamento-da-arena-e-declaracao-de-ana-thais-as-ultimas-noticias-do-corinthians\/"]}]},{"@type":"ImageObject","inLanguage":"pt-BR","@id":"https:\/\/www.gaveanews.com\/index.php\/2025\/04\/10\/futuro-de-romero-financiamento-da-arena-e-declaracao-de-ana-thais-as-ultimas-noticias-do-corinthians\/#primaryimage","url":"https:\/\/www.gaveanews.com\/wp-content\/uploads\/Escudo-do-Corinthians-na-Neo-Quimica-Arena.webp","contentUrl":"https:\/\/www.gaveanews.com\/wp-content\/uploads\/Escudo-do-Corinthians-na-Neo-Quimica-Arena.webp","width":1440,"height":959,"caption":"Escudo do Corinthians na N\u00e9o Qu\u00edmica Arena (Foto Reprodu\u00e7\u00e3o\/Instagram)"},{"@type":"BreadcrumbList","@id":"https:\/\/www.gaveanews.com\/index.php\/2025\/04\/10\/futuro-de-romero-financiamento-da-arena-e-declaracao-de-ana-thais-as-ultimas-noticias-do-corinthians\/#breadcrumb","itemListElement":[{"@type":"ListItem","position":1,"name":"Home","item":"https:\/\/www.gaveanews.com\/"},{"@type":"ListItem","position":2,"name":"Futuro de Romero, financiamento da Arena e declara\u00e7\u00e3o de Ana Tha\u00eds: as \u00faltimas not\u00edcias do Corinthians"}]},{"@type":"WebSite","@id":"https:\/\/www.gaveanews.com\/#website","url":"https:\/\/www.gaveanews.com\/","name":"G\u00e1vea News","description":"Veja todas as not\u00edcias sobre o Flamengo: Contrata\u00e7\u00f5es, categorias de base, resultados das partidas, tabela de classifica\u00e7\u00e3o, pr\u00f3ximos jogos!","potentialAction":[{"@type":"SearchAction","target":{"@type":"EntryPoint","urlTemplate":"https:\/\/www.gaveanews.com\/?s={search_term_string}"},"query-input":{"@type":"PropertyValueSpecification","valueRequired":true,"valueName":"search_term_string"}}],"inLanguage":"pt-BR"},{"@type":"Person","@id":"https:\/\/www.gaveanews.com\/#\/schema\/person\/c79759ca337c40791ae8d08e2923d403","name":"Brenda Cezillo","image":{"@type":"ImageObject","inLanguage":"pt-BR","@id":"https:\/\/www.gaveanews.com\/#\/schema\/person\/image\/","url":"https:\/\/secure.gravatar.com\/avatar\/1738d75cee7317f9c29ae61dd67620c5883d80a92e42a6fff88ae5d527af217a?s=96&d=mm&r=g","contentUrl":"https:\/\/secure.gravatar.com\/avatar\/1738d75cee7317f9c29ae61dd67620c5883d80a92e42a6fff88ae5d527af217a?s=96&d=mm&r=g","caption":"Brenda Cezillo"}}]}},"_links":{"self":[{"href":"https:\/\/www.gaveanews.com\/index.php\/wp-json\/wp\/v2\/posts\/251560","targetHints":{"allow":["GET"]}}],"collection":[{"href":"https:\/\/www.gaveanews.com\/index.php\/wp-json\/wp\/v2\/posts"}],"about":[{"href":"https:\/\/www.gaveanews.com\/index.php\/wp-json\/wp\/v2\/types\/post"}],"author":[{"embeddable":true,"href":"https:\/\/www.gaveanews.com\/index.php\/wp-json\/wp\/v2\/users\/33"}],"replies":[{"embeddable":true,"href":"https:\/\/www.gaveanews.com\/index.php\/wp-json\/wp\/v2\/comments?post=251560"}],"version-history":[{"count":1,"href":"https:\/\/www.gaveanews.com\/index.php\/wp-json\/wp\/v2\/posts\/251560\/revisions"}],"predecessor-version":[{"id":251602,"href":"https:\/\/www.gaveanews.com\/index.php\/wp-json\/wp\/v2\/posts\/251560\/revisions\/251602"}],"wp:featuredmedia":[{"embeddable":true,"href":"https:\/\/www.gaveanews.com\/index.php\/wp-json\/wp\/v2\/media\/154473"}],"wp:attachment":[{"href":"https:\/\/www.gaveanews.com\/index.php\/wp-json\/wp\/v2\/media?parent=251560"}],"wp:term":[{"taxonomy":"category","embeddable":true,"href":"https:\/\/www.gaveanews.com\/index.php\/wp-json\/wp\/v2\/categories?post=251560"},{"taxonomy":"post_tag","embeddable":true,"href":"https:\/\/www.gaveanews.com\/index.php\/wp-json\/wp\/v2\/tags?post=251560"}],"curies":[{"name":"wp","href":"https:\/\/api.w.org\/{rel}","templated":true}]}}