{"id":251562,"date":"2025-04-10T14:00:00","date_gmt":"2025-04-10T17:00:00","guid":{"rendered":"https:\/\/www.gaveanews.com\/?p=251562"},"modified":"2025-04-10T11:56:24","modified_gmt":"2025-04-10T14:56:24","slug":"desfalque-importante-cobranca-a-depay-e-recado-de-rival-as-ultimas-noticias-do-corinthians","status":"publish","type":"post","link":"https:\/\/www.gaveanews.com\/index.php\/2025\/04\/10\/desfalque-importante-cobranca-a-depay-e-recado-de-rival-as-ultimas-noticias-do-corinthians\/","title":{"rendered":"Desfalque importante, cobran\u00e7a a Depay e recado de rival: as \u00faltimas not\u00edcias do Corinthians"},"content":{"rendered":"\n<p>Nas \u00faltimas horas, o foco das not\u00edcias sobre o Corinthians se concentram nos bastidores do clube, com destaques do dia a dia do time.<\/p>\n\n\n\n<p>Por conta deste contexto, leia abaixo um resumo preparado pela equipe do portal G\u00e1vea News para lhe manter muito bem informado!<\/p>\n\n\n\n<div class=\"wp-block-group\"><div class=\"wp-block-group__inner-container is-layout-constrained wp-block-group-is-layout-constrained\">\n<h2 class=\"wp-block-heading\" id=\"h-recado-de-rival\">Recado de rival<\/h2>\n\n\n\n<p>O Corinthians enfrenta o Am\u00e9rica de Cali nesta ter\u00e7a-feira (8), pela segunda rodada da fase de grupos da Copa Sul-Americana, em um jogo decisivo para a recupera\u00e7\u00e3o da equipe brasileira. O atacante Luis Ramos, do clube colombiano, comentou sobre a prepara\u00e7\u00e3o do time e revelou a estrat\u00e9gia para superar o Tim\u00e3o: tirar a posse de bola e explorar os espa\u00e7os defensivos com movimenta\u00e7\u00f5es r\u00e1pidas e diagonais. A fala demonstra que o advers\u00e1rio est\u00e1 atento \u00e0s fragilidades corintianas e preparado para dificultar o confronto <strong><a href=\"https:\/\/www.gaveanews.com\/index.php\/2025\/04\/08\/a-declaracao-de-luis-ramos-do-america-de-cali-direcionada-ao-corinthians\/\">(leia a mat\u00e9ria completa).<\/a><\/strong><\/p>\n\n\n\n<figure class=\"wp-block-image size-full\"><img loading=\"lazy\" decoding=\"async\" width=\"897\" height=\"514\" src=\"http:\/\/www.gaveanews.com\/wp-content\/uploads\/Torcida-do-Corinthians.webp\" alt=\"\" class=\"wp-image-249244\"\/><figcaption class=\"wp-element-caption\">Torcida do Corinthians (Foto: Rorigo Coca\/Ag\u00eancia Corinthians)<\/figcaption><\/figure>\n\n\n\n<p>Ramos reconheceu a qualidade do elenco alvinegro, mas destacou que o foco do Am\u00e9rica de Cali \u00e9 minar o jogo do Corinthians desde o in\u00edcio. <\/p>\n\n\n\n<p>A aus\u00eancia de pe\u00e7as importantes, como Memphis Depay e Coronado, foi apontada como uma oportunidade a ser aproveitada. O t\u00e9cnico colombiano tamb\u00e9m enfatizou que essas baixas representam perda de criatividade e experi\u00eancia para os brasileiros, o que pode influenciar diretamente no rendimento da equipe comandada por Ram\u00f3n D\u00edaz.<\/p>\n\n\n\n<p>Pressionado ap\u00f3s a derrota na estreia contra o Hurac\u00e1n e a elimina\u00e7\u00e3o precoce na Libertadores, o Corinthians busca rea\u00e7\u00e3o sob o risco de comprometer sua campanha internacional. Para D\u00edaz, o duelo representa mais do que tr\u00eas pontos: \u00e9 uma chance de retomar a confian\u00e7a do elenco e da torcida. O Am\u00e9rica de Cali, por outro lado, enxerga o momento inst\u00e1vel do rival como ideal para surpreender em casa e se consolidar como candidato \u00e0 classifica\u00e7\u00e3o no grupo.<\/p>\n\n\n\n<h2 class=\"wp-block-heading\" id=\"h-cobranca-a-depay\">Cobran\u00e7a a Depay<\/h2>\n\n\n\n<p>Ap\u00f3s uma atua\u00e7\u00e3o de destaque na vit\u00f3ria do Corinthians por 3 a 0 sobre o Vasco, o atacante <strong>Memphis Depay<\/strong> voltou a ser assunto entre os comentaristas esportivos. O jogador participou diretamente dos tr\u00eas gols da partida, com direito a um gol anulado, e recebeu elogios de nomes como <strong>Galv\u00e3o Bueno<\/strong>, que enalteceu sua capacidade decisiva. No entanto, <strong>Walter Casagrande<\/strong> fez uma ressalva importante ao analisar o desempenho do atleta: sua performance fora de casa ainda deixa a desejar<strong><a href=\"https:\/\/www.gaveanews.com\/index.php\/2025\/04\/08\/a-cobranca-de-walter-casagrande-direcionada-a-depay-do-corinthians\/\"> (leia a mat\u00e9ria completa).<\/a><\/strong><\/p>\n\n\n\n<figure class=\"wp-block-image size-large\"><img loading=\"lazy\" decoding=\"async\" width=\"831\" height=\"1024\" src=\"http:\/\/www.gaveanews.com\/wp-content\/uploads\/Memphis-Depay-em-acao-pelo-Corinthians-831x1024.webp\" alt=\"\" class=\"wp-image-199279\" srcset=\"https:\/\/www.gaveanews.com\/wp-content\/uploads\/Memphis-Depay-em-acao-pelo-Corinthians-831x1024.webp 831w, https:\/\/www.gaveanews.com\/wp-content\/uploads\/Memphis-Depay-em-acao-pelo-Corinthians-243x300.webp 243w, https:\/\/www.gaveanews.com\/wp-content\/uploads\/Memphis-Depay-em-acao-pelo-Corinthians-768x947.webp 768w, https:\/\/www.gaveanews.com\/wp-content\/uploads\/Memphis-Depay-em-acao-pelo-Corinthians-341x420.webp 341w, https:\/\/www.gaveanews.com\/wp-content\/uploads\/Memphis-Depay-em-acao-pelo-Corinthians-682x840.webp 682w, https:\/\/www.gaveanews.com\/wp-content\/uploads\/Memphis-Depay-em-acao-pelo-Corinthians-640x789.webp 640w, https:\/\/www.gaveanews.com\/wp-content\/uploads\/Memphis-Depay-em-acao-pelo-Corinthians-681x839.webp 681w, https:\/\/www.gaveanews.com\/wp-content\/uploads\/Memphis-Depay-em-acao-pelo-Corinthians-100x123.webp 100w, https:\/\/www.gaveanews.com\/wp-content\/uploads\/Memphis-Depay-em-acao-pelo-Corinthians.webp 1170w\" sizes=\"auto, (max-width: 831px) 100vw, 831px\" \/><figcaption class=\"wp-element-caption\">Memphis Depay em a\u00e7\u00e3o pelo Corinthians  (Foto: Reprodu\u00e7\u00e3o\/Instagram Depay)<\/figcaption><\/figure>\n\n\n\n<p>Casagrande, durante o programa <em>Galv\u00e3o e Amigos<\/em>, pontuou que Depay tem feito muito pelo Corinthians, mas precisa manter a regularidade quando atua longe da Neo Qu\u00edmica Arena. O atacante soma 32 jogos pelo clube, com 10 gols e 12 assist\u00eancias \u2014 por\u00e9m, apenas tr\u00eas gols e quatro assist\u00eancias aconteceram como visitante. A cr\u00edtica tamb\u00e9m foi compartilhada por outros analistas, como <strong>Pilhado<\/strong>, da Jovem Pan, que destacou o apagamento do jogador em partidas internacionais.<\/p>\n\n\n\n<p>Essa cobran\u00e7a ganha ainda mais import\u00e2ncia diante do pr\u00f3ximo desafio: o Corinthians enfrenta o <strong>Am\u00e9rica de Cali<\/strong>, na Col\u00f4mbia, pela Copa Sul-Americana. O clube busca sua primeira vit\u00f3ria no torneio ap\u00f3s estrear com derrota, e os olhos estar\u00e3o voltados para a atua\u00e7\u00e3o de Depay. A expectativa \u00e9 que o camisa 10 confirme sua influ\u00eancia tamb\u00e9m longe de casa, consolidando-se como pe\u00e7a-chave no elenco comandado por Ram\u00f3n D\u00edaz.<\/p>\n\n\n\n<h2 class=\"wp-block-heading\" id=\"h-desfalque-importante\">Desfalque importante<\/h2>\n\n\n\n<p>O Corinthians ter\u00e1 um desfalque significativo no cl\u00e1ssico contra o Palmeiras: o t\u00e9cnico Ram\u00f3n D\u00edaz cumprir\u00e1 suspens\u00e3o autom\u00e1tica e n\u00e3o poder\u00e1 comandar a equipe na beira do campo. O D\u00e9rbi, v\u00e1lido pela terceira rodada do Brasileir\u00e3o, ser\u00e1 disputado no s\u00e1bado (12), na Arena Barueri, e a aus\u00eancia do treinador argentino, expulso no jogo contra o Vasco, \u00e9 vista como um desafio adicional para o Tim\u00e3o em um dos confrontos mais emblem\u00e1ticos da temporada<strong> <a href=\"https:\/\/www.gaveanews.com\/index.php\/2025\/04\/08\/ele-esta-de-fora-do-proximo-jogo-do-corinthians\/\">(leia a mat\u00e9ria completa).<\/a><\/strong><\/p>\n\n\n\n<figure class=\"wp-block-image size-large\"><img loading=\"lazy\" decoding=\"async\" width=\"1024\" height=\"768\" src=\"http:\/\/www.gaveanews.com\/wp-content\/uploads\/Ramon-Diaz-pelo-Corinthians-em-2024-1024x768.webp\" alt=\"\" class=\"wp-image-152536\" srcset=\"https:\/\/www.gaveanews.com\/wp-content\/uploads\/Ramon-Diaz-pelo-Corinthians-em-2024-1024x768.webp 1024w, https:\/\/www.gaveanews.com\/wp-content\/uploads\/Ramon-Diaz-pelo-Corinthians-em-2024-300x225.webp 300w, https:\/\/www.gaveanews.com\/wp-content\/uploads\/Ramon-Diaz-pelo-Corinthians-em-2024-768x576.webp 768w, https:\/\/www.gaveanews.com\/wp-content\/uploads\/Ramon-Diaz-pelo-Corinthians-em-2024-560x420.webp 560w, https:\/\/www.gaveanews.com\/wp-content\/uploads\/Ramon-Diaz-pelo-Corinthians-em-2024-1121x840.webp 1121w, https:\/\/www.gaveanews.com\/wp-content\/uploads\/Ramon-Diaz-pelo-Corinthians-em-2024-80x60.webp 80w, https:\/\/www.gaveanews.com\/wp-content\/uploads\/Ramon-Diaz-pelo-Corinthians-em-2024-160x120.webp 160w, https:\/\/www.gaveanews.com\/wp-content\/uploads\/Ramon-Diaz-pelo-Corinthians-em-2024-100x75.webp 100w, https:\/\/www.gaveanews.com\/wp-content\/uploads\/Ramon-Diaz-pelo-Corinthians-em-2024-200x150.webp 200w, https:\/\/www.gaveanews.com\/wp-content\/uploads\/Ramon-Diaz-pelo-Corinthians-em-2024-180x135.webp 180w, https:\/\/www.gaveanews.com\/wp-content\/uploads\/Ramon-Diaz-pelo-Corinthians-em-2024-360x270.webp 360w, https:\/\/www.gaveanews.com\/wp-content\/uploads\/Ramon-Diaz-pelo-Corinthians-em-2024-238x178.webp 238w, https:\/\/www.gaveanews.com\/wp-content\/uploads\/Ramon-Diaz-pelo-Corinthians-em-2024-476x356.webp 476w, https:\/\/www.gaveanews.com\/wp-content\/uploads\/Ramon-Diaz-pelo-Corinthians-em-2024-640x480.webp 640w, https:\/\/www.gaveanews.com\/wp-content\/uploads\/Ramon-Diaz-pelo-Corinthians-em-2024-1280x960.webp 1280w, https:\/\/www.gaveanews.com\/wp-content\/uploads\/Ramon-Diaz-pelo-Corinthians-em-2024-681x510.webp 681w, https:\/\/www.gaveanews.com\/wp-content\/uploads\/Ramon-Diaz-pelo-Corinthians-em-2024.webp 1346w\" sizes=\"auto, (max-width: 1024px) 100vw, 1024px\" \/><figcaption class=\"wp-element-caption\">Ram\u00f3n D\u00edaz pelo Corinthians em 2024 (Foto: Reprodu\u00e7\u00e3o\/Corinthians)<\/figcaption><\/figure>\n\n\n\n<p>A expuls\u00e3o de Ram\u00f3n ocorreu ap\u00f3s uma rea\u00e7\u00e3o exaltada contra a arbitragem, motivada pela anula\u00e7\u00e3o de um gol de Memphis Depay devido \u00e0 posi\u00e7\u00e3o irregular de Yuri Alberto no lance. Como resultado, o comando da equipe ficar\u00e1 nas m\u00e3os de Emiliano D\u00edaz, filho do treinador e auxiliar t\u00e9cnico. Emiliano j\u00e1 atua com protagonismo na comiss\u00e3o t\u00e9cnica, o que garante certa continuidade no planejamento estrat\u00e9gico, mesmo diante da aus\u00eancia de Ram\u00f3n.<\/p>\n\n\n\n<p>Este ser\u00e1 o quarto confronto entre Corinthians e Palmeiras em 2025, e o cl\u00e1ssico carrega um peso simb\u00f3lico elevado. Enquanto o Corinthians tenta se manter entre os primeiros colocados do campeonato, o Palmeiras tamb\u00e9m enfrenta desafios em m\u00faltiplas competi\u00e7\u00f5es. Antes do D\u00e9rbi, o time alviverde encara o Cerro Porte\u00f1o pela Libertadores, duelo que promete afetar o f\u00f4lego e o foco do rival. A semana, portanto, ser\u00e1 decisiva para os dois clubes, dentro e fora de campo.<\/p>\n<\/div><\/div>\n","protected":false},"excerpt":{"rendered":"<p>Nas \u00faltimas horas, o foco das not\u00edcias sobre o Corinthians se concentram nos bastidores do clube, com destaques do dia a dia do time. Por conta deste contexto, leia abaixo um resumo preparado pela equipe do portal G\u00e1vea News para lhe manter muito bem informado! Recado de rival O Corinthians enfrenta o Am\u00e9rica de Cali [&hellip;]<\/p>\n","protected":false},"author":33,"featured_media":146952,"comment_status":"open","ping_status":"closed","sticky":false,"template":"","format":"standard","meta":{"footnotes":""},"categories":[141],"tags":[],"class_list":["post-251562","post","type-post","status-publish","format-standard","has-post-thumbnail","hentry","category-corinthians"],"yoast_head":"<!-- This site is optimized with the Yoast SEO Premium plugin v24.2 (Yoast SEO v26.9) - https:\/\/yoast.com\/product\/yoast-seo-premium-wordpress\/ -->\n<title>Desfalque importante, cobran\u00e7a a Depay e recado de rival: as \u00faltimas not\u00edcias do Corinthians<\/title>\n<meta name=\"robots\" content=\"index, follow, max-snippet:-1, max-image-preview:large, max-video-preview:-1\" \/>\n<link rel=\"canonical\" href=\"https:\/\/www.gaveanews.com\/index.php\/2025\/04\/10\/desfalque-importante-cobranca-a-depay-e-recado-de-rival-as-ultimas-noticias-do-corinthians\/\" \/>\n<meta property=\"og:locale\" content=\"pt_BR\" \/>\n<meta property=\"og:type\" content=\"article\" \/>\n<meta property=\"og:title\" content=\"Desfalque importante, cobran\u00e7a a Depay e recado de rival: as \u00faltimas not\u00edcias do Corinthians\" \/>\n<meta property=\"og:description\" content=\"Nas \u00faltimas horas, o foco das not\u00edcias sobre o Corinthians se concentram nos bastidores do clube, com destaques do dia a dia do time. Por conta deste contexto, leia abaixo um resumo preparado pela equipe do portal G\u00e1vea News para lhe manter muito bem informado! Recado de rival O Corinthians enfrenta o Am\u00e9rica de Cali [&hellip;]\" \/>\n<meta property=\"og:url\" content=\"https:\/\/www.gaveanews.com\/index.php\/2025\/04\/10\/desfalque-importante-cobranca-a-depay-e-recado-de-rival-as-ultimas-noticias-do-corinthians\/\" \/>\n<meta property=\"og:site_name\" content=\"G\u00e1vea News\" \/>\n<meta property=\"article:publisher\" content=\"https:\/\/facebook.com\/gaveaNews\/\" \/>\n<meta property=\"article:published_time\" content=\"2025-04-10T17:00:00+00:00\" \/>\n<meta property=\"og:image\" content=\"https:\/\/www.gaveanews.com\/wp-content\/uploads\/Bandeira-do-Corinthians.webp\" \/>\n\t<meta property=\"og:image:width\" content=\"1048\" \/>\n\t<meta property=\"og:image:height\" content=\"699\" \/>\n\t<meta property=\"og:image:type\" content=\"image\/webp\" \/>\n<meta name=\"author\" content=\"Brenda Cezillo\" \/>\n<meta name=\"twitter:card\" content=\"summary_large_image\" \/>\n<meta name=\"twitter:label1\" content=\"Escrito por\" \/>\n\t<meta name=\"twitter:data1\" content=\"Brenda Cezillo\" \/>\n\t<meta name=\"twitter:label2\" content=\"Est. tempo de leitura\" \/>\n\t<meta name=\"twitter:data2\" content=\"5 minutos\" \/>\n<script type=\"application\/ld+json\" class=\"yoast-schema-graph\">{\"@context\":\"https:\/\/schema.org\",\"@graph\":[{\"@type\":\"NewsArticle\",\"@id\":\"https:\/\/www.gaveanews.com\/index.php\/2025\/04\/10\/desfalque-importante-cobranca-a-depay-e-recado-de-rival-as-ultimas-noticias-do-corinthians\/#article\",\"isPartOf\":{\"@id\":\"https:\/\/www.gaveanews.com\/index.php\/2025\/04\/10\/desfalque-importante-cobranca-a-depay-e-recado-de-rival-as-ultimas-noticias-do-corinthians\/\"},\"author\":{\"name\":\"Brenda Cezillo\",\"@id\":\"https:\/\/www.gaveanews.com\/#\/schema\/person\/c79759ca337c40791ae8d08e2923d403\"},\"headline\":\"Desfalque importante, cobran\u00e7a a Depay e recado de rival: as \u00faltimas not\u00edcias do Corinthians\",\"datePublished\":\"2025-04-10T17:00:00+00:00\",\"mainEntityOfPage\":{\"@id\":\"https:\/\/www.gaveanews.com\/index.php\/2025\/04\/10\/desfalque-importante-cobranca-a-depay-e-recado-de-rival-as-ultimas-noticias-do-corinthians\/\"},\"wordCount\":866,\"commentCount\":0,\"image\":{\"@id\":\"https:\/\/www.gaveanews.com\/index.php\/2025\/04\/10\/desfalque-importante-cobranca-a-depay-e-recado-de-rival-as-ultimas-noticias-do-corinthians\/#primaryimage\"},\"thumbnailUrl\":\"https:\/\/www.gaveanews.com\/wp-content\/uploads\/Bandeira-do-Corinthians.webp\",\"articleSection\":[\"Corinthians\"],\"inLanguage\":\"pt-BR\",\"potentialAction\":[{\"@type\":\"CommentAction\",\"name\":\"Comment\",\"target\":[\"https:\/\/www.gaveanews.com\/index.php\/2025\/04\/10\/desfalque-importante-cobranca-a-depay-e-recado-de-rival-as-ultimas-noticias-do-corinthians\/#respond\"]}],\"copyrightYear\":\"2025\",\"copyrightHolder\":{\"@id\":\"https:\/\/www.gaveanews.com\/#organization\"}},{\"@type\":\"WebPage\",\"@id\":\"https:\/\/www.gaveanews.com\/index.php\/2025\/04\/10\/desfalque-importante-cobranca-a-depay-e-recado-de-rival-as-ultimas-noticias-do-corinthians\/\",\"url\":\"https:\/\/www.gaveanews.com\/index.php\/2025\/04\/10\/desfalque-importante-cobranca-a-depay-e-recado-de-rival-as-ultimas-noticias-do-corinthians\/\",\"name\":\"Desfalque importante, cobran\u00e7a a Depay e recado de rival: as \u00faltimas not\u00edcias do Corinthians\",\"isPartOf\":{\"@id\":\"https:\/\/www.gaveanews.com\/#website\"},\"primaryImageOfPage\":{\"@id\":\"https:\/\/www.gaveanews.com\/index.php\/2025\/04\/10\/desfalque-importante-cobranca-a-depay-e-recado-de-rival-as-ultimas-noticias-do-corinthians\/#primaryimage\"},\"image\":{\"@id\":\"https:\/\/www.gaveanews.com\/index.php\/2025\/04\/10\/desfalque-importante-cobranca-a-depay-e-recado-de-rival-as-ultimas-noticias-do-corinthians\/#primaryimage\"},\"thumbnailUrl\":\"https:\/\/www.gaveanews.com\/wp-content\/uploads\/Bandeira-do-Corinthians.webp\",\"datePublished\":\"2025-04-10T17:00:00+00:00\",\"author\":{\"@id\":\"https:\/\/www.gaveanews.com\/#\/schema\/person\/c79759ca337c40791ae8d08e2923d403\"},\"breadcrumb\":{\"@id\":\"https:\/\/www.gaveanews.com\/index.php\/2025\/04\/10\/desfalque-importante-cobranca-a-depay-e-recado-de-rival-as-ultimas-noticias-do-corinthians\/#breadcrumb\"},\"inLanguage\":\"pt-BR\",\"potentialAction\":[{\"@type\":\"ReadAction\",\"target\":[\"https:\/\/www.gaveanews.com\/index.php\/2025\/04\/10\/desfalque-importante-cobranca-a-depay-e-recado-de-rival-as-ultimas-noticias-do-corinthians\/\"]}]},{\"@type\":\"ImageObject\",\"inLanguage\":\"pt-BR\",\"@id\":\"https:\/\/www.gaveanews.com\/index.php\/2025\/04\/10\/desfalque-importante-cobranca-a-depay-e-recado-de-rival-as-ultimas-noticias-do-corinthians\/#primaryimage\",\"url\":\"https:\/\/www.gaveanews.com\/wp-content\/uploads\/Bandeira-do-Corinthians.webp\",\"contentUrl\":\"https:\/\/www.gaveanews.com\/wp-content\/uploads\/Bandeira-do-Corinthians.webp\",\"width\":1048,\"height\":699,\"caption\":\"Bandeira do Corinthians (Foto Reprodu\u00e7\u00e3o\/Instagram)\"},{\"@type\":\"BreadcrumbList\",\"@id\":\"https:\/\/www.gaveanews.com\/index.php\/2025\/04\/10\/desfalque-importante-cobranca-a-depay-e-recado-de-rival-as-ultimas-noticias-do-corinthians\/#breadcrumb\",\"itemListElement\":[{\"@type\":\"ListItem\",\"position\":1,\"name\":\"Home\",\"item\":\"https:\/\/www.gaveanews.com\/\"},{\"@type\":\"ListItem\",\"position\":2,\"name\":\"Desfalque importante, cobran\u00e7a a Depay e recado de rival: as \u00faltimas not\u00edcias do Corinthians\"}]},{\"@type\":\"WebSite\",\"@id\":\"https:\/\/www.gaveanews.com\/#website\",\"url\":\"https:\/\/www.gaveanews.com\/\",\"name\":\"G\u00e1vea News\",\"description\":\"Veja todas as not\u00edcias sobre o Flamengo: Contrata\u00e7\u00f5es, categorias de base, resultados das partidas, tabela de classifica\u00e7\u00e3o, pr\u00f3ximos jogos!\",\"potentialAction\":[{\"@type\":\"SearchAction\",\"target\":{\"@type\":\"EntryPoint\",\"urlTemplate\":\"https:\/\/www.gaveanews.com\/?s={search_term_string}\"},\"query-input\":{\"@type\":\"PropertyValueSpecification\",\"valueRequired\":true,\"valueName\":\"search_term_string\"}}],\"inLanguage\":\"pt-BR\"},{\"@type\":\"Person\",\"@id\":\"https:\/\/www.gaveanews.com\/#\/schema\/person\/c79759ca337c40791ae8d08e2923d403\",\"name\":\"Brenda Cezillo\",\"image\":{\"@type\":\"ImageObject\",\"inLanguage\":\"pt-BR\",\"@id\":\"https:\/\/www.gaveanews.com\/#\/schema\/person\/image\/\",\"url\":\"https:\/\/secure.gravatar.com\/avatar\/1738d75cee7317f9c29ae61dd67620c5883d80a92e42a6fff88ae5d527af217a?s=96&d=mm&r=g\",\"contentUrl\":\"https:\/\/secure.gravatar.com\/avatar\/1738d75cee7317f9c29ae61dd67620c5883d80a92e42a6fff88ae5d527af217a?s=96&d=mm&r=g\",\"caption\":\"Brenda Cezillo\"}}]}<\/script>\n<!-- \/ Yoast SEO Premium plugin. -->","yoast_head_json":{"title":"Desfalque importante, cobran\u00e7a a Depay e recado de rival: as \u00faltimas not\u00edcias do Corinthians","robots":{"index":"index","follow":"follow","max-snippet":"max-snippet:-1","max-image-preview":"max-image-preview:large","max-video-preview":"max-video-preview:-1"},"canonical":"https:\/\/www.gaveanews.com\/index.php\/2025\/04\/10\/desfalque-importante-cobranca-a-depay-e-recado-de-rival-as-ultimas-noticias-do-corinthians\/","og_locale":"pt_BR","og_type":"article","og_title":"Desfalque importante, cobran\u00e7a a Depay e recado de rival: as \u00faltimas not\u00edcias do Corinthians","og_description":"Nas \u00faltimas horas, o foco das not\u00edcias sobre o Corinthians se concentram nos bastidores do clube, com destaques do dia a dia do time. Por conta deste contexto, leia abaixo um resumo preparado pela equipe do portal G\u00e1vea News para lhe manter muito bem informado! Recado de rival O Corinthians enfrenta o Am\u00e9rica de Cali [&hellip;]","og_url":"https:\/\/www.gaveanews.com\/index.php\/2025\/04\/10\/desfalque-importante-cobranca-a-depay-e-recado-de-rival-as-ultimas-noticias-do-corinthians\/","og_site_name":"G\u00e1vea News","article_publisher":"https:\/\/facebook.com\/gaveaNews\/","article_published_time":"2025-04-10T17:00:00+00:00","og_image":[{"width":1048,"height":699,"url":"https:\/\/www.gaveanews.com\/wp-content\/uploads\/Bandeira-do-Corinthians.webp","type":"image\/webp"}],"author":"Brenda Cezillo","twitter_card":"summary_large_image","twitter_misc":{"Escrito por":"Brenda Cezillo","Est. tempo de leitura":"5 minutos"},"schema":{"@context":"https:\/\/schema.org","@graph":[{"@type":"NewsArticle","@id":"https:\/\/www.gaveanews.com\/index.php\/2025\/04\/10\/desfalque-importante-cobranca-a-depay-e-recado-de-rival-as-ultimas-noticias-do-corinthians\/#article","isPartOf":{"@id":"https:\/\/www.gaveanews.com\/index.php\/2025\/04\/10\/desfalque-importante-cobranca-a-depay-e-recado-de-rival-as-ultimas-noticias-do-corinthians\/"},"author":{"name":"Brenda Cezillo","@id":"https:\/\/www.gaveanews.com\/#\/schema\/person\/c79759ca337c40791ae8d08e2923d403"},"headline":"Desfalque importante, cobran\u00e7a a Depay e recado de rival: as \u00faltimas not\u00edcias do Corinthians","datePublished":"2025-04-10T17:00:00+00:00","mainEntityOfPage":{"@id":"https:\/\/www.gaveanews.com\/index.php\/2025\/04\/10\/desfalque-importante-cobranca-a-depay-e-recado-de-rival-as-ultimas-noticias-do-corinthians\/"},"wordCount":866,"commentCount":0,"image":{"@id":"https:\/\/www.gaveanews.com\/index.php\/2025\/04\/10\/desfalque-importante-cobranca-a-depay-e-recado-de-rival-as-ultimas-noticias-do-corinthians\/#primaryimage"},"thumbnailUrl":"https:\/\/www.gaveanews.com\/wp-content\/uploads\/Bandeira-do-Corinthians.webp","articleSection":["Corinthians"],"inLanguage":"pt-BR","potentialAction":[{"@type":"CommentAction","name":"Comment","target":["https:\/\/www.gaveanews.com\/index.php\/2025\/04\/10\/desfalque-importante-cobranca-a-depay-e-recado-de-rival-as-ultimas-noticias-do-corinthians\/#respond"]}],"copyrightYear":"2025","copyrightHolder":{"@id":"https:\/\/www.gaveanews.com\/#organization"}},{"@type":"WebPage","@id":"https:\/\/www.gaveanews.com\/index.php\/2025\/04\/10\/desfalque-importante-cobranca-a-depay-e-recado-de-rival-as-ultimas-noticias-do-corinthians\/","url":"https:\/\/www.gaveanews.com\/index.php\/2025\/04\/10\/desfalque-importante-cobranca-a-depay-e-recado-de-rival-as-ultimas-noticias-do-corinthians\/","name":"Desfalque importante, cobran\u00e7a a Depay e recado de rival: as \u00faltimas not\u00edcias do Corinthians","isPartOf":{"@id":"https:\/\/www.gaveanews.com\/#website"},"primaryImageOfPage":{"@id":"https:\/\/www.gaveanews.com\/index.php\/2025\/04\/10\/desfalque-importante-cobranca-a-depay-e-recado-de-rival-as-ultimas-noticias-do-corinthians\/#primaryimage"},"image":{"@id":"https:\/\/www.gaveanews.com\/index.php\/2025\/04\/10\/desfalque-importante-cobranca-a-depay-e-recado-de-rival-as-ultimas-noticias-do-corinthians\/#primaryimage"},"thumbnailUrl":"https:\/\/www.gaveanews.com\/wp-content\/uploads\/Bandeira-do-Corinthians.webp","datePublished":"2025-04-10T17:00:00+00:00","author":{"@id":"https:\/\/www.gaveanews.com\/#\/schema\/person\/c79759ca337c40791ae8d08e2923d403"},"breadcrumb":{"@id":"https:\/\/www.gaveanews.com\/index.php\/2025\/04\/10\/desfalque-importante-cobranca-a-depay-e-recado-de-rival-as-ultimas-noticias-do-corinthians\/#breadcrumb"},"inLanguage":"pt-BR","potentialAction":[{"@type":"ReadAction","target":["https:\/\/www.gaveanews.com\/index.php\/2025\/04\/10\/desfalque-importante-cobranca-a-depay-e-recado-de-rival-as-ultimas-noticias-do-corinthians\/"]}]},{"@type":"ImageObject","inLanguage":"pt-BR","@id":"https:\/\/www.gaveanews.com\/index.php\/2025\/04\/10\/desfalque-importante-cobranca-a-depay-e-recado-de-rival-as-ultimas-noticias-do-corinthians\/#primaryimage","url":"https:\/\/www.gaveanews.com\/wp-content\/uploads\/Bandeira-do-Corinthians.webp","contentUrl":"https:\/\/www.gaveanews.com\/wp-content\/uploads\/Bandeira-do-Corinthians.webp","width":1048,"height":699,"caption":"Bandeira do Corinthians (Foto Reprodu\u00e7\u00e3o\/Instagram)"},{"@type":"BreadcrumbList","@id":"https:\/\/www.gaveanews.com\/index.php\/2025\/04\/10\/desfalque-importante-cobranca-a-depay-e-recado-de-rival-as-ultimas-noticias-do-corinthians\/#breadcrumb","itemListElement":[{"@type":"ListItem","position":1,"name":"Home","item":"https:\/\/www.gaveanews.com\/"},{"@type":"ListItem","position":2,"name":"Desfalque importante, cobran\u00e7a a Depay e recado de rival: as \u00faltimas not\u00edcias do Corinthians"}]},{"@type":"WebSite","@id":"https:\/\/www.gaveanews.com\/#website","url":"https:\/\/www.gaveanews.com\/","name":"G\u00e1vea News","description":"Veja todas as not\u00edcias sobre o Flamengo: Contrata\u00e7\u00f5es, categorias de base, resultados das partidas, tabela de classifica\u00e7\u00e3o, pr\u00f3ximos jogos!","potentialAction":[{"@type":"SearchAction","target":{"@type":"EntryPoint","urlTemplate":"https:\/\/www.gaveanews.com\/?s={search_term_string}"},"query-input":{"@type":"PropertyValueSpecification","valueRequired":true,"valueName":"search_term_string"}}],"inLanguage":"pt-BR"},{"@type":"Person","@id":"https:\/\/www.gaveanews.com\/#\/schema\/person\/c79759ca337c40791ae8d08e2923d403","name":"Brenda Cezillo","image":{"@type":"ImageObject","inLanguage":"pt-BR","@id":"https:\/\/www.gaveanews.com\/#\/schema\/person\/image\/","url":"https:\/\/secure.gravatar.com\/avatar\/1738d75cee7317f9c29ae61dd67620c5883d80a92e42a6fff88ae5d527af217a?s=96&d=mm&r=g","contentUrl":"https:\/\/secure.gravatar.com\/avatar\/1738d75cee7317f9c29ae61dd67620c5883d80a92e42a6fff88ae5d527af217a?s=96&d=mm&r=g","caption":"Brenda Cezillo"}}]}},"_links":{"self":[{"href":"https:\/\/www.gaveanews.com\/index.php\/wp-json\/wp\/v2\/posts\/251562","targetHints":{"allow":["GET"]}}],"collection":[{"href":"https:\/\/www.gaveanews.com\/index.php\/wp-json\/wp\/v2\/posts"}],"about":[{"href":"https:\/\/www.gaveanews.com\/index.php\/wp-json\/wp\/v2\/types\/post"}],"author":[{"embeddable":true,"href":"https:\/\/www.gaveanews.com\/index.php\/wp-json\/wp\/v2\/users\/33"}],"replies":[{"embeddable":true,"href":"https:\/\/www.gaveanews.com\/index.php\/wp-json\/wp\/v2\/comments?post=251562"}],"version-history":[{"count":1,"href":"https:\/\/www.gaveanews.com\/index.php\/wp-json\/wp\/v2\/posts\/251562\/revisions"}],"predecessor-version":[{"id":251603,"href":"https:\/\/www.gaveanews.com\/index.php\/wp-json\/wp\/v2\/posts\/251562\/revisions\/251603"}],"wp:featuredmedia":[{"embeddable":true,"href":"https:\/\/www.gaveanews.com\/index.php\/wp-json\/wp\/v2\/media\/146952"}],"wp:attachment":[{"href":"https:\/\/www.gaveanews.com\/index.php\/wp-json\/wp\/v2\/media?parent=251562"}],"wp:term":[{"taxonomy":"category","embeddable":true,"href":"https:\/\/www.gaveanews.com\/index.php\/wp-json\/wp\/v2\/categories?post=251562"},{"taxonomy":"post_tag","embeddable":true,"href":"https:\/\/www.gaveanews.com\/index.php\/wp-json\/wp\/v2\/tags?post=251562"}],"curies":[{"name":"wp","href":"https:\/\/api.w.org\/{rel}","templated":true}]}}