{"id":251564,"date":"2025-04-10T15:00:00","date_gmt":"2025-04-10T18:00:00","guid":{"rendered":"https:\/\/www.gaveanews.com\/?p=251564"},"modified":"2025-04-10T11:59:02","modified_gmt":"2025-04-10T14:59:02","slug":"interferencia-na-uefa-reviravolta-de-bidon-e-declaracao-de-neto-as-ultimas-noticias-do-corinthians","status":"publish","type":"post","link":"https:\/\/www.gaveanews.com\/index.php\/2025\/04\/10\/interferencia-na-uefa-reviravolta-de-bidon-e-declaracao-de-neto-as-ultimas-noticias-do-corinthians\/","title":{"rendered":"Interfer\u00eancia na UEFA, reviravolta de B\u00eddon e declara\u00e7\u00e3o de Neto: as \u00faltimas not\u00edcias do Corinthians"},"content":{"rendered":"\n<p>Nas \u00faltimas horas, o foco das not\u00edcias sobre o Corinthians se concentram nos bastidores do clube, com destaques do dia a dia do time.<\/p>\n\n\n\n<p>Por conta deste contexto, leia abaixo um resumo preparado pela equipe do portal G\u00e1vea News para lhe manter muito bem informado!<\/p>\n\n\n\n<div class=\"wp-block-group\"><div class=\"wp-block-group__inner-container is-layout-constrained wp-block-group-is-layout-constrained\">\n<h2 class=\"wp-block-heading\" id=\"h-declaracao-de-neto\">Declara\u00e7\u00e3o de Neto<\/h2>\n\n\n\n<p>Durante o programa <em>Os Donos da Bola 7K<\/em>, o comentarista Neto surpreendeu ao colocar o Corinthians como um dos principais candidatos ao t\u00edtulo do Campeonato Brasileiro de 2025. Segundo ele, o in\u00edcio s\u00f3lido da equipe comandada por Ram\u00f3n D\u00edaz e a qualidade do elenco, com nomes como Memphis Depay, justificam o otimismo. A afirma\u00e7\u00e3o repercutiu rapidamente nas redes sociais, dividindo opini\u00f5es entre torcedores e analistas esportivos<strong><a href=\"https:\/\/www.gaveanews.com\/index.php\/2025\/04\/08\/video-neto-crava-mais-um-time-que-vai-brigar-pelo-titulo-do-campeonato-brasileiro\/\"> (leia a mat\u00e9ria completa).<\/a><\/strong><\/p>\n\n\n\n<figure class=\"wp-block-image size-full\"><img loading=\"lazy\" decoding=\"async\" width=\"900\" height=\"600\" src=\"http:\/\/www.gaveanews.com\/wp-content\/uploads\/Craque-Neto-apresentador-da-Band.webp\" alt=\"\" class=\"wp-image-244433\"\/><figcaption class=\"wp-element-caption\">Craque Neto, apresentador da Band (Foto: Kelly Fuzaro\/Band)<\/figcaption><\/figure>\n\n\n\n<p>O Tim\u00e3o come\u00e7ou o Brasileir\u00e3o com um empate diante do Bahia e uma convincente vit\u00f3ria por 3 a 0 sobre o Vasco, mantendo a invencibilidade em casa contra o time carioca desde 2007. <\/p>\n\n\n\n<p>Com esses resultados, o Corinthians ocupa a segunda coloca\u00e7\u00e3o na tabela, somando quatro pontos. Neto destacou que o desempenho recente, somado \u00e0 base mantida e ao refor\u00e7o de atletas experientes, refor\u00e7a o potencial do clube para brigar pelo t\u00edtulo ao longo das 38 rodadas.<\/p>\n\n\n\n<p>O pr\u00f3ximo compromisso ser\u00e1 decisivo: um cl\u00e1ssico contra o Palmeiras, no Allianz Parque, no dia 12 de abril. A partida \u00e9 vista como um teste crucial para as pretens\u00f5es do Corinthians na temporada. Caso o time ven\u00e7a, poder\u00e1 consolidar sua condi\u00e7\u00e3o de candidato ao t\u00edtulo, como prev\u00ea Neto. O confronto tamb\u00e9m servir\u00e1 para medir a consist\u00eancia do trabalho de Ram\u00f3n D\u00edaz, que segue sob observa\u00e7\u00e3o ap\u00f3s cr\u00edticas relacionadas ao desempenho internacional da equipe.<\/p>\n\n\n\n<h2 class=\"wp-block-heading\" id=\"h-reviravolta-de-bidon\">Reviravolta de B\u00eddon<\/h2>\n\n\n\n<p>O t\u00e9cnico <strong>Ram\u00f3n D\u00edaz<\/strong> foi determinante para a retomada da boa fase de <strong>Breno Bidon<\/strong> no Corinthians. Ap\u00f3s se destacar em 2024, o jovem meio-campista havia perdido espa\u00e7o em 2025, come\u00e7ando a temporada no banco de reservas. No entanto, uma conversa direta com o treinador argentino durante o per\u00edodo da Data Fifa foi o ponto de virada. Ram\u00f3n cobrou mais intensidade e concentra\u00e7\u00e3o do atleta, o que resultou em uma not\u00e1vel evolu\u00e7\u00e3o dentro de campo<strong><a href=\"https:\/\/www.gaveanews.com\/index.php\/2025\/04\/08\/ramon-diaz-foi-fundamento-para-ele-voltar-a-jogar-no-corinthians\/\"> (leia a mat\u00e9ria completa).<\/a><\/strong><\/p>\n\n\n\n<figure class=\"wp-block-image size-large\"><img loading=\"lazy\" decoding=\"async\" width=\"1024\" height=\"1015\" src=\"http:\/\/www.gaveanews.com\/wp-content\/uploads\/Breno-Bidon-durante-o-jogo-entre-Corinthians-x-Fortaleza-pelo-Brasileirao-2024-1024x1015.webp\" alt=\"\" class=\"wp-image-155806\" srcset=\"https:\/\/www.gaveanews.com\/wp-content\/uploads\/Breno-Bidon-durante-o-jogo-entre-Corinthians-x-Fortaleza-pelo-Brasileirao-2024-1024x1015.webp 1024w, https:\/\/www.gaveanews.com\/wp-content\/uploads\/Breno-Bidon-durante-o-jogo-entre-Corinthians-x-Fortaleza-pelo-Brasileirao-2024-300x297.webp 300w, https:\/\/www.gaveanews.com\/wp-content\/uploads\/Breno-Bidon-durante-o-jogo-entre-Corinthians-x-Fortaleza-pelo-Brasileirao-2024-150x150.webp 150w, https:\/\/www.gaveanews.com\/wp-content\/uploads\/Breno-Bidon-durante-o-jogo-entre-Corinthians-x-Fortaleza-pelo-Brasileirao-2024-768x761.webp 768w, https:\/\/www.gaveanews.com\/wp-content\/uploads\/Breno-Bidon-durante-o-jogo-entre-Corinthians-x-Fortaleza-pelo-Brasileirao-2024-424x420.webp 424w, https:\/\/www.gaveanews.com\/wp-content\/uploads\/Breno-Bidon-durante-o-jogo-entre-Corinthians-x-Fortaleza-pelo-Brasileirao-2024-848x840.webp 848w, https:\/\/www.gaveanews.com\/wp-content\/uploads\/Breno-Bidon-durante-o-jogo-entre-Corinthians-x-Fortaleza-pelo-Brasileirao-2024-640x634.webp 640w, https:\/\/www.gaveanews.com\/wp-content\/uploads\/Breno-Bidon-durante-o-jogo-entre-Corinthians-x-Fortaleza-pelo-Brasileirao-2024-681x675.webp 681w, https:\/\/www.gaveanews.com\/wp-content\/uploads\/Breno-Bidon-durante-o-jogo-entre-Corinthians-x-Fortaleza-pelo-Brasileirao-2024-100x99.webp 100w, https:\/\/www.gaveanews.com\/wp-content\/uploads\/Breno-Bidon-durante-o-jogo-entre-Corinthians-x-Fortaleza-pelo-Brasileirao-2024.webp 1080w\" sizes=\"auto, (max-width: 1024px) 100vw, 1024px\" \/><figcaption class=\"wp-element-caption\">Breno Bidon durante o jogo entre Corinthians x Fortaleza pelo Brasileir\u00e3o 2024 (Foto: Reprodu\u00e7\u00e3o\/Instagram)<\/figcaption><\/figure>\n\n\n\n<p>A atua\u00e7\u00e3o contra o Vasco, pelo Brasileir\u00e3o, marcou a recupera\u00e7\u00e3o de Bidon. Ele foi titular pelo segundo jogo consecutivo e se destacou na vit\u00f3ria por 3 a 0, sendo elogiado publicamente por Ram\u00f3n D\u00edaz, que destacou sua entrega e import\u00e2ncia para o time. Com a aus\u00eancia de nomes como Memphis Depay e Igor Coronado para o pr\u00f3ximo confronto da Sul-Americana, contra o Am\u00e9rica de Cali, o camisa 27 deve assumir papel ainda mais central na equipe.<\/p>\n\n\n\n<p>O caso de Bidon simboliza a confian\u00e7a renovada no elenco corintiano, fruto da gest\u00e3o pr\u00f3xima e estrat\u00e9gica de Ram\u00f3n D\u00edaz. A trajet\u00f3ria do jovem meia comprova que, com di\u00e1logo, cobran\u00e7a na medida certa e oportunidades bem aproveitadas, \u00e9 poss\u00edvel dar a volta por cima mesmo em momentos de baixa. O duelo na Col\u00f4mbia ser\u00e1 mais uma chance de consolidar sua ascens\u00e3o em 2025.<\/p>\n\n\n\n<h2 class=\"wp-block-heading\" id=\"h-interferencia-na-uefa\">Interfer\u00eancia na UEFA<\/h2>\n\n\n\n<p>O lateral-esquerdo Carlos Augusto, revelado pelo Corinthians, brilhou nas quartas de final da Champions League ao ser decisivo na vit\u00f3ria da Inter de Mil\u00e3o por 2 a 1 sobre o Bayern de Munique. Atuando em alto n\u00edvel mesmo com a concorr\u00eancia de Dimarco, o ex-corinthiano participou diretamente dos dois gols da equipe italiana: primeiro com uma pr\u00e9-assist\u00eancia para Thuram, que serviu Lautaro Mart\u00ednez, e depois com um cruzamento preciso para Frattesi marcar o segundo gol<strong><a href=\"https:\/\/www.gaveanews.com\/index.php\/2025\/04\/08\/revelacao-do-corinthians-e-crucial-em-partida-das-quartas-da-champions\/\"> (leia a mat\u00e9ria completa).<\/a><\/strong><\/p>\n\n\n\n<blockquote class=\"instagram-media\" data-instgrm-permalink=\"https:\/\/www.instagram.com\/p\/DIM5HJ8I5QN\/?utm_source=ig_embed&amp;utm_campaign=loading\" data-instgrm-version=\"14\" style=\" background:#FFF; border:0; border-radius:3px; box-shadow:0 0 1px 0 rgba(0,0,0,0.5),0 1px 10px 0 rgba(0,0,0,0.15); margin: 1px; max-width:540px; min-width:326px; padding:0; width:99.375%; width:-webkit-calc(100% - 2px); width:calc(100% - 2px);\"><div style=\"padding:16px;\"> <a href=\"https:\/\/www.instagram.com\/p\/DIM5HJ8I5QN\/?utm_source=ig_embed&amp;utm_campaign=loading\" style=\" background:#FFFFFF; line-height:0; padding:0 0; text-align:center; text-decoration:none; width:100%;\" target=\"_blank\"> <div style=\" display: flex; flex-direction: row; align-items: center;\"> <div style=\"background-color: #F4F4F4; border-radius: 50%; flex-grow: 0; height: 40px; margin-right: 14px; width: 40px;\"><\/div> <div style=\"display: flex; flex-direction: column; flex-grow: 1; justify-content: center;\"> <div style=\" background-color: #F4F4F4; border-radius: 4px; flex-grow: 0; height: 14px; margin-bottom: 6px; width: 100px;\"><\/div> <div style=\" background-color: #F4F4F4; border-radius: 4px; flex-grow: 0; height: 14px; width: 60px;\"><\/div><\/div><\/div><div style=\"padding: 19% 0;\"><\/div> <div style=\"display:block; height:50px; margin:0 auto 12px; width:50px;\"><svg width=\"50px\" height=\"50px\" viewBox=\"0 0 60 60\" version=\"1.1\" xmlns=\"https:\/\/www.w3.org\/2000\/svg\" xmlns:xlink=\"https:\/\/www.w3.org\/1999\/xlink\"><g stroke=\"none\" stroke-width=\"1\" fill=\"none\" fill-rule=\"evenodd\"><g transform=\"translate(-511.000000, -20.000000)\" fill=\"#000000\"><g><path d=\"M556.869,30.41 C554.814,30.41 553.148,32.076 553.148,34.131 C553.148,36.186 554.814,37.852 556.869,37.852 C558.924,37.852 560.59,36.186 560.59,34.131 C560.59,32.076 558.924,30.41 556.869,30.41 M541,60.657 C535.114,60.657 530.342,55.887 530.342,50 C530.342,44.114 535.114,39.342 541,39.342 C546.887,39.342 551.658,44.114 551.658,50 C551.658,55.887 546.887,60.657 541,60.657 M541,33.886 C532.1,33.886 524.886,41.1 524.886,50 C524.886,58.899 532.1,66.113 541,66.113 C549.9,66.113 557.115,58.899 557.115,50 C557.115,41.1 549.9,33.886 541,33.886 M565.378,62.101 C565.244,65.022 564.756,66.606 564.346,67.663 C563.803,69.06 563.154,70.057 562.106,71.106 C561.058,72.155 560.06,72.803 558.662,73.347 C557.607,73.757 556.021,74.244 553.102,74.378 C549.944,74.521 548.997,74.552 541,74.552 C533.003,74.552 532.056,74.521 528.898,74.378 C525.979,74.244 524.393,73.757 523.338,73.347 C521.94,72.803 520.942,72.155 519.894,71.106 C518.846,70.057 518.197,69.06 517.654,67.663 C517.244,66.606 516.755,65.022 516.623,62.101 C516.479,58.943 516.448,57.996 516.448,50 C516.448,42.003 516.479,41.056 516.623,37.899 C516.755,34.978 517.244,33.391 517.654,32.338 C518.197,30.938 518.846,29.942 519.894,28.894 C520.942,27.846 521.94,27.196 523.338,26.654 C524.393,26.244 525.979,25.756 528.898,25.623 C532.057,25.479 533.004,25.448 541,25.448 C548.997,25.448 549.943,25.479 553.102,25.623 C556.021,25.756 557.607,26.244 558.662,26.654 C560.06,27.196 561.058,27.846 562.106,28.894 C563.154,29.942 563.803,30.938 564.346,32.338 C564.756,33.391 565.244,34.978 565.378,37.899 C565.522,41.056 565.552,42.003 565.552,50 C565.552,57.996 565.522,58.943 565.378,62.101 M570.82,37.631 C570.674,34.438 570.167,32.258 569.425,30.349 C568.659,28.377 567.633,26.702 565.965,25.035 C564.297,23.368 562.623,22.342 560.652,21.575 C558.743,20.834 556.562,20.326 553.369,20.18 C550.169,20.033 549.148,20 541,20 C532.853,20 531.831,20.033 528.631,20.18 C525.438,20.326 523.257,20.834 521.349,21.575 C519.376,22.342 517.703,23.368 516.035,25.035 C514.368,26.702 513.342,28.377 512.574,30.349 C511.834,32.258 511.326,34.438 511.181,37.631 C511.035,40.831 511,41.851 511,50 C511,58.147 511.035,59.17 511.181,62.369 C511.326,65.562 511.834,67.743 512.574,69.651 C513.342,71.625 514.368,73.296 516.035,74.965 C517.703,76.634 519.376,77.658 521.349,78.425 C523.257,79.167 525.438,79.673 528.631,79.82 C531.831,79.965 532.853,80.001 541,80.001 C549.148,80.001 550.169,79.965 553.369,79.82 C556.562,79.673 558.743,79.167 560.652,78.425 C562.623,77.658 564.297,76.634 565.965,74.965 C567.633,73.296 568.659,71.625 569.425,69.651 C570.167,67.743 570.674,65.562 570.82,62.369 C570.966,59.17 571,58.147 571,50 C571,41.851 570.966,40.831 570.82,37.631\"><\/path><\/g><\/g><\/g><\/svg><\/div><div style=\"padding-top: 8px;\"> <div style=\" color:#3897f0; font-family:Arial,sans-serif; font-size:14px; font-style:normal; font-weight:550; line-height:18px;\">Ver essa foto no Instagram<\/div><\/div><div style=\"padding: 12.5% 0;\"><\/div> <div style=\"display: flex; flex-direction: row; margin-bottom: 14px; align-items: center;\"><div> <div style=\"background-color: #F4F4F4; border-radius: 50%; height: 12.5px; width: 12.5px; transform: translateX(0px) translateY(7px);\"><\/div> <div style=\"background-color: #F4F4F4; height: 12.5px; transform: rotate(-45deg) translateX(3px) translateY(1px); width: 12.5px; flex-grow: 0; margin-right: 14px; margin-left: 2px;\"><\/div> <div style=\"background-color: #F4F4F4; border-radius: 50%; height: 12.5px; width: 12.5px; transform: translateX(9px) translateY(-18px);\"><\/div><\/div><div style=\"margin-left: 8px;\"> <div style=\" background-color: #F4F4F4; border-radius: 50%; flex-grow: 0; height: 20px; width: 20px;\"><\/div> <div style=\" width: 0; height: 0; border-top: 2px solid transparent; border-left: 6px solid #f4f4f4; border-bottom: 2px solid transparent; transform: translateX(16px) translateY(-4px) rotate(30deg)\"><\/div><\/div><div style=\"margin-left: auto;\"> <div style=\" width: 0px; border-top: 8px solid #F4F4F4; border-right: 8px solid transparent; transform: translateY(16px);\"><\/div> <div style=\" background-color: #F4F4F4; flex-grow: 0; height: 12px; width: 16px; transform: translateY(-4px);\"><\/div> <div style=\" width: 0; height: 0; border-top: 8px solid #F4F4F4; border-left: 8px solid transparent; transform: translateY(-4px) translateX(8px);\"><\/div><\/div><\/div> <div style=\"display: flex; flex-direction: column; flex-grow: 1; justify-content: center; margin-bottom: 24px;\"> <div style=\" background-color: #F4F4F4; border-radius: 4px; flex-grow: 0; height: 14px; margin-bottom: 6px; width: 224px;\"><\/div> <div style=\" background-color: #F4F4F4; border-radius: 4px; flex-grow: 0; height: 14px; width: 144px;\"><\/div><\/div><\/a><p style=\" color:#c9c8cd; font-family:Arial,sans-serif; font-size:14px; line-height:17px; margin-bottom:0; margin-top:8px; overflow:hidden; padding:8px 0 7px; text-align:center; text-overflow:ellipsis; white-space:nowrap;\"><a href=\"https:\/\/www.instagram.com\/p\/DIM5HJ8I5QN\/?utm_source=ig_embed&amp;utm_campaign=loading\" style=\" color:#c9c8cd; font-family:Arial,sans-serif; font-size:14px; font-style:normal; font-weight:normal; line-height:17px; text-decoration:none;\" target=\"_blank\">Uma publica\u00e7\u00e3o compartilhada por Carlos Augusto (@carlos.augusto99)<\/a><\/p><\/div><\/blockquote>\n<script async src=\"\/\/www.instagram.com\/embed.js\"><\/script>\n\n\n\n<p>Aos 26 anos, Carlos vive grande fase sob o comando de Simone Inzaghi, acumulando 35 partidas na temporada, tr\u00eas gols e tr\u00eas assist\u00eancias. Segundo dados do Sofascore, o lateral apresenta desempenho consistente, com 89% de acerto nos passes, 71% nos cruzamentos e nove desarmes nos \u00faltimos seis jogos. Seu crescimento na Europa teve in\u00edcio no Monza, mas foi no Corinthians que ele iniciou a carreira, sendo formado no clube desde os 11 anos e atuando em 41 partidas antes de ser negociado.<\/p>\n\n\n\n<p>A transfer\u00eancia para a Inter de Mil\u00e3o rendeu ao Corinthians R$ 11,46 milh\u00f5es via mecanismo de solidariedade. Agora, Carlos volta a ser manchete no cen\u00e1rio internacional ao destacar-se num dos maiores palcos do futebol europeu. O jogo de volta contra o Bayern est\u00e1 marcado para 16 de abril, no San Siro, onde ser\u00e1 decidido quem avan\u00e7a \u00e0s semifinais da Champions League. O desempenho do brasileiro segue gerando orgulho ao clube que o formou e aos torcedores corintianos.<\/p>\n<\/div><\/div>\n","protected":false},"excerpt":{"rendered":"<p>Nas \u00faltimas horas, o foco das not\u00edcias sobre o Corinthians se concentram nos bastidores do clube, com destaques do dia a dia do time. Por conta deste contexto, leia abaixo um resumo preparado pela equipe do portal G\u00e1vea News para lhe manter muito bem informado! Declara\u00e7\u00e3o de Neto Durante o programa Os Donos da Bola [&hellip;]<\/p>\n","protected":false},"author":33,"featured_media":146951,"comment_status":"open","ping_status":"closed","sticky":false,"template":"","format":"standard","meta":{"footnotes":""},"categories":[141],"tags":[],"class_list":["post-251564","post","type-post","status-publish","format-standard","has-post-thumbnail","hentry","category-corinthians"],"yoast_head":"<!-- This site is optimized with the Yoast SEO Premium plugin v24.2 (Yoast SEO v26.9) - https:\/\/yoast.com\/product\/yoast-seo-premium-wordpress\/ -->\n<title>Interfer\u00eancia na UEFA, reviravolta de B\u00eddon e declara\u00e7\u00e3o de Neto: as \u00faltimas not\u00edcias do Corinthians<\/title>\n<meta name=\"robots\" content=\"index, follow, max-snippet:-1, max-image-preview:large, max-video-preview:-1\" \/>\n<link rel=\"canonical\" href=\"https:\/\/www.gaveanews.com\/index.php\/2025\/04\/10\/interferencia-na-uefa-reviravolta-de-bidon-e-declaracao-de-neto-as-ultimas-noticias-do-corinthians\/\" \/>\n<meta property=\"og:locale\" content=\"pt_BR\" \/>\n<meta property=\"og:type\" content=\"article\" \/>\n<meta property=\"og:title\" content=\"Interfer\u00eancia na UEFA, reviravolta de B\u00eddon e declara\u00e7\u00e3o de Neto: as \u00faltimas not\u00edcias do Corinthians\" \/>\n<meta property=\"og:description\" content=\"Nas \u00faltimas horas, o foco das not\u00edcias sobre o Corinthians se concentram nos bastidores do clube, com destaques do dia a dia do time. Por conta deste contexto, leia abaixo um resumo preparado pela equipe do portal G\u00e1vea News para lhe manter muito bem informado! Declara\u00e7\u00e3o de Neto Durante o programa Os Donos da Bola [&hellip;]\" \/>\n<meta property=\"og:url\" content=\"https:\/\/www.gaveanews.com\/index.php\/2025\/04\/10\/interferencia-na-uefa-reviravolta-de-bidon-e-declaracao-de-neto-as-ultimas-noticias-do-corinthians\/\" \/>\n<meta property=\"og:site_name\" content=\"G\u00e1vea News\" \/>\n<meta property=\"article:publisher\" content=\"https:\/\/facebook.com\/gaveaNews\/\" \/>\n<meta property=\"article:published_time\" content=\"2025-04-10T18:00:00+00:00\" \/>\n<meta property=\"og:image\" content=\"https:\/\/www.gaveanews.com\/wp-content\/uploads\/Escudo-do-Corinthians.webp\" \/>\n\t<meta property=\"og:image:width\" content=\"1000\" \/>\n\t<meta property=\"og:image:height\" content=\"667\" \/>\n\t<meta property=\"og:image:type\" content=\"image\/webp\" \/>\n<meta name=\"author\" content=\"Brenda Cezillo\" \/>\n<meta name=\"twitter:card\" content=\"summary_large_image\" \/>\n<meta name=\"twitter:label1\" content=\"Escrito por\" \/>\n\t<meta name=\"twitter:data1\" content=\"Brenda Cezillo\" \/>\n\t<meta name=\"twitter:label2\" content=\"Est. tempo de leitura\" \/>\n\t<meta name=\"twitter:data2\" content=\"5 minutos\" \/>\n<script type=\"application\/ld+json\" class=\"yoast-schema-graph\">{\"@context\":\"https:\/\/schema.org\",\"@graph\":[{\"@type\":\"NewsArticle\",\"@id\":\"https:\/\/www.gaveanews.com\/index.php\/2025\/04\/10\/interferencia-na-uefa-reviravolta-de-bidon-e-declaracao-de-neto-as-ultimas-noticias-do-corinthians\/#article\",\"isPartOf\":{\"@id\":\"https:\/\/www.gaveanews.com\/index.php\/2025\/04\/10\/interferencia-na-uefa-reviravolta-de-bidon-e-declaracao-de-neto-as-ultimas-noticias-do-corinthians\/\"},\"author\":{\"name\":\"Brenda Cezillo\",\"@id\":\"https:\/\/www.gaveanews.com\/#\/schema\/person\/c79759ca337c40791ae8d08e2923d403\"},\"headline\":\"Interfer\u00eancia na UEFA, reviravolta de B\u00eddon e declara\u00e7\u00e3o de Neto: as \u00faltimas not\u00edcias do Corinthians\",\"datePublished\":\"2025-04-10T18:00:00+00:00\",\"mainEntityOfPage\":{\"@id\":\"https:\/\/www.gaveanews.com\/index.php\/2025\/04\/10\/interferencia-na-uefa-reviravolta-de-bidon-e-declaracao-de-neto-as-ultimas-noticias-do-corinthians\/\"},\"wordCount\":848,\"commentCount\":0,\"image\":{\"@id\":\"https:\/\/www.gaveanews.com\/index.php\/2025\/04\/10\/interferencia-na-uefa-reviravolta-de-bidon-e-declaracao-de-neto-as-ultimas-noticias-do-corinthians\/#primaryimage\"},\"thumbnailUrl\":\"https:\/\/www.gaveanews.com\/wp-content\/uploads\/Escudo-do-Corinthians.webp\",\"articleSection\":[\"Corinthians\"],\"inLanguage\":\"pt-BR\",\"potentialAction\":[{\"@type\":\"CommentAction\",\"name\":\"Comment\",\"target\":[\"https:\/\/www.gaveanews.com\/index.php\/2025\/04\/10\/interferencia-na-uefa-reviravolta-de-bidon-e-declaracao-de-neto-as-ultimas-noticias-do-corinthians\/#respond\"]}],\"copyrightYear\":\"2025\",\"copyrightHolder\":{\"@id\":\"https:\/\/www.gaveanews.com\/#organization\"}},{\"@type\":\"WebPage\",\"@id\":\"https:\/\/www.gaveanews.com\/index.php\/2025\/04\/10\/interferencia-na-uefa-reviravolta-de-bidon-e-declaracao-de-neto-as-ultimas-noticias-do-corinthians\/\",\"url\":\"https:\/\/www.gaveanews.com\/index.php\/2025\/04\/10\/interferencia-na-uefa-reviravolta-de-bidon-e-declaracao-de-neto-as-ultimas-noticias-do-corinthians\/\",\"name\":\"Interfer\u00eancia na UEFA, reviravolta de B\u00eddon e declara\u00e7\u00e3o de Neto: as \u00faltimas not\u00edcias do Corinthians\",\"isPartOf\":{\"@id\":\"https:\/\/www.gaveanews.com\/#website\"},\"primaryImageOfPage\":{\"@id\":\"https:\/\/www.gaveanews.com\/index.php\/2025\/04\/10\/interferencia-na-uefa-reviravolta-de-bidon-e-declaracao-de-neto-as-ultimas-noticias-do-corinthians\/#primaryimage\"},\"image\":{\"@id\":\"https:\/\/www.gaveanews.com\/index.php\/2025\/04\/10\/interferencia-na-uefa-reviravolta-de-bidon-e-declaracao-de-neto-as-ultimas-noticias-do-corinthians\/#primaryimage\"},\"thumbnailUrl\":\"https:\/\/www.gaveanews.com\/wp-content\/uploads\/Escudo-do-Corinthians.webp\",\"datePublished\":\"2025-04-10T18:00:00+00:00\",\"author\":{\"@id\":\"https:\/\/www.gaveanews.com\/#\/schema\/person\/c79759ca337c40791ae8d08e2923d403\"},\"breadcrumb\":{\"@id\":\"https:\/\/www.gaveanews.com\/index.php\/2025\/04\/10\/interferencia-na-uefa-reviravolta-de-bidon-e-declaracao-de-neto-as-ultimas-noticias-do-corinthians\/#breadcrumb\"},\"inLanguage\":\"pt-BR\",\"potentialAction\":[{\"@type\":\"ReadAction\",\"target\":[\"https:\/\/www.gaveanews.com\/index.php\/2025\/04\/10\/interferencia-na-uefa-reviravolta-de-bidon-e-declaracao-de-neto-as-ultimas-noticias-do-corinthians\/\"]}]},{\"@type\":\"ImageObject\",\"inLanguage\":\"pt-BR\",\"@id\":\"https:\/\/www.gaveanews.com\/index.php\/2025\/04\/10\/interferencia-na-uefa-reviravolta-de-bidon-e-declaracao-de-neto-as-ultimas-noticias-do-corinthians\/#primaryimage\",\"url\":\"https:\/\/www.gaveanews.com\/wp-content\/uploads\/Escudo-do-Corinthians.webp\",\"contentUrl\":\"https:\/\/www.gaveanews.com\/wp-content\/uploads\/Escudo-do-Corinthians.webp\",\"width\":1000,\"height\":667,\"caption\":\"Escudo do Corinthians (Foto Reprodu\u00e7\u00e3o\/Instagram)\"},{\"@type\":\"BreadcrumbList\",\"@id\":\"https:\/\/www.gaveanews.com\/index.php\/2025\/04\/10\/interferencia-na-uefa-reviravolta-de-bidon-e-declaracao-de-neto-as-ultimas-noticias-do-corinthians\/#breadcrumb\",\"itemListElement\":[{\"@type\":\"ListItem\",\"position\":1,\"name\":\"Home\",\"item\":\"https:\/\/www.gaveanews.com\/\"},{\"@type\":\"ListItem\",\"position\":2,\"name\":\"Interfer\u00eancia na UEFA, reviravolta de B\u00eddon e declara\u00e7\u00e3o de Neto: as \u00faltimas not\u00edcias do Corinthians\"}]},{\"@type\":\"WebSite\",\"@id\":\"https:\/\/www.gaveanews.com\/#website\",\"url\":\"https:\/\/www.gaveanews.com\/\",\"name\":\"G\u00e1vea News\",\"description\":\"Veja todas as not\u00edcias sobre o Flamengo: Contrata\u00e7\u00f5es, categorias de base, resultados das partidas, tabela de classifica\u00e7\u00e3o, pr\u00f3ximos jogos!\",\"potentialAction\":[{\"@type\":\"SearchAction\",\"target\":{\"@type\":\"EntryPoint\",\"urlTemplate\":\"https:\/\/www.gaveanews.com\/?s={search_term_string}\"},\"query-input\":{\"@type\":\"PropertyValueSpecification\",\"valueRequired\":true,\"valueName\":\"search_term_string\"}}],\"inLanguage\":\"pt-BR\"},{\"@type\":\"Person\",\"@id\":\"https:\/\/www.gaveanews.com\/#\/schema\/person\/c79759ca337c40791ae8d08e2923d403\",\"name\":\"Brenda Cezillo\",\"image\":{\"@type\":\"ImageObject\",\"inLanguage\":\"pt-BR\",\"@id\":\"https:\/\/www.gaveanews.com\/#\/schema\/person\/image\/\",\"url\":\"https:\/\/secure.gravatar.com\/avatar\/1738d75cee7317f9c29ae61dd67620c5883d80a92e42a6fff88ae5d527af217a?s=96&d=mm&r=g\",\"contentUrl\":\"https:\/\/secure.gravatar.com\/avatar\/1738d75cee7317f9c29ae61dd67620c5883d80a92e42a6fff88ae5d527af217a?s=96&d=mm&r=g\",\"caption\":\"Brenda Cezillo\"}}]}<\/script>\n<!-- \/ Yoast SEO Premium plugin. -->","yoast_head_json":{"title":"Interfer\u00eancia na UEFA, reviravolta de B\u00eddon e declara\u00e7\u00e3o de Neto: as \u00faltimas not\u00edcias do Corinthians","robots":{"index":"index","follow":"follow","max-snippet":"max-snippet:-1","max-image-preview":"max-image-preview:large","max-video-preview":"max-video-preview:-1"},"canonical":"https:\/\/www.gaveanews.com\/index.php\/2025\/04\/10\/interferencia-na-uefa-reviravolta-de-bidon-e-declaracao-de-neto-as-ultimas-noticias-do-corinthians\/","og_locale":"pt_BR","og_type":"article","og_title":"Interfer\u00eancia na UEFA, reviravolta de B\u00eddon e declara\u00e7\u00e3o de Neto: as \u00faltimas not\u00edcias do Corinthians","og_description":"Nas \u00faltimas horas, o foco das not\u00edcias sobre o Corinthians se concentram nos bastidores do clube, com destaques do dia a dia do time. Por conta deste contexto, leia abaixo um resumo preparado pela equipe do portal G\u00e1vea News para lhe manter muito bem informado! Declara\u00e7\u00e3o de Neto Durante o programa Os Donos da Bola [&hellip;]","og_url":"https:\/\/www.gaveanews.com\/index.php\/2025\/04\/10\/interferencia-na-uefa-reviravolta-de-bidon-e-declaracao-de-neto-as-ultimas-noticias-do-corinthians\/","og_site_name":"G\u00e1vea News","article_publisher":"https:\/\/facebook.com\/gaveaNews\/","article_published_time":"2025-04-10T18:00:00+00:00","og_image":[{"width":1000,"height":667,"url":"https:\/\/www.gaveanews.com\/wp-content\/uploads\/Escudo-do-Corinthians.webp","type":"image\/webp"}],"author":"Brenda Cezillo","twitter_card":"summary_large_image","twitter_misc":{"Escrito por":"Brenda Cezillo","Est. tempo de leitura":"5 minutos"},"schema":{"@context":"https:\/\/schema.org","@graph":[{"@type":"NewsArticle","@id":"https:\/\/www.gaveanews.com\/index.php\/2025\/04\/10\/interferencia-na-uefa-reviravolta-de-bidon-e-declaracao-de-neto-as-ultimas-noticias-do-corinthians\/#article","isPartOf":{"@id":"https:\/\/www.gaveanews.com\/index.php\/2025\/04\/10\/interferencia-na-uefa-reviravolta-de-bidon-e-declaracao-de-neto-as-ultimas-noticias-do-corinthians\/"},"author":{"name":"Brenda Cezillo","@id":"https:\/\/www.gaveanews.com\/#\/schema\/person\/c79759ca337c40791ae8d08e2923d403"},"headline":"Interfer\u00eancia na UEFA, reviravolta de B\u00eddon e declara\u00e7\u00e3o de Neto: as \u00faltimas not\u00edcias do Corinthians","datePublished":"2025-04-10T18:00:00+00:00","mainEntityOfPage":{"@id":"https:\/\/www.gaveanews.com\/index.php\/2025\/04\/10\/interferencia-na-uefa-reviravolta-de-bidon-e-declaracao-de-neto-as-ultimas-noticias-do-corinthians\/"},"wordCount":848,"commentCount":0,"image":{"@id":"https:\/\/www.gaveanews.com\/index.php\/2025\/04\/10\/interferencia-na-uefa-reviravolta-de-bidon-e-declaracao-de-neto-as-ultimas-noticias-do-corinthians\/#primaryimage"},"thumbnailUrl":"https:\/\/www.gaveanews.com\/wp-content\/uploads\/Escudo-do-Corinthians.webp","articleSection":["Corinthians"],"inLanguage":"pt-BR","potentialAction":[{"@type":"CommentAction","name":"Comment","target":["https:\/\/www.gaveanews.com\/index.php\/2025\/04\/10\/interferencia-na-uefa-reviravolta-de-bidon-e-declaracao-de-neto-as-ultimas-noticias-do-corinthians\/#respond"]}],"copyrightYear":"2025","copyrightHolder":{"@id":"https:\/\/www.gaveanews.com\/#organization"}},{"@type":"WebPage","@id":"https:\/\/www.gaveanews.com\/index.php\/2025\/04\/10\/interferencia-na-uefa-reviravolta-de-bidon-e-declaracao-de-neto-as-ultimas-noticias-do-corinthians\/","url":"https:\/\/www.gaveanews.com\/index.php\/2025\/04\/10\/interferencia-na-uefa-reviravolta-de-bidon-e-declaracao-de-neto-as-ultimas-noticias-do-corinthians\/","name":"Interfer\u00eancia na UEFA, reviravolta de B\u00eddon e declara\u00e7\u00e3o de Neto: as \u00faltimas not\u00edcias do Corinthians","isPartOf":{"@id":"https:\/\/www.gaveanews.com\/#website"},"primaryImageOfPage":{"@id":"https:\/\/www.gaveanews.com\/index.php\/2025\/04\/10\/interferencia-na-uefa-reviravolta-de-bidon-e-declaracao-de-neto-as-ultimas-noticias-do-corinthians\/#primaryimage"},"image":{"@id":"https:\/\/www.gaveanews.com\/index.php\/2025\/04\/10\/interferencia-na-uefa-reviravolta-de-bidon-e-declaracao-de-neto-as-ultimas-noticias-do-corinthians\/#primaryimage"},"thumbnailUrl":"https:\/\/www.gaveanews.com\/wp-content\/uploads\/Escudo-do-Corinthians.webp","datePublished":"2025-04-10T18:00:00+00:00","author":{"@id":"https:\/\/www.gaveanews.com\/#\/schema\/person\/c79759ca337c40791ae8d08e2923d403"},"breadcrumb":{"@id":"https:\/\/www.gaveanews.com\/index.php\/2025\/04\/10\/interferencia-na-uefa-reviravolta-de-bidon-e-declaracao-de-neto-as-ultimas-noticias-do-corinthians\/#breadcrumb"},"inLanguage":"pt-BR","potentialAction":[{"@type":"ReadAction","target":["https:\/\/www.gaveanews.com\/index.php\/2025\/04\/10\/interferencia-na-uefa-reviravolta-de-bidon-e-declaracao-de-neto-as-ultimas-noticias-do-corinthians\/"]}]},{"@type":"ImageObject","inLanguage":"pt-BR","@id":"https:\/\/www.gaveanews.com\/index.php\/2025\/04\/10\/interferencia-na-uefa-reviravolta-de-bidon-e-declaracao-de-neto-as-ultimas-noticias-do-corinthians\/#primaryimage","url":"https:\/\/www.gaveanews.com\/wp-content\/uploads\/Escudo-do-Corinthians.webp","contentUrl":"https:\/\/www.gaveanews.com\/wp-content\/uploads\/Escudo-do-Corinthians.webp","width":1000,"height":667,"caption":"Escudo do Corinthians (Foto Reprodu\u00e7\u00e3o\/Instagram)"},{"@type":"BreadcrumbList","@id":"https:\/\/www.gaveanews.com\/index.php\/2025\/04\/10\/interferencia-na-uefa-reviravolta-de-bidon-e-declaracao-de-neto-as-ultimas-noticias-do-corinthians\/#breadcrumb","itemListElement":[{"@type":"ListItem","position":1,"name":"Home","item":"https:\/\/www.gaveanews.com\/"},{"@type":"ListItem","position":2,"name":"Interfer\u00eancia na UEFA, reviravolta de B\u00eddon e declara\u00e7\u00e3o de Neto: as \u00faltimas not\u00edcias do Corinthians"}]},{"@type":"WebSite","@id":"https:\/\/www.gaveanews.com\/#website","url":"https:\/\/www.gaveanews.com\/","name":"G\u00e1vea News","description":"Veja todas as not\u00edcias sobre o Flamengo: Contrata\u00e7\u00f5es, categorias de base, resultados das partidas, tabela de classifica\u00e7\u00e3o, pr\u00f3ximos jogos!","potentialAction":[{"@type":"SearchAction","target":{"@type":"EntryPoint","urlTemplate":"https:\/\/www.gaveanews.com\/?s={search_term_string}"},"query-input":{"@type":"PropertyValueSpecification","valueRequired":true,"valueName":"search_term_string"}}],"inLanguage":"pt-BR"},{"@type":"Person","@id":"https:\/\/www.gaveanews.com\/#\/schema\/person\/c79759ca337c40791ae8d08e2923d403","name":"Brenda Cezillo","image":{"@type":"ImageObject","inLanguage":"pt-BR","@id":"https:\/\/www.gaveanews.com\/#\/schema\/person\/image\/","url":"https:\/\/secure.gravatar.com\/avatar\/1738d75cee7317f9c29ae61dd67620c5883d80a92e42a6fff88ae5d527af217a?s=96&d=mm&r=g","contentUrl":"https:\/\/secure.gravatar.com\/avatar\/1738d75cee7317f9c29ae61dd67620c5883d80a92e42a6fff88ae5d527af217a?s=96&d=mm&r=g","caption":"Brenda Cezillo"}}]}},"_links":{"self":[{"href":"https:\/\/www.gaveanews.com\/index.php\/wp-json\/wp\/v2\/posts\/251564","targetHints":{"allow":["GET"]}}],"collection":[{"href":"https:\/\/www.gaveanews.com\/index.php\/wp-json\/wp\/v2\/posts"}],"about":[{"href":"https:\/\/www.gaveanews.com\/index.php\/wp-json\/wp\/v2\/types\/post"}],"author":[{"embeddable":true,"href":"https:\/\/www.gaveanews.com\/index.php\/wp-json\/wp\/v2\/users\/33"}],"replies":[{"embeddable":true,"href":"https:\/\/www.gaveanews.com\/index.php\/wp-json\/wp\/v2\/comments?post=251564"}],"version-history":[{"count":1,"href":"https:\/\/www.gaveanews.com\/index.php\/wp-json\/wp\/v2\/posts\/251564\/revisions"}],"predecessor-version":[{"id":251612,"href":"https:\/\/www.gaveanews.com\/index.php\/wp-json\/wp\/v2\/posts\/251564\/revisions\/251612"}],"wp:featuredmedia":[{"embeddable":true,"href":"https:\/\/www.gaveanews.com\/index.php\/wp-json\/wp\/v2\/media\/146951"}],"wp:attachment":[{"href":"https:\/\/www.gaveanews.com\/index.php\/wp-json\/wp\/v2\/media?parent=251564"}],"wp:term":[{"taxonomy":"category","embeddable":true,"href":"https:\/\/www.gaveanews.com\/index.php\/wp-json\/wp\/v2\/categories?post=251564"},{"taxonomy":"post_tag","embeddable":true,"href":"https:\/\/www.gaveanews.com\/index.php\/wp-json\/wp\/v2\/tags?post=251564"}],"curies":[{"name":"wp","href":"https:\/\/api.w.org\/{rel}","templated":true}]}}