{"id":251566,"date":"2025-04-10T16:00:00","date_gmt":"2025-04-10T19:00:00","guid":{"rendered":"https:\/\/www.gaveanews.com\/?p=251566"},"modified":"2025-04-10T12:10:48","modified_gmt":"2025-04-10T15:10:48","slug":"chegada-de-atacante-tres-reforcos-de-peso-e-declaracao-de-pato-as-ultimas-noticias-do-corinthians","status":"publish","type":"post","link":"https:\/\/www.gaveanews.com\/index.php\/2025\/04\/10\/chegada-de-atacante-tres-reforcos-de-peso-e-declaracao-de-pato-as-ultimas-noticias-do-corinthians\/","title":{"rendered":"Chegada de atacante, tr\u00eas refor\u00e7os de peso e declara\u00e7\u00e3o de Pato: as \u00faltimas not\u00edcias do Corinthians"},"content":{"rendered":"\n<p>Nas \u00faltimas horas, o foco das not\u00edcias sobre o Corinthians se concentram nos bastidores do clube, com destaques do dia a dia do time.<\/p>\n\n\n\n<p>Por conta deste contexto, leia abaixo um resumo preparado pela equipe do portal G\u00e1vea News para lhe manter muito bem informado!<\/p>\n\n\n\n<div class=\"wp-block-group\"><div class=\"wp-block-group__inner-container is-layout-constrained wp-block-group-is-layout-constrained\">\n<h2 class=\"wp-block-heading\" id=\"h-declaracao-de-pato\">Declara\u00e7\u00e3o de Pato<\/h2>\n\n\n\n<p>Mais de uma d\u00e9cada ap\u00f3s o pol\u00eamico p\u00eanalti desperdi\u00e7ado contra o Gr\u00eamio, Alexandre Pato voltou a comentar o epis\u00f3dio em entrevista ao canal <em>Um Assado Para&#8230;<\/em>. A cobran\u00e7a, feita com uma cavadinha nas quartas de final da Copa do Brasil de 2013, foi defendida com facilidade pelo goleiro Dida e resultou na elimina\u00e7\u00e3o do Corinthians. Pato revelou que havia treinado esse tipo de finaliza\u00e7\u00e3o nos dias anteriores e acreditava que poderia surpreender, mas reconheceu que a execu\u00e7\u00e3o foi falha e o impacto do erro foi devastador para sua trajet\u00f3ria no clube<strong><a href=\"https:\/\/www.gaveanews.com\/index.php\/2025\/04\/08\/video-a-declaracao-de-alexandre-pato-envolvendo-o-corinthians\/\"> (leia a mat\u00e9ria completa).<\/a><\/strong><\/p>\n\n\n\n<figure class=\"wp-block-image size-full\"><img loading=\"lazy\" decoding=\"async\" width=\"1200\" height=\"800\" src=\"http:\/\/www.gaveanews.com\/wp-content\/uploads\/Alexadre-Pato-no-Corinthians.webp\" alt=\"\" class=\"wp-image-250508\"\/><\/figure>\n\n\n\n<p>O atacante contou que o epis\u00f3dio gerou forte rea\u00e7\u00e3o dos torcedores e afetou seu ambiente dentro do elenco alvinegro. Embora existam rumores de que colegas de time teriam tentado agredi-lo, Pato negou qualquer confronto direto, mas admitiu que o clima era pesado. <\/p>\n\n\n\n<p>Ele se recorda de ter se isolado ap\u00f3s o erro, sentindo profundamente a consequ\u00eancia de sua decis\u00e3o. Pouco tempo depois, acabou deixando o clube, marcando um fim precoce para sua passagem pelo Tim\u00e3o.<\/p>\n\n\n\n<p>Ao refletir sobre o lance, Pato admitiu que n\u00e3o sabe se repetiria a cavadinha, mas afirmou que hoje, com mais maturidade, optaria por uma batida mais segura. Sua fala trouxe \u00e0 tona um dos momentos mais lembrados e controversos da hist\u00f3ria recente do Corinthians, gerando nova onda de debates entre torcedores e jornalistas sobre decis\u00f5es, press\u00e3o e as marcas deixadas por erros em momentos decisivos.<\/p>\n\n\n\n<h2 class=\"wp-block-heading\" id=\"h-tres-reforcos-de-peso\">Tr\u00eas refor\u00e7os de peso<\/h2>\n\n\n\n<p>O Corinthians est\u00e1 se movimentando para refor\u00e7ar significativamente seu elenco no meio da temporada. De acordo com o jornalista <strong>Samir Carvalho<\/strong>, o clube trabalha nos bastidores para contratar <strong>tr\u00eas jogadores de peso<\/strong> \u2014 um zagueiro, um meio-campista e um atacante \u2014 todos com perfil de titularidade imediata e potencial de impacto no futebol brasileiro. O objetivo \u00e9 fortalecer o time comandado por <strong>Ram\u00f3n D\u00edaz<\/strong> para o segundo semestre e garantir competitividade em todas as frentes <strong><a href=\"https:\/\/www.gaveanews.com\/index.php\/2025\/04\/08\/corinthians-vai-contratar-mais-tres-jogadores-de-peso\/\">(leia a mat\u00e9ria completa).<\/a><\/strong><\/p>\n\n\n\n<figure class=\"wp-block-image size-full\"><img loading=\"lazy\" decoding=\"async\" width=\"897\" height=\"514\" src=\"http:\/\/www.gaveanews.com\/wp-content\/uploads\/Torcida-do-Corinthians.webp\" alt=\"\" class=\"wp-image-249244\"\/><figcaption class=\"wp-element-caption\">Torcida do Corinthians (Foto: Rorigo Coca\/Ag\u00eancia Corinthians)<\/figcaption><\/figure>\n\n\n\n<p>At\u00e9 o momento, o \u00fanico refor\u00e7o oficializado foi o lateral-esquerdo <strong>Fabrizio Angileri<\/strong>, que j\u00e1 se firmou na equipe. No entanto, a torcida segue cobrando mais qualidade no elenco, especialmente diante do calend\u00e1rio intenso e da expectativa de t\u00edtulos. Segundo Samir, a diretoria n\u00e3o quer \u201cjogadores meia-boca\u201d, e sim nomes que cheguem prontos para mudar o patamar da equipe. As tratativas por esses refor\u00e7os seguem em sigilo.<\/p>\n\n\n\n<p>Um dos nomes que pode retornar \u00e9 o de <strong>Gustavo Mantuan<\/strong>, revelado pelo pr\u00f3prio Corinthians e atualmente fora do pa\u00eds. O meia-atacante teria sido oferecido ao clube e demonstraria interesse em voltar, caso surja uma proposta concreta. Enquanto os bastidores seguem aquecidos, o Tim\u00e3o se prepara para enfrentar o <strong>Am\u00e9rica de Cali<\/strong> pela <strong>Copa Sul-Americana<\/strong>, onde busca sua primeira vit\u00f3ria na fase de grupos. A chegada dos refor\u00e7os promete animar ainda mais a Fiel em busca de uma campanha s\u00f3lida em 2025.<\/p>\n\n\n\n<h2 class=\"wp-block-heading\" id=\"h-chegada-de-atacante\">Chegada de atacante<\/h2>\n\n\n\n<p>O Corinthians oficializou a renova\u00e7\u00e3o contratual da atacante Jaqueline at\u00e9 dezembro de 2027, garantindo a perman\u00eancia de uma das principais jogadoras do elenco feminino. O an\u00fancio foi feito nesta ter\u00e7a-feira (8), pelas redes sociais do clube, com tom descontra\u00eddo e celebrando o estilo aguerrido da atleta. Jaqueline, que poderia assinar com outro clube a partir de julho, optou por permanecer no Parque S\u00e3o Jorge mesmo diante de sondagens internacionais <strong><a href=\"https:\/\/www.gaveanews.com\/index.php\/2025\/04\/08\/e-oficial-atacante-assina-com-o-corinthians-ate-2027\/\">(leia a mat\u00e9ria completa).<\/a><\/strong><\/p>\n\n\n\n<figure class=\"wp-block-image size-large\"><img loading=\"lazy\" decoding=\"async\" width=\"1024\" height=\"682\" src=\"http:\/\/www.gaveanews.com\/wp-content\/uploads\/Escudo-do-Corinthians-na-Neo-Quimica-Arena-1024x682.webp\" alt=\"\" class=\"wp-image-154473\" srcset=\"https:\/\/www.gaveanews.com\/wp-content\/uploads\/Escudo-do-Corinthians-na-Neo-Quimica-Arena-1024x682.webp 1024w, https:\/\/www.gaveanews.com\/wp-content\/uploads\/Escudo-do-Corinthians-na-Neo-Quimica-Arena-300x200.webp 300w, https:\/\/www.gaveanews.com\/wp-content\/uploads\/Escudo-do-Corinthians-na-Neo-Quimica-Arena-768x511.webp 768w, https:\/\/www.gaveanews.com\/wp-content\/uploads\/Escudo-do-Corinthians-na-Neo-Quimica-Arena-631x420.webp 631w, https:\/\/www.gaveanews.com\/wp-content\/uploads\/Escudo-do-Corinthians-na-Neo-Quimica-Arena-1261x840.webp 1261w, https:\/\/www.gaveanews.com\/wp-content\/uploads\/Escudo-do-Corinthians-na-Neo-Quimica-Arena-640x426.webp 640w, https:\/\/www.gaveanews.com\/wp-content\/uploads\/Escudo-do-Corinthians-na-Neo-Quimica-Arena-1280x852.webp 1280w, https:\/\/www.gaveanews.com\/wp-content\/uploads\/Escudo-do-Corinthians-na-Neo-Quimica-Arena-681x454.webp 681w, https:\/\/www.gaveanews.com\/wp-content\/uploads\/Escudo-do-Corinthians-na-Neo-Quimica-Arena-1362x907.webp 1362w, https:\/\/www.gaveanews.com\/wp-content\/uploads\/Escudo-do-Corinthians-na-Neo-Quimica-Arena-100x67.webp 100w, https:\/\/www.gaveanews.com\/wp-content\/uploads\/Escudo-do-Corinthians-na-Neo-Quimica-Arena.webp 1440w\" sizes=\"auto, (max-width: 1024px) 100vw, 1024px\" \/><figcaption class=\"wp-element-caption\">Escudo do Corinthians na N\u00e9o Qu\u00edmica Arena (Foto Reprodu\u00e7\u00e3o\/Instagram)<\/figcaption><\/figure>\n\n\n\n<p>A decis\u00e3o da jogadora foi influenciada por conversas com a diretora Iris Sesso e pelo trabalho do t\u00e9cnico Lucas Piccinato, com quem tem boa rela\u00e7\u00e3o desde os tempos de S\u00e3o Paulo. Jaqueline \u00e9 reconhecida pela torcida por sua entrega e intelig\u00eancia t\u00e1tica, e mesmo sendo alvo de cr\u00edticas em algumas ocasi\u00f5es, foi defendida publicamente pelo treinador, que elogiou sua versatilidade e comprometimento. A atacante soma 107 jogos pelo clube, 31 gols e 43 participa\u00e7\u00f5es diretas em tentos desde sua chegada, em 2022.<\/p>\n\n\n\n<p>Com dez t\u00edtulos conquistados no per\u00edodo, incluindo tr\u00eas Brasileir\u00f5es, duas Libertadores e tr\u00eas Supercopas, a renova\u00e7\u00e3o representa mais do que a continuidade de um v\u00ednculo: simboliza a manuten\u00e7\u00e3o de uma lideran\u00e7a em campo e fora dele. Jaqueline refor\u00e7a, com sua perman\u00eancia, o projeto vitorioso do Corinthians feminino e sinaliza ambi\u00e7\u00e3o para continuar escrevendo uma hist\u00f3ria marcante na trajet\u00f3ria do clube.<\/p>\n<\/div><\/div>\n","protected":false},"excerpt":{"rendered":"<p>Nas \u00faltimas horas, o foco das not\u00edcias sobre o Corinthians se concentram nos bastidores do clube, com destaques do dia a dia do time. Por conta deste contexto, leia abaixo um resumo preparado pela equipe do portal G\u00e1vea News para lhe manter muito bem informado! Declara\u00e7\u00e3o de Pato Mais de uma d\u00e9cada ap\u00f3s o pol\u00eamico [&hellip;]<\/p>\n","protected":false},"author":33,"featured_media":123882,"comment_status":"open","ping_status":"closed","sticky":false,"template":"","format":"standard","meta":{"footnotes":""},"categories":[141],"tags":[],"class_list":["post-251566","post","type-post","status-publish","format-standard","has-post-thumbnail","hentry","category-corinthians"],"yoast_head":"<!-- This site is optimized with the Yoast SEO Premium plugin v24.2 (Yoast SEO v26.9) - https:\/\/yoast.com\/product\/yoast-seo-premium-wordpress\/ -->\n<title>Chegada de atacante, tr\u00eas refor\u00e7os de peso e declara\u00e7\u00e3o de Pato: as \u00faltimas not\u00edcias do Corinthians<\/title>\n<meta name=\"robots\" content=\"index, follow, max-snippet:-1, max-image-preview:large, max-video-preview:-1\" \/>\n<link rel=\"canonical\" href=\"https:\/\/www.gaveanews.com\/index.php\/2025\/04\/10\/chegada-de-atacante-tres-reforcos-de-peso-e-declaracao-de-pato-as-ultimas-noticias-do-corinthians\/\" \/>\n<meta property=\"og:locale\" content=\"pt_BR\" \/>\n<meta property=\"og:type\" content=\"article\" \/>\n<meta property=\"og:title\" content=\"Chegada de atacante, tr\u00eas refor\u00e7os de peso e declara\u00e7\u00e3o de Pato: as \u00faltimas not\u00edcias do Corinthians\" \/>\n<meta property=\"og:description\" content=\"Nas \u00faltimas horas, o foco das not\u00edcias sobre o Corinthians se concentram nos bastidores do clube, com destaques do dia a dia do time. Por conta deste contexto, leia abaixo um resumo preparado pela equipe do portal G\u00e1vea News para lhe manter muito bem informado! Declara\u00e7\u00e3o de Pato Mais de uma d\u00e9cada ap\u00f3s o pol\u00eamico [&hellip;]\" \/>\n<meta property=\"og:url\" content=\"https:\/\/www.gaveanews.com\/index.php\/2025\/04\/10\/chegada-de-atacante-tres-reforcos-de-peso-e-declaracao-de-pato-as-ultimas-noticias-do-corinthians\/\" \/>\n<meta property=\"og:site_name\" content=\"G\u00e1vea News\" \/>\n<meta property=\"article:publisher\" content=\"https:\/\/facebook.com\/gaveaNews\/\" \/>\n<meta property=\"article:published_time\" content=\"2025-04-10T19:00:00+00:00\" \/>\n<meta property=\"og:image\" content=\"https:\/\/www.gaveanews.com\/wp-content\/uploads\/01-edited.webp\" \/>\n\t<meta property=\"og:image:width\" content=\"984\" \/>\n\t<meta property=\"og:image:height\" content=\"656\" \/>\n\t<meta property=\"og:image:type\" content=\"image\/webp\" \/>\n<meta name=\"author\" content=\"Brenda Cezillo\" \/>\n<meta name=\"twitter:card\" content=\"summary_large_image\" \/>\n<meta name=\"twitter:label1\" content=\"Escrito por\" \/>\n\t<meta name=\"twitter:data1\" content=\"Brenda Cezillo\" \/>\n\t<meta name=\"twitter:label2\" content=\"Est. tempo de leitura\" \/>\n\t<meta name=\"twitter:data2\" content=\"5 minutos\" \/>\n<script type=\"application\/ld+json\" class=\"yoast-schema-graph\">{\"@context\":\"https:\/\/schema.org\",\"@graph\":[{\"@type\":\"NewsArticle\",\"@id\":\"https:\/\/www.gaveanews.com\/index.php\/2025\/04\/10\/chegada-de-atacante-tres-reforcos-de-peso-e-declaracao-de-pato-as-ultimas-noticias-do-corinthians\/#article\",\"isPartOf\":{\"@id\":\"https:\/\/www.gaveanews.com\/index.php\/2025\/04\/10\/chegada-de-atacante-tres-reforcos-de-peso-e-declaracao-de-pato-as-ultimas-noticias-do-corinthians\/\"},\"author\":{\"name\":\"Brenda Cezillo\",\"@id\":\"https:\/\/www.gaveanews.com\/#\/schema\/person\/c79759ca337c40791ae8d08e2923d403\"},\"headline\":\"Chegada de atacante, tr\u00eas refor\u00e7os de peso e declara\u00e7\u00e3o de Pato: as \u00faltimas not\u00edcias do Corinthians\",\"datePublished\":\"2025-04-10T19:00:00+00:00\",\"mainEntityOfPage\":{\"@id\":\"https:\/\/www.gaveanews.com\/index.php\/2025\/04\/10\/chegada-de-atacante-tres-reforcos-de-peso-e-declaracao-de-pato-as-ultimas-noticias-do-corinthians\/\"},\"wordCount\":835,\"commentCount\":0,\"image\":{\"@id\":\"https:\/\/www.gaveanews.com\/index.php\/2025\/04\/10\/chegada-de-atacante-tres-reforcos-de-peso-e-declaracao-de-pato-as-ultimas-noticias-do-corinthians\/#primaryimage\"},\"thumbnailUrl\":\"https:\/\/www.gaveanews.com\/wp-content\/uploads\/01-edited.webp\",\"articleSection\":[\"Corinthians\"],\"inLanguage\":\"pt-BR\",\"potentialAction\":[{\"@type\":\"CommentAction\",\"name\":\"Comment\",\"target\":[\"https:\/\/www.gaveanews.com\/index.php\/2025\/04\/10\/chegada-de-atacante-tres-reforcos-de-peso-e-declaracao-de-pato-as-ultimas-noticias-do-corinthians\/#respond\"]}],\"copyrightYear\":\"2025\",\"copyrightHolder\":{\"@id\":\"https:\/\/www.gaveanews.com\/#organization\"}},{\"@type\":\"WebPage\",\"@id\":\"https:\/\/www.gaveanews.com\/index.php\/2025\/04\/10\/chegada-de-atacante-tres-reforcos-de-peso-e-declaracao-de-pato-as-ultimas-noticias-do-corinthians\/\",\"url\":\"https:\/\/www.gaveanews.com\/index.php\/2025\/04\/10\/chegada-de-atacante-tres-reforcos-de-peso-e-declaracao-de-pato-as-ultimas-noticias-do-corinthians\/\",\"name\":\"Chegada de atacante, tr\u00eas refor\u00e7os de peso e declara\u00e7\u00e3o de Pato: as \u00faltimas not\u00edcias do Corinthians\",\"isPartOf\":{\"@id\":\"https:\/\/www.gaveanews.com\/#website\"},\"primaryImageOfPage\":{\"@id\":\"https:\/\/www.gaveanews.com\/index.php\/2025\/04\/10\/chegada-de-atacante-tres-reforcos-de-peso-e-declaracao-de-pato-as-ultimas-noticias-do-corinthians\/#primaryimage\"},\"image\":{\"@id\":\"https:\/\/www.gaveanews.com\/index.php\/2025\/04\/10\/chegada-de-atacante-tres-reforcos-de-peso-e-declaracao-de-pato-as-ultimas-noticias-do-corinthians\/#primaryimage\"},\"thumbnailUrl\":\"https:\/\/www.gaveanews.com\/wp-content\/uploads\/01-edited.webp\",\"datePublished\":\"2025-04-10T19:00:00+00:00\",\"author\":{\"@id\":\"https:\/\/www.gaveanews.com\/#\/schema\/person\/c79759ca337c40791ae8d08e2923d403\"},\"breadcrumb\":{\"@id\":\"https:\/\/www.gaveanews.com\/index.php\/2025\/04\/10\/chegada-de-atacante-tres-reforcos-de-peso-e-declaracao-de-pato-as-ultimas-noticias-do-corinthians\/#breadcrumb\"},\"inLanguage\":\"pt-BR\",\"potentialAction\":[{\"@type\":\"ReadAction\",\"target\":[\"https:\/\/www.gaveanews.com\/index.php\/2025\/04\/10\/chegada-de-atacante-tres-reforcos-de-peso-e-declaracao-de-pato-as-ultimas-noticias-do-corinthians\/\"]}]},{\"@type\":\"ImageObject\",\"inLanguage\":\"pt-BR\",\"@id\":\"https:\/\/www.gaveanews.com\/index.php\/2025\/04\/10\/chegada-de-atacante-tres-reforcos-de-peso-e-declaracao-de-pato-as-ultimas-noticias-do-corinthians\/#primaryimage\",\"url\":\"https:\/\/www.gaveanews.com\/wp-content\/uploads\/01-edited.webp\",\"contentUrl\":\"https:\/\/www.gaveanews.com\/wp-content\/uploads\/01-edited.webp\",\"width\":984,\"height\":656,\"caption\":\"Escudo do Corinthians (Foto: Reprodu\u00e7\u00e3o\/Instagram)\"},{\"@type\":\"BreadcrumbList\",\"@id\":\"https:\/\/www.gaveanews.com\/index.php\/2025\/04\/10\/chegada-de-atacante-tres-reforcos-de-peso-e-declaracao-de-pato-as-ultimas-noticias-do-corinthians\/#breadcrumb\",\"itemListElement\":[{\"@type\":\"ListItem\",\"position\":1,\"name\":\"Home\",\"item\":\"https:\/\/www.gaveanews.com\/\"},{\"@type\":\"ListItem\",\"position\":2,\"name\":\"Chegada de atacante, tr\u00eas refor\u00e7os de peso e declara\u00e7\u00e3o de Pato: as \u00faltimas not\u00edcias do Corinthians\"}]},{\"@type\":\"WebSite\",\"@id\":\"https:\/\/www.gaveanews.com\/#website\",\"url\":\"https:\/\/www.gaveanews.com\/\",\"name\":\"G\u00e1vea News\",\"description\":\"Veja todas as not\u00edcias sobre o Flamengo: Contrata\u00e7\u00f5es, categorias de base, resultados das partidas, tabela de classifica\u00e7\u00e3o, pr\u00f3ximos jogos!\",\"potentialAction\":[{\"@type\":\"SearchAction\",\"target\":{\"@type\":\"EntryPoint\",\"urlTemplate\":\"https:\/\/www.gaveanews.com\/?s={search_term_string}\"},\"query-input\":{\"@type\":\"PropertyValueSpecification\",\"valueRequired\":true,\"valueName\":\"search_term_string\"}}],\"inLanguage\":\"pt-BR\"},{\"@type\":\"Person\",\"@id\":\"https:\/\/www.gaveanews.com\/#\/schema\/person\/c79759ca337c40791ae8d08e2923d403\",\"name\":\"Brenda Cezillo\",\"image\":{\"@type\":\"ImageObject\",\"inLanguage\":\"pt-BR\",\"@id\":\"https:\/\/www.gaveanews.com\/#\/schema\/person\/image\/\",\"url\":\"https:\/\/secure.gravatar.com\/avatar\/1738d75cee7317f9c29ae61dd67620c5883d80a92e42a6fff88ae5d527af217a?s=96&d=mm&r=g\",\"contentUrl\":\"https:\/\/secure.gravatar.com\/avatar\/1738d75cee7317f9c29ae61dd67620c5883d80a92e42a6fff88ae5d527af217a?s=96&d=mm&r=g\",\"caption\":\"Brenda Cezillo\"}}]}<\/script>\n<!-- \/ Yoast SEO Premium plugin. -->","yoast_head_json":{"title":"Chegada de atacante, tr\u00eas refor\u00e7os de peso e declara\u00e7\u00e3o de Pato: as \u00faltimas not\u00edcias do Corinthians","robots":{"index":"index","follow":"follow","max-snippet":"max-snippet:-1","max-image-preview":"max-image-preview:large","max-video-preview":"max-video-preview:-1"},"canonical":"https:\/\/www.gaveanews.com\/index.php\/2025\/04\/10\/chegada-de-atacante-tres-reforcos-de-peso-e-declaracao-de-pato-as-ultimas-noticias-do-corinthians\/","og_locale":"pt_BR","og_type":"article","og_title":"Chegada de atacante, tr\u00eas refor\u00e7os de peso e declara\u00e7\u00e3o de Pato: as \u00faltimas not\u00edcias do Corinthians","og_description":"Nas \u00faltimas horas, o foco das not\u00edcias sobre o Corinthians se concentram nos bastidores do clube, com destaques do dia a dia do time. Por conta deste contexto, leia abaixo um resumo preparado pela equipe do portal G\u00e1vea News para lhe manter muito bem informado! Declara\u00e7\u00e3o de Pato Mais de uma d\u00e9cada ap\u00f3s o pol\u00eamico [&hellip;]","og_url":"https:\/\/www.gaveanews.com\/index.php\/2025\/04\/10\/chegada-de-atacante-tres-reforcos-de-peso-e-declaracao-de-pato-as-ultimas-noticias-do-corinthians\/","og_site_name":"G\u00e1vea News","article_publisher":"https:\/\/facebook.com\/gaveaNews\/","article_published_time":"2025-04-10T19:00:00+00:00","og_image":[{"width":984,"height":656,"url":"https:\/\/www.gaveanews.com\/wp-content\/uploads\/01-edited.webp","type":"image\/webp"}],"author":"Brenda Cezillo","twitter_card":"summary_large_image","twitter_misc":{"Escrito por":"Brenda Cezillo","Est. tempo de leitura":"5 minutos"},"schema":{"@context":"https:\/\/schema.org","@graph":[{"@type":"NewsArticle","@id":"https:\/\/www.gaveanews.com\/index.php\/2025\/04\/10\/chegada-de-atacante-tres-reforcos-de-peso-e-declaracao-de-pato-as-ultimas-noticias-do-corinthians\/#article","isPartOf":{"@id":"https:\/\/www.gaveanews.com\/index.php\/2025\/04\/10\/chegada-de-atacante-tres-reforcos-de-peso-e-declaracao-de-pato-as-ultimas-noticias-do-corinthians\/"},"author":{"name":"Brenda Cezillo","@id":"https:\/\/www.gaveanews.com\/#\/schema\/person\/c79759ca337c40791ae8d08e2923d403"},"headline":"Chegada de atacante, tr\u00eas refor\u00e7os de peso e declara\u00e7\u00e3o de Pato: as \u00faltimas not\u00edcias do Corinthians","datePublished":"2025-04-10T19:00:00+00:00","mainEntityOfPage":{"@id":"https:\/\/www.gaveanews.com\/index.php\/2025\/04\/10\/chegada-de-atacante-tres-reforcos-de-peso-e-declaracao-de-pato-as-ultimas-noticias-do-corinthians\/"},"wordCount":835,"commentCount":0,"image":{"@id":"https:\/\/www.gaveanews.com\/index.php\/2025\/04\/10\/chegada-de-atacante-tres-reforcos-de-peso-e-declaracao-de-pato-as-ultimas-noticias-do-corinthians\/#primaryimage"},"thumbnailUrl":"https:\/\/www.gaveanews.com\/wp-content\/uploads\/01-edited.webp","articleSection":["Corinthians"],"inLanguage":"pt-BR","potentialAction":[{"@type":"CommentAction","name":"Comment","target":["https:\/\/www.gaveanews.com\/index.php\/2025\/04\/10\/chegada-de-atacante-tres-reforcos-de-peso-e-declaracao-de-pato-as-ultimas-noticias-do-corinthians\/#respond"]}],"copyrightYear":"2025","copyrightHolder":{"@id":"https:\/\/www.gaveanews.com\/#organization"}},{"@type":"WebPage","@id":"https:\/\/www.gaveanews.com\/index.php\/2025\/04\/10\/chegada-de-atacante-tres-reforcos-de-peso-e-declaracao-de-pato-as-ultimas-noticias-do-corinthians\/","url":"https:\/\/www.gaveanews.com\/index.php\/2025\/04\/10\/chegada-de-atacante-tres-reforcos-de-peso-e-declaracao-de-pato-as-ultimas-noticias-do-corinthians\/","name":"Chegada de atacante, tr\u00eas refor\u00e7os de peso e declara\u00e7\u00e3o de Pato: as \u00faltimas not\u00edcias do Corinthians","isPartOf":{"@id":"https:\/\/www.gaveanews.com\/#website"},"primaryImageOfPage":{"@id":"https:\/\/www.gaveanews.com\/index.php\/2025\/04\/10\/chegada-de-atacante-tres-reforcos-de-peso-e-declaracao-de-pato-as-ultimas-noticias-do-corinthians\/#primaryimage"},"image":{"@id":"https:\/\/www.gaveanews.com\/index.php\/2025\/04\/10\/chegada-de-atacante-tres-reforcos-de-peso-e-declaracao-de-pato-as-ultimas-noticias-do-corinthians\/#primaryimage"},"thumbnailUrl":"https:\/\/www.gaveanews.com\/wp-content\/uploads\/01-edited.webp","datePublished":"2025-04-10T19:00:00+00:00","author":{"@id":"https:\/\/www.gaveanews.com\/#\/schema\/person\/c79759ca337c40791ae8d08e2923d403"},"breadcrumb":{"@id":"https:\/\/www.gaveanews.com\/index.php\/2025\/04\/10\/chegada-de-atacante-tres-reforcos-de-peso-e-declaracao-de-pato-as-ultimas-noticias-do-corinthians\/#breadcrumb"},"inLanguage":"pt-BR","potentialAction":[{"@type":"ReadAction","target":["https:\/\/www.gaveanews.com\/index.php\/2025\/04\/10\/chegada-de-atacante-tres-reforcos-de-peso-e-declaracao-de-pato-as-ultimas-noticias-do-corinthians\/"]}]},{"@type":"ImageObject","inLanguage":"pt-BR","@id":"https:\/\/www.gaveanews.com\/index.php\/2025\/04\/10\/chegada-de-atacante-tres-reforcos-de-peso-e-declaracao-de-pato-as-ultimas-noticias-do-corinthians\/#primaryimage","url":"https:\/\/www.gaveanews.com\/wp-content\/uploads\/01-edited.webp","contentUrl":"https:\/\/www.gaveanews.com\/wp-content\/uploads\/01-edited.webp","width":984,"height":656,"caption":"Escudo do Corinthians (Foto: Reprodu\u00e7\u00e3o\/Instagram)"},{"@type":"BreadcrumbList","@id":"https:\/\/www.gaveanews.com\/index.php\/2025\/04\/10\/chegada-de-atacante-tres-reforcos-de-peso-e-declaracao-de-pato-as-ultimas-noticias-do-corinthians\/#breadcrumb","itemListElement":[{"@type":"ListItem","position":1,"name":"Home","item":"https:\/\/www.gaveanews.com\/"},{"@type":"ListItem","position":2,"name":"Chegada de atacante, tr\u00eas refor\u00e7os de peso e declara\u00e7\u00e3o de Pato: as \u00faltimas not\u00edcias do Corinthians"}]},{"@type":"WebSite","@id":"https:\/\/www.gaveanews.com\/#website","url":"https:\/\/www.gaveanews.com\/","name":"G\u00e1vea News","description":"Veja todas as not\u00edcias sobre o Flamengo: Contrata\u00e7\u00f5es, categorias de base, resultados das partidas, tabela de classifica\u00e7\u00e3o, pr\u00f3ximos jogos!","potentialAction":[{"@type":"SearchAction","target":{"@type":"EntryPoint","urlTemplate":"https:\/\/www.gaveanews.com\/?s={search_term_string}"},"query-input":{"@type":"PropertyValueSpecification","valueRequired":true,"valueName":"search_term_string"}}],"inLanguage":"pt-BR"},{"@type":"Person","@id":"https:\/\/www.gaveanews.com\/#\/schema\/person\/c79759ca337c40791ae8d08e2923d403","name":"Brenda Cezillo","image":{"@type":"ImageObject","inLanguage":"pt-BR","@id":"https:\/\/www.gaveanews.com\/#\/schema\/person\/image\/","url":"https:\/\/secure.gravatar.com\/avatar\/1738d75cee7317f9c29ae61dd67620c5883d80a92e42a6fff88ae5d527af217a?s=96&d=mm&r=g","contentUrl":"https:\/\/secure.gravatar.com\/avatar\/1738d75cee7317f9c29ae61dd67620c5883d80a92e42a6fff88ae5d527af217a?s=96&d=mm&r=g","caption":"Brenda Cezillo"}}]}},"_links":{"self":[{"href":"https:\/\/www.gaveanews.com\/index.php\/wp-json\/wp\/v2\/posts\/251566","targetHints":{"allow":["GET"]}}],"collection":[{"href":"https:\/\/www.gaveanews.com\/index.php\/wp-json\/wp\/v2\/posts"}],"about":[{"href":"https:\/\/www.gaveanews.com\/index.php\/wp-json\/wp\/v2\/types\/post"}],"author":[{"embeddable":true,"href":"https:\/\/www.gaveanews.com\/index.php\/wp-json\/wp\/v2\/users\/33"}],"replies":[{"embeddable":true,"href":"https:\/\/www.gaveanews.com\/index.php\/wp-json\/wp\/v2\/comments?post=251566"}],"version-history":[{"count":1,"href":"https:\/\/www.gaveanews.com\/index.php\/wp-json\/wp\/v2\/posts\/251566\/revisions"}],"predecessor-version":[{"id":251633,"href":"https:\/\/www.gaveanews.com\/index.php\/wp-json\/wp\/v2\/posts\/251566\/revisions\/251633"}],"wp:featuredmedia":[{"embeddable":true,"href":"https:\/\/www.gaveanews.com\/index.php\/wp-json\/wp\/v2\/media\/123882"}],"wp:attachment":[{"href":"https:\/\/www.gaveanews.com\/index.php\/wp-json\/wp\/v2\/media?parent=251566"}],"wp:term":[{"taxonomy":"category","embeddable":true,"href":"https:\/\/www.gaveanews.com\/index.php\/wp-json\/wp\/v2\/categories?post=251566"},{"taxonomy":"post_tag","embeddable":true,"href":"https:\/\/www.gaveanews.com\/index.php\/wp-json\/wp\/v2\/tags?post=251566"}],"curies":[{"name":"wp","href":"https:\/\/api.w.org\/{rel}","templated":true}]}}