{"id":251606,"date":"2025-04-10T12:55:00","date_gmt":"2025-04-10T15:55:00","guid":{"rendered":"https:\/\/www.gaveanews.com\/?p=251606"},"modified":"2025-04-10T11:57:42","modified_gmt":"2025-04-10T14:57:42","slug":"leonardo-jardim-e-sincero-sobre-permanencia-no-cruzeiro-nao-estou-preso","status":"publish","type":"post","link":"https:\/\/www.gaveanews.com\/index.php\/2025\/04\/10\/leonardo-jardim-e-sincero-sobre-permanencia-no-cruzeiro-nao-estou-preso\/","title":{"rendered":"Leonardo Jardim \u00e9 sincero sobre perman\u00eancia no Cruzeiro: &#8220;N\u00e3o estou preso\u2026&#8221;"},"content":{"rendered":"\n<p>O t\u00e9cnico Leonardo Jardim se pronunciou de maneira direta sobre sua perman\u00eancia no comando do Cruzeiro. Em meio a um cen\u00e1rio de instabilidade no clube, o treinador afirmou que n\u00e3o est\u00e1 apegado ao cargo e que sua continuidade depende exclusivamente da utilidade de seu trabalho para o planejamento da equipe. A declara\u00e7\u00e3o veio ap\u00f3s o rev\u00e9s diante do Mushuc Runa, pela Copa Sul-Americana, resultado que gerou forte repercuss\u00e3o entre torcedores e dirigentes.<\/p>\n\n\n\n<p>A derrota no Mineir\u00e3o aumentou a press\u00e3o sobre o treinador e tamb\u00e9m sobre a gest\u00e3o do futebol do clube. Afinal, o Cruzeiro ocupa a \u00faltima coloca\u00e7\u00e3o em seu grupo na competi\u00e7\u00e3o continental e, at\u00e9 o momento, soma desempenhos que dificultam a classifica\u00e7\u00e3o para a pr\u00f3xima fase. O trope\u00e7o em casa foi considerado vexat\u00f3rio por parte da torcida, que demonstrou insatisfa\u00e7\u00e3o nas redes sociais e nos arredores do est\u00e1dio.<\/p>\n\n\n\n<figure class=\"wp-block-image size-full\"><img loading=\"lazy\" decoding=\"async\" width=\"799\" height=\"533\" src=\"http:\/\/www.gaveanews.com\/wp-content\/uploads\/Pedro-Lourenco-e-Leonardo-Jardim-durante-partida-do-Cruzeiro-em-2025.webp\" alt=\"\" class=\"wp-image-225547\"\/><figcaption class=\"wp-element-caption\">Pedro Louren\u00e7o e Leonardo Jardim durante partida do Cruzeiro em 2025 (Foto: Gustavo Aleixo\/Cruzeiro)<\/figcaption><\/figure>\n\n\n\n<p>Leonardo Jardim, ao comentar sobre o momento da equipe, destacou seu comprometimento com o clube, mas deixou claro que est\u00e1 disposto a sair caso sua presen\u00e7a deixe de ser ben\u00e9fica. \u201cNo momento em que o presidente achar que n\u00e3o posso ajudar, comigo est\u00e1 f\u00e1cil de resolver. N\u00e3o estou preso a contratos\u201d, declarou o treinador. A fala surpreendeu o presidente do Cruzeiro, Pedrinho, e gerou especula\u00e7\u00f5es sobre uma poss\u00edvel ruptura na rela\u00e7\u00e3o entre os dois.<\/p>\n\n\n\n<p>Conforme apurado nos bastidores, o clima entre comiss\u00e3o t\u00e9cnica e diretoria n\u00e3o \u00e9 dos mais tranquilos. Ali\u00e1s, outros membros da gest\u00e3o tamb\u00e9m passaram a ser alvo de cr\u00edticas, o que evidencia uma crise mais ampla dentro da estrutura esportiva do clube. Eventualmente, a press\u00e3o recai tamb\u00e9m sobre Alexandre Mattos, dirigente de peso no projeto celeste, cujo desempenho passou a ser questionado por parte da torcida e da imprensa.<\/p>\n\n\n\n<p>Enquanto o Cruzeiro tenta reorganizar o ambiente interno, reuni\u00f5es est\u00e3o sendo realizadas para avaliar os pr\u00f3ximos passos. Pedrinho, inclusive, j\u00e1 agendou conversas com jogadores e membros da comiss\u00e3o t\u00e9cnica. A inten\u00e7\u00e3o \u00e9 encontrar solu\u00e7\u00f5es imediatas para recuperar o desempenho do time, principalmente na Copa Sul-Americana, mas tamb\u00e9m com foco no restante da temporada.<\/p>\n\n\n\n<p>Em s\u00edntese, a declara\u00e7\u00e3o de Leonardo Jardim revelou mais do que um simples desabafo. Ela exp\u00f4s a delicada situa\u00e7\u00e3o que o clube atravessa atualmente, sobretudo no campo esportivo. Resta agora acompanhar os desdobramentos e observar se haver\u00e1 mudan\u00e7as no comando t\u00e9cnico, ou se a confian\u00e7a ser\u00e1 mantida, ainda que sob press\u00e3o.<\/p>\n","protected":false},"excerpt":{"rendered":"<p>O t\u00e9cnico Leonardo Jardim se pronunciou de maneira direta sobre sua perman\u00eancia no comando do Cruzeiro. Em meio a um cen\u00e1rio de instabilidade no clube, o treinador afirmou que n\u00e3o est\u00e1 apegado ao cargo e que sua continuidade depende exclusivamente da utilidade de seu trabalho para o planejamento da equipe. A declara\u00e7\u00e3o veio ap\u00f3s o [&hellip;]<\/p>\n","protected":false},"author":27,"featured_media":225548,"comment_status":"open","ping_status":"closed","sticky":false,"template":"","format":"standard","meta":{"footnotes":""},"categories":[143],"tags":[],"class_list":["post-251606","post","type-post","status-publish","format-standard","has-post-thumbnail","hentry","category-cruzeiro"],"yoast_head":"<!-- This site is optimized with the Yoast SEO Premium plugin v24.2 (Yoast SEO v26.9) - https:\/\/yoast.com\/product\/yoast-seo-premium-wordpress\/ -->\n<title>Leonardo Jardim \u00e9 sincero sobre perman\u00eancia no Cruzeiro: &quot;N\u00e3o estou preso\u2026&quot;<\/title>\n<meta name=\"robots\" content=\"index, follow, max-snippet:-1, max-image-preview:large, max-video-preview:-1\" \/>\n<link rel=\"canonical\" href=\"https:\/\/www.gaveanews.com\/index.php\/2025\/04\/10\/leonardo-jardim-e-sincero-sobre-permanencia-no-cruzeiro-nao-estou-preso\/\" \/>\n<meta property=\"og:locale\" content=\"pt_BR\" \/>\n<meta property=\"og:type\" content=\"article\" \/>\n<meta property=\"og:title\" content=\"Leonardo Jardim \u00e9 sincero sobre perman\u00eancia no Cruzeiro: &quot;N\u00e3o estou preso\u2026&quot;\" \/>\n<meta property=\"og:description\" content=\"O t\u00e9cnico Leonardo Jardim se pronunciou de maneira direta sobre sua perman\u00eancia no comando do Cruzeiro. Em meio a um cen\u00e1rio de instabilidade no clube, o treinador afirmou que n\u00e3o est\u00e1 apegado ao cargo e que sua continuidade depende exclusivamente da utilidade de seu trabalho para o planejamento da equipe. A declara\u00e7\u00e3o veio ap\u00f3s o [&hellip;]\" \/>\n<meta property=\"og:url\" content=\"https:\/\/www.gaveanews.com\/index.php\/2025\/04\/10\/leonardo-jardim-e-sincero-sobre-permanencia-no-cruzeiro-nao-estou-preso\/\" \/>\n<meta property=\"og:site_name\" content=\"G\u00e1vea News\" \/>\n<meta property=\"article:publisher\" content=\"https:\/\/facebook.com\/gaveaNews\/\" \/>\n<meta property=\"article:published_time\" content=\"2025-04-10T15:55:00+00:00\" \/>\n<meta property=\"og:image\" content=\"https:\/\/www.gaveanews.com\/wp-content\/uploads\/Leonardo-Jardim-durante-partida-do-Cruzeiro-em-2025.webp\" \/>\n\t<meta property=\"og:image:width\" content=\"799\" \/>\n\t<meta property=\"og:image:height\" content=\"533\" \/>\n\t<meta property=\"og:image:type\" content=\"image\/jpeg\" \/>\n<meta name=\"author\" content=\"Matheus Felipe\" \/>\n<meta name=\"twitter:card\" content=\"summary_large_image\" \/>\n<meta name=\"twitter:label1\" content=\"Escrito por\" \/>\n\t<meta name=\"twitter:data1\" content=\"Matheus Felipe\" \/>\n\t<meta name=\"twitter:label2\" content=\"Est. tempo de leitura\" \/>\n\t<meta name=\"twitter:data2\" content=\"3 minutos\" \/>\n<script type=\"application\/ld+json\" class=\"yoast-schema-graph\">{\"@context\":\"https:\/\/schema.org\",\"@graph\":[{\"@type\":\"NewsArticle\",\"@id\":\"https:\/\/www.gaveanews.com\/index.php\/2025\/04\/10\/leonardo-jardim-e-sincero-sobre-permanencia-no-cruzeiro-nao-estou-preso\/#article\",\"isPartOf\":{\"@id\":\"https:\/\/www.gaveanews.com\/index.php\/2025\/04\/10\/leonardo-jardim-e-sincero-sobre-permanencia-no-cruzeiro-nao-estou-preso\/\"},\"author\":{\"name\":\"Matheus Felipe\",\"@id\":\"https:\/\/www.gaveanews.com\/#\/schema\/person\/8207cd4627f56151707418bfc835b2fb\"},\"headline\":\"Leonardo Jardim \u00e9 sincero sobre perman\u00eancia no Cruzeiro: &#8220;N\u00e3o estou preso\u2026&#8221;\",\"datePublished\":\"2025-04-10T15:55:00+00:00\",\"mainEntityOfPage\":{\"@id\":\"https:\/\/www.gaveanews.com\/index.php\/2025\/04\/10\/leonardo-jardim-e-sincero-sobre-permanencia-no-cruzeiro-nao-estou-preso\/\"},\"wordCount\":464,\"commentCount\":0,\"image\":{\"@id\":\"https:\/\/www.gaveanews.com\/index.php\/2025\/04\/10\/leonardo-jardim-e-sincero-sobre-permanencia-no-cruzeiro-nao-estou-preso\/#primaryimage\"},\"thumbnailUrl\":\"https:\/\/www.gaveanews.com\/wp-content\/uploads\/Leonardo-Jardim-durante-partida-do-Cruzeiro-em-2025.webp\",\"articleSection\":[\"Cruzeiro\"],\"inLanguage\":\"pt-BR\",\"potentialAction\":[{\"@type\":\"CommentAction\",\"name\":\"Comment\",\"target\":[\"https:\/\/www.gaveanews.com\/index.php\/2025\/04\/10\/leonardo-jardim-e-sincero-sobre-permanencia-no-cruzeiro-nao-estou-preso\/#respond\"]}],\"copyrightYear\":\"2025\",\"copyrightHolder\":{\"@id\":\"https:\/\/www.gaveanews.com\/#organization\"}},{\"@type\":\"WebPage\",\"@id\":\"https:\/\/www.gaveanews.com\/index.php\/2025\/04\/10\/leonardo-jardim-e-sincero-sobre-permanencia-no-cruzeiro-nao-estou-preso\/\",\"url\":\"https:\/\/www.gaveanews.com\/index.php\/2025\/04\/10\/leonardo-jardim-e-sincero-sobre-permanencia-no-cruzeiro-nao-estou-preso\/\",\"name\":\"Leonardo Jardim \u00e9 sincero sobre perman\u00eancia no Cruzeiro: \\\"N\u00e3o estou preso\u2026\\\"\",\"isPartOf\":{\"@id\":\"https:\/\/www.gaveanews.com\/#website\"},\"primaryImageOfPage\":{\"@id\":\"https:\/\/www.gaveanews.com\/index.php\/2025\/04\/10\/leonardo-jardim-e-sincero-sobre-permanencia-no-cruzeiro-nao-estou-preso\/#primaryimage\"},\"image\":{\"@id\":\"https:\/\/www.gaveanews.com\/index.php\/2025\/04\/10\/leonardo-jardim-e-sincero-sobre-permanencia-no-cruzeiro-nao-estou-preso\/#primaryimage\"},\"thumbnailUrl\":\"https:\/\/www.gaveanews.com\/wp-content\/uploads\/Leonardo-Jardim-durante-partida-do-Cruzeiro-em-2025.webp\",\"datePublished\":\"2025-04-10T15:55:00+00:00\",\"author\":{\"@id\":\"https:\/\/www.gaveanews.com\/#\/schema\/person\/8207cd4627f56151707418bfc835b2fb\"},\"breadcrumb\":{\"@id\":\"https:\/\/www.gaveanews.com\/index.php\/2025\/04\/10\/leonardo-jardim-e-sincero-sobre-permanencia-no-cruzeiro-nao-estou-preso\/#breadcrumb\"},\"inLanguage\":\"pt-BR\",\"potentialAction\":[{\"@type\":\"ReadAction\",\"target\":[\"https:\/\/www.gaveanews.com\/index.php\/2025\/04\/10\/leonardo-jardim-e-sincero-sobre-permanencia-no-cruzeiro-nao-estou-preso\/\"]}]},{\"@type\":\"ImageObject\",\"inLanguage\":\"pt-BR\",\"@id\":\"https:\/\/www.gaveanews.com\/index.php\/2025\/04\/10\/leonardo-jardim-e-sincero-sobre-permanencia-no-cruzeiro-nao-estou-preso\/#primaryimage\",\"url\":\"https:\/\/www.gaveanews.com\/wp-content\/uploads\/Leonardo-Jardim-durante-partida-do-Cruzeiro-em-2025.webp\",\"contentUrl\":\"https:\/\/www.gaveanews.com\/wp-content\/uploads\/Leonardo-Jardim-durante-partida-do-Cruzeiro-em-2025.webp\",\"width\":799,\"height\":533,\"caption\":\"Leonardo Jardim durante partida do Cruzeiro em 2025 (Foto: Gustavo Aleixo\/Cruzeiro)\"},{\"@type\":\"BreadcrumbList\",\"@id\":\"https:\/\/www.gaveanews.com\/index.php\/2025\/04\/10\/leonardo-jardim-e-sincero-sobre-permanencia-no-cruzeiro-nao-estou-preso\/#breadcrumb\",\"itemListElement\":[{\"@type\":\"ListItem\",\"position\":1,\"name\":\"Home\",\"item\":\"https:\/\/www.gaveanews.com\/\"},{\"@type\":\"ListItem\",\"position\":2,\"name\":\"Leonardo Jardim \u00e9 sincero sobre perman\u00eancia no Cruzeiro: &#8220;N\u00e3o estou preso\u2026&#8221;\"}]},{\"@type\":\"WebSite\",\"@id\":\"https:\/\/www.gaveanews.com\/#website\",\"url\":\"https:\/\/www.gaveanews.com\/\",\"name\":\"G\u00e1vea News\",\"description\":\"Veja todas as not\u00edcias sobre o Flamengo: Contrata\u00e7\u00f5es, categorias de base, resultados das partidas, tabela de classifica\u00e7\u00e3o, pr\u00f3ximos jogos!\",\"potentialAction\":[{\"@type\":\"SearchAction\",\"target\":{\"@type\":\"EntryPoint\",\"urlTemplate\":\"https:\/\/www.gaveanews.com\/?s={search_term_string}\"},\"query-input\":{\"@type\":\"PropertyValueSpecification\",\"valueRequired\":true,\"valueName\":\"search_term_string\"}}],\"inLanguage\":\"pt-BR\"},{\"@type\":\"Person\",\"@id\":\"https:\/\/www.gaveanews.com\/#\/schema\/person\/8207cd4627f56151707418bfc835b2fb\",\"name\":\"Matheus Felipe\",\"image\":{\"@type\":\"ImageObject\",\"inLanguage\":\"pt-BR\",\"@id\":\"https:\/\/www.gaveanews.com\/#\/schema\/person\/image\/\",\"url\":\"https:\/\/secure.gravatar.com\/avatar\/a452ffbed9130f726358b298bb3a99ce4bd3c5338411f8440e87e14d74c7c087?s=96&d=mm&r=g\",\"contentUrl\":\"https:\/\/secure.gravatar.com\/avatar\/a452ffbed9130f726358b298bb3a99ce4bd3c5338411f8440e87e14d74c7c087?s=96&d=mm&r=g\",\"caption\":\"Matheus Felipe\"}}]}<\/script>\n<!-- \/ Yoast SEO Premium plugin. -->","yoast_head_json":{"title":"Leonardo Jardim \u00e9 sincero sobre perman\u00eancia no Cruzeiro: \"N\u00e3o estou preso\u2026\"","robots":{"index":"index","follow":"follow","max-snippet":"max-snippet:-1","max-image-preview":"max-image-preview:large","max-video-preview":"max-video-preview:-1"},"canonical":"https:\/\/www.gaveanews.com\/index.php\/2025\/04\/10\/leonardo-jardim-e-sincero-sobre-permanencia-no-cruzeiro-nao-estou-preso\/","og_locale":"pt_BR","og_type":"article","og_title":"Leonardo Jardim \u00e9 sincero sobre perman\u00eancia no Cruzeiro: \"N\u00e3o estou preso\u2026\"","og_description":"O t\u00e9cnico Leonardo Jardim se pronunciou de maneira direta sobre sua perman\u00eancia no comando do Cruzeiro. Em meio a um cen\u00e1rio de instabilidade no clube, o treinador afirmou que n\u00e3o est\u00e1 apegado ao cargo e que sua continuidade depende exclusivamente da utilidade de seu trabalho para o planejamento da equipe. A declara\u00e7\u00e3o veio ap\u00f3s o [&hellip;]","og_url":"https:\/\/www.gaveanews.com\/index.php\/2025\/04\/10\/leonardo-jardim-e-sincero-sobre-permanencia-no-cruzeiro-nao-estou-preso\/","og_site_name":"G\u00e1vea News","article_publisher":"https:\/\/facebook.com\/gaveaNews\/","article_published_time":"2025-04-10T15:55:00+00:00","og_image":[{"width":799,"height":533,"url":"https:\/\/www.gaveanews.com\/wp-content\/uploads\/Leonardo-Jardim-durante-partida-do-Cruzeiro-em-2025.webp","type":"image\/jpeg"}],"author":"Matheus Felipe","twitter_card":"summary_large_image","twitter_misc":{"Escrito por":"Matheus Felipe","Est. tempo de leitura":"3 minutos"},"schema":{"@context":"https:\/\/schema.org","@graph":[{"@type":"NewsArticle","@id":"https:\/\/www.gaveanews.com\/index.php\/2025\/04\/10\/leonardo-jardim-e-sincero-sobre-permanencia-no-cruzeiro-nao-estou-preso\/#article","isPartOf":{"@id":"https:\/\/www.gaveanews.com\/index.php\/2025\/04\/10\/leonardo-jardim-e-sincero-sobre-permanencia-no-cruzeiro-nao-estou-preso\/"},"author":{"name":"Matheus Felipe","@id":"https:\/\/www.gaveanews.com\/#\/schema\/person\/8207cd4627f56151707418bfc835b2fb"},"headline":"Leonardo Jardim \u00e9 sincero sobre perman\u00eancia no Cruzeiro: &#8220;N\u00e3o estou preso\u2026&#8221;","datePublished":"2025-04-10T15:55:00+00:00","mainEntityOfPage":{"@id":"https:\/\/www.gaveanews.com\/index.php\/2025\/04\/10\/leonardo-jardim-e-sincero-sobre-permanencia-no-cruzeiro-nao-estou-preso\/"},"wordCount":464,"commentCount":0,"image":{"@id":"https:\/\/www.gaveanews.com\/index.php\/2025\/04\/10\/leonardo-jardim-e-sincero-sobre-permanencia-no-cruzeiro-nao-estou-preso\/#primaryimage"},"thumbnailUrl":"https:\/\/www.gaveanews.com\/wp-content\/uploads\/Leonardo-Jardim-durante-partida-do-Cruzeiro-em-2025.webp","articleSection":["Cruzeiro"],"inLanguage":"pt-BR","potentialAction":[{"@type":"CommentAction","name":"Comment","target":["https:\/\/www.gaveanews.com\/index.php\/2025\/04\/10\/leonardo-jardim-e-sincero-sobre-permanencia-no-cruzeiro-nao-estou-preso\/#respond"]}],"copyrightYear":"2025","copyrightHolder":{"@id":"https:\/\/www.gaveanews.com\/#organization"}},{"@type":"WebPage","@id":"https:\/\/www.gaveanews.com\/index.php\/2025\/04\/10\/leonardo-jardim-e-sincero-sobre-permanencia-no-cruzeiro-nao-estou-preso\/","url":"https:\/\/www.gaveanews.com\/index.php\/2025\/04\/10\/leonardo-jardim-e-sincero-sobre-permanencia-no-cruzeiro-nao-estou-preso\/","name":"Leonardo Jardim \u00e9 sincero sobre perman\u00eancia no Cruzeiro: \"N\u00e3o estou preso\u2026\"","isPartOf":{"@id":"https:\/\/www.gaveanews.com\/#website"},"primaryImageOfPage":{"@id":"https:\/\/www.gaveanews.com\/index.php\/2025\/04\/10\/leonardo-jardim-e-sincero-sobre-permanencia-no-cruzeiro-nao-estou-preso\/#primaryimage"},"image":{"@id":"https:\/\/www.gaveanews.com\/index.php\/2025\/04\/10\/leonardo-jardim-e-sincero-sobre-permanencia-no-cruzeiro-nao-estou-preso\/#primaryimage"},"thumbnailUrl":"https:\/\/www.gaveanews.com\/wp-content\/uploads\/Leonardo-Jardim-durante-partida-do-Cruzeiro-em-2025.webp","datePublished":"2025-04-10T15:55:00+00:00","author":{"@id":"https:\/\/www.gaveanews.com\/#\/schema\/person\/8207cd4627f56151707418bfc835b2fb"},"breadcrumb":{"@id":"https:\/\/www.gaveanews.com\/index.php\/2025\/04\/10\/leonardo-jardim-e-sincero-sobre-permanencia-no-cruzeiro-nao-estou-preso\/#breadcrumb"},"inLanguage":"pt-BR","potentialAction":[{"@type":"ReadAction","target":["https:\/\/www.gaveanews.com\/index.php\/2025\/04\/10\/leonardo-jardim-e-sincero-sobre-permanencia-no-cruzeiro-nao-estou-preso\/"]}]},{"@type":"ImageObject","inLanguage":"pt-BR","@id":"https:\/\/www.gaveanews.com\/index.php\/2025\/04\/10\/leonardo-jardim-e-sincero-sobre-permanencia-no-cruzeiro-nao-estou-preso\/#primaryimage","url":"https:\/\/www.gaveanews.com\/wp-content\/uploads\/Leonardo-Jardim-durante-partida-do-Cruzeiro-em-2025.webp","contentUrl":"https:\/\/www.gaveanews.com\/wp-content\/uploads\/Leonardo-Jardim-durante-partida-do-Cruzeiro-em-2025.webp","width":799,"height":533,"caption":"Leonardo Jardim durante partida do Cruzeiro em 2025 (Foto: Gustavo Aleixo\/Cruzeiro)"},{"@type":"BreadcrumbList","@id":"https:\/\/www.gaveanews.com\/index.php\/2025\/04\/10\/leonardo-jardim-e-sincero-sobre-permanencia-no-cruzeiro-nao-estou-preso\/#breadcrumb","itemListElement":[{"@type":"ListItem","position":1,"name":"Home","item":"https:\/\/www.gaveanews.com\/"},{"@type":"ListItem","position":2,"name":"Leonardo Jardim \u00e9 sincero sobre perman\u00eancia no Cruzeiro: &#8220;N\u00e3o estou preso\u2026&#8221;"}]},{"@type":"WebSite","@id":"https:\/\/www.gaveanews.com\/#website","url":"https:\/\/www.gaveanews.com\/","name":"G\u00e1vea News","description":"Veja todas as not\u00edcias sobre o Flamengo: Contrata\u00e7\u00f5es, categorias de base, resultados das partidas, tabela de classifica\u00e7\u00e3o, pr\u00f3ximos jogos!","potentialAction":[{"@type":"SearchAction","target":{"@type":"EntryPoint","urlTemplate":"https:\/\/www.gaveanews.com\/?s={search_term_string}"},"query-input":{"@type":"PropertyValueSpecification","valueRequired":true,"valueName":"search_term_string"}}],"inLanguage":"pt-BR"},{"@type":"Person","@id":"https:\/\/www.gaveanews.com\/#\/schema\/person\/8207cd4627f56151707418bfc835b2fb","name":"Matheus Felipe","image":{"@type":"ImageObject","inLanguage":"pt-BR","@id":"https:\/\/www.gaveanews.com\/#\/schema\/person\/image\/","url":"https:\/\/secure.gravatar.com\/avatar\/a452ffbed9130f726358b298bb3a99ce4bd3c5338411f8440e87e14d74c7c087?s=96&d=mm&r=g","contentUrl":"https:\/\/secure.gravatar.com\/avatar\/a452ffbed9130f726358b298bb3a99ce4bd3c5338411f8440e87e14d74c7c087?s=96&d=mm&r=g","caption":"Matheus Felipe"}}]}},"_links":{"self":[{"href":"https:\/\/www.gaveanews.com\/index.php\/wp-json\/wp\/v2\/posts\/251606","targetHints":{"allow":["GET"]}}],"collection":[{"href":"https:\/\/www.gaveanews.com\/index.php\/wp-json\/wp\/v2\/posts"}],"about":[{"href":"https:\/\/www.gaveanews.com\/index.php\/wp-json\/wp\/v2\/types\/post"}],"author":[{"embeddable":true,"href":"https:\/\/www.gaveanews.com\/index.php\/wp-json\/wp\/v2\/users\/27"}],"replies":[{"embeddable":true,"href":"https:\/\/www.gaveanews.com\/index.php\/wp-json\/wp\/v2\/comments?post=251606"}],"version-history":[{"count":1,"href":"https:\/\/www.gaveanews.com\/index.php\/wp-json\/wp\/v2\/posts\/251606\/revisions"}],"predecessor-version":[{"id":251609,"href":"https:\/\/www.gaveanews.com\/index.php\/wp-json\/wp\/v2\/posts\/251606\/revisions\/251609"}],"wp:featuredmedia":[{"embeddable":true,"href":"https:\/\/www.gaveanews.com\/index.php\/wp-json\/wp\/v2\/media\/225548"}],"wp:attachment":[{"href":"https:\/\/www.gaveanews.com\/index.php\/wp-json\/wp\/v2\/media?parent=251606"}],"wp:term":[{"taxonomy":"category","embeddable":true,"href":"https:\/\/www.gaveanews.com\/index.php\/wp-json\/wp\/v2\/categories?post=251606"},{"taxonomy":"post_tag","embeddable":true,"href":"https:\/\/www.gaveanews.com\/index.php\/wp-json\/wp\/v2\/tags?post=251606"}],"curies":[{"name":"wp","href":"https:\/\/api.w.org\/{rel}","templated":true}]}}