{"id":251613,"date":"2025-04-10T14:55:00","date_gmt":"2025-04-10T17:55:00","guid":{"rendered":"https:\/\/www.gaveanews.com\/?p=251613"},"modified":"2025-04-10T12:28:12","modified_gmt":"2025-04-10T15:28:12","slug":"contratacao-confirmada-hulk-ganha-destaque-e-recado-de-rizek-para-lyanco-as-ultimas-noticias-do-atletico-mg","status":"publish","type":"post","link":"https:\/\/www.gaveanews.com\/index.php\/2025\/04\/10\/contratacao-confirmada-hulk-ganha-destaque-e-recado-de-rizek-para-lyanco-as-ultimas-noticias-do-atletico-mg\/","title":{"rendered":"Contrata\u00e7\u00e3o confirmada, Hulk ganha destaque e recado de Rizek para Lyanco: as \u00faltimas not\u00edcias do Atl\u00e9tico-MG"},"content":{"rendered":"\n<p>Nas \u00faltimas horas, o foco das not\u00edcias sobre o Atl\u00e9tico-MG se concentram nos bastidores do clube, com destaques do dia a dia do time.<\/p>\n\n\n\n<p>Por conta deste contexto, leia abaixo um resumo preparado pela equipe do portal G\u00e1vea News para lhe manter muito bem informado!<\/p>\n\n\n\n<div class=\"wp-block-group\"><div class=\"wp-block-group__inner-container is-layout-constrained wp-block-group-is-layout-constrained\">\n<h2 class=\"wp-block-heading\" id=\"h-recado-de-rizek-para-lyanco\">Recado de Rizek para Lyanco<\/h2>\n\n\n\n<p>O jornalista Andr\u00e9 Rizek fez cr\u00edticas contundentes \u00e0 atua\u00e7\u00e3o do zagueiro Lyanco durante o empate entre Atl\u00e9tico-MG e S\u00e3o Paulo pelo Brasileir\u00e3o. No programa <em>Sele\u00e7\u00e3o SporTV<\/em>, Rizek destacou que o defensor deveria ter sido expulso ainda no primeiro tempo, devido a entradas fortes e arriscadas, sugerindo que Lyanco tenta assumir um papel de &#8220;xerif\u00e3o&#8221; de forma exagerada. O comunicador tamb\u00e9m mencionou que o jogador parece estar querendo se afirmar no futebol brasileiro, o que pode colocar o time em risco <strong><a href=\"https:\/\/www.gaveanews.com\/index.php\/2025\/04\/08\/a-declaracao-de-andre-rizek-direcionada-a-lyanco-do-atletico-mg\/\">(leia a mat\u00e9ria completa).<\/a><\/strong><\/p>\n\n\n\n<figure class=\"wp-block-image size-full\"><img loading=\"lazy\" decoding=\"async\" width=\"795\" height=\"448\" src=\"http:\/\/www.gaveanews.com\/wp-content\/uploads\/Andre-Rizek-durante-um-programa-do-SporTV.webp\" alt=\"\" class=\"wp-image-101875\" srcset=\"https:\/\/www.gaveanews.com\/wp-content\/uploads\/Andre-Rizek-durante-um-programa-do-SporTV.webp 795w, https:\/\/www.gaveanews.com\/wp-content\/uploads\/Andre-Rizek-durante-um-programa-do-SporTV-300x169.webp 300w, https:\/\/www.gaveanews.com\/wp-content\/uploads\/Andre-Rizek-durante-um-programa-do-SporTV-768x433.webp 768w, https:\/\/www.gaveanews.com\/wp-content\/uploads\/Andre-Rizek-durante-um-programa-do-SporTV-745x420.webp 745w, https:\/\/www.gaveanews.com\/wp-content\/uploads\/Andre-Rizek-durante-um-programa-do-SporTV-640x361.webp 640w, https:\/\/www.gaveanews.com\/wp-content\/uploads\/Andre-Rizek-durante-um-programa-do-SporTV-681x384.webp 681w, https:\/\/www.gaveanews.com\/wp-content\/uploads\/Andre-Rizek-durante-um-programa-do-SporTV-100x56.webp 100w\" sizes=\"auto, (max-width: 795px) 100vw, 795px\" \/><figcaption class=\"wp-element-caption\">Andr\u00e9 Rizek durante um programa do SporTV (Foto: Reprodu\u00e7\u00e3o\/SporTV)<\/figcaption><\/figure>\n\n\n\n<p>A expuls\u00e3o de Lyanco ocorreu j\u00e1 nos minutos finais da partida, por um tranco considerado temer\u00e1rio segundo a s\u00famula do \u00e1rbitro Ramon Abatti Abel. <\/p>\n\n\n\n<p>Apesar disso, o defensor deixou o campo sem criar confus\u00f5es e, posteriormente, defendeu seu estilo de jogo. Ele afirmou que sua abordagem \u00e9 intensa, mas que a expuls\u00e3o n\u00e3o comprometeu o desempenho coletivo por ter ocorrido no fim. Para Lyanco, jogar grande parte do segundo tempo com um cart\u00e3o amarelo foi um desafio que enfrentou com responsabilidade.<\/p>\n\n\n\n<p>A declara\u00e7\u00e3o de Rizek reacende o debate sobre o equil\u00edbrio entre intensidade e imprud\u00eancia, especialmente em posi\u00e7\u00f5es defensivas. Lyanco segue confiante em sua forma de atuar, enquanto a comiss\u00e3o t\u00e9cnica do Atl\u00e9tico-MG precisa administrar a agressividade do atleta para evitar novos preju\u00edzos em campo. Com o Galo buscando maior estabilidade, o comportamento de seus l\u00edderes defensivos ser\u00e1 fundamental para o rendimento da equipe nas pr\u00f3ximas rodadas.<\/p>\n\n\n\n<h2 class=\"wp-block-heading\" id=\"h-hulk-ganha-destaque\">Hulk ganha destaque<\/h2>\n\n\n\n<p>A corrida pela artilharia do futebol brasileiro em 2025 est\u00e1 acirrada e marcada por grande equil\u00edbrio. No topo da lista aparecem <strong>Germ\u00e1n Cano<\/strong>, do Fluminense, <strong>Ariel<\/strong>, do Genus, e <strong>Neto Oliveira<\/strong>, do Confian\u00e7a \u2014 todos com <strong>11 gols<\/strong>. Cano vem se destacando em competi\u00e7\u00f5es como Campeonato Carioca, Copa do Brasil e Sul-Americana, enquanto Ariel concentrou seus gols no Campeonato Rondoniense e Neto brilhou no Sergipano e Copas regionais<strong><a href=\"https:\/\/www.gaveanews.com\/index.php\/2025\/04\/08\/cano-hulk-vegetti-e-yuri-alberto-os-artilheiros-do-brasil-em-2025\/\"> (leia a mat\u00e9ria completa).<\/a><\/strong><\/p>\n\n\n\n<figure class=\"wp-block-image size-large\"><img loading=\"lazy\" decoding=\"async\" width=\"1024\" height=\"822\" src=\"http:\/\/www.gaveanews.com\/wp-content\/uploads\/Hulk-em-acao-pelo-Atletico-MG-1024x822.webp\" alt=\"\" class=\"wp-image-183983\" srcset=\"https:\/\/www.gaveanews.com\/wp-content\/uploads\/Hulk-em-acao-pelo-Atletico-MG-1024x822.webp 1024w, https:\/\/www.gaveanews.com\/wp-content\/uploads\/Hulk-em-acao-pelo-Atletico-MG-300x241.webp 300w, https:\/\/www.gaveanews.com\/wp-content\/uploads\/Hulk-em-acao-pelo-Atletico-MG-768x616.webp 768w, https:\/\/www.gaveanews.com\/wp-content\/uploads\/Hulk-em-acao-pelo-Atletico-MG-523x420.webp 523w, https:\/\/www.gaveanews.com\/wp-content\/uploads\/Hulk-em-acao-pelo-Atletico-MG-1046x840.webp 1046w, https:\/\/www.gaveanews.com\/wp-content\/uploads\/Hulk-em-acao-pelo-Atletico-MG-640x514.webp 640w, https:\/\/www.gaveanews.com\/wp-content\/uploads\/Hulk-em-acao-pelo-Atletico-MG-1280x1027.webp 1280w, https:\/\/www.gaveanews.com\/wp-content\/uploads\/Hulk-em-acao-pelo-Atletico-MG-681x547.webp 681w, https:\/\/www.gaveanews.com\/wp-content\/uploads\/Hulk-em-acao-pelo-Atletico-MG-100x80.webp 100w, https:\/\/www.gaveanews.com\/wp-content\/uploads\/Hulk-em-acao-pelo-Atletico-MG.webp 1328w\" sizes=\"auto, (max-width: 1024px) 100vw, 1024px\" \/><figcaption class=\"wp-element-caption\">Hulk em a\u00e7\u00e3o pelo Atl\u00e9tico-MG (Foto: Pedro Souza\/Atletico)\n<\/figcaption><\/figure>\n\n\n\n<p>Logo atr\u00e1s, <strong>Guilherme<\/strong>, do Santos, e <strong>Pablo Vegetti<\/strong>, do Vasco, figuram com <strong>10 gols cada<\/strong>, mantendo presen\u00e7a constante nas redes advers\u00e1rias. Um grupo expressivo de jogadores soma <strong>9 gols<\/strong>, incluindo nomes como Luiz Fernando (Athletico-PR), Nicolas (Paysandu), Allanzinho (Ferrovi\u00e1rio) e Moraes (Maring\u00e1), mostrando que atletas de diferentes divis\u00f5es e estados est\u00e3o protagonizando a disputa.<\/p>\n\n\n\n<p>Com <strong>8 gols<\/strong>, aparecem craques como <strong>Hulk (Atl\u00e9tico-MG)<\/strong>, <strong>Yuri Alberto (Corinthians)<\/strong> e <strong>Braithwaite (Gr\u00eamio)<\/strong>, refor\u00e7ando a competitividade entre os grandes clubes do pa\u00eds. Yuri, inclusive, destacou sua motiva\u00e7\u00e3o para repetir o feito de 2024, quando terminou como maior artilheiro do Brasil. A lista segue extensa com atletas de clubes variados, revelando uma temporada imprevis\u00edvel e recheada de talentos regionais e nacionais que seguem na briga pela artilharia geral.<\/p>\n\n\n\n<h2 class=\"wp-block-heading\" id=\"h-contratacao-confirmada\">Contrata\u00e7\u00e3o confirmada<\/h2>\n\n\n\n<p>O Atl\u00e9tico-MG anunciou oficialmente a contrata\u00e7\u00e3o de Andr\u00e9 Velloso como novo coordenador de capta\u00e7\u00e3o das categorias de base do clube. Com passagens marcantes pelo Flamengo, onde atuou entre 2017 e 2024, Velloso traz uma bagagem t\u00e9cnica robusta, com forma\u00e7\u00e3o em Educa\u00e7\u00e3o F\u00edsica, especializa\u00e7\u00f5es pela CBF Academy e AFA, e atua\u00e7\u00e3o como professor de p\u00f3s-gradua\u00e7\u00e3o em an\u00e1lise de desempenho. A chegada dele refor\u00e7a o projeto do Galo de estruturar e potencializar ainda mais a base alvinegra <strong><a href=\"https:\/\/www.gaveanews.com\/index.php\/2025\/04\/08\/agora-e-oficial-atletico-mg-anuncia-nova-contratacao\/\">(leia a mat\u00e9ria completa).<\/a><\/strong><\/p>\n\n\n\n<figure class=\"wp-block-image size-large\"><img loading=\"lazy\" decoding=\"async\" width=\"1024\" height=\"683\" src=\"http:\/\/www.gaveanews.com\/wp-content\/uploads\/Camisa-do-Atletico-MG-1024x683.webp\" alt=\"\" class=\"wp-image-157061\" srcset=\"https:\/\/www.gaveanews.com\/wp-content\/uploads\/Camisa-do-Atletico-MG-1024x683.webp 1024w, https:\/\/www.gaveanews.com\/wp-content\/uploads\/Camisa-do-Atletico-MG-300x200.webp 300w, https:\/\/www.gaveanews.com\/wp-content\/uploads\/Camisa-do-Atletico-MG-768x512.webp 768w, https:\/\/www.gaveanews.com\/wp-content\/uploads\/Camisa-do-Atletico-MG-630x420.webp 630w, https:\/\/www.gaveanews.com\/wp-content\/uploads\/Camisa-do-Atletico-MG-640x427.webp 640w, https:\/\/www.gaveanews.com\/wp-content\/uploads\/Camisa-do-Atletico-MG-681x454.webp 681w, https:\/\/www.gaveanews.com\/wp-content\/uploads\/Camisa-do-Atletico-MG-100x67.webp 100w, https:\/\/www.gaveanews.com\/wp-content\/uploads\/Camisa-do-Atletico-MG.webp 1080w\" sizes=\"auto, (max-width: 1024px) 100vw, 1024px\" \/><figcaption class=\"wp-element-caption\">Camisa do Atl\u00e9tico-MG (Foto: Reprodu\u00e7\u00e3o\/Instagram)<\/figcaption><\/figure>\n\n\n\n<p>Al\u00e9m de Andr\u00e9 Velloso, o clube tamb\u00e9m confirmou a chegada de Pedro Menezes como coordenador de performance da base. Assim como Velloso, Pedro tamb\u00e9m veio do Flamengo e \u00e9 doutor em Biodin\u00e2mica do Movimento Humano pela UFRJ. Ele atuou por seis temporadas no Rubro-Negro carioca com foco em tecnologia esportiva e alto rendimento, contribuindo diretamente na evolu\u00e7\u00e3o de atletas tanto da base quanto do profissional. A contrata\u00e7\u00e3o refor\u00e7a o compromisso do Atl\u00e9tico com uma estrutura cient\u00edfica e moderna.<\/p>\n\n\n\n<p>Essas mudan\u00e7as se somam a outras reformula\u00e7\u00f5es promovidas pelo clube. Nos \u00faltimos meses, o Galo j\u00e1 havia trazido Luiz Carlos de Azevedo como gerente-geral das categorias de base e Jo\u00e3o Paulo Daniel como novo observador t\u00e9cnico em S\u00e3o Paulo \u2014 ambos tamb\u00e9m com hist\u00f3rico no Flamengo. As contrata\u00e7\u00f5es indicam uma estrat\u00e9gia clara da diretoria atleticana: investir em profissionais altamente qualificados para consolidar a base como celeiro de talentos e, futuramente, refor\u00e7ar o time principal com atletas formados internamente.<\/p>\n<\/div><\/div>\n","protected":false},"excerpt":{"rendered":"<p>Nas \u00faltimas horas, o foco das not\u00edcias sobre o Atl\u00e9tico-MG se concentram nos bastidores do clube, com destaques do dia a dia do time. Por conta deste contexto, leia abaixo um resumo preparado pela equipe do portal G\u00e1vea News para lhe manter muito bem informado! Recado de Rizek para Lyanco O jornalista Andr\u00e9 Rizek fez [&hellip;]<\/p>\n","protected":false},"author":33,"featured_media":153999,"comment_status":"open","ping_status":"closed","sticky":false,"template":"","format":"standard","meta":{"footnotes":""},"categories":[136],"tags":[],"class_list":["post-251613","post","type-post","status-publish","format-standard","has-post-thumbnail","hentry","category-atletico-mg"],"yoast_head":"<!-- This site is optimized with the Yoast SEO Premium plugin v24.2 (Yoast SEO v26.9) - https:\/\/yoast.com\/product\/yoast-seo-premium-wordpress\/ -->\n<title>Contrata\u00e7\u00e3o confirmada, Hulk ganha destaque e recado de Rizek para Lyanco: as \u00faltimas not\u00edcias do Atl\u00e9tico-MG<\/title>\n<meta name=\"robots\" content=\"index, follow, max-snippet:-1, max-image-preview:large, max-video-preview:-1\" \/>\n<link rel=\"canonical\" href=\"https:\/\/www.gaveanews.com\/index.php\/2025\/04\/10\/contratacao-confirmada-hulk-ganha-destaque-e-recado-de-rizek-para-lyanco-as-ultimas-noticias-do-atletico-mg\/\" \/>\n<meta property=\"og:locale\" content=\"pt_BR\" \/>\n<meta property=\"og:type\" content=\"article\" \/>\n<meta property=\"og:title\" content=\"Contrata\u00e7\u00e3o confirmada, Hulk ganha destaque e recado de Rizek para Lyanco: as \u00faltimas not\u00edcias do Atl\u00e9tico-MG\" \/>\n<meta property=\"og:description\" content=\"Nas \u00faltimas horas, o foco das not\u00edcias sobre o Atl\u00e9tico-MG se concentram nos bastidores do clube, com destaques do dia a dia do time. Por conta deste contexto, leia abaixo um resumo preparado pela equipe do portal G\u00e1vea News para lhe manter muito bem informado! Recado de Rizek para Lyanco O jornalista Andr\u00e9 Rizek fez [&hellip;]\" \/>\n<meta property=\"og:url\" content=\"https:\/\/www.gaveanews.com\/index.php\/2025\/04\/10\/contratacao-confirmada-hulk-ganha-destaque-e-recado-de-rizek-para-lyanco-as-ultimas-noticias-do-atletico-mg\/\" \/>\n<meta property=\"og:site_name\" content=\"G\u00e1vea News\" \/>\n<meta property=\"article:publisher\" content=\"https:\/\/facebook.com\/gaveaNews\/\" \/>\n<meta property=\"article:published_time\" content=\"2025-04-10T17:55:00+00:00\" \/>\n<meta property=\"og:image\" content=\"https:\/\/www.gaveanews.com\/wp-content\/uploads\/Estadio-do-Atletico-MG.webp\" \/>\n\t<meta property=\"og:image:width\" content=\"900\" \/>\n\t<meta property=\"og:image:height\" content=\"600\" \/>\n\t<meta property=\"og:image:type\" content=\"image\/webp\" \/>\n<meta name=\"author\" content=\"Brenda Cezillo\" \/>\n<meta name=\"twitter:card\" content=\"summary_large_image\" \/>\n<meta name=\"twitter:label1\" content=\"Escrito por\" \/>\n\t<meta name=\"twitter:data1\" content=\"Brenda Cezillo\" \/>\n\t<meta name=\"twitter:label2\" content=\"Est. tempo de leitura\" \/>\n\t<meta name=\"twitter:data2\" content=\"5 minutos\" \/>\n<script type=\"application\/ld+json\" class=\"yoast-schema-graph\">{\"@context\":\"https:\/\/schema.org\",\"@graph\":[{\"@type\":\"NewsArticle\",\"@id\":\"https:\/\/www.gaveanews.com\/index.php\/2025\/04\/10\/contratacao-confirmada-hulk-ganha-destaque-e-recado-de-rizek-para-lyanco-as-ultimas-noticias-do-atletico-mg\/#article\",\"isPartOf\":{\"@id\":\"https:\/\/www.gaveanews.com\/index.php\/2025\/04\/10\/contratacao-confirmada-hulk-ganha-destaque-e-recado-de-rizek-para-lyanco-as-ultimas-noticias-do-atletico-mg\/\"},\"author\":{\"name\":\"Brenda Cezillo\",\"@id\":\"https:\/\/www.gaveanews.com\/#\/schema\/person\/c79759ca337c40791ae8d08e2923d403\"},\"headline\":\"Contrata\u00e7\u00e3o confirmada, Hulk ganha destaque e recado de Rizek para Lyanco: as \u00faltimas not\u00edcias do Atl\u00e9tico-MG\",\"datePublished\":\"2025-04-10T17:55:00+00:00\",\"mainEntityOfPage\":{\"@id\":\"https:\/\/www.gaveanews.com\/index.php\/2025\/04\/10\/contratacao-confirmada-hulk-ganha-destaque-e-recado-de-rizek-para-lyanco-as-ultimas-noticias-do-atletico-mg\/\"},\"wordCount\":831,\"commentCount\":0,\"image\":{\"@id\":\"https:\/\/www.gaveanews.com\/index.php\/2025\/04\/10\/contratacao-confirmada-hulk-ganha-destaque-e-recado-de-rizek-para-lyanco-as-ultimas-noticias-do-atletico-mg\/#primaryimage\"},\"thumbnailUrl\":\"https:\/\/www.gaveanews.com\/wp-content\/uploads\/Estadio-do-Atletico-MG.webp\",\"articleSection\":[\"Atl\u00e9tico-MG\"],\"inLanguage\":\"pt-BR\",\"potentialAction\":[{\"@type\":\"CommentAction\",\"name\":\"Comment\",\"target\":[\"https:\/\/www.gaveanews.com\/index.php\/2025\/04\/10\/contratacao-confirmada-hulk-ganha-destaque-e-recado-de-rizek-para-lyanco-as-ultimas-noticias-do-atletico-mg\/#respond\"]}],\"copyrightYear\":\"2025\",\"copyrightHolder\":{\"@id\":\"https:\/\/www.gaveanews.com\/#organization\"}},{\"@type\":\"WebPage\",\"@id\":\"https:\/\/www.gaveanews.com\/index.php\/2025\/04\/10\/contratacao-confirmada-hulk-ganha-destaque-e-recado-de-rizek-para-lyanco-as-ultimas-noticias-do-atletico-mg\/\",\"url\":\"https:\/\/www.gaveanews.com\/index.php\/2025\/04\/10\/contratacao-confirmada-hulk-ganha-destaque-e-recado-de-rizek-para-lyanco-as-ultimas-noticias-do-atletico-mg\/\",\"name\":\"Contrata\u00e7\u00e3o confirmada, Hulk ganha destaque e recado de Rizek para Lyanco: as \u00faltimas not\u00edcias do Atl\u00e9tico-MG\",\"isPartOf\":{\"@id\":\"https:\/\/www.gaveanews.com\/#website\"},\"primaryImageOfPage\":{\"@id\":\"https:\/\/www.gaveanews.com\/index.php\/2025\/04\/10\/contratacao-confirmada-hulk-ganha-destaque-e-recado-de-rizek-para-lyanco-as-ultimas-noticias-do-atletico-mg\/#primaryimage\"},\"image\":{\"@id\":\"https:\/\/www.gaveanews.com\/index.php\/2025\/04\/10\/contratacao-confirmada-hulk-ganha-destaque-e-recado-de-rizek-para-lyanco-as-ultimas-noticias-do-atletico-mg\/#primaryimage\"},\"thumbnailUrl\":\"https:\/\/www.gaveanews.com\/wp-content\/uploads\/Estadio-do-Atletico-MG.webp\",\"datePublished\":\"2025-04-10T17:55:00+00:00\",\"author\":{\"@id\":\"https:\/\/www.gaveanews.com\/#\/schema\/person\/c79759ca337c40791ae8d08e2923d403\"},\"breadcrumb\":{\"@id\":\"https:\/\/www.gaveanews.com\/index.php\/2025\/04\/10\/contratacao-confirmada-hulk-ganha-destaque-e-recado-de-rizek-para-lyanco-as-ultimas-noticias-do-atletico-mg\/#breadcrumb\"},\"inLanguage\":\"pt-BR\",\"potentialAction\":[{\"@type\":\"ReadAction\",\"target\":[\"https:\/\/www.gaveanews.com\/index.php\/2025\/04\/10\/contratacao-confirmada-hulk-ganha-destaque-e-recado-de-rizek-para-lyanco-as-ultimas-noticias-do-atletico-mg\/\"]}]},{\"@type\":\"ImageObject\",\"inLanguage\":\"pt-BR\",\"@id\":\"https:\/\/www.gaveanews.com\/index.php\/2025\/04\/10\/contratacao-confirmada-hulk-ganha-destaque-e-recado-de-rizek-para-lyanco-as-ultimas-noticias-do-atletico-mg\/#primaryimage\",\"url\":\"https:\/\/www.gaveanews.com\/wp-content\/uploads\/Estadio-do-Atletico-MG.webp\",\"contentUrl\":\"https:\/\/www.gaveanews.com\/wp-content\/uploads\/Estadio-do-Atletico-MG.webp\",\"width\":900,\"height\":600,\"caption\":\"Arena MRV, est\u00e1dio do Atl\u00e9tico-MG (Foto: Reprodu\u00e7\u00e3o\/Atl\u00e9tico)\"},{\"@type\":\"BreadcrumbList\",\"@id\":\"https:\/\/www.gaveanews.com\/index.php\/2025\/04\/10\/contratacao-confirmada-hulk-ganha-destaque-e-recado-de-rizek-para-lyanco-as-ultimas-noticias-do-atletico-mg\/#breadcrumb\",\"itemListElement\":[{\"@type\":\"ListItem\",\"position\":1,\"name\":\"Home\",\"item\":\"https:\/\/www.gaveanews.com\/\"},{\"@type\":\"ListItem\",\"position\":2,\"name\":\"Contrata\u00e7\u00e3o confirmada, Hulk ganha destaque e recado de Rizek para Lyanco: as \u00faltimas not\u00edcias do Atl\u00e9tico-MG\"}]},{\"@type\":\"WebSite\",\"@id\":\"https:\/\/www.gaveanews.com\/#website\",\"url\":\"https:\/\/www.gaveanews.com\/\",\"name\":\"G\u00e1vea News\",\"description\":\"Veja todas as not\u00edcias sobre o Flamengo: Contrata\u00e7\u00f5es, categorias de base, resultados das partidas, tabela de classifica\u00e7\u00e3o, pr\u00f3ximos jogos!\",\"potentialAction\":[{\"@type\":\"SearchAction\",\"target\":{\"@type\":\"EntryPoint\",\"urlTemplate\":\"https:\/\/www.gaveanews.com\/?s={search_term_string}\"},\"query-input\":{\"@type\":\"PropertyValueSpecification\",\"valueRequired\":true,\"valueName\":\"search_term_string\"}}],\"inLanguage\":\"pt-BR\"},{\"@type\":\"Person\",\"@id\":\"https:\/\/www.gaveanews.com\/#\/schema\/person\/c79759ca337c40791ae8d08e2923d403\",\"name\":\"Brenda Cezillo\",\"image\":{\"@type\":\"ImageObject\",\"inLanguage\":\"pt-BR\",\"@id\":\"https:\/\/www.gaveanews.com\/#\/schema\/person\/image\/\",\"url\":\"https:\/\/secure.gravatar.com\/avatar\/1738d75cee7317f9c29ae61dd67620c5883d80a92e42a6fff88ae5d527af217a?s=96&d=mm&r=g\",\"contentUrl\":\"https:\/\/secure.gravatar.com\/avatar\/1738d75cee7317f9c29ae61dd67620c5883d80a92e42a6fff88ae5d527af217a?s=96&d=mm&r=g\",\"caption\":\"Brenda Cezillo\"}}]}<\/script>\n<!-- \/ Yoast SEO Premium plugin. -->","yoast_head_json":{"title":"Contrata\u00e7\u00e3o confirmada, Hulk ganha destaque e recado de Rizek para Lyanco: as \u00faltimas not\u00edcias do Atl\u00e9tico-MG","robots":{"index":"index","follow":"follow","max-snippet":"max-snippet:-1","max-image-preview":"max-image-preview:large","max-video-preview":"max-video-preview:-1"},"canonical":"https:\/\/www.gaveanews.com\/index.php\/2025\/04\/10\/contratacao-confirmada-hulk-ganha-destaque-e-recado-de-rizek-para-lyanco-as-ultimas-noticias-do-atletico-mg\/","og_locale":"pt_BR","og_type":"article","og_title":"Contrata\u00e7\u00e3o confirmada, Hulk ganha destaque e recado de Rizek para Lyanco: as \u00faltimas not\u00edcias do Atl\u00e9tico-MG","og_description":"Nas \u00faltimas horas, o foco das not\u00edcias sobre o Atl\u00e9tico-MG se concentram nos bastidores do clube, com destaques do dia a dia do time. Por conta deste contexto, leia abaixo um resumo preparado pela equipe do portal G\u00e1vea News para lhe manter muito bem informado! Recado de Rizek para Lyanco O jornalista Andr\u00e9 Rizek fez [&hellip;]","og_url":"https:\/\/www.gaveanews.com\/index.php\/2025\/04\/10\/contratacao-confirmada-hulk-ganha-destaque-e-recado-de-rizek-para-lyanco-as-ultimas-noticias-do-atletico-mg\/","og_site_name":"G\u00e1vea News","article_publisher":"https:\/\/facebook.com\/gaveaNews\/","article_published_time":"2025-04-10T17:55:00+00:00","og_image":[{"width":900,"height":600,"url":"https:\/\/www.gaveanews.com\/wp-content\/uploads\/Estadio-do-Atletico-MG.webp","type":"image\/webp"}],"author":"Brenda Cezillo","twitter_card":"summary_large_image","twitter_misc":{"Escrito por":"Brenda Cezillo","Est. tempo de leitura":"5 minutos"},"schema":{"@context":"https:\/\/schema.org","@graph":[{"@type":"NewsArticle","@id":"https:\/\/www.gaveanews.com\/index.php\/2025\/04\/10\/contratacao-confirmada-hulk-ganha-destaque-e-recado-de-rizek-para-lyanco-as-ultimas-noticias-do-atletico-mg\/#article","isPartOf":{"@id":"https:\/\/www.gaveanews.com\/index.php\/2025\/04\/10\/contratacao-confirmada-hulk-ganha-destaque-e-recado-de-rizek-para-lyanco-as-ultimas-noticias-do-atletico-mg\/"},"author":{"name":"Brenda Cezillo","@id":"https:\/\/www.gaveanews.com\/#\/schema\/person\/c79759ca337c40791ae8d08e2923d403"},"headline":"Contrata\u00e7\u00e3o confirmada, Hulk ganha destaque e recado de Rizek para Lyanco: as \u00faltimas not\u00edcias do Atl\u00e9tico-MG","datePublished":"2025-04-10T17:55:00+00:00","mainEntityOfPage":{"@id":"https:\/\/www.gaveanews.com\/index.php\/2025\/04\/10\/contratacao-confirmada-hulk-ganha-destaque-e-recado-de-rizek-para-lyanco-as-ultimas-noticias-do-atletico-mg\/"},"wordCount":831,"commentCount":0,"image":{"@id":"https:\/\/www.gaveanews.com\/index.php\/2025\/04\/10\/contratacao-confirmada-hulk-ganha-destaque-e-recado-de-rizek-para-lyanco-as-ultimas-noticias-do-atletico-mg\/#primaryimage"},"thumbnailUrl":"https:\/\/www.gaveanews.com\/wp-content\/uploads\/Estadio-do-Atletico-MG.webp","articleSection":["Atl\u00e9tico-MG"],"inLanguage":"pt-BR","potentialAction":[{"@type":"CommentAction","name":"Comment","target":["https:\/\/www.gaveanews.com\/index.php\/2025\/04\/10\/contratacao-confirmada-hulk-ganha-destaque-e-recado-de-rizek-para-lyanco-as-ultimas-noticias-do-atletico-mg\/#respond"]}],"copyrightYear":"2025","copyrightHolder":{"@id":"https:\/\/www.gaveanews.com\/#organization"}},{"@type":"WebPage","@id":"https:\/\/www.gaveanews.com\/index.php\/2025\/04\/10\/contratacao-confirmada-hulk-ganha-destaque-e-recado-de-rizek-para-lyanco-as-ultimas-noticias-do-atletico-mg\/","url":"https:\/\/www.gaveanews.com\/index.php\/2025\/04\/10\/contratacao-confirmada-hulk-ganha-destaque-e-recado-de-rizek-para-lyanco-as-ultimas-noticias-do-atletico-mg\/","name":"Contrata\u00e7\u00e3o confirmada, Hulk ganha destaque e recado de Rizek para Lyanco: as \u00faltimas not\u00edcias do Atl\u00e9tico-MG","isPartOf":{"@id":"https:\/\/www.gaveanews.com\/#website"},"primaryImageOfPage":{"@id":"https:\/\/www.gaveanews.com\/index.php\/2025\/04\/10\/contratacao-confirmada-hulk-ganha-destaque-e-recado-de-rizek-para-lyanco-as-ultimas-noticias-do-atletico-mg\/#primaryimage"},"image":{"@id":"https:\/\/www.gaveanews.com\/index.php\/2025\/04\/10\/contratacao-confirmada-hulk-ganha-destaque-e-recado-de-rizek-para-lyanco-as-ultimas-noticias-do-atletico-mg\/#primaryimage"},"thumbnailUrl":"https:\/\/www.gaveanews.com\/wp-content\/uploads\/Estadio-do-Atletico-MG.webp","datePublished":"2025-04-10T17:55:00+00:00","author":{"@id":"https:\/\/www.gaveanews.com\/#\/schema\/person\/c79759ca337c40791ae8d08e2923d403"},"breadcrumb":{"@id":"https:\/\/www.gaveanews.com\/index.php\/2025\/04\/10\/contratacao-confirmada-hulk-ganha-destaque-e-recado-de-rizek-para-lyanco-as-ultimas-noticias-do-atletico-mg\/#breadcrumb"},"inLanguage":"pt-BR","potentialAction":[{"@type":"ReadAction","target":["https:\/\/www.gaveanews.com\/index.php\/2025\/04\/10\/contratacao-confirmada-hulk-ganha-destaque-e-recado-de-rizek-para-lyanco-as-ultimas-noticias-do-atletico-mg\/"]}]},{"@type":"ImageObject","inLanguage":"pt-BR","@id":"https:\/\/www.gaveanews.com\/index.php\/2025\/04\/10\/contratacao-confirmada-hulk-ganha-destaque-e-recado-de-rizek-para-lyanco-as-ultimas-noticias-do-atletico-mg\/#primaryimage","url":"https:\/\/www.gaveanews.com\/wp-content\/uploads\/Estadio-do-Atletico-MG.webp","contentUrl":"https:\/\/www.gaveanews.com\/wp-content\/uploads\/Estadio-do-Atletico-MG.webp","width":900,"height":600,"caption":"Arena MRV, est\u00e1dio do Atl\u00e9tico-MG (Foto: Reprodu\u00e7\u00e3o\/Atl\u00e9tico)"},{"@type":"BreadcrumbList","@id":"https:\/\/www.gaveanews.com\/index.php\/2025\/04\/10\/contratacao-confirmada-hulk-ganha-destaque-e-recado-de-rizek-para-lyanco-as-ultimas-noticias-do-atletico-mg\/#breadcrumb","itemListElement":[{"@type":"ListItem","position":1,"name":"Home","item":"https:\/\/www.gaveanews.com\/"},{"@type":"ListItem","position":2,"name":"Contrata\u00e7\u00e3o confirmada, Hulk ganha destaque e recado de Rizek para Lyanco: as \u00faltimas not\u00edcias do Atl\u00e9tico-MG"}]},{"@type":"WebSite","@id":"https:\/\/www.gaveanews.com\/#website","url":"https:\/\/www.gaveanews.com\/","name":"G\u00e1vea News","description":"Veja todas as not\u00edcias sobre o Flamengo: Contrata\u00e7\u00f5es, categorias de base, resultados das partidas, tabela de classifica\u00e7\u00e3o, pr\u00f3ximos jogos!","potentialAction":[{"@type":"SearchAction","target":{"@type":"EntryPoint","urlTemplate":"https:\/\/www.gaveanews.com\/?s={search_term_string}"},"query-input":{"@type":"PropertyValueSpecification","valueRequired":true,"valueName":"search_term_string"}}],"inLanguage":"pt-BR"},{"@type":"Person","@id":"https:\/\/www.gaveanews.com\/#\/schema\/person\/c79759ca337c40791ae8d08e2923d403","name":"Brenda Cezillo","image":{"@type":"ImageObject","inLanguage":"pt-BR","@id":"https:\/\/www.gaveanews.com\/#\/schema\/person\/image\/","url":"https:\/\/secure.gravatar.com\/avatar\/1738d75cee7317f9c29ae61dd67620c5883d80a92e42a6fff88ae5d527af217a?s=96&d=mm&r=g","contentUrl":"https:\/\/secure.gravatar.com\/avatar\/1738d75cee7317f9c29ae61dd67620c5883d80a92e42a6fff88ae5d527af217a?s=96&d=mm&r=g","caption":"Brenda Cezillo"}}]}},"_links":{"self":[{"href":"https:\/\/www.gaveanews.com\/index.php\/wp-json\/wp\/v2\/posts\/251613","targetHints":{"allow":["GET"]}}],"collection":[{"href":"https:\/\/www.gaveanews.com\/index.php\/wp-json\/wp\/v2\/posts"}],"about":[{"href":"https:\/\/www.gaveanews.com\/index.php\/wp-json\/wp\/v2\/types\/post"}],"author":[{"embeddable":true,"href":"https:\/\/www.gaveanews.com\/index.php\/wp-json\/wp\/v2\/users\/33"}],"replies":[{"embeddable":true,"href":"https:\/\/www.gaveanews.com\/index.php\/wp-json\/wp\/v2\/comments?post=251613"}],"version-history":[{"count":1,"href":"https:\/\/www.gaveanews.com\/index.php\/wp-json\/wp\/v2\/posts\/251613\/revisions"}],"predecessor-version":[{"id":251648,"href":"https:\/\/www.gaveanews.com\/index.php\/wp-json\/wp\/v2\/posts\/251613\/revisions\/251648"}],"wp:featuredmedia":[{"embeddable":true,"href":"https:\/\/www.gaveanews.com\/index.php\/wp-json\/wp\/v2\/media\/153999"}],"wp:attachment":[{"href":"https:\/\/www.gaveanews.com\/index.php\/wp-json\/wp\/v2\/media?parent=251613"}],"wp:term":[{"taxonomy":"category","embeddable":true,"href":"https:\/\/www.gaveanews.com\/index.php\/wp-json\/wp\/v2\/categories?post=251613"},{"taxonomy":"post_tag","embeddable":true,"href":"https:\/\/www.gaveanews.com\/index.php\/wp-json\/wp\/v2\/tags?post=251613"}],"curies":[{"name":"wp","href":"https:\/\/api.w.org\/{rel}","templated":true}]}}