{"id":251614,"date":"2025-04-10T15:55:00","date_gmt":"2025-04-10T18:55:00","guid":{"rendered":"https:\/\/www.gaveanews.com\/?p=251614"},"modified":"2025-04-10T12:31:22","modified_gmt":"2025-04-10T15:31:22","slug":"chegada-de-reforcos-justica-nega-pedido-e-declaracao-de-flavio-prado-as-ultimas-noticias-do-atletico-mg","status":"publish","type":"post","link":"https:\/\/www.gaveanews.com\/index.php\/2025\/04\/10\/chegada-de-reforcos-justica-nega-pedido-e-declaracao-de-flavio-prado-as-ultimas-noticias-do-atletico-mg\/","title":{"rendered":"Chegada de refor\u00e7os, justi\u00e7a nega pedido e declara\u00e7\u00e3o de Flavio Prado: as \u00faltimas not\u00edcias do Atl\u00e9tico-MG"},"content":{"rendered":"\n<p>Nas \u00faltimas horas, o foco das not\u00edcias sobre o Atl\u00e9tico-MG se concentram nos bastidores do clube, com destaques do dia a dia do time.<\/p>\n\n\n\n<p>Por conta deste contexto, leia abaixo um resumo preparado pela equipe do portal G\u00e1vea News para lhe manter muito bem informado!<\/p>\n\n\n\n<div class=\"wp-block-group\"><div class=\"wp-block-group__inner-container is-layout-constrained wp-block-group-is-layout-constrained\">\n<h2 class=\"wp-block-heading\" id=\"h-declaracao-de-flavio-prado\">Declara\u00e7\u00e3o de Flavio Prado<\/h2>\n\n\n\n<p>O jornalista Fl\u00e1vio Prado apontou os quatro clubes que, em sua vis\u00e3o, entram como os principais candidatos ao t\u00edtulo do Campeonato Brasileiro desta temporada. Segundo ele, Flamengo, Palmeiras, Botafogo e Atl\u00e9tico-MG s\u00e3o as maiores for\u00e7as do futebol nacional atualmente. O comentarista valorizou especialmente o projeto estruturado do Botafogo, que mesmo ap\u00f3s instabilidades recentes, segue com uma metodologia s\u00f3lida de montagem de elenco <strong><a href=\"https:\/\/www.gaveanews.com\/index.php\/2025\/04\/08\/flavio-prado-crava-os-quatro-maiores-times-do-brasil\/\">(leia a mat\u00e9ria completa).<\/a><\/strong><\/p>\n\n\n\n<figure class=\"wp-block-image size-full\"><img loading=\"lazy\" decoding=\"async\" width=\"999\" height=\"548\" src=\"http:\/\/www.gaveanews.com\/wp-content\/uploads\/Flavio-Prado.webp\" alt=\"Flavio Prado\" class=\"wp-image-102292\" srcset=\"https:\/\/www.gaveanews.com\/wp-content\/uploads\/Flavio-Prado.webp 999w, https:\/\/www.gaveanews.com\/wp-content\/uploads\/Flavio-Prado-300x165.webp 300w, https:\/\/www.gaveanews.com\/wp-content\/uploads\/Flavio-Prado-768x421.webp 768w, https:\/\/www.gaveanews.com\/wp-content\/uploads\/Flavio-Prado-766x420.webp 766w, https:\/\/www.gaveanews.com\/wp-content\/uploads\/Flavio-Prado-640x350.webp 640w, https:\/\/www.gaveanews.com\/wp-content\/uploads\/Flavio-Prado-681x374.webp 681w, https:\/\/www.gaveanews.com\/wp-content\/uploads\/Flavio-Prado-100x55.webp 100w\" sizes=\"auto, (max-width: 999px) 100vw, 999px\" \/><figcaption class=\"wp-element-caption\">Flavio Prado &#8211; Foto: Reprodu\u00e7\u00e3o<\/figcaption><\/figure>\n\n\n\n<p>Prado destacou que, apesar de o Botafogo ter trope\u00e7ado no fim do \u00faltimo Brasileir\u00e3o, o clube manteve sua filosofia e segue com elenco competitivo. <\/p>\n\n\n\n<p>Sobre o Palmeiras e o Flamengo, o comentarista afirmou que ambos mant\u00eam alto padr\u00e3o t\u00e9cnico e organizacional, e continuam sendo refer\u00eancias em estrutura e desempenho. O Atl\u00e9tico-MG, por sua vez, foi citado como uma for\u00e7a emergente, com um elenco interessante e comandado por um treinador que Prado considera promissor.<\/p>\n\n\n\n<p>Para ele, a disputa ser\u00e1 acirrada e o Botafogo deve ser observado com aten\u00e7\u00e3o, pois j\u00e1 deu provas de que consegue montar elencos rapidamente ap\u00f3s as competi\u00e7\u00f5es estaduais. Fl\u00e1vio Prado tamb\u00e9m avaliou que os pr\u00f3ximos jogos ser\u00e3o determinantes para confirmar o n\u00edvel de competitividade de cada equipe. Assim, o Brasileir\u00e3o 2025 promete uma corrida equilibrada pelo topo da tabela, com quatro clubes largando na frente na opini\u00e3o do jornalista.<\/p>\n\n\n\n<h2 class=\"wp-block-heading\" id=\"h-justica-nega-pedido\">Justi\u00e7a nega pedido<\/h2>\n\n\n\n<p>O <strong>Atl\u00e9tico-MG<\/strong> sofreu um rev\u00e9s importante fora das quatro linhas. O <strong>Tribunal Arbitral do Esporte (CAS)<\/strong>, com sede na Su\u00ed\u00e7a, <strong>negou o recurso<\/strong> do clube contra uma puni\u00e7\u00e3o aplicada pela <strong>Conmebol<\/strong>, referente ao uso de sinalizadores por torcedores durante a semifinal da Libertadores de 2024, contra o River Plate. Com isso, o Galo ter\u00e1 que cumprir a <strong>san\u00e7\u00e3o de dois jogos com port\u00f5es fechados<\/strong> como mandante na atual <strong>Copa Sul-Americana<\/strong> <strong><a href=\"https:\/\/www.gaveanews.com\/index.php\/2025\/04\/08\/justica-nega-pedido-do-atletico-mg\/\">(leia a mat\u00e9ria completa).<\/a><\/strong><\/p>\n\n\n\n<figure class=\"wp-block-image size-full\"><img loading=\"lazy\" decoding=\"async\" width=\"900\" height=\"600\" src=\"http:\/\/www.gaveanews.com\/wp-content\/uploads\/Estadio-do-Atletico-MG.webp\" alt=\"\" class=\"wp-image-153999\" srcset=\"https:\/\/www.gaveanews.com\/wp-content\/uploads\/Estadio-do-Atletico-MG.webp 900w, https:\/\/www.gaveanews.com\/wp-content\/uploads\/Estadio-do-Atletico-MG-300x200.webp 300w, https:\/\/www.gaveanews.com\/wp-content\/uploads\/Estadio-do-Atletico-MG-768x512.webp 768w, https:\/\/www.gaveanews.com\/wp-content\/uploads\/Estadio-do-Atletico-MG-630x420.webp 630w, https:\/\/www.gaveanews.com\/wp-content\/uploads\/Estadio-do-Atletico-MG-640x427.webp 640w, https:\/\/www.gaveanews.com\/wp-content\/uploads\/Estadio-do-Atletico-MG-681x454.webp 681w, https:\/\/www.gaveanews.com\/wp-content\/uploads\/Estadio-do-Atletico-MG-100x67.webp 100w\" sizes=\"auto, (max-width: 900px) 100vw, 900px\" \/><figcaption class=\"wp-element-caption\">Arena MRV, est\u00e1dio do Atl\u00e9tico-MG (Foto: Reprodu\u00e7\u00e3o\/Atl\u00e9tico)<\/figcaption><\/figure>\n\n\n\n<p>A primeira partida sem p\u00fablico ser\u00e1 j\u00e1 nesta quinta-feira (10), contra o <strong>Deportes Iquique<\/strong>, do Chile, no <strong>Mineir\u00e3o<\/strong>. O segundo compromisso ser\u00e1 em 15 de maio, contra o <strong>Caracas<\/strong>, da Venezuela. A aus\u00eancia de torcida representa um impacto direto no desempenho da equipe, que perde o fator casa em dois momentos cruciais da fase de grupos do torneio continental. O clube j\u00e1 havia confirmado em suas redes sociais que o confronto contra o Iquique ocorreria sem p\u00fablico.<\/p>\n\n\n\n<p>Na estreia da Sul-Americana, o Atl\u00e9tico empatou sem gols com o <strong>Cienciano<\/strong>, em Cuzco, jogando a mais de 3 mil metros de altitude. O grupo da equipe est\u00e1 equilibrado, e os pr\u00f3ximos pontos ser\u00e3o fundamentais para a classifica\u00e7\u00e3o. A puni\u00e7\u00e3o imposta refor\u00e7a a necessidade de responsabilidade por parte dos torcedores e desafia o time a se manter competitivo mesmo sem o apoio das arquibancadas.<\/p>\n\n\n\n<h2 class=\"wp-block-heading\" id=\"h-chegada-de-reforcos\">Chegada de refor\u00e7os<\/h2>\n\n\n\n<p>O t\u00e9cnico Cuca admitiu a necessidade de refor\u00e7os no elenco do Atl\u00e9tico-MG ap\u00f3s mais um trope\u00e7o no Brasileir\u00e3o. O empate sem gols com o S\u00e3o Paulo, no Mineir\u00e3o, deixou o Galo na pen\u00faltima coloca\u00e7\u00e3o da tabela, com apenas um ponto conquistado em duas rodadas. Apesar do dom\u00ednio do jogo \u2014 com 60% de posse de bola e 25 finaliza\u00e7\u00f5es \u2014 a equipe novamente falhou em transformar volume ofensivo em gols, o que gerou frustra\u00e7\u00e3o no comandante alvinegro<strong><a href=\"https:\/\/www.gaveanews.com\/index.php\/2025\/04\/08\/cuca-atualiza-sobre-a-chegada-de-reforcos-no-atletico-mg\/\"> (leia a mat\u00e9ria completa).<\/a><\/strong><\/p>\n\n\n\n<figure class=\"wp-block-image size-full\"><img loading=\"lazy\" decoding=\"async\" width=\"1024\" height=\"683\" src=\"http:\/\/www.gaveanews.com\/wp-content\/uploads\/Cuca-tecnico-do-Atletico-MG.webp\" alt=\"\" class=\"wp-image-68026\" srcset=\"https:\/\/www.gaveanews.com\/wp-content\/uploads\/Cuca-tecnico-do-Atletico-MG.webp 1024w, https:\/\/www.gaveanews.com\/wp-content\/uploads\/Cuca-tecnico-do-Atletico-MG-300x200.webp 300w, https:\/\/www.gaveanews.com\/wp-content\/uploads\/Cuca-tecnico-do-Atletico-MG-768x512.webp 768w, https:\/\/www.gaveanews.com\/wp-content\/uploads\/Cuca-tecnico-do-Atletico-MG-630x420.webp 630w, https:\/\/www.gaveanews.com\/wp-content\/uploads\/Cuca-tecnico-do-Atletico-MG-640x427.webp 640w, https:\/\/www.gaveanews.com\/wp-content\/uploads\/Cuca-tecnico-do-Atletico-MG-681x454.webp 681w, https:\/\/www.gaveanews.com\/wp-content\/uploads\/Cuca-tecnico-do-Atletico-MG-1022x683.webp 1022w, https:\/\/www.gaveanews.com\/wp-content\/uploads\/Cuca-tecnico-do-Atletico-MG-100x67.webp 100w\" sizes=\"auto, (max-width: 1024px) 100vw, 1024px\" \/><figcaption class=\"wp-element-caption\">Cuca como treinador do Atl\u00e9tico-MG (Foto: Bruno Cantini\/Atl\u00e9tico-MG)<\/figcaption><\/figure>\n\n\n\n<p>Durante entrevista coletiva, Cuca refor\u00e7ou que a profundidade do elenco \u00e9 um fator essencial para competir ao longo de uma temporada extensa. A expuls\u00e3o de Lyanco nos acr\u00e9scimos do confronto complicou ainda mais o cen\u00e1rio, evidenciando a escassez de op\u00e7\u00f5es para o pr\u00f3ximo jogo, contra o Vit\u00f3ria. O treinador ressaltou que les\u00f5es, suspens\u00f5es e convoca\u00e7\u00f5es futuras podem comprometer o desempenho do time caso n\u00e3o haja alternativas em quantidade e qualidade.<\/p>\n\n\n\n<p>Por fim, o t\u00e9cnico revelou que j\u00e1 discute internamente com a diretoria atleticana sobre poss\u00edveis refor\u00e7os. Mesmo satisfeito com os atletas atuais, Cuca destacou que \u201cquanto mais op\u00e7\u00f5es tiver, melhor\u201d, indicando que a chegada de novos nomes est\u00e1 nos planos do clube para elevar a competitividade do elenco. A fala refor\u00e7a o esfor\u00e7o do Atl\u00e9tico-MG em se manter forte na briga por t\u00edtulos em 2025, mesmo diante de um in\u00edcio abaixo das expectativas.<\/p>\n<\/div><\/div>\n","protected":false},"excerpt":{"rendered":"<p>Nas \u00faltimas horas, o foco das not\u00edcias sobre o Atl\u00e9tico-MG se concentram nos bastidores do clube, com destaques do dia a dia do time. Por conta deste contexto, leia abaixo um resumo preparado pela equipe do portal G\u00e1vea News para lhe manter muito bem informado! Declara\u00e7\u00e3o de Flavio Prado O jornalista Fl\u00e1vio Prado apontou os [&hellip;]<\/p>\n","protected":false},"author":33,"featured_media":157061,"comment_status":"open","ping_status":"closed","sticky":false,"template":"","format":"standard","meta":{"footnotes":""},"categories":[136],"tags":[],"class_list":["post-251614","post","type-post","status-publish","format-standard","has-post-thumbnail","hentry","category-atletico-mg"],"yoast_head":"<!-- This site is optimized with the Yoast SEO Premium plugin v24.2 (Yoast SEO v26.9) - https:\/\/yoast.com\/product\/yoast-seo-premium-wordpress\/ -->\n<title>Chegada de refor\u00e7os, justi\u00e7a nega pedido e declara\u00e7\u00e3o de Flavio Prado: as \u00faltimas not\u00edcias do Atl\u00e9tico-MG<\/title>\n<meta name=\"robots\" content=\"index, follow, max-snippet:-1, max-image-preview:large, max-video-preview:-1\" \/>\n<link rel=\"canonical\" href=\"https:\/\/www.gaveanews.com\/index.php\/2025\/04\/10\/chegada-de-reforcos-justica-nega-pedido-e-declaracao-de-flavio-prado-as-ultimas-noticias-do-atletico-mg\/\" \/>\n<meta property=\"og:locale\" content=\"pt_BR\" \/>\n<meta property=\"og:type\" content=\"article\" \/>\n<meta property=\"og:title\" content=\"Chegada de refor\u00e7os, justi\u00e7a nega pedido e declara\u00e7\u00e3o de Flavio Prado: as \u00faltimas not\u00edcias do Atl\u00e9tico-MG\" \/>\n<meta property=\"og:description\" content=\"Nas \u00faltimas horas, o foco das not\u00edcias sobre o Atl\u00e9tico-MG se concentram nos bastidores do clube, com destaques do dia a dia do time. Por conta deste contexto, leia abaixo um resumo preparado pela equipe do portal G\u00e1vea News para lhe manter muito bem informado! Declara\u00e7\u00e3o de Flavio Prado O jornalista Fl\u00e1vio Prado apontou os [&hellip;]\" \/>\n<meta property=\"og:url\" content=\"https:\/\/www.gaveanews.com\/index.php\/2025\/04\/10\/chegada-de-reforcos-justica-nega-pedido-e-declaracao-de-flavio-prado-as-ultimas-noticias-do-atletico-mg\/\" \/>\n<meta property=\"og:site_name\" content=\"G\u00e1vea News\" \/>\n<meta property=\"article:publisher\" content=\"https:\/\/facebook.com\/gaveaNews\/\" \/>\n<meta property=\"article:published_time\" content=\"2025-04-10T18:55:00+00:00\" \/>\n<meta property=\"og:image\" content=\"https:\/\/www.gaveanews.com\/wp-content\/uploads\/Camisa-do-Atletico-MG.webp\" \/>\n\t<meta property=\"og:image:width\" content=\"1080\" \/>\n\t<meta property=\"og:image:height\" content=\"720\" \/>\n\t<meta property=\"og:image:type\" content=\"image\/webp\" \/>\n<meta name=\"author\" content=\"Brenda Cezillo\" \/>\n<meta name=\"twitter:card\" content=\"summary_large_image\" \/>\n<meta name=\"twitter:label1\" content=\"Escrito por\" \/>\n\t<meta name=\"twitter:data1\" content=\"Brenda Cezillo\" \/>\n\t<meta name=\"twitter:label2\" content=\"Est. tempo de leitura\" \/>\n\t<meta name=\"twitter:data2\" content=\"5 minutos\" \/>\n<script type=\"application\/ld+json\" class=\"yoast-schema-graph\">{\"@context\":\"https:\/\/schema.org\",\"@graph\":[{\"@type\":\"NewsArticle\",\"@id\":\"https:\/\/www.gaveanews.com\/index.php\/2025\/04\/10\/chegada-de-reforcos-justica-nega-pedido-e-declaracao-de-flavio-prado-as-ultimas-noticias-do-atletico-mg\/#article\",\"isPartOf\":{\"@id\":\"https:\/\/www.gaveanews.com\/index.php\/2025\/04\/10\/chegada-de-reforcos-justica-nega-pedido-e-declaracao-de-flavio-prado-as-ultimas-noticias-do-atletico-mg\/\"},\"author\":{\"name\":\"Brenda Cezillo\",\"@id\":\"https:\/\/www.gaveanews.com\/#\/schema\/person\/c79759ca337c40791ae8d08e2923d403\"},\"headline\":\"Chegada de refor\u00e7os, justi\u00e7a nega pedido e declara\u00e7\u00e3o de Flavio Prado: as \u00faltimas not\u00edcias do Atl\u00e9tico-MG\",\"datePublished\":\"2025-04-10T18:55:00+00:00\",\"mainEntityOfPage\":{\"@id\":\"https:\/\/www.gaveanews.com\/index.php\/2025\/04\/10\/chegada-de-reforcos-justica-nega-pedido-e-declaracao-de-flavio-prado-as-ultimas-noticias-do-atletico-mg\/\"},\"wordCount\":825,\"commentCount\":0,\"image\":{\"@id\":\"https:\/\/www.gaveanews.com\/index.php\/2025\/04\/10\/chegada-de-reforcos-justica-nega-pedido-e-declaracao-de-flavio-prado-as-ultimas-noticias-do-atletico-mg\/#primaryimage\"},\"thumbnailUrl\":\"https:\/\/www.gaveanews.com\/wp-content\/uploads\/Camisa-do-Atletico-MG.webp\",\"articleSection\":[\"Atl\u00e9tico-MG\"],\"inLanguage\":\"pt-BR\",\"potentialAction\":[{\"@type\":\"CommentAction\",\"name\":\"Comment\",\"target\":[\"https:\/\/www.gaveanews.com\/index.php\/2025\/04\/10\/chegada-de-reforcos-justica-nega-pedido-e-declaracao-de-flavio-prado-as-ultimas-noticias-do-atletico-mg\/#respond\"]}],\"copyrightYear\":\"2025\",\"copyrightHolder\":{\"@id\":\"https:\/\/www.gaveanews.com\/#organization\"}},{\"@type\":\"WebPage\",\"@id\":\"https:\/\/www.gaveanews.com\/index.php\/2025\/04\/10\/chegada-de-reforcos-justica-nega-pedido-e-declaracao-de-flavio-prado-as-ultimas-noticias-do-atletico-mg\/\",\"url\":\"https:\/\/www.gaveanews.com\/index.php\/2025\/04\/10\/chegada-de-reforcos-justica-nega-pedido-e-declaracao-de-flavio-prado-as-ultimas-noticias-do-atletico-mg\/\",\"name\":\"Chegada de refor\u00e7os, justi\u00e7a nega pedido e declara\u00e7\u00e3o de Flavio Prado: as \u00faltimas not\u00edcias do Atl\u00e9tico-MG\",\"isPartOf\":{\"@id\":\"https:\/\/www.gaveanews.com\/#website\"},\"primaryImageOfPage\":{\"@id\":\"https:\/\/www.gaveanews.com\/index.php\/2025\/04\/10\/chegada-de-reforcos-justica-nega-pedido-e-declaracao-de-flavio-prado-as-ultimas-noticias-do-atletico-mg\/#primaryimage\"},\"image\":{\"@id\":\"https:\/\/www.gaveanews.com\/index.php\/2025\/04\/10\/chegada-de-reforcos-justica-nega-pedido-e-declaracao-de-flavio-prado-as-ultimas-noticias-do-atletico-mg\/#primaryimage\"},\"thumbnailUrl\":\"https:\/\/www.gaveanews.com\/wp-content\/uploads\/Camisa-do-Atletico-MG.webp\",\"datePublished\":\"2025-04-10T18:55:00+00:00\",\"author\":{\"@id\":\"https:\/\/www.gaveanews.com\/#\/schema\/person\/c79759ca337c40791ae8d08e2923d403\"},\"breadcrumb\":{\"@id\":\"https:\/\/www.gaveanews.com\/index.php\/2025\/04\/10\/chegada-de-reforcos-justica-nega-pedido-e-declaracao-de-flavio-prado-as-ultimas-noticias-do-atletico-mg\/#breadcrumb\"},\"inLanguage\":\"pt-BR\",\"potentialAction\":[{\"@type\":\"ReadAction\",\"target\":[\"https:\/\/www.gaveanews.com\/index.php\/2025\/04\/10\/chegada-de-reforcos-justica-nega-pedido-e-declaracao-de-flavio-prado-as-ultimas-noticias-do-atletico-mg\/\"]}]},{\"@type\":\"ImageObject\",\"inLanguage\":\"pt-BR\",\"@id\":\"https:\/\/www.gaveanews.com\/index.php\/2025\/04\/10\/chegada-de-reforcos-justica-nega-pedido-e-declaracao-de-flavio-prado-as-ultimas-noticias-do-atletico-mg\/#primaryimage\",\"url\":\"https:\/\/www.gaveanews.com\/wp-content\/uploads\/Camisa-do-Atletico-MG.webp\",\"contentUrl\":\"https:\/\/www.gaveanews.com\/wp-content\/uploads\/Camisa-do-Atletico-MG.webp\",\"width\":1080,\"height\":720,\"caption\":\"Camisa do Atl\u00e9tico-MG (Foto: Reprodu\u00e7\u00e3o\/Instagram)\"},{\"@type\":\"BreadcrumbList\",\"@id\":\"https:\/\/www.gaveanews.com\/index.php\/2025\/04\/10\/chegada-de-reforcos-justica-nega-pedido-e-declaracao-de-flavio-prado-as-ultimas-noticias-do-atletico-mg\/#breadcrumb\",\"itemListElement\":[{\"@type\":\"ListItem\",\"position\":1,\"name\":\"Home\",\"item\":\"https:\/\/www.gaveanews.com\/\"},{\"@type\":\"ListItem\",\"position\":2,\"name\":\"Chegada de refor\u00e7os, justi\u00e7a nega pedido e declara\u00e7\u00e3o de Flavio Prado: as \u00faltimas not\u00edcias do Atl\u00e9tico-MG\"}]},{\"@type\":\"WebSite\",\"@id\":\"https:\/\/www.gaveanews.com\/#website\",\"url\":\"https:\/\/www.gaveanews.com\/\",\"name\":\"G\u00e1vea News\",\"description\":\"Veja todas as not\u00edcias sobre o Flamengo: Contrata\u00e7\u00f5es, categorias de base, resultados das partidas, tabela de classifica\u00e7\u00e3o, pr\u00f3ximos jogos!\",\"potentialAction\":[{\"@type\":\"SearchAction\",\"target\":{\"@type\":\"EntryPoint\",\"urlTemplate\":\"https:\/\/www.gaveanews.com\/?s={search_term_string}\"},\"query-input\":{\"@type\":\"PropertyValueSpecification\",\"valueRequired\":true,\"valueName\":\"search_term_string\"}}],\"inLanguage\":\"pt-BR\"},{\"@type\":\"Person\",\"@id\":\"https:\/\/www.gaveanews.com\/#\/schema\/person\/c79759ca337c40791ae8d08e2923d403\",\"name\":\"Brenda Cezillo\",\"image\":{\"@type\":\"ImageObject\",\"inLanguage\":\"pt-BR\",\"@id\":\"https:\/\/www.gaveanews.com\/#\/schema\/person\/image\/\",\"url\":\"https:\/\/secure.gravatar.com\/avatar\/1738d75cee7317f9c29ae61dd67620c5883d80a92e42a6fff88ae5d527af217a?s=96&d=mm&r=g\",\"contentUrl\":\"https:\/\/secure.gravatar.com\/avatar\/1738d75cee7317f9c29ae61dd67620c5883d80a92e42a6fff88ae5d527af217a?s=96&d=mm&r=g\",\"caption\":\"Brenda Cezillo\"}}]}<\/script>\n<!-- \/ Yoast SEO Premium plugin. -->","yoast_head_json":{"title":"Chegada de refor\u00e7os, justi\u00e7a nega pedido e declara\u00e7\u00e3o de Flavio Prado: as \u00faltimas not\u00edcias do Atl\u00e9tico-MG","robots":{"index":"index","follow":"follow","max-snippet":"max-snippet:-1","max-image-preview":"max-image-preview:large","max-video-preview":"max-video-preview:-1"},"canonical":"https:\/\/www.gaveanews.com\/index.php\/2025\/04\/10\/chegada-de-reforcos-justica-nega-pedido-e-declaracao-de-flavio-prado-as-ultimas-noticias-do-atletico-mg\/","og_locale":"pt_BR","og_type":"article","og_title":"Chegada de refor\u00e7os, justi\u00e7a nega pedido e declara\u00e7\u00e3o de Flavio Prado: as \u00faltimas not\u00edcias do Atl\u00e9tico-MG","og_description":"Nas \u00faltimas horas, o foco das not\u00edcias sobre o Atl\u00e9tico-MG se concentram nos bastidores do clube, com destaques do dia a dia do time. Por conta deste contexto, leia abaixo um resumo preparado pela equipe do portal G\u00e1vea News para lhe manter muito bem informado! Declara\u00e7\u00e3o de Flavio Prado O jornalista Fl\u00e1vio Prado apontou os [&hellip;]","og_url":"https:\/\/www.gaveanews.com\/index.php\/2025\/04\/10\/chegada-de-reforcos-justica-nega-pedido-e-declaracao-de-flavio-prado-as-ultimas-noticias-do-atletico-mg\/","og_site_name":"G\u00e1vea News","article_publisher":"https:\/\/facebook.com\/gaveaNews\/","article_published_time":"2025-04-10T18:55:00+00:00","og_image":[{"width":1080,"height":720,"url":"https:\/\/www.gaveanews.com\/wp-content\/uploads\/Camisa-do-Atletico-MG.webp","type":"image\/webp"}],"author":"Brenda Cezillo","twitter_card":"summary_large_image","twitter_misc":{"Escrito por":"Brenda Cezillo","Est. tempo de leitura":"5 minutos"},"schema":{"@context":"https:\/\/schema.org","@graph":[{"@type":"NewsArticle","@id":"https:\/\/www.gaveanews.com\/index.php\/2025\/04\/10\/chegada-de-reforcos-justica-nega-pedido-e-declaracao-de-flavio-prado-as-ultimas-noticias-do-atletico-mg\/#article","isPartOf":{"@id":"https:\/\/www.gaveanews.com\/index.php\/2025\/04\/10\/chegada-de-reforcos-justica-nega-pedido-e-declaracao-de-flavio-prado-as-ultimas-noticias-do-atletico-mg\/"},"author":{"name":"Brenda Cezillo","@id":"https:\/\/www.gaveanews.com\/#\/schema\/person\/c79759ca337c40791ae8d08e2923d403"},"headline":"Chegada de refor\u00e7os, justi\u00e7a nega pedido e declara\u00e7\u00e3o de Flavio Prado: as \u00faltimas not\u00edcias do Atl\u00e9tico-MG","datePublished":"2025-04-10T18:55:00+00:00","mainEntityOfPage":{"@id":"https:\/\/www.gaveanews.com\/index.php\/2025\/04\/10\/chegada-de-reforcos-justica-nega-pedido-e-declaracao-de-flavio-prado-as-ultimas-noticias-do-atletico-mg\/"},"wordCount":825,"commentCount":0,"image":{"@id":"https:\/\/www.gaveanews.com\/index.php\/2025\/04\/10\/chegada-de-reforcos-justica-nega-pedido-e-declaracao-de-flavio-prado-as-ultimas-noticias-do-atletico-mg\/#primaryimage"},"thumbnailUrl":"https:\/\/www.gaveanews.com\/wp-content\/uploads\/Camisa-do-Atletico-MG.webp","articleSection":["Atl\u00e9tico-MG"],"inLanguage":"pt-BR","potentialAction":[{"@type":"CommentAction","name":"Comment","target":["https:\/\/www.gaveanews.com\/index.php\/2025\/04\/10\/chegada-de-reforcos-justica-nega-pedido-e-declaracao-de-flavio-prado-as-ultimas-noticias-do-atletico-mg\/#respond"]}],"copyrightYear":"2025","copyrightHolder":{"@id":"https:\/\/www.gaveanews.com\/#organization"}},{"@type":"WebPage","@id":"https:\/\/www.gaveanews.com\/index.php\/2025\/04\/10\/chegada-de-reforcos-justica-nega-pedido-e-declaracao-de-flavio-prado-as-ultimas-noticias-do-atletico-mg\/","url":"https:\/\/www.gaveanews.com\/index.php\/2025\/04\/10\/chegada-de-reforcos-justica-nega-pedido-e-declaracao-de-flavio-prado-as-ultimas-noticias-do-atletico-mg\/","name":"Chegada de refor\u00e7os, justi\u00e7a nega pedido e declara\u00e7\u00e3o de Flavio Prado: as \u00faltimas not\u00edcias do Atl\u00e9tico-MG","isPartOf":{"@id":"https:\/\/www.gaveanews.com\/#website"},"primaryImageOfPage":{"@id":"https:\/\/www.gaveanews.com\/index.php\/2025\/04\/10\/chegada-de-reforcos-justica-nega-pedido-e-declaracao-de-flavio-prado-as-ultimas-noticias-do-atletico-mg\/#primaryimage"},"image":{"@id":"https:\/\/www.gaveanews.com\/index.php\/2025\/04\/10\/chegada-de-reforcos-justica-nega-pedido-e-declaracao-de-flavio-prado-as-ultimas-noticias-do-atletico-mg\/#primaryimage"},"thumbnailUrl":"https:\/\/www.gaveanews.com\/wp-content\/uploads\/Camisa-do-Atletico-MG.webp","datePublished":"2025-04-10T18:55:00+00:00","author":{"@id":"https:\/\/www.gaveanews.com\/#\/schema\/person\/c79759ca337c40791ae8d08e2923d403"},"breadcrumb":{"@id":"https:\/\/www.gaveanews.com\/index.php\/2025\/04\/10\/chegada-de-reforcos-justica-nega-pedido-e-declaracao-de-flavio-prado-as-ultimas-noticias-do-atletico-mg\/#breadcrumb"},"inLanguage":"pt-BR","potentialAction":[{"@type":"ReadAction","target":["https:\/\/www.gaveanews.com\/index.php\/2025\/04\/10\/chegada-de-reforcos-justica-nega-pedido-e-declaracao-de-flavio-prado-as-ultimas-noticias-do-atletico-mg\/"]}]},{"@type":"ImageObject","inLanguage":"pt-BR","@id":"https:\/\/www.gaveanews.com\/index.php\/2025\/04\/10\/chegada-de-reforcos-justica-nega-pedido-e-declaracao-de-flavio-prado-as-ultimas-noticias-do-atletico-mg\/#primaryimage","url":"https:\/\/www.gaveanews.com\/wp-content\/uploads\/Camisa-do-Atletico-MG.webp","contentUrl":"https:\/\/www.gaveanews.com\/wp-content\/uploads\/Camisa-do-Atletico-MG.webp","width":1080,"height":720,"caption":"Camisa do Atl\u00e9tico-MG (Foto: Reprodu\u00e7\u00e3o\/Instagram)"},{"@type":"BreadcrumbList","@id":"https:\/\/www.gaveanews.com\/index.php\/2025\/04\/10\/chegada-de-reforcos-justica-nega-pedido-e-declaracao-de-flavio-prado-as-ultimas-noticias-do-atletico-mg\/#breadcrumb","itemListElement":[{"@type":"ListItem","position":1,"name":"Home","item":"https:\/\/www.gaveanews.com\/"},{"@type":"ListItem","position":2,"name":"Chegada de refor\u00e7os, justi\u00e7a nega pedido e declara\u00e7\u00e3o de Flavio Prado: as \u00faltimas not\u00edcias do Atl\u00e9tico-MG"}]},{"@type":"WebSite","@id":"https:\/\/www.gaveanews.com\/#website","url":"https:\/\/www.gaveanews.com\/","name":"G\u00e1vea News","description":"Veja todas as not\u00edcias sobre o Flamengo: Contrata\u00e7\u00f5es, categorias de base, resultados das partidas, tabela de classifica\u00e7\u00e3o, pr\u00f3ximos jogos!","potentialAction":[{"@type":"SearchAction","target":{"@type":"EntryPoint","urlTemplate":"https:\/\/www.gaveanews.com\/?s={search_term_string}"},"query-input":{"@type":"PropertyValueSpecification","valueRequired":true,"valueName":"search_term_string"}}],"inLanguage":"pt-BR"},{"@type":"Person","@id":"https:\/\/www.gaveanews.com\/#\/schema\/person\/c79759ca337c40791ae8d08e2923d403","name":"Brenda Cezillo","image":{"@type":"ImageObject","inLanguage":"pt-BR","@id":"https:\/\/www.gaveanews.com\/#\/schema\/person\/image\/","url":"https:\/\/secure.gravatar.com\/avatar\/1738d75cee7317f9c29ae61dd67620c5883d80a92e42a6fff88ae5d527af217a?s=96&d=mm&r=g","contentUrl":"https:\/\/secure.gravatar.com\/avatar\/1738d75cee7317f9c29ae61dd67620c5883d80a92e42a6fff88ae5d527af217a?s=96&d=mm&r=g","caption":"Brenda Cezillo"}}]}},"_links":{"self":[{"href":"https:\/\/www.gaveanews.com\/index.php\/wp-json\/wp\/v2\/posts\/251614","targetHints":{"allow":["GET"]}}],"collection":[{"href":"https:\/\/www.gaveanews.com\/index.php\/wp-json\/wp\/v2\/posts"}],"about":[{"href":"https:\/\/www.gaveanews.com\/index.php\/wp-json\/wp\/v2\/types\/post"}],"author":[{"embeddable":true,"href":"https:\/\/www.gaveanews.com\/index.php\/wp-json\/wp\/v2\/users\/33"}],"replies":[{"embeddable":true,"href":"https:\/\/www.gaveanews.com\/index.php\/wp-json\/wp\/v2\/comments?post=251614"}],"version-history":[{"count":1,"href":"https:\/\/www.gaveanews.com\/index.php\/wp-json\/wp\/v2\/posts\/251614\/revisions"}],"predecessor-version":[{"id":251651,"href":"https:\/\/www.gaveanews.com\/index.php\/wp-json\/wp\/v2\/posts\/251614\/revisions\/251651"}],"wp:featuredmedia":[{"embeddable":true,"href":"https:\/\/www.gaveanews.com\/index.php\/wp-json\/wp\/v2\/media\/157061"}],"wp:attachment":[{"href":"https:\/\/www.gaveanews.com\/index.php\/wp-json\/wp\/v2\/media?parent=251614"}],"wp:term":[{"taxonomy":"category","embeddable":true,"href":"https:\/\/www.gaveanews.com\/index.php\/wp-json\/wp\/v2\/categories?post=251614"},{"taxonomy":"post_tag","embeddable":true,"href":"https:\/\/www.gaveanews.com\/index.php\/wp-json\/wp\/v2\/tags?post=251614"}],"curies":[{"name":"wp","href":"https:\/\/api.w.org\/{rel}","templated":true}]}}