{"id":251618,"date":"2025-04-10T15:10:00","date_gmt":"2025-04-10T18:10:00","guid":{"rendered":"https:\/\/www.gaveanews.com\/?p=251618"},"modified":"2025-04-10T12:39:57","modified_gmt":"2025-04-10T15:39:57","slug":"substituto-de-bastos-mudancas-para-o-mundial-e-declaracao-de-rival-as-ultimas-noticias-do-botafogo","status":"publish","type":"post","link":"https:\/\/www.gaveanews.com\/index.php\/2025\/04\/10\/substituto-de-bastos-mudancas-para-o-mundial-e-declaracao-de-rival-as-ultimas-noticias-do-botafogo\/","title":{"rendered":"Substituto de Bastos, mudan\u00e7as para o Mundial e declara\u00e7\u00e3o de rival: as \u00faltimas not\u00edcias do Botafogo"},"content":{"rendered":"\n<p>Nas \u00faltimas horas, o foco das not\u00edcias sobre o Botafogo se concentram nos bastidores do clube, com destaques do dia a dia do time.<\/p>\n\n\n\n<p>Por conta deste contexto, leia abaixo um resumo preparado pela equipe do portal G\u00e1vea News para lhe manter muito bem informado!<\/p>\n\n\n\n<div class=\"wp-block-group\"><div class=\"wp-block-group__inner-container is-layout-constrained wp-block-group-is-layout-constrained\">\n<div class=\"wp-block-group\"><div class=\"wp-block-group__inner-container is-layout-constrained wp-block-group-is-layout-constrained\">\n<h2 class=\"wp-block-heading\" id=\"h-declaracao-de-rival\">Declara\u00e7\u00e3o de rival<\/h2>\n\n\n\n<p>O jornalista Fl\u00e1vio Prado destacou quais clubes ele considera as maiores for\u00e7as do futebol brasileiro neste in\u00edcio de temporada. Segundo sua an\u00e1lise, Flamengo, Palmeiras, Botafogo e Atl\u00e9tico-MG formam o grupo de favoritos ao t\u00edtulo do Brasileir\u00e3o. Prado baseia sua opini\u00e3o em aspectos como estrutura, elenco e hist\u00f3rico recente de desempenho, e acredita que esses times largam na frente em termos de competitividade<strong><a href=\"https:\/\/www.gaveanews.com\/index.php\/2025\/04\/08\/flavio-prado-crava-os-quatro-maiores-times-do-brasil\/\"> (leia a mat\u00e9ria completa).<\/a><\/strong><\/p>\n\n\n\n<figure class=\"wp-block-image size-full\"><img loading=\"lazy\" decoding=\"async\" width=\"999\" height=\"548\" src=\"http:\/\/www.gaveanews.com\/wp-content\/uploads\/Flavio-Prado.webp\" alt=\"Flavio Prado\" class=\"wp-image-102292\" srcset=\"https:\/\/www.gaveanews.com\/wp-content\/uploads\/Flavio-Prado.webp 999w, https:\/\/www.gaveanews.com\/wp-content\/uploads\/Flavio-Prado-300x165.webp 300w, https:\/\/www.gaveanews.com\/wp-content\/uploads\/Flavio-Prado-768x421.webp 768w, https:\/\/www.gaveanews.com\/wp-content\/uploads\/Flavio-Prado-766x420.webp 766w, https:\/\/www.gaveanews.com\/wp-content\/uploads\/Flavio-Prado-640x350.webp 640w, https:\/\/www.gaveanews.com\/wp-content\/uploads\/Flavio-Prado-681x374.webp 681w, https:\/\/www.gaveanews.com\/wp-content\/uploads\/Flavio-Prado-100x55.webp 100w\" sizes=\"auto, (max-width: 999px) 100vw, 999px\" \/><figcaption class=\"wp-element-caption\">Flavio Prado &#8211; Foto: Reprodu\u00e7\u00e3o<\/figcaption><\/figure>\n\n\n\n<p>Sobre o Botafogo, Fl\u00e1vio enalteceu a consist\u00eancia da metodologia implantada nos \u00faltimos anos, mesmo ap\u00f3s perdas de pe\u00e7as-chave e mudan\u00e7as no comando t\u00e9cnico. <\/p>\n\n\n\n<p>Ele observou que, apesar do clube ter trope\u00e7ado em momentos decisivos em 2023, sua organiza\u00e7\u00e3o interna continua sendo um diferencial importante. O comentarista tamb\u00e9m citou que o time conseguiu se reestruturar rapidamente ap\u00f3s o Estadual, refor\u00e7ando seu potencial na atual temporada.<\/p>\n\n\n\n<p>O comentarista ainda avaliou as chances de Atl\u00e9tico-MG, Flamengo e Palmeiras, que, segundo ele, mant\u00eam elencos fortes e t\u00e9cnico de qualidade. Destacou o Galo, comandado por Gabriel Milito, como uma inc\u00f3gnita interessante com grande capacidade de surpreender. J\u00e1 Flamengo e Palmeiras, mesmo sob forte press\u00e3o por resultados, seguem como pilares t\u00e9cnicos da elite nacional, com hist\u00f3rico consolidado de conquistas e regularidade nas \u00faltimas edi\u00e7\u00f5es do campeonato.<\/p>\n\n\n\n<h2 class=\"wp-block-heading\" id=\"h-mudancas-para-o-mundial\">Mudan\u00e7as para o Mundial<\/h2>\n\n\n\n<p>O <strong>Mundial de Clubes de 2025<\/strong>, que ser\u00e1 realizado nos Estados Unidos entre 15 de junho e 13 de julho, trar\u00e1 uma mudan\u00e7a in\u00e9dita na arbitragem: os ju\u00edzes passar\u00e3o a utilizar <strong>c\u00e2meras corporais durante os jogos<\/strong>. A medida, aprovada pelo International Football Association Board (IFAB), tem como objetivo oferecer novas perspectivas aos torcedores e melhorar o processo de forma\u00e7\u00e3o dos \u00e1rbitros <strong><a href=\"https:\/\/www.gaveanews.com\/index.php\/2025\/04\/08\/mundial-de-clubes-vai-impor-mudanca-aos-arbitros\/\">(leia a mat\u00e9ria completa).<\/a><\/strong><\/p>\n\n\n\n<figure class=\"wp-block-image size-full\"><img loading=\"lazy\" decoding=\"async\" width=\"450\" height=\"450\" src=\"http:\/\/www.gaveanews.com\/wp-content\/uploads\/trofeu-do-super-mundial-de-clubes-da-fifa-1731601569969_v2_450x450.png.webp\" alt=\"Trof\u00e9u do Super Mundial de Clubes da Fifa Imagem: Divulga\u00e7\u00e3o\/Fifa\" class=\"wp-image-185794\" srcset=\"https:\/\/www.gaveanews.com\/wp-content\/uploads\/trofeu-do-super-mundial-de-clubes-da-fifa-1731601569969_v2_450x450.png.webp 450w, https:\/\/www.gaveanews.com\/wp-content\/uploads\/trofeu-do-super-mundial-de-clubes-da-fifa-1731601569969_v2_450x450.png-300x300.webp 300w, https:\/\/www.gaveanews.com\/wp-content\/uploads\/trofeu-do-super-mundial-de-clubes-da-fifa-1731601569969_v2_450x450.png-150x150.webp 150w, https:\/\/www.gaveanews.com\/wp-content\/uploads\/trofeu-do-super-mundial-de-clubes-da-fifa-1731601569969_v2_450x450.png-420x420.webp 420w, https:\/\/www.gaveanews.com\/wp-content\/uploads\/trofeu-do-super-mundial-de-clubes-da-fifa-1731601569969_v2_450x450.png-100x100.webp 100w\" sizes=\"auto, (max-width: 450px) 100vw, 450px\" \/><figcaption class=\"wp-element-caption\">Trof\u00e9u do Super Mundial de Clubes da Fifa\nImagem: Divulga\u00e7\u00e3o\/Fifa<\/figcaption><\/figure>\n\n\n\n<p>De acordo com <strong>Pierluigi Collina<\/strong>, presidente do Comit\u00ea de Arbitragem da Fifa, as imagens captadas poder\u00e3o ser utilizadas tanto para transmiss\u00f5es ao vivo quanto para an\u00e1lises p\u00f3s-jogo. Ele ressaltou que o p\u00fablico poder\u00e1 vivenciar o futebol de um \u00e2ngulo exclusivo, al\u00e9m de entender melhor as decis\u00f5es tomadas dentro de campo. Embora a Fifa ainda n\u00e3o tenha detalhado quando e como as imagens ser\u00e3o exibidas, especula-se que parte delas possa ser mostrada nos tel\u00f5es dos est\u00e1dios.<\/p>\n\n\n\n<p>Outra inova\u00e7\u00e3o ser\u00e1 a <strong>regra dos oito segundos<\/strong> para a reposi\u00e7\u00e3o de bola por parte dos goleiros. Se esse tempo for excedido, o advers\u00e1rio ter\u00e1 direito a um escanteio. Essa regra, j\u00e1 testada no Campeonato Brasileiro, ser\u00e1 agora implementada em escala mundial. O torneio reunir\u00e1 <strong>32 clubes<\/strong>, incluindo <strong>Botafogo, Flamengo, Fluminense e Palmeiras<\/strong>, e ser\u00e1 palco para testes que podem transformar o futuro das competi\u00e7\u00f5es internacionais.<\/p>\n\n\n\n<h2 class=\"wp-block-heading\" id=\"h-substituto-de-bastos\">Substituto de Bastos<\/h2>\n\n\n\n<p>O jovem zagueiro Jair, de apenas 20 anos, assumir\u00e1 a titularidade no Botafogo na partida contra o Carabobo, pela Libertadores, substituindo o lesionado Bastos. O confronto, marcado para esta ter\u00e7a-feira (9), no est\u00e1dio Nilton Santos, \u00e9 visto como crucial tanto para a recupera\u00e7\u00e3o do Glorioso na competi\u00e7\u00e3o quanto para a consolida\u00e7\u00e3o do defensor no elenco de Renato Paiva. Jair j\u00e1 vem acumulando minutos importantes na temporada, tendo atuado contra rivais como Vasco, Palmeiras e Universidad de Chile<strong><a href=\"https:\/\/www.gaveanews.com\/index.php\/2025\/04\/08\/ele-vai-substituir-o-zagueiro-bastos-no-botafogo\/\"> (leia a mat\u00e9ria completa).<\/a><\/strong><\/p>\n\n\n\n<figure class=\"wp-block-image size-full\"><img loading=\"lazy\" decoding=\"async\" width=\"667\" height=\"592\" src=\"http:\/\/www.gaveanews.com\/wp-content\/uploads\/Bastos-em-acao-pelo-Botafogo.webp\" alt=\"\" class=\"wp-image-170336\" srcset=\"https:\/\/www.gaveanews.com\/wp-content\/uploads\/Bastos-em-acao-pelo-Botafogo.webp 667w, https:\/\/www.gaveanews.com\/wp-content\/uploads\/Bastos-em-acao-pelo-Botafogo-300x266.webp 300w, https:\/\/www.gaveanews.com\/wp-content\/uploads\/Bastos-em-acao-pelo-Botafogo-473x420.webp 473w, https:\/\/www.gaveanews.com\/wp-content\/uploads\/Bastos-em-acao-pelo-Botafogo-640x568.webp 640w, https:\/\/www.gaveanews.com\/wp-content\/uploads\/Bastos-em-acao-pelo-Botafogo-100x89.webp 100w\" sizes=\"auto, (max-width: 667px) 100vw, 667px\" \/><figcaption class=\"wp-element-caption\">Bastos em a\u00e7\u00e3o pelo Botafogo (Foto: Vitor Silva\/Botafogo)<\/figcaption><\/figure>\n\n\n\n<p>Desde sua estreia no torneio continental, Jair tem demonstrado evolu\u00e7\u00e3o, segundo avalia\u00e7\u00e3o do pr\u00f3prio t\u00e9cnico. Renato Paiva destacou o amadurecimento do atleta nos \u00faltimos jogos, afirmando que o rendimento atual \u00e9 superior ao do in\u00edcio de sua trajet\u00f3ria no clube. A aus\u00eancia de Bastos, que segue sem previs\u00e3o de retorno, abre uma janela para que o jovem zagueiro se firme como op\u00e7\u00e3o confi\u00e1vel na zaga alvinegra, principalmente num contexto de exig\u00eancia t\u00e9cnica como a Libertadores.<\/p>\n\n\n\n<p>O Botafogo n\u00e3o apenas aposta em Jair pelo seu potencial esportivo, mas tamb\u00e9m enxerga grande valor de mercado no jogador. A diretoria desembolsou 12 milh\u00f5es de euros (cerca de R$ 76,2 milh\u00f5es) para tir\u00e1-lo do Santos, em uma negocia\u00e7\u00e3o que envolveu tamb\u00e9m o atacante Tiquinho Soares. Internamente, o clube projeta uma valoriza\u00e7\u00e3o significativa do atleta, com a expectativa de lucrar mais que o dobro do investimento em uma futura venda. Com isso, cada partida ganha peso n\u00e3o s\u00f3 no campo, mas tamb\u00e9m nos bastidores da SAF alvinegra.<\/p>\n<\/div><\/div>\n<\/div><\/div>\n","protected":false},"excerpt":{"rendered":"<p>Nas \u00faltimas horas, o foco das not\u00edcias sobre o Botafogo se concentram nos bastidores do clube, com destaques do dia a dia do time. Por conta deste contexto, leia abaixo um resumo preparado pela equipe do portal G\u00e1vea News para lhe manter muito bem informado! Declara\u00e7\u00e3o de rival O jornalista Fl\u00e1vio Prado destacou quais clubes [&hellip;]<\/p>\n","protected":false},"author":33,"featured_media":120619,"comment_status":"open","ping_status":"closed","sticky":false,"template":"","format":"standard","meta":{"footnotes":""},"categories":[138],"tags":[],"class_list":["post-251618","post","type-post","status-publish","format-standard","has-post-thumbnail","hentry","category-botafogo"],"yoast_head":"<!-- This site is optimized with the Yoast SEO Premium plugin v24.2 (Yoast SEO v26.9) - https:\/\/yoast.com\/product\/yoast-seo-premium-wordpress\/ -->\n<title>Substituto de Bastos, mudan\u00e7as para o Mundial e declara\u00e7\u00e3o de rival: as \u00faltimas not\u00edcias do Botafogo<\/title>\n<meta name=\"robots\" content=\"index, follow, max-snippet:-1, max-image-preview:large, max-video-preview:-1\" \/>\n<link rel=\"canonical\" href=\"https:\/\/www.gaveanews.com\/index.php\/2025\/04\/10\/substituto-de-bastos-mudancas-para-o-mundial-e-declaracao-de-rival-as-ultimas-noticias-do-botafogo\/\" \/>\n<meta property=\"og:locale\" content=\"pt_BR\" \/>\n<meta property=\"og:type\" content=\"article\" \/>\n<meta property=\"og:title\" content=\"Substituto de Bastos, mudan\u00e7as para o Mundial e declara\u00e7\u00e3o de rival: as \u00faltimas not\u00edcias do Botafogo\" \/>\n<meta property=\"og:description\" content=\"Nas \u00faltimas horas, o foco das not\u00edcias sobre o Botafogo se concentram nos bastidores do clube, com destaques do dia a dia do time. Por conta deste contexto, leia abaixo um resumo preparado pela equipe do portal G\u00e1vea News para lhe manter muito bem informado! Declara\u00e7\u00e3o de rival O jornalista Fl\u00e1vio Prado destacou quais clubes [&hellip;]\" \/>\n<meta property=\"og:url\" content=\"https:\/\/www.gaveanews.com\/index.php\/2025\/04\/10\/substituto-de-bastos-mudancas-para-o-mundial-e-declaracao-de-rival-as-ultimas-noticias-do-botafogo\/\" \/>\n<meta property=\"og:site_name\" content=\"G\u00e1vea News\" \/>\n<meta property=\"article:publisher\" content=\"https:\/\/facebook.com\/gaveaNews\/\" \/>\n<meta property=\"article:published_time\" content=\"2025-04-10T18:10:00+00:00\" \/>\n<meta property=\"og:image\" content=\"https:\/\/www.gaveanews.com\/wp-content\/uploads\/botafogoescudo.webp\" \/>\n\t<meta property=\"og:image:width\" content=\"900\" \/>\n\t<meta property=\"og:image:height\" content=\"600\" \/>\n\t<meta property=\"og:image:type\" content=\"image\/webp\" \/>\n<meta name=\"author\" content=\"Brenda Cezillo\" \/>\n<meta name=\"twitter:card\" content=\"summary_large_image\" \/>\n<meta name=\"twitter:label1\" content=\"Escrito por\" \/>\n\t<meta name=\"twitter:data1\" content=\"Brenda Cezillo\" \/>\n\t<meta name=\"twitter:label2\" content=\"Est. tempo de leitura\" \/>\n\t<meta name=\"twitter:data2\" content=\"5 minutos\" \/>\n<script type=\"application\/ld+json\" class=\"yoast-schema-graph\">{\"@context\":\"https:\/\/schema.org\",\"@graph\":[{\"@type\":\"NewsArticle\",\"@id\":\"https:\/\/www.gaveanews.com\/index.php\/2025\/04\/10\/substituto-de-bastos-mudancas-para-o-mundial-e-declaracao-de-rival-as-ultimas-noticias-do-botafogo\/#article\",\"isPartOf\":{\"@id\":\"https:\/\/www.gaveanews.com\/index.php\/2025\/04\/10\/substituto-de-bastos-mudancas-para-o-mundial-e-declaracao-de-rival-as-ultimas-noticias-do-botafogo\/\"},\"author\":{\"name\":\"Brenda Cezillo\",\"@id\":\"https:\/\/www.gaveanews.com\/#\/schema\/person\/c79759ca337c40791ae8d08e2923d403\"},\"headline\":\"Substituto de Bastos, mudan\u00e7as para o Mundial e declara\u00e7\u00e3o de rival: as \u00faltimas not\u00edcias do Botafogo\",\"datePublished\":\"2025-04-10T18:10:00+00:00\",\"mainEntityOfPage\":{\"@id\":\"https:\/\/www.gaveanews.com\/index.php\/2025\/04\/10\/substituto-de-bastos-mudancas-para-o-mundial-e-declaracao-de-rival-as-ultimas-noticias-do-botafogo\/\"},\"wordCount\":820,\"commentCount\":0,\"image\":{\"@id\":\"https:\/\/www.gaveanews.com\/index.php\/2025\/04\/10\/substituto-de-bastos-mudancas-para-o-mundial-e-declaracao-de-rival-as-ultimas-noticias-do-botafogo\/#primaryimage\"},\"thumbnailUrl\":\"https:\/\/www.gaveanews.com\/wp-content\/uploads\/botafogoescudo.webp\",\"articleSection\":[\"Botafogo\"],\"inLanguage\":\"pt-BR\",\"potentialAction\":[{\"@type\":\"CommentAction\",\"name\":\"Comment\",\"target\":[\"https:\/\/www.gaveanews.com\/index.php\/2025\/04\/10\/substituto-de-bastos-mudancas-para-o-mundial-e-declaracao-de-rival-as-ultimas-noticias-do-botafogo\/#respond\"]}],\"copyrightYear\":\"2025\",\"copyrightHolder\":{\"@id\":\"https:\/\/www.gaveanews.com\/#organization\"}},{\"@type\":\"WebPage\",\"@id\":\"https:\/\/www.gaveanews.com\/index.php\/2025\/04\/10\/substituto-de-bastos-mudancas-para-o-mundial-e-declaracao-de-rival-as-ultimas-noticias-do-botafogo\/\",\"url\":\"https:\/\/www.gaveanews.com\/index.php\/2025\/04\/10\/substituto-de-bastos-mudancas-para-o-mundial-e-declaracao-de-rival-as-ultimas-noticias-do-botafogo\/\",\"name\":\"Substituto de Bastos, mudan\u00e7as para o Mundial e declara\u00e7\u00e3o de rival: as \u00faltimas not\u00edcias do Botafogo\",\"isPartOf\":{\"@id\":\"https:\/\/www.gaveanews.com\/#website\"},\"primaryImageOfPage\":{\"@id\":\"https:\/\/www.gaveanews.com\/index.php\/2025\/04\/10\/substituto-de-bastos-mudancas-para-o-mundial-e-declaracao-de-rival-as-ultimas-noticias-do-botafogo\/#primaryimage\"},\"image\":{\"@id\":\"https:\/\/www.gaveanews.com\/index.php\/2025\/04\/10\/substituto-de-bastos-mudancas-para-o-mundial-e-declaracao-de-rival-as-ultimas-noticias-do-botafogo\/#primaryimage\"},\"thumbnailUrl\":\"https:\/\/www.gaveanews.com\/wp-content\/uploads\/botafogoescudo.webp\",\"datePublished\":\"2025-04-10T18:10:00+00:00\",\"author\":{\"@id\":\"https:\/\/www.gaveanews.com\/#\/schema\/person\/c79759ca337c40791ae8d08e2923d403\"},\"breadcrumb\":{\"@id\":\"https:\/\/www.gaveanews.com\/index.php\/2025\/04\/10\/substituto-de-bastos-mudancas-para-o-mundial-e-declaracao-de-rival-as-ultimas-noticias-do-botafogo\/#breadcrumb\"},\"inLanguage\":\"pt-BR\",\"potentialAction\":[{\"@type\":\"ReadAction\",\"target\":[\"https:\/\/www.gaveanews.com\/index.php\/2025\/04\/10\/substituto-de-bastos-mudancas-para-o-mundial-e-declaracao-de-rival-as-ultimas-noticias-do-botafogo\/\"]}]},{\"@type\":\"ImageObject\",\"inLanguage\":\"pt-BR\",\"@id\":\"https:\/\/www.gaveanews.com\/index.php\/2025\/04\/10\/substituto-de-bastos-mudancas-para-o-mundial-e-declaracao-de-rival-as-ultimas-noticias-do-botafogo\/#primaryimage\",\"url\":\"https:\/\/www.gaveanews.com\/wp-content\/uploads\/botafogoescudo.webp\",\"contentUrl\":\"https:\/\/www.gaveanews.com\/wp-content\/uploads\/botafogoescudo.webp\",\"width\":900,\"height\":600,\"caption\":\"Escudo do Botafogo (Foto: Reprodu\u00e7\u00e3o)\"},{\"@type\":\"BreadcrumbList\",\"@id\":\"https:\/\/www.gaveanews.com\/index.php\/2025\/04\/10\/substituto-de-bastos-mudancas-para-o-mundial-e-declaracao-de-rival-as-ultimas-noticias-do-botafogo\/#breadcrumb\",\"itemListElement\":[{\"@type\":\"ListItem\",\"position\":1,\"name\":\"Home\",\"item\":\"https:\/\/www.gaveanews.com\/\"},{\"@type\":\"ListItem\",\"position\":2,\"name\":\"Substituto de Bastos, mudan\u00e7as para o Mundial e declara\u00e7\u00e3o de rival: as \u00faltimas not\u00edcias do Botafogo\"}]},{\"@type\":\"WebSite\",\"@id\":\"https:\/\/www.gaveanews.com\/#website\",\"url\":\"https:\/\/www.gaveanews.com\/\",\"name\":\"G\u00e1vea News\",\"description\":\"Veja todas as not\u00edcias sobre o Flamengo: Contrata\u00e7\u00f5es, categorias de base, resultados das partidas, tabela de classifica\u00e7\u00e3o, pr\u00f3ximos jogos!\",\"potentialAction\":[{\"@type\":\"SearchAction\",\"target\":{\"@type\":\"EntryPoint\",\"urlTemplate\":\"https:\/\/www.gaveanews.com\/?s={search_term_string}\"},\"query-input\":{\"@type\":\"PropertyValueSpecification\",\"valueRequired\":true,\"valueName\":\"search_term_string\"}}],\"inLanguage\":\"pt-BR\"},{\"@type\":\"Person\",\"@id\":\"https:\/\/www.gaveanews.com\/#\/schema\/person\/c79759ca337c40791ae8d08e2923d403\",\"name\":\"Brenda Cezillo\",\"image\":{\"@type\":\"ImageObject\",\"inLanguage\":\"pt-BR\",\"@id\":\"https:\/\/www.gaveanews.com\/#\/schema\/person\/image\/\",\"url\":\"https:\/\/secure.gravatar.com\/avatar\/1738d75cee7317f9c29ae61dd67620c5883d80a92e42a6fff88ae5d527af217a?s=96&d=mm&r=g\",\"contentUrl\":\"https:\/\/secure.gravatar.com\/avatar\/1738d75cee7317f9c29ae61dd67620c5883d80a92e42a6fff88ae5d527af217a?s=96&d=mm&r=g\",\"caption\":\"Brenda Cezillo\"}}]}<\/script>\n<!-- \/ Yoast SEO Premium plugin. -->","yoast_head_json":{"title":"Substituto de Bastos, mudan\u00e7as para o Mundial e declara\u00e7\u00e3o de rival: as \u00faltimas not\u00edcias do Botafogo","robots":{"index":"index","follow":"follow","max-snippet":"max-snippet:-1","max-image-preview":"max-image-preview:large","max-video-preview":"max-video-preview:-1"},"canonical":"https:\/\/www.gaveanews.com\/index.php\/2025\/04\/10\/substituto-de-bastos-mudancas-para-o-mundial-e-declaracao-de-rival-as-ultimas-noticias-do-botafogo\/","og_locale":"pt_BR","og_type":"article","og_title":"Substituto de Bastos, mudan\u00e7as para o Mundial e declara\u00e7\u00e3o de rival: as \u00faltimas not\u00edcias do Botafogo","og_description":"Nas \u00faltimas horas, o foco das not\u00edcias sobre o Botafogo se concentram nos bastidores do clube, com destaques do dia a dia do time. Por conta deste contexto, leia abaixo um resumo preparado pela equipe do portal G\u00e1vea News para lhe manter muito bem informado! Declara\u00e7\u00e3o de rival O jornalista Fl\u00e1vio Prado destacou quais clubes [&hellip;]","og_url":"https:\/\/www.gaveanews.com\/index.php\/2025\/04\/10\/substituto-de-bastos-mudancas-para-o-mundial-e-declaracao-de-rival-as-ultimas-noticias-do-botafogo\/","og_site_name":"G\u00e1vea News","article_publisher":"https:\/\/facebook.com\/gaveaNews\/","article_published_time":"2025-04-10T18:10:00+00:00","og_image":[{"width":900,"height":600,"url":"https:\/\/www.gaveanews.com\/wp-content\/uploads\/botafogoescudo.webp","type":"image\/webp"}],"author":"Brenda Cezillo","twitter_card":"summary_large_image","twitter_misc":{"Escrito por":"Brenda Cezillo","Est. tempo de leitura":"5 minutos"},"schema":{"@context":"https:\/\/schema.org","@graph":[{"@type":"NewsArticle","@id":"https:\/\/www.gaveanews.com\/index.php\/2025\/04\/10\/substituto-de-bastos-mudancas-para-o-mundial-e-declaracao-de-rival-as-ultimas-noticias-do-botafogo\/#article","isPartOf":{"@id":"https:\/\/www.gaveanews.com\/index.php\/2025\/04\/10\/substituto-de-bastos-mudancas-para-o-mundial-e-declaracao-de-rival-as-ultimas-noticias-do-botafogo\/"},"author":{"name":"Brenda Cezillo","@id":"https:\/\/www.gaveanews.com\/#\/schema\/person\/c79759ca337c40791ae8d08e2923d403"},"headline":"Substituto de Bastos, mudan\u00e7as para o Mundial e declara\u00e7\u00e3o de rival: as \u00faltimas not\u00edcias do Botafogo","datePublished":"2025-04-10T18:10:00+00:00","mainEntityOfPage":{"@id":"https:\/\/www.gaveanews.com\/index.php\/2025\/04\/10\/substituto-de-bastos-mudancas-para-o-mundial-e-declaracao-de-rival-as-ultimas-noticias-do-botafogo\/"},"wordCount":820,"commentCount":0,"image":{"@id":"https:\/\/www.gaveanews.com\/index.php\/2025\/04\/10\/substituto-de-bastos-mudancas-para-o-mundial-e-declaracao-de-rival-as-ultimas-noticias-do-botafogo\/#primaryimage"},"thumbnailUrl":"https:\/\/www.gaveanews.com\/wp-content\/uploads\/botafogoescudo.webp","articleSection":["Botafogo"],"inLanguage":"pt-BR","potentialAction":[{"@type":"CommentAction","name":"Comment","target":["https:\/\/www.gaveanews.com\/index.php\/2025\/04\/10\/substituto-de-bastos-mudancas-para-o-mundial-e-declaracao-de-rival-as-ultimas-noticias-do-botafogo\/#respond"]}],"copyrightYear":"2025","copyrightHolder":{"@id":"https:\/\/www.gaveanews.com\/#organization"}},{"@type":"WebPage","@id":"https:\/\/www.gaveanews.com\/index.php\/2025\/04\/10\/substituto-de-bastos-mudancas-para-o-mundial-e-declaracao-de-rival-as-ultimas-noticias-do-botafogo\/","url":"https:\/\/www.gaveanews.com\/index.php\/2025\/04\/10\/substituto-de-bastos-mudancas-para-o-mundial-e-declaracao-de-rival-as-ultimas-noticias-do-botafogo\/","name":"Substituto de Bastos, mudan\u00e7as para o Mundial e declara\u00e7\u00e3o de rival: as \u00faltimas not\u00edcias do Botafogo","isPartOf":{"@id":"https:\/\/www.gaveanews.com\/#website"},"primaryImageOfPage":{"@id":"https:\/\/www.gaveanews.com\/index.php\/2025\/04\/10\/substituto-de-bastos-mudancas-para-o-mundial-e-declaracao-de-rival-as-ultimas-noticias-do-botafogo\/#primaryimage"},"image":{"@id":"https:\/\/www.gaveanews.com\/index.php\/2025\/04\/10\/substituto-de-bastos-mudancas-para-o-mundial-e-declaracao-de-rival-as-ultimas-noticias-do-botafogo\/#primaryimage"},"thumbnailUrl":"https:\/\/www.gaveanews.com\/wp-content\/uploads\/botafogoescudo.webp","datePublished":"2025-04-10T18:10:00+00:00","author":{"@id":"https:\/\/www.gaveanews.com\/#\/schema\/person\/c79759ca337c40791ae8d08e2923d403"},"breadcrumb":{"@id":"https:\/\/www.gaveanews.com\/index.php\/2025\/04\/10\/substituto-de-bastos-mudancas-para-o-mundial-e-declaracao-de-rival-as-ultimas-noticias-do-botafogo\/#breadcrumb"},"inLanguage":"pt-BR","potentialAction":[{"@type":"ReadAction","target":["https:\/\/www.gaveanews.com\/index.php\/2025\/04\/10\/substituto-de-bastos-mudancas-para-o-mundial-e-declaracao-de-rival-as-ultimas-noticias-do-botafogo\/"]}]},{"@type":"ImageObject","inLanguage":"pt-BR","@id":"https:\/\/www.gaveanews.com\/index.php\/2025\/04\/10\/substituto-de-bastos-mudancas-para-o-mundial-e-declaracao-de-rival-as-ultimas-noticias-do-botafogo\/#primaryimage","url":"https:\/\/www.gaveanews.com\/wp-content\/uploads\/botafogoescudo.webp","contentUrl":"https:\/\/www.gaveanews.com\/wp-content\/uploads\/botafogoescudo.webp","width":900,"height":600,"caption":"Escudo do Botafogo (Foto: Reprodu\u00e7\u00e3o)"},{"@type":"BreadcrumbList","@id":"https:\/\/www.gaveanews.com\/index.php\/2025\/04\/10\/substituto-de-bastos-mudancas-para-o-mundial-e-declaracao-de-rival-as-ultimas-noticias-do-botafogo\/#breadcrumb","itemListElement":[{"@type":"ListItem","position":1,"name":"Home","item":"https:\/\/www.gaveanews.com\/"},{"@type":"ListItem","position":2,"name":"Substituto de Bastos, mudan\u00e7as para o Mundial e declara\u00e7\u00e3o de rival: as \u00faltimas not\u00edcias do Botafogo"}]},{"@type":"WebSite","@id":"https:\/\/www.gaveanews.com\/#website","url":"https:\/\/www.gaveanews.com\/","name":"G\u00e1vea News","description":"Veja todas as not\u00edcias sobre o Flamengo: Contrata\u00e7\u00f5es, categorias de base, resultados das partidas, tabela de classifica\u00e7\u00e3o, pr\u00f3ximos jogos!","potentialAction":[{"@type":"SearchAction","target":{"@type":"EntryPoint","urlTemplate":"https:\/\/www.gaveanews.com\/?s={search_term_string}"},"query-input":{"@type":"PropertyValueSpecification","valueRequired":true,"valueName":"search_term_string"}}],"inLanguage":"pt-BR"},{"@type":"Person","@id":"https:\/\/www.gaveanews.com\/#\/schema\/person\/c79759ca337c40791ae8d08e2923d403","name":"Brenda Cezillo","image":{"@type":"ImageObject","inLanguage":"pt-BR","@id":"https:\/\/www.gaveanews.com\/#\/schema\/person\/image\/","url":"https:\/\/secure.gravatar.com\/avatar\/1738d75cee7317f9c29ae61dd67620c5883d80a92e42a6fff88ae5d527af217a?s=96&d=mm&r=g","contentUrl":"https:\/\/secure.gravatar.com\/avatar\/1738d75cee7317f9c29ae61dd67620c5883d80a92e42a6fff88ae5d527af217a?s=96&d=mm&r=g","caption":"Brenda Cezillo"}}]}},"_links":{"self":[{"href":"https:\/\/www.gaveanews.com\/index.php\/wp-json\/wp\/v2\/posts\/251618","targetHints":{"allow":["GET"]}}],"collection":[{"href":"https:\/\/www.gaveanews.com\/index.php\/wp-json\/wp\/v2\/posts"}],"about":[{"href":"https:\/\/www.gaveanews.com\/index.php\/wp-json\/wp\/v2\/types\/post"}],"author":[{"embeddable":true,"href":"https:\/\/www.gaveanews.com\/index.php\/wp-json\/wp\/v2\/users\/33"}],"replies":[{"embeddable":true,"href":"https:\/\/www.gaveanews.com\/index.php\/wp-json\/wp\/v2\/comments?post=251618"}],"version-history":[{"count":1,"href":"https:\/\/www.gaveanews.com\/index.php\/wp-json\/wp\/v2\/posts\/251618\/revisions"}],"predecessor-version":[{"id":251660,"href":"https:\/\/www.gaveanews.com\/index.php\/wp-json\/wp\/v2\/posts\/251618\/revisions\/251660"}],"wp:featuredmedia":[{"embeddable":true,"href":"https:\/\/www.gaveanews.com\/index.php\/wp-json\/wp\/v2\/media\/120619"}],"wp:attachment":[{"href":"https:\/\/www.gaveanews.com\/index.php\/wp-json\/wp\/v2\/media?parent=251618"}],"wp:term":[{"taxonomy":"category","embeddable":true,"href":"https:\/\/www.gaveanews.com\/index.php\/wp-json\/wp\/v2\/categories?post=251618"},{"taxonomy":"post_tag","embeddable":true,"href":"https:\/\/www.gaveanews.com\/index.php\/wp-json\/wp\/v2\/tags?post=251618"}],"curies":[{"name":"wp","href":"https:\/\/api.w.org\/{rel}","templated":true}]}}