{"id":251641,"date":"2025-04-10T16:10:00","date_gmt":"2025-04-10T19:10:00","guid":{"rendered":"https:\/\/www.gaveanews.com\/?p=251641"},"modified":"2025-04-10T12:57:36","modified_gmt":"2025-04-10T15:57:36","slug":"situacao-de-bastos-novo-xodo-da-torcida-e-declaracao-de-andre-rizek-as-ultimas-noticias-do-botafogo","status":"publish","type":"post","link":"https:\/\/www.gaveanews.com\/index.php\/2025\/04\/10\/situacao-de-bastos-novo-xodo-da-torcida-e-declaracao-de-andre-rizek-as-ultimas-noticias-do-botafogo\/","title":{"rendered":"Situa\u00e7\u00e3o de Bastos, novo xod\u00f3 da torcida e declara\u00e7\u00e3o de Andr\u00e9 Rizek: as \u00faltimas not\u00edcias do Botafogo"},"content":{"rendered":"\n<p>Nas \u00faltimas horas, o foco das not\u00edcias sobre o Botafogo se concentram nos bastidores do clube, com destaques do dia a dia do time.<\/p>\n\n\n\n<p>Por conta deste contexto, leia abaixo um resumo preparado pela equipe do portal G\u00e1vea News para lhe manter muito bem informado!<\/p>\n\n\n\n<div class=\"wp-block-group\"><div class=\"wp-block-group__inner-container is-layout-constrained wp-block-group-is-layout-constrained\">\n<h2 class=\"wp-block-heading\" id=\"h-declaracao-de-andre-rizek\">Declara\u00e7\u00e3o de Andr\u00e9 Rizek<\/h2>\n\n\n\n<p>Para o jornalista Andr\u00e9 Rizek, Flamengo, Palmeiras, Internacional e Botafogo s\u00e3o as quatro equipes com reais chances de brigar pelo t\u00edtulo do Campeonato Brasileiro. Em sua an\u00e1lise, baseada nas duas primeiras rodadas da competi\u00e7\u00e3o, ele avaliou tanto os resultados quanto o desempenho apresentado por esses clubes, destacando o volume de jogo e a consist\u00eancia t\u00e1tica como principais diferenciais <strong><a href=\"https:\/\/www.gaveanews.com\/index.php\/2025\/04\/08\/video-andre-rizek-aponta-os-4-times-que-irao-brigar-pelo-brasileirao\/\">(leia a mat\u00e9ria completa).<\/a><\/strong><\/p>\n\n\n\n<figure class=\"wp-block-image size-full\"><img loading=\"lazy\" decoding=\"async\" width=\"795\" height=\"448\" src=\"http:\/\/www.gaveanews.com\/wp-content\/uploads\/Andre-Rizek-durante-um-programa-do-SporTV.webp\" alt=\"\" class=\"wp-image-101875\" srcset=\"https:\/\/www.gaveanews.com\/wp-content\/uploads\/Andre-Rizek-durante-um-programa-do-SporTV.webp 795w, https:\/\/www.gaveanews.com\/wp-content\/uploads\/Andre-Rizek-durante-um-programa-do-SporTV-300x169.webp 300w, https:\/\/www.gaveanews.com\/wp-content\/uploads\/Andre-Rizek-durante-um-programa-do-SporTV-768x433.webp 768w, https:\/\/www.gaveanews.com\/wp-content\/uploads\/Andre-Rizek-durante-um-programa-do-SporTV-745x420.webp 745w, https:\/\/www.gaveanews.com\/wp-content\/uploads\/Andre-Rizek-durante-um-programa-do-SporTV-640x361.webp 640w, https:\/\/www.gaveanews.com\/wp-content\/uploads\/Andre-Rizek-durante-um-programa-do-SporTV-681x384.webp 681w, https:\/\/www.gaveanews.com\/wp-content\/uploads\/Andre-Rizek-durante-um-programa-do-SporTV-100x56.webp 100w\" sizes=\"auto, (max-width: 795px) 100vw, 795px\" \/><figcaption class=\"wp-element-caption\">Andr\u00e9 Rizek durante um programa do SporTV (Foto: Reprodu\u00e7\u00e3o\/SporTV)<\/figcaption><\/figure>\n\n\n\n<p>Rizek apontou que Flamengo e Internacional t\u00eam atuado com intensidade e protagonismo t\u00e9cnico, mesmo com elencos distintos. <\/p>\n\n\n\n<p>O Rubro-Negro, apesar de criar muitas oportunidades, tem tido dificuldades em converter as chances em gols, mas conta com o retorno de Pedro e poss\u00edveis refor\u00e7os. J\u00e1 o Colorado, mesmo com um elenco menos numeroso, impressiona pela consist\u00eancia e qualidade t\u00e9cnica de jogadores como Alan Patrick, Borr\u00e9 e Valencia.<\/p>\n\n\n\n<p>Sobre o Palmeiras, Rizek ressaltou que a equipe ainda n\u00e3o atingiu seu melhor desempenho, mas segue competitiva, como de costume. Com quatro pontos e refor\u00e7os chegando, o time de Abel Ferreira permanece como amea\u00e7a constante. O Botafogo, por sua vez, surpreendeu positivamente, especialmente ap\u00f3s a chegada de Renato Paiva. O comentarista elogiou as atua\u00e7\u00f5es contra o Palmeiras e o Juventude, projetando o clube carioca como um postulante inesperado, mas leg\u00edtimo, ao t\u00edtulo.<\/p>\n\n\n\n<h2 class=\"wp-block-heading\" id=\"h-novo-xodo-da-torcida\">Novo xod\u00f3 da torcida<\/h2>\n\n\n\n<p>Antes pouco comentado, o lateral-esquerdo <strong>Cuiabano<\/strong> tornou-se um dos grandes destaques do <strong>Botafogo<\/strong> e j\u00e1 \u00e9 considerado o novo xod\u00f3 da torcida alvinegra. Contratado em abril de 2024, o jogador conquistou a titularidade com atua\u00e7\u00f5es consistentes e decisivas, sendo um dos atletas mais regulares da equipe. Com 27 jogos, quatro gols e cinco assist\u00eancias, ele tamb\u00e9m impressiona defensivamente com 72 desarmes e 44 intercepta\u00e7\u00f5es <strong><a href=\"https:\/\/www.gaveanews.com\/index.php\/2025\/04\/08\/ele-estava-esquecido-no-botafogo-mas-agora-e-o-novo-xodo-da-torcida\/\">(leia a mat\u00e9ria completa).<\/a><\/strong><\/p>\n\n\n\n<figure class=\"wp-block-image size-large\"><img loading=\"lazy\" decoding=\"async\" width=\"1024\" height=\"640\" src=\"http:\/\/www.gaveanews.com\/wp-content\/uploads\/Cuiabano-em-acao-pelo-time-do-Botafogo-1024x640.webp\" alt=\"Cuiabano em a\u00e7\u00e3o pelo time do Botafogo (Foto: V\u00edtor Silva\/Botafogo)\" class=\"wp-image-163052\" srcset=\"https:\/\/www.gaveanews.com\/wp-content\/uploads\/Cuiabano-em-acao-pelo-time-do-Botafogo-1024x640.webp 1024w, https:\/\/www.gaveanews.com\/wp-content\/uploads\/Cuiabano-em-acao-pelo-time-do-Botafogo-300x188.webp 300w, https:\/\/www.gaveanews.com\/wp-content\/uploads\/Cuiabano-em-acao-pelo-time-do-Botafogo-768x480.webp 768w, https:\/\/www.gaveanews.com\/wp-content\/uploads\/Cuiabano-em-acao-pelo-time-do-Botafogo-672x420.webp 672w, https:\/\/www.gaveanews.com\/wp-content\/uploads\/Cuiabano-em-acao-pelo-time-do-Botafogo-640x400.webp 640w, https:\/\/www.gaveanews.com\/wp-content\/uploads\/Cuiabano-em-acao-pelo-time-do-Botafogo-681x426.webp 681w, https:\/\/www.gaveanews.com\/wp-content\/uploads\/Cuiabano-em-acao-pelo-time-do-Botafogo-100x63.webp 100w, https:\/\/www.gaveanews.com\/wp-content\/uploads\/Cuiabano-em-acao-pelo-time-do-Botafogo.webp 1200w\" sizes=\"auto, (max-width: 1024px) 100vw, 1024px\" \/><figcaption class=\"wp-element-caption\">Cuiabano em a\u00e7\u00e3o pelo time do Botafogo (Foto: V\u00edtor Silva\/Botafogo)<\/figcaption><\/figure>\n\n\n\n<p>A ascens\u00e3o de Cuiabano foi constru\u00edda com paci\u00eancia e resili\u00eancia. Mesmo estreando em um jogo dif\u00edcil contra o Vit\u00f3ria, ele rapidamente conquistou a confian\u00e7a do t\u00e9cnico Artur Jorge e, mais tarde, manteve o prest\u00edgio com Renato Paiva em 2025. Sua versatilidade e comprometimento em campo o consolidaram como pe\u00e7a essencial no sistema t\u00e1tico do clube.<\/p>\n\n\n\n<p>O carinho da torcida \u00e9 crescente, com muitos torcedores nas redes sociais comparando-o a nomes renomados e at\u00e9 sonhando com uma convoca\u00e7\u00e3o para a Sele\u00e7\u00e3o Brasileira. Formado no Gr\u00eamio, Cuiabano finalmente encontrou no Botafogo o espa\u00e7o para se destacar e evoluir, sendo hoje um s\u00edmbolo de regularidade e esperan\u00e7a para o time em uma temporada promissora.<\/p>\n\n\n\n<h2 class=\"wp-block-heading\" id=\"h-situacao-de-bastos\">Situa\u00e7\u00e3o de Bastos<\/h2>\n\n\n\n<p>O zagueiro Bastos permanece fora dos gramados ap\u00f3s sofrer uma pancada no joelho esquerdo na estreia do Botafogo na temporada, contra o Nova Igua\u00e7u, em fevereiro. Embora houvesse a expectativa de retorno nesta semana, exames mais recentes indicaram a necessidade de continuidade no tratamento conservador, o que adia seu retorno \u00e0s competi\u00e7\u00f5es. A situa\u00e7\u00e3o ainda n\u00e3o demanda cirurgia, mas essa possibilidade n\u00e3o est\u00e1 descartada caso o quadro n\u00e3o evolua positivamente<strong><a href=\"https:\/\/www.gaveanews.com\/index.php\/2025\/04\/08\/atualizacao-medica-sobre-a-situacao-de-bastos-no-botafogo\/\"> (leia a mat\u00e9ria completa).<\/a><\/strong><\/p>\n\n\n\n<figure class=\"wp-block-image size-full\"><img loading=\"lazy\" decoding=\"async\" width=\"667\" height=\"592\" src=\"http:\/\/www.gaveanews.com\/wp-content\/uploads\/Bastos-em-acao-pelo-Botafogo.webp\" alt=\"\" class=\"wp-image-170336\" srcset=\"https:\/\/www.gaveanews.com\/wp-content\/uploads\/Bastos-em-acao-pelo-Botafogo.webp 667w, https:\/\/www.gaveanews.com\/wp-content\/uploads\/Bastos-em-acao-pelo-Botafogo-300x266.webp 300w, https:\/\/www.gaveanews.com\/wp-content\/uploads\/Bastos-em-acao-pelo-Botafogo-473x420.webp 473w, https:\/\/www.gaveanews.com\/wp-content\/uploads\/Bastos-em-acao-pelo-Botafogo-640x568.webp 640w, https:\/\/www.gaveanews.com\/wp-content\/uploads\/Bastos-em-acao-pelo-Botafogo-100x89.webp 100w\" sizes=\"auto, (max-width: 667px) 100vw, 667px\" \/><figcaption class=\"wp-element-caption\">Bastos em a\u00e7\u00e3o pelo Botafogo (Foto: Vitor Silva\/Botafogo)<\/figcaption><\/figure>\n\n\n\n<p>O jogador chegou a atuar em um amistoso contra o Novorizontino em mar\u00e7o, o que gerou cr\u00edticas do t\u00e9cnico da sele\u00e7\u00e3o de Angola, Pedro Gon\u00e7alves, que havia sido informado sobre a condi\u00e7\u00e3o f\u00edsica do atleta. Enquanto Bastos segue em recupera\u00e7\u00e3o, o jovem zagueiro Jair vem sendo utilizado como titular, ganhando espa\u00e7o na equipe comandada por Renato Paiva, especialmente em partidas como a da Libertadores contra o Carabobo.<\/p>\n\n\n\n<p>A diretoria do Botafogo avalia a contrata\u00e7\u00e3o de um novo zagueiro para suprir a aus\u00eancia de Bastos, especialmente com a janela de transfer\u00eancias se encerrando em breve (11 de abril). Em nota, o clube reiterou que o defensor segue recebendo acompanhamento m\u00e9dico e que o tratamento ser\u00e1 mantido conforme recomenda\u00e7\u00e3o cl\u00ednica. O caso \u00e9 tratado com cautela, j\u00e1 que uma interven\u00e7\u00e3o cir\u00fargica poderia afastar o jogador por at\u00e9 quatro meses, comprometendo parte da temporada.<\/p>\n<\/div><\/div>\n","protected":false},"excerpt":{"rendered":"<p>Nas \u00faltimas horas, o foco das not\u00edcias sobre o Botafogo se concentram nos bastidores do clube, com destaques do dia a dia do time. Por conta deste contexto, leia abaixo um resumo preparado pela equipe do portal G\u00e1vea News para lhe manter muito bem informado! Declara\u00e7\u00e3o de Andr\u00e9 Rizek Para o jornalista Andr\u00e9 Rizek, Flamengo, [&hellip;]<\/p>\n","protected":false},"author":33,"featured_media":182060,"comment_status":"open","ping_status":"closed","sticky":false,"template":"","format":"standard","meta":{"footnotes":""},"categories":[138],"tags":[],"class_list":["post-251641","post","type-post","status-publish","format-standard","has-post-thumbnail","hentry","category-botafogo"],"yoast_head":"<!-- This site is optimized with the Yoast SEO Premium plugin v24.2 (Yoast SEO v26.9) - https:\/\/yoast.com\/product\/yoast-seo-premium-wordpress\/ -->\n<title>Situa\u00e7\u00e3o de Bastos, novo xod\u00f3 da torcida e declara\u00e7\u00e3o de Andr\u00e9 Rizek: as \u00faltimas not\u00edcias do Botafogo<\/title>\n<meta name=\"robots\" content=\"index, follow, max-snippet:-1, max-image-preview:large, max-video-preview:-1\" \/>\n<link rel=\"canonical\" href=\"https:\/\/www.gaveanews.com\/index.php\/2025\/04\/10\/situacao-de-bastos-novo-xodo-da-torcida-e-declaracao-de-andre-rizek-as-ultimas-noticias-do-botafogo\/\" \/>\n<meta property=\"og:locale\" content=\"pt_BR\" \/>\n<meta property=\"og:type\" content=\"article\" \/>\n<meta property=\"og:title\" content=\"Situa\u00e7\u00e3o de Bastos, novo xod\u00f3 da torcida e declara\u00e7\u00e3o de Andr\u00e9 Rizek: as \u00faltimas not\u00edcias do Botafogo\" \/>\n<meta property=\"og:description\" content=\"Nas \u00faltimas horas, o foco das not\u00edcias sobre o Botafogo se concentram nos bastidores do clube, com destaques do dia a dia do time. Por conta deste contexto, leia abaixo um resumo preparado pela equipe do portal G\u00e1vea News para lhe manter muito bem informado! Declara\u00e7\u00e3o de Andr\u00e9 Rizek Para o jornalista Andr\u00e9 Rizek, Flamengo, [&hellip;]\" \/>\n<meta property=\"og:url\" content=\"https:\/\/www.gaveanews.com\/index.php\/2025\/04\/10\/situacao-de-bastos-novo-xodo-da-torcida-e-declaracao-de-andre-rizek-as-ultimas-noticias-do-botafogo\/\" \/>\n<meta property=\"og:site_name\" content=\"G\u00e1vea News\" \/>\n<meta property=\"article:publisher\" content=\"https:\/\/facebook.com\/gaveaNews\/\" \/>\n<meta property=\"article:published_time\" content=\"2025-04-10T19:10:00+00:00\" \/>\n<meta property=\"og:image\" content=\"https:\/\/www.gaveanews.com\/wp-content\/uploads\/Escudo-do-Botafogo-1.webp\" \/>\n\t<meta property=\"og:image:width\" content=\"787\" \/>\n\t<meta property=\"og:image:height\" content=\"525\" \/>\n\t<meta property=\"og:image:type\" content=\"image\/webp\" \/>\n<meta name=\"author\" content=\"Brenda Cezillo\" \/>\n<meta name=\"twitter:card\" content=\"summary_large_image\" \/>\n<meta name=\"twitter:label1\" content=\"Escrito por\" \/>\n\t<meta name=\"twitter:data1\" content=\"Brenda Cezillo\" \/>\n\t<meta name=\"twitter:label2\" content=\"Est. tempo de leitura\" \/>\n\t<meta name=\"twitter:data2\" content=\"5 minutos\" \/>\n<script type=\"application\/ld+json\" class=\"yoast-schema-graph\">{\"@context\":\"https:\/\/schema.org\",\"@graph\":[{\"@type\":\"NewsArticle\",\"@id\":\"https:\/\/www.gaveanews.com\/index.php\/2025\/04\/10\/situacao-de-bastos-novo-xodo-da-torcida-e-declaracao-de-andre-rizek-as-ultimas-noticias-do-botafogo\/#article\",\"isPartOf\":{\"@id\":\"https:\/\/www.gaveanews.com\/index.php\/2025\/04\/10\/situacao-de-bastos-novo-xodo-da-torcida-e-declaracao-de-andre-rizek-as-ultimas-noticias-do-botafogo\/\"},\"author\":{\"name\":\"Brenda Cezillo\",\"@id\":\"https:\/\/www.gaveanews.com\/#\/schema\/person\/c79759ca337c40791ae8d08e2923d403\"},\"headline\":\"Situa\u00e7\u00e3o de Bastos, novo xod\u00f3 da torcida e declara\u00e7\u00e3o de Andr\u00e9 Rizek: as \u00faltimas not\u00edcias do Botafogo\",\"datePublished\":\"2025-04-10T19:10:00+00:00\",\"mainEntityOfPage\":{\"@id\":\"https:\/\/www.gaveanews.com\/index.php\/2025\/04\/10\/situacao-de-bastos-novo-xodo-da-torcida-e-declaracao-de-andre-rizek-as-ultimas-noticias-do-botafogo\/\"},\"wordCount\":766,\"commentCount\":0,\"image\":{\"@id\":\"https:\/\/www.gaveanews.com\/index.php\/2025\/04\/10\/situacao-de-bastos-novo-xodo-da-torcida-e-declaracao-de-andre-rizek-as-ultimas-noticias-do-botafogo\/#primaryimage\"},\"thumbnailUrl\":\"https:\/\/www.gaveanews.com\/wp-content\/uploads\/Escudo-do-Botafogo-1.webp\",\"articleSection\":[\"Botafogo\"],\"inLanguage\":\"pt-BR\",\"potentialAction\":[{\"@type\":\"CommentAction\",\"name\":\"Comment\",\"target\":[\"https:\/\/www.gaveanews.com\/index.php\/2025\/04\/10\/situacao-de-bastos-novo-xodo-da-torcida-e-declaracao-de-andre-rizek-as-ultimas-noticias-do-botafogo\/#respond\"]}],\"copyrightYear\":\"2025\",\"copyrightHolder\":{\"@id\":\"https:\/\/www.gaveanews.com\/#organization\"}},{\"@type\":\"WebPage\",\"@id\":\"https:\/\/www.gaveanews.com\/index.php\/2025\/04\/10\/situacao-de-bastos-novo-xodo-da-torcida-e-declaracao-de-andre-rizek-as-ultimas-noticias-do-botafogo\/\",\"url\":\"https:\/\/www.gaveanews.com\/index.php\/2025\/04\/10\/situacao-de-bastos-novo-xodo-da-torcida-e-declaracao-de-andre-rizek-as-ultimas-noticias-do-botafogo\/\",\"name\":\"Situa\u00e7\u00e3o de Bastos, novo xod\u00f3 da torcida e declara\u00e7\u00e3o de Andr\u00e9 Rizek: as \u00faltimas not\u00edcias do Botafogo\",\"isPartOf\":{\"@id\":\"https:\/\/www.gaveanews.com\/#website\"},\"primaryImageOfPage\":{\"@id\":\"https:\/\/www.gaveanews.com\/index.php\/2025\/04\/10\/situacao-de-bastos-novo-xodo-da-torcida-e-declaracao-de-andre-rizek-as-ultimas-noticias-do-botafogo\/#primaryimage\"},\"image\":{\"@id\":\"https:\/\/www.gaveanews.com\/index.php\/2025\/04\/10\/situacao-de-bastos-novo-xodo-da-torcida-e-declaracao-de-andre-rizek-as-ultimas-noticias-do-botafogo\/#primaryimage\"},\"thumbnailUrl\":\"https:\/\/www.gaveanews.com\/wp-content\/uploads\/Escudo-do-Botafogo-1.webp\",\"datePublished\":\"2025-04-10T19:10:00+00:00\",\"author\":{\"@id\":\"https:\/\/www.gaveanews.com\/#\/schema\/person\/c79759ca337c40791ae8d08e2923d403\"},\"breadcrumb\":{\"@id\":\"https:\/\/www.gaveanews.com\/index.php\/2025\/04\/10\/situacao-de-bastos-novo-xodo-da-torcida-e-declaracao-de-andre-rizek-as-ultimas-noticias-do-botafogo\/#breadcrumb\"},\"inLanguage\":\"pt-BR\",\"potentialAction\":[{\"@type\":\"ReadAction\",\"target\":[\"https:\/\/www.gaveanews.com\/index.php\/2025\/04\/10\/situacao-de-bastos-novo-xodo-da-torcida-e-declaracao-de-andre-rizek-as-ultimas-noticias-do-botafogo\/\"]}]},{\"@type\":\"ImageObject\",\"inLanguage\":\"pt-BR\",\"@id\":\"https:\/\/www.gaveanews.com\/index.php\/2025\/04\/10\/situacao-de-bastos-novo-xodo-da-torcida-e-declaracao-de-andre-rizek-as-ultimas-noticias-do-botafogo\/#primaryimage\",\"url\":\"https:\/\/www.gaveanews.com\/wp-content\/uploads\/Escudo-do-Botafogo-1.webp\",\"contentUrl\":\"https:\/\/www.gaveanews.com\/wp-content\/uploads\/Escudo-do-Botafogo-1.webp\",\"width\":787,\"height\":525,\"caption\":\"Escudo do Botafogo (Foto: Reprodu\u00e7\u00e3o\/Botafogo)\"},{\"@type\":\"BreadcrumbList\",\"@id\":\"https:\/\/www.gaveanews.com\/index.php\/2025\/04\/10\/situacao-de-bastos-novo-xodo-da-torcida-e-declaracao-de-andre-rizek-as-ultimas-noticias-do-botafogo\/#breadcrumb\",\"itemListElement\":[{\"@type\":\"ListItem\",\"position\":1,\"name\":\"Home\",\"item\":\"https:\/\/www.gaveanews.com\/\"},{\"@type\":\"ListItem\",\"position\":2,\"name\":\"Situa\u00e7\u00e3o de Bastos, novo xod\u00f3 da torcida e declara\u00e7\u00e3o de Andr\u00e9 Rizek: as \u00faltimas not\u00edcias do Botafogo\"}]},{\"@type\":\"WebSite\",\"@id\":\"https:\/\/www.gaveanews.com\/#website\",\"url\":\"https:\/\/www.gaveanews.com\/\",\"name\":\"G\u00e1vea News\",\"description\":\"Veja todas as not\u00edcias sobre o Flamengo: Contrata\u00e7\u00f5es, categorias de base, resultados das partidas, tabela de classifica\u00e7\u00e3o, pr\u00f3ximos jogos!\",\"potentialAction\":[{\"@type\":\"SearchAction\",\"target\":{\"@type\":\"EntryPoint\",\"urlTemplate\":\"https:\/\/www.gaveanews.com\/?s={search_term_string}\"},\"query-input\":{\"@type\":\"PropertyValueSpecification\",\"valueRequired\":true,\"valueName\":\"search_term_string\"}}],\"inLanguage\":\"pt-BR\"},{\"@type\":\"Person\",\"@id\":\"https:\/\/www.gaveanews.com\/#\/schema\/person\/c79759ca337c40791ae8d08e2923d403\",\"name\":\"Brenda Cezillo\",\"image\":{\"@type\":\"ImageObject\",\"inLanguage\":\"pt-BR\",\"@id\":\"https:\/\/www.gaveanews.com\/#\/schema\/person\/image\/\",\"url\":\"https:\/\/secure.gravatar.com\/avatar\/1738d75cee7317f9c29ae61dd67620c5883d80a92e42a6fff88ae5d527af217a?s=96&d=mm&r=g\",\"contentUrl\":\"https:\/\/secure.gravatar.com\/avatar\/1738d75cee7317f9c29ae61dd67620c5883d80a92e42a6fff88ae5d527af217a?s=96&d=mm&r=g\",\"caption\":\"Brenda Cezillo\"}}]}<\/script>\n<!-- \/ Yoast SEO Premium plugin. -->","yoast_head_json":{"title":"Situa\u00e7\u00e3o de Bastos, novo xod\u00f3 da torcida e declara\u00e7\u00e3o de Andr\u00e9 Rizek: as \u00faltimas not\u00edcias do Botafogo","robots":{"index":"index","follow":"follow","max-snippet":"max-snippet:-1","max-image-preview":"max-image-preview:large","max-video-preview":"max-video-preview:-1"},"canonical":"https:\/\/www.gaveanews.com\/index.php\/2025\/04\/10\/situacao-de-bastos-novo-xodo-da-torcida-e-declaracao-de-andre-rizek-as-ultimas-noticias-do-botafogo\/","og_locale":"pt_BR","og_type":"article","og_title":"Situa\u00e7\u00e3o de Bastos, novo xod\u00f3 da torcida e declara\u00e7\u00e3o de Andr\u00e9 Rizek: as \u00faltimas not\u00edcias do Botafogo","og_description":"Nas \u00faltimas horas, o foco das not\u00edcias sobre o Botafogo se concentram nos bastidores do clube, com destaques do dia a dia do time. Por conta deste contexto, leia abaixo um resumo preparado pela equipe do portal G\u00e1vea News para lhe manter muito bem informado! Declara\u00e7\u00e3o de Andr\u00e9 Rizek Para o jornalista Andr\u00e9 Rizek, Flamengo, [&hellip;]","og_url":"https:\/\/www.gaveanews.com\/index.php\/2025\/04\/10\/situacao-de-bastos-novo-xodo-da-torcida-e-declaracao-de-andre-rizek-as-ultimas-noticias-do-botafogo\/","og_site_name":"G\u00e1vea News","article_publisher":"https:\/\/facebook.com\/gaveaNews\/","article_published_time":"2025-04-10T19:10:00+00:00","og_image":[{"width":787,"height":525,"url":"https:\/\/www.gaveanews.com\/wp-content\/uploads\/Escudo-do-Botafogo-1.webp","type":"image\/webp"}],"author":"Brenda Cezillo","twitter_card":"summary_large_image","twitter_misc":{"Escrito por":"Brenda Cezillo","Est. tempo de leitura":"5 minutos"},"schema":{"@context":"https:\/\/schema.org","@graph":[{"@type":"NewsArticle","@id":"https:\/\/www.gaveanews.com\/index.php\/2025\/04\/10\/situacao-de-bastos-novo-xodo-da-torcida-e-declaracao-de-andre-rizek-as-ultimas-noticias-do-botafogo\/#article","isPartOf":{"@id":"https:\/\/www.gaveanews.com\/index.php\/2025\/04\/10\/situacao-de-bastos-novo-xodo-da-torcida-e-declaracao-de-andre-rizek-as-ultimas-noticias-do-botafogo\/"},"author":{"name":"Brenda Cezillo","@id":"https:\/\/www.gaveanews.com\/#\/schema\/person\/c79759ca337c40791ae8d08e2923d403"},"headline":"Situa\u00e7\u00e3o de Bastos, novo xod\u00f3 da torcida e declara\u00e7\u00e3o de Andr\u00e9 Rizek: as \u00faltimas not\u00edcias do Botafogo","datePublished":"2025-04-10T19:10:00+00:00","mainEntityOfPage":{"@id":"https:\/\/www.gaveanews.com\/index.php\/2025\/04\/10\/situacao-de-bastos-novo-xodo-da-torcida-e-declaracao-de-andre-rizek-as-ultimas-noticias-do-botafogo\/"},"wordCount":766,"commentCount":0,"image":{"@id":"https:\/\/www.gaveanews.com\/index.php\/2025\/04\/10\/situacao-de-bastos-novo-xodo-da-torcida-e-declaracao-de-andre-rizek-as-ultimas-noticias-do-botafogo\/#primaryimage"},"thumbnailUrl":"https:\/\/www.gaveanews.com\/wp-content\/uploads\/Escudo-do-Botafogo-1.webp","articleSection":["Botafogo"],"inLanguage":"pt-BR","potentialAction":[{"@type":"CommentAction","name":"Comment","target":["https:\/\/www.gaveanews.com\/index.php\/2025\/04\/10\/situacao-de-bastos-novo-xodo-da-torcida-e-declaracao-de-andre-rizek-as-ultimas-noticias-do-botafogo\/#respond"]}],"copyrightYear":"2025","copyrightHolder":{"@id":"https:\/\/www.gaveanews.com\/#organization"}},{"@type":"WebPage","@id":"https:\/\/www.gaveanews.com\/index.php\/2025\/04\/10\/situacao-de-bastos-novo-xodo-da-torcida-e-declaracao-de-andre-rizek-as-ultimas-noticias-do-botafogo\/","url":"https:\/\/www.gaveanews.com\/index.php\/2025\/04\/10\/situacao-de-bastos-novo-xodo-da-torcida-e-declaracao-de-andre-rizek-as-ultimas-noticias-do-botafogo\/","name":"Situa\u00e7\u00e3o de Bastos, novo xod\u00f3 da torcida e declara\u00e7\u00e3o de Andr\u00e9 Rizek: as \u00faltimas not\u00edcias do Botafogo","isPartOf":{"@id":"https:\/\/www.gaveanews.com\/#website"},"primaryImageOfPage":{"@id":"https:\/\/www.gaveanews.com\/index.php\/2025\/04\/10\/situacao-de-bastos-novo-xodo-da-torcida-e-declaracao-de-andre-rizek-as-ultimas-noticias-do-botafogo\/#primaryimage"},"image":{"@id":"https:\/\/www.gaveanews.com\/index.php\/2025\/04\/10\/situacao-de-bastos-novo-xodo-da-torcida-e-declaracao-de-andre-rizek-as-ultimas-noticias-do-botafogo\/#primaryimage"},"thumbnailUrl":"https:\/\/www.gaveanews.com\/wp-content\/uploads\/Escudo-do-Botafogo-1.webp","datePublished":"2025-04-10T19:10:00+00:00","author":{"@id":"https:\/\/www.gaveanews.com\/#\/schema\/person\/c79759ca337c40791ae8d08e2923d403"},"breadcrumb":{"@id":"https:\/\/www.gaveanews.com\/index.php\/2025\/04\/10\/situacao-de-bastos-novo-xodo-da-torcida-e-declaracao-de-andre-rizek-as-ultimas-noticias-do-botafogo\/#breadcrumb"},"inLanguage":"pt-BR","potentialAction":[{"@type":"ReadAction","target":["https:\/\/www.gaveanews.com\/index.php\/2025\/04\/10\/situacao-de-bastos-novo-xodo-da-torcida-e-declaracao-de-andre-rizek-as-ultimas-noticias-do-botafogo\/"]}]},{"@type":"ImageObject","inLanguage":"pt-BR","@id":"https:\/\/www.gaveanews.com\/index.php\/2025\/04\/10\/situacao-de-bastos-novo-xodo-da-torcida-e-declaracao-de-andre-rizek-as-ultimas-noticias-do-botafogo\/#primaryimage","url":"https:\/\/www.gaveanews.com\/wp-content\/uploads\/Escudo-do-Botafogo-1.webp","contentUrl":"https:\/\/www.gaveanews.com\/wp-content\/uploads\/Escudo-do-Botafogo-1.webp","width":787,"height":525,"caption":"Escudo do Botafogo (Foto: Reprodu\u00e7\u00e3o\/Botafogo)"},{"@type":"BreadcrumbList","@id":"https:\/\/www.gaveanews.com\/index.php\/2025\/04\/10\/situacao-de-bastos-novo-xodo-da-torcida-e-declaracao-de-andre-rizek-as-ultimas-noticias-do-botafogo\/#breadcrumb","itemListElement":[{"@type":"ListItem","position":1,"name":"Home","item":"https:\/\/www.gaveanews.com\/"},{"@type":"ListItem","position":2,"name":"Situa\u00e7\u00e3o de Bastos, novo xod\u00f3 da torcida e declara\u00e7\u00e3o de Andr\u00e9 Rizek: as \u00faltimas not\u00edcias do Botafogo"}]},{"@type":"WebSite","@id":"https:\/\/www.gaveanews.com\/#website","url":"https:\/\/www.gaveanews.com\/","name":"G\u00e1vea News","description":"Veja todas as not\u00edcias sobre o Flamengo: Contrata\u00e7\u00f5es, categorias de base, resultados das partidas, tabela de classifica\u00e7\u00e3o, pr\u00f3ximos jogos!","potentialAction":[{"@type":"SearchAction","target":{"@type":"EntryPoint","urlTemplate":"https:\/\/www.gaveanews.com\/?s={search_term_string}"},"query-input":{"@type":"PropertyValueSpecification","valueRequired":true,"valueName":"search_term_string"}}],"inLanguage":"pt-BR"},{"@type":"Person","@id":"https:\/\/www.gaveanews.com\/#\/schema\/person\/c79759ca337c40791ae8d08e2923d403","name":"Brenda Cezillo","image":{"@type":"ImageObject","inLanguage":"pt-BR","@id":"https:\/\/www.gaveanews.com\/#\/schema\/person\/image\/","url":"https:\/\/secure.gravatar.com\/avatar\/1738d75cee7317f9c29ae61dd67620c5883d80a92e42a6fff88ae5d527af217a?s=96&d=mm&r=g","contentUrl":"https:\/\/secure.gravatar.com\/avatar\/1738d75cee7317f9c29ae61dd67620c5883d80a92e42a6fff88ae5d527af217a?s=96&d=mm&r=g","caption":"Brenda Cezillo"}}]}},"_links":{"self":[{"href":"https:\/\/www.gaveanews.com\/index.php\/wp-json\/wp\/v2\/posts\/251641","targetHints":{"allow":["GET"]}}],"collection":[{"href":"https:\/\/www.gaveanews.com\/index.php\/wp-json\/wp\/v2\/posts"}],"about":[{"href":"https:\/\/www.gaveanews.com\/index.php\/wp-json\/wp\/v2\/types\/post"}],"author":[{"embeddable":true,"href":"https:\/\/www.gaveanews.com\/index.php\/wp-json\/wp\/v2\/users\/33"}],"replies":[{"embeddable":true,"href":"https:\/\/www.gaveanews.com\/index.php\/wp-json\/wp\/v2\/comments?post=251641"}],"version-history":[{"count":1,"href":"https:\/\/www.gaveanews.com\/index.php\/wp-json\/wp\/v2\/posts\/251641\/revisions"}],"predecessor-version":[{"id":251676,"href":"https:\/\/www.gaveanews.com\/index.php\/wp-json\/wp\/v2\/posts\/251641\/revisions\/251676"}],"wp:featuredmedia":[{"embeddable":true,"href":"https:\/\/www.gaveanews.com\/index.php\/wp-json\/wp\/v2\/media\/182060"}],"wp:attachment":[{"href":"https:\/\/www.gaveanews.com\/index.php\/wp-json\/wp\/v2\/media?parent=251641"}],"wp:term":[{"taxonomy":"category","embeddable":true,"href":"https:\/\/www.gaveanews.com\/index.php\/wp-json\/wp\/v2\/categories?post=251641"},{"taxonomy":"post_tag","embeddable":true,"href":"https:\/\/www.gaveanews.com\/index.php\/wp-json\/wp\/v2\/tags?post=251641"}],"curies":[{"name":"wp","href":"https:\/\/api.w.org\/{rel}","templated":true}]}}