{"id":251644,"date":"2025-04-10T14:30:00","date_gmt":"2025-04-10T17:30:00","guid":{"rendered":"https:\/\/www.gaveanews.com\/?p=251644"},"modified":"2025-04-10T12:31:50","modified_gmt":"2025-04-10T15:31:50","slug":"a-declaracao-de-pvc-direcionada-a-richard-rios-do-palmeiras","status":"publish","type":"post","link":"https:\/\/www.gaveanews.com\/index.php\/2025\/04\/10\/a-declaracao-de-pvc-direcionada-a-richard-rios-do-palmeiras\/","title":{"rendered":"A declara\u00e7\u00e3o de PVC direcionada a Richard R\u00edos, do Palmeiras"},"content":{"rendered":"\n<p>A vit\u00f3ria do Palmeiras pelo placar m\u00ednimo sobre o Cerro Porte\u00f1o, na noite de quarta-feira (09), pela fase de grupos da Libertadores, ficou marcada n\u00e3o apenas pelo desempenho em campo, mas principalmente pelo protagonismo contradit\u00f3rio de Richard R\u00edos. Conforme analisado pelo jornalista Paulo Vinicius Coelho (PVC), o volante colombiano foi o melhor jogador da partida \u2014 ao mesmo tempo em que dividiu os torcedores com um gesto pol\u00eamico logo ap\u00f3s marcar o gol da vit\u00f3ria.<\/p>\n\n\n\n<p>De acordo com PVC, a atua\u00e7\u00e3o de R\u00edos foi decisiva sob diversos aspectos. Al\u00e9m do gol, que foi o resultado de uma jogada bem constru\u00edda com passe de Murilo, cruzamento de Facundo Torres e assist\u00eancia de Felipe Anderson, o colombiano se destacou por sua movimenta\u00e7\u00e3o t\u00e1tica. \u201cSua capacidade de se infiltrar mexia com o sistema defensivo do time paraguaio\u201d, observou o colunista.<\/p>\n\n\n\n<p>Vale destacar que o Cerro Porte\u00f1o vinha de cinco vit\u00f3rias consecutivas na competi\u00e7\u00e3o, com 17 gols marcados e apenas cinco sofridos. Ou seja, tratava-se de um advers\u00e1rio bem estruturado defensivamente. Ainda assim, o Palmeiras conseguiu furar esse bloqueio gra\u00e7as \u00e0 movimenta\u00e7\u00e3o inteligente e \u00e0 boa leitura de jogo de R\u00edos.<\/p>\n\n\n\n<p>Entretanto, o destaque positivo rapidamente ganhou contornos pol\u00eamicos. Ap\u00f3s balan\u00e7ar as redes, o camisa 8 levou o dedo aos l\u00e1bios em sinal de sil\u00eancio direcionado \u00e0 pr\u00f3pria torcida, em resposta \u00e0s cr\u00edticas que vinha recebendo. A atitude gerou um efeito imediato nas arquibancadas do Allianz Parque. N\u00e3o \u00e0 toa, o jogador foi intitulado por PVC como &#8220;her\u00f3i e vil\u00e3o&#8221;.<\/p>\n\n\n\n<h2 class=\"wp-block-heading\" id=\"h-reacao-da-torcida\"><strong>Rea\u00e7\u00e3o da torcida <\/strong><\/h2>\n\n\n\n<p>O gesto foi interpretado por parte dos torcedores como desrespeito. Assim que o \u00e1rbitro Andr\u00e9s Rojas apitou o final do primeiro tempo, parte da torcida entoou: \u201cR\u00edos, presta aten\u00e7\u00e3o, muito respeito com a camisa do Verd\u00e3o!\u201d. A situa\u00e7\u00e3o se agravou no segundo tempo, quando o jogador passou a ser vaiado a cada toque na bola e ouviu xingamentos das arquibancadas.<\/p>\n\n\n\n<p>Ainda assim, R\u00edos manteve seu desempenho em alto n\u00edvel. Foi substitu\u00eddo aos 37 minutos por An\u00edbal Moreno e deixou o campo com as duas m\u00e3os levantadas em sinal de desculpas. O gesto de humildade foi reconhecido, pois uma parcela dos torcedores o aplaudiu no momento da substitui\u00e7\u00e3o.<\/p>\n\n\n\n<p>PVC tamb\u00e9m destacou a atua\u00e7\u00e3o de Felipe Anderson, que substituiu Raphael Veiga aos 12 minutos devido a uma les\u00e3o no ombro. Posicionado na direita, o meia demonstrou entrosamento e participou diretamente das principais jogadas ofensivas da equipe, incluindo o passe para o gol de R\u00edos e outro para Vitor Roque, que teve gol anulado.<\/p>\n\n\n\n<p>O resultado levou o Palmeiras aos seis pontos em dois jogos, fortalecendo sua posi\u00e7\u00e3o no grupo e abrindo caminho para as oitavas de final. Contudo, conforme pontuado pelo colunista, o duelo contra o Bol\u00edvar em La Paz, daqui a duas semanas, promete ser um grande desafio.<\/p>\n\n\n\n<p>&#8220;Richard R\u00edos foi o melhor jogador em campo na vit\u00f3ria do Palmeiras sobre o Cerro Porte\u00f1o por 1 x 0.Principalmente porque sua capacidade de se infiltrar mexia com o sistema defensivo do time paraguaio, que j\u00e1 havia disputado cinco partidas na Libertadores, vencido todas, marcado 17 vezes e sofrido s\u00f3 cinco gols&#8221;, opinou o jornalista.<\/p>\n\n\n\n<h3 class=\"wp-block-heading\" id=\"h-desabafo-emocional-e-pedido-de-desculpas-de-rios\"><strong>Desabafo emocional e pedido de desculpas de R\u00edos<\/strong><\/h3>\n\n\n\n<p>Ap\u00f3s a partida, Richard R\u00edos utilizou as redes sociais do clube para se dirigir diretamente \u00e0 torcida, em um desabafo que revelou um momento pessoal delicado. \u201cVenho atravessando um momento complicado na minha vida. Nada \u00e9 desculpa pra isso, mas assumir os erros que a gente comete\u201d, declarou.<\/p>\n\n\n\n<p>O volante enfatizou que seu gesto foi um desabafo e n\u00e3o um ataque aos torcedores. \u201cNunca fui de responder a algu\u00e9m. Isso saiu mais como desabafo mesmo\u201d, explicou. Ele ainda agradeceu ao apoio recebido: \u201cSempre estiveram me apoiando, sempre me deram palavras de incentivo. Obrigado pelo carinho que voc\u00eas t\u00eam por mim, pela minha fam\u00edlia\u201d.<\/p>\n\n\n\n<p>O colombiano reiterou o pedido de desculpas diversas vezes: ao ser substitu\u00eddo, ao final da partida \u2014 quando jogou sua camisa para os torcedores \u2014, e tamb\u00e9m na entrevista \u00e0 ESPN. \u201cTenho certeza que isso aqui n\u00e3o vai acontecer mais. N\u00e3o sou esse tipo de jogador e nem de pessoa\u201d, garantiu.<\/p>\n\n\n\n<p>Ali\u00e1s, antes do intervalo, R\u00edos ainda protagonizou um momento tenso ao discutir com Vitor Roque em campo. O entrevero precisou ser contido por Gustavo G\u00f3mez e Bruno Fuchs.<\/p>\n\n\n\n<h2 class=\"wp-block-heading\" id=\"h-clube-mira-sequencia-no-brasileirao\"><strong>Clube mira sequ\u00eancia no Brasileir\u00e3o<\/strong><\/h2>\n\n\n\n<p>Mesmo em meio \u00e0 pol\u00eamica, o Palmeiras tratou o epis\u00f3dio de maneira p\u00fablica e transparente, divulgando o v\u00eddeo do pedido de desculpas em seus canais oficiais. A atitude demonstra a tentativa de preservar a rela\u00e7\u00e3o entre atleta e torcedores, especialmente em um momento em que o clube busca consolidar seu planejamento para a temporada.<\/p>\n\n\n\n<p>Com o compromisso pela Libertadores conclu\u00eddo, o time volta a campo no s\u00e1bado (12), \u00e0s 18h30, quando enfrenta o Corinthians pelo Campeonato Brasileiro. Posteriormente, ter\u00e1 desafios fora de casa contra Internacional e Fortaleza, todos pela competi\u00e7\u00e3o nacional.<\/p>\n","protected":false},"excerpt":{"rendered":"<p>A vit\u00f3ria do Palmeiras pelo placar m\u00ednimo sobre o Cerro Porte\u00f1o, na noite de quarta-feira (09), pela fase de grupos da Libertadores, ficou marcada n\u00e3o apenas pelo desempenho em campo, mas principalmente pelo protagonismo contradit\u00f3rio de Richard R\u00edos. Conforme analisado pelo jornalista Paulo Vinicius Coelho (PVC), o volante colombiano foi o melhor jogador da partida [&hellip;]<\/p>\n","protected":false},"author":30,"featured_media":118615,"comment_status":"open","ping_status":"closed","sticky":false,"template":"","format":"standard","meta":{"footnotes":""},"categories":[150],"tags":[],"class_list":["post-251644","post","type-post","status-publish","format-standard","has-post-thumbnail","hentry","category-palmeiras"],"yoast_head":"<!-- This site is optimized with the Yoast SEO Premium plugin v24.2 (Yoast SEO v26.9) - https:\/\/yoast.com\/product\/yoast-seo-premium-wordpress\/ -->\n<title>A declara\u00e7\u00e3o de PVC direcionada a Richard R\u00edos, do Palmeiras<\/title>\n<meta name=\"robots\" content=\"index, follow, max-snippet:-1, max-image-preview:large, max-video-preview:-1\" \/>\n<link rel=\"canonical\" href=\"https:\/\/www.gaveanews.com\/index.php\/2025\/04\/10\/a-declaracao-de-pvc-direcionada-a-richard-rios-do-palmeiras\/\" \/>\n<meta property=\"og:locale\" content=\"pt_BR\" \/>\n<meta property=\"og:type\" content=\"article\" \/>\n<meta property=\"og:title\" content=\"A declara\u00e7\u00e3o de PVC direcionada a Richard R\u00edos, do Palmeiras\" \/>\n<meta property=\"og:description\" content=\"A vit\u00f3ria do Palmeiras pelo placar m\u00ednimo sobre o Cerro Porte\u00f1o, na noite de quarta-feira (09), pela fase de grupos da Libertadores, ficou marcada n\u00e3o apenas pelo desempenho em campo, mas principalmente pelo protagonismo contradit\u00f3rio de Richard R\u00edos. Conforme analisado pelo jornalista Paulo Vinicius Coelho (PVC), o volante colombiano foi o melhor jogador da partida [&hellip;]\" \/>\n<meta property=\"og:url\" content=\"https:\/\/www.gaveanews.com\/index.php\/2025\/04\/10\/a-declaracao-de-pvc-direcionada-a-richard-rios-do-palmeiras\/\" \/>\n<meta property=\"og:site_name\" content=\"G\u00e1vea News\" \/>\n<meta property=\"article:publisher\" content=\"https:\/\/facebook.com\/gaveaNews\/\" \/>\n<meta property=\"article:published_time\" content=\"2025-04-10T17:30:00+00:00\" \/>\n<meta property=\"og:image\" content=\"https:\/\/www.gaveanews.com\/wp-content\/uploads\/pvc-paulo-vinicius-coelho-saiu-da-globo-foto-reproducao-sportv_fixed_large.webp\" \/>\n\t<meta property=\"og:image:width\" content=\"990\" \/>\n\t<meta property=\"og:image:height\" content=\"619\" \/>\n\t<meta property=\"og:image:type\" content=\"image\/webp\" \/>\n<meta name=\"author\" content=\"Ana Teixeira\" \/>\n<meta name=\"twitter:card\" content=\"summary_large_image\" \/>\n<meta name=\"twitter:label1\" content=\"Escrito por\" \/>\n\t<meta name=\"twitter:data1\" content=\"Ana Teixeira\" \/>\n\t<meta name=\"twitter:label2\" content=\"Est. tempo de leitura\" \/>\n\t<meta name=\"twitter:data2\" content=\"5 minutos\" \/>\n<script type=\"application\/ld+json\" class=\"yoast-schema-graph\">{\"@context\":\"https:\/\/schema.org\",\"@graph\":[{\"@type\":\"NewsArticle\",\"@id\":\"https:\/\/www.gaveanews.com\/index.php\/2025\/04\/10\/a-declaracao-de-pvc-direcionada-a-richard-rios-do-palmeiras\/#article\",\"isPartOf\":{\"@id\":\"https:\/\/www.gaveanews.com\/index.php\/2025\/04\/10\/a-declaracao-de-pvc-direcionada-a-richard-rios-do-palmeiras\/\"},\"author\":{\"name\":\"Ana Teixeira\",\"@id\":\"https:\/\/www.gaveanews.com\/#\/schema\/person\/3b19f7288b0ce20372991275e4f2e6c2\"},\"headline\":\"A declara\u00e7\u00e3o de PVC direcionada a Richard R\u00edos, do Palmeiras\",\"datePublished\":\"2025-04-10T17:30:00+00:00\",\"mainEntityOfPage\":{\"@id\":\"https:\/\/www.gaveanews.com\/index.php\/2025\/04\/10\/a-declaracao-de-pvc-direcionada-a-richard-rios-do-palmeiras\/\"},\"wordCount\":869,\"commentCount\":0,\"image\":{\"@id\":\"https:\/\/www.gaveanews.com\/index.php\/2025\/04\/10\/a-declaracao-de-pvc-direcionada-a-richard-rios-do-palmeiras\/#primaryimage\"},\"thumbnailUrl\":\"https:\/\/www.gaveanews.com\/wp-content\/uploads\/pvc-paulo-vinicius-coelho-saiu-da-globo-foto-reproducao-sportv_fixed_large.webp\",\"articleSection\":[\"Palmeiras\"],\"inLanguage\":\"pt-BR\",\"potentialAction\":[{\"@type\":\"CommentAction\",\"name\":\"Comment\",\"target\":[\"https:\/\/www.gaveanews.com\/index.php\/2025\/04\/10\/a-declaracao-de-pvc-direcionada-a-richard-rios-do-palmeiras\/#respond\"]}],\"copyrightYear\":\"2025\",\"copyrightHolder\":{\"@id\":\"https:\/\/www.gaveanews.com\/#organization\"}},{\"@type\":\"WebPage\",\"@id\":\"https:\/\/www.gaveanews.com\/index.php\/2025\/04\/10\/a-declaracao-de-pvc-direcionada-a-richard-rios-do-palmeiras\/\",\"url\":\"https:\/\/www.gaveanews.com\/index.php\/2025\/04\/10\/a-declaracao-de-pvc-direcionada-a-richard-rios-do-palmeiras\/\",\"name\":\"A declara\u00e7\u00e3o de PVC direcionada a Richard R\u00edos, do Palmeiras\",\"isPartOf\":{\"@id\":\"https:\/\/www.gaveanews.com\/#website\"},\"primaryImageOfPage\":{\"@id\":\"https:\/\/www.gaveanews.com\/index.php\/2025\/04\/10\/a-declaracao-de-pvc-direcionada-a-richard-rios-do-palmeiras\/#primaryimage\"},\"image\":{\"@id\":\"https:\/\/www.gaveanews.com\/index.php\/2025\/04\/10\/a-declaracao-de-pvc-direcionada-a-richard-rios-do-palmeiras\/#primaryimage\"},\"thumbnailUrl\":\"https:\/\/www.gaveanews.com\/wp-content\/uploads\/pvc-paulo-vinicius-coelho-saiu-da-globo-foto-reproducao-sportv_fixed_large.webp\",\"datePublished\":\"2025-04-10T17:30:00+00:00\",\"author\":{\"@id\":\"https:\/\/www.gaveanews.com\/#\/schema\/person\/3b19f7288b0ce20372991275e4f2e6c2\"},\"breadcrumb\":{\"@id\":\"https:\/\/www.gaveanews.com\/index.php\/2025\/04\/10\/a-declaracao-de-pvc-direcionada-a-richard-rios-do-palmeiras\/#breadcrumb\"},\"inLanguage\":\"pt-BR\",\"potentialAction\":[{\"@type\":\"ReadAction\",\"target\":[\"https:\/\/www.gaveanews.com\/index.php\/2025\/04\/10\/a-declaracao-de-pvc-direcionada-a-richard-rios-do-palmeiras\/\"]}]},{\"@type\":\"ImageObject\",\"inLanguage\":\"pt-BR\",\"@id\":\"https:\/\/www.gaveanews.com\/index.php\/2025\/04\/10\/a-declaracao-de-pvc-direcionada-a-richard-rios-do-palmeiras\/#primaryimage\",\"url\":\"https:\/\/www.gaveanews.com\/wp-content\/uploads\/pvc-paulo-vinicius-coelho-saiu-da-globo-foto-reproducao-sportv_fixed_large.webp\",\"contentUrl\":\"https:\/\/www.gaveanews.com\/wp-content\/uploads\/pvc-paulo-vinicius-coelho-saiu-da-globo-foto-reproducao-sportv_fixed_large.webp\",\"width\":990,\"height\":619,\"caption\":\"Paulo Vinicius Coelho em programa do Sportv - Foto: reprodu\u00e7\u00e3o\"},{\"@type\":\"BreadcrumbList\",\"@id\":\"https:\/\/www.gaveanews.com\/index.php\/2025\/04\/10\/a-declaracao-de-pvc-direcionada-a-richard-rios-do-palmeiras\/#breadcrumb\",\"itemListElement\":[{\"@type\":\"ListItem\",\"position\":1,\"name\":\"Home\",\"item\":\"https:\/\/www.gaveanews.com\/\"},{\"@type\":\"ListItem\",\"position\":2,\"name\":\"A declara\u00e7\u00e3o de PVC direcionada a Richard R\u00edos, do Palmeiras\"}]},{\"@type\":\"WebSite\",\"@id\":\"https:\/\/www.gaveanews.com\/#website\",\"url\":\"https:\/\/www.gaveanews.com\/\",\"name\":\"G\u00e1vea News\",\"description\":\"Veja todas as not\u00edcias sobre o Flamengo: Contrata\u00e7\u00f5es, categorias de base, resultados das partidas, tabela de classifica\u00e7\u00e3o, pr\u00f3ximos jogos!\",\"potentialAction\":[{\"@type\":\"SearchAction\",\"target\":{\"@type\":\"EntryPoint\",\"urlTemplate\":\"https:\/\/www.gaveanews.com\/?s={search_term_string}\"},\"query-input\":{\"@type\":\"PropertyValueSpecification\",\"valueRequired\":true,\"valueName\":\"search_term_string\"}}],\"inLanguage\":\"pt-BR\"},{\"@type\":\"Person\",\"@id\":\"https:\/\/www.gaveanews.com\/#\/schema\/person\/3b19f7288b0ce20372991275e4f2e6c2\",\"name\":\"Ana Teixeira\",\"image\":{\"@type\":\"ImageObject\",\"inLanguage\":\"pt-BR\",\"@id\":\"https:\/\/www.gaveanews.com\/#\/schema\/person\/image\/\",\"url\":\"https:\/\/secure.gravatar.com\/avatar\/0a73f5a5258f3fed37fc2fa641892f3f7a4748456d4d4792f9bc550e6c19e06c?s=96&d=mm&r=g\",\"contentUrl\":\"https:\/\/secure.gravatar.com\/avatar\/0a73f5a5258f3fed37fc2fa641892f3f7a4748456d4d4792f9bc550e6c19e06c?s=96&d=mm&r=g\",\"caption\":\"Ana Teixeira\"}}]}<\/script>\n<!-- \/ Yoast SEO Premium plugin. -->","yoast_head_json":{"title":"A declara\u00e7\u00e3o de PVC direcionada a Richard R\u00edos, do Palmeiras","robots":{"index":"index","follow":"follow","max-snippet":"max-snippet:-1","max-image-preview":"max-image-preview:large","max-video-preview":"max-video-preview:-1"},"canonical":"https:\/\/www.gaveanews.com\/index.php\/2025\/04\/10\/a-declaracao-de-pvc-direcionada-a-richard-rios-do-palmeiras\/","og_locale":"pt_BR","og_type":"article","og_title":"A declara\u00e7\u00e3o de PVC direcionada a Richard R\u00edos, do Palmeiras","og_description":"A vit\u00f3ria do Palmeiras pelo placar m\u00ednimo sobre o Cerro Porte\u00f1o, na noite de quarta-feira (09), pela fase de grupos da Libertadores, ficou marcada n\u00e3o apenas pelo desempenho em campo, mas principalmente pelo protagonismo contradit\u00f3rio de Richard R\u00edos. Conforme analisado pelo jornalista Paulo Vinicius Coelho (PVC), o volante colombiano foi o melhor jogador da partida [&hellip;]","og_url":"https:\/\/www.gaveanews.com\/index.php\/2025\/04\/10\/a-declaracao-de-pvc-direcionada-a-richard-rios-do-palmeiras\/","og_site_name":"G\u00e1vea News","article_publisher":"https:\/\/facebook.com\/gaveaNews\/","article_published_time":"2025-04-10T17:30:00+00:00","og_image":[{"width":990,"height":619,"url":"https:\/\/www.gaveanews.com\/wp-content\/uploads\/pvc-paulo-vinicius-coelho-saiu-da-globo-foto-reproducao-sportv_fixed_large.webp","type":"image\/webp"}],"author":"Ana Teixeira","twitter_card":"summary_large_image","twitter_misc":{"Escrito por":"Ana Teixeira","Est. tempo de leitura":"5 minutos"},"schema":{"@context":"https:\/\/schema.org","@graph":[{"@type":"NewsArticle","@id":"https:\/\/www.gaveanews.com\/index.php\/2025\/04\/10\/a-declaracao-de-pvc-direcionada-a-richard-rios-do-palmeiras\/#article","isPartOf":{"@id":"https:\/\/www.gaveanews.com\/index.php\/2025\/04\/10\/a-declaracao-de-pvc-direcionada-a-richard-rios-do-palmeiras\/"},"author":{"name":"Ana Teixeira","@id":"https:\/\/www.gaveanews.com\/#\/schema\/person\/3b19f7288b0ce20372991275e4f2e6c2"},"headline":"A declara\u00e7\u00e3o de PVC direcionada a Richard R\u00edos, do Palmeiras","datePublished":"2025-04-10T17:30:00+00:00","mainEntityOfPage":{"@id":"https:\/\/www.gaveanews.com\/index.php\/2025\/04\/10\/a-declaracao-de-pvc-direcionada-a-richard-rios-do-palmeiras\/"},"wordCount":869,"commentCount":0,"image":{"@id":"https:\/\/www.gaveanews.com\/index.php\/2025\/04\/10\/a-declaracao-de-pvc-direcionada-a-richard-rios-do-palmeiras\/#primaryimage"},"thumbnailUrl":"https:\/\/www.gaveanews.com\/wp-content\/uploads\/pvc-paulo-vinicius-coelho-saiu-da-globo-foto-reproducao-sportv_fixed_large.webp","articleSection":["Palmeiras"],"inLanguage":"pt-BR","potentialAction":[{"@type":"CommentAction","name":"Comment","target":["https:\/\/www.gaveanews.com\/index.php\/2025\/04\/10\/a-declaracao-de-pvc-direcionada-a-richard-rios-do-palmeiras\/#respond"]}],"copyrightYear":"2025","copyrightHolder":{"@id":"https:\/\/www.gaveanews.com\/#organization"}},{"@type":"WebPage","@id":"https:\/\/www.gaveanews.com\/index.php\/2025\/04\/10\/a-declaracao-de-pvc-direcionada-a-richard-rios-do-palmeiras\/","url":"https:\/\/www.gaveanews.com\/index.php\/2025\/04\/10\/a-declaracao-de-pvc-direcionada-a-richard-rios-do-palmeiras\/","name":"A declara\u00e7\u00e3o de PVC direcionada a Richard R\u00edos, do Palmeiras","isPartOf":{"@id":"https:\/\/www.gaveanews.com\/#website"},"primaryImageOfPage":{"@id":"https:\/\/www.gaveanews.com\/index.php\/2025\/04\/10\/a-declaracao-de-pvc-direcionada-a-richard-rios-do-palmeiras\/#primaryimage"},"image":{"@id":"https:\/\/www.gaveanews.com\/index.php\/2025\/04\/10\/a-declaracao-de-pvc-direcionada-a-richard-rios-do-palmeiras\/#primaryimage"},"thumbnailUrl":"https:\/\/www.gaveanews.com\/wp-content\/uploads\/pvc-paulo-vinicius-coelho-saiu-da-globo-foto-reproducao-sportv_fixed_large.webp","datePublished":"2025-04-10T17:30:00+00:00","author":{"@id":"https:\/\/www.gaveanews.com\/#\/schema\/person\/3b19f7288b0ce20372991275e4f2e6c2"},"breadcrumb":{"@id":"https:\/\/www.gaveanews.com\/index.php\/2025\/04\/10\/a-declaracao-de-pvc-direcionada-a-richard-rios-do-palmeiras\/#breadcrumb"},"inLanguage":"pt-BR","potentialAction":[{"@type":"ReadAction","target":["https:\/\/www.gaveanews.com\/index.php\/2025\/04\/10\/a-declaracao-de-pvc-direcionada-a-richard-rios-do-palmeiras\/"]}]},{"@type":"ImageObject","inLanguage":"pt-BR","@id":"https:\/\/www.gaveanews.com\/index.php\/2025\/04\/10\/a-declaracao-de-pvc-direcionada-a-richard-rios-do-palmeiras\/#primaryimage","url":"https:\/\/www.gaveanews.com\/wp-content\/uploads\/pvc-paulo-vinicius-coelho-saiu-da-globo-foto-reproducao-sportv_fixed_large.webp","contentUrl":"https:\/\/www.gaveanews.com\/wp-content\/uploads\/pvc-paulo-vinicius-coelho-saiu-da-globo-foto-reproducao-sportv_fixed_large.webp","width":990,"height":619,"caption":"Paulo Vinicius Coelho em programa do Sportv - Foto: reprodu\u00e7\u00e3o"},{"@type":"BreadcrumbList","@id":"https:\/\/www.gaveanews.com\/index.php\/2025\/04\/10\/a-declaracao-de-pvc-direcionada-a-richard-rios-do-palmeiras\/#breadcrumb","itemListElement":[{"@type":"ListItem","position":1,"name":"Home","item":"https:\/\/www.gaveanews.com\/"},{"@type":"ListItem","position":2,"name":"A declara\u00e7\u00e3o de PVC direcionada a Richard R\u00edos, do Palmeiras"}]},{"@type":"WebSite","@id":"https:\/\/www.gaveanews.com\/#website","url":"https:\/\/www.gaveanews.com\/","name":"G\u00e1vea News","description":"Veja todas as not\u00edcias sobre o Flamengo: Contrata\u00e7\u00f5es, categorias de base, resultados das partidas, tabela de classifica\u00e7\u00e3o, pr\u00f3ximos jogos!","potentialAction":[{"@type":"SearchAction","target":{"@type":"EntryPoint","urlTemplate":"https:\/\/www.gaveanews.com\/?s={search_term_string}"},"query-input":{"@type":"PropertyValueSpecification","valueRequired":true,"valueName":"search_term_string"}}],"inLanguage":"pt-BR"},{"@type":"Person","@id":"https:\/\/www.gaveanews.com\/#\/schema\/person\/3b19f7288b0ce20372991275e4f2e6c2","name":"Ana Teixeira","image":{"@type":"ImageObject","inLanguage":"pt-BR","@id":"https:\/\/www.gaveanews.com\/#\/schema\/person\/image\/","url":"https:\/\/secure.gravatar.com\/avatar\/0a73f5a5258f3fed37fc2fa641892f3f7a4748456d4d4792f9bc550e6c19e06c?s=96&d=mm&r=g","contentUrl":"https:\/\/secure.gravatar.com\/avatar\/0a73f5a5258f3fed37fc2fa641892f3f7a4748456d4d4792f9bc550e6c19e06c?s=96&d=mm&r=g","caption":"Ana Teixeira"}}]}},"_links":{"self":[{"href":"https:\/\/www.gaveanews.com\/index.php\/wp-json\/wp\/v2\/posts\/251644","targetHints":{"allow":["GET"]}}],"collection":[{"href":"https:\/\/www.gaveanews.com\/index.php\/wp-json\/wp\/v2\/posts"}],"about":[{"href":"https:\/\/www.gaveanews.com\/index.php\/wp-json\/wp\/v2\/types\/post"}],"author":[{"embeddable":true,"href":"https:\/\/www.gaveanews.com\/index.php\/wp-json\/wp\/v2\/users\/30"}],"replies":[{"embeddable":true,"href":"https:\/\/www.gaveanews.com\/index.php\/wp-json\/wp\/v2\/comments?post=251644"}],"version-history":[{"count":1,"href":"https:\/\/www.gaveanews.com\/index.php\/wp-json\/wp\/v2\/posts\/251644\/revisions"}],"predecessor-version":[{"id":251653,"href":"https:\/\/www.gaveanews.com\/index.php\/wp-json\/wp\/v2\/posts\/251644\/revisions\/251653"}],"wp:featuredmedia":[{"embeddable":true,"href":"https:\/\/www.gaveanews.com\/index.php\/wp-json\/wp\/v2\/media\/118615"}],"wp:attachment":[{"href":"https:\/\/www.gaveanews.com\/index.php\/wp-json\/wp\/v2\/media?parent=251644"}],"wp:term":[{"taxonomy":"category","embeddable":true,"href":"https:\/\/www.gaveanews.com\/index.php\/wp-json\/wp\/v2\/categories?post=251644"},{"taxonomy":"post_tag","embeddable":true,"href":"https:\/\/www.gaveanews.com\/index.php\/wp-json\/wp\/v2\/tags?post=251644"}],"curies":[{"name":"wp","href":"https:\/\/api.w.org\/{rel}","templated":true}]}}