{"id":251645,"date":"2025-04-10T14:35:00","date_gmt":"2025-04-10T17:35:00","guid":{"rendered":"https:\/\/www.gaveanews.com\/?p=251645"},"modified":"2025-04-10T12:46:09","modified_gmt":"2025-04-10T15:46:09","slug":"jogador-pode-deixar-o-vasco-nesta-temporada","status":"publish","type":"post","link":"https:\/\/www.gaveanews.com\/index.php\/2025\/04\/10\/jogador-pode-deixar-o-vasco-nesta-temporada\/","title":{"rendered":"Jogador pode deixar o Vasco nesta temporada"},"content":{"rendered":"\n<p>A situa\u00e7\u00e3o contratual do volante Jair no Vasco tornou-se tema de aten\u00e7\u00e3o nos bastidores de S\u00e3o Janu\u00e1rio. Com v\u00ednculo v\u00e1lido at\u00e9 o fim de 2025, o jogador n\u00e3o tem perman\u00eancia assegurada, sobretudo diante do atual cen\u00e1rio de incertezas, desvaloriza\u00e7\u00e3o interna e sondagens vindas do futebol dos Estados Unidos.<\/p>\n\n\n\n<p>Revelado como titular na reestrutura\u00e7\u00e3o do elenco vasca\u00edno desde 2023, quando a SAF assumiu o clube e promoveu grandes investimentos, Jair perdeu espa\u00e7o ao longo do tempo. No in\u00edcio, figurou entre os atletas com mais minutagem da temporada passada. No entanto, acabou relegado ao banco de reservas nos meses finais daquele ano, sob o comando do ent\u00e3o t\u00e9cnico Ram\u00f3n D\u00edaz.<\/p>\n\n\n\n<p>Na temporada atual, Jair iniciou como titular, mas perdeu a posi\u00e7\u00e3o para Hugo Moura, atual dono da fun\u00e7\u00e3o de primeiro volante na equipe de F\u00e1bio Carille. Conforme levantamento recente, Jair aparece como o d\u00e9cimo jogador com mais minutos em campo em 2025, ficando atr\u00e1s de colegas como Tch\u00ea Tch\u00ea e o pr\u00f3prio Hugo Moura, entre os meio-campistas de conten\u00e7\u00e3o. Ainda assim, supera nomes como Coc\u00e3o, Paulinho e Sforza nesse crit\u00e9rio.<\/p>\n\n\n\n<p>Ali\u00e1s, a exclus\u00e3o de seu nome da lista de relacionados para o confronto contra o Puerto Cabello, pela Sul-Americana, refor\u00e7ou a percep\u00e7\u00e3o de que sua participa\u00e7\u00e3o no elenco perdeu for\u00e7a. Vale lembrar que Jair havia sido titular na partida anterior, contra o Corinthians, pelo Campeonato Brasileiro.<\/p>\n\n\n\n<h2 class=\"wp-block-heading\" id=\"h-lesao-grave-e-dificuldade-na-retomada\">Les\u00e3o grave e dificuldade na retomada<\/h2>\n\n\n\n<p>Um dos principais fatores que influenciaram a queda de rendimento do volante foi uma grave les\u00e3o sofrida no in\u00edcio de 2024. Durante cl\u00e1ssico contra o Flamengo, v\u00e1lido pelo Campeonato Carioca, Jair rompeu o ligamento cruzado do joelho esquerdo. Como resultado, ficou oito meses fora dos gramados, retornando apenas em outubro daquele ano.<\/p>\n\n\n\n<p>Desde ent\u00e3o, o processo de recupera\u00e7\u00e3o e reintegra\u00e7\u00e3o ao time principal tem sido marcado por instabilidade e perda de espa\u00e7o, ainda que ele tenha tido oportunidade de atuar em algumas partidas sob o comando de Carille.<\/p>\n\n\n\n<h2 class=\"wp-block-heading\" id=\"h-impasse-contratual-e-interesse-internacional\">Impasse contratual e interesse internacional<\/h2>\n\n\n\n<p>A perman\u00eancia de Jair em S\u00e3o Janu\u00e1rio est\u00e1 longe de ser certa. As negocia\u00e7\u00f5es para uma poss\u00edvel renova\u00e7\u00e3o n\u00e3o evolu\u00edram neste primeiro semestre. Diferente de jogadores como Vegetti, L\u00e9o Jardim e Rayan, que j\u00e1 encaminharam suas perman\u00eancias, o volante n\u00e3o teve avan\u00e7os significativos. Um dos entraves \u00e9 o alto valor de seu sal\u00e1rio, considerado incompat\u00edvel com o rendimento atual.<\/p>\n\n\n\n<p>Por isso, embora ainda tenha contrato em vigor, Jair j\u00e1 pode assinar um pr\u00e9-contrato com qualquer outro clube a partir de julho. Inclusive, times da Major League Soccer manifestaram interesse no atleta. A liga norte-americana mant\u00e9m sua janela de transfer\u00eancias aberta at\u00e9 o dia 23 de abril, o que amplia as possibilidades de uma movimenta\u00e7\u00e3o ainda neste m\u00eas.<\/p>\n\n\n\n<p>O clube avalia o caso com cautela. Internamente, entende-se que a situa\u00e7\u00e3o salarial precisa ser equilibrada com o desempenho esportivo, especialmente em um elenco cada vez mais competitivo. Jair, portanto, vive um momento decisivo para seu futuro, seja com a camisa cruz-maltina ou em novos destinos.<\/p>\n","protected":false},"excerpt":{"rendered":"<p>A situa\u00e7\u00e3o contratual do volante Jair no Vasco tornou-se tema de aten\u00e7\u00e3o nos bastidores de S\u00e3o Janu\u00e1rio. Com v\u00ednculo v\u00e1lido at\u00e9 o fim de 2025, o jogador n\u00e3o tem perman\u00eancia assegurada, sobretudo diante do atual cen\u00e1rio de incertezas, desvaloriza\u00e7\u00e3o interna e sondagens vindas do futebol dos Estados Unidos. Revelado como titular na reestrutura\u00e7\u00e3o do elenco [&hellip;]<\/p>\n","protected":false},"author":30,"featured_media":161261,"comment_status":"open","ping_status":"closed","sticky":false,"template":"","format":"standard","meta":{"footnotes":""},"categories":[152],"tags":[],"class_list":["post-251645","post","type-post","status-publish","format-standard","has-post-thumbnail","hentry","category-vasco"],"yoast_head":"<!-- This site is optimized with the Yoast SEO Premium plugin v24.2 (Yoast SEO v26.9) - https:\/\/yoast.com\/product\/yoast-seo-premium-wordpress\/ -->\n<title>Jogador pode deixar o Vasco nesta temporada<\/title>\n<meta name=\"robots\" content=\"index, follow, max-snippet:-1, max-image-preview:large, max-video-preview:-1\" \/>\n<link rel=\"canonical\" href=\"https:\/\/www.gaveanews.com\/index.php\/2025\/04\/10\/jogador-pode-deixar-o-vasco-nesta-temporada\/\" \/>\n<meta property=\"og:locale\" content=\"pt_BR\" \/>\n<meta property=\"og:type\" content=\"article\" \/>\n<meta property=\"og:title\" content=\"Jogador pode deixar o Vasco nesta temporada\" \/>\n<meta property=\"og:description\" content=\"A situa\u00e7\u00e3o contratual do volante Jair no Vasco tornou-se tema de aten\u00e7\u00e3o nos bastidores de S\u00e3o Janu\u00e1rio. Com v\u00ednculo v\u00e1lido at\u00e9 o fim de 2025, o jogador n\u00e3o tem perman\u00eancia assegurada, sobretudo diante do atual cen\u00e1rio de incertezas, desvaloriza\u00e7\u00e3o interna e sondagens vindas do futebol dos Estados Unidos. Revelado como titular na reestrutura\u00e7\u00e3o do elenco [&hellip;]\" \/>\n<meta property=\"og:url\" content=\"https:\/\/www.gaveanews.com\/index.php\/2025\/04\/10\/jogador-pode-deixar-o-vasco-nesta-temporada\/\" \/>\n<meta property=\"og:site_name\" content=\"G\u00e1vea News\" \/>\n<meta property=\"article:publisher\" content=\"https:\/\/facebook.com\/gaveaNews\/\" \/>\n<meta property=\"article:published_time\" content=\"2025-04-10T17:35:00+00:00\" \/>\n<meta property=\"og:image\" content=\"https:\/\/www.gaveanews.com\/wp-content\/uploads\/Camisa-do-Vasco-2024.webp\" \/>\n\t<meta property=\"og:image:width\" content=\"1059\" \/>\n\t<meta property=\"og:image:height\" content=\"794\" \/>\n\t<meta property=\"og:image:type\" content=\"image\/webp\" \/>\n<meta name=\"author\" content=\"Ana Teixeira\" \/>\n<meta name=\"twitter:card\" content=\"summary_large_image\" \/>\n<meta name=\"twitter:label1\" content=\"Escrito por\" \/>\n\t<meta name=\"twitter:data1\" content=\"Ana Teixeira\" \/>\n\t<meta name=\"twitter:label2\" content=\"Est. tempo de leitura\" \/>\n\t<meta name=\"twitter:data2\" content=\"3 minutos\" \/>\n<script type=\"application\/ld+json\" class=\"yoast-schema-graph\">{\"@context\":\"https:\/\/schema.org\",\"@graph\":[{\"@type\":\"NewsArticle\",\"@id\":\"https:\/\/www.gaveanews.com\/index.php\/2025\/04\/10\/jogador-pode-deixar-o-vasco-nesta-temporada\/#article\",\"isPartOf\":{\"@id\":\"https:\/\/www.gaveanews.com\/index.php\/2025\/04\/10\/jogador-pode-deixar-o-vasco-nesta-temporada\/\"},\"author\":{\"name\":\"Ana Teixeira\",\"@id\":\"https:\/\/www.gaveanews.com\/#\/schema\/person\/3b19f7288b0ce20372991275e4f2e6c2\"},\"headline\":\"Jogador pode deixar o Vasco nesta temporada\",\"datePublished\":\"2025-04-10T17:35:00+00:00\",\"mainEntityOfPage\":{\"@id\":\"https:\/\/www.gaveanews.com\/index.php\/2025\/04\/10\/jogador-pode-deixar-o-vasco-nesta-temporada\/\"},\"wordCount\":549,\"commentCount\":0,\"image\":{\"@id\":\"https:\/\/www.gaveanews.com\/index.php\/2025\/04\/10\/jogador-pode-deixar-o-vasco-nesta-temporada\/#primaryimage\"},\"thumbnailUrl\":\"https:\/\/www.gaveanews.com\/wp-content\/uploads\/Camisa-do-Vasco-2024.webp\",\"articleSection\":[\"Vasco\"],\"inLanguage\":\"pt-BR\",\"potentialAction\":[{\"@type\":\"CommentAction\",\"name\":\"Comment\",\"target\":[\"https:\/\/www.gaveanews.com\/index.php\/2025\/04\/10\/jogador-pode-deixar-o-vasco-nesta-temporada\/#respond\"]}],\"copyrightYear\":\"2025\",\"copyrightHolder\":{\"@id\":\"https:\/\/www.gaveanews.com\/#organization\"}},{\"@type\":\"WebPage\",\"@id\":\"https:\/\/www.gaveanews.com\/index.php\/2025\/04\/10\/jogador-pode-deixar-o-vasco-nesta-temporada\/\",\"url\":\"https:\/\/www.gaveanews.com\/index.php\/2025\/04\/10\/jogador-pode-deixar-o-vasco-nesta-temporada\/\",\"name\":\"Jogador pode deixar o Vasco nesta temporada\",\"isPartOf\":{\"@id\":\"https:\/\/www.gaveanews.com\/#website\"},\"primaryImageOfPage\":{\"@id\":\"https:\/\/www.gaveanews.com\/index.php\/2025\/04\/10\/jogador-pode-deixar-o-vasco-nesta-temporada\/#primaryimage\"},\"image\":{\"@id\":\"https:\/\/www.gaveanews.com\/index.php\/2025\/04\/10\/jogador-pode-deixar-o-vasco-nesta-temporada\/#primaryimage\"},\"thumbnailUrl\":\"https:\/\/www.gaveanews.com\/wp-content\/uploads\/Camisa-do-Vasco-2024.webp\",\"datePublished\":\"2025-04-10T17:35:00+00:00\",\"author\":{\"@id\":\"https:\/\/www.gaveanews.com\/#\/schema\/person\/3b19f7288b0ce20372991275e4f2e6c2\"},\"breadcrumb\":{\"@id\":\"https:\/\/www.gaveanews.com\/index.php\/2025\/04\/10\/jogador-pode-deixar-o-vasco-nesta-temporada\/#breadcrumb\"},\"inLanguage\":\"pt-BR\",\"potentialAction\":[{\"@type\":\"ReadAction\",\"target\":[\"https:\/\/www.gaveanews.com\/index.php\/2025\/04\/10\/jogador-pode-deixar-o-vasco-nesta-temporada\/\"]}]},{\"@type\":\"ImageObject\",\"inLanguage\":\"pt-BR\",\"@id\":\"https:\/\/www.gaveanews.com\/index.php\/2025\/04\/10\/jogador-pode-deixar-o-vasco-nesta-temporada\/#primaryimage\",\"url\":\"https:\/\/www.gaveanews.com\/wp-content\/uploads\/Camisa-do-Vasco-2024.webp\",\"contentUrl\":\"https:\/\/www.gaveanews.com\/wp-content\/uploads\/Camisa-do-Vasco-2024.webp\",\"width\":1059,\"height\":794,\"caption\":\"Camisa do Vasco 2024 (Foto: Reprodu\u00e7\u00e3o\/Instagram)\"},{\"@type\":\"BreadcrumbList\",\"@id\":\"https:\/\/www.gaveanews.com\/index.php\/2025\/04\/10\/jogador-pode-deixar-o-vasco-nesta-temporada\/#breadcrumb\",\"itemListElement\":[{\"@type\":\"ListItem\",\"position\":1,\"name\":\"Home\",\"item\":\"https:\/\/www.gaveanews.com\/\"},{\"@type\":\"ListItem\",\"position\":2,\"name\":\"Jogador pode deixar o Vasco nesta temporada\"}]},{\"@type\":\"WebSite\",\"@id\":\"https:\/\/www.gaveanews.com\/#website\",\"url\":\"https:\/\/www.gaveanews.com\/\",\"name\":\"G\u00e1vea News\",\"description\":\"Veja todas as not\u00edcias sobre o Flamengo: Contrata\u00e7\u00f5es, categorias de base, resultados das partidas, tabela de classifica\u00e7\u00e3o, pr\u00f3ximos jogos!\",\"potentialAction\":[{\"@type\":\"SearchAction\",\"target\":{\"@type\":\"EntryPoint\",\"urlTemplate\":\"https:\/\/www.gaveanews.com\/?s={search_term_string}\"},\"query-input\":{\"@type\":\"PropertyValueSpecification\",\"valueRequired\":true,\"valueName\":\"search_term_string\"}}],\"inLanguage\":\"pt-BR\"},{\"@type\":\"Person\",\"@id\":\"https:\/\/www.gaveanews.com\/#\/schema\/person\/3b19f7288b0ce20372991275e4f2e6c2\",\"name\":\"Ana Teixeira\",\"image\":{\"@type\":\"ImageObject\",\"inLanguage\":\"pt-BR\",\"@id\":\"https:\/\/www.gaveanews.com\/#\/schema\/person\/image\/\",\"url\":\"https:\/\/secure.gravatar.com\/avatar\/0a73f5a5258f3fed37fc2fa641892f3f7a4748456d4d4792f9bc550e6c19e06c?s=96&d=mm&r=g\",\"contentUrl\":\"https:\/\/secure.gravatar.com\/avatar\/0a73f5a5258f3fed37fc2fa641892f3f7a4748456d4d4792f9bc550e6c19e06c?s=96&d=mm&r=g\",\"caption\":\"Ana Teixeira\"}}]}<\/script>\n<!-- \/ Yoast SEO Premium plugin. -->","yoast_head_json":{"title":"Jogador pode deixar o Vasco nesta temporada","robots":{"index":"index","follow":"follow","max-snippet":"max-snippet:-1","max-image-preview":"max-image-preview:large","max-video-preview":"max-video-preview:-1"},"canonical":"https:\/\/www.gaveanews.com\/index.php\/2025\/04\/10\/jogador-pode-deixar-o-vasco-nesta-temporada\/","og_locale":"pt_BR","og_type":"article","og_title":"Jogador pode deixar o Vasco nesta temporada","og_description":"A situa\u00e7\u00e3o contratual do volante Jair no Vasco tornou-se tema de aten\u00e7\u00e3o nos bastidores de S\u00e3o Janu\u00e1rio. Com v\u00ednculo v\u00e1lido at\u00e9 o fim de 2025, o jogador n\u00e3o tem perman\u00eancia assegurada, sobretudo diante do atual cen\u00e1rio de incertezas, desvaloriza\u00e7\u00e3o interna e sondagens vindas do futebol dos Estados Unidos. Revelado como titular na reestrutura\u00e7\u00e3o do elenco [&hellip;]","og_url":"https:\/\/www.gaveanews.com\/index.php\/2025\/04\/10\/jogador-pode-deixar-o-vasco-nesta-temporada\/","og_site_name":"G\u00e1vea News","article_publisher":"https:\/\/facebook.com\/gaveaNews\/","article_published_time":"2025-04-10T17:35:00+00:00","og_image":[{"width":1059,"height":794,"url":"https:\/\/www.gaveanews.com\/wp-content\/uploads\/Camisa-do-Vasco-2024.webp","type":"image\/webp"}],"author":"Ana Teixeira","twitter_card":"summary_large_image","twitter_misc":{"Escrito por":"Ana Teixeira","Est. tempo de leitura":"3 minutos"},"schema":{"@context":"https:\/\/schema.org","@graph":[{"@type":"NewsArticle","@id":"https:\/\/www.gaveanews.com\/index.php\/2025\/04\/10\/jogador-pode-deixar-o-vasco-nesta-temporada\/#article","isPartOf":{"@id":"https:\/\/www.gaveanews.com\/index.php\/2025\/04\/10\/jogador-pode-deixar-o-vasco-nesta-temporada\/"},"author":{"name":"Ana Teixeira","@id":"https:\/\/www.gaveanews.com\/#\/schema\/person\/3b19f7288b0ce20372991275e4f2e6c2"},"headline":"Jogador pode deixar o Vasco nesta temporada","datePublished":"2025-04-10T17:35:00+00:00","mainEntityOfPage":{"@id":"https:\/\/www.gaveanews.com\/index.php\/2025\/04\/10\/jogador-pode-deixar-o-vasco-nesta-temporada\/"},"wordCount":549,"commentCount":0,"image":{"@id":"https:\/\/www.gaveanews.com\/index.php\/2025\/04\/10\/jogador-pode-deixar-o-vasco-nesta-temporada\/#primaryimage"},"thumbnailUrl":"https:\/\/www.gaveanews.com\/wp-content\/uploads\/Camisa-do-Vasco-2024.webp","articleSection":["Vasco"],"inLanguage":"pt-BR","potentialAction":[{"@type":"CommentAction","name":"Comment","target":["https:\/\/www.gaveanews.com\/index.php\/2025\/04\/10\/jogador-pode-deixar-o-vasco-nesta-temporada\/#respond"]}],"copyrightYear":"2025","copyrightHolder":{"@id":"https:\/\/www.gaveanews.com\/#organization"}},{"@type":"WebPage","@id":"https:\/\/www.gaveanews.com\/index.php\/2025\/04\/10\/jogador-pode-deixar-o-vasco-nesta-temporada\/","url":"https:\/\/www.gaveanews.com\/index.php\/2025\/04\/10\/jogador-pode-deixar-o-vasco-nesta-temporada\/","name":"Jogador pode deixar o Vasco nesta temporada","isPartOf":{"@id":"https:\/\/www.gaveanews.com\/#website"},"primaryImageOfPage":{"@id":"https:\/\/www.gaveanews.com\/index.php\/2025\/04\/10\/jogador-pode-deixar-o-vasco-nesta-temporada\/#primaryimage"},"image":{"@id":"https:\/\/www.gaveanews.com\/index.php\/2025\/04\/10\/jogador-pode-deixar-o-vasco-nesta-temporada\/#primaryimage"},"thumbnailUrl":"https:\/\/www.gaveanews.com\/wp-content\/uploads\/Camisa-do-Vasco-2024.webp","datePublished":"2025-04-10T17:35:00+00:00","author":{"@id":"https:\/\/www.gaveanews.com\/#\/schema\/person\/3b19f7288b0ce20372991275e4f2e6c2"},"breadcrumb":{"@id":"https:\/\/www.gaveanews.com\/index.php\/2025\/04\/10\/jogador-pode-deixar-o-vasco-nesta-temporada\/#breadcrumb"},"inLanguage":"pt-BR","potentialAction":[{"@type":"ReadAction","target":["https:\/\/www.gaveanews.com\/index.php\/2025\/04\/10\/jogador-pode-deixar-o-vasco-nesta-temporada\/"]}]},{"@type":"ImageObject","inLanguage":"pt-BR","@id":"https:\/\/www.gaveanews.com\/index.php\/2025\/04\/10\/jogador-pode-deixar-o-vasco-nesta-temporada\/#primaryimage","url":"https:\/\/www.gaveanews.com\/wp-content\/uploads\/Camisa-do-Vasco-2024.webp","contentUrl":"https:\/\/www.gaveanews.com\/wp-content\/uploads\/Camisa-do-Vasco-2024.webp","width":1059,"height":794,"caption":"Camisa do Vasco 2024 (Foto: Reprodu\u00e7\u00e3o\/Instagram)"},{"@type":"BreadcrumbList","@id":"https:\/\/www.gaveanews.com\/index.php\/2025\/04\/10\/jogador-pode-deixar-o-vasco-nesta-temporada\/#breadcrumb","itemListElement":[{"@type":"ListItem","position":1,"name":"Home","item":"https:\/\/www.gaveanews.com\/"},{"@type":"ListItem","position":2,"name":"Jogador pode deixar o Vasco nesta temporada"}]},{"@type":"WebSite","@id":"https:\/\/www.gaveanews.com\/#website","url":"https:\/\/www.gaveanews.com\/","name":"G\u00e1vea News","description":"Veja todas as not\u00edcias sobre o Flamengo: Contrata\u00e7\u00f5es, categorias de base, resultados das partidas, tabela de classifica\u00e7\u00e3o, pr\u00f3ximos jogos!","potentialAction":[{"@type":"SearchAction","target":{"@type":"EntryPoint","urlTemplate":"https:\/\/www.gaveanews.com\/?s={search_term_string}"},"query-input":{"@type":"PropertyValueSpecification","valueRequired":true,"valueName":"search_term_string"}}],"inLanguage":"pt-BR"},{"@type":"Person","@id":"https:\/\/www.gaveanews.com\/#\/schema\/person\/3b19f7288b0ce20372991275e4f2e6c2","name":"Ana Teixeira","image":{"@type":"ImageObject","inLanguage":"pt-BR","@id":"https:\/\/www.gaveanews.com\/#\/schema\/person\/image\/","url":"https:\/\/secure.gravatar.com\/avatar\/0a73f5a5258f3fed37fc2fa641892f3f7a4748456d4d4792f9bc550e6c19e06c?s=96&d=mm&r=g","contentUrl":"https:\/\/secure.gravatar.com\/avatar\/0a73f5a5258f3fed37fc2fa641892f3f7a4748456d4d4792f9bc550e6c19e06c?s=96&d=mm&r=g","caption":"Ana Teixeira"}}]}},"_links":{"self":[{"href":"https:\/\/www.gaveanews.com\/index.php\/wp-json\/wp\/v2\/posts\/251645","targetHints":{"allow":["GET"]}}],"collection":[{"href":"https:\/\/www.gaveanews.com\/index.php\/wp-json\/wp\/v2\/posts"}],"about":[{"href":"https:\/\/www.gaveanews.com\/index.php\/wp-json\/wp\/v2\/types\/post"}],"author":[{"embeddable":true,"href":"https:\/\/www.gaveanews.com\/index.php\/wp-json\/wp\/v2\/users\/30"}],"replies":[{"embeddable":true,"href":"https:\/\/www.gaveanews.com\/index.php\/wp-json\/wp\/v2\/comments?post=251645"}],"version-history":[{"count":1,"href":"https:\/\/www.gaveanews.com\/index.php\/wp-json\/wp\/v2\/posts\/251645\/revisions"}],"predecessor-version":[{"id":251666,"href":"https:\/\/www.gaveanews.com\/index.php\/wp-json\/wp\/v2\/posts\/251645\/revisions\/251666"}],"wp:featuredmedia":[{"embeddable":true,"href":"https:\/\/www.gaveanews.com\/index.php\/wp-json\/wp\/v2\/media\/161261"}],"wp:attachment":[{"href":"https:\/\/www.gaveanews.com\/index.php\/wp-json\/wp\/v2\/media?parent=251645"}],"wp:term":[{"taxonomy":"category","embeddable":true,"href":"https:\/\/www.gaveanews.com\/index.php\/wp-json\/wp\/v2\/categories?post=251645"},{"taxonomy":"post_tag","embeddable":true,"href":"https:\/\/www.gaveanews.com\/index.php\/wp-json\/wp\/v2\/tags?post=251645"}],"curies":[{"name":"wp","href":"https:\/\/api.w.org\/{rel}","templated":true}]}}