{"id":251656,"date":"2025-04-10T15:40:00","date_gmt":"2025-04-10T18:40:00","guid":{"rendered":"https:\/\/www.gaveanews.com\/?p=251656"},"modified":"2025-04-10T13:02:59","modified_gmt":"2025-04-10T16:02:59","slug":"saida-de-vini-jr-demissao-de-ancelotti-e-insatisfacao-de-jogadores-as-ultimas-noticias-do-real-madrid","status":"publish","type":"post","link":"https:\/\/www.gaveanews.com\/index.php\/2025\/04\/10\/saida-de-vini-jr-demissao-de-ancelotti-e-insatisfacao-de-jogadores-as-ultimas-noticias-do-real-madrid\/","title":{"rendered":"Sa\u00edda de Vini Jr, demiss\u00e3o de Ancelotti e insatisfa\u00e7\u00e3o de jogadores: as \u00faltimas not\u00edcias do Real Madrid"},"content":{"rendered":"\n<p>Nas \u00faltimas horas, o foco das not\u00edcias sobre o Real Madrid se concentram nos bastidores do clube, com destaques do dia a dia do time.<\/p>\n\n\n\n<p>Por conta deste contexto, leia abaixo um resumo preparado pela equipe do portal G\u00e1vea News para lhe manter muito bem informado!<\/p>\n\n\n\n<h2 class=\"wp-block-heading\" id=\"h-insatisfacao-de-jogadores\">Insatisfa\u00e7\u00e3o de jogadores<\/h2>\n\n\n\n<p>Alguns atletas do Real Madrid t\u00eam manifestado frustra\u00e7\u00e3o com a falta de espa\u00e7o sob o comando de Carlo Ancelotti. Nomes como Fran Garc\u00eda, Endrick e Arda G\u00fcler v\u00eam sendo pouco utilizados, o que tem gerado descontentamento interno e especula\u00e7\u00f5es sobre poss\u00edveis sa\u00eddas na pr\u00f3xima janela. A perman\u00eancia do t\u00e9cnico italiano, portanto, pode ser determinante para a reformula\u00e7\u00e3o do elenco e para o futuro desses jovens talentos<strong><a href=\"https:\/\/www.gaveanews.com\/index.php\/2025\/04\/08\/jogadores-do-real-madrid-estao-insatisfeitos-com-carlo-ancelotti\/\"> (leia a mat\u00e9ria completa).<\/a><\/strong><\/p>\n\n\n\n<p><\/p>\n\n\n\n<figure class=\"wp-block-image size-full\"><img loading=\"lazy\" decoding=\"async\" width=\"1024\" height=\"576\" src=\"http:\/\/www.gaveanews.com\/wp-content\/uploads\/Real-Madrid-jogadores-1024x576.jpg.webp\" alt=\"\" class=\"wp-image-141707\" srcset=\"https:\/\/www.gaveanews.com\/wp-content\/uploads\/Real-Madrid-jogadores-1024x576.jpg.webp 1024w, https:\/\/www.gaveanews.com\/wp-content\/uploads\/Real-Madrid-jogadores-1024x576.jpg-300x169.webp 300w, https:\/\/www.gaveanews.com\/wp-content\/uploads\/Real-Madrid-jogadores-1024x576.jpg-768x432.webp 768w, https:\/\/www.gaveanews.com\/wp-content\/uploads\/Real-Madrid-jogadores-1024x576.jpg-747x420.webp 747w, https:\/\/www.gaveanews.com\/wp-content\/uploads\/Real-Madrid-jogadores-1024x576.jpg-640x360.webp 640w, https:\/\/www.gaveanews.com\/wp-content\/uploads\/Real-Madrid-jogadores-1024x576.jpg-681x383.webp 681w, https:\/\/www.gaveanews.com\/wp-content\/uploads\/Real-Madrid-jogadores-1024x576.jpg-1022x576.webp 1022w, https:\/\/www.gaveanews.com\/wp-content\/uploads\/Real-Madrid-jogadores-1024x576.jpg-100x56.webp 100w\" sizes=\"auto, (max-width: 1024px) 100vw, 1024px\" \/><figcaption class=\"wp-element-caption\">Jogadores do Real Madrid (Foto: Real Madrid CF)\n<\/figcaption><\/figure>\n\n\n\n<p>Fran Garc\u00eda j\u00e1 atrai interesse de clubes como Juventus, Benfica e Bournemouth, e sua negocia\u00e7\u00e3o por at\u00e9 25 milh\u00f5es de euros \u00e9 cogitada. <\/p>\n\n\n\n<p>Enquanto isso, Endrick e Arda G\u00fcler esperam por mais oportunidades, acreditando que uma mudan\u00e7a na comiss\u00e3o t\u00e9cnica poderia beneficiar suas trajet\u00f3rias. A incerteza sobre o futuro de Ancelotti, que ainda \u00e9 especulado como poss\u00edvel t\u00e9cnico da Sele\u00e7\u00e3o Brasileira, agrava o cen\u00e1rio de instabilidade no clube.<\/p>\n\n\n\n<p>Por outro lado, Xabi Alonso, atual treinador do Bayer Leverkusen, come\u00e7a a ganhar for\u00e7a como poss\u00edvel substituto. Considerado moderno e com forte v\u00ednculo com o Real Madrid, o espanhol \u00e9 visto como uma op\u00e7\u00e3o capaz de renovar o ambiente e valorizar os jovens do elenco. Caso assuma o comando t\u00e9cnico, sua chegada pode mudar o status de atletas atualmente insatisfeitos e influenciar o planejamento para a pr\u00f3xima temporada.<\/p>\n\n\n\n<h2 class=\"wp-block-heading\" id=\"h-demissao-de-ancelotti\">Demiss\u00e3o de Ancelotti <\/h2>\n\n\n\n<p>O t\u00e9cnico <strong>Carlo Ancelotti<\/strong> enfrenta crescente press\u00e3o no <strong>Real Madrid<\/strong> ap\u00f3s uma sequ\u00eancia de resultados insatisfat\u00f3rios. A derrota recente para o Valencia, somada a falhas defensivas nas partidas contra Legan\u00e9s e Real Sociedad, acendeu o sinal de alerta entre dirigentes do clube. A continuidade do treinador no comando da equipe depender\u00e1 do desempenho nos pr\u00f3ximos duelos decisivos: o confronto contra o <strong>Arsenal<\/strong> nas quartas de final da <strong>Champions League<\/strong> e a final da <strong>Copa do Rei<\/strong> diante do Barcelona <strong><a href=\"https:\/\/www.gaveanews.com\/index.php\/2025\/04\/08\/diretoria-do-real-madrid-estabelece-limite-para-demitir-carlo-ancelotti\/\">(leia a mat\u00e9ria completa).<\/a><\/strong><\/p>\n\n\n\n<figure class=\"wp-block-image size-full\"><img loading=\"lazy\" decoding=\"async\" width=\"984\" height=\"737\" src=\"http:\/\/www.gaveanews.com\/wp-content\/uploads\/carlo-ancelotti-real-madrid.webp\" alt=\"\" class=\"wp-image-94020\" srcset=\"https:\/\/www.gaveanews.com\/wp-content\/uploads\/carlo-ancelotti-real-madrid.webp 984w, https:\/\/www.gaveanews.com\/wp-content\/uploads\/carlo-ancelotti-real-madrid-300x225.webp 300w, https:\/\/www.gaveanews.com\/wp-content\/uploads\/carlo-ancelotti-real-madrid-768x575.webp 768w, https:\/\/www.gaveanews.com\/wp-content\/uploads\/carlo-ancelotti-real-madrid-561x420.webp 561w, https:\/\/www.gaveanews.com\/wp-content\/uploads\/carlo-ancelotti-real-madrid-80x60.webp 80w, https:\/\/www.gaveanews.com\/wp-content\/uploads\/carlo-ancelotti-real-madrid-160x120.webp 160w, https:\/\/www.gaveanews.com\/wp-content\/uploads\/carlo-ancelotti-real-madrid-100x75.webp 100w, https:\/\/www.gaveanews.com\/wp-content\/uploads\/carlo-ancelotti-real-madrid-200x150.webp 200w, https:\/\/www.gaveanews.com\/wp-content\/uploads\/carlo-ancelotti-real-madrid-180x135.webp 180w, https:\/\/www.gaveanews.com\/wp-content\/uploads\/carlo-ancelotti-real-madrid-360x270.webp 360w, https:\/\/www.gaveanews.com\/wp-content\/uploads\/carlo-ancelotti-real-madrid-238x178.webp 238w, https:\/\/www.gaveanews.com\/wp-content\/uploads\/carlo-ancelotti-real-madrid-476x356.webp 476w, https:\/\/www.gaveanews.com\/wp-content\/uploads\/carlo-ancelotti-real-madrid-640x479.webp 640w, https:\/\/www.gaveanews.com\/wp-content\/uploads\/carlo-ancelotti-real-madrid-681x510.webp 681w\" sizes=\"auto, (max-width: 984px) 100vw, 984px\" \/><figcaption class=\"wp-element-caption\">Carlo Ancelotti, t\u00e9cnico do Real Madrid (Foto: Susana Vera\/Reuters)<\/figcaption><\/figure>\n\n\n\n<p>Apesar das especula\u00e7\u00f5es, Ancelotti garante ter respaldo da diretoria e evita polemizar sobre seu futuro. Em declara\u00e7\u00f5es recentes, o t\u00e9cnico preferiu focar na prepara\u00e7\u00e3o da equipe para os compromissos decisivos, destacando que a rotina de jogos intensos exige concentra\u00e7\u00e3o total. Internamente, no entanto, h\u00e1 inc\u00f4modo com algumas decis\u00f5es t\u00e1ticas, como a insist\u00eancia em improvisa\u00e7\u00f5es e a pouca valoriza\u00e7\u00e3o dos jogadores da base, incluindo o brasileiro <strong>Endrick<\/strong>, pouco utilizado at\u00e9 o momento.<\/p>\n\n\n\n<p>A press\u00e3o se intensifica com a sombra da <strong>Sele\u00e7\u00e3o Brasileira<\/strong>, que ainda cogita o italiano como eventual substituto de Dorival J\u00fanior. Enquanto isso, a diretoria do clube madrilenho deixou claro que o futuro de Ancelotti ser\u00e1 decidido com base no desempenho imediato em campo. Se n\u00e3o houver evolu\u00e7\u00e3o nos resultados e no rendimento coletivo, o Real Madrid poder\u00e1 encerrar o v\u00ednculo com o treinador, mesmo com contrato vigente at\u00e9 2026.<\/p>\n\n\n\n<h2 class=\"wp-block-heading\" id=\"h-saida-de-vini-jr\">Sa\u00edda de Vini Jr<\/h2>\n\n\n\n<p>Kylian Mbapp\u00e9 comentou publicamente os rumores sobre uma poss\u00edvel sa\u00edda de Vinicius J\u00fanior do Real Madrid. Em entrevista concedida no \u00faltimo domingo (06), o atacante franc\u00eas elogiou o brasileiro e enfatizou sua boa rela\u00e7\u00e3o com o companheiro de equipe. \u201cVim aqui tamb\u00e9m com a ideia de jogar ao lado de Vini\u201d, afirmou, deixando claro seu desejo de manter a parceria ofensiva no clube merengue <strong><a href=\"https:\/\/www.gaveanews.com\/index.php\/2025\/04\/08\/a-declaracao-de-mbappe-sobre-a-saida-de-vinicius-junior-do-real-madrid\/\">(leia a mat\u00e9ria completa).<\/a><\/strong><\/p>\n\n\n\n<figure class=\"wp-block-image size-large\"><img loading=\"lazy\" decoding=\"async\" width=\"1024\" height=\"768\" src=\"http:\/\/www.gaveanews.com\/wp-content\/uploads\/Vinicius-Junior-exibe-o-escudo-do-Real-Madrid-apos-marcar-um-gol-pelo-time-da-Espanha-edited-1024x768.webp\" alt=\"\" class=\"wp-image-121475\" srcset=\"https:\/\/www.gaveanews.com\/wp-content\/uploads\/Vinicius-Junior-exibe-o-escudo-do-Real-Madrid-apos-marcar-um-gol-pelo-time-da-Espanha-edited-1024x768.webp 1024w, https:\/\/www.gaveanews.com\/wp-content\/uploads\/Vinicius-Junior-exibe-o-escudo-do-Real-Madrid-apos-marcar-um-gol-pelo-time-da-Espanha-edited-300x225.webp 300w, https:\/\/www.gaveanews.com\/wp-content\/uploads\/Vinicius-Junior-exibe-o-escudo-do-Real-Madrid-apos-marcar-um-gol-pelo-time-da-Espanha-edited-768x576.webp 768w, https:\/\/www.gaveanews.com\/wp-content\/uploads\/Vinicius-Junior-exibe-o-escudo-do-Real-Madrid-apos-marcar-um-gol-pelo-time-da-Espanha-edited-560x420.webp 560w, https:\/\/www.gaveanews.com\/wp-content\/uploads\/Vinicius-Junior-exibe-o-escudo-do-Real-Madrid-apos-marcar-um-gol-pelo-time-da-Espanha-edited-1120x840.webp 1120w, https:\/\/www.gaveanews.com\/wp-content\/uploads\/Vinicius-Junior-exibe-o-escudo-do-Real-Madrid-apos-marcar-um-gol-pelo-time-da-Espanha-edited-80x60.webp 80w, https:\/\/www.gaveanews.com\/wp-content\/uploads\/Vinicius-Junior-exibe-o-escudo-do-Real-Madrid-apos-marcar-um-gol-pelo-time-da-Espanha-edited-160x120.webp 160w, https:\/\/www.gaveanews.com\/wp-content\/uploads\/Vinicius-Junior-exibe-o-escudo-do-Real-Madrid-apos-marcar-um-gol-pelo-time-da-Espanha-edited-100x75.webp 100w, https:\/\/www.gaveanews.com\/wp-content\/uploads\/Vinicius-Junior-exibe-o-escudo-do-Real-Madrid-apos-marcar-um-gol-pelo-time-da-Espanha-edited-200x150.webp 200w, https:\/\/www.gaveanews.com\/wp-content\/uploads\/Vinicius-Junior-exibe-o-escudo-do-Real-Madrid-apos-marcar-um-gol-pelo-time-da-Espanha-edited-180x135.webp 180w, https:\/\/www.gaveanews.com\/wp-content\/uploads\/Vinicius-Junior-exibe-o-escudo-do-Real-Madrid-apos-marcar-um-gol-pelo-time-da-Espanha-edited-360x270.webp 360w, https:\/\/www.gaveanews.com\/wp-content\/uploads\/Vinicius-Junior-exibe-o-escudo-do-Real-Madrid-apos-marcar-um-gol-pelo-time-da-Espanha-edited-238x178.webp 238w, https:\/\/www.gaveanews.com\/wp-content\/uploads\/Vinicius-Junior-exibe-o-escudo-do-Real-Madrid-apos-marcar-um-gol-pelo-time-da-Espanha-edited-476x356.webp 476w, https:\/\/www.gaveanews.com\/wp-content\/uploads\/Vinicius-Junior-exibe-o-escudo-do-Real-Madrid-apos-marcar-um-gol-pelo-time-da-Espanha-edited-640x480.webp 640w, https:\/\/www.gaveanews.com\/wp-content\/uploads\/Vinicius-Junior-exibe-o-escudo-do-Real-Madrid-apos-marcar-um-gol-pelo-time-da-Espanha-edited-1280x960.webp 1280w, https:\/\/www.gaveanews.com\/wp-content\/uploads\/Vinicius-Junior-exibe-o-escudo-do-Real-Madrid-apos-marcar-um-gol-pelo-time-da-Espanha-edited-681x511.webp 681w, https:\/\/www.gaveanews.com\/wp-content\/uploads\/Vinicius-Junior-exibe-o-escudo-do-Real-Madrid-apos-marcar-um-gol-pelo-time-da-Espanha-edited-1362x1022.webp 1362w, https:\/\/www.gaveanews.com\/wp-content\/uploads\/Vinicius-Junior-exibe-o-escudo-do-Real-Madrid-apos-marcar-um-gol-pelo-time-da-Espanha-edited.webp 1440w\" sizes=\"auto, (max-width: 1024px) 100vw, 1024px\" \/><figcaption class=\"wp-element-caption\">Vinicius J\u00fanior exibe o escudo do Real Madrid ap\u00f3s marcar um gol pelo time da Espanha (Foto: Reprodu\u00e7\u00e3o\/Instagram)<\/figcaption><\/figure>\n\n\n\n<p>A declara\u00e7\u00e3o de Mbapp\u00e9 surge em meio a especula\u00e7\u00f5es de uma proposta bilion\u00e1ria da Ar\u00e1bia Saudita, que estaria disposta a pagar at\u00e9 300 milh\u00f5es de euros por Vinicius. Embora o Real Madrid n\u00e3o tenha demonstrado interesse em negoci\u00e1-lo, a decis\u00e3o final dependeria da vontade do jogador. Vinicius tem contrato at\u00e9 2027, mas pede uma renova\u00e7\u00e3o com sal\u00e1rio anual de 25 milh\u00f5es de euros \u2014 valor que gera impasse com a diretoria, liderada por Florentino P\u00e9rez.<\/p>\n\n\n\n<p>Al\u00e9m das quest\u00f5es contratuais, Vinicius perdeu espa\u00e7o nas cobran\u00e7as de p\u00eanalti ap\u00f3s falhas recentes, com Mbapp\u00e9 assumindo a fun\u00e7\u00e3o. Apesar disso, o brasileiro continua sendo uma pe\u00e7a-chave no elenco e conta com o respaldo do t\u00e9cnico Carlo Ancelotti. Enquanto o clube busca resolver os bastidores, o futuro do camisa 7 permanece indefinido, alimentando debates intensos entre torcedores e especialistas do futebol europeu.<\/p>\n","protected":false},"excerpt":{"rendered":"<p>Nas \u00faltimas horas, o foco das not\u00edcias sobre o Real Madrid se concentram nos bastidores do clube, com destaques do dia a dia do time. Por conta deste contexto, leia abaixo um resumo preparado pela equipe do portal G\u00e1vea News para lhe manter muito bem informado! Insatisfa\u00e7\u00e3o de jogadores Alguns atletas do Real Madrid t\u00eam [&hellip;]<\/p>\n","protected":false},"author":33,"featured_media":120916,"comment_status":"open","ping_status":"closed","sticky":false,"template":"","format":"standard","meta":{"footnotes":""},"categories":[88],"tags":[],"class_list":["post-251656","post","type-post","status-publish","format-standard","has-post-thumbnail","hentry","category-real-madrid"],"yoast_head":"<!-- This site is optimized with the Yoast SEO Premium plugin v24.2 (Yoast SEO v26.9) - https:\/\/yoast.com\/product\/yoast-seo-premium-wordpress\/ -->\n<title>Sa\u00edda de Vini Jr, demiss\u00e3o de Ancelotti e insatisfa\u00e7\u00e3o de jogadores: as \u00faltimas not\u00edcias do Real Madrid<\/title>\n<meta name=\"robots\" content=\"index, follow, max-snippet:-1, max-image-preview:large, max-video-preview:-1\" \/>\n<link rel=\"canonical\" href=\"https:\/\/www.gaveanews.com\/index.php\/2025\/04\/10\/saida-de-vini-jr-demissao-de-ancelotti-e-insatisfacao-de-jogadores-as-ultimas-noticias-do-real-madrid\/\" \/>\n<meta property=\"og:locale\" content=\"pt_BR\" \/>\n<meta property=\"og:type\" content=\"article\" \/>\n<meta property=\"og:title\" content=\"Sa\u00edda de Vini Jr, demiss\u00e3o de Ancelotti e insatisfa\u00e7\u00e3o de jogadores: as \u00faltimas not\u00edcias do Real Madrid\" \/>\n<meta property=\"og:description\" content=\"Nas \u00faltimas horas, o foco das not\u00edcias sobre o Real Madrid se concentram nos bastidores do clube, com destaques do dia a dia do time. Por conta deste contexto, leia abaixo um resumo preparado pela equipe do portal G\u00e1vea News para lhe manter muito bem informado! Insatisfa\u00e7\u00e3o de jogadores Alguns atletas do Real Madrid t\u00eam [&hellip;]\" \/>\n<meta property=\"og:url\" content=\"https:\/\/www.gaveanews.com\/index.php\/2025\/04\/10\/saida-de-vini-jr-demissao-de-ancelotti-e-insatisfacao-de-jogadores-as-ultimas-noticias-do-real-madrid\/\" \/>\n<meta property=\"og:site_name\" content=\"G\u00e1vea News\" \/>\n<meta property=\"article:publisher\" content=\"https:\/\/facebook.com\/gaveaNews\/\" \/>\n<meta property=\"article:published_time\" content=\"2025-04-10T18:40:00+00:00\" \/>\n<meta property=\"og:image\" content=\"https:\/\/www.gaveanews.com\/wp-content\/uploads\/real-madrid.webp\" \/>\n\t<meta property=\"og:image:width\" content=\"906\" \/>\n\t<meta property=\"og:image:height\" content=\"509\" \/>\n\t<meta property=\"og:image:type\" content=\"image\/jpeg\" \/>\n<meta name=\"author\" content=\"Brenda Cezillo\" \/>\n<meta name=\"twitter:card\" content=\"summary_large_image\" \/>\n<meta name=\"twitter:label1\" content=\"Escrito por\" \/>\n\t<meta name=\"twitter:data1\" content=\"Brenda Cezillo\" \/>\n\t<meta name=\"twitter:label2\" content=\"Est. tempo de leitura\" \/>\n\t<meta name=\"twitter:data2\" content=\"5 minutos\" \/>\n<script type=\"application\/ld+json\" class=\"yoast-schema-graph\">{\"@context\":\"https:\/\/schema.org\",\"@graph\":[{\"@type\":\"NewsArticle\",\"@id\":\"https:\/\/www.gaveanews.com\/index.php\/2025\/04\/10\/saida-de-vini-jr-demissao-de-ancelotti-e-insatisfacao-de-jogadores-as-ultimas-noticias-do-real-madrid\/#article\",\"isPartOf\":{\"@id\":\"https:\/\/www.gaveanews.com\/index.php\/2025\/04\/10\/saida-de-vini-jr-demissao-de-ancelotti-e-insatisfacao-de-jogadores-as-ultimas-noticias-do-real-madrid\/\"},\"author\":{\"name\":\"Brenda Cezillo\",\"@id\":\"https:\/\/www.gaveanews.com\/#\/schema\/person\/c79759ca337c40791ae8d08e2923d403\"},\"headline\":\"Sa\u00edda de Vini Jr, demiss\u00e3o de Ancelotti e insatisfa\u00e7\u00e3o de jogadores: as \u00faltimas not\u00edcias do Real Madrid\",\"datePublished\":\"2025-04-10T18:40:00+00:00\",\"mainEntityOfPage\":{\"@id\":\"https:\/\/www.gaveanews.com\/index.php\/2025\/04\/10\/saida-de-vini-jr-demissao-de-ancelotti-e-insatisfacao-de-jogadores-as-ultimas-noticias-do-real-madrid\/\"},\"wordCount\":833,\"commentCount\":0,\"image\":{\"@id\":\"https:\/\/www.gaveanews.com\/index.php\/2025\/04\/10\/saida-de-vini-jr-demissao-de-ancelotti-e-insatisfacao-de-jogadores-as-ultimas-noticias-do-real-madrid\/#primaryimage\"},\"thumbnailUrl\":\"https:\/\/www.gaveanews.com\/wp-content\/uploads\/real-madrid.webp\",\"articleSection\":[\"Real Madrid\"],\"inLanguage\":\"pt-BR\",\"potentialAction\":[{\"@type\":\"CommentAction\",\"name\":\"Comment\",\"target\":[\"https:\/\/www.gaveanews.com\/index.php\/2025\/04\/10\/saida-de-vini-jr-demissao-de-ancelotti-e-insatisfacao-de-jogadores-as-ultimas-noticias-do-real-madrid\/#respond\"]}],\"copyrightYear\":\"2025\",\"copyrightHolder\":{\"@id\":\"https:\/\/www.gaveanews.com\/#organization\"}},{\"@type\":\"WebPage\",\"@id\":\"https:\/\/www.gaveanews.com\/index.php\/2025\/04\/10\/saida-de-vini-jr-demissao-de-ancelotti-e-insatisfacao-de-jogadores-as-ultimas-noticias-do-real-madrid\/\",\"url\":\"https:\/\/www.gaveanews.com\/index.php\/2025\/04\/10\/saida-de-vini-jr-demissao-de-ancelotti-e-insatisfacao-de-jogadores-as-ultimas-noticias-do-real-madrid\/\",\"name\":\"Sa\u00edda de Vini Jr, demiss\u00e3o de Ancelotti e insatisfa\u00e7\u00e3o de jogadores: as \u00faltimas not\u00edcias do Real Madrid\",\"isPartOf\":{\"@id\":\"https:\/\/www.gaveanews.com\/#website\"},\"primaryImageOfPage\":{\"@id\":\"https:\/\/www.gaveanews.com\/index.php\/2025\/04\/10\/saida-de-vini-jr-demissao-de-ancelotti-e-insatisfacao-de-jogadores-as-ultimas-noticias-do-real-madrid\/#primaryimage\"},\"image\":{\"@id\":\"https:\/\/www.gaveanews.com\/index.php\/2025\/04\/10\/saida-de-vini-jr-demissao-de-ancelotti-e-insatisfacao-de-jogadores-as-ultimas-noticias-do-real-madrid\/#primaryimage\"},\"thumbnailUrl\":\"https:\/\/www.gaveanews.com\/wp-content\/uploads\/real-madrid.webp\",\"datePublished\":\"2025-04-10T18:40:00+00:00\",\"author\":{\"@id\":\"https:\/\/www.gaveanews.com\/#\/schema\/person\/c79759ca337c40791ae8d08e2923d403\"},\"breadcrumb\":{\"@id\":\"https:\/\/www.gaveanews.com\/index.php\/2025\/04\/10\/saida-de-vini-jr-demissao-de-ancelotti-e-insatisfacao-de-jogadores-as-ultimas-noticias-do-real-madrid\/#breadcrumb\"},\"inLanguage\":\"pt-BR\",\"potentialAction\":[{\"@type\":\"ReadAction\",\"target\":[\"https:\/\/www.gaveanews.com\/index.php\/2025\/04\/10\/saida-de-vini-jr-demissao-de-ancelotti-e-insatisfacao-de-jogadores-as-ultimas-noticias-do-real-madrid\/\"]}]},{\"@type\":\"ImageObject\",\"inLanguage\":\"pt-BR\",\"@id\":\"https:\/\/www.gaveanews.com\/index.php\/2025\/04\/10\/saida-de-vini-jr-demissao-de-ancelotti-e-insatisfacao-de-jogadores-as-ultimas-noticias-do-real-madrid\/#primaryimage\",\"url\":\"https:\/\/www.gaveanews.com\/wp-content\/uploads\/real-madrid.webp\",\"contentUrl\":\"https:\/\/www.gaveanews.com\/wp-content\/uploads\/real-madrid.webp\",\"width\":906,\"height\":509,\"caption\":\"Escudo do Real Madrid (Foto: Reprodu\u00e7\u00e3o)\"},{\"@type\":\"BreadcrumbList\",\"@id\":\"https:\/\/www.gaveanews.com\/index.php\/2025\/04\/10\/saida-de-vini-jr-demissao-de-ancelotti-e-insatisfacao-de-jogadores-as-ultimas-noticias-do-real-madrid\/#breadcrumb\",\"itemListElement\":[{\"@type\":\"ListItem\",\"position\":1,\"name\":\"Home\",\"item\":\"https:\/\/www.gaveanews.com\/\"},{\"@type\":\"ListItem\",\"position\":2,\"name\":\"Sa\u00edda de Vini Jr, demiss\u00e3o de Ancelotti e insatisfa\u00e7\u00e3o de jogadores: as \u00faltimas not\u00edcias do Real Madrid\"}]},{\"@type\":\"WebSite\",\"@id\":\"https:\/\/www.gaveanews.com\/#website\",\"url\":\"https:\/\/www.gaveanews.com\/\",\"name\":\"G\u00e1vea News\",\"description\":\"Veja todas as not\u00edcias sobre o Flamengo: Contrata\u00e7\u00f5es, categorias de base, resultados das partidas, tabela de classifica\u00e7\u00e3o, pr\u00f3ximos jogos!\",\"potentialAction\":[{\"@type\":\"SearchAction\",\"target\":{\"@type\":\"EntryPoint\",\"urlTemplate\":\"https:\/\/www.gaveanews.com\/?s={search_term_string}\"},\"query-input\":{\"@type\":\"PropertyValueSpecification\",\"valueRequired\":true,\"valueName\":\"search_term_string\"}}],\"inLanguage\":\"pt-BR\"},{\"@type\":\"Person\",\"@id\":\"https:\/\/www.gaveanews.com\/#\/schema\/person\/c79759ca337c40791ae8d08e2923d403\",\"name\":\"Brenda Cezillo\",\"image\":{\"@type\":\"ImageObject\",\"inLanguage\":\"pt-BR\",\"@id\":\"https:\/\/www.gaveanews.com\/#\/schema\/person\/image\/\",\"url\":\"https:\/\/secure.gravatar.com\/avatar\/1738d75cee7317f9c29ae61dd67620c5883d80a92e42a6fff88ae5d527af217a?s=96&d=mm&r=g\",\"contentUrl\":\"https:\/\/secure.gravatar.com\/avatar\/1738d75cee7317f9c29ae61dd67620c5883d80a92e42a6fff88ae5d527af217a?s=96&d=mm&r=g\",\"caption\":\"Brenda Cezillo\"}}]}<\/script>\n<!-- \/ Yoast SEO Premium plugin. -->","yoast_head_json":{"title":"Sa\u00edda de Vini Jr, demiss\u00e3o de Ancelotti e insatisfa\u00e7\u00e3o de jogadores: as \u00faltimas not\u00edcias do Real Madrid","robots":{"index":"index","follow":"follow","max-snippet":"max-snippet:-1","max-image-preview":"max-image-preview:large","max-video-preview":"max-video-preview:-1"},"canonical":"https:\/\/www.gaveanews.com\/index.php\/2025\/04\/10\/saida-de-vini-jr-demissao-de-ancelotti-e-insatisfacao-de-jogadores-as-ultimas-noticias-do-real-madrid\/","og_locale":"pt_BR","og_type":"article","og_title":"Sa\u00edda de Vini Jr, demiss\u00e3o de Ancelotti e insatisfa\u00e7\u00e3o de jogadores: as \u00faltimas not\u00edcias do Real Madrid","og_description":"Nas \u00faltimas horas, o foco das not\u00edcias sobre o Real Madrid se concentram nos bastidores do clube, com destaques do dia a dia do time. Por conta deste contexto, leia abaixo um resumo preparado pela equipe do portal G\u00e1vea News para lhe manter muito bem informado! Insatisfa\u00e7\u00e3o de jogadores Alguns atletas do Real Madrid t\u00eam [&hellip;]","og_url":"https:\/\/www.gaveanews.com\/index.php\/2025\/04\/10\/saida-de-vini-jr-demissao-de-ancelotti-e-insatisfacao-de-jogadores-as-ultimas-noticias-do-real-madrid\/","og_site_name":"G\u00e1vea News","article_publisher":"https:\/\/facebook.com\/gaveaNews\/","article_published_time":"2025-04-10T18:40:00+00:00","og_image":[{"width":906,"height":509,"url":"https:\/\/www.gaveanews.com\/wp-content\/uploads\/real-madrid.webp","type":"image\/jpeg"}],"author":"Brenda Cezillo","twitter_card":"summary_large_image","twitter_misc":{"Escrito por":"Brenda Cezillo","Est. tempo de leitura":"5 minutos"},"schema":{"@context":"https:\/\/schema.org","@graph":[{"@type":"NewsArticle","@id":"https:\/\/www.gaveanews.com\/index.php\/2025\/04\/10\/saida-de-vini-jr-demissao-de-ancelotti-e-insatisfacao-de-jogadores-as-ultimas-noticias-do-real-madrid\/#article","isPartOf":{"@id":"https:\/\/www.gaveanews.com\/index.php\/2025\/04\/10\/saida-de-vini-jr-demissao-de-ancelotti-e-insatisfacao-de-jogadores-as-ultimas-noticias-do-real-madrid\/"},"author":{"name":"Brenda Cezillo","@id":"https:\/\/www.gaveanews.com\/#\/schema\/person\/c79759ca337c40791ae8d08e2923d403"},"headline":"Sa\u00edda de Vini Jr, demiss\u00e3o de Ancelotti e insatisfa\u00e7\u00e3o de jogadores: as \u00faltimas not\u00edcias do Real Madrid","datePublished":"2025-04-10T18:40:00+00:00","mainEntityOfPage":{"@id":"https:\/\/www.gaveanews.com\/index.php\/2025\/04\/10\/saida-de-vini-jr-demissao-de-ancelotti-e-insatisfacao-de-jogadores-as-ultimas-noticias-do-real-madrid\/"},"wordCount":833,"commentCount":0,"image":{"@id":"https:\/\/www.gaveanews.com\/index.php\/2025\/04\/10\/saida-de-vini-jr-demissao-de-ancelotti-e-insatisfacao-de-jogadores-as-ultimas-noticias-do-real-madrid\/#primaryimage"},"thumbnailUrl":"https:\/\/www.gaveanews.com\/wp-content\/uploads\/real-madrid.webp","articleSection":["Real Madrid"],"inLanguage":"pt-BR","potentialAction":[{"@type":"CommentAction","name":"Comment","target":["https:\/\/www.gaveanews.com\/index.php\/2025\/04\/10\/saida-de-vini-jr-demissao-de-ancelotti-e-insatisfacao-de-jogadores-as-ultimas-noticias-do-real-madrid\/#respond"]}],"copyrightYear":"2025","copyrightHolder":{"@id":"https:\/\/www.gaveanews.com\/#organization"}},{"@type":"WebPage","@id":"https:\/\/www.gaveanews.com\/index.php\/2025\/04\/10\/saida-de-vini-jr-demissao-de-ancelotti-e-insatisfacao-de-jogadores-as-ultimas-noticias-do-real-madrid\/","url":"https:\/\/www.gaveanews.com\/index.php\/2025\/04\/10\/saida-de-vini-jr-demissao-de-ancelotti-e-insatisfacao-de-jogadores-as-ultimas-noticias-do-real-madrid\/","name":"Sa\u00edda de Vini Jr, demiss\u00e3o de Ancelotti e insatisfa\u00e7\u00e3o de jogadores: as \u00faltimas not\u00edcias do Real Madrid","isPartOf":{"@id":"https:\/\/www.gaveanews.com\/#website"},"primaryImageOfPage":{"@id":"https:\/\/www.gaveanews.com\/index.php\/2025\/04\/10\/saida-de-vini-jr-demissao-de-ancelotti-e-insatisfacao-de-jogadores-as-ultimas-noticias-do-real-madrid\/#primaryimage"},"image":{"@id":"https:\/\/www.gaveanews.com\/index.php\/2025\/04\/10\/saida-de-vini-jr-demissao-de-ancelotti-e-insatisfacao-de-jogadores-as-ultimas-noticias-do-real-madrid\/#primaryimage"},"thumbnailUrl":"https:\/\/www.gaveanews.com\/wp-content\/uploads\/real-madrid.webp","datePublished":"2025-04-10T18:40:00+00:00","author":{"@id":"https:\/\/www.gaveanews.com\/#\/schema\/person\/c79759ca337c40791ae8d08e2923d403"},"breadcrumb":{"@id":"https:\/\/www.gaveanews.com\/index.php\/2025\/04\/10\/saida-de-vini-jr-demissao-de-ancelotti-e-insatisfacao-de-jogadores-as-ultimas-noticias-do-real-madrid\/#breadcrumb"},"inLanguage":"pt-BR","potentialAction":[{"@type":"ReadAction","target":["https:\/\/www.gaveanews.com\/index.php\/2025\/04\/10\/saida-de-vini-jr-demissao-de-ancelotti-e-insatisfacao-de-jogadores-as-ultimas-noticias-do-real-madrid\/"]}]},{"@type":"ImageObject","inLanguage":"pt-BR","@id":"https:\/\/www.gaveanews.com\/index.php\/2025\/04\/10\/saida-de-vini-jr-demissao-de-ancelotti-e-insatisfacao-de-jogadores-as-ultimas-noticias-do-real-madrid\/#primaryimage","url":"https:\/\/www.gaveanews.com\/wp-content\/uploads\/real-madrid.webp","contentUrl":"https:\/\/www.gaveanews.com\/wp-content\/uploads\/real-madrid.webp","width":906,"height":509,"caption":"Escudo do Real Madrid (Foto: Reprodu\u00e7\u00e3o)"},{"@type":"BreadcrumbList","@id":"https:\/\/www.gaveanews.com\/index.php\/2025\/04\/10\/saida-de-vini-jr-demissao-de-ancelotti-e-insatisfacao-de-jogadores-as-ultimas-noticias-do-real-madrid\/#breadcrumb","itemListElement":[{"@type":"ListItem","position":1,"name":"Home","item":"https:\/\/www.gaveanews.com\/"},{"@type":"ListItem","position":2,"name":"Sa\u00edda de Vini Jr, demiss\u00e3o de Ancelotti e insatisfa\u00e7\u00e3o de jogadores: as \u00faltimas not\u00edcias do Real Madrid"}]},{"@type":"WebSite","@id":"https:\/\/www.gaveanews.com\/#website","url":"https:\/\/www.gaveanews.com\/","name":"G\u00e1vea News","description":"Veja todas as not\u00edcias sobre o Flamengo: Contrata\u00e7\u00f5es, categorias de base, resultados das partidas, tabela de classifica\u00e7\u00e3o, pr\u00f3ximos jogos!","potentialAction":[{"@type":"SearchAction","target":{"@type":"EntryPoint","urlTemplate":"https:\/\/www.gaveanews.com\/?s={search_term_string}"},"query-input":{"@type":"PropertyValueSpecification","valueRequired":true,"valueName":"search_term_string"}}],"inLanguage":"pt-BR"},{"@type":"Person","@id":"https:\/\/www.gaveanews.com\/#\/schema\/person\/c79759ca337c40791ae8d08e2923d403","name":"Brenda Cezillo","image":{"@type":"ImageObject","inLanguage":"pt-BR","@id":"https:\/\/www.gaveanews.com\/#\/schema\/person\/image\/","url":"https:\/\/secure.gravatar.com\/avatar\/1738d75cee7317f9c29ae61dd67620c5883d80a92e42a6fff88ae5d527af217a?s=96&d=mm&r=g","contentUrl":"https:\/\/secure.gravatar.com\/avatar\/1738d75cee7317f9c29ae61dd67620c5883d80a92e42a6fff88ae5d527af217a?s=96&d=mm&r=g","caption":"Brenda Cezillo"}}]}},"_links":{"self":[{"href":"https:\/\/www.gaveanews.com\/index.php\/wp-json\/wp\/v2\/posts\/251656","targetHints":{"allow":["GET"]}}],"collection":[{"href":"https:\/\/www.gaveanews.com\/index.php\/wp-json\/wp\/v2\/posts"}],"about":[{"href":"https:\/\/www.gaveanews.com\/index.php\/wp-json\/wp\/v2\/types\/post"}],"author":[{"embeddable":true,"href":"https:\/\/www.gaveanews.com\/index.php\/wp-json\/wp\/v2\/users\/33"}],"replies":[{"embeddable":true,"href":"https:\/\/www.gaveanews.com\/index.php\/wp-json\/wp\/v2\/comments?post=251656"}],"version-history":[{"count":1,"href":"https:\/\/www.gaveanews.com\/index.php\/wp-json\/wp\/v2\/posts\/251656\/revisions"}],"predecessor-version":[{"id":251679,"href":"https:\/\/www.gaveanews.com\/index.php\/wp-json\/wp\/v2\/posts\/251656\/revisions\/251679"}],"wp:featuredmedia":[{"embeddable":true,"href":"https:\/\/www.gaveanews.com\/index.php\/wp-json\/wp\/v2\/media\/120916"}],"wp:attachment":[{"href":"https:\/\/www.gaveanews.com\/index.php\/wp-json\/wp\/v2\/media?parent=251656"}],"wp:term":[{"taxonomy":"category","embeddable":true,"href":"https:\/\/www.gaveanews.com\/index.php\/wp-json\/wp\/v2\/categories?post=251656"},{"taxonomy":"post_tag","embeddable":true,"href":"https:\/\/www.gaveanews.com\/index.php\/wp-json\/wp\/v2\/tags?post=251656"}],"curies":[{"name":"wp","href":"https:\/\/api.w.org\/{rel}","templated":true}]}}