{"id":251663,"date":"2025-04-11T12:30:39","date_gmt":"2025-04-11T15:30:39","guid":{"rendered":"https:\/\/www.gaveanews.com\/?p=251663"},"modified":"2025-04-11T11:44:21","modified_gmt":"2025-04-11T14:44:21","slug":"a-declaracao-de-matheus-pereira-apos-a-derrota-do-cruzeiro-na-sul-americana","status":"publish","type":"post","link":"https:\/\/www.gaveanews.com\/index.php\/2025\/04\/11\/a-declaracao-de-matheus-pereira-apos-a-derrota-do-cruzeiro-na-sul-americana\/","title":{"rendered":"A declara\u00e7\u00e3o de Matheus Pereira ap\u00f3s a derrota do Cruzeiro na Sul-Americana"},"content":{"rendered":"\n<h2 class=\"wp-block-heading\" id=\"h-a-gente-precisa-melhorar\">&#8220;A gente precisa melhorar&#8230;&#8221;<\/h2>\n\n\n\n<p>O Cruzeiro segue sem somar pontos na Copa Sul-Americana de 2025. A Raposa foi derrotada pelo Mushuc Runa, do Equador, pelo placar de 2 a 1, em Belo Horizonte. Ap\u00f3s o jogo, o meia Matheus Pereira desabafou sobre a situa\u00e7\u00e3o da equipe e disse que &#8220;precisam melhorar&#8221;. O jogador tamb\u00e9m falou sobre o seu filho Th\u00e9o, que acabou de nascer. <\/p>\n\n\n\n<p>\u201cEm rela\u00e7\u00e3o ao jogo hoje, acho que \u00e9 um jogo um pouco mais do mesmo. A gente precisa melhorar. A gente sabe disso, sabe da responsabilidade que \u00e9 representar essa camisa. Eu sou o primeiro a me incluir, mesmo voltando hoje, temos que fazer melhor\u201d, iniciou. <\/p>\n\n\n\n<p>&#8220;N\u00e3o adianta jogar s\u00f3 bem para frente. A gente tem que come\u00e7ar a defender bem, ajudar o C\u00e1ssio l\u00e1 atr\u00e1s, ajudar o Fabr\u00edcio, ajudar quem est\u00e1 na linha defensiva. H\u00e1 alguns erros que a gente pode minimizar, mas temos que corrigir eles como coletivo, n\u00e3o podemos apontar o dedo&#8221;, acrescentou o jogador. <\/p>\n\n\n\n<p>Matheus Pereira fez uma esp\u00e9cie de &#8220;apelo&#8221; ao elenco cruzeirense. O meia disse que os jogadores precisam &#8220;sentir o peso da camisa&#8221; e que precisam jogar &#8220;com mais garra&#8221;.<\/p>\n\n\n\n<p>\u201cA gente sabe da responsabilidade que \u00e9 jogar no Cruzeiro. Acho que a gente tem que come\u00e7ar a sentir a camisa de verdade. Especialmente todo mundo que tem entrado de in\u00edcio, que entra tamb\u00e9m no segundo tempo, a gente tem que come\u00e7ar a ter mais garra para jogar nesse clube. Esse clube \u00e9 muito grande, \u00e9 gigante. A gente tem que come\u00e7ar a encarar essa responsabilidade\u201d, disse Matheus. <\/p>\n\n\n\n<p>O meia voltou a atuar justamente na noite da \u00faltima quarta-feira (9), ap\u00f3s se ausentar das \u00faltimas partidas devido ao nascimento de seu primeiro filho. Ap\u00f3s o apito final, Matheus destacou a import\u00e2ncia do momento pessoal e a responsabilidade que \u00e9 defender as cores do Cruzeiro.<\/p>\n\n\n\n<p>\u201cEstou super feliz pelo nascimento do meu filho, gra\u00e7as a Deus. Ter ficado muitos jogos fora, \u00e9 \u00f3bvio que eu queria dar minha contribui\u00e7\u00e3o, estar junto tamb\u00e9m, mas t\u00eam coisas mais importantes. N\u00e3o que o futebol n\u00e3o seja importante, mas fam\u00edlia em primeiro lugar. Agradecer tamb\u00e9m ao pessoal, Pedrinho, Pedro Junio, pessoal que me deu autoriza\u00e7\u00e3o para que eu pudesse estar nesse momento ao lado da minha fam\u00edlia. Foi muito importante para mim\u201d, finalizou Matheus Pereira. <\/p>\n","protected":false},"excerpt":{"rendered":"<p>&#8220;A gente precisa melhorar&#8230;&#8221; O Cruzeiro segue sem somar pontos na Copa Sul-Americana de 2025. A Raposa foi derrotada pelo Mushuc Runa, do Equador, pelo placar de 2 a 1, em Belo Horizonte. Ap\u00f3s o jogo, o meia Matheus Pereira desabafou sobre a situa\u00e7\u00e3o da equipe e disse que &#8220;precisam melhorar&#8221;. O jogador tamb\u00e9m falou [&hellip;]<\/p>\n","protected":false},"author":21,"featured_media":158265,"comment_status":"open","ping_status":"closed","sticky":false,"template":"","format":"standard","meta":{"footnotes":""},"categories":[143],"tags":[],"class_list":["post-251663","post","type-post","status-publish","format-standard","has-post-thumbnail","hentry","category-cruzeiro"],"yoast_head":"<!-- This site is optimized with the Yoast SEO Premium plugin v24.2 (Yoast SEO v26.9) - https:\/\/yoast.com\/product\/yoast-seo-premium-wordpress\/ -->\n<title>A declara\u00e7\u00e3o de Matheus Pereira ap\u00f3s a derrota do Cruzeiro na Sul-Americana<\/title>\n<meta name=\"robots\" content=\"index, follow, max-snippet:-1, max-image-preview:large, max-video-preview:-1\" \/>\n<link rel=\"canonical\" href=\"https:\/\/www.gaveanews.com\/index.php\/2025\/04\/11\/a-declaracao-de-matheus-pereira-apos-a-derrota-do-cruzeiro-na-sul-americana\/\" \/>\n<meta property=\"og:locale\" content=\"pt_BR\" \/>\n<meta property=\"og:type\" content=\"article\" \/>\n<meta property=\"og:title\" content=\"A declara\u00e7\u00e3o de Matheus Pereira ap\u00f3s a derrota do Cruzeiro na Sul-Americana\" \/>\n<meta property=\"og:description\" content=\"&#8220;A gente precisa melhorar&#8230;&#8221; O Cruzeiro segue sem somar pontos na Copa Sul-Americana de 2025. A Raposa foi derrotada pelo Mushuc Runa, do Equador, pelo placar de 2 a 1, em Belo Horizonte. Ap\u00f3s o jogo, o meia Matheus Pereira desabafou sobre a situa\u00e7\u00e3o da equipe e disse que &#8220;precisam melhorar&#8221;. O jogador tamb\u00e9m falou [&hellip;]\" \/>\n<meta property=\"og:url\" content=\"https:\/\/www.gaveanews.com\/index.php\/2025\/04\/11\/a-declaracao-de-matheus-pereira-apos-a-derrota-do-cruzeiro-na-sul-americana\/\" \/>\n<meta property=\"og:site_name\" content=\"G\u00e1vea News\" \/>\n<meta property=\"article:publisher\" content=\"https:\/\/facebook.com\/gaveaNews\/\" \/>\n<meta property=\"article:published_time\" content=\"2025-04-11T15:30:39+00:00\" \/>\n<meta property=\"og:image\" content=\"https:\/\/www.gaveanews.com\/wp-content\/uploads\/Matheus-Pereira-em-acao-pelo-Cruzeiro.webp\" \/>\n\t<meta property=\"og:image:width\" content=\"1080\" \/>\n\t<meta property=\"og:image:height\" content=\"1350\" \/>\n\t<meta property=\"og:image:type\" content=\"image\/jpeg\" \/>\n<meta name=\"author\" content=\"Andr\u00e9 Serra\" \/>\n<meta name=\"twitter:card\" content=\"summary_large_image\" \/>\n<meta name=\"twitter:label1\" content=\"Escrito por\" \/>\n\t<meta name=\"twitter:data1\" content=\"Andr\u00e9 Serra\" \/>\n\t<meta name=\"twitter:label2\" content=\"Est. tempo de leitura\" \/>\n\t<meta name=\"twitter:data2\" content=\"3 minutos\" \/>\n<script type=\"application\/ld+json\" class=\"yoast-schema-graph\">{\"@context\":\"https:\/\/schema.org\",\"@graph\":[{\"@type\":\"NewsArticle\",\"@id\":\"https:\/\/www.gaveanews.com\/index.php\/2025\/04\/11\/a-declaracao-de-matheus-pereira-apos-a-derrota-do-cruzeiro-na-sul-americana\/#article\",\"isPartOf\":{\"@id\":\"https:\/\/www.gaveanews.com\/index.php\/2025\/04\/11\/a-declaracao-de-matheus-pereira-apos-a-derrota-do-cruzeiro-na-sul-americana\/\"},\"author\":{\"name\":\"Andr\u00e9 Serra\",\"@id\":\"https:\/\/www.gaveanews.com\/#\/schema\/person\/0277a79a1289c451c281ec0411d84f0c\"},\"headline\":\"A declara\u00e7\u00e3o de Matheus Pereira ap\u00f3s a derrota do Cruzeiro na Sul-Americana\",\"datePublished\":\"2025-04-11T15:30:39+00:00\",\"mainEntityOfPage\":{\"@id\":\"https:\/\/www.gaveanews.com\/index.php\/2025\/04\/11\/a-declaracao-de-matheus-pereira-apos-a-derrota-do-cruzeiro-na-sul-americana\/\"},\"wordCount\":414,\"commentCount\":0,\"image\":{\"@id\":\"https:\/\/www.gaveanews.com\/index.php\/2025\/04\/11\/a-declaracao-de-matheus-pereira-apos-a-derrota-do-cruzeiro-na-sul-americana\/#primaryimage\"},\"thumbnailUrl\":\"https:\/\/www.gaveanews.com\/wp-content\/uploads\/Matheus-Pereira-em-acao-pelo-Cruzeiro.webp\",\"articleSection\":[\"Cruzeiro\"],\"inLanguage\":\"pt-BR\",\"potentialAction\":[{\"@type\":\"CommentAction\",\"name\":\"Comment\",\"target\":[\"https:\/\/www.gaveanews.com\/index.php\/2025\/04\/11\/a-declaracao-de-matheus-pereira-apos-a-derrota-do-cruzeiro-na-sul-americana\/#respond\"]}],\"copyrightYear\":\"2025\",\"copyrightHolder\":{\"@id\":\"https:\/\/www.gaveanews.com\/#organization\"}},{\"@type\":\"WebPage\",\"@id\":\"https:\/\/www.gaveanews.com\/index.php\/2025\/04\/11\/a-declaracao-de-matheus-pereira-apos-a-derrota-do-cruzeiro-na-sul-americana\/\",\"url\":\"https:\/\/www.gaveanews.com\/index.php\/2025\/04\/11\/a-declaracao-de-matheus-pereira-apos-a-derrota-do-cruzeiro-na-sul-americana\/\",\"name\":\"A declara\u00e7\u00e3o de Matheus Pereira ap\u00f3s a derrota do Cruzeiro na Sul-Americana\",\"isPartOf\":{\"@id\":\"https:\/\/www.gaveanews.com\/#website\"},\"primaryImageOfPage\":{\"@id\":\"https:\/\/www.gaveanews.com\/index.php\/2025\/04\/11\/a-declaracao-de-matheus-pereira-apos-a-derrota-do-cruzeiro-na-sul-americana\/#primaryimage\"},\"image\":{\"@id\":\"https:\/\/www.gaveanews.com\/index.php\/2025\/04\/11\/a-declaracao-de-matheus-pereira-apos-a-derrota-do-cruzeiro-na-sul-americana\/#primaryimage\"},\"thumbnailUrl\":\"https:\/\/www.gaveanews.com\/wp-content\/uploads\/Matheus-Pereira-em-acao-pelo-Cruzeiro.webp\",\"datePublished\":\"2025-04-11T15:30:39+00:00\",\"author\":{\"@id\":\"https:\/\/www.gaveanews.com\/#\/schema\/person\/0277a79a1289c451c281ec0411d84f0c\"},\"breadcrumb\":{\"@id\":\"https:\/\/www.gaveanews.com\/index.php\/2025\/04\/11\/a-declaracao-de-matheus-pereira-apos-a-derrota-do-cruzeiro-na-sul-americana\/#breadcrumb\"},\"inLanguage\":\"pt-BR\",\"potentialAction\":[{\"@type\":\"ReadAction\",\"target\":[\"https:\/\/www.gaveanews.com\/index.php\/2025\/04\/11\/a-declaracao-de-matheus-pereira-apos-a-derrota-do-cruzeiro-na-sul-americana\/\"]}]},{\"@type\":\"ImageObject\",\"inLanguage\":\"pt-BR\",\"@id\":\"https:\/\/www.gaveanews.com\/index.php\/2025\/04\/11\/a-declaracao-de-matheus-pereira-apos-a-derrota-do-cruzeiro-na-sul-americana\/#primaryimage\",\"url\":\"https:\/\/www.gaveanews.com\/wp-content\/uploads\/Matheus-Pereira-em-acao-pelo-Cruzeiro.webp\",\"contentUrl\":\"https:\/\/www.gaveanews.com\/wp-content\/uploads\/Matheus-Pereira-em-acao-pelo-Cruzeiro.webp\",\"width\":1080,\"height\":1350,\"caption\":\"Matheus Pereira em a\u00e7\u00e3o pelo Cruzeiro (Foto: Reprodu\u00e7\u00e3o\/Instagram)\"},{\"@type\":\"BreadcrumbList\",\"@id\":\"https:\/\/www.gaveanews.com\/index.php\/2025\/04\/11\/a-declaracao-de-matheus-pereira-apos-a-derrota-do-cruzeiro-na-sul-americana\/#breadcrumb\",\"itemListElement\":[{\"@type\":\"ListItem\",\"position\":1,\"name\":\"Home\",\"item\":\"https:\/\/www.gaveanews.com\/\"},{\"@type\":\"ListItem\",\"position\":2,\"name\":\"A declara\u00e7\u00e3o de Matheus Pereira ap\u00f3s a derrota do Cruzeiro na Sul-Americana\"}]},{\"@type\":\"WebSite\",\"@id\":\"https:\/\/www.gaveanews.com\/#website\",\"url\":\"https:\/\/www.gaveanews.com\/\",\"name\":\"G\u00e1vea News\",\"description\":\"Veja todas as not\u00edcias sobre o Flamengo: Contrata\u00e7\u00f5es, categorias de base, resultados das partidas, tabela de classifica\u00e7\u00e3o, pr\u00f3ximos jogos!\",\"potentialAction\":[{\"@type\":\"SearchAction\",\"target\":{\"@type\":\"EntryPoint\",\"urlTemplate\":\"https:\/\/www.gaveanews.com\/?s={search_term_string}\"},\"query-input\":{\"@type\":\"PropertyValueSpecification\",\"valueRequired\":true,\"valueName\":\"search_term_string\"}}],\"inLanguage\":\"pt-BR\"},{\"@type\":\"Person\",\"@id\":\"https:\/\/www.gaveanews.com\/#\/schema\/person\/0277a79a1289c451c281ec0411d84f0c\",\"name\":\"Andr\u00e9 Serra\",\"image\":{\"@type\":\"ImageObject\",\"inLanguage\":\"pt-BR\",\"@id\":\"https:\/\/www.gaveanews.com\/#\/schema\/person\/image\/\",\"url\":\"https:\/\/secure.gravatar.com\/avatar\/d7231369fe48db93292b3e88eb2162dbd9a34a47a8437d9ef3bcaca2a86a83d7?s=96&d=mm&r=g\",\"contentUrl\":\"https:\/\/secure.gravatar.com\/avatar\/d7231369fe48db93292b3e88eb2162dbd9a34a47a8437d9ef3bcaca2a86a83d7?s=96&d=mm&r=g\",\"caption\":\"Andr\u00e9 Serra\"}}]}<\/script>\n<!-- \/ Yoast SEO Premium plugin. -->","yoast_head_json":{"title":"A declara\u00e7\u00e3o de Matheus Pereira ap\u00f3s a derrota do Cruzeiro na Sul-Americana","robots":{"index":"index","follow":"follow","max-snippet":"max-snippet:-1","max-image-preview":"max-image-preview:large","max-video-preview":"max-video-preview:-1"},"canonical":"https:\/\/www.gaveanews.com\/index.php\/2025\/04\/11\/a-declaracao-de-matheus-pereira-apos-a-derrota-do-cruzeiro-na-sul-americana\/","og_locale":"pt_BR","og_type":"article","og_title":"A declara\u00e7\u00e3o de Matheus Pereira ap\u00f3s a derrota do Cruzeiro na Sul-Americana","og_description":"&#8220;A gente precisa melhorar&#8230;&#8221; O Cruzeiro segue sem somar pontos na Copa Sul-Americana de 2025. A Raposa foi derrotada pelo Mushuc Runa, do Equador, pelo placar de 2 a 1, em Belo Horizonte. Ap\u00f3s o jogo, o meia Matheus Pereira desabafou sobre a situa\u00e7\u00e3o da equipe e disse que &#8220;precisam melhorar&#8221;. O jogador tamb\u00e9m falou [&hellip;]","og_url":"https:\/\/www.gaveanews.com\/index.php\/2025\/04\/11\/a-declaracao-de-matheus-pereira-apos-a-derrota-do-cruzeiro-na-sul-americana\/","og_site_name":"G\u00e1vea News","article_publisher":"https:\/\/facebook.com\/gaveaNews\/","article_published_time":"2025-04-11T15:30:39+00:00","og_image":[{"width":1080,"height":1350,"url":"https:\/\/www.gaveanews.com\/wp-content\/uploads\/Matheus-Pereira-em-acao-pelo-Cruzeiro.webp","type":"image\/jpeg"}],"author":"Andr\u00e9 Serra","twitter_card":"summary_large_image","twitter_misc":{"Escrito por":"Andr\u00e9 Serra","Est. tempo de leitura":"3 minutos"},"schema":{"@context":"https:\/\/schema.org","@graph":[{"@type":"NewsArticle","@id":"https:\/\/www.gaveanews.com\/index.php\/2025\/04\/11\/a-declaracao-de-matheus-pereira-apos-a-derrota-do-cruzeiro-na-sul-americana\/#article","isPartOf":{"@id":"https:\/\/www.gaveanews.com\/index.php\/2025\/04\/11\/a-declaracao-de-matheus-pereira-apos-a-derrota-do-cruzeiro-na-sul-americana\/"},"author":{"name":"Andr\u00e9 Serra","@id":"https:\/\/www.gaveanews.com\/#\/schema\/person\/0277a79a1289c451c281ec0411d84f0c"},"headline":"A declara\u00e7\u00e3o de Matheus Pereira ap\u00f3s a derrota do Cruzeiro na Sul-Americana","datePublished":"2025-04-11T15:30:39+00:00","mainEntityOfPage":{"@id":"https:\/\/www.gaveanews.com\/index.php\/2025\/04\/11\/a-declaracao-de-matheus-pereira-apos-a-derrota-do-cruzeiro-na-sul-americana\/"},"wordCount":414,"commentCount":0,"image":{"@id":"https:\/\/www.gaveanews.com\/index.php\/2025\/04\/11\/a-declaracao-de-matheus-pereira-apos-a-derrota-do-cruzeiro-na-sul-americana\/#primaryimage"},"thumbnailUrl":"https:\/\/www.gaveanews.com\/wp-content\/uploads\/Matheus-Pereira-em-acao-pelo-Cruzeiro.webp","articleSection":["Cruzeiro"],"inLanguage":"pt-BR","potentialAction":[{"@type":"CommentAction","name":"Comment","target":["https:\/\/www.gaveanews.com\/index.php\/2025\/04\/11\/a-declaracao-de-matheus-pereira-apos-a-derrota-do-cruzeiro-na-sul-americana\/#respond"]}],"copyrightYear":"2025","copyrightHolder":{"@id":"https:\/\/www.gaveanews.com\/#organization"}},{"@type":"WebPage","@id":"https:\/\/www.gaveanews.com\/index.php\/2025\/04\/11\/a-declaracao-de-matheus-pereira-apos-a-derrota-do-cruzeiro-na-sul-americana\/","url":"https:\/\/www.gaveanews.com\/index.php\/2025\/04\/11\/a-declaracao-de-matheus-pereira-apos-a-derrota-do-cruzeiro-na-sul-americana\/","name":"A declara\u00e7\u00e3o de Matheus Pereira ap\u00f3s a derrota do Cruzeiro na Sul-Americana","isPartOf":{"@id":"https:\/\/www.gaveanews.com\/#website"},"primaryImageOfPage":{"@id":"https:\/\/www.gaveanews.com\/index.php\/2025\/04\/11\/a-declaracao-de-matheus-pereira-apos-a-derrota-do-cruzeiro-na-sul-americana\/#primaryimage"},"image":{"@id":"https:\/\/www.gaveanews.com\/index.php\/2025\/04\/11\/a-declaracao-de-matheus-pereira-apos-a-derrota-do-cruzeiro-na-sul-americana\/#primaryimage"},"thumbnailUrl":"https:\/\/www.gaveanews.com\/wp-content\/uploads\/Matheus-Pereira-em-acao-pelo-Cruzeiro.webp","datePublished":"2025-04-11T15:30:39+00:00","author":{"@id":"https:\/\/www.gaveanews.com\/#\/schema\/person\/0277a79a1289c451c281ec0411d84f0c"},"breadcrumb":{"@id":"https:\/\/www.gaveanews.com\/index.php\/2025\/04\/11\/a-declaracao-de-matheus-pereira-apos-a-derrota-do-cruzeiro-na-sul-americana\/#breadcrumb"},"inLanguage":"pt-BR","potentialAction":[{"@type":"ReadAction","target":["https:\/\/www.gaveanews.com\/index.php\/2025\/04\/11\/a-declaracao-de-matheus-pereira-apos-a-derrota-do-cruzeiro-na-sul-americana\/"]}]},{"@type":"ImageObject","inLanguage":"pt-BR","@id":"https:\/\/www.gaveanews.com\/index.php\/2025\/04\/11\/a-declaracao-de-matheus-pereira-apos-a-derrota-do-cruzeiro-na-sul-americana\/#primaryimage","url":"https:\/\/www.gaveanews.com\/wp-content\/uploads\/Matheus-Pereira-em-acao-pelo-Cruzeiro.webp","contentUrl":"https:\/\/www.gaveanews.com\/wp-content\/uploads\/Matheus-Pereira-em-acao-pelo-Cruzeiro.webp","width":1080,"height":1350,"caption":"Matheus Pereira em a\u00e7\u00e3o pelo Cruzeiro (Foto: Reprodu\u00e7\u00e3o\/Instagram)"},{"@type":"BreadcrumbList","@id":"https:\/\/www.gaveanews.com\/index.php\/2025\/04\/11\/a-declaracao-de-matheus-pereira-apos-a-derrota-do-cruzeiro-na-sul-americana\/#breadcrumb","itemListElement":[{"@type":"ListItem","position":1,"name":"Home","item":"https:\/\/www.gaveanews.com\/"},{"@type":"ListItem","position":2,"name":"A declara\u00e7\u00e3o de Matheus Pereira ap\u00f3s a derrota do Cruzeiro na Sul-Americana"}]},{"@type":"WebSite","@id":"https:\/\/www.gaveanews.com\/#website","url":"https:\/\/www.gaveanews.com\/","name":"G\u00e1vea News","description":"Veja todas as not\u00edcias sobre o Flamengo: Contrata\u00e7\u00f5es, categorias de base, resultados das partidas, tabela de classifica\u00e7\u00e3o, pr\u00f3ximos jogos!","potentialAction":[{"@type":"SearchAction","target":{"@type":"EntryPoint","urlTemplate":"https:\/\/www.gaveanews.com\/?s={search_term_string}"},"query-input":{"@type":"PropertyValueSpecification","valueRequired":true,"valueName":"search_term_string"}}],"inLanguage":"pt-BR"},{"@type":"Person","@id":"https:\/\/www.gaveanews.com\/#\/schema\/person\/0277a79a1289c451c281ec0411d84f0c","name":"Andr\u00e9 Serra","image":{"@type":"ImageObject","inLanguage":"pt-BR","@id":"https:\/\/www.gaveanews.com\/#\/schema\/person\/image\/","url":"https:\/\/secure.gravatar.com\/avatar\/d7231369fe48db93292b3e88eb2162dbd9a34a47a8437d9ef3bcaca2a86a83d7?s=96&d=mm&r=g","contentUrl":"https:\/\/secure.gravatar.com\/avatar\/d7231369fe48db93292b3e88eb2162dbd9a34a47a8437d9ef3bcaca2a86a83d7?s=96&d=mm&r=g","caption":"Andr\u00e9 Serra"}}]}},"_links":{"self":[{"href":"https:\/\/www.gaveanews.com\/index.php\/wp-json\/wp\/v2\/posts\/251663","targetHints":{"allow":["GET"]}}],"collection":[{"href":"https:\/\/www.gaveanews.com\/index.php\/wp-json\/wp\/v2\/posts"}],"about":[{"href":"https:\/\/www.gaveanews.com\/index.php\/wp-json\/wp\/v2\/types\/post"}],"author":[{"embeddable":true,"href":"https:\/\/www.gaveanews.com\/index.php\/wp-json\/wp\/v2\/users\/21"}],"replies":[{"embeddable":true,"href":"https:\/\/www.gaveanews.com\/index.php\/wp-json\/wp\/v2\/comments?post=251663"}],"version-history":[{"count":1,"href":"https:\/\/www.gaveanews.com\/index.php\/wp-json\/wp\/v2\/posts\/251663\/revisions"}],"predecessor-version":[{"id":251669,"href":"https:\/\/www.gaveanews.com\/index.php\/wp-json\/wp\/v2\/posts\/251663\/revisions\/251669"}],"wp:featuredmedia":[{"embeddable":true,"href":"https:\/\/www.gaveanews.com\/index.php\/wp-json\/wp\/v2\/media\/158265"}],"wp:attachment":[{"href":"https:\/\/www.gaveanews.com\/index.php\/wp-json\/wp\/v2\/media?parent=251663"}],"wp:term":[{"taxonomy":"category","embeddable":true,"href":"https:\/\/www.gaveanews.com\/index.php\/wp-json\/wp\/v2\/categories?post=251663"},{"taxonomy":"post_tag","embeddable":true,"href":"https:\/\/www.gaveanews.com\/index.php\/wp-json\/wp\/v2\/tags?post=251663"}],"curies":[{"name":"wp","href":"https:\/\/api.w.org\/{rel}","templated":true}]}}