{"id":251680,"date":"2025-04-10T15:45:00","date_gmt":"2025-04-10T18:45:00","guid":{"rendered":"https:\/\/www.gaveanews.com\/?p=251680"},"modified":"2025-04-10T13:27:02","modified_gmt":"2025-04-10T16:27:02","slug":"palmeiras-de-abel-ferreira-atinge-recorde-negativo-na-libertadores","status":"publish","type":"post","link":"https:\/\/www.gaveanews.com\/index.php\/2025\/04\/10\/palmeiras-de-abel-ferreira-atinge-recorde-negativo-na-libertadores\/","title":{"rendered":"Palmeiras de Abel Ferreira atinge recorde negativo na Libertadores"},"content":{"rendered":"\n<p>A vit\u00f3ria do Palmeiras por 1 a 0 sobre o Cerro Porte\u00f1o, na noite de quarta-feira (09), pelo Allianz Parque, garantiu mais tr\u00eas pontos ao clube na fase de grupos da Libertadores. Contudo, o duelo ficou marcado por dois epis\u00f3dios extracampo que chamaram a aten\u00e7\u00e3o: o pior p\u00fablico registrado pelo clube em jogos da competi\u00e7\u00e3o no est\u00e1dio e o gesto pol\u00eamico de Richard R\u00edos.<\/p>\n\n\n\n<p>A partida v\u00e1lida pela segunda rodada da fase de grupos da Libertadores registrou apenas 24.530 torcedores nas arquibancadas do Allianz Parque, n\u00famero que representou o pior p\u00fablico do Palmeiras em casa na hist\u00f3ria do torneio continental. Esse dado superou negativamente a antiga marca, de 25.787 pessoas, registrada em 16 de maio de 2018, contra o Junior Barranquilla, tamb\u00e9m pela fase de grupos.<\/p>\n\n\n\n<p>Apesar do n\u00famero modesto de presentes, a arrecada\u00e7\u00e3o com bilheteria foi consider\u00e1vel: R$ 2.687.501,80. Isso representou um valor m\u00e9dio de R$ 109 por ingresso. Segundo o clube, a presen\u00e7a de um palco no setor Gol Norte reduziu a capacidade total do est\u00e1dio. Mesmo assim, os pre\u00e7os elevados foram duramente criticados pelos torcedores nas redes sociais.<\/p>\n\n\n\n<h2 class=\"wp-block-heading\" id=\"h-lista-completa\">Lista completa<\/h2>\n\n\n\n<ol class=\"wp-block-list\">\n<li>09\/04\/2025 \u2013 Palmeiras x Cerro Porte\u00f1o \u2013 24.530 torcedores<\/li>\n\n\n\n<li>16\/05\/2018 \u2013 Palmeiras x Junior Barranquilla \u2013 25.787<\/li>\n\n\n\n<li>12\/04\/2022 \u2013 Palmeiras x Independiente Petrolero \u2013 26.409<\/li>\n\n\n\n<li>10\/03\/2020 \u2013 Palmeiras x Guarani \u2013 28.267<\/li>\n\n\n\n<li>11\/04\/2024 \u2013 Palmeiras x Liverpool \u2013 28.365<\/li>\n\n\n\n<li>10\/04\/2019 \u2013 Palmeiras x Junior Barranquilla \u2013 28.791<\/li>\n\n\n\n<li>24\/05\/2022 \u2013 Palmeiras x Deportivo T\u00e1chira \u2013 29.032<\/li>\n\n\n\n<li>08\/05\/2019 \u2013 Palmeiras x San Lorenzo \u2013 29.204<\/li>\n<\/ol>\n\n\n\n<p><em>*Lista divulgada pelo site &#8216;Nosso Palestra&#8217;<\/em><\/p>\n\n\n\n<p>Com a vit\u00f3ria, o time comandado por Abel Ferreira chegou aos seis pontos e assumiu a lideran\u00e7a do Grupo G. O pr\u00f3ximo compromisso pela Libertadores ser\u00e1 contra o Bol\u00edvar, fora de casa, na quarta-feira (24).<\/p>\n\n\n\n<h2 class=\"wp-block-heading\" id=\"h-rios-balanca-as-redes-provoca-e-se-desculpa\">R\u00edos balan\u00e7a as redes, provoca e se desculpa<\/h2>\n\n\n\n<p>O autor do \u00fanico gol da partida tamb\u00e9m foi protagonista de um dos epis\u00f3dios mais comentados da noite. Richard R\u00edos, camisa 8 do Verd\u00e3o, marcou aos 41 minutos do primeiro tempo e, na comemora\u00e7\u00e3o, levou o dedo \u00e0 boca em um gesto de sil\u00eancio direcionado \u00e0 torcida.<\/p>\n\n\n\n<p>A atitude causou rea\u00e7\u00e3o imediata dos torcedores, que j\u00e1 demonstravam certa impaci\u00eancia durante o jogo. Na volta para o segundo tempo, os c\u00e2nticos ofensivos dirigidos a R\u00edos se intensificaram. Aos 38 minutos da etapa final, o volante foi substitu\u00eddo e, ao sair do gramado, pediu desculpas, jogando sua camisa para a arquibancada. Alguns torcedores responderam com aplausos.<\/p>\n\n\n\n<p>Posteriormente, em v\u00eddeo publicado nas redes sociais do Palmeiras, o jogador colombiano voltou a se desculpar, desta vez com palavras mais diretas:<\/p>\n\n\n\n<blockquote class=\"wp-block-quote is-layout-flow wp-block-quote-is-layout-flow\">\n<p>\u201cEstou aqui diretamente falando com voc\u00ea, torcedor. Pedir mais uma vez desculpas. Acho que voc\u00eas sabem que eu n\u00e3o sou esse tipo de pessoa&#8230; Isso saiu mais como desabafo mesmo. Venho atravessando um momento complicado na minha vida. Nada \u00e9 desculpa pra isso, mas assumir os erros que a gente comete.\u201d<\/p>\n<\/blockquote>\n\n\n\n<p>O volante revelou que est\u00e1 passando por um per\u00edodo dif\u00edcil pessoalmente, o que, segundo ele, influenciou sua rea\u00e7\u00e3o impulsiva: \u201cSempre saio dentro de campo para deixar a vida. Obrigado pelo carinho que voc\u00eas t\u00eam por mim e pela minha fam\u00edlia. Nunca me abandonaram. Tenho certeza que isso aqui n\u00e3o vai acontecer mais.\u201d<\/p>\n\n\n\n<p>Al\u00e9m do desabafo e da explica\u00e7\u00e3o, R\u00edos ainda teve um desentendimento com Vitor Roque em campo, pouco antes do intervalo. O atrito foi contido por Gustavo G\u00f3mez e Bruno Fuchs.<\/p>\n\n\n\n<h2 class=\"wp-block-heading\" id=\"h-abel-minimiza-gesto\">Abel minimiza gesto <\/h2>\n\n\n\n<p>Ap\u00f3s a partida, o t\u00e9cnico Abel Ferreira foi questionado sobre o gesto do jogador e adotou tom conciliador: \u201cFutebol n\u00e3o \u00e9 igreja. \u00c9 emo\u00e7\u00e3o, \u00e9 paix\u00e3o. R\u00edos vive o clube com intensidade. Cabe\u00e7a quente, mas j\u00e1 se desculpou.\u201d<\/p>\n\n\n\n<p>O treinador tamb\u00e9m elogiou o desempenho do time, enfatizando a intensidade com a qual o Palmeiras atuou e pedindo paci\u00eancia por parte dos torcedores: \u201cEstamos em evolu\u00e7\u00e3o. Jogamos bem, controlamos o jogo e tivemos maturidade.\u201d<\/p>\n\n\n\n<h2 class=\"wp-block-heading\" id=\"h-proximos-compromissos-do-palmeiras\">Pr\u00f3ximos compromissos do Palmeiras<\/h2>\n\n\n\n<p>Al\u00e9m do confronto diante do Bol\u00edvar pela Libertadores, o Palmeiras ter\u00e1 tr\u00eas jogos importantes pelo Campeonato Brasileiro:<\/p>\n\n\n\n<ul class=\"wp-block-list\">\n<li><strong>S\u00e1bado (12 de abril), \u00e0s 18h30 <\/strong> \u2013 Palmeiras x Corinthians<\/li>\n\n\n\n<li><strong>Ter\u00e7a-feira (16 de abril), \u00e0s 19h30 <\/strong> \u2013 Internacional x Palmeiras<\/li>\n\n\n\n<li><strong>S\u00e1bado (20 de abril), \u00e0s 18h30 <\/strong> \u2013 Fortaleza x Palmeiras<\/li>\n<\/ul>\n","protected":false},"excerpt":{"rendered":"<p>A vit\u00f3ria do Palmeiras por 1 a 0 sobre o Cerro Porte\u00f1o, na noite de quarta-feira (09), pelo Allianz Parque, garantiu mais tr\u00eas pontos ao clube na fase de grupos da Libertadores. Contudo, o duelo ficou marcado por dois epis\u00f3dios extracampo que chamaram a aten\u00e7\u00e3o: o pior p\u00fablico registrado pelo clube em jogos da competi\u00e7\u00e3o [&hellip;]<\/p>\n","protected":false},"author":30,"featured_media":157841,"comment_status":"open","ping_status":"closed","sticky":false,"template":"","format":"standard","meta":{"footnotes":""},"categories":[150],"tags":[],"class_list":["post-251680","post","type-post","status-publish","format-standard","has-post-thumbnail","hentry","category-palmeiras"],"yoast_head":"<!-- This site is optimized with the Yoast SEO Premium plugin v24.2 (Yoast SEO v26.9) - https:\/\/yoast.com\/product\/yoast-seo-premium-wordpress\/ -->\n<title>Palmeiras de Abel Ferreira atinge recorde negativo na Libertadores<\/title>\n<meta name=\"robots\" content=\"index, follow, max-snippet:-1, max-image-preview:large, max-video-preview:-1\" \/>\n<link rel=\"canonical\" href=\"https:\/\/www.gaveanews.com\/index.php\/2025\/04\/10\/palmeiras-de-abel-ferreira-atinge-recorde-negativo-na-libertadores\/\" \/>\n<meta property=\"og:locale\" content=\"pt_BR\" \/>\n<meta property=\"og:type\" content=\"article\" \/>\n<meta property=\"og:title\" content=\"Palmeiras de Abel Ferreira atinge recorde negativo na Libertadores\" \/>\n<meta property=\"og:description\" content=\"A vit\u00f3ria do Palmeiras por 1 a 0 sobre o Cerro Porte\u00f1o, na noite de quarta-feira (09), pelo Allianz Parque, garantiu mais tr\u00eas pontos ao clube na fase de grupos da Libertadores. Contudo, o duelo ficou marcado por dois epis\u00f3dios extracampo que chamaram a aten\u00e7\u00e3o: o pior p\u00fablico registrado pelo clube em jogos da competi\u00e7\u00e3o [&hellip;]\" \/>\n<meta property=\"og:url\" content=\"https:\/\/www.gaveanews.com\/index.php\/2025\/04\/10\/palmeiras-de-abel-ferreira-atinge-recorde-negativo-na-libertadores\/\" \/>\n<meta property=\"og:site_name\" content=\"G\u00e1vea News\" \/>\n<meta property=\"article:publisher\" content=\"https:\/\/facebook.com\/gaveaNews\/\" \/>\n<meta property=\"article:published_time\" content=\"2025-04-10T18:45:00+00:00\" \/>\n<meta property=\"og:image\" content=\"https:\/\/www.gaveanews.com\/wp-content\/uploads\/Abel-Ferreira-durante-um-momento-reflexivo-apos-um-treino-do-Palmeiras.webp\" \/>\n\t<meta property=\"og:image:width\" content=\"1500\" \/>\n\t<meta property=\"og:image:height\" content=\"844\" \/>\n\t<meta property=\"og:image:type\" content=\"image\/jpeg\" \/>\n<meta name=\"author\" content=\"Ana Teixeira\" \/>\n<meta name=\"twitter:card\" content=\"summary_large_image\" \/>\n<meta name=\"twitter:label1\" content=\"Escrito por\" \/>\n\t<meta name=\"twitter:data1\" content=\"Ana Teixeira\" \/>\n\t<meta name=\"twitter:label2\" content=\"Est. tempo de leitura\" \/>\n\t<meta name=\"twitter:data2\" content=\"4 minutos\" \/>\n<script type=\"application\/ld+json\" class=\"yoast-schema-graph\">{\"@context\":\"https:\/\/schema.org\",\"@graph\":[{\"@type\":\"NewsArticle\",\"@id\":\"https:\/\/www.gaveanews.com\/index.php\/2025\/04\/10\/palmeiras-de-abel-ferreira-atinge-recorde-negativo-na-libertadores\/#article\",\"isPartOf\":{\"@id\":\"https:\/\/www.gaveanews.com\/index.php\/2025\/04\/10\/palmeiras-de-abel-ferreira-atinge-recorde-negativo-na-libertadores\/\"},\"author\":{\"name\":\"Ana Teixeira\",\"@id\":\"https:\/\/www.gaveanews.com\/#\/schema\/person\/3b19f7288b0ce20372991275e4f2e6c2\"},\"headline\":\"Palmeiras de Abel Ferreira atinge recorde negativo na Libertadores\",\"datePublished\":\"2025-04-10T18:45:00+00:00\",\"mainEntityOfPage\":{\"@id\":\"https:\/\/www.gaveanews.com\/index.php\/2025\/04\/10\/palmeiras-de-abel-ferreira-atinge-recorde-negativo-na-libertadores\/\"},\"wordCount\":705,\"commentCount\":0,\"image\":{\"@id\":\"https:\/\/www.gaveanews.com\/index.php\/2025\/04\/10\/palmeiras-de-abel-ferreira-atinge-recorde-negativo-na-libertadores\/#primaryimage\"},\"thumbnailUrl\":\"https:\/\/www.gaveanews.com\/wp-content\/uploads\/Abel-Ferreira-durante-um-momento-reflexivo-apos-um-treino-do-Palmeiras.webp\",\"articleSection\":[\"Palmeiras\"],\"inLanguage\":\"pt-BR\",\"potentialAction\":[{\"@type\":\"CommentAction\",\"name\":\"Comment\",\"target\":[\"https:\/\/www.gaveanews.com\/index.php\/2025\/04\/10\/palmeiras-de-abel-ferreira-atinge-recorde-negativo-na-libertadores\/#respond\"]}],\"copyrightYear\":\"2025\",\"copyrightHolder\":{\"@id\":\"https:\/\/www.gaveanews.com\/#organization\"}},{\"@type\":\"WebPage\",\"@id\":\"https:\/\/www.gaveanews.com\/index.php\/2025\/04\/10\/palmeiras-de-abel-ferreira-atinge-recorde-negativo-na-libertadores\/\",\"url\":\"https:\/\/www.gaveanews.com\/index.php\/2025\/04\/10\/palmeiras-de-abel-ferreira-atinge-recorde-negativo-na-libertadores\/\",\"name\":\"Palmeiras de Abel Ferreira atinge recorde negativo na Libertadores\",\"isPartOf\":{\"@id\":\"https:\/\/www.gaveanews.com\/#website\"},\"primaryImageOfPage\":{\"@id\":\"https:\/\/www.gaveanews.com\/index.php\/2025\/04\/10\/palmeiras-de-abel-ferreira-atinge-recorde-negativo-na-libertadores\/#primaryimage\"},\"image\":{\"@id\":\"https:\/\/www.gaveanews.com\/index.php\/2025\/04\/10\/palmeiras-de-abel-ferreira-atinge-recorde-negativo-na-libertadores\/#primaryimage\"},\"thumbnailUrl\":\"https:\/\/www.gaveanews.com\/wp-content\/uploads\/Abel-Ferreira-durante-um-momento-reflexivo-apos-um-treino-do-Palmeiras.webp\",\"datePublished\":\"2025-04-10T18:45:00+00:00\",\"author\":{\"@id\":\"https:\/\/www.gaveanews.com\/#\/schema\/person\/3b19f7288b0ce20372991275e4f2e6c2\"},\"breadcrumb\":{\"@id\":\"https:\/\/www.gaveanews.com\/index.php\/2025\/04\/10\/palmeiras-de-abel-ferreira-atinge-recorde-negativo-na-libertadores\/#breadcrumb\"},\"inLanguage\":\"pt-BR\",\"potentialAction\":[{\"@type\":\"ReadAction\",\"target\":[\"https:\/\/www.gaveanews.com\/index.php\/2025\/04\/10\/palmeiras-de-abel-ferreira-atinge-recorde-negativo-na-libertadores\/\"]}]},{\"@type\":\"ImageObject\",\"inLanguage\":\"pt-BR\",\"@id\":\"https:\/\/www.gaveanews.com\/index.php\/2025\/04\/10\/palmeiras-de-abel-ferreira-atinge-recorde-negativo-na-libertadores\/#primaryimage\",\"url\":\"https:\/\/www.gaveanews.com\/wp-content\/uploads\/Abel-Ferreira-durante-um-momento-reflexivo-apos-um-treino-do-Palmeiras.webp\",\"contentUrl\":\"https:\/\/www.gaveanews.com\/wp-content\/uploads\/Abel-Ferreira-durante-um-momento-reflexivo-apos-um-treino-do-Palmeiras.webp\",\"width\":1500,\"height\":844,\"caption\":\"Abel Ferreira durante um momento reflexivo ap\u00f3s um treino do Palmeiras (Foto: Cesar Greco\/Palmeiras)\"},{\"@type\":\"BreadcrumbList\",\"@id\":\"https:\/\/www.gaveanews.com\/index.php\/2025\/04\/10\/palmeiras-de-abel-ferreira-atinge-recorde-negativo-na-libertadores\/#breadcrumb\",\"itemListElement\":[{\"@type\":\"ListItem\",\"position\":1,\"name\":\"Home\",\"item\":\"https:\/\/www.gaveanews.com\/\"},{\"@type\":\"ListItem\",\"position\":2,\"name\":\"Palmeiras de Abel Ferreira atinge recorde negativo na Libertadores\"}]},{\"@type\":\"WebSite\",\"@id\":\"https:\/\/www.gaveanews.com\/#website\",\"url\":\"https:\/\/www.gaveanews.com\/\",\"name\":\"G\u00e1vea News\",\"description\":\"Veja todas as not\u00edcias sobre o Flamengo: Contrata\u00e7\u00f5es, categorias de base, resultados das partidas, tabela de classifica\u00e7\u00e3o, pr\u00f3ximos jogos!\",\"potentialAction\":[{\"@type\":\"SearchAction\",\"target\":{\"@type\":\"EntryPoint\",\"urlTemplate\":\"https:\/\/www.gaveanews.com\/?s={search_term_string}\"},\"query-input\":{\"@type\":\"PropertyValueSpecification\",\"valueRequired\":true,\"valueName\":\"search_term_string\"}}],\"inLanguage\":\"pt-BR\"},{\"@type\":\"Person\",\"@id\":\"https:\/\/www.gaveanews.com\/#\/schema\/person\/3b19f7288b0ce20372991275e4f2e6c2\",\"name\":\"Ana Teixeira\",\"image\":{\"@type\":\"ImageObject\",\"inLanguage\":\"pt-BR\",\"@id\":\"https:\/\/www.gaveanews.com\/#\/schema\/person\/image\/\",\"url\":\"https:\/\/secure.gravatar.com\/avatar\/0a73f5a5258f3fed37fc2fa641892f3f7a4748456d4d4792f9bc550e6c19e06c?s=96&d=mm&r=g\",\"contentUrl\":\"https:\/\/secure.gravatar.com\/avatar\/0a73f5a5258f3fed37fc2fa641892f3f7a4748456d4d4792f9bc550e6c19e06c?s=96&d=mm&r=g\",\"caption\":\"Ana Teixeira\"}}]}<\/script>\n<!-- \/ Yoast SEO Premium plugin. -->","yoast_head_json":{"title":"Palmeiras de Abel Ferreira atinge recorde negativo na Libertadores","robots":{"index":"index","follow":"follow","max-snippet":"max-snippet:-1","max-image-preview":"max-image-preview:large","max-video-preview":"max-video-preview:-1"},"canonical":"https:\/\/www.gaveanews.com\/index.php\/2025\/04\/10\/palmeiras-de-abel-ferreira-atinge-recorde-negativo-na-libertadores\/","og_locale":"pt_BR","og_type":"article","og_title":"Palmeiras de Abel Ferreira atinge recorde negativo na Libertadores","og_description":"A vit\u00f3ria do Palmeiras por 1 a 0 sobre o Cerro Porte\u00f1o, na noite de quarta-feira (09), pelo Allianz Parque, garantiu mais tr\u00eas pontos ao clube na fase de grupos da Libertadores. Contudo, o duelo ficou marcado por dois epis\u00f3dios extracampo que chamaram a aten\u00e7\u00e3o: o pior p\u00fablico registrado pelo clube em jogos da competi\u00e7\u00e3o [&hellip;]","og_url":"https:\/\/www.gaveanews.com\/index.php\/2025\/04\/10\/palmeiras-de-abel-ferreira-atinge-recorde-negativo-na-libertadores\/","og_site_name":"G\u00e1vea News","article_publisher":"https:\/\/facebook.com\/gaveaNews\/","article_published_time":"2025-04-10T18:45:00+00:00","og_image":[{"width":1500,"height":844,"url":"https:\/\/www.gaveanews.com\/wp-content\/uploads\/Abel-Ferreira-durante-um-momento-reflexivo-apos-um-treino-do-Palmeiras.webp","type":"image\/jpeg"}],"author":"Ana Teixeira","twitter_card":"summary_large_image","twitter_misc":{"Escrito por":"Ana Teixeira","Est. tempo de leitura":"4 minutos"},"schema":{"@context":"https:\/\/schema.org","@graph":[{"@type":"NewsArticle","@id":"https:\/\/www.gaveanews.com\/index.php\/2025\/04\/10\/palmeiras-de-abel-ferreira-atinge-recorde-negativo-na-libertadores\/#article","isPartOf":{"@id":"https:\/\/www.gaveanews.com\/index.php\/2025\/04\/10\/palmeiras-de-abel-ferreira-atinge-recorde-negativo-na-libertadores\/"},"author":{"name":"Ana Teixeira","@id":"https:\/\/www.gaveanews.com\/#\/schema\/person\/3b19f7288b0ce20372991275e4f2e6c2"},"headline":"Palmeiras de Abel Ferreira atinge recorde negativo na Libertadores","datePublished":"2025-04-10T18:45:00+00:00","mainEntityOfPage":{"@id":"https:\/\/www.gaveanews.com\/index.php\/2025\/04\/10\/palmeiras-de-abel-ferreira-atinge-recorde-negativo-na-libertadores\/"},"wordCount":705,"commentCount":0,"image":{"@id":"https:\/\/www.gaveanews.com\/index.php\/2025\/04\/10\/palmeiras-de-abel-ferreira-atinge-recorde-negativo-na-libertadores\/#primaryimage"},"thumbnailUrl":"https:\/\/www.gaveanews.com\/wp-content\/uploads\/Abel-Ferreira-durante-um-momento-reflexivo-apos-um-treino-do-Palmeiras.webp","articleSection":["Palmeiras"],"inLanguage":"pt-BR","potentialAction":[{"@type":"CommentAction","name":"Comment","target":["https:\/\/www.gaveanews.com\/index.php\/2025\/04\/10\/palmeiras-de-abel-ferreira-atinge-recorde-negativo-na-libertadores\/#respond"]}],"copyrightYear":"2025","copyrightHolder":{"@id":"https:\/\/www.gaveanews.com\/#organization"}},{"@type":"WebPage","@id":"https:\/\/www.gaveanews.com\/index.php\/2025\/04\/10\/palmeiras-de-abel-ferreira-atinge-recorde-negativo-na-libertadores\/","url":"https:\/\/www.gaveanews.com\/index.php\/2025\/04\/10\/palmeiras-de-abel-ferreira-atinge-recorde-negativo-na-libertadores\/","name":"Palmeiras de Abel Ferreira atinge recorde negativo na Libertadores","isPartOf":{"@id":"https:\/\/www.gaveanews.com\/#website"},"primaryImageOfPage":{"@id":"https:\/\/www.gaveanews.com\/index.php\/2025\/04\/10\/palmeiras-de-abel-ferreira-atinge-recorde-negativo-na-libertadores\/#primaryimage"},"image":{"@id":"https:\/\/www.gaveanews.com\/index.php\/2025\/04\/10\/palmeiras-de-abel-ferreira-atinge-recorde-negativo-na-libertadores\/#primaryimage"},"thumbnailUrl":"https:\/\/www.gaveanews.com\/wp-content\/uploads\/Abel-Ferreira-durante-um-momento-reflexivo-apos-um-treino-do-Palmeiras.webp","datePublished":"2025-04-10T18:45:00+00:00","author":{"@id":"https:\/\/www.gaveanews.com\/#\/schema\/person\/3b19f7288b0ce20372991275e4f2e6c2"},"breadcrumb":{"@id":"https:\/\/www.gaveanews.com\/index.php\/2025\/04\/10\/palmeiras-de-abel-ferreira-atinge-recorde-negativo-na-libertadores\/#breadcrumb"},"inLanguage":"pt-BR","potentialAction":[{"@type":"ReadAction","target":["https:\/\/www.gaveanews.com\/index.php\/2025\/04\/10\/palmeiras-de-abel-ferreira-atinge-recorde-negativo-na-libertadores\/"]}]},{"@type":"ImageObject","inLanguage":"pt-BR","@id":"https:\/\/www.gaveanews.com\/index.php\/2025\/04\/10\/palmeiras-de-abel-ferreira-atinge-recorde-negativo-na-libertadores\/#primaryimage","url":"https:\/\/www.gaveanews.com\/wp-content\/uploads\/Abel-Ferreira-durante-um-momento-reflexivo-apos-um-treino-do-Palmeiras.webp","contentUrl":"https:\/\/www.gaveanews.com\/wp-content\/uploads\/Abel-Ferreira-durante-um-momento-reflexivo-apos-um-treino-do-Palmeiras.webp","width":1500,"height":844,"caption":"Abel Ferreira durante um momento reflexivo ap\u00f3s um treino do Palmeiras (Foto: Cesar Greco\/Palmeiras)"},{"@type":"BreadcrumbList","@id":"https:\/\/www.gaveanews.com\/index.php\/2025\/04\/10\/palmeiras-de-abel-ferreira-atinge-recorde-negativo-na-libertadores\/#breadcrumb","itemListElement":[{"@type":"ListItem","position":1,"name":"Home","item":"https:\/\/www.gaveanews.com\/"},{"@type":"ListItem","position":2,"name":"Palmeiras de Abel Ferreira atinge recorde negativo na Libertadores"}]},{"@type":"WebSite","@id":"https:\/\/www.gaveanews.com\/#website","url":"https:\/\/www.gaveanews.com\/","name":"G\u00e1vea News","description":"Veja todas as not\u00edcias sobre o Flamengo: Contrata\u00e7\u00f5es, categorias de base, resultados das partidas, tabela de classifica\u00e7\u00e3o, pr\u00f3ximos jogos!","potentialAction":[{"@type":"SearchAction","target":{"@type":"EntryPoint","urlTemplate":"https:\/\/www.gaveanews.com\/?s={search_term_string}"},"query-input":{"@type":"PropertyValueSpecification","valueRequired":true,"valueName":"search_term_string"}}],"inLanguage":"pt-BR"},{"@type":"Person","@id":"https:\/\/www.gaveanews.com\/#\/schema\/person\/3b19f7288b0ce20372991275e4f2e6c2","name":"Ana Teixeira","image":{"@type":"ImageObject","inLanguage":"pt-BR","@id":"https:\/\/www.gaveanews.com\/#\/schema\/person\/image\/","url":"https:\/\/secure.gravatar.com\/avatar\/0a73f5a5258f3fed37fc2fa641892f3f7a4748456d4d4792f9bc550e6c19e06c?s=96&d=mm&r=g","contentUrl":"https:\/\/secure.gravatar.com\/avatar\/0a73f5a5258f3fed37fc2fa641892f3f7a4748456d4d4792f9bc550e6c19e06c?s=96&d=mm&r=g","caption":"Ana Teixeira"}}]}},"_links":{"self":[{"href":"https:\/\/www.gaveanews.com\/index.php\/wp-json\/wp\/v2\/posts\/251680","targetHints":{"allow":["GET"]}}],"collection":[{"href":"https:\/\/www.gaveanews.com\/index.php\/wp-json\/wp\/v2\/posts"}],"about":[{"href":"https:\/\/www.gaveanews.com\/index.php\/wp-json\/wp\/v2\/types\/post"}],"author":[{"embeddable":true,"href":"https:\/\/www.gaveanews.com\/index.php\/wp-json\/wp\/v2\/users\/30"}],"replies":[{"embeddable":true,"href":"https:\/\/www.gaveanews.com\/index.php\/wp-json\/wp\/v2\/comments?post=251680"}],"version-history":[{"count":1,"href":"https:\/\/www.gaveanews.com\/index.php\/wp-json\/wp\/v2\/posts\/251680\/revisions"}],"predecessor-version":[{"id":251682,"href":"https:\/\/www.gaveanews.com\/index.php\/wp-json\/wp\/v2\/posts\/251680\/revisions\/251682"}],"wp:featuredmedia":[{"embeddable":true,"href":"https:\/\/www.gaveanews.com\/index.php\/wp-json\/wp\/v2\/media\/157841"}],"wp:attachment":[{"href":"https:\/\/www.gaveanews.com\/index.php\/wp-json\/wp\/v2\/media?parent=251680"}],"wp:term":[{"taxonomy":"category","embeddable":true,"href":"https:\/\/www.gaveanews.com\/index.php\/wp-json\/wp\/v2\/categories?post=251680"},{"taxonomy":"post_tag","embeddable":true,"href":"https:\/\/www.gaveanews.com\/index.php\/wp-json\/wp\/v2\/tags?post=251680"}],"curies":[{"name":"wp","href":"https:\/\/api.w.org\/{rel}","templated":true}]}}