{"id":251681,"date":"2025-04-10T15:50:00","date_gmt":"2025-04-10T18:50:00","guid":{"rendered":"https:\/\/www.gaveanews.com\/?p=251681"},"modified":"2025-04-10T13:30:15","modified_gmt":"2025-04-10T16:30:15","slug":"derrota-do-flamengo-na-libertadores-repercute-no-exterior","status":"publish","type":"post","link":"https:\/\/www.gaveanews.com\/index.php\/2025\/04\/10\/derrota-do-flamengo-na-libertadores-repercute-no-exterior\/","title":{"rendered":"Derrota do Flamengo na Libertadores repercute no exterior"},"content":{"rendered":"\n<p>A surpreendente vit\u00f3ria do Central C\u00f3rdoba sobre o Flamengo por 2 a 1, na quarta-feira (09), no Maracan\u00e3, n\u00e3o apenas interrompeu marcas invictas dos cariocas, como tamb\u00e9m teve ampla repercuss\u00e3o na imprensa argentina. O resultado, conquistado na segunda rodada da fase de grupos da Libertadores, foi rotulado por diversos ve\u00edculos como um feito hist\u00f3rico, semelhante a um &#8220;Maracanazo&#8221;, dada a dimens\u00e3o do advers\u00e1rio batido e o palco emblem\u00e1tico da partida.<\/p>\n\n\n\n<p>De acordo com o jornal <em>Ol\u00e9<\/em>, \u201cCentral C\u00f3rdoba e um feito hist\u00f3rico: venceu o Flamengo no Maracan\u00e3\u201d, enquanto o <em>TyC Sports<\/em> descreveu a fa\u00e7anha como \u201cMaracanazo de Santiago: Central C\u00f3rdoba derrotou o Flamengo em casa\u201d. A publica\u00e7\u00e3o <em>La Prensa<\/em> enfatizou o car\u00e1ter marcante do resultado, classificando-o como \u201cseu hist\u00f3rico Maracanazo\u201d. O <em>Clar\u00edn<\/em>, por sua vez, utilizou o termo &#8220;Santiague\u00f1azo&#8221; para enaltecer a vit\u00f3ria sobre o \u201cpoderoso Flamengo\u201d.<\/p>\n\n\n\n<p>Ali\u00e1s, o Central C\u00f3rdoba, que disputa sua primeira Libertadores ap\u00f3s vencer a Copa Argentina em 2024 \u2013 t\u00edtulo in\u00e9dito em 105 anos de hist\u00f3ria \u2013, tornou-se o primeiro clube argentino a derrotar o Flamengo no Maracan\u00e3 pela competi\u00e7\u00e3o. O feito refor\u00e7a a boa fase da equipe de Santiago del Estero sob comando do t\u00e9cnico Omar De Felippe. \u201cSeguimos fazendo hist\u00f3ria\u201d, celebrou o clube em suas redes sociais.<\/p>\n\n\n\n<h2 class=\"wp-block-heading\" id=\"h-problemas-recorrentes-do-flamengo\">Problemas recorrentes do Flamengo<\/h2>\n\n\n\n<p>A equipe rubro-negra voltou a apresentar falhas defensivas e inefici\u00eancia ofensiva, aspectos que t\u00eam marcado a temporada de 2025. Conforme destacou a an\u00e1lise do ge, a atua\u00e7\u00e3o contra o Central C\u00f3rdoba lembrou a derrota para o Pe\u00f1arol no ano anterior, quando o time carioca tamb\u00e9m foi eliminado da Libertadores em pleno Maracan\u00e3. Em ambas as ocasi\u00f5es, a cria\u00e7\u00e3o de chances foi abundante, mas o aproveitamento foi decepcionante.<\/p>\n\n\n\n<p>A equipe de Filipe Lu\u00eds, que perdeu sua invencibilidade de 27 jogos, dominou a posse de bola \u2013 alcan\u00e7ando 79% \u2013, mas desperdi\u00e7ou ao menos sete chances claras de gol. Juninho, Bruno Henrique, Arrascaeta e L\u00e9o Ortiz estiveram entre os principais nomes a falharem na conclus\u00e3o. A primeira grande puni\u00e7\u00e3o veio aos 38 minutos do primeiro tempo, quando L\u00e9o Pereira cometeu p\u00eanalti ao tocar com a m\u00e3o na bola. Hederia converteu e abriu o placar para os argentinos.<\/p>\n\n\n\n<p>Antes mesmo do intervalo, o Central C\u00f3rdoba ampliou com Florentin, que aproveitou uma falha coletiva da defesa rubro-negra ap\u00f3s cobran\u00e7a de falta. Assim sendo, a desorganiza\u00e7\u00e3o defensiva somada \u00e0 baixa efetividade ofensiva foram determinantes para a derrota.<\/p>\n\n\n\n<p>Na volta do intervalo, o Flamengo promoveu mudan\u00e7as: entraram Wesley, Pulgar e Gerson, e a equipe ganhou mais intensidade. Houve at\u00e9 bola no travess\u00e3o e novas chances com Plata e Wesley, mas, apesar da melhora, o gol s\u00f3 saiu aos 15 minutos com De la Cruz, em cobran\u00e7a de falta que tocou no travess\u00e3o antes de entrar. A partir dali, entretanto, o f\u00f4lego caiu. Pedro, que retornou aos gramados ap\u00f3s quase sete meses, teve atua\u00e7\u00e3o discreta, sem finaliza\u00e7\u00f5es perigosas.<\/p>\n\n\n\n<p>Em resumo, embora o Flamengo tenha sido superior em estat\u00edsticas, a derrota deixou evidente um problema que j\u00e1 se repete com frequ\u00eancia: um time que domina as a\u00e7\u00f5es, mas n\u00e3o traduz o volume em gols. &#8220;A responsabilidade \u00e9 minha&#8221;, afirmou Filipe Lu\u00eds ao justificar as escolhas feitas na escala\u00e7\u00e3o.<\/p>\n\n\n\n<p>A repercuss\u00e3o entre os torcedores tamb\u00e9m foi significativa. Vaias ecoaram no est\u00e1dio tanto no intervalo quanto ap\u00f3s o apito final, sinalizando o descontentamento diante do desempenho e da postura em campo. Afinal, se o Campeonato Brasileiro segue como prioridade, os trope\u00e7os na Libertadores passam a amea\u00e7ar esse planejamento.<\/p>\n\n\n\n<p><\/p>\n","protected":false},"excerpt":{"rendered":"<p>A surpreendente vit\u00f3ria do Central C\u00f3rdoba sobre o Flamengo por 2 a 1, na quarta-feira (09), no Maracan\u00e3, n\u00e3o apenas interrompeu marcas invictas dos cariocas, como tamb\u00e9m teve ampla repercuss\u00e3o na imprensa argentina. O resultado, conquistado na segunda rodada da fase de grupos da Libertadores, foi rotulado por diversos ve\u00edculos como um feito hist\u00f3rico, semelhante [&hellip;]<\/p>\n","protected":false},"author":30,"featured_media":251439,"comment_status":"open","ping_status":"closed","sticky":false,"template":"","format":"standard","meta":{"footnotes":""},"categories":[1,78],"tags":[],"class_list":["post-251681","post","type-post","status-publish","format-standard","has-post-thumbnail","hentry","category-flamengo","category-futebol-internacional"],"yoast_head":"<!-- This site is optimized with the Yoast SEO Premium plugin v24.2 (Yoast SEO v26.9) - https:\/\/yoast.com\/product\/yoast-seo-premium-wordpress\/ -->\n<title>Derrota do Flamengo na Libertadores repercute no exterior<\/title>\n<meta name=\"robots\" content=\"index, follow, max-snippet:-1, max-image-preview:large, max-video-preview:-1\" \/>\n<link rel=\"canonical\" href=\"https:\/\/www.gaveanews.com\/index.php\/2025\/04\/10\/derrota-do-flamengo-na-libertadores-repercute-no-exterior\/\" \/>\n<meta property=\"og:locale\" content=\"pt_BR\" \/>\n<meta property=\"og:type\" content=\"article\" \/>\n<meta property=\"og:title\" content=\"Derrota do Flamengo na Libertadores repercute no exterior\" \/>\n<meta property=\"og:description\" content=\"A surpreendente vit\u00f3ria do Central C\u00f3rdoba sobre o Flamengo por 2 a 1, na quarta-feira (09), no Maracan\u00e3, n\u00e3o apenas interrompeu marcas invictas dos cariocas, como tamb\u00e9m teve ampla repercuss\u00e3o na imprensa argentina. O resultado, conquistado na segunda rodada da fase de grupos da Libertadores, foi rotulado por diversos ve\u00edculos como um feito hist\u00f3rico, semelhante [&hellip;]\" \/>\n<meta property=\"og:url\" content=\"https:\/\/www.gaveanews.com\/index.php\/2025\/04\/10\/derrota-do-flamengo-na-libertadores-repercute-no-exterior\/\" \/>\n<meta property=\"og:site_name\" content=\"G\u00e1vea News\" \/>\n<meta property=\"article:publisher\" content=\"https:\/\/facebook.com\/gaveaNews\/\" \/>\n<meta property=\"article:published_time\" content=\"2025-04-10T18:50:00+00:00\" \/>\n<meta property=\"og:image\" content=\"https:\/\/www.gaveanews.com\/wp-content\/uploads\/Flamengo-x-Central-Cordoba-pela-Libertadores.webp\" \/>\n\t<meta property=\"og:image:width\" content=\"861\" \/>\n\t<meta property=\"og:image:height\" content=\"525\" \/>\n\t<meta property=\"og:image:type\" content=\"image\/jpeg\" \/>\n<meta name=\"author\" content=\"Ana Teixeira\" \/>\n<meta name=\"twitter:card\" content=\"summary_large_image\" \/>\n<meta name=\"twitter:label1\" content=\"Escrito por\" \/>\n\t<meta name=\"twitter:data1\" content=\"Ana Teixeira\" \/>\n\t<meta name=\"twitter:label2\" content=\"Est. tempo de leitura\" \/>\n\t<meta name=\"twitter:data2\" content=\"4 minutos\" \/>\n<script type=\"application\/ld+json\" class=\"yoast-schema-graph\">{\"@context\":\"https:\/\/schema.org\",\"@graph\":[{\"@type\":\"NewsArticle\",\"@id\":\"https:\/\/www.gaveanews.com\/index.php\/2025\/04\/10\/derrota-do-flamengo-na-libertadores-repercute-no-exterior\/#article\",\"isPartOf\":{\"@id\":\"https:\/\/www.gaveanews.com\/index.php\/2025\/04\/10\/derrota-do-flamengo-na-libertadores-repercute-no-exterior\/\"},\"author\":{\"name\":\"Ana Teixeira\",\"@id\":\"https:\/\/www.gaveanews.com\/#\/schema\/person\/3b19f7288b0ce20372991275e4f2e6c2\"},\"headline\":\"Derrota do Flamengo na Libertadores repercute no exterior\",\"datePublished\":\"2025-04-10T18:50:00+00:00\",\"mainEntityOfPage\":{\"@id\":\"https:\/\/www.gaveanews.com\/index.php\/2025\/04\/10\/derrota-do-flamengo-na-libertadores-repercute-no-exterior\/\"},\"wordCount\":630,\"commentCount\":0,\"image\":{\"@id\":\"https:\/\/www.gaveanews.com\/index.php\/2025\/04\/10\/derrota-do-flamengo-na-libertadores-repercute-no-exterior\/#primaryimage\"},\"thumbnailUrl\":\"https:\/\/www.gaveanews.com\/wp-content\/uploads\/Flamengo-x-Central-Cordoba-pela-Libertadores.webp\",\"articleSection\":[\"Flamengo\",\"Futebol Internacional\"],\"inLanguage\":\"pt-BR\",\"potentialAction\":[{\"@type\":\"CommentAction\",\"name\":\"Comment\",\"target\":[\"https:\/\/www.gaveanews.com\/index.php\/2025\/04\/10\/derrota-do-flamengo-na-libertadores-repercute-no-exterior\/#respond\"]}],\"copyrightYear\":\"2025\",\"copyrightHolder\":{\"@id\":\"https:\/\/www.gaveanews.com\/#organization\"}},{\"@type\":\"WebPage\",\"@id\":\"https:\/\/www.gaveanews.com\/index.php\/2025\/04\/10\/derrota-do-flamengo-na-libertadores-repercute-no-exterior\/\",\"url\":\"https:\/\/www.gaveanews.com\/index.php\/2025\/04\/10\/derrota-do-flamengo-na-libertadores-repercute-no-exterior\/\",\"name\":\"Derrota do Flamengo na Libertadores repercute no exterior\",\"isPartOf\":{\"@id\":\"https:\/\/www.gaveanews.com\/#website\"},\"primaryImageOfPage\":{\"@id\":\"https:\/\/www.gaveanews.com\/index.php\/2025\/04\/10\/derrota-do-flamengo-na-libertadores-repercute-no-exterior\/#primaryimage\"},\"image\":{\"@id\":\"https:\/\/www.gaveanews.com\/index.php\/2025\/04\/10\/derrota-do-flamengo-na-libertadores-repercute-no-exterior\/#primaryimage\"},\"thumbnailUrl\":\"https:\/\/www.gaveanews.com\/wp-content\/uploads\/Flamengo-x-Central-Cordoba-pela-Libertadores.webp\",\"datePublished\":\"2025-04-10T18:50:00+00:00\",\"author\":{\"@id\":\"https:\/\/www.gaveanews.com\/#\/schema\/person\/3b19f7288b0ce20372991275e4f2e6c2\"},\"breadcrumb\":{\"@id\":\"https:\/\/www.gaveanews.com\/index.php\/2025\/04\/10\/derrota-do-flamengo-na-libertadores-repercute-no-exterior\/#breadcrumb\"},\"inLanguage\":\"pt-BR\",\"potentialAction\":[{\"@type\":\"ReadAction\",\"target\":[\"https:\/\/www.gaveanews.com\/index.php\/2025\/04\/10\/derrota-do-flamengo-na-libertadores-repercute-no-exterior\/\"]}]},{\"@type\":\"ImageObject\",\"inLanguage\":\"pt-BR\",\"@id\":\"https:\/\/www.gaveanews.com\/index.php\/2025\/04\/10\/derrota-do-flamengo-na-libertadores-repercute-no-exterior\/#primaryimage\",\"url\":\"https:\/\/www.gaveanews.com\/wp-content\/uploads\/Flamengo-x-Central-Cordoba-pela-Libertadores.webp\",\"contentUrl\":\"https:\/\/www.gaveanews.com\/wp-content\/uploads\/Flamengo-x-Central-Cordoba-pela-Libertadores.webp\",\"width\":861,\"height\":525,\"caption\":\"Flamengo x Central C\u00f3rdoba pela Libertadores (Fotos: Gilvan de Souza\/Flamengo)\"},{\"@type\":\"BreadcrumbList\",\"@id\":\"https:\/\/www.gaveanews.com\/index.php\/2025\/04\/10\/derrota-do-flamengo-na-libertadores-repercute-no-exterior\/#breadcrumb\",\"itemListElement\":[{\"@type\":\"ListItem\",\"position\":1,\"name\":\"Home\",\"item\":\"https:\/\/www.gaveanews.com\/\"},{\"@type\":\"ListItem\",\"position\":2,\"name\":\"Derrota do Flamengo na Libertadores repercute no exterior\"}]},{\"@type\":\"WebSite\",\"@id\":\"https:\/\/www.gaveanews.com\/#website\",\"url\":\"https:\/\/www.gaveanews.com\/\",\"name\":\"G\u00e1vea News\",\"description\":\"Veja todas as not\u00edcias sobre o Flamengo: Contrata\u00e7\u00f5es, categorias de base, resultados das partidas, tabela de classifica\u00e7\u00e3o, pr\u00f3ximos jogos!\",\"potentialAction\":[{\"@type\":\"SearchAction\",\"target\":{\"@type\":\"EntryPoint\",\"urlTemplate\":\"https:\/\/www.gaveanews.com\/?s={search_term_string}\"},\"query-input\":{\"@type\":\"PropertyValueSpecification\",\"valueRequired\":true,\"valueName\":\"search_term_string\"}}],\"inLanguage\":\"pt-BR\"},{\"@type\":\"Person\",\"@id\":\"https:\/\/www.gaveanews.com\/#\/schema\/person\/3b19f7288b0ce20372991275e4f2e6c2\",\"name\":\"Ana Teixeira\",\"image\":{\"@type\":\"ImageObject\",\"inLanguage\":\"pt-BR\",\"@id\":\"https:\/\/www.gaveanews.com\/#\/schema\/person\/image\/\",\"url\":\"https:\/\/secure.gravatar.com\/avatar\/0a73f5a5258f3fed37fc2fa641892f3f7a4748456d4d4792f9bc550e6c19e06c?s=96&d=mm&r=g\",\"contentUrl\":\"https:\/\/secure.gravatar.com\/avatar\/0a73f5a5258f3fed37fc2fa641892f3f7a4748456d4d4792f9bc550e6c19e06c?s=96&d=mm&r=g\",\"caption\":\"Ana Teixeira\"}}]}<\/script>\n<!-- \/ Yoast SEO Premium plugin. -->","yoast_head_json":{"title":"Derrota do Flamengo na Libertadores repercute no exterior","robots":{"index":"index","follow":"follow","max-snippet":"max-snippet:-1","max-image-preview":"max-image-preview:large","max-video-preview":"max-video-preview:-1"},"canonical":"https:\/\/www.gaveanews.com\/index.php\/2025\/04\/10\/derrota-do-flamengo-na-libertadores-repercute-no-exterior\/","og_locale":"pt_BR","og_type":"article","og_title":"Derrota do Flamengo na Libertadores repercute no exterior","og_description":"A surpreendente vit\u00f3ria do Central C\u00f3rdoba sobre o Flamengo por 2 a 1, na quarta-feira (09), no Maracan\u00e3, n\u00e3o apenas interrompeu marcas invictas dos cariocas, como tamb\u00e9m teve ampla repercuss\u00e3o na imprensa argentina. O resultado, conquistado na segunda rodada da fase de grupos da Libertadores, foi rotulado por diversos ve\u00edculos como um feito hist\u00f3rico, semelhante [&hellip;]","og_url":"https:\/\/www.gaveanews.com\/index.php\/2025\/04\/10\/derrota-do-flamengo-na-libertadores-repercute-no-exterior\/","og_site_name":"G\u00e1vea News","article_publisher":"https:\/\/facebook.com\/gaveaNews\/","article_published_time":"2025-04-10T18:50:00+00:00","og_image":[{"width":861,"height":525,"url":"https:\/\/www.gaveanews.com\/wp-content\/uploads\/Flamengo-x-Central-Cordoba-pela-Libertadores.webp","type":"image\/jpeg"}],"author":"Ana Teixeira","twitter_card":"summary_large_image","twitter_misc":{"Escrito por":"Ana Teixeira","Est. tempo de leitura":"4 minutos"},"schema":{"@context":"https:\/\/schema.org","@graph":[{"@type":"NewsArticle","@id":"https:\/\/www.gaveanews.com\/index.php\/2025\/04\/10\/derrota-do-flamengo-na-libertadores-repercute-no-exterior\/#article","isPartOf":{"@id":"https:\/\/www.gaveanews.com\/index.php\/2025\/04\/10\/derrota-do-flamengo-na-libertadores-repercute-no-exterior\/"},"author":{"name":"Ana Teixeira","@id":"https:\/\/www.gaveanews.com\/#\/schema\/person\/3b19f7288b0ce20372991275e4f2e6c2"},"headline":"Derrota do Flamengo na Libertadores repercute no exterior","datePublished":"2025-04-10T18:50:00+00:00","mainEntityOfPage":{"@id":"https:\/\/www.gaveanews.com\/index.php\/2025\/04\/10\/derrota-do-flamengo-na-libertadores-repercute-no-exterior\/"},"wordCount":630,"commentCount":0,"image":{"@id":"https:\/\/www.gaveanews.com\/index.php\/2025\/04\/10\/derrota-do-flamengo-na-libertadores-repercute-no-exterior\/#primaryimage"},"thumbnailUrl":"https:\/\/www.gaveanews.com\/wp-content\/uploads\/Flamengo-x-Central-Cordoba-pela-Libertadores.webp","articleSection":["Flamengo","Futebol Internacional"],"inLanguage":"pt-BR","potentialAction":[{"@type":"CommentAction","name":"Comment","target":["https:\/\/www.gaveanews.com\/index.php\/2025\/04\/10\/derrota-do-flamengo-na-libertadores-repercute-no-exterior\/#respond"]}],"copyrightYear":"2025","copyrightHolder":{"@id":"https:\/\/www.gaveanews.com\/#organization"}},{"@type":"WebPage","@id":"https:\/\/www.gaveanews.com\/index.php\/2025\/04\/10\/derrota-do-flamengo-na-libertadores-repercute-no-exterior\/","url":"https:\/\/www.gaveanews.com\/index.php\/2025\/04\/10\/derrota-do-flamengo-na-libertadores-repercute-no-exterior\/","name":"Derrota do Flamengo na Libertadores repercute no exterior","isPartOf":{"@id":"https:\/\/www.gaveanews.com\/#website"},"primaryImageOfPage":{"@id":"https:\/\/www.gaveanews.com\/index.php\/2025\/04\/10\/derrota-do-flamengo-na-libertadores-repercute-no-exterior\/#primaryimage"},"image":{"@id":"https:\/\/www.gaveanews.com\/index.php\/2025\/04\/10\/derrota-do-flamengo-na-libertadores-repercute-no-exterior\/#primaryimage"},"thumbnailUrl":"https:\/\/www.gaveanews.com\/wp-content\/uploads\/Flamengo-x-Central-Cordoba-pela-Libertadores.webp","datePublished":"2025-04-10T18:50:00+00:00","author":{"@id":"https:\/\/www.gaveanews.com\/#\/schema\/person\/3b19f7288b0ce20372991275e4f2e6c2"},"breadcrumb":{"@id":"https:\/\/www.gaveanews.com\/index.php\/2025\/04\/10\/derrota-do-flamengo-na-libertadores-repercute-no-exterior\/#breadcrumb"},"inLanguage":"pt-BR","potentialAction":[{"@type":"ReadAction","target":["https:\/\/www.gaveanews.com\/index.php\/2025\/04\/10\/derrota-do-flamengo-na-libertadores-repercute-no-exterior\/"]}]},{"@type":"ImageObject","inLanguage":"pt-BR","@id":"https:\/\/www.gaveanews.com\/index.php\/2025\/04\/10\/derrota-do-flamengo-na-libertadores-repercute-no-exterior\/#primaryimage","url":"https:\/\/www.gaveanews.com\/wp-content\/uploads\/Flamengo-x-Central-Cordoba-pela-Libertadores.webp","contentUrl":"https:\/\/www.gaveanews.com\/wp-content\/uploads\/Flamengo-x-Central-Cordoba-pela-Libertadores.webp","width":861,"height":525,"caption":"Flamengo x Central C\u00f3rdoba pela Libertadores (Fotos: Gilvan de Souza\/Flamengo)"},{"@type":"BreadcrumbList","@id":"https:\/\/www.gaveanews.com\/index.php\/2025\/04\/10\/derrota-do-flamengo-na-libertadores-repercute-no-exterior\/#breadcrumb","itemListElement":[{"@type":"ListItem","position":1,"name":"Home","item":"https:\/\/www.gaveanews.com\/"},{"@type":"ListItem","position":2,"name":"Derrota do Flamengo na Libertadores repercute no exterior"}]},{"@type":"WebSite","@id":"https:\/\/www.gaveanews.com\/#website","url":"https:\/\/www.gaveanews.com\/","name":"G\u00e1vea News","description":"Veja todas as not\u00edcias sobre o Flamengo: Contrata\u00e7\u00f5es, categorias de base, resultados das partidas, tabela de classifica\u00e7\u00e3o, pr\u00f3ximos jogos!","potentialAction":[{"@type":"SearchAction","target":{"@type":"EntryPoint","urlTemplate":"https:\/\/www.gaveanews.com\/?s={search_term_string}"},"query-input":{"@type":"PropertyValueSpecification","valueRequired":true,"valueName":"search_term_string"}}],"inLanguage":"pt-BR"},{"@type":"Person","@id":"https:\/\/www.gaveanews.com\/#\/schema\/person\/3b19f7288b0ce20372991275e4f2e6c2","name":"Ana Teixeira","image":{"@type":"ImageObject","inLanguage":"pt-BR","@id":"https:\/\/www.gaveanews.com\/#\/schema\/person\/image\/","url":"https:\/\/secure.gravatar.com\/avatar\/0a73f5a5258f3fed37fc2fa641892f3f7a4748456d4d4792f9bc550e6c19e06c?s=96&d=mm&r=g","contentUrl":"https:\/\/secure.gravatar.com\/avatar\/0a73f5a5258f3fed37fc2fa641892f3f7a4748456d4d4792f9bc550e6c19e06c?s=96&d=mm&r=g","caption":"Ana Teixeira"}}]}},"_links":{"self":[{"href":"https:\/\/www.gaveanews.com\/index.php\/wp-json\/wp\/v2\/posts\/251681","targetHints":{"allow":["GET"]}}],"collection":[{"href":"https:\/\/www.gaveanews.com\/index.php\/wp-json\/wp\/v2\/posts"}],"about":[{"href":"https:\/\/www.gaveanews.com\/index.php\/wp-json\/wp\/v2\/types\/post"}],"author":[{"embeddable":true,"href":"https:\/\/www.gaveanews.com\/index.php\/wp-json\/wp\/v2\/users\/30"}],"replies":[{"embeddable":true,"href":"https:\/\/www.gaveanews.com\/index.php\/wp-json\/wp\/v2\/comments?post=251681"}],"version-history":[{"count":1,"href":"https:\/\/www.gaveanews.com\/index.php\/wp-json\/wp\/v2\/posts\/251681\/revisions"}],"predecessor-version":[{"id":251683,"href":"https:\/\/www.gaveanews.com\/index.php\/wp-json\/wp\/v2\/posts\/251681\/revisions\/251683"}],"wp:featuredmedia":[{"embeddable":true,"href":"https:\/\/www.gaveanews.com\/index.php\/wp-json\/wp\/v2\/media\/251439"}],"wp:attachment":[{"href":"https:\/\/www.gaveanews.com\/index.php\/wp-json\/wp\/v2\/media?parent=251681"}],"wp:term":[{"taxonomy":"category","embeddable":true,"href":"https:\/\/www.gaveanews.com\/index.php\/wp-json\/wp\/v2\/categories?post=251681"},{"taxonomy":"post_tag","embeddable":true,"href":"https:\/\/www.gaveanews.com\/index.php\/wp-json\/wp\/v2\/tags?post=251681"}],"curies":[{"name":"wp","href":"https:\/\/api.w.org\/{rel}","templated":true}]}}