{"id":251688,"date":"2025-04-10T14:01:15","date_gmt":"2025-04-10T17:01:15","guid":{"rendered":"https:\/\/www.gaveanews.com\/?p=251688"},"modified":"2025-04-10T14:05:21","modified_gmt":"2025-04-10T17:05:21","slug":"conmebol-define-sede-da-final-da-libertadores-de-2025","status":"publish","type":"post","link":"https:\/\/www.gaveanews.com\/index.php\/2025\/04\/10\/conmebol-define-sede-da-final-da-libertadores-de-2025\/","title":{"rendered":"Conmebol define sede da final da Libertadores de 2025"},"content":{"rendered":"\n<p>A Confedera\u00e7\u00e3o Sul-Americana de Futebol (Conmebol) acertou os detalhes finais para oficializar a cidade de Lima, no Peru, como sede da final da Copa Libertadores de 2025. O duelo decisivo est\u00e1 programado para acontecer no dia 29 de novembro (s\u00e1bado), com hor\u00e1rio ainda indefinido, e deve ocorrer no est\u00e1dio Monumental, do Universitario, que tem capacidade para 80 mil pessoas. A informa\u00e7\u00e3o \u00e9 do &#8216;Estad\u00e3o&#8217;.<\/p>\n\n\n\n<p>O local j\u00e1 recebeu uma final continental: em 2019, Flamengo e River Plate-ARG se enfrentaram no est\u00e1dio peruano, em uma partida vencida pelo clube brasileiro por 2 a 1. A organiza\u00e7\u00e3o daquela edi\u00e7\u00e3o foi conclu\u00edda em tempo recorde, em menos de 20 dias, ap\u00f3s Santiago (Chile) desistir da sede em raz\u00e3o de dist\u00farbios sociais e impasses tribut\u00e1rios.<\/p>\n\n\n\n<h2 class=\"wp-block-heading\" id=\"h-propostas-descartadas\">Propostas descartadas<\/h2>\n\n\n\n<p>A Confedera\u00e7\u00e3o Brasileira de Futebol (CBF) havia apresentado, em dezembro do ano passado, a candidatura de Bras\u00edlia como poss\u00edvel sede da final, com o est\u00e1dio Man\u00e9 Garrincha como principal estrutura dispon\u00edvel. Montevid\u00e9u, no Uruguai, tamb\u00e9m pleiteava o evento, indicando o est\u00e1dio Centen\u00e1rio. Entretanto, ambas as propostas foram descartadas.<\/p>\n\n\n\n<p>A decis\u00e3o da Conmebol, segundo fontes ouvidas, foi influenciada por fatores extra-campo. Internamente, os dirigentes avaliaram que, diante do aumento nos casos de discrimina\u00e7\u00e3o racial registrados em partidas recentes, a realiza\u00e7\u00e3o da final no Brasil ou no Uruguai poderia fomentar protestos e desviar o foco do evento. &#8220;O evento em Bras\u00edlia, a depender dos advers\u00e1rios, poderia tornar o assunto pauta principal durante toda a semana&#8221;, revelou uma fonte ligada \u00e0 organiza\u00e7\u00e3o.<\/p>\n\n\n\n<h2 class=\"wp-block-heading\" id=\"h-reconhecimento-a-federacao-peruana\">Reconhecimento \u00e0 Federa\u00e7\u00e3o Peruana<\/h2>\n\n\n\n<p>O acerto com Lima tamb\u00e9m reflete um gesto de agradecimento da Conmebol \u00e0 Federa\u00e7\u00e3o Peruana de Futebol (FPF) e ao governo do pa\u00eds. Afinal, em 2019, o Peru respondeu prontamente ao pedido da entidade ap\u00f3s o cancelamento da final em Santiago, recebendo elogios pela efici\u00eancia na organiza\u00e7\u00e3o. Embora o Monumental seja o favorito, a Conmebol mant\u00e9m o Est\u00e1dio Nacional de Lima como alternativa vi\u00e1vel.<\/p>\n\n\n\n<h2 class=\"wp-block-heading\" id=\"h-representantes-brasileiros-em-acao\">Representantes brasileiros em a\u00e7\u00e3o<\/h2>\n\n\n\n<p>At\u00e9 o momento, sete clubes brasileiros seguem na disputa pela atual edi\u00e7\u00e3o da Libertadores: Palmeiras, S\u00e3o Paulo, Flamengo, Botafogo, Internacional, Bahia e Fortaleza. Todos est\u00e3o na fase de grupos, cuja segunda rodada acontece nesta semana. O dom\u00ednio brasileiro \u00e9 evidente nos \u00faltimos anos, com os clubes do pa\u00eds vencendo as \u00faltimas seis edi\u00e7\u00f5es da competi\u00e7\u00e3o. Palmeiras e Flamengo conquistaram dois t\u00edtulos cada, enquanto Fluminense e Botafogo levaram um trof\u00e9u cada.<\/p>\n\n\n\n<h2 class=\"wp-block-heading\" id=\"h-historico-do-formato-atual\">Hist\u00f3rico do formato atual<\/h2>\n\n\n\n<p>A Conmebol tamb\u00e9m confirmou que a final da Copa Sul-Americana ser\u00e1 realizada uma semana antes, em 22 de novembro, em Santa Cruz de la Sierra, na Bol\u00edvia. O est\u00e1dio escolhido foi o Ram\u00f3n Tahuichi Aguilera, com capacidade para 35 mil torcedores.<\/p>\n\n\n\n<p>Desde 2019, a Libertadores adota o formato de final em jogo \u00fanico, eliminando o antigo modelo de partidas de ida e volta. Desde ent\u00e3o, o Maracan\u00e3 sediou duas decis\u00f5es: em 2020, sem p\u00fablico, com vit\u00f3ria do Palmeiras sobre o Santos por 1 a 0, e em 2023, quando o Fluminense derrotou o Boca Juniors-ARG por 2 a 1. Em 2022, o Monumental de Guayaquil recebeu a final entre Flamengo e Athletico-PR, vencida pelos cariocas por 1 a 0. J\u00e1 a edi\u00e7\u00e3o de 2024 teve a decis\u00e3o entre Atl\u00e9tico e Botafogo no est\u00e1dio Monumental de Nu\u00f1ez, em Buenos Aires, com triunfo do clube alvinegro por 3 a 1.<\/p>\n\n\n\n<p>Com o acerto finalizado, a Conmebol deve oficializar Lima como sede da decis\u00e3o nas pr\u00f3ximas semanas, consolidando a capital peruana como um dos principais palcos do futebol sul-americano nos \u00faltimos anos.<\/p>\n","protected":false},"excerpt":{"rendered":"<p>A Confedera\u00e7\u00e3o Sul-Americana de Futebol (Conmebol) acertou os detalhes finais para oficializar a cidade de Lima, no Peru, como sede da final da Copa Libertadores de 2025. O duelo decisivo est\u00e1 programado para acontecer no dia 29 de novembro (s\u00e1bado), com hor\u00e1rio ainda indefinido, e deve ocorrer no est\u00e1dio Monumental, do Universitario, que tem capacidade [&hellip;]<\/p>\n","protected":false},"author":30,"featured_media":58305,"comment_status":"open","ping_status":"closed","sticky":false,"template":"","format":"standard","meta":{"footnotes":""},"categories":[137,138,478,47,1,146,78,148,150,151],"tags":[],"class_list":["post-251688","post","type-post","status-publish","format-standard","has-post-thumbnail","hentry","category-bahia","category-botafogo","category-brasil","category-destaques","category-flamengo","category-fortaleza","category-futebol-internacional","category-internacional","category-palmeiras","category-sao-paulo"],"yoast_head":"<!-- This site is optimized with the Yoast SEO Premium plugin v24.2 (Yoast SEO v26.9) - https:\/\/yoast.com\/product\/yoast-seo-premium-wordpress\/ -->\n<title>Conmebol define sede da final da Libertadores de 2025<\/title>\n<meta name=\"robots\" content=\"index, follow, max-snippet:-1, max-image-preview:large, max-video-preview:-1\" \/>\n<link rel=\"canonical\" href=\"https:\/\/www.gaveanews.com\/index.php\/2025\/04\/10\/conmebol-define-sede-da-final-da-libertadores-de-2025\/\" \/>\n<meta property=\"og:locale\" content=\"pt_BR\" \/>\n<meta property=\"og:type\" content=\"article\" \/>\n<meta property=\"og:title\" content=\"Conmebol define sede da final da Libertadores de 2025\" \/>\n<meta property=\"og:description\" content=\"A Confedera\u00e7\u00e3o Sul-Americana de Futebol (Conmebol) acertou os detalhes finais para oficializar a cidade de Lima, no Peru, como sede da final da Copa Libertadores de 2025. O duelo decisivo est\u00e1 programado para acontecer no dia 29 de novembro (s\u00e1bado), com hor\u00e1rio ainda indefinido, e deve ocorrer no est\u00e1dio Monumental, do Universitario, que tem capacidade [&hellip;]\" \/>\n<meta property=\"og:url\" content=\"https:\/\/www.gaveanews.com\/index.php\/2025\/04\/10\/conmebol-define-sede-da-final-da-libertadores-de-2025\/\" \/>\n<meta property=\"og:site_name\" content=\"G\u00e1vea News\" \/>\n<meta property=\"article:publisher\" content=\"https:\/\/facebook.com\/gaveaNews\/\" \/>\n<meta property=\"article:published_time\" content=\"2025-04-10T17:01:15+00:00\" \/>\n<meta property=\"article:modified_time\" content=\"2025-04-10T17:05:21+00:00\" \/>\n<meta property=\"og:image\" content=\"http:\/\/www.gaveanews.com\/wp-content\/uploads\/Taca-da-Copa-Libertadores-da-America-no-gramado-do-estadio-do-Maracana.webp\" \/>\n\t<meta property=\"og:image:width\" content=\"1080\" \/>\n\t<meta property=\"og:image:height\" content=\"1079\" \/>\n\t<meta property=\"og:image:type\" content=\"image\/jpeg\" \/>\n<meta name=\"author\" content=\"Ana Teixeira\" \/>\n<meta name=\"twitter:card\" content=\"summary_large_image\" \/>\n<meta name=\"twitter:label1\" content=\"Escrito por\" \/>\n\t<meta name=\"twitter:data1\" content=\"Ana Teixeira\" \/>\n\t<meta name=\"twitter:label2\" content=\"Est. tempo de leitura\" \/>\n\t<meta name=\"twitter:data2\" content=\"4 minutos\" \/>\n<script type=\"application\/ld+json\" class=\"yoast-schema-graph\">{\"@context\":\"https:\/\/schema.org\",\"@graph\":[{\"@type\":\"NewsArticle\",\"@id\":\"https:\/\/www.gaveanews.com\/index.php\/2025\/04\/10\/conmebol-define-sede-da-final-da-libertadores-de-2025\/#article\",\"isPartOf\":{\"@id\":\"https:\/\/www.gaveanews.com\/index.php\/2025\/04\/10\/conmebol-define-sede-da-final-da-libertadores-de-2025\/\"},\"author\":{\"name\":\"Ana Teixeira\",\"@id\":\"https:\/\/www.gaveanews.com\/#\/schema\/person\/3b19f7288b0ce20372991275e4f2e6c2\"},\"headline\":\"Conmebol define sede da final da Libertadores de 2025\",\"datePublished\":\"2025-04-10T17:01:15+00:00\",\"dateModified\":\"2025-04-10T17:05:21+00:00\",\"mainEntityOfPage\":{\"@id\":\"https:\/\/www.gaveanews.com\/index.php\/2025\/04\/10\/conmebol-define-sede-da-final-da-libertadores-de-2025\/\"},\"wordCount\":612,\"commentCount\":0,\"image\":{\"@id\":\"https:\/\/www.gaveanews.com\/index.php\/2025\/04\/10\/conmebol-define-sede-da-final-da-libertadores-de-2025\/#primaryimage\"},\"thumbnailUrl\":\"https:\/\/www.gaveanews.com\/wp-content\/uploads\/Taca-da-Copa-Libertadores-da-America-no-gramado-do-estadio-do-Maracana.webp\",\"articleSection\":[\"Bahia\",\"Botafogo\",\"Brasil\",\"Destaques\",\"Flamengo\",\"Fortaleza\",\"Futebol Internacional\",\"Internacional\",\"Palmeiras\",\"S\u00e3o Paulo\"],\"inLanguage\":\"pt-BR\",\"potentialAction\":[{\"@type\":\"CommentAction\",\"name\":\"Comment\",\"target\":[\"https:\/\/www.gaveanews.com\/index.php\/2025\/04\/10\/conmebol-define-sede-da-final-da-libertadores-de-2025\/#respond\"]}],\"copyrightYear\":\"2025\",\"copyrightHolder\":{\"@id\":\"https:\/\/www.gaveanews.com\/#organization\"}},{\"@type\":\"WebPage\",\"@id\":\"https:\/\/www.gaveanews.com\/index.php\/2025\/04\/10\/conmebol-define-sede-da-final-da-libertadores-de-2025\/\",\"url\":\"https:\/\/www.gaveanews.com\/index.php\/2025\/04\/10\/conmebol-define-sede-da-final-da-libertadores-de-2025\/\",\"name\":\"Conmebol define sede da final da Libertadores de 2025\",\"isPartOf\":{\"@id\":\"https:\/\/www.gaveanews.com\/#website\"},\"primaryImageOfPage\":{\"@id\":\"https:\/\/www.gaveanews.com\/index.php\/2025\/04\/10\/conmebol-define-sede-da-final-da-libertadores-de-2025\/#primaryimage\"},\"image\":{\"@id\":\"https:\/\/www.gaveanews.com\/index.php\/2025\/04\/10\/conmebol-define-sede-da-final-da-libertadores-de-2025\/#primaryimage\"},\"thumbnailUrl\":\"https:\/\/www.gaveanews.com\/wp-content\/uploads\/Taca-da-Copa-Libertadores-da-America-no-gramado-do-estadio-do-Maracana.webp\",\"datePublished\":\"2025-04-10T17:01:15+00:00\",\"dateModified\":\"2025-04-10T17:05:21+00:00\",\"author\":{\"@id\":\"https:\/\/www.gaveanews.com\/#\/schema\/person\/3b19f7288b0ce20372991275e4f2e6c2\"},\"breadcrumb\":{\"@id\":\"https:\/\/www.gaveanews.com\/index.php\/2025\/04\/10\/conmebol-define-sede-da-final-da-libertadores-de-2025\/#breadcrumb\"},\"inLanguage\":\"pt-BR\",\"potentialAction\":[{\"@type\":\"ReadAction\",\"target\":[\"https:\/\/www.gaveanews.com\/index.php\/2025\/04\/10\/conmebol-define-sede-da-final-da-libertadores-de-2025\/\"]}]},{\"@type\":\"ImageObject\",\"inLanguage\":\"pt-BR\",\"@id\":\"https:\/\/www.gaveanews.com\/index.php\/2025\/04\/10\/conmebol-define-sede-da-final-da-libertadores-de-2025\/#primaryimage\",\"url\":\"https:\/\/www.gaveanews.com\/wp-content\/uploads\/Taca-da-Copa-Libertadores-da-America-no-gramado-do-estadio-do-Maracana.webp\",\"contentUrl\":\"https:\/\/www.gaveanews.com\/wp-content\/uploads\/Taca-da-Copa-Libertadores-da-America-no-gramado-do-estadio-do-Maracana.webp\",\"width\":1080,\"height\":1079,\"caption\":\"Ta\u00e7a da Copa Libertadores da Am\u00e9rica no gramado do est\u00e1dio do Maracan\u00e3 (Foto: Conmebol)\"},{\"@type\":\"BreadcrumbList\",\"@id\":\"https:\/\/www.gaveanews.com\/index.php\/2025\/04\/10\/conmebol-define-sede-da-final-da-libertadores-de-2025\/#breadcrumb\",\"itemListElement\":[{\"@type\":\"ListItem\",\"position\":1,\"name\":\"Home\",\"item\":\"https:\/\/www.gaveanews.com\/\"},{\"@type\":\"ListItem\",\"position\":2,\"name\":\"Conmebol define sede da final da Libertadores de 2025\"}]},{\"@type\":\"WebSite\",\"@id\":\"https:\/\/www.gaveanews.com\/#website\",\"url\":\"https:\/\/www.gaveanews.com\/\",\"name\":\"G\u00e1vea News\",\"description\":\"Veja todas as not\u00edcias sobre o Flamengo: Contrata\u00e7\u00f5es, categorias de base, resultados das partidas, tabela de classifica\u00e7\u00e3o, pr\u00f3ximos jogos!\",\"potentialAction\":[{\"@type\":\"SearchAction\",\"target\":{\"@type\":\"EntryPoint\",\"urlTemplate\":\"https:\/\/www.gaveanews.com\/?s={search_term_string}\"},\"query-input\":{\"@type\":\"PropertyValueSpecification\",\"valueRequired\":true,\"valueName\":\"search_term_string\"}}],\"inLanguage\":\"pt-BR\"},{\"@type\":\"Person\",\"@id\":\"https:\/\/www.gaveanews.com\/#\/schema\/person\/3b19f7288b0ce20372991275e4f2e6c2\",\"name\":\"Ana Teixeira\",\"image\":{\"@type\":\"ImageObject\",\"inLanguage\":\"pt-BR\",\"@id\":\"https:\/\/www.gaveanews.com\/#\/schema\/person\/image\/\",\"url\":\"https:\/\/secure.gravatar.com\/avatar\/0a73f5a5258f3fed37fc2fa641892f3f7a4748456d4d4792f9bc550e6c19e06c?s=96&d=mm&r=g\",\"contentUrl\":\"https:\/\/secure.gravatar.com\/avatar\/0a73f5a5258f3fed37fc2fa641892f3f7a4748456d4d4792f9bc550e6c19e06c?s=96&d=mm&r=g\",\"caption\":\"Ana Teixeira\"}}]}<\/script>\n<!-- \/ Yoast SEO Premium plugin. -->","yoast_head_json":{"title":"Conmebol define sede da final da Libertadores de 2025","robots":{"index":"index","follow":"follow","max-snippet":"max-snippet:-1","max-image-preview":"max-image-preview:large","max-video-preview":"max-video-preview:-1"},"canonical":"https:\/\/www.gaveanews.com\/index.php\/2025\/04\/10\/conmebol-define-sede-da-final-da-libertadores-de-2025\/","og_locale":"pt_BR","og_type":"article","og_title":"Conmebol define sede da final da Libertadores de 2025","og_description":"A Confedera\u00e7\u00e3o Sul-Americana de Futebol (Conmebol) acertou os detalhes finais para oficializar a cidade de Lima, no Peru, como sede da final da Copa Libertadores de 2025. O duelo decisivo est\u00e1 programado para acontecer no dia 29 de novembro (s\u00e1bado), com hor\u00e1rio ainda indefinido, e deve ocorrer no est\u00e1dio Monumental, do Universitario, que tem capacidade [&hellip;]","og_url":"https:\/\/www.gaveanews.com\/index.php\/2025\/04\/10\/conmebol-define-sede-da-final-da-libertadores-de-2025\/","og_site_name":"G\u00e1vea News","article_publisher":"https:\/\/facebook.com\/gaveaNews\/","article_published_time":"2025-04-10T17:01:15+00:00","article_modified_time":"2025-04-10T17:05:21+00:00","og_image":[{"width":1080,"height":1079,"url":"http:\/\/www.gaveanews.com\/wp-content\/uploads\/Taca-da-Copa-Libertadores-da-America-no-gramado-do-estadio-do-Maracana.webp","type":"image\/jpeg"}],"author":"Ana Teixeira","twitter_card":"summary_large_image","twitter_misc":{"Escrito por":"Ana Teixeira","Est. tempo de leitura":"4 minutos"},"schema":{"@context":"https:\/\/schema.org","@graph":[{"@type":"NewsArticle","@id":"https:\/\/www.gaveanews.com\/index.php\/2025\/04\/10\/conmebol-define-sede-da-final-da-libertadores-de-2025\/#article","isPartOf":{"@id":"https:\/\/www.gaveanews.com\/index.php\/2025\/04\/10\/conmebol-define-sede-da-final-da-libertadores-de-2025\/"},"author":{"name":"Ana Teixeira","@id":"https:\/\/www.gaveanews.com\/#\/schema\/person\/3b19f7288b0ce20372991275e4f2e6c2"},"headline":"Conmebol define sede da final da Libertadores de 2025","datePublished":"2025-04-10T17:01:15+00:00","dateModified":"2025-04-10T17:05:21+00:00","mainEntityOfPage":{"@id":"https:\/\/www.gaveanews.com\/index.php\/2025\/04\/10\/conmebol-define-sede-da-final-da-libertadores-de-2025\/"},"wordCount":612,"commentCount":0,"image":{"@id":"https:\/\/www.gaveanews.com\/index.php\/2025\/04\/10\/conmebol-define-sede-da-final-da-libertadores-de-2025\/#primaryimage"},"thumbnailUrl":"https:\/\/www.gaveanews.com\/wp-content\/uploads\/Taca-da-Copa-Libertadores-da-America-no-gramado-do-estadio-do-Maracana.webp","articleSection":["Bahia","Botafogo","Brasil","Destaques","Flamengo","Fortaleza","Futebol Internacional","Internacional","Palmeiras","S\u00e3o Paulo"],"inLanguage":"pt-BR","potentialAction":[{"@type":"CommentAction","name":"Comment","target":["https:\/\/www.gaveanews.com\/index.php\/2025\/04\/10\/conmebol-define-sede-da-final-da-libertadores-de-2025\/#respond"]}],"copyrightYear":"2025","copyrightHolder":{"@id":"https:\/\/www.gaveanews.com\/#organization"}},{"@type":"WebPage","@id":"https:\/\/www.gaveanews.com\/index.php\/2025\/04\/10\/conmebol-define-sede-da-final-da-libertadores-de-2025\/","url":"https:\/\/www.gaveanews.com\/index.php\/2025\/04\/10\/conmebol-define-sede-da-final-da-libertadores-de-2025\/","name":"Conmebol define sede da final da Libertadores de 2025","isPartOf":{"@id":"https:\/\/www.gaveanews.com\/#website"},"primaryImageOfPage":{"@id":"https:\/\/www.gaveanews.com\/index.php\/2025\/04\/10\/conmebol-define-sede-da-final-da-libertadores-de-2025\/#primaryimage"},"image":{"@id":"https:\/\/www.gaveanews.com\/index.php\/2025\/04\/10\/conmebol-define-sede-da-final-da-libertadores-de-2025\/#primaryimage"},"thumbnailUrl":"https:\/\/www.gaveanews.com\/wp-content\/uploads\/Taca-da-Copa-Libertadores-da-America-no-gramado-do-estadio-do-Maracana.webp","datePublished":"2025-04-10T17:01:15+00:00","dateModified":"2025-04-10T17:05:21+00:00","author":{"@id":"https:\/\/www.gaveanews.com\/#\/schema\/person\/3b19f7288b0ce20372991275e4f2e6c2"},"breadcrumb":{"@id":"https:\/\/www.gaveanews.com\/index.php\/2025\/04\/10\/conmebol-define-sede-da-final-da-libertadores-de-2025\/#breadcrumb"},"inLanguage":"pt-BR","potentialAction":[{"@type":"ReadAction","target":["https:\/\/www.gaveanews.com\/index.php\/2025\/04\/10\/conmebol-define-sede-da-final-da-libertadores-de-2025\/"]}]},{"@type":"ImageObject","inLanguage":"pt-BR","@id":"https:\/\/www.gaveanews.com\/index.php\/2025\/04\/10\/conmebol-define-sede-da-final-da-libertadores-de-2025\/#primaryimage","url":"https:\/\/www.gaveanews.com\/wp-content\/uploads\/Taca-da-Copa-Libertadores-da-America-no-gramado-do-estadio-do-Maracana.webp","contentUrl":"https:\/\/www.gaveanews.com\/wp-content\/uploads\/Taca-da-Copa-Libertadores-da-America-no-gramado-do-estadio-do-Maracana.webp","width":1080,"height":1079,"caption":"Ta\u00e7a da Copa Libertadores da Am\u00e9rica no gramado do est\u00e1dio do Maracan\u00e3 (Foto: Conmebol)"},{"@type":"BreadcrumbList","@id":"https:\/\/www.gaveanews.com\/index.php\/2025\/04\/10\/conmebol-define-sede-da-final-da-libertadores-de-2025\/#breadcrumb","itemListElement":[{"@type":"ListItem","position":1,"name":"Home","item":"https:\/\/www.gaveanews.com\/"},{"@type":"ListItem","position":2,"name":"Conmebol define sede da final da Libertadores de 2025"}]},{"@type":"WebSite","@id":"https:\/\/www.gaveanews.com\/#website","url":"https:\/\/www.gaveanews.com\/","name":"G\u00e1vea News","description":"Veja todas as not\u00edcias sobre o Flamengo: Contrata\u00e7\u00f5es, categorias de base, resultados das partidas, tabela de classifica\u00e7\u00e3o, pr\u00f3ximos jogos!","potentialAction":[{"@type":"SearchAction","target":{"@type":"EntryPoint","urlTemplate":"https:\/\/www.gaveanews.com\/?s={search_term_string}"},"query-input":{"@type":"PropertyValueSpecification","valueRequired":true,"valueName":"search_term_string"}}],"inLanguage":"pt-BR"},{"@type":"Person","@id":"https:\/\/www.gaveanews.com\/#\/schema\/person\/3b19f7288b0ce20372991275e4f2e6c2","name":"Ana Teixeira","image":{"@type":"ImageObject","inLanguage":"pt-BR","@id":"https:\/\/www.gaveanews.com\/#\/schema\/person\/image\/","url":"https:\/\/secure.gravatar.com\/avatar\/0a73f5a5258f3fed37fc2fa641892f3f7a4748456d4d4792f9bc550e6c19e06c?s=96&d=mm&r=g","contentUrl":"https:\/\/secure.gravatar.com\/avatar\/0a73f5a5258f3fed37fc2fa641892f3f7a4748456d4d4792f9bc550e6c19e06c?s=96&d=mm&r=g","caption":"Ana Teixeira"}}]}},"_links":{"self":[{"href":"https:\/\/www.gaveanews.com\/index.php\/wp-json\/wp\/v2\/posts\/251688","targetHints":{"allow":["GET"]}}],"collection":[{"href":"https:\/\/www.gaveanews.com\/index.php\/wp-json\/wp\/v2\/posts"}],"about":[{"href":"https:\/\/www.gaveanews.com\/index.php\/wp-json\/wp\/v2\/types\/post"}],"author":[{"embeddable":true,"href":"https:\/\/www.gaveanews.com\/index.php\/wp-json\/wp\/v2\/users\/30"}],"replies":[{"embeddable":true,"href":"https:\/\/www.gaveanews.com\/index.php\/wp-json\/wp\/v2\/comments?post=251688"}],"version-history":[{"count":2,"href":"https:\/\/www.gaveanews.com\/index.php\/wp-json\/wp\/v2\/posts\/251688\/revisions"}],"predecessor-version":[{"id":251693,"href":"https:\/\/www.gaveanews.com\/index.php\/wp-json\/wp\/v2\/posts\/251688\/revisions\/251693"}],"wp:featuredmedia":[{"embeddable":true,"href":"https:\/\/www.gaveanews.com\/index.php\/wp-json\/wp\/v2\/media\/58305"}],"wp:attachment":[{"href":"https:\/\/www.gaveanews.com\/index.php\/wp-json\/wp\/v2\/media?parent=251688"}],"wp:term":[{"taxonomy":"category","embeddable":true,"href":"https:\/\/www.gaveanews.com\/index.php\/wp-json\/wp\/v2\/categories?post=251688"},{"taxonomy":"post_tag","embeddable":true,"href":"https:\/\/www.gaveanews.com\/index.php\/wp-json\/wp\/v2\/tags?post=251688"}],"curies":[{"name":"wp","href":"https:\/\/api.w.org\/{rel}","templated":true}]}}