{"id":251711,"date":"2025-04-10T16:50:00","date_gmt":"2025-04-10T19:50:00","guid":{"rendered":"https:\/\/www.gaveanews.com\/?p=251711"},"modified":"2025-04-10T14:28:43","modified_gmt":"2025-04-10T17:28:43","slug":"ceo-do-santos-e-sincero-ao-falar-sobre-renovacao-de-neymar","status":"publish","type":"post","link":"https:\/\/www.gaveanews.com\/index.php\/2025\/04\/10\/ceo-do-santos-e-sincero-ao-falar-sobre-renovacao-de-neymar\/","title":{"rendered":"CEO do Santos \u00e9 sincero ao falar sobre renova\u00e7\u00e3o de Neymar"},"content":{"rendered":"\n<p>O torcedor do Santos tem motivos para ficar animado. Neymar, ap\u00f3s mais de um m\u00eas afastado dos gramados, est\u00e1 em processo final de recupera\u00e7\u00e3o e pode voltar a jogar em breve. O CEO do clube, Pedro Martins, mostrou confian\u00e7a na recupera\u00e7\u00e3o do craque e na possibilidade de um v\u00ednculo mais longo com a equipe.<\/p>\n\n\n\n<p>\u201cA gente acredita que esse processo de recupera\u00e7\u00e3o do Neymar est\u00e1 sendo muito bem feito, a gente tem tratado com muita cautela, principalmente pelo per\u00edodo de inatividade que ele teve antes de chegar ao Santos\u201d, afirmou o dirigente ao GE.<\/p>\n\n\n\n<p>Al\u00e9m disso, Neymar j\u00e1 iniciou atividades com o elenco, embora ainda passe por um processo gradual de retorno. Sendo assim, a expectativa \u00e9 de que ele esteja pronto para atuar na Copa do Brasil e no Campeonato Brasileiro.<\/p>\n\n\n\n<h2 class=\"wp-block-heading\" id=\"h-planejamento-do-santos-e-a-copa-do-brasil-como-prioridade\">Planejamento do Santos e a Copa do Brasil como prioridade<\/h2>\n\n\n\n<figure class=\"wp-block-image size-large\"><img loading=\"lazy\" decoding=\"async\" width=\"1024\" height=\"832\" src=\"http:\/\/www.gaveanews.com\/wp-content\/uploads\/Escudo-do-Santos-1-1024x832.webp\" alt=\"\" class=\"wp-image-152156\" srcset=\"https:\/\/www.gaveanews.com\/wp-content\/uploads\/Escudo-do-Santos-1-1024x832.webp 1024w, https:\/\/www.gaveanews.com\/wp-content\/uploads\/Escudo-do-Santos-1-300x244.webp 300w, https:\/\/www.gaveanews.com\/wp-content\/uploads\/Escudo-do-Santos-1-768x624.webp 768w, https:\/\/www.gaveanews.com\/wp-content\/uploads\/Escudo-do-Santos-1-517x420.webp 517w, https:\/\/www.gaveanews.com\/wp-content\/uploads\/Escudo-do-Santos-1-1034x840.webp 1034w, https:\/\/www.gaveanews.com\/wp-content\/uploads\/Escudo-do-Santos-1-640x520.webp 640w, https:\/\/www.gaveanews.com\/wp-content\/uploads\/Escudo-do-Santos-1-1280x1040.webp 1280w, https:\/\/www.gaveanews.com\/wp-content\/uploads\/Escudo-do-Santos-1-681x553.webp 681w, https:\/\/www.gaveanews.com\/wp-content\/uploads\/Escudo-do-Santos-1-100x81.webp 100w, https:\/\/www.gaveanews.com\/wp-content\/uploads\/Escudo-do-Santos-1.webp 1300w\" sizes=\"auto, (max-width: 1024px) 100vw, 1024px\" \/><figcaption class=\"wp-element-caption\">Escudo do Santos (Foto: Reprodu\u00e7\u00e3o\/Instagram)<\/figcaption><\/figure>\n\n\n\n<p>O Santos ter\u00e1 pela frente o CRB na terceira fase da Copa do Brasil. O primeiro jogo ser\u00e1 na Vila Belmiro e o segundo, fora de casa. Por isso, Pedro Martins destaca a import\u00e2ncia da competi\u00e7\u00e3o para o clube.<\/p>\n\n\n\n<p>\u201cEssa competi\u00e7\u00e3o a gente vem tratando como uma das grandes prioridades da temporada\u201d, disse o CEO, ressaltando que a equipe quer fazer uma campanha s\u00f3lida tanto na Copa do Brasil quanto no Brasileir\u00e3o.<\/p>\n\n\n\n<p>Vale destacar que Neymar e Soteldo foram preservados e ficaram na academia para fortalecimento muscular, um cuidado essencial para evitar novas les\u00f5es. Dessa maneira, a comiss\u00e3o t\u00e9cnica mant\u00e9m cautela com o retorno do camisa 10.<\/p>\n\n\n\n<h2 class=\"wp-block-heading\" id=\"h-neymar-pode-renovar-com-o-santos\">Neymar pode renovar com o Santos?<\/h2>\n\n\n\n<p>O contrato de Neymar com o Santos \u00e9 v\u00e1lido at\u00e9 30 de junho, mas h\u00e1 otimismo por parte da diretoria em uma renova\u00e7\u00e3o at\u00e9 a Copa do Mundo de 2026.<\/p>\n\n\n\n<p>\u201cEu tenho falado que a parte mais dif\u00edcil foi fazer o Neymar voltar para o Brasil e o Santos. Foi a negocia\u00e7\u00e3o mais complexa. A partir do momento que j\u00e1 est\u00e1 aqui dentro, a gente sabe que o objetivo do Neymar, neste retorno ao Santos, n\u00e3o foi financeiro\u201d, afirmou Pedro Martins.<\/p>\n\n\n\n<p>Portanto, a diretoria trabalha para convenc\u00ea-lo a estender sua perman\u00eancia. Com isso, o torcedor santista pode sonhar com mais tempo de Neymar vestindo a camisa do Peixe.<\/p>\n","protected":false},"excerpt":{"rendered":"<p>O torcedor do Santos tem motivos para ficar animado. Neymar, ap\u00f3s mais de um m\u00eas afastado dos gramados, est\u00e1 em processo final de recupera\u00e7\u00e3o e pode voltar a jogar em breve. O CEO do clube, Pedro Martins, mostrou confian\u00e7a na recupera\u00e7\u00e3o do craque e na possibilidade de um v\u00ednculo mais longo com a equipe. \u201cA [&hellip;]<\/p>\n","protected":false},"author":25,"featured_media":244445,"comment_status":"open","ping_status":"closed","sticky":false,"template":"","format":"standard","meta":{"footnotes":""},"categories":[139],"tags":[],"class_list":["post-251711","post","type-post","status-publish","format-standard","has-post-thumbnail","hentry","category-santos"],"yoast_head":"<!-- This site is optimized with the Yoast SEO Premium plugin v24.2 (Yoast SEO v26.9) - https:\/\/yoast.com\/product\/yoast-seo-premium-wordpress\/ -->\n<title>CEO do Santos \u00e9 sincero ao falar sobre renova\u00e7\u00e3o de Neymar<\/title>\n<meta name=\"robots\" content=\"index, follow, max-snippet:-1, max-image-preview:large, max-video-preview:-1\" \/>\n<link rel=\"canonical\" href=\"https:\/\/www.gaveanews.com\/index.php\/2025\/04\/10\/ceo-do-santos-e-sincero-ao-falar-sobre-renovacao-de-neymar\/\" \/>\n<meta property=\"og:locale\" content=\"pt_BR\" \/>\n<meta property=\"og:type\" content=\"article\" \/>\n<meta property=\"og:title\" content=\"CEO do Santos \u00e9 sincero ao falar sobre renova\u00e7\u00e3o de Neymar\" \/>\n<meta property=\"og:description\" content=\"O torcedor do Santos tem motivos para ficar animado. Neymar, ap\u00f3s mais de um m\u00eas afastado dos gramados, est\u00e1 em processo final de recupera\u00e7\u00e3o e pode voltar a jogar em breve. O CEO do clube, Pedro Martins, mostrou confian\u00e7a na recupera\u00e7\u00e3o do craque e na possibilidade de um v\u00ednculo mais longo com a equipe. \u201cA [&hellip;]\" \/>\n<meta property=\"og:url\" content=\"https:\/\/www.gaveanews.com\/index.php\/2025\/04\/10\/ceo-do-santos-e-sincero-ao-falar-sobre-renovacao-de-neymar\/\" \/>\n<meta property=\"og:site_name\" content=\"G\u00e1vea News\" \/>\n<meta property=\"article:publisher\" content=\"https:\/\/facebook.com\/gaveaNews\/\" \/>\n<meta property=\"article:published_time\" content=\"2025-04-10T19:50:00+00:00\" \/>\n<meta property=\"og:image\" content=\"https:\/\/www.gaveanews.com\/wp-content\/uploads\/Neymar-em-acao-com-a-camisa-do-Santos-em-2025.webp\" \/>\n\t<meta property=\"og:image:width\" content=\"900\" \/>\n\t<meta property=\"og:image:height\" content=\"600\" \/>\n\t<meta property=\"og:image:type\" content=\"image\/jpeg\" \/>\n<meta name=\"author\" content=\"Rafaela Ladeira\" \/>\n<meta name=\"twitter:card\" content=\"summary_large_image\" \/>\n<meta name=\"twitter:label1\" content=\"Escrito por\" \/>\n\t<meta name=\"twitter:data1\" content=\"Rafaela Ladeira\" \/>\n\t<meta name=\"twitter:label2\" content=\"Est. tempo de leitura\" \/>\n\t<meta name=\"twitter:data2\" content=\"3 minutos\" \/>\n<script type=\"application\/ld+json\" class=\"yoast-schema-graph\">{\"@context\":\"https:\/\/schema.org\",\"@graph\":[{\"@type\":\"NewsArticle\",\"@id\":\"https:\/\/www.gaveanews.com\/index.php\/2025\/04\/10\/ceo-do-santos-e-sincero-ao-falar-sobre-renovacao-de-neymar\/#article\",\"isPartOf\":{\"@id\":\"https:\/\/www.gaveanews.com\/index.php\/2025\/04\/10\/ceo-do-santos-e-sincero-ao-falar-sobre-renovacao-de-neymar\/\"},\"author\":{\"name\":\"Rafaela Ladeira\",\"@id\":\"https:\/\/www.gaveanews.com\/#\/schema\/person\/0eb3e3fe1754f0205218538adbe8f5ed\"},\"headline\":\"CEO do Santos \u00e9 sincero ao falar sobre renova\u00e7\u00e3o de Neymar\",\"datePublished\":\"2025-04-10T19:50:00+00:00\",\"mainEntityOfPage\":{\"@id\":\"https:\/\/www.gaveanews.com\/index.php\/2025\/04\/10\/ceo-do-santos-e-sincero-ao-falar-sobre-renovacao-de-neymar\/\"},\"wordCount\":401,\"commentCount\":0,\"image\":{\"@id\":\"https:\/\/www.gaveanews.com\/index.php\/2025\/04\/10\/ceo-do-santos-e-sincero-ao-falar-sobre-renovacao-de-neymar\/#primaryimage\"},\"thumbnailUrl\":\"https:\/\/www.gaveanews.com\/wp-content\/uploads\/Neymar-em-acao-com-a-camisa-do-Santos-em-2025.webp\",\"articleSection\":[\"Santos\"],\"inLanguage\":\"pt-BR\",\"potentialAction\":[{\"@type\":\"CommentAction\",\"name\":\"Comment\",\"target\":[\"https:\/\/www.gaveanews.com\/index.php\/2025\/04\/10\/ceo-do-santos-e-sincero-ao-falar-sobre-renovacao-de-neymar\/#respond\"]}],\"copyrightYear\":\"2025\",\"copyrightHolder\":{\"@id\":\"https:\/\/www.gaveanews.com\/#organization\"}},{\"@type\":\"WebPage\",\"@id\":\"https:\/\/www.gaveanews.com\/index.php\/2025\/04\/10\/ceo-do-santos-e-sincero-ao-falar-sobre-renovacao-de-neymar\/\",\"url\":\"https:\/\/www.gaveanews.com\/index.php\/2025\/04\/10\/ceo-do-santos-e-sincero-ao-falar-sobre-renovacao-de-neymar\/\",\"name\":\"CEO do Santos \u00e9 sincero ao falar sobre renova\u00e7\u00e3o de Neymar\",\"isPartOf\":{\"@id\":\"https:\/\/www.gaveanews.com\/#website\"},\"primaryImageOfPage\":{\"@id\":\"https:\/\/www.gaveanews.com\/index.php\/2025\/04\/10\/ceo-do-santos-e-sincero-ao-falar-sobre-renovacao-de-neymar\/#primaryimage\"},\"image\":{\"@id\":\"https:\/\/www.gaveanews.com\/index.php\/2025\/04\/10\/ceo-do-santos-e-sincero-ao-falar-sobre-renovacao-de-neymar\/#primaryimage\"},\"thumbnailUrl\":\"https:\/\/www.gaveanews.com\/wp-content\/uploads\/Neymar-em-acao-com-a-camisa-do-Santos-em-2025.webp\",\"datePublished\":\"2025-04-10T19:50:00+00:00\",\"author\":{\"@id\":\"https:\/\/www.gaveanews.com\/#\/schema\/person\/0eb3e3fe1754f0205218538adbe8f5ed\"},\"breadcrumb\":{\"@id\":\"https:\/\/www.gaveanews.com\/index.php\/2025\/04\/10\/ceo-do-santos-e-sincero-ao-falar-sobre-renovacao-de-neymar\/#breadcrumb\"},\"inLanguage\":\"pt-BR\",\"potentialAction\":[{\"@type\":\"ReadAction\",\"target\":[\"https:\/\/www.gaveanews.com\/index.php\/2025\/04\/10\/ceo-do-santos-e-sincero-ao-falar-sobre-renovacao-de-neymar\/\"]}]},{\"@type\":\"ImageObject\",\"inLanguage\":\"pt-BR\",\"@id\":\"https:\/\/www.gaveanews.com\/index.php\/2025\/04\/10\/ceo-do-santos-e-sincero-ao-falar-sobre-renovacao-de-neymar\/#primaryimage\",\"url\":\"https:\/\/www.gaveanews.com\/wp-content\/uploads\/Neymar-em-acao-com-a-camisa-do-Santos-em-2025.webp\",\"contentUrl\":\"https:\/\/www.gaveanews.com\/wp-content\/uploads\/Neymar-em-acao-com-a-camisa-do-Santos-em-2025.webp\",\"width\":900,\"height\":600,\"caption\":\"Neymar em a\u00e7\u00e3o com a camisa do Santos em 2025 (Foto: Raul Baretta\/ Santos FC)\"},{\"@type\":\"BreadcrumbList\",\"@id\":\"https:\/\/www.gaveanews.com\/index.php\/2025\/04\/10\/ceo-do-santos-e-sincero-ao-falar-sobre-renovacao-de-neymar\/#breadcrumb\",\"itemListElement\":[{\"@type\":\"ListItem\",\"position\":1,\"name\":\"Home\",\"item\":\"https:\/\/www.gaveanews.com\/\"},{\"@type\":\"ListItem\",\"position\":2,\"name\":\"CEO do Santos \u00e9 sincero ao falar sobre renova\u00e7\u00e3o de Neymar\"}]},{\"@type\":\"WebSite\",\"@id\":\"https:\/\/www.gaveanews.com\/#website\",\"url\":\"https:\/\/www.gaveanews.com\/\",\"name\":\"G\u00e1vea News\",\"description\":\"Veja todas as not\u00edcias sobre o Flamengo: Contrata\u00e7\u00f5es, categorias de base, resultados das partidas, tabela de classifica\u00e7\u00e3o, pr\u00f3ximos jogos!\",\"potentialAction\":[{\"@type\":\"SearchAction\",\"target\":{\"@type\":\"EntryPoint\",\"urlTemplate\":\"https:\/\/www.gaveanews.com\/?s={search_term_string}\"},\"query-input\":{\"@type\":\"PropertyValueSpecification\",\"valueRequired\":true,\"valueName\":\"search_term_string\"}}],\"inLanguage\":\"pt-BR\"},{\"@type\":\"Person\",\"@id\":\"https:\/\/www.gaveanews.com\/#\/schema\/person\/0eb3e3fe1754f0205218538adbe8f5ed\",\"name\":\"Rafaela Ladeira\",\"image\":{\"@type\":\"ImageObject\",\"inLanguage\":\"pt-BR\",\"@id\":\"https:\/\/www.gaveanews.com\/#\/schema\/person\/image\/\",\"url\":\"https:\/\/secure.gravatar.com\/avatar\/c31f513acffd85eacab5730cbdfdbbf59f21ba5aeada8cd890acea879fbb2455?s=96&d=mm&r=g\",\"contentUrl\":\"https:\/\/secure.gravatar.com\/avatar\/c31f513acffd85eacab5730cbdfdbbf59f21ba5aeada8cd890acea879fbb2455?s=96&d=mm&r=g\",\"caption\":\"Rafaela Ladeira\"}}]}<\/script>\n<!-- \/ Yoast SEO Premium plugin. -->","yoast_head_json":{"title":"CEO do Santos \u00e9 sincero ao falar sobre renova\u00e7\u00e3o de Neymar","robots":{"index":"index","follow":"follow","max-snippet":"max-snippet:-1","max-image-preview":"max-image-preview:large","max-video-preview":"max-video-preview:-1"},"canonical":"https:\/\/www.gaveanews.com\/index.php\/2025\/04\/10\/ceo-do-santos-e-sincero-ao-falar-sobre-renovacao-de-neymar\/","og_locale":"pt_BR","og_type":"article","og_title":"CEO do Santos \u00e9 sincero ao falar sobre renova\u00e7\u00e3o de Neymar","og_description":"O torcedor do Santos tem motivos para ficar animado. Neymar, ap\u00f3s mais de um m\u00eas afastado dos gramados, est\u00e1 em processo final de recupera\u00e7\u00e3o e pode voltar a jogar em breve. O CEO do clube, Pedro Martins, mostrou confian\u00e7a na recupera\u00e7\u00e3o do craque e na possibilidade de um v\u00ednculo mais longo com a equipe. \u201cA [&hellip;]","og_url":"https:\/\/www.gaveanews.com\/index.php\/2025\/04\/10\/ceo-do-santos-e-sincero-ao-falar-sobre-renovacao-de-neymar\/","og_site_name":"G\u00e1vea News","article_publisher":"https:\/\/facebook.com\/gaveaNews\/","article_published_time":"2025-04-10T19:50:00+00:00","og_image":[{"width":900,"height":600,"url":"https:\/\/www.gaveanews.com\/wp-content\/uploads\/Neymar-em-acao-com-a-camisa-do-Santos-em-2025.webp","type":"image\/jpeg"}],"author":"Rafaela Ladeira","twitter_card":"summary_large_image","twitter_misc":{"Escrito por":"Rafaela Ladeira","Est. tempo de leitura":"3 minutos"},"schema":{"@context":"https:\/\/schema.org","@graph":[{"@type":"NewsArticle","@id":"https:\/\/www.gaveanews.com\/index.php\/2025\/04\/10\/ceo-do-santos-e-sincero-ao-falar-sobre-renovacao-de-neymar\/#article","isPartOf":{"@id":"https:\/\/www.gaveanews.com\/index.php\/2025\/04\/10\/ceo-do-santos-e-sincero-ao-falar-sobre-renovacao-de-neymar\/"},"author":{"name":"Rafaela Ladeira","@id":"https:\/\/www.gaveanews.com\/#\/schema\/person\/0eb3e3fe1754f0205218538adbe8f5ed"},"headline":"CEO do Santos \u00e9 sincero ao falar sobre renova\u00e7\u00e3o de Neymar","datePublished":"2025-04-10T19:50:00+00:00","mainEntityOfPage":{"@id":"https:\/\/www.gaveanews.com\/index.php\/2025\/04\/10\/ceo-do-santos-e-sincero-ao-falar-sobre-renovacao-de-neymar\/"},"wordCount":401,"commentCount":0,"image":{"@id":"https:\/\/www.gaveanews.com\/index.php\/2025\/04\/10\/ceo-do-santos-e-sincero-ao-falar-sobre-renovacao-de-neymar\/#primaryimage"},"thumbnailUrl":"https:\/\/www.gaveanews.com\/wp-content\/uploads\/Neymar-em-acao-com-a-camisa-do-Santos-em-2025.webp","articleSection":["Santos"],"inLanguage":"pt-BR","potentialAction":[{"@type":"CommentAction","name":"Comment","target":["https:\/\/www.gaveanews.com\/index.php\/2025\/04\/10\/ceo-do-santos-e-sincero-ao-falar-sobre-renovacao-de-neymar\/#respond"]}],"copyrightYear":"2025","copyrightHolder":{"@id":"https:\/\/www.gaveanews.com\/#organization"}},{"@type":"WebPage","@id":"https:\/\/www.gaveanews.com\/index.php\/2025\/04\/10\/ceo-do-santos-e-sincero-ao-falar-sobre-renovacao-de-neymar\/","url":"https:\/\/www.gaveanews.com\/index.php\/2025\/04\/10\/ceo-do-santos-e-sincero-ao-falar-sobre-renovacao-de-neymar\/","name":"CEO do Santos \u00e9 sincero ao falar sobre renova\u00e7\u00e3o de Neymar","isPartOf":{"@id":"https:\/\/www.gaveanews.com\/#website"},"primaryImageOfPage":{"@id":"https:\/\/www.gaveanews.com\/index.php\/2025\/04\/10\/ceo-do-santos-e-sincero-ao-falar-sobre-renovacao-de-neymar\/#primaryimage"},"image":{"@id":"https:\/\/www.gaveanews.com\/index.php\/2025\/04\/10\/ceo-do-santos-e-sincero-ao-falar-sobre-renovacao-de-neymar\/#primaryimage"},"thumbnailUrl":"https:\/\/www.gaveanews.com\/wp-content\/uploads\/Neymar-em-acao-com-a-camisa-do-Santos-em-2025.webp","datePublished":"2025-04-10T19:50:00+00:00","author":{"@id":"https:\/\/www.gaveanews.com\/#\/schema\/person\/0eb3e3fe1754f0205218538adbe8f5ed"},"breadcrumb":{"@id":"https:\/\/www.gaveanews.com\/index.php\/2025\/04\/10\/ceo-do-santos-e-sincero-ao-falar-sobre-renovacao-de-neymar\/#breadcrumb"},"inLanguage":"pt-BR","potentialAction":[{"@type":"ReadAction","target":["https:\/\/www.gaveanews.com\/index.php\/2025\/04\/10\/ceo-do-santos-e-sincero-ao-falar-sobre-renovacao-de-neymar\/"]}]},{"@type":"ImageObject","inLanguage":"pt-BR","@id":"https:\/\/www.gaveanews.com\/index.php\/2025\/04\/10\/ceo-do-santos-e-sincero-ao-falar-sobre-renovacao-de-neymar\/#primaryimage","url":"https:\/\/www.gaveanews.com\/wp-content\/uploads\/Neymar-em-acao-com-a-camisa-do-Santos-em-2025.webp","contentUrl":"https:\/\/www.gaveanews.com\/wp-content\/uploads\/Neymar-em-acao-com-a-camisa-do-Santos-em-2025.webp","width":900,"height":600,"caption":"Neymar em a\u00e7\u00e3o com a camisa do Santos em 2025 (Foto: Raul Baretta\/ Santos FC)"},{"@type":"BreadcrumbList","@id":"https:\/\/www.gaveanews.com\/index.php\/2025\/04\/10\/ceo-do-santos-e-sincero-ao-falar-sobre-renovacao-de-neymar\/#breadcrumb","itemListElement":[{"@type":"ListItem","position":1,"name":"Home","item":"https:\/\/www.gaveanews.com\/"},{"@type":"ListItem","position":2,"name":"CEO do Santos \u00e9 sincero ao falar sobre renova\u00e7\u00e3o de Neymar"}]},{"@type":"WebSite","@id":"https:\/\/www.gaveanews.com\/#website","url":"https:\/\/www.gaveanews.com\/","name":"G\u00e1vea News","description":"Veja todas as not\u00edcias sobre o Flamengo: Contrata\u00e7\u00f5es, categorias de base, resultados das partidas, tabela de classifica\u00e7\u00e3o, pr\u00f3ximos jogos!","potentialAction":[{"@type":"SearchAction","target":{"@type":"EntryPoint","urlTemplate":"https:\/\/www.gaveanews.com\/?s={search_term_string}"},"query-input":{"@type":"PropertyValueSpecification","valueRequired":true,"valueName":"search_term_string"}}],"inLanguage":"pt-BR"},{"@type":"Person","@id":"https:\/\/www.gaveanews.com\/#\/schema\/person\/0eb3e3fe1754f0205218538adbe8f5ed","name":"Rafaela Ladeira","image":{"@type":"ImageObject","inLanguage":"pt-BR","@id":"https:\/\/www.gaveanews.com\/#\/schema\/person\/image\/","url":"https:\/\/secure.gravatar.com\/avatar\/c31f513acffd85eacab5730cbdfdbbf59f21ba5aeada8cd890acea879fbb2455?s=96&d=mm&r=g","contentUrl":"https:\/\/secure.gravatar.com\/avatar\/c31f513acffd85eacab5730cbdfdbbf59f21ba5aeada8cd890acea879fbb2455?s=96&d=mm&r=g","caption":"Rafaela Ladeira"}}]}},"_links":{"self":[{"href":"https:\/\/www.gaveanews.com\/index.php\/wp-json\/wp\/v2\/posts\/251711","targetHints":{"allow":["GET"]}}],"collection":[{"href":"https:\/\/www.gaveanews.com\/index.php\/wp-json\/wp\/v2\/posts"}],"about":[{"href":"https:\/\/www.gaveanews.com\/index.php\/wp-json\/wp\/v2\/types\/post"}],"author":[{"embeddable":true,"href":"https:\/\/www.gaveanews.com\/index.php\/wp-json\/wp\/v2\/users\/25"}],"replies":[{"embeddable":true,"href":"https:\/\/www.gaveanews.com\/index.php\/wp-json\/wp\/v2\/comments?post=251711"}],"version-history":[{"count":1,"href":"https:\/\/www.gaveanews.com\/index.php\/wp-json\/wp\/v2\/posts\/251711\/revisions"}],"predecessor-version":[{"id":251712,"href":"https:\/\/www.gaveanews.com\/index.php\/wp-json\/wp\/v2\/posts\/251711\/revisions\/251712"}],"wp:featuredmedia":[{"embeddable":true,"href":"https:\/\/www.gaveanews.com\/index.php\/wp-json\/wp\/v2\/media\/244445"}],"wp:attachment":[{"href":"https:\/\/www.gaveanews.com\/index.php\/wp-json\/wp\/v2\/media?parent=251711"}],"wp:term":[{"taxonomy":"category","embeddable":true,"href":"https:\/\/www.gaveanews.com\/index.php\/wp-json\/wp\/v2\/categories?post=251711"},{"taxonomy":"post_tag","embeddable":true,"href":"https:\/\/www.gaveanews.com\/index.php\/wp-json\/wp\/v2\/tags?post=251711"}],"curies":[{"name":"wp","href":"https:\/\/api.w.org\/{rel}","templated":true}]}}