{"id":251716,"date":"2025-04-10T17:00:00","date_gmt":"2025-04-10T20:00:00","guid":{"rendered":"https:\/\/www.gaveanews.com\/?p=251716"},"modified":"2025-04-10T14:35:58","modified_gmt":"2025-04-10T17:35:58","slug":"a-declaracao-de-casagrande-direcionada-ao-cruzeiro","status":"publish","type":"post","link":"https:\/\/www.gaveanews.com\/index.php\/2025\/04\/10\/a-declaracao-de-casagrande-direcionada-ao-cruzeiro\/","title":{"rendered":"A declara\u00e7\u00e3o de Casagrande direcionada ao Cruzeiro"},"content":{"rendered":"\n<p>O comentarista Walter Casagrande Jr. expressou forte preocupa\u00e7\u00e3o com o atual momento do Cruzeiro. Ap\u00f3s mais uma derrota na Copa Sul-Americana, desta vez para o Mushuc Runa, do Equador, por 2 a 1, a equipe mineira se v\u00ea em situa\u00e7\u00e3o delicada na competi\u00e7\u00e3o continental. O rev\u00e9s, sofrido em pleno Mineir\u00e3o na quarta-feira (9), marcou a segunda derrota consecutiva do clube no torneio, em que \u00e9 vice-campe\u00e3o e atualmente ocupa a lanterna do Grupo E.<\/p>\n\n\n\n<p>Casagrande usou sua coluna no UOL para criticar duramente o planejamento da temporada cruzeirense, que envolveu altos investimentos no mercado da bola. \u201cFez grandes (mas errados) investimentos e tamb\u00e9m deu um vexame absurdo\u201d, afirmou, referindo-se a contrata\u00e7\u00f5es como as de Gabigol, Dudu e Fabr\u00edcio Bruno. O comentarista ressaltou que o desempenho em campo n\u00e3o est\u00e1 \u00e0 altura do aporte financeiro feito.<\/p>\n\n\n\n<figure class=\"wp-block-image size-full\"><img loading=\"lazy\" decoding=\"async\" width=\"1350\" height=\"1013\" src=\"http:\/\/www.gaveanews.com\/wp-content\/uploads\/Gabigol-com-a-camisa-do-Cruzeiro.webp\" alt=\"\" class=\"wp-image-206773\" srcset=\"https:\/\/www.gaveanews.com\/wp-content\/uploads\/Gabigol-com-a-camisa-do-Cruzeiro.webp 1350w, https:\/\/www.gaveanews.com\/wp-content\/uploads\/Gabigol-com-a-camisa-do-Cruzeiro-300x225.webp 300w, https:\/\/www.gaveanews.com\/wp-content\/uploads\/Gabigol-com-a-camisa-do-Cruzeiro-1024x768.webp 1024w, https:\/\/www.gaveanews.com\/wp-content\/uploads\/Gabigol-com-a-camisa-do-Cruzeiro-768x576.webp 768w, https:\/\/www.gaveanews.com\/wp-content\/uploads\/Gabigol-com-a-camisa-do-Cruzeiro-560x420.webp 560w, https:\/\/www.gaveanews.com\/wp-content\/uploads\/Gabigol-com-a-camisa-do-Cruzeiro-1119x840.webp 1119w, https:\/\/www.gaveanews.com\/wp-content\/uploads\/Gabigol-com-a-camisa-do-Cruzeiro-80x60.webp 80w, https:\/\/www.gaveanews.com\/wp-content\/uploads\/Gabigol-com-a-camisa-do-Cruzeiro-160x120.webp 160w, https:\/\/www.gaveanews.com\/wp-content\/uploads\/Gabigol-com-a-camisa-do-Cruzeiro-100x75.webp 100w, https:\/\/www.gaveanews.com\/wp-content\/uploads\/Gabigol-com-a-camisa-do-Cruzeiro-200x150.webp 200w, https:\/\/www.gaveanews.com\/wp-content\/uploads\/Gabigol-com-a-camisa-do-Cruzeiro-180x135.webp 180w, https:\/\/www.gaveanews.com\/wp-content\/uploads\/Gabigol-com-a-camisa-do-Cruzeiro-360x270.webp 360w, https:\/\/www.gaveanews.com\/wp-content\/uploads\/Gabigol-com-a-camisa-do-Cruzeiro-238x178.webp 238w, https:\/\/www.gaveanews.com\/wp-content\/uploads\/Gabigol-com-a-camisa-do-Cruzeiro-476x356.webp 476w, https:\/\/www.gaveanews.com\/wp-content\/uploads\/Gabigol-com-a-camisa-do-Cruzeiro-640x480.webp 640w, https:\/\/www.gaveanews.com\/wp-content\/uploads\/Gabigol-com-a-camisa-do-Cruzeiro-1280x960.webp 1280w, https:\/\/www.gaveanews.com\/wp-content\/uploads\/Gabigol-com-a-camisa-do-Cruzeiro-681x511.webp 681w\" sizes=\"auto, (max-width: 1350px) 100vw, 1350px\" \/><figcaption class=\"wp-element-caption\">Gabigol com a camisa do Cruzeiro (Foto: Reprodu\u00e7\u00e3o\/Instagram)<\/figcaption><\/figure>\n\n\n\n<p>A situa\u00e7\u00e3o se agravou ap\u00f3s declara\u00e7\u00f5es do propriet\u00e1rio da SAF do Cruzeiro, Pedro Louren\u00e7o. Ele reconheceu publicamente que houve equ\u00edvocos nas contrata\u00e7\u00f5es, embora n\u00e3o tenha citado nomes. Para Casagrande, a fala do dirigente impactou negativamente o ambiente interno da equipe. \u201cComprometeu o ambiente na Toca da Raposa\u201d, observou o ex-jogador.<\/p>\n\n\n\n<p>O principal alvo das cr\u00edticas de Cas\u00e3o foi o CEO do clube, Alexandre Mattos. \u201cTem que cobrar mesmo \u2014 mas o principal respons\u00e1vel \u00e9 Alexandre Mattos, que fez contrata\u00e7\u00f5es que sempre s\u00e3o car\u00edssimas e com sal\u00e1rios alt\u00edssimos\u201d, destacou. Segundo o comentarista, os altos vencimentos foram destinados a atletas que, em muitos casos, n\u00e3o atuavam mais como titulares em seus clubes anteriores.<\/p>\n\n\n\n<p>Al\u00e9m disso, Casagrande apontou outro problema: a incompatibilidade de vaidades entre os jogadores contratados. Segundo ele, isso poderia prejudicar ainda mais a coes\u00e3o do elenco. A aus\u00eancia do clube na final do Campeonato Mineiro e a possibilidade de elimina\u00e7\u00e3o precoce na Sul-Americana refor\u00e7am o alerta sobre os riscos do atual planejamento.<\/p>\n\n\n\n<p>Atualmente, o Cruzeiro tenta reencontrar o caminho das vit\u00f3rias. Ap\u00f3s derrotas para Uni\u00f3n Santa F\u00e9, Internacional e Mushuc Runa, a equipe comandada por Leonardo Jardim buscar\u00e1 rea\u00e7\u00e3o no Campeonato Brasileiro. Os pr\u00f3ximos compromissos incluem jogos contra o S\u00e3o Paulo no MorumBIS neste domingo (13), contra o Bahia em casa na quinta-feira (17) e, posteriormente, visita ao Red Bull Bragantino no domingo seguinte (20), todos \u00e0s 19 horas (hor\u00e1rio de Bras\u00edlia).<\/p>\n","protected":false},"excerpt":{"rendered":"<p>O comentarista Walter Casagrande Jr. expressou forte preocupa\u00e7\u00e3o com o atual momento do Cruzeiro. Ap\u00f3s mais uma derrota na Copa Sul-Americana, desta vez para o Mushuc Runa, do Equador, por 2 a 1, a equipe mineira se v\u00ea em situa\u00e7\u00e3o delicada na competi\u00e7\u00e3o continental. O rev\u00e9s, sofrido em pleno Mineir\u00e3o na quarta-feira (9), marcou a [&hellip;]<\/p>\n","protected":false},"author":27,"featured_media":222284,"comment_status":"open","ping_status":"closed","sticky":false,"template":"","format":"standard","meta":{"footnotes":""},"categories":[143],"tags":[],"class_list":["post-251716","post","type-post","status-publish","format-standard","has-post-thumbnail","hentry","category-cruzeiro"],"yoast_head":"<!-- This site is optimized with the Yoast SEO Premium plugin v24.2 (Yoast SEO v26.9) - https:\/\/yoast.com\/product\/yoast-seo-premium-wordpress\/ -->\n<title>A declara\u00e7\u00e3o de Casagrande direcionada ao Cruzeiro<\/title>\n<meta name=\"robots\" content=\"index, follow, max-snippet:-1, max-image-preview:large, max-video-preview:-1\" \/>\n<link rel=\"canonical\" href=\"https:\/\/www.gaveanews.com\/index.php\/2025\/04\/10\/a-declaracao-de-casagrande-direcionada-ao-cruzeiro\/\" \/>\n<meta property=\"og:locale\" content=\"pt_BR\" \/>\n<meta property=\"og:type\" content=\"article\" \/>\n<meta property=\"og:title\" content=\"A declara\u00e7\u00e3o de Casagrande direcionada ao Cruzeiro\" \/>\n<meta property=\"og:description\" content=\"O comentarista Walter Casagrande Jr. expressou forte preocupa\u00e7\u00e3o com o atual momento do Cruzeiro. Ap\u00f3s mais uma derrota na Copa Sul-Americana, desta vez para o Mushuc Runa, do Equador, por 2 a 1, a equipe mineira se v\u00ea em situa\u00e7\u00e3o delicada na competi\u00e7\u00e3o continental. O rev\u00e9s, sofrido em pleno Mineir\u00e3o na quarta-feira (9), marcou a [&hellip;]\" \/>\n<meta property=\"og:url\" content=\"https:\/\/www.gaveanews.com\/index.php\/2025\/04\/10\/a-declaracao-de-casagrande-direcionada-ao-cruzeiro\/\" \/>\n<meta property=\"og:site_name\" content=\"G\u00e1vea News\" \/>\n<meta property=\"article:publisher\" content=\"https:\/\/facebook.com\/gaveaNews\/\" \/>\n<meta property=\"article:published_time\" content=\"2025-04-10T20:00:00+00:00\" \/>\n<meta property=\"og:image\" content=\"https:\/\/www.gaveanews.com\/wp-content\/uploads\/casagrande-comentarista.webp\" \/>\n\t<meta property=\"og:image:width\" content=\"1920\" \/>\n\t<meta property=\"og:image:height\" content=\"1080\" \/>\n\t<meta property=\"og:image:type\" content=\"image\/jpeg\" \/>\n<meta name=\"author\" content=\"Matheus Felipe\" \/>\n<meta name=\"twitter:card\" content=\"summary_large_image\" \/>\n<meta name=\"twitter:label1\" content=\"Escrito por\" \/>\n\t<meta name=\"twitter:data1\" content=\"Matheus Felipe\" \/>\n\t<meta name=\"twitter:label2\" content=\"Est. tempo de leitura\" \/>\n\t<meta name=\"twitter:data2\" content=\"3 minutos\" \/>\n<script type=\"application\/ld+json\" class=\"yoast-schema-graph\">{\"@context\":\"https:\/\/schema.org\",\"@graph\":[{\"@type\":\"NewsArticle\",\"@id\":\"https:\/\/www.gaveanews.com\/index.php\/2025\/04\/10\/a-declaracao-de-casagrande-direcionada-ao-cruzeiro\/#article\",\"isPartOf\":{\"@id\":\"https:\/\/www.gaveanews.com\/index.php\/2025\/04\/10\/a-declaracao-de-casagrande-direcionada-ao-cruzeiro\/\"},\"author\":{\"name\":\"Matheus Felipe\",\"@id\":\"https:\/\/www.gaveanews.com\/#\/schema\/person\/8207cd4627f56151707418bfc835b2fb\"},\"headline\":\"A declara\u00e7\u00e3o de Casagrande direcionada ao Cruzeiro\",\"datePublished\":\"2025-04-10T20:00:00+00:00\",\"mainEntityOfPage\":{\"@id\":\"https:\/\/www.gaveanews.com\/index.php\/2025\/04\/10\/a-declaracao-de-casagrande-direcionada-ao-cruzeiro\/\"},\"wordCount\":415,\"commentCount\":0,\"image\":{\"@id\":\"https:\/\/www.gaveanews.com\/index.php\/2025\/04\/10\/a-declaracao-de-casagrande-direcionada-ao-cruzeiro\/#primaryimage\"},\"thumbnailUrl\":\"https:\/\/www.gaveanews.com\/wp-content\/uploads\/casagrande-comentarista.webp\",\"articleSection\":[\"Cruzeiro\"],\"inLanguage\":\"pt-BR\",\"potentialAction\":[{\"@type\":\"CommentAction\",\"name\":\"Comment\",\"target\":[\"https:\/\/www.gaveanews.com\/index.php\/2025\/04\/10\/a-declaracao-de-casagrande-direcionada-ao-cruzeiro\/#respond\"]}],\"copyrightYear\":\"2025\",\"copyrightHolder\":{\"@id\":\"https:\/\/www.gaveanews.com\/#organization\"}},{\"@type\":\"WebPage\",\"@id\":\"https:\/\/www.gaveanews.com\/index.php\/2025\/04\/10\/a-declaracao-de-casagrande-direcionada-ao-cruzeiro\/\",\"url\":\"https:\/\/www.gaveanews.com\/index.php\/2025\/04\/10\/a-declaracao-de-casagrande-direcionada-ao-cruzeiro\/\",\"name\":\"A declara\u00e7\u00e3o de Casagrande direcionada ao Cruzeiro\",\"isPartOf\":{\"@id\":\"https:\/\/www.gaveanews.com\/#website\"},\"primaryImageOfPage\":{\"@id\":\"https:\/\/www.gaveanews.com\/index.php\/2025\/04\/10\/a-declaracao-de-casagrande-direcionada-ao-cruzeiro\/#primaryimage\"},\"image\":{\"@id\":\"https:\/\/www.gaveanews.com\/index.php\/2025\/04\/10\/a-declaracao-de-casagrande-direcionada-ao-cruzeiro\/#primaryimage\"},\"thumbnailUrl\":\"https:\/\/www.gaveanews.com\/wp-content\/uploads\/casagrande-comentarista.webp\",\"datePublished\":\"2025-04-10T20:00:00+00:00\",\"author\":{\"@id\":\"https:\/\/www.gaveanews.com\/#\/schema\/person\/8207cd4627f56151707418bfc835b2fb\"},\"breadcrumb\":{\"@id\":\"https:\/\/www.gaveanews.com\/index.php\/2025\/04\/10\/a-declaracao-de-casagrande-direcionada-ao-cruzeiro\/#breadcrumb\"},\"inLanguage\":\"pt-BR\",\"potentialAction\":[{\"@type\":\"ReadAction\",\"target\":[\"https:\/\/www.gaveanews.com\/index.php\/2025\/04\/10\/a-declaracao-de-casagrande-direcionada-ao-cruzeiro\/\"]}]},{\"@type\":\"ImageObject\",\"inLanguage\":\"pt-BR\",\"@id\":\"https:\/\/www.gaveanews.com\/index.php\/2025\/04\/10\/a-declaracao-de-casagrande-direcionada-ao-cruzeiro\/#primaryimage\",\"url\":\"https:\/\/www.gaveanews.com\/wp-content\/uploads\/casagrande-comentarista.webp\",\"contentUrl\":\"https:\/\/www.gaveanews.com\/wp-content\/uploads\/casagrande-comentarista.webp\",\"width\":1920,\"height\":1080,\"caption\":\"Casagrande, comentarista do UOL Esporte (Foto: Reprodu\u00e7\u00e3o)\"},{\"@type\":\"BreadcrumbList\",\"@id\":\"https:\/\/www.gaveanews.com\/index.php\/2025\/04\/10\/a-declaracao-de-casagrande-direcionada-ao-cruzeiro\/#breadcrumb\",\"itemListElement\":[{\"@type\":\"ListItem\",\"position\":1,\"name\":\"Home\",\"item\":\"https:\/\/www.gaveanews.com\/\"},{\"@type\":\"ListItem\",\"position\":2,\"name\":\"A declara\u00e7\u00e3o de Casagrande direcionada ao Cruzeiro\"}]},{\"@type\":\"WebSite\",\"@id\":\"https:\/\/www.gaveanews.com\/#website\",\"url\":\"https:\/\/www.gaveanews.com\/\",\"name\":\"G\u00e1vea News\",\"description\":\"Veja todas as not\u00edcias sobre o Flamengo: Contrata\u00e7\u00f5es, categorias de base, resultados das partidas, tabela de classifica\u00e7\u00e3o, pr\u00f3ximos jogos!\",\"potentialAction\":[{\"@type\":\"SearchAction\",\"target\":{\"@type\":\"EntryPoint\",\"urlTemplate\":\"https:\/\/www.gaveanews.com\/?s={search_term_string}\"},\"query-input\":{\"@type\":\"PropertyValueSpecification\",\"valueRequired\":true,\"valueName\":\"search_term_string\"}}],\"inLanguage\":\"pt-BR\"},{\"@type\":\"Person\",\"@id\":\"https:\/\/www.gaveanews.com\/#\/schema\/person\/8207cd4627f56151707418bfc835b2fb\",\"name\":\"Matheus Felipe\",\"image\":{\"@type\":\"ImageObject\",\"inLanguage\":\"pt-BR\",\"@id\":\"https:\/\/www.gaveanews.com\/#\/schema\/person\/image\/\",\"url\":\"https:\/\/secure.gravatar.com\/avatar\/a452ffbed9130f726358b298bb3a99ce4bd3c5338411f8440e87e14d74c7c087?s=96&d=mm&r=g\",\"contentUrl\":\"https:\/\/secure.gravatar.com\/avatar\/a452ffbed9130f726358b298bb3a99ce4bd3c5338411f8440e87e14d74c7c087?s=96&d=mm&r=g\",\"caption\":\"Matheus Felipe\"}}]}<\/script>\n<!-- \/ Yoast SEO Premium plugin. -->","yoast_head_json":{"title":"A declara\u00e7\u00e3o de Casagrande direcionada ao Cruzeiro","robots":{"index":"index","follow":"follow","max-snippet":"max-snippet:-1","max-image-preview":"max-image-preview:large","max-video-preview":"max-video-preview:-1"},"canonical":"https:\/\/www.gaveanews.com\/index.php\/2025\/04\/10\/a-declaracao-de-casagrande-direcionada-ao-cruzeiro\/","og_locale":"pt_BR","og_type":"article","og_title":"A declara\u00e7\u00e3o de Casagrande direcionada ao Cruzeiro","og_description":"O comentarista Walter Casagrande Jr. expressou forte preocupa\u00e7\u00e3o com o atual momento do Cruzeiro. Ap\u00f3s mais uma derrota na Copa Sul-Americana, desta vez para o Mushuc Runa, do Equador, por 2 a 1, a equipe mineira se v\u00ea em situa\u00e7\u00e3o delicada na competi\u00e7\u00e3o continental. O rev\u00e9s, sofrido em pleno Mineir\u00e3o na quarta-feira (9), marcou a [&hellip;]","og_url":"https:\/\/www.gaveanews.com\/index.php\/2025\/04\/10\/a-declaracao-de-casagrande-direcionada-ao-cruzeiro\/","og_site_name":"G\u00e1vea News","article_publisher":"https:\/\/facebook.com\/gaveaNews\/","article_published_time":"2025-04-10T20:00:00+00:00","og_image":[{"width":1920,"height":1080,"url":"https:\/\/www.gaveanews.com\/wp-content\/uploads\/casagrande-comentarista.webp","type":"image\/jpeg"}],"author":"Matheus Felipe","twitter_card":"summary_large_image","twitter_misc":{"Escrito por":"Matheus Felipe","Est. tempo de leitura":"3 minutos"},"schema":{"@context":"https:\/\/schema.org","@graph":[{"@type":"NewsArticle","@id":"https:\/\/www.gaveanews.com\/index.php\/2025\/04\/10\/a-declaracao-de-casagrande-direcionada-ao-cruzeiro\/#article","isPartOf":{"@id":"https:\/\/www.gaveanews.com\/index.php\/2025\/04\/10\/a-declaracao-de-casagrande-direcionada-ao-cruzeiro\/"},"author":{"name":"Matheus Felipe","@id":"https:\/\/www.gaveanews.com\/#\/schema\/person\/8207cd4627f56151707418bfc835b2fb"},"headline":"A declara\u00e7\u00e3o de Casagrande direcionada ao Cruzeiro","datePublished":"2025-04-10T20:00:00+00:00","mainEntityOfPage":{"@id":"https:\/\/www.gaveanews.com\/index.php\/2025\/04\/10\/a-declaracao-de-casagrande-direcionada-ao-cruzeiro\/"},"wordCount":415,"commentCount":0,"image":{"@id":"https:\/\/www.gaveanews.com\/index.php\/2025\/04\/10\/a-declaracao-de-casagrande-direcionada-ao-cruzeiro\/#primaryimage"},"thumbnailUrl":"https:\/\/www.gaveanews.com\/wp-content\/uploads\/casagrande-comentarista.webp","articleSection":["Cruzeiro"],"inLanguage":"pt-BR","potentialAction":[{"@type":"CommentAction","name":"Comment","target":["https:\/\/www.gaveanews.com\/index.php\/2025\/04\/10\/a-declaracao-de-casagrande-direcionada-ao-cruzeiro\/#respond"]}],"copyrightYear":"2025","copyrightHolder":{"@id":"https:\/\/www.gaveanews.com\/#organization"}},{"@type":"WebPage","@id":"https:\/\/www.gaveanews.com\/index.php\/2025\/04\/10\/a-declaracao-de-casagrande-direcionada-ao-cruzeiro\/","url":"https:\/\/www.gaveanews.com\/index.php\/2025\/04\/10\/a-declaracao-de-casagrande-direcionada-ao-cruzeiro\/","name":"A declara\u00e7\u00e3o de Casagrande direcionada ao Cruzeiro","isPartOf":{"@id":"https:\/\/www.gaveanews.com\/#website"},"primaryImageOfPage":{"@id":"https:\/\/www.gaveanews.com\/index.php\/2025\/04\/10\/a-declaracao-de-casagrande-direcionada-ao-cruzeiro\/#primaryimage"},"image":{"@id":"https:\/\/www.gaveanews.com\/index.php\/2025\/04\/10\/a-declaracao-de-casagrande-direcionada-ao-cruzeiro\/#primaryimage"},"thumbnailUrl":"https:\/\/www.gaveanews.com\/wp-content\/uploads\/casagrande-comentarista.webp","datePublished":"2025-04-10T20:00:00+00:00","author":{"@id":"https:\/\/www.gaveanews.com\/#\/schema\/person\/8207cd4627f56151707418bfc835b2fb"},"breadcrumb":{"@id":"https:\/\/www.gaveanews.com\/index.php\/2025\/04\/10\/a-declaracao-de-casagrande-direcionada-ao-cruzeiro\/#breadcrumb"},"inLanguage":"pt-BR","potentialAction":[{"@type":"ReadAction","target":["https:\/\/www.gaveanews.com\/index.php\/2025\/04\/10\/a-declaracao-de-casagrande-direcionada-ao-cruzeiro\/"]}]},{"@type":"ImageObject","inLanguage":"pt-BR","@id":"https:\/\/www.gaveanews.com\/index.php\/2025\/04\/10\/a-declaracao-de-casagrande-direcionada-ao-cruzeiro\/#primaryimage","url":"https:\/\/www.gaveanews.com\/wp-content\/uploads\/casagrande-comentarista.webp","contentUrl":"https:\/\/www.gaveanews.com\/wp-content\/uploads\/casagrande-comentarista.webp","width":1920,"height":1080,"caption":"Casagrande, comentarista do UOL Esporte (Foto: Reprodu\u00e7\u00e3o)"},{"@type":"BreadcrumbList","@id":"https:\/\/www.gaveanews.com\/index.php\/2025\/04\/10\/a-declaracao-de-casagrande-direcionada-ao-cruzeiro\/#breadcrumb","itemListElement":[{"@type":"ListItem","position":1,"name":"Home","item":"https:\/\/www.gaveanews.com\/"},{"@type":"ListItem","position":2,"name":"A declara\u00e7\u00e3o de Casagrande direcionada ao Cruzeiro"}]},{"@type":"WebSite","@id":"https:\/\/www.gaveanews.com\/#website","url":"https:\/\/www.gaveanews.com\/","name":"G\u00e1vea News","description":"Veja todas as not\u00edcias sobre o Flamengo: Contrata\u00e7\u00f5es, categorias de base, resultados das partidas, tabela de classifica\u00e7\u00e3o, pr\u00f3ximos jogos!","potentialAction":[{"@type":"SearchAction","target":{"@type":"EntryPoint","urlTemplate":"https:\/\/www.gaveanews.com\/?s={search_term_string}"},"query-input":{"@type":"PropertyValueSpecification","valueRequired":true,"valueName":"search_term_string"}}],"inLanguage":"pt-BR"},{"@type":"Person","@id":"https:\/\/www.gaveanews.com\/#\/schema\/person\/8207cd4627f56151707418bfc835b2fb","name":"Matheus Felipe","image":{"@type":"ImageObject","inLanguage":"pt-BR","@id":"https:\/\/www.gaveanews.com\/#\/schema\/person\/image\/","url":"https:\/\/secure.gravatar.com\/avatar\/a452ffbed9130f726358b298bb3a99ce4bd3c5338411f8440e87e14d74c7c087?s=96&d=mm&r=g","contentUrl":"https:\/\/secure.gravatar.com\/avatar\/a452ffbed9130f726358b298bb3a99ce4bd3c5338411f8440e87e14d74c7c087?s=96&d=mm&r=g","caption":"Matheus Felipe"}}]}},"_links":{"self":[{"href":"https:\/\/www.gaveanews.com\/index.php\/wp-json\/wp\/v2\/posts\/251716","targetHints":{"allow":["GET"]}}],"collection":[{"href":"https:\/\/www.gaveanews.com\/index.php\/wp-json\/wp\/v2\/posts"}],"about":[{"href":"https:\/\/www.gaveanews.com\/index.php\/wp-json\/wp\/v2\/types\/post"}],"author":[{"embeddable":true,"href":"https:\/\/www.gaveanews.com\/index.php\/wp-json\/wp\/v2\/users\/27"}],"replies":[{"embeddable":true,"href":"https:\/\/www.gaveanews.com\/index.php\/wp-json\/wp\/v2\/comments?post=251716"}],"version-history":[{"count":1,"href":"https:\/\/www.gaveanews.com\/index.php\/wp-json\/wp\/v2\/posts\/251716\/revisions"}],"predecessor-version":[{"id":251722,"href":"https:\/\/www.gaveanews.com\/index.php\/wp-json\/wp\/v2\/posts\/251716\/revisions\/251722"}],"wp:featuredmedia":[{"embeddable":true,"href":"https:\/\/www.gaveanews.com\/index.php\/wp-json\/wp\/v2\/media\/222284"}],"wp:attachment":[{"href":"https:\/\/www.gaveanews.com\/index.php\/wp-json\/wp\/v2\/media?parent=251716"}],"wp:term":[{"taxonomy":"category","embeddable":true,"href":"https:\/\/www.gaveanews.com\/index.php\/wp-json\/wp\/v2\/categories?post=251716"},{"taxonomy":"post_tag","embeddable":true,"href":"https:\/\/www.gaveanews.com\/index.php\/wp-json\/wp\/v2\/tags?post=251716"}],"curies":[{"name":"wp","href":"https:\/\/api.w.org\/{rel}","templated":true}]}}