{"id":251719,"date":"2025-04-10T17:20:00","date_gmt":"2025-04-10T20:20:00","guid":{"rendered":"https:\/\/www.gaveanews.com\/?p=251719"},"modified":"2025-04-10T15:04:04","modified_gmt":"2025-04-10T18:04:04","slug":"cbf-encaminha-acordo-com-corinthians","status":"publish","type":"post","link":"https:\/\/www.gaveanews.com\/index.php\/2025\/04\/10\/cbf-encaminha-acordo-com-corinthians\/","title":{"rendered":"CBF encaminha acordo com Corinthians"},"content":{"rendered":"\n<p>A Confedera\u00e7\u00e3o Brasileira de Futebol (CBF) est\u00e1 em vias de oficializar um acordo com o Corinthians para utilizar o Centro de Treinamento Joaquim Grava como base de prepara\u00e7\u00e3o da Sele\u00e7\u00e3o Brasileira durante a Data Fifa de junho. A equipe comandada interinamente pela entidade se prepara para dois compromissos v\u00e1lidos pelas Eliminat\u00f3rias Sul-Americanas para a Copa do Mundo: contra o Equador, fora de casa, e contra o Paraguai, em territ\u00f3rio nacional.<\/p>\n\n\n\n<p>A escolha do CT do Corinthians, localizado na zona leste de S\u00e3o Paulo, levou em considera\u00e7\u00e3o tanto a estrutura f\u00edsica dispon\u00edvel quanto a localiza\u00e7\u00e3o estrat\u00e9gica do espa\u00e7o. Afinal, a proximidade com o Aeroporto Internacional de Guarulhos facilita a chegada de atletas que atuam no exterior, bem como a log\u00edstica de deslocamento da delega\u00e7\u00e3o para o confronto fora de casa. Similarmente, a possibilidade de permanecer na capital paulista otimiza o planejamento da equipe t\u00e9cnica, sobretudo enquanto a sede do duelo diante dos paraguaios ainda n\u00e3o foi definida.<\/p>\n\n\n\n<p>Anteriormente, em outubro do ano passado, a CBF chegou a cogitar o uso do mesmo local para os treinos da Sele\u00e7\u00e3o. No entanto, um impasse envolvendo a altera\u00e7\u00e3o de data da segunda partida da semifinal da Copa do Brasil gerou atrito entre as partes, levando a entidade a transferir a prepara\u00e7\u00e3o para as instala\u00e7\u00f5es do Palmeiras. Esse desentendimento foi superado, e a rela\u00e7\u00e3o entre CBF e Corinthians foi reestabelecida. Como sinal dessa reaproxima\u00e7\u00e3o, o clube paulista votou em Ednaldo Rodrigues durante a elei\u00e7\u00e3o presidencial da confedera\u00e7\u00e3o.<\/p>\n\n\n\n<h2 class=\"wp-block-heading\" id=\"h-selecao-brasileira-nas-eliminatorias\">Sele\u00e7\u00e3o Brasileira nas Eliminat\u00f3rias<\/h2>\n\n\n\n<p>No momento, o Brasil ocupa a quarta posi\u00e7\u00e3o na tabela das Eliminat\u00f3rias, somando 21 pontos \u2013 dez a menos que a l\u00edder Argentina. Al\u00e9m do planejamento t\u00e9cnico para os pr\u00f3ximos jogos, a Sele\u00e7\u00e3o ainda vive a expectativa pela defini\u00e7\u00e3o de um novo treinador. Enquanto isso, a CBF j\u00e1 considera estrat\u00e9gias para fortalecer a estrutura da equipe, o que inclui decis\u00f5es log\u00edsticas como a escolha do local de treinamento.<\/p>\n\n\n\n<p>Embora a Neo Qu\u00edmica Arena, est\u00e1dio do Corinthians, seja uma op\u00e7\u00e3o natural para sediar o jogo contra o Paraguai, o clube deve aproveitar a paralisa\u00e7\u00e3o das competi\u00e7\u00f5es durante a Data Fifa e o in\u00edcio do Mundial de Clubes para realizar melhorias no gramado do local. Assim sendo, a defini\u00e7\u00e3o do palco da partida ainda est\u00e1 pendente.<\/p>\n\n\n\n<p>Em resumo, o acordo encaminhado entre CBF e Corinthians simboliza n\u00e3o apenas um avan\u00e7o pr\u00e1tico no planejamento da Sele\u00e7\u00e3o, mas tamb\u00e9m a retomada de uma parceria que anteriormente havia sido abalada. Sobretudo, trata-se de uma movimenta\u00e7\u00e3o estrat\u00e9gica visando facilitar a log\u00edstica e otimizar a prepara\u00e7\u00e3o do elenco nacional para os desafios decisivos que se aproximam.<\/p>\n","protected":false},"excerpt":{"rendered":"<p>A Confedera\u00e7\u00e3o Brasileira de Futebol (CBF) est\u00e1 em vias de oficializar um acordo com o Corinthians para utilizar o Centro de Treinamento Joaquim Grava como base de prepara\u00e7\u00e3o da Sele\u00e7\u00e3o Brasileira durante a Data Fifa de junho. A equipe comandada interinamente pela entidade se prepara para dois compromissos v\u00e1lidos pelas Eliminat\u00f3rias Sul-Americanas para a Copa [&hellip;]<\/p>\n","protected":false},"author":30,"featured_media":154473,"comment_status":"open","ping_status":"closed","sticky":false,"template":"","format":"standard","meta":{"footnotes":""},"categories":[141],"tags":[],"class_list":["post-251719","post","type-post","status-publish","format-standard","has-post-thumbnail","hentry","category-corinthians"],"yoast_head":"<!-- This site is optimized with the Yoast SEO Premium plugin v24.2 (Yoast SEO v26.9) - https:\/\/yoast.com\/product\/yoast-seo-premium-wordpress\/ -->\n<title>CBF encaminha acordo com Corinthians<\/title>\n<meta name=\"robots\" content=\"index, follow, max-snippet:-1, max-image-preview:large, max-video-preview:-1\" \/>\n<link rel=\"canonical\" href=\"https:\/\/www.gaveanews.com\/index.php\/2025\/04\/10\/cbf-encaminha-acordo-com-corinthians\/\" \/>\n<meta property=\"og:locale\" content=\"pt_BR\" \/>\n<meta property=\"og:type\" content=\"article\" \/>\n<meta property=\"og:title\" content=\"CBF encaminha acordo com Corinthians\" \/>\n<meta property=\"og:description\" content=\"A Confedera\u00e7\u00e3o Brasileira de Futebol (CBF) est\u00e1 em vias de oficializar um acordo com o Corinthians para utilizar o Centro de Treinamento Joaquim Grava como base de prepara\u00e7\u00e3o da Sele\u00e7\u00e3o Brasileira durante a Data Fifa de junho. A equipe comandada interinamente pela entidade se prepara para dois compromissos v\u00e1lidos pelas Eliminat\u00f3rias Sul-Americanas para a Copa [&hellip;]\" \/>\n<meta property=\"og:url\" content=\"https:\/\/www.gaveanews.com\/index.php\/2025\/04\/10\/cbf-encaminha-acordo-com-corinthians\/\" \/>\n<meta property=\"og:site_name\" content=\"G\u00e1vea News\" \/>\n<meta property=\"article:publisher\" content=\"https:\/\/facebook.com\/gaveaNews\/\" \/>\n<meta property=\"article:published_time\" content=\"2025-04-10T20:20:00+00:00\" \/>\n<meta property=\"og:image\" content=\"https:\/\/www.gaveanews.com\/wp-content\/uploads\/Escudo-do-Corinthians-na-Neo-Quimica-Arena.webp\" \/>\n\t<meta property=\"og:image:width\" content=\"1440\" \/>\n\t<meta property=\"og:image:height\" content=\"959\" \/>\n\t<meta property=\"og:image:type\" content=\"image\/jpeg\" \/>\n<meta name=\"author\" content=\"Ana Teixeira\" \/>\n<meta name=\"twitter:card\" content=\"summary_large_image\" \/>\n<meta name=\"twitter:label1\" content=\"Escrito por\" \/>\n\t<meta name=\"twitter:data1\" content=\"Ana Teixeira\" \/>\n\t<meta name=\"twitter:label2\" content=\"Est. tempo de leitura\" \/>\n\t<meta name=\"twitter:data2\" content=\"3 minutos\" \/>\n<script type=\"application\/ld+json\" class=\"yoast-schema-graph\">{\"@context\":\"https:\/\/schema.org\",\"@graph\":[{\"@type\":\"NewsArticle\",\"@id\":\"https:\/\/www.gaveanews.com\/index.php\/2025\/04\/10\/cbf-encaminha-acordo-com-corinthians\/#article\",\"isPartOf\":{\"@id\":\"https:\/\/www.gaveanews.com\/index.php\/2025\/04\/10\/cbf-encaminha-acordo-com-corinthians\/\"},\"author\":{\"name\":\"Ana Teixeira\",\"@id\":\"https:\/\/www.gaveanews.com\/#\/schema\/person\/3b19f7288b0ce20372991275e4f2e6c2\"},\"headline\":\"CBF encaminha acordo com Corinthians\",\"datePublished\":\"2025-04-10T20:20:00+00:00\",\"mainEntityOfPage\":{\"@id\":\"https:\/\/www.gaveanews.com\/index.php\/2025\/04\/10\/cbf-encaminha-acordo-com-corinthians\/\"},\"wordCount\":482,\"commentCount\":0,\"image\":{\"@id\":\"https:\/\/www.gaveanews.com\/index.php\/2025\/04\/10\/cbf-encaminha-acordo-com-corinthians\/#primaryimage\"},\"thumbnailUrl\":\"https:\/\/www.gaveanews.com\/wp-content\/uploads\/Escudo-do-Corinthians-na-Neo-Quimica-Arena.webp\",\"articleSection\":[\"Corinthians\"],\"inLanguage\":\"pt-BR\",\"potentialAction\":[{\"@type\":\"CommentAction\",\"name\":\"Comment\",\"target\":[\"https:\/\/www.gaveanews.com\/index.php\/2025\/04\/10\/cbf-encaminha-acordo-com-corinthians\/#respond\"]}],\"copyrightYear\":\"2025\",\"copyrightHolder\":{\"@id\":\"https:\/\/www.gaveanews.com\/#organization\"}},{\"@type\":\"WebPage\",\"@id\":\"https:\/\/www.gaveanews.com\/index.php\/2025\/04\/10\/cbf-encaminha-acordo-com-corinthians\/\",\"url\":\"https:\/\/www.gaveanews.com\/index.php\/2025\/04\/10\/cbf-encaminha-acordo-com-corinthians\/\",\"name\":\"CBF encaminha acordo com Corinthians\",\"isPartOf\":{\"@id\":\"https:\/\/www.gaveanews.com\/#website\"},\"primaryImageOfPage\":{\"@id\":\"https:\/\/www.gaveanews.com\/index.php\/2025\/04\/10\/cbf-encaminha-acordo-com-corinthians\/#primaryimage\"},\"image\":{\"@id\":\"https:\/\/www.gaveanews.com\/index.php\/2025\/04\/10\/cbf-encaminha-acordo-com-corinthians\/#primaryimage\"},\"thumbnailUrl\":\"https:\/\/www.gaveanews.com\/wp-content\/uploads\/Escudo-do-Corinthians-na-Neo-Quimica-Arena.webp\",\"datePublished\":\"2025-04-10T20:20:00+00:00\",\"author\":{\"@id\":\"https:\/\/www.gaveanews.com\/#\/schema\/person\/3b19f7288b0ce20372991275e4f2e6c2\"},\"breadcrumb\":{\"@id\":\"https:\/\/www.gaveanews.com\/index.php\/2025\/04\/10\/cbf-encaminha-acordo-com-corinthians\/#breadcrumb\"},\"inLanguage\":\"pt-BR\",\"potentialAction\":[{\"@type\":\"ReadAction\",\"target\":[\"https:\/\/www.gaveanews.com\/index.php\/2025\/04\/10\/cbf-encaminha-acordo-com-corinthians\/\"]}]},{\"@type\":\"ImageObject\",\"inLanguage\":\"pt-BR\",\"@id\":\"https:\/\/www.gaveanews.com\/index.php\/2025\/04\/10\/cbf-encaminha-acordo-com-corinthians\/#primaryimage\",\"url\":\"https:\/\/www.gaveanews.com\/wp-content\/uploads\/Escudo-do-Corinthians-na-Neo-Quimica-Arena.webp\",\"contentUrl\":\"https:\/\/www.gaveanews.com\/wp-content\/uploads\/Escudo-do-Corinthians-na-Neo-Quimica-Arena.webp\",\"width\":1440,\"height\":959,\"caption\":\"Escudo do Corinthians na N\u00e9o Qu\u00edmica Arena (Foto Reprodu\u00e7\u00e3o\/Instagram)\"},{\"@type\":\"BreadcrumbList\",\"@id\":\"https:\/\/www.gaveanews.com\/index.php\/2025\/04\/10\/cbf-encaminha-acordo-com-corinthians\/#breadcrumb\",\"itemListElement\":[{\"@type\":\"ListItem\",\"position\":1,\"name\":\"Home\",\"item\":\"https:\/\/www.gaveanews.com\/\"},{\"@type\":\"ListItem\",\"position\":2,\"name\":\"CBF encaminha acordo com Corinthians\"}]},{\"@type\":\"WebSite\",\"@id\":\"https:\/\/www.gaveanews.com\/#website\",\"url\":\"https:\/\/www.gaveanews.com\/\",\"name\":\"G\u00e1vea News\",\"description\":\"Veja todas as not\u00edcias sobre o Flamengo: Contrata\u00e7\u00f5es, categorias de base, resultados das partidas, tabela de classifica\u00e7\u00e3o, pr\u00f3ximos jogos!\",\"potentialAction\":[{\"@type\":\"SearchAction\",\"target\":{\"@type\":\"EntryPoint\",\"urlTemplate\":\"https:\/\/www.gaveanews.com\/?s={search_term_string}\"},\"query-input\":{\"@type\":\"PropertyValueSpecification\",\"valueRequired\":true,\"valueName\":\"search_term_string\"}}],\"inLanguage\":\"pt-BR\"},{\"@type\":\"Person\",\"@id\":\"https:\/\/www.gaveanews.com\/#\/schema\/person\/3b19f7288b0ce20372991275e4f2e6c2\",\"name\":\"Ana Teixeira\",\"image\":{\"@type\":\"ImageObject\",\"inLanguage\":\"pt-BR\",\"@id\":\"https:\/\/www.gaveanews.com\/#\/schema\/person\/image\/\",\"url\":\"https:\/\/secure.gravatar.com\/avatar\/0a73f5a5258f3fed37fc2fa641892f3f7a4748456d4d4792f9bc550e6c19e06c?s=96&d=mm&r=g\",\"contentUrl\":\"https:\/\/secure.gravatar.com\/avatar\/0a73f5a5258f3fed37fc2fa641892f3f7a4748456d4d4792f9bc550e6c19e06c?s=96&d=mm&r=g\",\"caption\":\"Ana Teixeira\"}}]}<\/script>\n<!-- \/ Yoast SEO Premium plugin. -->","yoast_head_json":{"title":"CBF encaminha acordo com Corinthians","robots":{"index":"index","follow":"follow","max-snippet":"max-snippet:-1","max-image-preview":"max-image-preview:large","max-video-preview":"max-video-preview:-1"},"canonical":"https:\/\/www.gaveanews.com\/index.php\/2025\/04\/10\/cbf-encaminha-acordo-com-corinthians\/","og_locale":"pt_BR","og_type":"article","og_title":"CBF encaminha acordo com Corinthians","og_description":"A Confedera\u00e7\u00e3o Brasileira de Futebol (CBF) est\u00e1 em vias de oficializar um acordo com o Corinthians para utilizar o Centro de Treinamento Joaquim Grava como base de prepara\u00e7\u00e3o da Sele\u00e7\u00e3o Brasileira durante a Data Fifa de junho. A equipe comandada interinamente pela entidade se prepara para dois compromissos v\u00e1lidos pelas Eliminat\u00f3rias Sul-Americanas para a Copa [&hellip;]","og_url":"https:\/\/www.gaveanews.com\/index.php\/2025\/04\/10\/cbf-encaminha-acordo-com-corinthians\/","og_site_name":"G\u00e1vea News","article_publisher":"https:\/\/facebook.com\/gaveaNews\/","article_published_time":"2025-04-10T20:20:00+00:00","og_image":[{"width":1440,"height":959,"url":"https:\/\/www.gaveanews.com\/wp-content\/uploads\/Escudo-do-Corinthians-na-Neo-Quimica-Arena.webp","type":"image\/jpeg"}],"author":"Ana Teixeira","twitter_card":"summary_large_image","twitter_misc":{"Escrito por":"Ana Teixeira","Est. tempo de leitura":"3 minutos"},"schema":{"@context":"https:\/\/schema.org","@graph":[{"@type":"NewsArticle","@id":"https:\/\/www.gaveanews.com\/index.php\/2025\/04\/10\/cbf-encaminha-acordo-com-corinthians\/#article","isPartOf":{"@id":"https:\/\/www.gaveanews.com\/index.php\/2025\/04\/10\/cbf-encaminha-acordo-com-corinthians\/"},"author":{"name":"Ana Teixeira","@id":"https:\/\/www.gaveanews.com\/#\/schema\/person\/3b19f7288b0ce20372991275e4f2e6c2"},"headline":"CBF encaminha acordo com Corinthians","datePublished":"2025-04-10T20:20:00+00:00","mainEntityOfPage":{"@id":"https:\/\/www.gaveanews.com\/index.php\/2025\/04\/10\/cbf-encaminha-acordo-com-corinthians\/"},"wordCount":482,"commentCount":0,"image":{"@id":"https:\/\/www.gaveanews.com\/index.php\/2025\/04\/10\/cbf-encaminha-acordo-com-corinthians\/#primaryimage"},"thumbnailUrl":"https:\/\/www.gaveanews.com\/wp-content\/uploads\/Escudo-do-Corinthians-na-Neo-Quimica-Arena.webp","articleSection":["Corinthians"],"inLanguage":"pt-BR","potentialAction":[{"@type":"CommentAction","name":"Comment","target":["https:\/\/www.gaveanews.com\/index.php\/2025\/04\/10\/cbf-encaminha-acordo-com-corinthians\/#respond"]}],"copyrightYear":"2025","copyrightHolder":{"@id":"https:\/\/www.gaveanews.com\/#organization"}},{"@type":"WebPage","@id":"https:\/\/www.gaveanews.com\/index.php\/2025\/04\/10\/cbf-encaminha-acordo-com-corinthians\/","url":"https:\/\/www.gaveanews.com\/index.php\/2025\/04\/10\/cbf-encaminha-acordo-com-corinthians\/","name":"CBF encaminha acordo com Corinthians","isPartOf":{"@id":"https:\/\/www.gaveanews.com\/#website"},"primaryImageOfPage":{"@id":"https:\/\/www.gaveanews.com\/index.php\/2025\/04\/10\/cbf-encaminha-acordo-com-corinthians\/#primaryimage"},"image":{"@id":"https:\/\/www.gaveanews.com\/index.php\/2025\/04\/10\/cbf-encaminha-acordo-com-corinthians\/#primaryimage"},"thumbnailUrl":"https:\/\/www.gaveanews.com\/wp-content\/uploads\/Escudo-do-Corinthians-na-Neo-Quimica-Arena.webp","datePublished":"2025-04-10T20:20:00+00:00","author":{"@id":"https:\/\/www.gaveanews.com\/#\/schema\/person\/3b19f7288b0ce20372991275e4f2e6c2"},"breadcrumb":{"@id":"https:\/\/www.gaveanews.com\/index.php\/2025\/04\/10\/cbf-encaminha-acordo-com-corinthians\/#breadcrumb"},"inLanguage":"pt-BR","potentialAction":[{"@type":"ReadAction","target":["https:\/\/www.gaveanews.com\/index.php\/2025\/04\/10\/cbf-encaminha-acordo-com-corinthians\/"]}]},{"@type":"ImageObject","inLanguage":"pt-BR","@id":"https:\/\/www.gaveanews.com\/index.php\/2025\/04\/10\/cbf-encaminha-acordo-com-corinthians\/#primaryimage","url":"https:\/\/www.gaveanews.com\/wp-content\/uploads\/Escudo-do-Corinthians-na-Neo-Quimica-Arena.webp","contentUrl":"https:\/\/www.gaveanews.com\/wp-content\/uploads\/Escudo-do-Corinthians-na-Neo-Quimica-Arena.webp","width":1440,"height":959,"caption":"Escudo do Corinthians na N\u00e9o Qu\u00edmica Arena (Foto Reprodu\u00e7\u00e3o\/Instagram)"},{"@type":"BreadcrumbList","@id":"https:\/\/www.gaveanews.com\/index.php\/2025\/04\/10\/cbf-encaminha-acordo-com-corinthians\/#breadcrumb","itemListElement":[{"@type":"ListItem","position":1,"name":"Home","item":"https:\/\/www.gaveanews.com\/"},{"@type":"ListItem","position":2,"name":"CBF encaminha acordo com Corinthians"}]},{"@type":"WebSite","@id":"https:\/\/www.gaveanews.com\/#website","url":"https:\/\/www.gaveanews.com\/","name":"G\u00e1vea News","description":"Veja todas as not\u00edcias sobre o Flamengo: Contrata\u00e7\u00f5es, categorias de base, resultados das partidas, tabela de classifica\u00e7\u00e3o, pr\u00f3ximos jogos!","potentialAction":[{"@type":"SearchAction","target":{"@type":"EntryPoint","urlTemplate":"https:\/\/www.gaveanews.com\/?s={search_term_string}"},"query-input":{"@type":"PropertyValueSpecification","valueRequired":true,"valueName":"search_term_string"}}],"inLanguage":"pt-BR"},{"@type":"Person","@id":"https:\/\/www.gaveanews.com\/#\/schema\/person\/3b19f7288b0ce20372991275e4f2e6c2","name":"Ana Teixeira","image":{"@type":"ImageObject","inLanguage":"pt-BR","@id":"https:\/\/www.gaveanews.com\/#\/schema\/person\/image\/","url":"https:\/\/secure.gravatar.com\/avatar\/0a73f5a5258f3fed37fc2fa641892f3f7a4748456d4d4792f9bc550e6c19e06c?s=96&d=mm&r=g","contentUrl":"https:\/\/secure.gravatar.com\/avatar\/0a73f5a5258f3fed37fc2fa641892f3f7a4748456d4d4792f9bc550e6c19e06c?s=96&d=mm&r=g","caption":"Ana Teixeira"}}]}},"_links":{"self":[{"href":"https:\/\/www.gaveanews.com\/index.php\/wp-json\/wp\/v2\/posts\/251719","targetHints":{"allow":["GET"]}}],"collection":[{"href":"https:\/\/www.gaveanews.com\/index.php\/wp-json\/wp\/v2\/posts"}],"about":[{"href":"https:\/\/www.gaveanews.com\/index.php\/wp-json\/wp\/v2\/types\/post"}],"author":[{"embeddable":true,"href":"https:\/\/www.gaveanews.com\/index.php\/wp-json\/wp\/v2\/users\/30"}],"replies":[{"embeddable":true,"href":"https:\/\/www.gaveanews.com\/index.php\/wp-json\/wp\/v2\/comments?post=251719"}],"version-history":[{"count":1,"href":"https:\/\/www.gaveanews.com\/index.php\/wp-json\/wp\/v2\/posts\/251719\/revisions"}],"predecessor-version":[{"id":251758,"href":"https:\/\/www.gaveanews.com\/index.php\/wp-json\/wp\/v2\/posts\/251719\/revisions\/251758"}],"wp:featuredmedia":[{"embeddable":true,"href":"https:\/\/www.gaveanews.com\/index.php\/wp-json\/wp\/v2\/media\/154473"}],"wp:attachment":[{"href":"https:\/\/www.gaveanews.com\/index.php\/wp-json\/wp\/v2\/media?parent=251719"}],"wp:term":[{"taxonomy":"category","embeddable":true,"href":"https:\/\/www.gaveanews.com\/index.php\/wp-json\/wp\/v2\/categories?post=251719"},{"taxonomy":"post_tag","embeddable":true,"href":"https:\/\/www.gaveanews.com\/index.php\/wp-json\/wp\/v2\/tags?post=251719"}],"curies":[{"name":"wp","href":"https:\/\/api.w.org\/{rel}","templated":true}]}}