{"id":251720,"date":"2025-04-10T17:05:00","date_gmt":"2025-04-10T20:05:00","guid":{"rendered":"https:\/\/www.gaveanews.com\/?p=251720"},"modified":"2025-04-10T14:50:16","modified_gmt":"2025-04-10T17:50:16","slug":"botafogo-entra-nos-ultimos-dias-de-janela-com-dois-alvos","status":"publish","type":"post","link":"https:\/\/www.gaveanews.com\/index.php\/2025\/04\/10\/botafogo-entra-nos-ultimos-dias-de-janela-com-dois-alvos\/","title":{"rendered":"Botafogo entra nos \u00faltimos dias de janela com dois alvos"},"content":{"rendered":"\n<p>O Botafogo vive dias intensos e decisivos nesta reta final da janela de transfer\u00eancias do futebol brasileiro. Com o prazo se encerrando nesta sexta-feira (11), \u00e0s 23h59 (hor\u00e1rio de Bras\u00edlia), o clube concentra esfor\u00e7os em duas contrata\u00e7\u00f5es pontuais: um zagueiro e um meia de cria\u00e7\u00e3o. O cen\u00e1rio, contudo, \u00e9 marcado por limita\u00e7\u00f5es financeiras e por decis\u00f5es estrat\u00e9gicas que priorizam solu\u00e7\u00f5es de curto prazo e negocia\u00e7\u00f5es em formato de empr\u00e9stimo.<\/p>\n\n\n\n<p>O departamento de futebol identificou duas necessidades urgentes no elenco. A primeira diz respeito \u00e0 zaga, principalmente ap\u00f3s a les\u00e3o no joelho esquerdo sofrida por Bastos. O defensor angolano, que inicialmente se recuperava para retornar nas primeiras rodadas do Brasileir\u00e3o, teve seu tempo de retorno ampliado ap\u00f3s novos exames. Diante da situa\u00e7\u00e3o, o clube decidiu adotar um tratamento conservador, sem interven\u00e7\u00e3o cir\u00fargica, e passou a buscar uma reposi\u00e7\u00e3o imediata.<\/p>\n\n\n\n<p>\u201cO Bastos vinha em um processo de recupera\u00e7\u00e3o. Logo antes do in\u00edcio do Campeonato Brasileiro fizemos exames e detectamos que ele n\u00e3o est\u00e1 em uma fase avan\u00e7ada para performar\u201d, afirmou o diretor de futebol L\u00e9o Coelho, em entrevista na sede da CBF.<\/p>\n\n\n\n<p>No setor de cria\u00e7\u00e3o, a necessidade de um camisa 10 se agravou com a dificuldade de adapta\u00e7\u00e3o de Santiago Rodr\u00edguez e a improvisa\u00e7\u00e3o de atletas como Patrick de Paula e Savarino na fun\u00e7\u00e3o. Embora o foco tenha migrado para a defesa nas \u00faltimas semanas, a busca por um meia ainda n\u00e3o foi totalmente descartada.<\/p>\n\n\n\n<h2 class=\"wp-block-heading\" id=\"h-alvos-no-radar-e-dificuldades-nas-negociacoes\">Alvos no radar e dificuldades nas negocia\u00e7\u00f5es<\/h2>\n\n\n\n<p>Conforme apura\u00e7\u00e3o, tr\u00eas nomes foram apontados como potenciais refor\u00e7os para a defesa: Abner, do Juventude; Gustavo Martins, do Gr\u00eamio; e Naves, do Palmeiras. O primeiro, destaque da equipe ga\u00facha, teve sua contrata\u00e7\u00e3o dificultada pelo valor da multa rescis\u00f3ria, estipulada em aproximadamente R$ 20 milh\u00f5es. No caso de Gustavo Martins, o interesse foi real, mas a oferta de intermedi\u00e1rios n\u00e3o agradou \u00e0 diretoria alvinegra, que prefere negocia\u00e7\u00f5es diretas com o Gr\u00eamio. <\/p>\n\n\n\n<p>J\u00e1 Naves, apesar do monitoramento constante por parte do clube carioca, foi considerado indispon\u00edvel pelo Palmeiras para transfer\u00eancia neste momento. \u201cA gente j\u00e1 vem monitorando o Naves h\u00e1 algum tempo, mas n\u00e3o houve nenhuma proposta. Estamos observando o mercado como um todo\u201d, completou L\u00e9o Coelho.<\/p>\n\n\n\n<p>Na busca por um meia, o Botafogo esbarrou em negativas. A investida sobre Cauly, do Bahia, n\u00e3o teve \u00eaxito, j\u00e1 que o clube baiano recusou abrir conversas. O t\u00e9cnico Rog\u00e9rio Ceni, inclusive, foi categ\u00f3rico: \u201cN\u00e3o tem proposta alguma\u201d, declarou, encerrando qualquer possibilidade de negocia\u00e7\u00e3o. O nome de Cristaldo, tamb\u00e9m do Gr\u00eamio, surgiu como alternativa, mas as conversas n\u00e3o avan\u00e7aram.<\/p>\n\n\n\n<p>Anteriormente, o clube tentou contratar Bitelo, ex-Gr\u00eamio, atualmente no D\u00ednamo Moscou, sem sucesso diante da resist\u00eancia dos russos. A dire\u00e7\u00e3o chegou a cogitar mais de uma alternativa, mas nenhuma dentro do perfil t\u00e9cnico e financeiro estabelecido.<\/p>\n\n\n\n<h2 class=\"wp-block-heading\" id=\"h-restricoes-orcamentarias-e-estrategia\">Restri\u00e7\u00f5es or\u00e7ament\u00e1rias e estrat\u00e9gia<\/h2>\n\n\n\n<p>Apesar do investimento robusto de cerca de R$ 500 milh\u00f5es realizado no in\u00edcio do ano, dilu\u00eddo em temporadas futuras, o clube passa agora por um momento de restri\u00e7\u00e3o or\u00e7ament\u00e1ria. A diretoria estabeleceu como prioridade contratos de empr\u00e9stimo, preferencialmente sem custos de libera\u00e7\u00e3o. O objetivo \u00e9 preservar recursos para movimenta\u00e7\u00f5es mais relevantes na janela de transfer\u00eancias do meio do ano, quando jogadores atuando no exterior podem ser incorporados ao elenco.<\/p>\n\n\n\n<p>A avalia\u00e7\u00e3o interna \u00e9 de que a janela atual apresenta op\u00e7\u00f5es limitadas e, por isso, o foco est\u00e1 em resolver demandas pontuais sem comprometer o planejamento financeiro. \u201cTodas essas [contrata\u00e7\u00f5es] s\u00e3o para suprir uma car\u00eancia curta\u201d, destacou o dirigente alvinegro.<\/p>\n\n\n\n<h2 class=\"wp-block-heading\" id=\"h-improvisacoes-e-solucoes-internas\">Improvisa\u00e7\u00f5es e solu\u00e7\u00f5es internas<\/h2>\n\n\n\n<p>Enquanto a diretoria trabalha nos bastidores, o t\u00e9cnico Renato Paiva tem buscado solu\u00e7\u00f5es dentro do elenco. Na aus\u00eancia de um meia-armador de origem, tem alternado De Paula, que \u00e9 volante, e Savarino, que atua como ponta, na fun\u00e7\u00e3o de cria\u00e7\u00e3o. Ainda que de forma improvisada, ambos t\u00eam contribu\u00eddo em campo, mas a aus\u00eancia de um especialista na posi\u00e7\u00e3o segue como um entrave para o time.<\/p>\n\n\n\n<p>Assim sendo, a expectativa permanece quanto aos pr\u00f3ximos passos do Botafogo nas \u00faltimas horas antes do fechamento da janela. A movimenta\u00e7\u00e3o \u00e9 intensa, mas a estrat\u00e9gia \u00e9 clara: contrata\u00e7\u00f5es pontuais, de baixo custo e com foco no equil\u00edbrio financeiro.<\/p>\n","protected":false},"excerpt":{"rendered":"<p>O Botafogo vive dias intensos e decisivos nesta reta final da janela de transfer\u00eancias do futebol brasileiro. Com o prazo se encerrando nesta sexta-feira (11), \u00e0s 23h59 (hor\u00e1rio de Bras\u00edlia), o clube concentra esfor\u00e7os em duas contrata\u00e7\u00f5es pontuais: um zagueiro e um meia de cria\u00e7\u00e3o. O cen\u00e1rio, contudo, \u00e9 marcado por limita\u00e7\u00f5es financeiras e por [&hellip;]<\/p>\n","protected":false},"author":30,"featured_media":182060,"comment_status":"open","ping_status":"closed","sticky":false,"template":"","format":"standard","meta":{"footnotes":""},"categories":[138],"tags":[],"class_list":["post-251720","post","type-post","status-publish","format-standard","has-post-thumbnail","hentry","category-botafogo"],"yoast_head":"<!-- This site is optimized with the Yoast SEO Premium plugin v24.2 (Yoast SEO v26.9) - https:\/\/yoast.com\/product\/yoast-seo-premium-wordpress\/ -->\n<title>Botafogo entra nos \u00faltimos dias de janela com dois alvos<\/title>\n<meta name=\"robots\" content=\"index, follow, max-snippet:-1, max-image-preview:large, max-video-preview:-1\" \/>\n<link rel=\"canonical\" href=\"https:\/\/www.gaveanews.com\/index.php\/2025\/04\/10\/botafogo-entra-nos-ultimos-dias-de-janela-com-dois-alvos\/\" \/>\n<meta property=\"og:locale\" content=\"pt_BR\" \/>\n<meta property=\"og:type\" content=\"article\" \/>\n<meta property=\"og:title\" content=\"Botafogo entra nos \u00faltimos dias de janela com dois alvos\" \/>\n<meta property=\"og:description\" content=\"O Botafogo vive dias intensos e decisivos nesta reta final da janela de transfer\u00eancias do futebol brasileiro. Com o prazo se encerrando nesta sexta-feira (11), \u00e0s 23h59 (hor\u00e1rio de Bras\u00edlia), o clube concentra esfor\u00e7os em duas contrata\u00e7\u00f5es pontuais: um zagueiro e um meia de cria\u00e7\u00e3o. O cen\u00e1rio, contudo, \u00e9 marcado por limita\u00e7\u00f5es financeiras e por [&hellip;]\" \/>\n<meta property=\"og:url\" content=\"https:\/\/www.gaveanews.com\/index.php\/2025\/04\/10\/botafogo-entra-nos-ultimos-dias-de-janela-com-dois-alvos\/\" \/>\n<meta property=\"og:site_name\" content=\"G\u00e1vea News\" \/>\n<meta property=\"article:publisher\" content=\"https:\/\/facebook.com\/gaveaNews\/\" \/>\n<meta property=\"article:published_time\" content=\"2025-04-10T20:05:00+00:00\" \/>\n<meta property=\"og:image\" content=\"https:\/\/www.gaveanews.com\/wp-content\/uploads\/Escudo-do-Botafogo-1.webp\" \/>\n\t<meta property=\"og:image:width\" content=\"787\" \/>\n\t<meta property=\"og:image:height\" content=\"525\" \/>\n\t<meta property=\"og:image:type\" content=\"image\/webp\" \/>\n<meta name=\"author\" content=\"Ana Teixeira\" \/>\n<meta name=\"twitter:card\" content=\"summary_large_image\" \/>\n<meta name=\"twitter:label1\" content=\"Escrito por\" \/>\n\t<meta name=\"twitter:data1\" content=\"Ana Teixeira\" \/>\n\t<meta name=\"twitter:label2\" content=\"Est. tempo de leitura\" \/>\n\t<meta name=\"twitter:data2\" content=\"4 minutos\" \/>\n<script type=\"application\/ld+json\" class=\"yoast-schema-graph\">{\"@context\":\"https:\/\/schema.org\",\"@graph\":[{\"@type\":\"NewsArticle\",\"@id\":\"https:\/\/www.gaveanews.com\/index.php\/2025\/04\/10\/botafogo-entra-nos-ultimos-dias-de-janela-com-dois-alvos\/#article\",\"isPartOf\":{\"@id\":\"https:\/\/www.gaveanews.com\/index.php\/2025\/04\/10\/botafogo-entra-nos-ultimos-dias-de-janela-com-dois-alvos\/\"},\"author\":{\"name\":\"Ana Teixeira\",\"@id\":\"https:\/\/www.gaveanews.com\/#\/schema\/person\/3b19f7288b0ce20372991275e4f2e6c2\"},\"headline\":\"Botafogo entra nos \u00faltimos dias de janela com dois alvos\",\"datePublished\":\"2025-04-10T20:05:00+00:00\",\"mainEntityOfPage\":{\"@id\":\"https:\/\/www.gaveanews.com\/index.php\/2025\/04\/10\/botafogo-entra-nos-ultimos-dias-de-janela-com-dois-alvos\/\"},\"wordCount\":769,\"commentCount\":0,\"image\":{\"@id\":\"https:\/\/www.gaveanews.com\/index.php\/2025\/04\/10\/botafogo-entra-nos-ultimos-dias-de-janela-com-dois-alvos\/#primaryimage\"},\"thumbnailUrl\":\"https:\/\/www.gaveanews.com\/wp-content\/uploads\/Escudo-do-Botafogo-1.webp\",\"articleSection\":[\"Botafogo\"],\"inLanguage\":\"pt-BR\",\"potentialAction\":[{\"@type\":\"CommentAction\",\"name\":\"Comment\",\"target\":[\"https:\/\/www.gaveanews.com\/index.php\/2025\/04\/10\/botafogo-entra-nos-ultimos-dias-de-janela-com-dois-alvos\/#respond\"]}],\"copyrightYear\":\"2025\",\"copyrightHolder\":{\"@id\":\"https:\/\/www.gaveanews.com\/#organization\"}},{\"@type\":\"WebPage\",\"@id\":\"https:\/\/www.gaveanews.com\/index.php\/2025\/04\/10\/botafogo-entra-nos-ultimos-dias-de-janela-com-dois-alvos\/\",\"url\":\"https:\/\/www.gaveanews.com\/index.php\/2025\/04\/10\/botafogo-entra-nos-ultimos-dias-de-janela-com-dois-alvos\/\",\"name\":\"Botafogo entra nos \u00faltimos dias de janela com dois alvos\",\"isPartOf\":{\"@id\":\"https:\/\/www.gaveanews.com\/#website\"},\"primaryImageOfPage\":{\"@id\":\"https:\/\/www.gaveanews.com\/index.php\/2025\/04\/10\/botafogo-entra-nos-ultimos-dias-de-janela-com-dois-alvos\/#primaryimage\"},\"image\":{\"@id\":\"https:\/\/www.gaveanews.com\/index.php\/2025\/04\/10\/botafogo-entra-nos-ultimos-dias-de-janela-com-dois-alvos\/#primaryimage\"},\"thumbnailUrl\":\"https:\/\/www.gaveanews.com\/wp-content\/uploads\/Escudo-do-Botafogo-1.webp\",\"datePublished\":\"2025-04-10T20:05:00+00:00\",\"author\":{\"@id\":\"https:\/\/www.gaveanews.com\/#\/schema\/person\/3b19f7288b0ce20372991275e4f2e6c2\"},\"breadcrumb\":{\"@id\":\"https:\/\/www.gaveanews.com\/index.php\/2025\/04\/10\/botafogo-entra-nos-ultimos-dias-de-janela-com-dois-alvos\/#breadcrumb\"},\"inLanguage\":\"pt-BR\",\"potentialAction\":[{\"@type\":\"ReadAction\",\"target\":[\"https:\/\/www.gaveanews.com\/index.php\/2025\/04\/10\/botafogo-entra-nos-ultimos-dias-de-janela-com-dois-alvos\/\"]}]},{\"@type\":\"ImageObject\",\"inLanguage\":\"pt-BR\",\"@id\":\"https:\/\/www.gaveanews.com\/index.php\/2025\/04\/10\/botafogo-entra-nos-ultimos-dias-de-janela-com-dois-alvos\/#primaryimage\",\"url\":\"https:\/\/www.gaveanews.com\/wp-content\/uploads\/Escudo-do-Botafogo-1.webp\",\"contentUrl\":\"https:\/\/www.gaveanews.com\/wp-content\/uploads\/Escudo-do-Botafogo-1.webp\",\"width\":787,\"height\":525,\"caption\":\"Escudo do Botafogo (Foto: Reprodu\u00e7\u00e3o\/Botafogo)\"},{\"@type\":\"BreadcrumbList\",\"@id\":\"https:\/\/www.gaveanews.com\/index.php\/2025\/04\/10\/botafogo-entra-nos-ultimos-dias-de-janela-com-dois-alvos\/#breadcrumb\",\"itemListElement\":[{\"@type\":\"ListItem\",\"position\":1,\"name\":\"Home\",\"item\":\"https:\/\/www.gaveanews.com\/\"},{\"@type\":\"ListItem\",\"position\":2,\"name\":\"Botafogo entra nos \u00faltimos dias de janela com dois alvos\"}]},{\"@type\":\"WebSite\",\"@id\":\"https:\/\/www.gaveanews.com\/#website\",\"url\":\"https:\/\/www.gaveanews.com\/\",\"name\":\"G\u00e1vea News\",\"description\":\"Veja todas as not\u00edcias sobre o Flamengo: Contrata\u00e7\u00f5es, categorias de base, resultados das partidas, tabela de classifica\u00e7\u00e3o, pr\u00f3ximos jogos!\",\"potentialAction\":[{\"@type\":\"SearchAction\",\"target\":{\"@type\":\"EntryPoint\",\"urlTemplate\":\"https:\/\/www.gaveanews.com\/?s={search_term_string}\"},\"query-input\":{\"@type\":\"PropertyValueSpecification\",\"valueRequired\":true,\"valueName\":\"search_term_string\"}}],\"inLanguage\":\"pt-BR\"},{\"@type\":\"Person\",\"@id\":\"https:\/\/www.gaveanews.com\/#\/schema\/person\/3b19f7288b0ce20372991275e4f2e6c2\",\"name\":\"Ana Teixeira\",\"image\":{\"@type\":\"ImageObject\",\"inLanguage\":\"pt-BR\",\"@id\":\"https:\/\/www.gaveanews.com\/#\/schema\/person\/image\/\",\"url\":\"https:\/\/secure.gravatar.com\/avatar\/0a73f5a5258f3fed37fc2fa641892f3f7a4748456d4d4792f9bc550e6c19e06c?s=96&d=mm&r=g\",\"contentUrl\":\"https:\/\/secure.gravatar.com\/avatar\/0a73f5a5258f3fed37fc2fa641892f3f7a4748456d4d4792f9bc550e6c19e06c?s=96&d=mm&r=g\",\"caption\":\"Ana Teixeira\"}}]}<\/script>\n<!-- \/ Yoast SEO Premium plugin. -->","yoast_head_json":{"title":"Botafogo entra nos \u00faltimos dias de janela com dois alvos","robots":{"index":"index","follow":"follow","max-snippet":"max-snippet:-1","max-image-preview":"max-image-preview:large","max-video-preview":"max-video-preview:-1"},"canonical":"https:\/\/www.gaveanews.com\/index.php\/2025\/04\/10\/botafogo-entra-nos-ultimos-dias-de-janela-com-dois-alvos\/","og_locale":"pt_BR","og_type":"article","og_title":"Botafogo entra nos \u00faltimos dias de janela com dois alvos","og_description":"O Botafogo vive dias intensos e decisivos nesta reta final da janela de transfer\u00eancias do futebol brasileiro. Com o prazo se encerrando nesta sexta-feira (11), \u00e0s 23h59 (hor\u00e1rio de Bras\u00edlia), o clube concentra esfor\u00e7os em duas contrata\u00e7\u00f5es pontuais: um zagueiro e um meia de cria\u00e7\u00e3o. O cen\u00e1rio, contudo, \u00e9 marcado por limita\u00e7\u00f5es financeiras e por [&hellip;]","og_url":"https:\/\/www.gaveanews.com\/index.php\/2025\/04\/10\/botafogo-entra-nos-ultimos-dias-de-janela-com-dois-alvos\/","og_site_name":"G\u00e1vea News","article_publisher":"https:\/\/facebook.com\/gaveaNews\/","article_published_time":"2025-04-10T20:05:00+00:00","og_image":[{"width":787,"height":525,"url":"https:\/\/www.gaveanews.com\/wp-content\/uploads\/Escudo-do-Botafogo-1.webp","type":"image\/webp"}],"author":"Ana Teixeira","twitter_card":"summary_large_image","twitter_misc":{"Escrito por":"Ana Teixeira","Est. tempo de leitura":"4 minutos"},"schema":{"@context":"https:\/\/schema.org","@graph":[{"@type":"NewsArticle","@id":"https:\/\/www.gaveanews.com\/index.php\/2025\/04\/10\/botafogo-entra-nos-ultimos-dias-de-janela-com-dois-alvos\/#article","isPartOf":{"@id":"https:\/\/www.gaveanews.com\/index.php\/2025\/04\/10\/botafogo-entra-nos-ultimos-dias-de-janela-com-dois-alvos\/"},"author":{"name":"Ana Teixeira","@id":"https:\/\/www.gaveanews.com\/#\/schema\/person\/3b19f7288b0ce20372991275e4f2e6c2"},"headline":"Botafogo entra nos \u00faltimos dias de janela com dois alvos","datePublished":"2025-04-10T20:05:00+00:00","mainEntityOfPage":{"@id":"https:\/\/www.gaveanews.com\/index.php\/2025\/04\/10\/botafogo-entra-nos-ultimos-dias-de-janela-com-dois-alvos\/"},"wordCount":769,"commentCount":0,"image":{"@id":"https:\/\/www.gaveanews.com\/index.php\/2025\/04\/10\/botafogo-entra-nos-ultimos-dias-de-janela-com-dois-alvos\/#primaryimage"},"thumbnailUrl":"https:\/\/www.gaveanews.com\/wp-content\/uploads\/Escudo-do-Botafogo-1.webp","articleSection":["Botafogo"],"inLanguage":"pt-BR","potentialAction":[{"@type":"CommentAction","name":"Comment","target":["https:\/\/www.gaveanews.com\/index.php\/2025\/04\/10\/botafogo-entra-nos-ultimos-dias-de-janela-com-dois-alvos\/#respond"]}],"copyrightYear":"2025","copyrightHolder":{"@id":"https:\/\/www.gaveanews.com\/#organization"}},{"@type":"WebPage","@id":"https:\/\/www.gaveanews.com\/index.php\/2025\/04\/10\/botafogo-entra-nos-ultimos-dias-de-janela-com-dois-alvos\/","url":"https:\/\/www.gaveanews.com\/index.php\/2025\/04\/10\/botafogo-entra-nos-ultimos-dias-de-janela-com-dois-alvos\/","name":"Botafogo entra nos \u00faltimos dias de janela com dois alvos","isPartOf":{"@id":"https:\/\/www.gaveanews.com\/#website"},"primaryImageOfPage":{"@id":"https:\/\/www.gaveanews.com\/index.php\/2025\/04\/10\/botafogo-entra-nos-ultimos-dias-de-janela-com-dois-alvos\/#primaryimage"},"image":{"@id":"https:\/\/www.gaveanews.com\/index.php\/2025\/04\/10\/botafogo-entra-nos-ultimos-dias-de-janela-com-dois-alvos\/#primaryimage"},"thumbnailUrl":"https:\/\/www.gaveanews.com\/wp-content\/uploads\/Escudo-do-Botafogo-1.webp","datePublished":"2025-04-10T20:05:00+00:00","author":{"@id":"https:\/\/www.gaveanews.com\/#\/schema\/person\/3b19f7288b0ce20372991275e4f2e6c2"},"breadcrumb":{"@id":"https:\/\/www.gaveanews.com\/index.php\/2025\/04\/10\/botafogo-entra-nos-ultimos-dias-de-janela-com-dois-alvos\/#breadcrumb"},"inLanguage":"pt-BR","potentialAction":[{"@type":"ReadAction","target":["https:\/\/www.gaveanews.com\/index.php\/2025\/04\/10\/botafogo-entra-nos-ultimos-dias-de-janela-com-dois-alvos\/"]}]},{"@type":"ImageObject","inLanguage":"pt-BR","@id":"https:\/\/www.gaveanews.com\/index.php\/2025\/04\/10\/botafogo-entra-nos-ultimos-dias-de-janela-com-dois-alvos\/#primaryimage","url":"https:\/\/www.gaveanews.com\/wp-content\/uploads\/Escudo-do-Botafogo-1.webp","contentUrl":"https:\/\/www.gaveanews.com\/wp-content\/uploads\/Escudo-do-Botafogo-1.webp","width":787,"height":525,"caption":"Escudo do Botafogo (Foto: Reprodu\u00e7\u00e3o\/Botafogo)"},{"@type":"BreadcrumbList","@id":"https:\/\/www.gaveanews.com\/index.php\/2025\/04\/10\/botafogo-entra-nos-ultimos-dias-de-janela-com-dois-alvos\/#breadcrumb","itemListElement":[{"@type":"ListItem","position":1,"name":"Home","item":"https:\/\/www.gaveanews.com\/"},{"@type":"ListItem","position":2,"name":"Botafogo entra nos \u00faltimos dias de janela com dois alvos"}]},{"@type":"WebSite","@id":"https:\/\/www.gaveanews.com\/#website","url":"https:\/\/www.gaveanews.com\/","name":"G\u00e1vea News","description":"Veja todas as not\u00edcias sobre o Flamengo: Contrata\u00e7\u00f5es, categorias de base, resultados das partidas, tabela de classifica\u00e7\u00e3o, pr\u00f3ximos jogos!","potentialAction":[{"@type":"SearchAction","target":{"@type":"EntryPoint","urlTemplate":"https:\/\/www.gaveanews.com\/?s={search_term_string}"},"query-input":{"@type":"PropertyValueSpecification","valueRequired":true,"valueName":"search_term_string"}}],"inLanguage":"pt-BR"},{"@type":"Person","@id":"https:\/\/www.gaveanews.com\/#\/schema\/person\/3b19f7288b0ce20372991275e4f2e6c2","name":"Ana Teixeira","image":{"@type":"ImageObject","inLanguage":"pt-BR","@id":"https:\/\/www.gaveanews.com\/#\/schema\/person\/image\/","url":"https:\/\/secure.gravatar.com\/avatar\/0a73f5a5258f3fed37fc2fa641892f3f7a4748456d4d4792f9bc550e6c19e06c?s=96&d=mm&r=g","contentUrl":"https:\/\/secure.gravatar.com\/avatar\/0a73f5a5258f3fed37fc2fa641892f3f7a4748456d4d4792f9bc550e6c19e06c?s=96&d=mm&r=g","caption":"Ana Teixeira"}}]}},"_links":{"self":[{"href":"https:\/\/www.gaveanews.com\/index.php\/wp-json\/wp\/v2\/posts\/251720","targetHints":{"allow":["GET"]}}],"collection":[{"href":"https:\/\/www.gaveanews.com\/index.php\/wp-json\/wp\/v2\/posts"}],"about":[{"href":"https:\/\/www.gaveanews.com\/index.php\/wp-json\/wp\/v2\/types\/post"}],"author":[{"embeddable":true,"href":"https:\/\/www.gaveanews.com\/index.php\/wp-json\/wp\/v2\/users\/30"}],"replies":[{"embeddable":true,"href":"https:\/\/www.gaveanews.com\/index.php\/wp-json\/wp\/v2\/comments?post=251720"}],"version-history":[{"count":1,"href":"https:\/\/www.gaveanews.com\/index.php\/wp-json\/wp\/v2\/posts\/251720\/revisions"}],"predecessor-version":[{"id":251745,"href":"https:\/\/www.gaveanews.com\/index.php\/wp-json\/wp\/v2\/posts\/251720\/revisions\/251745"}],"wp:featuredmedia":[{"embeddable":true,"href":"https:\/\/www.gaveanews.com\/index.php\/wp-json\/wp\/v2\/media\/182060"}],"wp:attachment":[{"href":"https:\/\/www.gaveanews.com\/index.php\/wp-json\/wp\/v2\/media?parent=251720"}],"wp:term":[{"taxonomy":"category","embeddable":true,"href":"https:\/\/www.gaveanews.com\/index.php\/wp-json\/wp\/v2\/categories?post=251720"},{"taxonomy":"post_tag","embeddable":true,"href":"https:\/\/www.gaveanews.com\/index.php\/wp-json\/wp\/v2\/tags?post=251720"}],"curies":[{"name":"wp","href":"https:\/\/api.w.org\/{rel}","templated":true}]}}