{"id":251725,"date":"2025-04-10T17:45:00","date_gmt":"2025-04-10T20:45:00","guid":{"rendered":"https:\/\/www.gaveanews.com\/?p=251725"},"modified":"2025-04-10T14:44:15","modified_gmt":"2025-04-10T17:44:15","slug":"german-cano-e-sincero-ao-falar-sobre-renato-gaucho-do-fluminense","status":"publish","type":"post","link":"https:\/\/www.gaveanews.com\/index.php\/2025\/04\/10\/german-cano-e-sincero-ao-falar-sobre-renato-gaucho-do-fluminense\/","title":{"rendered":"Germ\u00e1n Cano \u00e9 sincero ao falar sobre Renato Ga\u00facho, do Fluminense"},"content":{"rendered":"\n<p>O Fluminense est\u00e1 vivendo uma nova fase com Renato Ga\u00facho no comando. Em sua primeira semana \u00e0 frente do clube, o treinador j\u00e1 se prepara para seu segundo jogo, nesta quinta-feira (11), \u00e0s 21h30, contra o San Jos\u00e9, pela Sul-Americana. Com pouco tempo para treinar, Renato tem apostado em v\u00eddeos e conversas diretas para implementar sua filosofia. Mas como os jogadores est\u00e3o reagindo a esse novo momento?<\/p>\n\n\n\n<h2 class=\"wp-block-heading\" id=\"h-novo-estilo-de-jogo-e-impacto-no-elenco\">Novo estilo de jogo e impacto no elenco<\/h2>\n\n\n\n<figure class=\"wp-block-image size-full\"><img loading=\"lazy\" decoding=\"async\" width=\"1200\" height=\"800\" src=\"http:\/\/www.gaveanews.com\/wp-content\/uploads\/Apresentacao-de-Renato-Gaucho-no-Fluminense.webp\" alt=\"\" class=\"wp-image-249138\"\/><\/figure>\n\n\n\n<p>Os primeiros relatos dos jogadores indicam que o estilo de Renato Ga\u00facho tem sido bem recebido. Sendo assim, os atacantes parecem ser os mais beneficiados, principalmente Germ\u00e1n Cano, que se encaixa no modelo de jogo mais solto do treinador. Al\u00e9m disso, a tend\u00eancia \u00e9 que o Fluminense aposte em um futebol mais ofensivo e objetivo.<\/p>\n\n\n\n<p>Vale destacar que Cano, refer\u00eancia no ataque tricolor, ainda n\u00e3o balan\u00e7ou as redes sob o comando de Renato, mas j\u00e1 tem uma opini\u00e3o formada sobre o t\u00e9cnico.<\/p>\n\n\n\n<h2 class=\"wp-block-heading\" id=\"h-cano-aprova-o-novo-comandante\">Cano aprova o novo comandante<\/h2>\n\n\n\n<p>O centroavante argentino foi direto ao falar sobre suas impress\u00f5es iniciais a respeito de Renato Ga\u00facho:<\/p>\n\n\n\n<p>&#8220;Tranquilo, n\u00e9? Solto, deixa jogar. Fala o justo e necess\u00e1rio. Por agora est\u00e1 tudo bem. Vamos que vamos&#8221;, afirmou Cano.<\/p>\n\n\n\n<p>Dessa maneira, a fala do atacante deixa claro que o t\u00e9cnico adota uma abordagem menos r\u00edgida, confiando na qualidade individual dos jogadores. Isso porque Renato sempre foi um treinador que valoriza a liberdade ofensiva, o que pode favorecer ainda mais Cano na busca por gols.<\/p>\n\n\n\n<h2 class=\"wp-block-heading\" id=\"h-expectativas-para-o-proximo-confronto\">Expectativas para o pr\u00f3ximo confronto<\/h2>\n\n\n\n<p>Por isso, a torcida tricolor aguarda para ver se o novo modelo de jogo trar\u00e1 resultados positivos. O duelo contra o San Jos\u00e9 ser\u00e1 uma oportunidade para Renato Ga\u00facho testar suas ideias e, quem sabe, ver Cano balan\u00e7ando as redes pela primeira vez sob seu comando.<\/p>\n\n\n\n<p>Com isso, o Fluminense segue sua caminhada na Sul-Americana, tentando se firmar com um futebol mais ofensivo e ajustado ao estilo de seu novo treinador.<\/p>\n","protected":false},"excerpt":{"rendered":"<p>O Fluminense est\u00e1 vivendo uma nova fase com Renato Ga\u00facho no comando. Em sua primeira semana \u00e0 frente do clube, o treinador j\u00e1 se prepara para seu segundo jogo, nesta quinta-feira (11), \u00e0s 21h30, contra o San Jos\u00e9, pela Sul-Americana. Com pouco tempo para treinar, Renato tem apostado em v\u00eddeos e conversas diretas para implementar [&hellip;]<\/p>\n","protected":false},"author":24,"featured_media":170376,"comment_status":"open","ping_status":"closed","sticky":false,"template":"","format":"standard","meta":{"footnotes":""},"categories":[145],"tags":[],"class_list":["post-251725","post","type-post","status-publish","format-standard","has-post-thumbnail","hentry","category-fluminense"],"yoast_head":"<!-- This site is optimized with the Yoast SEO Premium plugin v24.2 (Yoast SEO v26.9) - https:\/\/yoast.com\/product\/yoast-seo-premium-wordpress\/ -->\n<title>Germ\u00e1n Cano \u00e9 sincero ao falar sobre Renato Ga\u00facho, do Fluminense<\/title>\n<meta name=\"robots\" content=\"index, follow, max-snippet:-1, max-image-preview:large, max-video-preview:-1\" \/>\n<link rel=\"canonical\" href=\"https:\/\/www.gaveanews.com\/index.php\/2025\/04\/10\/german-cano-e-sincero-ao-falar-sobre-renato-gaucho-do-fluminense\/\" \/>\n<meta property=\"og:locale\" content=\"pt_BR\" \/>\n<meta property=\"og:type\" content=\"article\" \/>\n<meta property=\"og:title\" content=\"Germ\u00e1n Cano \u00e9 sincero ao falar sobre Renato Ga\u00facho, do Fluminense\" \/>\n<meta property=\"og:description\" content=\"O Fluminense est\u00e1 vivendo uma nova fase com Renato Ga\u00facho no comando. Em sua primeira semana \u00e0 frente do clube, o treinador j\u00e1 se prepara para seu segundo jogo, nesta quinta-feira (11), \u00e0s 21h30, contra o San Jos\u00e9, pela Sul-Americana. Com pouco tempo para treinar, Renato tem apostado em v\u00eddeos e conversas diretas para implementar [&hellip;]\" \/>\n<meta property=\"og:url\" content=\"https:\/\/www.gaveanews.com\/index.php\/2025\/04\/10\/german-cano-e-sincero-ao-falar-sobre-renato-gaucho-do-fluminense\/\" \/>\n<meta property=\"og:site_name\" content=\"G\u00e1vea News\" \/>\n<meta property=\"article:publisher\" content=\"https:\/\/facebook.com\/gaveaNews\/\" \/>\n<meta property=\"article:published_time\" content=\"2025-04-10T20:45:00+00:00\" \/>\n<meta property=\"og:image\" content=\"https:\/\/www.gaveanews.com\/wp-content\/uploads\/German-Cano-em-acao-pelo-Fluminense.webp\" \/>\n\t<meta property=\"og:image:width\" content=\"908\" \/>\n\t<meta property=\"og:image:height\" content=\"637\" \/>\n\t<meta property=\"og:image:type\" content=\"image\/jpeg\" \/>\n<meta name=\"author\" content=\"Leandro Cardoso\" \/>\n<meta name=\"twitter:card\" content=\"summary_large_image\" \/>\n<meta name=\"twitter:label1\" content=\"Escrito por\" \/>\n\t<meta name=\"twitter:data1\" content=\"Leandro Cardoso\" \/>\n\t<meta name=\"twitter:label2\" content=\"Est. tempo de leitura\" \/>\n\t<meta name=\"twitter:data2\" content=\"3 minutos\" \/>\n<script type=\"application\/ld+json\" class=\"yoast-schema-graph\">{\"@context\":\"https:\/\/schema.org\",\"@graph\":[{\"@type\":\"NewsArticle\",\"@id\":\"https:\/\/www.gaveanews.com\/index.php\/2025\/04\/10\/german-cano-e-sincero-ao-falar-sobre-renato-gaucho-do-fluminense\/#article\",\"isPartOf\":{\"@id\":\"https:\/\/www.gaveanews.com\/index.php\/2025\/04\/10\/german-cano-e-sincero-ao-falar-sobre-renato-gaucho-do-fluminense\/\"},\"author\":{\"name\":\"Leandro Cardoso\",\"@id\":\"https:\/\/www.gaveanews.com\/#\/schema\/person\/2424ec6409bc3f068411fc5e4e9b6168\"},\"headline\":\"Germ\u00e1n Cano \u00e9 sincero ao falar sobre Renato Ga\u00facho, do Fluminense\",\"datePublished\":\"2025-04-10T20:45:00+00:00\",\"mainEntityOfPage\":{\"@id\":\"https:\/\/www.gaveanews.com\/index.php\/2025\/04\/10\/german-cano-e-sincero-ao-falar-sobre-renato-gaucho-do-fluminense\/\"},\"wordCount\":348,\"commentCount\":0,\"image\":{\"@id\":\"https:\/\/www.gaveanews.com\/index.php\/2025\/04\/10\/german-cano-e-sincero-ao-falar-sobre-renato-gaucho-do-fluminense\/#primaryimage\"},\"thumbnailUrl\":\"https:\/\/www.gaveanews.com\/wp-content\/uploads\/German-Cano-em-acao-pelo-Fluminense.webp\",\"articleSection\":[\"Fluminense\"],\"inLanguage\":\"pt-BR\",\"potentialAction\":[{\"@type\":\"CommentAction\",\"name\":\"Comment\",\"target\":[\"https:\/\/www.gaveanews.com\/index.php\/2025\/04\/10\/german-cano-e-sincero-ao-falar-sobre-renato-gaucho-do-fluminense\/#respond\"]}],\"copyrightYear\":\"2025\",\"copyrightHolder\":{\"@id\":\"https:\/\/www.gaveanews.com\/#organization\"}},{\"@type\":\"WebPage\",\"@id\":\"https:\/\/www.gaveanews.com\/index.php\/2025\/04\/10\/german-cano-e-sincero-ao-falar-sobre-renato-gaucho-do-fluminense\/\",\"url\":\"https:\/\/www.gaveanews.com\/index.php\/2025\/04\/10\/german-cano-e-sincero-ao-falar-sobre-renato-gaucho-do-fluminense\/\",\"name\":\"Germ\u00e1n Cano \u00e9 sincero ao falar sobre Renato Ga\u00facho, do Fluminense\",\"isPartOf\":{\"@id\":\"https:\/\/www.gaveanews.com\/#website\"},\"primaryImageOfPage\":{\"@id\":\"https:\/\/www.gaveanews.com\/index.php\/2025\/04\/10\/german-cano-e-sincero-ao-falar-sobre-renato-gaucho-do-fluminense\/#primaryimage\"},\"image\":{\"@id\":\"https:\/\/www.gaveanews.com\/index.php\/2025\/04\/10\/german-cano-e-sincero-ao-falar-sobre-renato-gaucho-do-fluminense\/#primaryimage\"},\"thumbnailUrl\":\"https:\/\/www.gaveanews.com\/wp-content\/uploads\/German-Cano-em-acao-pelo-Fluminense.webp\",\"datePublished\":\"2025-04-10T20:45:00+00:00\",\"author\":{\"@id\":\"https:\/\/www.gaveanews.com\/#\/schema\/person\/2424ec6409bc3f068411fc5e4e9b6168\"},\"breadcrumb\":{\"@id\":\"https:\/\/www.gaveanews.com\/index.php\/2025\/04\/10\/german-cano-e-sincero-ao-falar-sobre-renato-gaucho-do-fluminense\/#breadcrumb\"},\"inLanguage\":\"pt-BR\",\"potentialAction\":[{\"@type\":\"ReadAction\",\"target\":[\"https:\/\/www.gaveanews.com\/index.php\/2025\/04\/10\/german-cano-e-sincero-ao-falar-sobre-renato-gaucho-do-fluminense\/\"]}]},{\"@type\":\"ImageObject\",\"inLanguage\":\"pt-BR\",\"@id\":\"https:\/\/www.gaveanews.com\/index.php\/2025\/04\/10\/german-cano-e-sincero-ao-falar-sobre-renato-gaucho-do-fluminense\/#primaryimage\",\"url\":\"https:\/\/www.gaveanews.com\/wp-content\/uploads\/German-Cano-em-acao-pelo-Fluminense.webp\",\"contentUrl\":\"https:\/\/www.gaveanews.com\/wp-content\/uploads\/German-Cano-em-acao-pelo-Fluminense.webp\",\"width\":908,\"height\":637,\"caption\":\"Germ\u00e1n Cano em a\u00e7\u00e3o pelo Fluminense (Foto: Lucas Mer\u00e7on\/Fluminense)\"},{\"@type\":\"BreadcrumbList\",\"@id\":\"https:\/\/www.gaveanews.com\/index.php\/2025\/04\/10\/german-cano-e-sincero-ao-falar-sobre-renato-gaucho-do-fluminense\/#breadcrumb\",\"itemListElement\":[{\"@type\":\"ListItem\",\"position\":1,\"name\":\"Home\",\"item\":\"https:\/\/www.gaveanews.com\/\"},{\"@type\":\"ListItem\",\"position\":2,\"name\":\"Germ\u00e1n Cano \u00e9 sincero ao falar sobre Renato Ga\u00facho, do Fluminense\"}]},{\"@type\":\"WebSite\",\"@id\":\"https:\/\/www.gaveanews.com\/#website\",\"url\":\"https:\/\/www.gaveanews.com\/\",\"name\":\"G\u00e1vea News\",\"description\":\"Veja todas as not\u00edcias sobre o Flamengo: Contrata\u00e7\u00f5es, categorias de base, resultados das partidas, tabela de classifica\u00e7\u00e3o, pr\u00f3ximos jogos!\",\"potentialAction\":[{\"@type\":\"SearchAction\",\"target\":{\"@type\":\"EntryPoint\",\"urlTemplate\":\"https:\/\/www.gaveanews.com\/?s={search_term_string}\"},\"query-input\":{\"@type\":\"PropertyValueSpecification\",\"valueRequired\":true,\"valueName\":\"search_term_string\"}}],\"inLanguage\":\"pt-BR\"},{\"@type\":\"Person\",\"@id\":\"https:\/\/www.gaveanews.com\/#\/schema\/person\/2424ec6409bc3f068411fc5e4e9b6168\",\"name\":\"Leandro Cardoso\",\"image\":{\"@type\":\"ImageObject\",\"inLanguage\":\"pt-BR\",\"@id\":\"https:\/\/www.gaveanews.com\/#\/schema\/person\/image\/\",\"url\":\"https:\/\/secure.gravatar.com\/avatar\/8ca179f9b55eefe9f376f5493ef25475bfa59fbc28ce937f6076ce20e523098f?s=96&d=mm&r=g\",\"contentUrl\":\"https:\/\/secure.gravatar.com\/avatar\/8ca179f9b55eefe9f376f5493ef25475bfa59fbc28ce937f6076ce20e523098f?s=96&d=mm&r=g\",\"caption\":\"Leandro Cardoso\"}}]}<\/script>\n<!-- \/ Yoast SEO Premium plugin. -->","yoast_head_json":{"title":"Germ\u00e1n Cano \u00e9 sincero ao falar sobre Renato Ga\u00facho, do Fluminense","robots":{"index":"index","follow":"follow","max-snippet":"max-snippet:-1","max-image-preview":"max-image-preview:large","max-video-preview":"max-video-preview:-1"},"canonical":"https:\/\/www.gaveanews.com\/index.php\/2025\/04\/10\/german-cano-e-sincero-ao-falar-sobre-renato-gaucho-do-fluminense\/","og_locale":"pt_BR","og_type":"article","og_title":"Germ\u00e1n Cano \u00e9 sincero ao falar sobre Renato Ga\u00facho, do Fluminense","og_description":"O Fluminense est\u00e1 vivendo uma nova fase com Renato Ga\u00facho no comando. Em sua primeira semana \u00e0 frente do clube, o treinador j\u00e1 se prepara para seu segundo jogo, nesta quinta-feira (11), \u00e0s 21h30, contra o San Jos\u00e9, pela Sul-Americana. Com pouco tempo para treinar, Renato tem apostado em v\u00eddeos e conversas diretas para implementar [&hellip;]","og_url":"https:\/\/www.gaveanews.com\/index.php\/2025\/04\/10\/german-cano-e-sincero-ao-falar-sobre-renato-gaucho-do-fluminense\/","og_site_name":"G\u00e1vea News","article_publisher":"https:\/\/facebook.com\/gaveaNews\/","article_published_time":"2025-04-10T20:45:00+00:00","og_image":[{"width":908,"height":637,"url":"https:\/\/www.gaveanews.com\/wp-content\/uploads\/German-Cano-em-acao-pelo-Fluminense.webp","type":"image\/jpeg"}],"author":"Leandro Cardoso","twitter_card":"summary_large_image","twitter_misc":{"Escrito por":"Leandro Cardoso","Est. tempo de leitura":"3 minutos"},"schema":{"@context":"https:\/\/schema.org","@graph":[{"@type":"NewsArticle","@id":"https:\/\/www.gaveanews.com\/index.php\/2025\/04\/10\/german-cano-e-sincero-ao-falar-sobre-renato-gaucho-do-fluminense\/#article","isPartOf":{"@id":"https:\/\/www.gaveanews.com\/index.php\/2025\/04\/10\/german-cano-e-sincero-ao-falar-sobre-renato-gaucho-do-fluminense\/"},"author":{"name":"Leandro Cardoso","@id":"https:\/\/www.gaveanews.com\/#\/schema\/person\/2424ec6409bc3f068411fc5e4e9b6168"},"headline":"Germ\u00e1n Cano \u00e9 sincero ao falar sobre Renato Ga\u00facho, do Fluminense","datePublished":"2025-04-10T20:45:00+00:00","mainEntityOfPage":{"@id":"https:\/\/www.gaveanews.com\/index.php\/2025\/04\/10\/german-cano-e-sincero-ao-falar-sobre-renato-gaucho-do-fluminense\/"},"wordCount":348,"commentCount":0,"image":{"@id":"https:\/\/www.gaveanews.com\/index.php\/2025\/04\/10\/german-cano-e-sincero-ao-falar-sobre-renato-gaucho-do-fluminense\/#primaryimage"},"thumbnailUrl":"https:\/\/www.gaveanews.com\/wp-content\/uploads\/German-Cano-em-acao-pelo-Fluminense.webp","articleSection":["Fluminense"],"inLanguage":"pt-BR","potentialAction":[{"@type":"CommentAction","name":"Comment","target":["https:\/\/www.gaveanews.com\/index.php\/2025\/04\/10\/german-cano-e-sincero-ao-falar-sobre-renato-gaucho-do-fluminense\/#respond"]}],"copyrightYear":"2025","copyrightHolder":{"@id":"https:\/\/www.gaveanews.com\/#organization"}},{"@type":"WebPage","@id":"https:\/\/www.gaveanews.com\/index.php\/2025\/04\/10\/german-cano-e-sincero-ao-falar-sobre-renato-gaucho-do-fluminense\/","url":"https:\/\/www.gaveanews.com\/index.php\/2025\/04\/10\/german-cano-e-sincero-ao-falar-sobre-renato-gaucho-do-fluminense\/","name":"Germ\u00e1n Cano \u00e9 sincero ao falar sobre Renato Ga\u00facho, do Fluminense","isPartOf":{"@id":"https:\/\/www.gaveanews.com\/#website"},"primaryImageOfPage":{"@id":"https:\/\/www.gaveanews.com\/index.php\/2025\/04\/10\/german-cano-e-sincero-ao-falar-sobre-renato-gaucho-do-fluminense\/#primaryimage"},"image":{"@id":"https:\/\/www.gaveanews.com\/index.php\/2025\/04\/10\/german-cano-e-sincero-ao-falar-sobre-renato-gaucho-do-fluminense\/#primaryimage"},"thumbnailUrl":"https:\/\/www.gaveanews.com\/wp-content\/uploads\/German-Cano-em-acao-pelo-Fluminense.webp","datePublished":"2025-04-10T20:45:00+00:00","author":{"@id":"https:\/\/www.gaveanews.com\/#\/schema\/person\/2424ec6409bc3f068411fc5e4e9b6168"},"breadcrumb":{"@id":"https:\/\/www.gaveanews.com\/index.php\/2025\/04\/10\/german-cano-e-sincero-ao-falar-sobre-renato-gaucho-do-fluminense\/#breadcrumb"},"inLanguage":"pt-BR","potentialAction":[{"@type":"ReadAction","target":["https:\/\/www.gaveanews.com\/index.php\/2025\/04\/10\/german-cano-e-sincero-ao-falar-sobre-renato-gaucho-do-fluminense\/"]}]},{"@type":"ImageObject","inLanguage":"pt-BR","@id":"https:\/\/www.gaveanews.com\/index.php\/2025\/04\/10\/german-cano-e-sincero-ao-falar-sobre-renato-gaucho-do-fluminense\/#primaryimage","url":"https:\/\/www.gaveanews.com\/wp-content\/uploads\/German-Cano-em-acao-pelo-Fluminense.webp","contentUrl":"https:\/\/www.gaveanews.com\/wp-content\/uploads\/German-Cano-em-acao-pelo-Fluminense.webp","width":908,"height":637,"caption":"Germ\u00e1n Cano em a\u00e7\u00e3o pelo Fluminense (Foto: Lucas Mer\u00e7on\/Fluminense)"},{"@type":"BreadcrumbList","@id":"https:\/\/www.gaveanews.com\/index.php\/2025\/04\/10\/german-cano-e-sincero-ao-falar-sobre-renato-gaucho-do-fluminense\/#breadcrumb","itemListElement":[{"@type":"ListItem","position":1,"name":"Home","item":"https:\/\/www.gaveanews.com\/"},{"@type":"ListItem","position":2,"name":"Germ\u00e1n Cano \u00e9 sincero ao falar sobre Renato Ga\u00facho, do Fluminense"}]},{"@type":"WebSite","@id":"https:\/\/www.gaveanews.com\/#website","url":"https:\/\/www.gaveanews.com\/","name":"G\u00e1vea News","description":"Veja todas as not\u00edcias sobre o Flamengo: Contrata\u00e7\u00f5es, categorias de base, resultados das partidas, tabela de classifica\u00e7\u00e3o, pr\u00f3ximos jogos!","potentialAction":[{"@type":"SearchAction","target":{"@type":"EntryPoint","urlTemplate":"https:\/\/www.gaveanews.com\/?s={search_term_string}"},"query-input":{"@type":"PropertyValueSpecification","valueRequired":true,"valueName":"search_term_string"}}],"inLanguage":"pt-BR"},{"@type":"Person","@id":"https:\/\/www.gaveanews.com\/#\/schema\/person\/2424ec6409bc3f068411fc5e4e9b6168","name":"Leandro Cardoso","image":{"@type":"ImageObject","inLanguage":"pt-BR","@id":"https:\/\/www.gaveanews.com\/#\/schema\/person\/image\/","url":"https:\/\/secure.gravatar.com\/avatar\/8ca179f9b55eefe9f376f5493ef25475bfa59fbc28ce937f6076ce20e523098f?s=96&d=mm&r=g","contentUrl":"https:\/\/secure.gravatar.com\/avatar\/8ca179f9b55eefe9f376f5493ef25475bfa59fbc28ce937f6076ce20e523098f?s=96&d=mm&r=g","caption":"Leandro Cardoso"}}]}},"_links":{"self":[{"href":"https:\/\/www.gaveanews.com\/index.php\/wp-json\/wp\/v2\/posts\/251725","targetHints":{"allow":["GET"]}}],"collection":[{"href":"https:\/\/www.gaveanews.com\/index.php\/wp-json\/wp\/v2\/posts"}],"about":[{"href":"https:\/\/www.gaveanews.com\/index.php\/wp-json\/wp\/v2\/types\/post"}],"author":[{"embeddable":true,"href":"https:\/\/www.gaveanews.com\/index.php\/wp-json\/wp\/v2\/users\/24"}],"replies":[{"embeddable":true,"href":"https:\/\/www.gaveanews.com\/index.php\/wp-json\/wp\/v2\/comments?post=251725"}],"version-history":[{"count":1,"href":"https:\/\/www.gaveanews.com\/index.php\/wp-json\/wp\/v2\/posts\/251725\/revisions"}],"predecessor-version":[{"id":251731,"href":"https:\/\/www.gaveanews.com\/index.php\/wp-json\/wp\/v2\/posts\/251725\/revisions\/251731"}],"wp:featuredmedia":[{"embeddable":true,"href":"https:\/\/www.gaveanews.com\/index.php\/wp-json\/wp\/v2\/media\/170376"}],"wp:attachment":[{"href":"https:\/\/www.gaveanews.com\/index.php\/wp-json\/wp\/v2\/media?parent=251725"}],"wp:term":[{"taxonomy":"category","embeddable":true,"href":"https:\/\/www.gaveanews.com\/index.php\/wp-json\/wp\/v2\/categories?post=251725"},{"taxonomy":"post_tag","embeddable":true,"href":"https:\/\/www.gaveanews.com\/index.php\/wp-json\/wp\/v2\/tags?post=251725"}],"curies":[{"name":"wp","href":"https:\/\/api.w.org\/{rel}","templated":true}]}}