{"id":251726,"date":"2025-04-10T17:40:00","date_gmt":"2025-04-10T20:40:00","guid":{"rendered":"https:\/\/www.gaveanews.com\/?p=251726"},"modified":"2025-04-10T14:43:25","modified_gmt":"2025-04-10T17:43:25","slug":"flamengo-faz-publicacao-direcionada-a-everton-ribeiro-2","status":"publish","type":"post","link":"https:\/\/www.gaveanews.com\/index.php\/2025\/04\/10\/flamengo-faz-publicacao-direcionada-a-everton-ribeiro-2\/","title":{"rendered":"Flamengo faz publica\u00e7\u00e3o direcionada a Everton Ribeiro"},"content":{"rendered":"\n<p>O Flamengo usou as redes sociais para homenagear um de seus grandes \u00eddolos recentes: Everton Ribeiro. O clube fez uma publica\u00e7\u00e3o especial para o meia, que marcou \u00e9poca vestindo o Manto Sagrado e construiu uma trajet\u00f3ria vitoriosa no clube. A mensagem rapidamente repercutiu entre os torcedores, refor\u00e7ando o carinho e a gratid\u00e3o pelo jogador.<\/p>\n\n\n\n<h2 class=\"wp-block-heading\" id=\"h-a-celebracao-ao-miteiro\">A celebra\u00e7\u00e3o ao &#8220;Miteiro&#8221;<\/h2>\n\n\n\n<p>Atrav\u00e9s do perfil oficial no X (antigo Twitter), o Flamengo publicou:<\/p>\n\n\n\n<p><em>&#8220;Dia do Miteiro. 7\ufe0f\u20e3 Parab\u00e9ns \u00c9verton Ribeiro, obrigado por sempre ter honrado o Manto! SRN\u2764\ufe0f\ud83d\udda4&#8221;<\/em>.<\/p>\n\n\n\n<blockquote class=\"twitter-tweet\"><p lang=\"pt\" dir=\"ltr\">Dia do Miteiro. 7\ufe0f\u20e3<br><br>Parab\u00e9ns \u00c9verton Ribeiro, obrigado por sempre ter honrado o Manto! SRN\u2764\ufe0f\ud83d\udda4 <a href=\"https:\/\/t.co\/x7IBmsrKLP\">pic.twitter.com\/x7IBmsrKLP<\/a><\/p>&mdash; Flamengo (@Flamengo) <a href=\"https:\/\/twitter.com\/Flamengo\/status\/1910363235498238005?ref_src=twsrc%5Etfw\">April 10, 2025<\/a><\/blockquote> <script async src=\"https:\/\/platform.twitter.com\/widgets.js\" charset=\"utf-8\"><\/script>\n\n\n\n<p>A mensagem refor\u00e7a a import\u00e2ncia do jogador para a hist\u00f3ria do clube. Al\u00e9m disso, gerou grande engajamento nas redes sociais, com muitos torcedores lembrando momentos marcantes do meia no clube e agradecendo por toda a dedica\u00e7\u00e3o ao time.<\/p>\n\n\n\n<h2 class=\"wp-block-heading\" id=\"h-o-legado-de-everton-ribeiro-no-flamengo\">O legado de Everton Ribeiro no Flamengo<\/h2>\n\n\n\n<p>Vale destacar que Everton Ribeiro fez parte de um dos per\u00edodos mais vitoriosos do Flamengo. Desde que chegou ao clube, conquistou t\u00edtulos importantes, como Libertadores, Brasileir\u00e3o e Copa do Brasil. Al\u00e9m disso, sempre demonstrou t\u00e9cnica refinada e lideran\u00e7a dentro de campo, tornando-se pe\u00e7a fundamental nos esquemas t\u00e1ticos de diferentes treinadores.<\/p>\n\n\n\n<p>Por isso, o reconhecimento da torcida e da diretoria \u00e9 mais do que merecido. Isso porque o meia n\u00e3o apenas brilhou individualmente, mas tamb\u00e9m ajudou a consolidar uma era de sucesso para o clube.&nbsp;<\/p>\n\n\n\n<p>Dessa maneira, sua passagem pelo Flamengo ser\u00e1 lembrada por anos, servindo de inspira\u00e7\u00e3o para novas gera\u00e7\u00f5es de jogadores.<\/p>\n\n\n\n<h2 class=\"wp-block-heading\" id=\"h-o-carinho-da-torcida-nas-redes-sociais\">O carinho da torcida nas redes sociais<\/h2>\n\n\n\n<p>A postagem do Flamengo gerou milhares de intera\u00e7\u00f5es, com torcedores relembrando momentos ic\u00f4nicos do jogador no time. Muitos destacaram gols decisivos, assist\u00eancias e a intelig\u00eancia t\u00e1tica de Everton Ribeiro, que sempre se destacou pela vis\u00e3o de jogo e habilidade com a bola nos p\u00e9s.<\/p>\n\n\n\n<p>Sendo assim, homenagens como essa reafirmam o carinho do clube por seus \u00eddolos e mostram por que Everton Ribeiro ser\u00e1 sempre lembrado como um dos grandes do Flamengo.&nbsp;<\/p>\n\n\n\n<p>Portanto, mesmo fora do clube, seu nome segue forte entre os rubro-negros, que reconhecem sua enorme contribui\u00e7\u00e3o para a hist\u00f3ria recente do Meng\u00e3o.<\/p>\n","protected":false},"excerpt":{"rendered":"<p>O Flamengo usou as redes sociais para homenagear um de seus grandes \u00eddolos recentes: Everton Ribeiro. O clube fez uma publica\u00e7\u00e3o especial para o meia, que marcou \u00e9poca vestindo o Manto Sagrado e construiu uma trajet\u00f3ria vitoriosa no clube. A mensagem rapidamente repercutiu entre os torcedores, refor\u00e7ando o carinho e a gratid\u00e3o pelo jogador. A [&hellip;]<\/p>\n","protected":false},"author":25,"featured_media":124684,"comment_status":"open","ping_status":"closed","sticky":false,"template":"","format":"standard","meta":{"footnotes":""},"categories":[1],"tags":[],"class_list":["post-251726","post","type-post","status-publish","format-standard","has-post-thumbnail","hentry","category-flamengo"],"yoast_head":"<!-- This site is optimized with the Yoast SEO Premium plugin v24.2 (Yoast SEO v26.9) - https:\/\/yoast.com\/product\/yoast-seo-premium-wordpress\/ -->\n<title>Flamengo faz publica\u00e7\u00e3o direcionada a Everton Ribeiro<\/title>\n<meta name=\"robots\" content=\"index, follow, max-snippet:-1, max-image-preview:large, max-video-preview:-1\" \/>\n<link rel=\"canonical\" href=\"https:\/\/www.gaveanews.com\/index.php\/2025\/04\/10\/flamengo-faz-publicacao-direcionada-a-everton-ribeiro-2\/\" \/>\n<meta property=\"og:locale\" content=\"pt_BR\" \/>\n<meta property=\"og:type\" content=\"article\" \/>\n<meta property=\"og:title\" content=\"Flamengo faz publica\u00e7\u00e3o direcionada a Everton Ribeiro\" \/>\n<meta property=\"og:description\" content=\"O Flamengo usou as redes sociais para homenagear um de seus grandes \u00eddolos recentes: Everton Ribeiro. O clube fez uma publica\u00e7\u00e3o especial para o meia, que marcou \u00e9poca vestindo o Manto Sagrado e construiu uma trajet\u00f3ria vitoriosa no clube. A mensagem rapidamente repercutiu entre os torcedores, refor\u00e7ando o carinho e a gratid\u00e3o pelo jogador. A [&hellip;]\" \/>\n<meta property=\"og:url\" content=\"https:\/\/www.gaveanews.com\/index.php\/2025\/04\/10\/flamengo-faz-publicacao-direcionada-a-everton-ribeiro-2\/\" \/>\n<meta property=\"og:site_name\" content=\"G\u00e1vea News\" \/>\n<meta property=\"article:publisher\" content=\"https:\/\/facebook.com\/gaveaNews\/\" \/>\n<meta property=\"article:published_time\" content=\"2025-04-10T20:40:00+00:00\" \/>\n<meta property=\"og:image\" content=\"https:\/\/www.gaveanews.com\/wp-content\/uploads\/escudoDoFlamengo.webp\" \/>\n\t<meta property=\"og:image:width\" content=\"1095\" \/>\n\t<meta property=\"og:image:height\" content=\"730\" \/>\n\t<meta property=\"og:image:type\" content=\"image\/webp\" \/>\n<meta name=\"author\" content=\"Rafaela Ladeira\" \/>\n<meta name=\"twitter:card\" content=\"summary_large_image\" \/>\n<meta name=\"twitter:label1\" content=\"Escrito por\" \/>\n\t<meta name=\"twitter:data1\" content=\"Rafaela Ladeira\" \/>\n\t<meta name=\"twitter:label2\" content=\"Est. tempo de leitura\" \/>\n\t<meta name=\"twitter:data2\" content=\"3 minutos\" \/>\n<script type=\"application\/ld+json\" class=\"yoast-schema-graph\">{\"@context\":\"https:\/\/schema.org\",\"@graph\":[{\"@type\":\"NewsArticle\",\"@id\":\"https:\/\/www.gaveanews.com\/index.php\/2025\/04\/10\/flamengo-faz-publicacao-direcionada-a-everton-ribeiro-2\/#article\",\"isPartOf\":{\"@id\":\"https:\/\/www.gaveanews.com\/index.php\/2025\/04\/10\/flamengo-faz-publicacao-direcionada-a-everton-ribeiro-2\/\"},\"author\":{\"name\":\"Rafaela Ladeira\",\"@id\":\"https:\/\/www.gaveanews.com\/#\/schema\/person\/0eb3e3fe1754f0205218538adbe8f5ed\"},\"headline\":\"Flamengo faz publica\u00e7\u00e3o direcionada a Everton Ribeiro\",\"datePublished\":\"2025-04-10T20:40:00+00:00\",\"mainEntityOfPage\":{\"@id\":\"https:\/\/www.gaveanews.com\/index.php\/2025\/04\/10\/flamengo-faz-publicacao-direcionada-a-everton-ribeiro-2\/\"},\"wordCount\":399,\"commentCount\":0,\"image\":{\"@id\":\"https:\/\/www.gaveanews.com\/index.php\/2025\/04\/10\/flamengo-faz-publicacao-direcionada-a-everton-ribeiro-2\/#primaryimage\"},\"thumbnailUrl\":\"https:\/\/www.gaveanews.com\/wp-content\/uploads\/escudoDoFlamengo.webp\",\"articleSection\":[\"Flamengo\"],\"inLanguage\":\"pt-BR\",\"potentialAction\":[{\"@type\":\"CommentAction\",\"name\":\"Comment\",\"target\":[\"https:\/\/www.gaveanews.com\/index.php\/2025\/04\/10\/flamengo-faz-publicacao-direcionada-a-everton-ribeiro-2\/#respond\"]}],\"copyrightYear\":\"2025\",\"copyrightHolder\":{\"@id\":\"https:\/\/www.gaveanews.com\/#organization\"}},{\"@type\":\"WebPage\",\"@id\":\"https:\/\/www.gaveanews.com\/index.php\/2025\/04\/10\/flamengo-faz-publicacao-direcionada-a-everton-ribeiro-2\/\",\"url\":\"https:\/\/www.gaveanews.com\/index.php\/2025\/04\/10\/flamengo-faz-publicacao-direcionada-a-everton-ribeiro-2\/\",\"name\":\"Flamengo faz publica\u00e7\u00e3o direcionada a Everton Ribeiro\",\"isPartOf\":{\"@id\":\"https:\/\/www.gaveanews.com\/#website\"},\"primaryImageOfPage\":{\"@id\":\"https:\/\/www.gaveanews.com\/index.php\/2025\/04\/10\/flamengo-faz-publicacao-direcionada-a-everton-ribeiro-2\/#primaryimage\"},\"image\":{\"@id\":\"https:\/\/www.gaveanews.com\/index.php\/2025\/04\/10\/flamengo-faz-publicacao-direcionada-a-everton-ribeiro-2\/#primaryimage\"},\"thumbnailUrl\":\"https:\/\/www.gaveanews.com\/wp-content\/uploads\/escudoDoFlamengo.webp\",\"datePublished\":\"2025-04-10T20:40:00+00:00\",\"author\":{\"@id\":\"https:\/\/www.gaveanews.com\/#\/schema\/person\/0eb3e3fe1754f0205218538adbe8f5ed\"},\"breadcrumb\":{\"@id\":\"https:\/\/www.gaveanews.com\/index.php\/2025\/04\/10\/flamengo-faz-publicacao-direcionada-a-everton-ribeiro-2\/#breadcrumb\"},\"inLanguage\":\"pt-BR\",\"potentialAction\":[{\"@type\":\"ReadAction\",\"target\":[\"https:\/\/www.gaveanews.com\/index.php\/2025\/04\/10\/flamengo-faz-publicacao-direcionada-a-everton-ribeiro-2\/\"]}]},{\"@type\":\"ImageObject\",\"inLanguage\":\"pt-BR\",\"@id\":\"https:\/\/www.gaveanews.com\/index.php\/2025\/04\/10\/flamengo-faz-publicacao-direcionada-a-everton-ribeiro-2\/#primaryimage\",\"url\":\"https:\/\/www.gaveanews.com\/wp-content\/uploads\/escudoDoFlamengo.webp\",\"contentUrl\":\"https:\/\/www.gaveanews.com\/wp-content\/uploads\/escudoDoFlamengo.webp\",\"width\":1095,\"height\":730,\"caption\":\"Centro de treinamento do Flamengo (Foto: Reprodu\u00e7\u00e3o)\"},{\"@type\":\"BreadcrumbList\",\"@id\":\"https:\/\/www.gaveanews.com\/index.php\/2025\/04\/10\/flamengo-faz-publicacao-direcionada-a-everton-ribeiro-2\/#breadcrumb\",\"itemListElement\":[{\"@type\":\"ListItem\",\"position\":1,\"name\":\"Home\",\"item\":\"https:\/\/www.gaveanews.com\/\"},{\"@type\":\"ListItem\",\"position\":2,\"name\":\"Flamengo faz publica\u00e7\u00e3o direcionada a Everton Ribeiro\"}]},{\"@type\":\"WebSite\",\"@id\":\"https:\/\/www.gaveanews.com\/#website\",\"url\":\"https:\/\/www.gaveanews.com\/\",\"name\":\"G\u00e1vea News\",\"description\":\"Veja todas as not\u00edcias sobre o Flamengo: Contrata\u00e7\u00f5es, categorias de base, resultados das partidas, tabela de classifica\u00e7\u00e3o, pr\u00f3ximos jogos!\",\"potentialAction\":[{\"@type\":\"SearchAction\",\"target\":{\"@type\":\"EntryPoint\",\"urlTemplate\":\"https:\/\/www.gaveanews.com\/?s={search_term_string}\"},\"query-input\":{\"@type\":\"PropertyValueSpecification\",\"valueRequired\":true,\"valueName\":\"search_term_string\"}}],\"inLanguage\":\"pt-BR\"},{\"@type\":\"Person\",\"@id\":\"https:\/\/www.gaveanews.com\/#\/schema\/person\/0eb3e3fe1754f0205218538adbe8f5ed\",\"name\":\"Rafaela Ladeira\",\"image\":{\"@type\":\"ImageObject\",\"inLanguage\":\"pt-BR\",\"@id\":\"https:\/\/www.gaveanews.com\/#\/schema\/person\/image\/\",\"url\":\"https:\/\/secure.gravatar.com\/avatar\/c31f513acffd85eacab5730cbdfdbbf59f21ba5aeada8cd890acea879fbb2455?s=96&d=mm&r=g\",\"contentUrl\":\"https:\/\/secure.gravatar.com\/avatar\/c31f513acffd85eacab5730cbdfdbbf59f21ba5aeada8cd890acea879fbb2455?s=96&d=mm&r=g\",\"caption\":\"Rafaela Ladeira\"}}]}<\/script>\n<!-- \/ Yoast SEO Premium plugin. -->","yoast_head_json":{"title":"Flamengo faz publica\u00e7\u00e3o direcionada a Everton Ribeiro","robots":{"index":"index","follow":"follow","max-snippet":"max-snippet:-1","max-image-preview":"max-image-preview:large","max-video-preview":"max-video-preview:-1"},"canonical":"https:\/\/www.gaveanews.com\/index.php\/2025\/04\/10\/flamengo-faz-publicacao-direcionada-a-everton-ribeiro-2\/","og_locale":"pt_BR","og_type":"article","og_title":"Flamengo faz publica\u00e7\u00e3o direcionada a Everton Ribeiro","og_description":"O Flamengo usou as redes sociais para homenagear um de seus grandes \u00eddolos recentes: Everton Ribeiro. O clube fez uma publica\u00e7\u00e3o especial para o meia, que marcou \u00e9poca vestindo o Manto Sagrado e construiu uma trajet\u00f3ria vitoriosa no clube. A mensagem rapidamente repercutiu entre os torcedores, refor\u00e7ando o carinho e a gratid\u00e3o pelo jogador. A [&hellip;]","og_url":"https:\/\/www.gaveanews.com\/index.php\/2025\/04\/10\/flamengo-faz-publicacao-direcionada-a-everton-ribeiro-2\/","og_site_name":"G\u00e1vea News","article_publisher":"https:\/\/facebook.com\/gaveaNews\/","article_published_time":"2025-04-10T20:40:00+00:00","og_image":[{"width":1095,"height":730,"url":"https:\/\/www.gaveanews.com\/wp-content\/uploads\/escudoDoFlamengo.webp","type":"image\/webp"}],"author":"Rafaela Ladeira","twitter_card":"summary_large_image","twitter_misc":{"Escrito por":"Rafaela Ladeira","Est. tempo de leitura":"3 minutos"},"schema":{"@context":"https:\/\/schema.org","@graph":[{"@type":"NewsArticle","@id":"https:\/\/www.gaveanews.com\/index.php\/2025\/04\/10\/flamengo-faz-publicacao-direcionada-a-everton-ribeiro-2\/#article","isPartOf":{"@id":"https:\/\/www.gaveanews.com\/index.php\/2025\/04\/10\/flamengo-faz-publicacao-direcionada-a-everton-ribeiro-2\/"},"author":{"name":"Rafaela Ladeira","@id":"https:\/\/www.gaveanews.com\/#\/schema\/person\/0eb3e3fe1754f0205218538adbe8f5ed"},"headline":"Flamengo faz publica\u00e7\u00e3o direcionada a Everton Ribeiro","datePublished":"2025-04-10T20:40:00+00:00","mainEntityOfPage":{"@id":"https:\/\/www.gaveanews.com\/index.php\/2025\/04\/10\/flamengo-faz-publicacao-direcionada-a-everton-ribeiro-2\/"},"wordCount":399,"commentCount":0,"image":{"@id":"https:\/\/www.gaveanews.com\/index.php\/2025\/04\/10\/flamengo-faz-publicacao-direcionada-a-everton-ribeiro-2\/#primaryimage"},"thumbnailUrl":"https:\/\/www.gaveanews.com\/wp-content\/uploads\/escudoDoFlamengo.webp","articleSection":["Flamengo"],"inLanguage":"pt-BR","potentialAction":[{"@type":"CommentAction","name":"Comment","target":["https:\/\/www.gaveanews.com\/index.php\/2025\/04\/10\/flamengo-faz-publicacao-direcionada-a-everton-ribeiro-2\/#respond"]}],"copyrightYear":"2025","copyrightHolder":{"@id":"https:\/\/www.gaveanews.com\/#organization"}},{"@type":"WebPage","@id":"https:\/\/www.gaveanews.com\/index.php\/2025\/04\/10\/flamengo-faz-publicacao-direcionada-a-everton-ribeiro-2\/","url":"https:\/\/www.gaveanews.com\/index.php\/2025\/04\/10\/flamengo-faz-publicacao-direcionada-a-everton-ribeiro-2\/","name":"Flamengo faz publica\u00e7\u00e3o direcionada a Everton Ribeiro","isPartOf":{"@id":"https:\/\/www.gaveanews.com\/#website"},"primaryImageOfPage":{"@id":"https:\/\/www.gaveanews.com\/index.php\/2025\/04\/10\/flamengo-faz-publicacao-direcionada-a-everton-ribeiro-2\/#primaryimage"},"image":{"@id":"https:\/\/www.gaveanews.com\/index.php\/2025\/04\/10\/flamengo-faz-publicacao-direcionada-a-everton-ribeiro-2\/#primaryimage"},"thumbnailUrl":"https:\/\/www.gaveanews.com\/wp-content\/uploads\/escudoDoFlamengo.webp","datePublished":"2025-04-10T20:40:00+00:00","author":{"@id":"https:\/\/www.gaveanews.com\/#\/schema\/person\/0eb3e3fe1754f0205218538adbe8f5ed"},"breadcrumb":{"@id":"https:\/\/www.gaveanews.com\/index.php\/2025\/04\/10\/flamengo-faz-publicacao-direcionada-a-everton-ribeiro-2\/#breadcrumb"},"inLanguage":"pt-BR","potentialAction":[{"@type":"ReadAction","target":["https:\/\/www.gaveanews.com\/index.php\/2025\/04\/10\/flamengo-faz-publicacao-direcionada-a-everton-ribeiro-2\/"]}]},{"@type":"ImageObject","inLanguage":"pt-BR","@id":"https:\/\/www.gaveanews.com\/index.php\/2025\/04\/10\/flamengo-faz-publicacao-direcionada-a-everton-ribeiro-2\/#primaryimage","url":"https:\/\/www.gaveanews.com\/wp-content\/uploads\/escudoDoFlamengo.webp","contentUrl":"https:\/\/www.gaveanews.com\/wp-content\/uploads\/escudoDoFlamengo.webp","width":1095,"height":730,"caption":"Centro de treinamento do Flamengo (Foto: Reprodu\u00e7\u00e3o)"},{"@type":"BreadcrumbList","@id":"https:\/\/www.gaveanews.com\/index.php\/2025\/04\/10\/flamengo-faz-publicacao-direcionada-a-everton-ribeiro-2\/#breadcrumb","itemListElement":[{"@type":"ListItem","position":1,"name":"Home","item":"https:\/\/www.gaveanews.com\/"},{"@type":"ListItem","position":2,"name":"Flamengo faz publica\u00e7\u00e3o direcionada a Everton Ribeiro"}]},{"@type":"WebSite","@id":"https:\/\/www.gaveanews.com\/#website","url":"https:\/\/www.gaveanews.com\/","name":"G\u00e1vea News","description":"Veja todas as not\u00edcias sobre o Flamengo: Contrata\u00e7\u00f5es, categorias de base, resultados das partidas, tabela de classifica\u00e7\u00e3o, pr\u00f3ximos jogos!","potentialAction":[{"@type":"SearchAction","target":{"@type":"EntryPoint","urlTemplate":"https:\/\/www.gaveanews.com\/?s={search_term_string}"},"query-input":{"@type":"PropertyValueSpecification","valueRequired":true,"valueName":"search_term_string"}}],"inLanguage":"pt-BR"},{"@type":"Person","@id":"https:\/\/www.gaveanews.com\/#\/schema\/person\/0eb3e3fe1754f0205218538adbe8f5ed","name":"Rafaela Ladeira","image":{"@type":"ImageObject","inLanguage":"pt-BR","@id":"https:\/\/www.gaveanews.com\/#\/schema\/person\/image\/","url":"https:\/\/secure.gravatar.com\/avatar\/c31f513acffd85eacab5730cbdfdbbf59f21ba5aeada8cd890acea879fbb2455?s=96&d=mm&r=g","contentUrl":"https:\/\/secure.gravatar.com\/avatar\/c31f513acffd85eacab5730cbdfdbbf59f21ba5aeada8cd890acea879fbb2455?s=96&d=mm&r=g","caption":"Rafaela Ladeira"}}]}},"_links":{"self":[{"href":"https:\/\/www.gaveanews.com\/index.php\/wp-json\/wp\/v2\/posts\/251726","targetHints":{"allow":["GET"]}}],"collection":[{"href":"https:\/\/www.gaveanews.com\/index.php\/wp-json\/wp\/v2\/posts"}],"about":[{"href":"https:\/\/www.gaveanews.com\/index.php\/wp-json\/wp\/v2\/types\/post"}],"author":[{"embeddable":true,"href":"https:\/\/www.gaveanews.com\/index.php\/wp-json\/wp\/v2\/users\/25"}],"replies":[{"embeddable":true,"href":"https:\/\/www.gaveanews.com\/index.php\/wp-json\/wp\/v2\/comments?post=251726"}],"version-history":[{"count":1,"href":"https:\/\/www.gaveanews.com\/index.php\/wp-json\/wp\/v2\/posts\/251726\/revisions"}],"predecessor-version":[{"id":251730,"href":"https:\/\/www.gaveanews.com\/index.php\/wp-json\/wp\/v2\/posts\/251726\/revisions\/251730"}],"wp:featuredmedia":[{"embeddable":true,"href":"https:\/\/www.gaveanews.com\/index.php\/wp-json\/wp\/v2\/media\/124684"}],"wp:attachment":[{"href":"https:\/\/www.gaveanews.com\/index.php\/wp-json\/wp\/v2\/media?parent=251726"}],"wp:term":[{"taxonomy":"category","embeddable":true,"href":"https:\/\/www.gaveanews.com\/index.php\/wp-json\/wp\/v2\/categories?post=251726"},{"taxonomy":"post_tag","embeddable":true,"href":"https:\/\/www.gaveanews.com\/index.php\/wp-json\/wp\/v2\/tags?post=251726"}],"curies":[{"name":"wp","href":"https:\/\/api.w.org\/{rel}","templated":true}]}}