{"id":251729,"date":"2025-04-10T17:35:00","date_gmt":"2025-04-10T20:35:00","guid":{"rendered":"https:\/\/www.gaveanews.com\/?p=251729"},"modified":"2025-04-10T14:44:56","modified_gmt":"2025-04-10T17:44:56","slug":"a-declaracao-de-felipe-melo-direcionada-ao-bahia","status":"publish","type":"post","link":"https:\/\/www.gaveanews.com\/index.php\/2025\/04\/10\/a-declaracao-de-felipe-melo-direcionada-ao-bahia\/","title":{"rendered":"A declara\u00e7\u00e3o de Felipe Melo direcionada ao Bahia"},"content":{"rendered":"\n<p>O desempenho recente do Bahia na Copa Libertadores chamou a aten\u00e7\u00e3o de Felipe Melo. O ex-jogador, atualmente comentarista esportivo do Grupo Globo, utilizou suas redes sociais para elogiar o Tricolor Baiano ap\u00f3s a vit\u00f3ria por 1 a 0 sobre o Nacional-URU, em Montevid\u00e9u. O resultado, conquistado fora de casa, foi tratado por ele como um feito expressivo. \u201cN\u00e3o \u00e9 pra qualquer um\u201d, declarou Melo.<\/p>\n\n\n\n<p>O confronto, v\u00e1lido pela segunda rodada da fase de grupos da competi\u00e7\u00e3o continental, foi decidido com um belo gol de Erick Pulga, em chute colocado no est\u00e1dio Gran Parque Central. A atua\u00e7\u00e3o s\u00f3lida garantiu ao Bahia a lideran\u00e7a provis\u00f3ria do Grupo F, enquanto o Nacional caiu para a lanterna da chave. A vit\u00f3ria tamb\u00e9m representou o primeiro triunfo do clube baiano na atual edi\u00e7\u00e3o da Libertadores.<\/p>\n\n\n\n<figure class=\"wp-block-image size-full\"><img loading=\"lazy\" decoding=\"async\" width=\"758\" height=\"408\" src=\"http:\/\/www.gaveanews.com\/wp-content\/uploads\/Rogerio-Ceni-comemora-pelo-Bahia.webp\" alt=\"\" class=\"wp-image-251412\"\/><figcaption class=\"wp-element-caption\">Rog\u00e9rio Ceni comemora pelo Bahia (Fotos: Let\u00edcia Martins \/ EC Bahia)<\/figcaption><\/figure>\n\n\n\n<p>Em entrevista ap\u00f3s a partida, Erick Pulga se emocionou ao falar sobre o momento que vive com a camisa do Bahia. \u201cFico emocionado porque vai ser uma noite que eu nunca vou esquecer na minha vida\u201d, afirmou o jogador. O atacante ainda fez quest\u00e3o de agradecer o acolhimento dos companheiros e do clube em um per\u00edodo delicado de sua carreira. \u201cDesde a minha chegada, eles me receberam muito bem. Nunca pensei que eu seria t\u00e3o bem recebido assim\u201d, completou.<\/p>\n\n\n\n<p>O t\u00e9cnico Rog\u00e9rio Ceni, que comanda o time nesta temporada, tem se tornado pe\u00e7a importante no atual bom momento do clube. O Bahia, que vem se firmando como uma das equipes mais competitivas do pa\u00eds em 2025, tem alternado boas atua\u00e7\u00f5es entre o cen\u00e1rio nacional e internacional, o que fortalece seu planejamento ao longo do ano.<\/p>\n\n\n\n<p>Pelo Brasileir\u00e3o S\u00e9rie A, o pr\u00f3ximo compromisso do Bahia acontece no domingo (13), \u00e0s 16h (hor\u00e1rio de Bras\u00edlia), na Arena Fonte Nova, onde recebe o Mirassol. A partida \u00e9 v\u00e1lida pela terceira rodada da competi\u00e7\u00e3o e pode consolidar ainda mais a boa fase da equipe.<\/p>\n\n\n\n<p>Na sequ\u00eancia da Libertadores, o Tricolor de A\u00e7o volta a campo na quinta-feira (24), \u00e0s 21h (hor\u00e1rio de Bras\u00edlia), quando enfrenta o Atl\u00e9tico Nacional, novamente em Salvador. J\u00e1 o Nacional-URU encara o Internacional na ter\u00e7a-feira (22), tamb\u00e9m \u00e0s 21h30 (hor\u00e1rio de Bras\u00edlia), em busca de recupera\u00e7\u00e3o na competi\u00e7\u00e3o sul-americana.<\/p>\n","protected":false},"excerpt":{"rendered":"<p>O desempenho recente do Bahia na Copa Libertadores chamou a aten\u00e7\u00e3o de Felipe Melo. O ex-jogador, atualmente comentarista esportivo do Grupo Globo, utilizou suas redes sociais para elogiar o Tricolor Baiano ap\u00f3s a vit\u00f3ria por 1 a 0 sobre o Nacional-URU, em Montevid\u00e9u. O resultado, conquistado fora de casa, foi tratado por ele como um [&hellip;]<\/p>\n","protected":false},"author":27,"featured_media":244418,"comment_status":"open","ping_status":"closed","sticky":false,"template":"","format":"standard","meta":{"footnotes":""},"categories":[137],"tags":[],"class_list":["post-251729","post","type-post","status-publish","format-standard","has-post-thumbnail","hentry","category-bahia"],"yoast_head":"<!-- This site is optimized with the Yoast SEO Premium plugin v24.2 (Yoast SEO v26.9) - https:\/\/yoast.com\/product\/yoast-seo-premium-wordpress\/ -->\n<title>A declara\u00e7\u00e3o de Felipe Melo direcionada ao Bahia<\/title>\n<meta name=\"robots\" content=\"index, follow, max-snippet:-1, max-image-preview:large, max-video-preview:-1\" \/>\n<link rel=\"canonical\" href=\"https:\/\/www.gaveanews.com\/index.php\/2025\/04\/10\/a-declaracao-de-felipe-melo-direcionada-ao-bahia\/\" \/>\n<meta property=\"og:locale\" content=\"pt_BR\" \/>\n<meta property=\"og:type\" content=\"article\" \/>\n<meta property=\"og:title\" content=\"A declara\u00e7\u00e3o de Felipe Melo direcionada ao Bahia\" \/>\n<meta property=\"og:description\" content=\"O desempenho recente do Bahia na Copa Libertadores chamou a aten\u00e7\u00e3o de Felipe Melo. O ex-jogador, atualmente comentarista esportivo do Grupo Globo, utilizou suas redes sociais para elogiar o Tricolor Baiano ap\u00f3s a vit\u00f3ria por 1 a 0 sobre o Nacional-URU, em Montevid\u00e9u. O resultado, conquistado fora de casa, foi tratado por ele como um [&hellip;]\" \/>\n<meta property=\"og:url\" content=\"https:\/\/www.gaveanews.com\/index.php\/2025\/04\/10\/a-declaracao-de-felipe-melo-direcionada-ao-bahia\/\" \/>\n<meta property=\"og:site_name\" content=\"G\u00e1vea News\" \/>\n<meta property=\"article:publisher\" content=\"https:\/\/facebook.com\/gaveaNews\/\" \/>\n<meta property=\"article:published_time\" content=\"2025-04-10T20:35:00+00:00\" \/>\n<meta property=\"og:image\" content=\"https:\/\/www.gaveanews.com\/wp-content\/uploads\/Felipe-Melo-comentarista-da-Rede-Globo.webp\" \/>\n\t<meta property=\"og:image:width\" content=\"900\" \/>\n\t<meta property=\"og:image:height\" content=\"600\" \/>\n\t<meta property=\"og:image:type\" content=\"image\/jpeg\" \/>\n<meta name=\"author\" content=\"Matheus Felipe\" \/>\n<meta name=\"twitter:card\" content=\"summary_large_image\" \/>\n<meta name=\"twitter:label1\" content=\"Escrito por\" \/>\n\t<meta name=\"twitter:data1\" content=\"Matheus Felipe\" \/>\n\t<meta name=\"twitter:label2\" content=\"Est. tempo de leitura\" \/>\n\t<meta name=\"twitter:data2\" content=\"3 minutos\" \/>\n<script type=\"application\/ld+json\" class=\"yoast-schema-graph\">{\"@context\":\"https:\/\/schema.org\",\"@graph\":[{\"@type\":\"NewsArticle\",\"@id\":\"https:\/\/www.gaveanews.com\/index.php\/2025\/04\/10\/a-declaracao-de-felipe-melo-direcionada-ao-bahia\/#article\",\"isPartOf\":{\"@id\":\"https:\/\/www.gaveanews.com\/index.php\/2025\/04\/10\/a-declaracao-de-felipe-melo-direcionada-ao-bahia\/\"},\"author\":{\"name\":\"Matheus Felipe\",\"@id\":\"https:\/\/www.gaveanews.com\/#\/schema\/person\/8207cd4627f56151707418bfc835b2fb\"},\"headline\":\"A declara\u00e7\u00e3o de Felipe Melo direcionada ao Bahia\",\"datePublished\":\"2025-04-10T20:35:00+00:00\",\"mainEntityOfPage\":{\"@id\":\"https:\/\/www.gaveanews.com\/index.php\/2025\/04\/10\/a-declaracao-de-felipe-melo-direcionada-ao-bahia\/\"},\"wordCount\":415,\"commentCount\":0,\"image\":{\"@id\":\"https:\/\/www.gaveanews.com\/index.php\/2025\/04\/10\/a-declaracao-de-felipe-melo-direcionada-ao-bahia\/#primaryimage\"},\"thumbnailUrl\":\"https:\/\/www.gaveanews.com\/wp-content\/uploads\/Felipe-Melo-comentarista-da-Rede-Globo.webp\",\"articleSection\":[\"Bahia\"],\"inLanguage\":\"pt-BR\",\"potentialAction\":[{\"@type\":\"CommentAction\",\"name\":\"Comment\",\"target\":[\"https:\/\/www.gaveanews.com\/index.php\/2025\/04\/10\/a-declaracao-de-felipe-melo-direcionada-ao-bahia\/#respond\"]}],\"copyrightYear\":\"2025\",\"copyrightHolder\":{\"@id\":\"https:\/\/www.gaveanews.com\/#organization\"}},{\"@type\":\"WebPage\",\"@id\":\"https:\/\/www.gaveanews.com\/index.php\/2025\/04\/10\/a-declaracao-de-felipe-melo-direcionada-ao-bahia\/\",\"url\":\"https:\/\/www.gaveanews.com\/index.php\/2025\/04\/10\/a-declaracao-de-felipe-melo-direcionada-ao-bahia\/\",\"name\":\"A declara\u00e7\u00e3o de Felipe Melo direcionada ao Bahia\",\"isPartOf\":{\"@id\":\"https:\/\/www.gaveanews.com\/#website\"},\"primaryImageOfPage\":{\"@id\":\"https:\/\/www.gaveanews.com\/index.php\/2025\/04\/10\/a-declaracao-de-felipe-melo-direcionada-ao-bahia\/#primaryimage\"},\"image\":{\"@id\":\"https:\/\/www.gaveanews.com\/index.php\/2025\/04\/10\/a-declaracao-de-felipe-melo-direcionada-ao-bahia\/#primaryimage\"},\"thumbnailUrl\":\"https:\/\/www.gaveanews.com\/wp-content\/uploads\/Felipe-Melo-comentarista-da-Rede-Globo.webp\",\"datePublished\":\"2025-04-10T20:35:00+00:00\",\"author\":{\"@id\":\"https:\/\/www.gaveanews.com\/#\/schema\/person\/8207cd4627f56151707418bfc835b2fb\"},\"breadcrumb\":{\"@id\":\"https:\/\/www.gaveanews.com\/index.php\/2025\/04\/10\/a-declaracao-de-felipe-melo-direcionada-ao-bahia\/#breadcrumb\"},\"inLanguage\":\"pt-BR\",\"potentialAction\":[{\"@type\":\"ReadAction\",\"target\":[\"https:\/\/www.gaveanews.com\/index.php\/2025\/04\/10\/a-declaracao-de-felipe-melo-direcionada-ao-bahia\/\"]}]},{\"@type\":\"ImageObject\",\"inLanguage\":\"pt-BR\",\"@id\":\"https:\/\/www.gaveanews.com\/index.php\/2025\/04\/10\/a-declaracao-de-felipe-melo-direcionada-ao-bahia\/#primaryimage\",\"url\":\"https:\/\/www.gaveanews.com\/wp-content\/uploads\/Felipe-Melo-comentarista-da-Rede-Globo.webp\",\"contentUrl\":\"https:\/\/www.gaveanews.com\/wp-content\/uploads\/Felipe-Melo-comentarista-da-Rede-Globo.webp\",\"width\":900,\"height\":600,\"caption\":\"Felipe Melo, comentarista da Rede Globo (Foto: Marcelo de Jesus)\"},{\"@type\":\"BreadcrumbList\",\"@id\":\"https:\/\/www.gaveanews.com\/index.php\/2025\/04\/10\/a-declaracao-de-felipe-melo-direcionada-ao-bahia\/#breadcrumb\",\"itemListElement\":[{\"@type\":\"ListItem\",\"position\":1,\"name\":\"Home\",\"item\":\"https:\/\/www.gaveanews.com\/\"},{\"@type\":\"ListItem\",\"position\":2,\"name\":\"A declara\u00e7\u00e3o de Felipe Melo direcionada ao Bahia\"}]},{\"@type\":\"WebSite\",\"@id\":\"https:\/\/www.gaveanews.com\/#website\",\"url\":\"https:\/\/www.gaveanews.com\/\",\"name\":\"G\u00e1vea News\",\"description\":\"Veja todas as not\u00edcias sobre o Flamengo: Contrata\u00e7\u00f5es, categorias de base, resultados das partidas, tabela de classifica\u00e7\u00e3o, pr\u00f3ximos jogos!\",\"potentialAction\":[{\"@type\":\"SearchAction\",\"target\":{\"@type\":\"EntryPoint\",\"urlTemplate\":\"https:\/\/www.gaveanews.com\/?s={search_term_string}\"},\"query-input\":{\"@type\":\"PropertyValueSpecification\",\"valueRequired\":true,\"valueName\":\"search_term_string\"}}],\"inLanguage\":\"pt-BR\"},{\"@type\":\"Person\",\"@id\":\"https:\/\/www.gaveanews.com\/#\/schema\/person\/8207cd4627f56151707418bfc835b2fb\",\"name\":\"Matheus Felipe\",\"image\":{\"@type\":\"ImageObject\",\"inLanguage\":\"pt-BR\",\"@id\":\"https:\/\/www.gaveanews.com\/#\/schema\/person\/image\/\",\"url\":\"https:\/\/secure.gravatar.com\/avatar\/a452ffbed9130f726358b298bb3a99ce4bd3c5338411f8440e87e14d74c7c087?s=96&d=mm&r=g\",\"contentUrl\":\"https:\/\/secure.gravatar.com\/avatar\/a452ffbed9130f726358b298bb3a99ce4bd3c5338411f8440e87e14d74c7c087?s=96&d=mm&r=g\",\"caption\":\"Matheus Felipe\"}}]}<\/script>\n<!-- \/ Yoast SEO Premium plugin. -->","yoast_head_json":{"title":"A declara\u00e7\u00e3o de Felipe Melo direcionada ao Bahia","robots":{"index":"index","follow":"follow","max-snippet":"max-snippet:-1","max-image-preview":"max-image-preview:large","max-video-preview":"max-video-preview:-1"},"canonical":"https:\/\/www.gaveanews.com\/index.php\/2025\/04\/10\/a-declaracao-de-felipe-melo-direcionada-ao-bahia\/","og_locale":"pt_BR","og_type":"article","og_title":"A declara\u00e7\u00e3o de Felipe Melo direcionada ao Bahia","og_description":"O desempenho recente do Bahia na Copa Libertadores chamou a aten\u00e7\u00e3o de Felipe Melo. O ex-jogador, atualmente comentarista esportivo do Grupo Globo, utilizou suas redes sociais para elogiar o Tricolor Baiano ap\u00f3s a vit\u00f3ria por 1 a 0 sobre o Nacional-URU, em Montevid\u00e9u. O resultado, conquistado fora de casa, foi tratado por ele como um [&hellip;]","og_url":"https:\/\/www.gaveanews.com\/index.php\/2025\/04\/10\/a-declaracao-de-felipe-melo-direcionada-ao-bahia\/","og_site_name":"G\u00e1vea News","article_publisher":"https:\/\/facebook.com\/gaveaNews\/","article_published_time":"2025-04-10T20:35:00+00:00","og_image":[{"width":900,"height":600,"url":"https:\/\/www.gaveanews.com\/wp-content\/uploads\/Felipe-Melo-comentarista-da-Rede-Globo.webp","type":"image\/jpeg"}],"author":"Matheus Felipe","twitter_card":"summary_large_image","twitter_misc":{"Escrito por":"Matheus Felipe","Est. tempo de leitura":"3 minutos"},"schema":{"@context":"https:\/\/schema.org","@graph":[{"@type":"NewsArticle","@id":"https:\/\/www.gaveanews.com\/index.php\/2025\/04\/10\/a-declaracao-de-felipe-melo-direcionada-ao-bahia\/#article","isPartOf":{"@id":"https:\/\/www.gaveanews.com\/index.php\/2025\/04\/10\/a-declaracao-de-felipe-melo-direcionada-ao-bahia\/"},"author":{"name":"Matheus Felipe","@id":"https:\/\/www.gaveanews.com\/#\/schema\/person\/8207cd4627f56151707418bfc835b2fb"},"headline":"A declara\u00e7\u00e3o de Felipe Melo direcionada ao Bahia","datePublished":"2025-04-10T20:35:00+00:00","mainEntityOfPage":{"@id":"https:\/\/www.gaveanews.com\/index.php\/2025\/04\/10\/a-declaracao-de-felipe-melo-direcionada-ao-bahia\/"},"wordCount":415,"commentCount":0,"image":{"@id":"https:\/\/www.gaveanews.com\/index.php\/2025\/04\/10\/a-declaracao-de-felipe-melo-direcionada-ao-bahia\/#primaryimage"},"thumbnailUrl":"https:\/\/www.gaveanews.com\/wp-content\/uploads\/Felipe-Melo-comentarista-da-Rede-Globo.webp","articleSection":["Bahia"],"inLanguage":"pt-BR","potentialAction":[{"@type":"CommentAction","name":"Comment","target":["https:\/\/www.gaveanews.com\/index.php\/2025\/04\/10\/a-declaracao-de-felipe-melo-direcionada-ao-bahia\/#respond"]}],"copyrightYear":"2025","copyrightHolder":{"@id":"https:\/\/www.gaveanews.com\/#organization"}},{"@type":"WebPage","@id":"https:\/\/www.gaveanews.com\/index.php\/2025\/04\/10\/a-declaracao-de-felipe-melo-direcionada-ao-bahia\/","url":"https:\/\/www.gaveanews.com\/index.php\/2025\/04\/10\/a-declaracao-de-felipe-melo-direcionada-ao-bahia\/","name":"A declara\u00e7\u00e3o de Felipe Melo direcionada ao Bahia","isPartOf":{"@id":"https:\/\/www.gaveanews.com\/#website"},"primaryImageOfPage":{"@id":"https:\/\/www.gaveanews.com\/index.php\/2025\/04\/10\/a-declaracao-de-felipe-melo-direcionada-ao-bahia\/#primaryimage"},"image":{"@id":"https:\/\/www.gaveanews.com\/index.php\/2025\/04\/10\/a-declaracao-de-felipe-melo-direcionada-ao-bahia\/#primaryimage"},"thumbnailUrl":"https:\/\/www.gaveanews.com\/wp-content\/uploads\/Felipe-Melo-comentarista-da-Rede-Globo.webp","datePublished":"2025-04-10T20:35:00+00:00","author":{"@id":"https:\/\/www.gaveanews.com\/#\/schema\/person\/8207cd4627f56151707418bfc835b2fb"},"breadcrumb":{"@id":"https:\/\/www.gaveanews.com\/index.php\/2025\/04\/10\/a-declaracao-de-felipe-melo-direcionada-ao-bahia\/#breadcrumb"},"inLanguage":"pt-BR","potentialAction":[{"@type":"ReadAction","target":["https:\/\/www.gaveanews.com\/index.php\/2025\/04\/10\/a-declaracao-de-felipe-melo-direcionada-ao-bahia\/"]}]},{"@type":"ImageObject","inLanguage":"pt-BR","@id":"https:\/\/www.gaveanews.com\/index.php\/2025\/04\/10\/a-declaracao-de-felipe-melo-direcionada-ao-bahia\/#primaryimage","url":"https:\/\/www.gaveanews.com\/wp-content\/uploads\/Felipe-Melo-comentarista-da-Rede-Globo.webp","contentUrl":"https:\/\/www.gaveanews.com\/wp-content\/uploads\/Felipe-Melo-comentarista-da-Rede-Globo.webp","width":900,"height":600,"caption":"Felipe Melo, comentarista da Rede Globo (Foto: Marcelo de Jesus)"},{"@type":"BreadcrumbList","@id":"https:\/\/www.gaveanews.com\/index.php\/2025\/04\/10\/a-declaracao-de-felipe-melo-direcionada-ao-bahia\/#breadcrumb","itemListElement":[{"@type":"ListItem","position":1,"name":"Home","item":"https:\/\/www.gaveanews.com\/"},{"@type":"ListItem","position":2,"name":"A declara\u00e7\u00e3o de Felipe Melo direcionada ao Bahia"}]},{"@type":"WebSite","@id":"https:\/\/www.gaveanews.com\/#website","url":"https:\/\/www.gaveanews.com\/","name":"G\u00e1vea News","description":"Veja todas as not\u00edcias sobre o Flamengo: Contrata\u00e7\u00f5es, categorias de base, resultados das partidas, tabela de classifica\u00e7\u00e3o, pr\u00f3ximos jogos!","potentialAction":[{"@type":"SearchAction","target":{"@type":"EntryPoint","urlTemplate":"https:\/\/www.gaveanews.com\/?s={search_term_string}"},"query-input":{"@type":"PropertyValueSpecification","valueRequired":true,"valueName":"search_term_string"}}],"inLanguage":"pt-BR"},{"@type":"Person","@id":"https:\/\/www.gaveanews.com\/#\/schema\/person\/8207cd4627f56151707418bfc835b2fb","name":"Matheus Felipe","image":{"@type":"ImageObject","inLanguage":"pt-BR","@id":"https:\/\/www.gaveanews.com\/#\/schema\/person\/image\/","url":"https:\/\/secure.gravatar.com\/avatar\/a452ffbed9130f726358b298bb3a99ce4bd3c5338411f8440e87e14d74c7c087?s=96&d=mm&r=g","contentUrl":"https:\/\/secure.gravatar.com\/avatar\/a452ffbed9130f726358b298bb3a99ce4bd3c5338411f8440e87e14d74c7c087?s=96&d=mm&r=g","caption":"Matheus Felipe"}}]}},"_links":{"self":[{"href":"https:\/\/www.gaveanews.com\/index.php\/wp-json\/wp\/v2\/posts\/251729","targetHints":{"allow":["GET"]}}],"collection":[{"href":"https:\/\/www.gaveanews.com\/index.php\/wp-json\/wp\/v2\/posts"}],"about":[{"href":"https:\/\/www.gaveanews.com\/index.php\/wp-json\/wp\/v2\/types\/post"}],"author":[{"embeddable":true,"href":"https:\/\/www.gaveanews.com\/index.php\/wp-json\/wp\/v2\/users\/27"}],"replies":[{"embeddable":true,"href":"https:\/\/www.gaveanews.com\/index.php\/wp-json\/wp\/v2\/comments?post=251729"}],"version-history":[{"count":1,"href":"https:\/\/www.gaveanews.com\/index.php\/wp-json\/wp\/v2\/posts\/251729\/revisions"}],"predecessor-version":[{"id":251732,"href":"https:\/\/www.gaveanews.com\/index.php\/wp-json\/wp\/v2\/posts\/251729\/revisions\/251732"}],"wp:featuredmedia":[{"embeddable":true,"href":"https:\/\/www.gaveanews.com\/index.php\/wp-json\/wp\/v2\/media\/244418"}],"wp:attachment":[{"href":"https:\/\/www.gaveanews.com\/index.php\/wp-json\/wp\/v2\/media?parent=251729"}],"wp:term":[{"taxonomy":"category","embeddable":true,"href":"https:\/\/www.gaveanews.com\/index.php\/wp-json\/wp\/v2\/categories?post=251729"},{"taxonomy":"post_tag","embeddable":true,"href":"https:\/\/www.gaveanews.com\/index.php\/wp-json\/wp\/v2\/tags?post=251729"}],"curies":[{"name":"wp","href":"https:\/\/api.w.org\/{rel}","templated":true}]}}