{"id":251760,"date":"2025-04-10T18:35:00","date_gmt":"2025-04-10T21:35:00","guid":{"rendered":"https:\/\/www.gaveanews.com\/?p=251760"},"modified":"2025-04-10T15:26:48","modified_gmt":"2025-04-10T18:26:48","slug":"vasco-atualizacao-sobre-polemica-envolvendo-payet-e-advogada","status":"publish","type":"post","link":"https:\/\/www.gaveanews.com\/index.php\/2025\/04\/10\/vasco-atualizacao-sobre-polemica-envolvendo-payet-e-advogada\/","title":{"rendered":"Vasco: atualiza\u00e7\u00e3o sobre pol\u00eamica envolvendo Payet e advogada"},"content":{"rendered":"\n<p>O meio-campista Dimitri Payet, atleta do Vasco, foi denunciado pela advogada Larissa Ferrari por agress\u00e3o f\u00edsica e psicol\u00f3gica, al\u00e9m de amea\u00e7as. A den\u00fancia foi formalizada na Delegacia de Atendimento \u00e0 Mulher (Deam) de Jacarepagu\u00e1, no Rio de Janeiro, na quarta-feira (9 de abril), e a v\u00edtima tamb\u00e9m ingressou com um pedido de medida protetiva de urg\u00eancia contra o jogador.<\/p>\n\n\n\n<p>Conforme relato da advogada \u00e0s autoridades, os epis\u00f3dios de viol\u00eancia teriam ocorrido dentro da resid\u00eancia do atleta, localizada na Barra da Tijuca. De acordo com o boletim de ocorr\u00eancia, as agress\u00f5es come\u00e7aram ap\u00f3s uma discuss\u00e3o entre os dois. Ainda segundo Larissa, ela foi v\u00edtima de amea\u00e7as e sofreu forte abalo emocional.<\/p>\n\n\n\n<p>Ali\u00e1s, al\u00e9m do registro feito no Rio de Janeiro, a advogada procurou tamb\u00e9m a pol\u00edcia no estado do Paran\u00e1. As den\u00fancias foram acompanhadas de imagens que mostram hematomas em v\u00e1rias partes do corpo da mulher, supostamente provocados pelas agress\u00f5es. As marcas serviram como prova para embasar o pedido da medida protetiva. \u201cFui agredida f\u00edsica e psicologicamente. Estou emocionalmente abalada e preciso de prote\u00e7\u00e3o\u201d, declarou Larissa \u00e0 pol\u00edcia.<\/p>\n\n\n\n<p>A rela\u00e7\u00e3o entre Payet e Larissa Ferrari era de car\u00e1ter extraconjugal, e o caso, que se tornou p\u00fablico nesta quinta-feira (10 de abril), rapidamente repercutiu entre torcedores e nas redes sociais. A pr\u00f3pria advogada j\u00e1 havia se pronunciado anteriormente em outras ocasi\u00f5es sobre o envolvimento com o jogador. Entretanto, desta vez, a situa\u00e7\u00e3o escalou, culminando em a\u00e7\u00e3o policial.<\/p>\n\n\n\n<p>A Pol\u00edcia Civil confirmou que o caso est\u00e1 sendo investigado sob sigilo, a fim de garantir a seguran\u00e7a da denunciante. Algumas medidas j\u00e1 teriam sido adotadas, embora detalhes n\u00e3o tenham sido divulgados publicamente. Apesar da gravidade das acusa\u00e7\u00f5es, at\u00e9 o momento, nem o jogador nem sua assessoria se manifestaram oficialmente. Da mesma forma, o Vasco da Gama, clube ao qual o atleta pertence desde 2023, segue em sil\u00eancio diante da den\u00fancia.<\/p>\n\n\n\n<p>\u00c9 importante ressaltar que, at\u00e9 o fechamento desta reportagem, n\u00e3o houve confirma\u00e7\u00e3o sobre eventuais medidas disciplinares internas por parte da diretoria do clube. Eventualmente, o Vasco pode ser pressionado a se posicionar conforme o andamento das investiga\u00e7\u00f5es.<\/p>\n\n\n\n<p>Embora o caso envolva uma figura p\u00fablica de destaque no futebol brasileiro, as acusa\u00e7\u00f5es transcendem o esporte e tocam em uma quest\u00e3o social sens\u00edvel: a viol\u00eancia contra a mulher. Dessa forma, as institui\u00e7\u00f5es envolvidas, tanto esportivas quanto jur\u00eddicas, est\u00e3o sendo observadas pela sociedade, que espera provid\u00eancias claras e justas.<\/p>\n\n\n\n<p>Em resumo, Payet est\u00e1 no centro de uma grave acusa\u00e7\u00e3o de agress\u00e3o e amea\u00e7a contra a advogada Larissa Ferrari, e o caso segue sendo apurado pela Pol\u00edcia Civil, com os desdobramentos ainda em curso.<\/p>\n","protected":false},"excerpt":{"rendered":"<p>O meio-campista Dimitri Payet, atleta do Vasco, foi denunciado pela advogada Larissa Ferrari por agress\u00e3o f\u00edsica e psicol\u00f3gica, al\u00e9m de amea\u00e7as. A den\u00fancia foi formalizada na Delegacia de Atendimento \u00e0 Mulher (Deam) de Jacarepagu\u00e1, no Rio de Janeiro, na quarta-feira (9 de abril), e a v\u00edtima tamb\u00e9m ingressou com um pedido de medida protetiva de [&hellip;]<\/p>\n","protected":false},"author":30,"featured_media":124623,"comment_status":"open","ping_status":"closed","sticky":false,"template":"","format":"standard","meta":{"footnotes":""},"categories":[81,152],"tags":[],"class_list":["post-251760","post","type-post","status-publish","format-standard","has-post-thumbnail","hentry","category-celebridades","category-vasco"],"yoast_head":"<!-- This site is optimized with the Yoast SEO Premium plugin v24.2 (Yoast SEO v26.9) - https:\/\/yoast.com\/product\/yoast-seo-premium-wordpress\/ -->\n<title>Vasco: atualiza\u00e7\u00e3o sobre pol\u00eamica envolvendo Payet e advogada<\/title>\n<meta name=\"robots\" content=\"index, follow, max-snippet:-1, max-image-preview:large, max-video-preview:-1\" \/>\n<link rel=\"canonical\" href=\"https:\/\/www.gaveanews.com\/index.php\/2025\/04\/10\/vasco-atualizacao-sobre-polemica-envolvendo-payet-e-advogada\/\" \/>\n<meta property=\"og:locale\" content=\"pt_BR\" \/>\n<meta property=\"og:type\" content=\"article\" \/>\n<meta property=\"og:title\" content=\"Vasco: atualiza\u00e7\u00e3o sobre pol\u00eamica envolvendo Payet e advogada\" \/>\n<meta property=\"og:description\" content=\"O meio-campista Dimitri Payet, atleta do Vasco, foi denunciado pela advogada Larissa Ferrari por agress\u00e3o f\u00edsica e psicol\u00f3gica, al\u00e9m de amea\u00e7as. A den\u00fancia foi formalizada na Delegacia de Atendimento \u00e0 Mulher (Deam) de Jacarepagu\u00e1, no Rio de Janeiro, na quarta-feira (9 de abril), e a v\u00edtima tamb\u00e9m ingressou com um pedido de medida protetiva de [&hellip;]\" \/>\n<meta property=\"og:url\" content=\"https:\/\/www.gaveanews.com\/index.php\/2025\/04\/10\/vasco-atualizacao-sobre-polemica-envolvendo-payet-e-advogada\/\" \/>\n<meta property=\"og:site_name\" content=\"G\u00e1vea News\" \/>\n<meta property=\"article:publisher\" content=\"https:\/\/facebook.com\/gaveaNews\/\" \/>\n<meta property=\"article:published_time\" content=\"2025-04-10T21:35:00+00:00\" \/>\n<meta property=\"og:image\" content=\"https:\/\/www.gaveanews.com\/wp-content\/uploads\/agif23100200212796-1-.webp\" \/>\n\t<meta property=\"og:image:width\" content=\"984\" \/>\n\t<meta property=\"og:image:height\" content=\"656\" \/>\n\t<meta property=\"og:image:type\" content=\"image\/webp\" \/>\n<meta name=\"author\" content=\"Ana Teixeira\" \/>\n<meta name=\"twitter:card\" content=\"summary_large_image\" \/>\n<meta name=\"twitter:label1\" content=\"Escrito por\" \/>\n\t<meta name=\"twitter:data1\" content=\"Ana Teixeira\" \/>\n\t<meta name=\"twitter:label2\" content=\"Est. tempo de leitura\" \/>\n\t<meta name=\"twitter:data2\" content=\"3 minutos\" \/>\n<script type=\"application\/ld+json\" class=\"yoast-schema-graph\">{\"@context\":\"https:\/\/schema.org\",\"@graph\":[{\"@type\":\"NewsArticle\",\"@id\":\"https:\/\/www.gaveanews.com\/index.php\/2025\/04\/10\/vasco-atualizacao-sobre-polemica-envolvendo-payet-e-advogada\/#article\",\"isPartOf\":{\"@id\":\"https:\/\/www.gaveanews.com\/index.php\/2025\/04\/10\/vasco-atualizacao-sobre-polemica-envolvendo-payet-e-advogada\/\"},\"author\":{\"name\":\"Ana Teixeira\",\"@id\":\"https:\/\/www.gaveanews.com\/#\/schema\/person\/3b19f7288b0ce20372991275e4f2e6c2\"},\"headline\":\"Vasco: atualiza\u00e7\u00e3o sobre pol\u00eamica envolvendo Payet e advogada\",\"datePublished\":\"2025-04-10T21:35:00+00:00\",\"mainEntityOfPage\":{\"@id\":\"https:\/\/www.gaveanews.com\/index.php\/2025\/04\/10\/vasco-atualizacao-sobre-polemica-envolvendo-payet-e-advogada\/\"},\"wordCount\":488,\"commentCount\":0,\"image\":{\"@id\":\"https:\/\/www.gaveanews.com\/index.php\/2025\/04\/10\/vasco-atualizacao-sobre-polemica-envolvendo-payet-e-advogada\/#primaryimage\"},\"thumbnailUrl\":\"https:\/\/www.gaveanews.com\/wp-content\/uploads\/agif23100200212796-1-.webp\",\"articleSection\":[\"Celebridades\",\"Vasco\"],\"inLanguage\":\"pt-BR\",\"potentialAction\":[{\"@type\":\"CommentAction\",\"name\":\"Comment\",\"target\":[\"https:\/\/www.gaveanews.com\/index.php\/2025\/04\/10\/vasco-atualizacao-sobre-polemica-envolvendo-payet-e-advogada\/#respond\"]}],\"copyrightYear\":\"2025\",\"copyrightHolder\":{\"@id\":\"https:\/\/www.gaveanews.com\/#organization\"}},{\"@type\":\"WebPage\",\"@id\":\"https:\/\/www.gaveanews.com\/index.php\/2025\/04\/10\/vasco-atualizacao-sobre-polemica-envolvendo-payet-e-advogada\/\",\"url\":\"https:\/\/www.gaveanews.com\/index.php\/2025\/04\/10\/vasco-atualizacao-sobre-polemica-envolvendo-payet-e-advogada\/\",\"name\":\"Vasco: atualiza\u00e7\u00e3o sobre pol\u00eamica envolvendo Payet e advogada\",\"isPartOf\":{\"@id\":\"https:\/\/www.gaveanews.com\/#website\"},\"primaryImageOfPage\":{\"@id\":\"https:\/\/www.gaveanews.com\/index.php\/2025\/04\/10\/vasco-atualizacao-sobre-polemica-envolvendo-payet-e-advogada\/#primaryimage\"},\"image\":{\"@id\":\"https:\/\/www.gaveanews.com\/index.php\/2025\/04\/10\/vasco-atualizacao-sobre-polemica-envolvendo-payet-e-advogada\/#primaryimage\"},\"thumbnailUrl\":\"https:\/\/www.gaveanews.com\/wp-content\/uploads\/agif23100200212796-1-.webp\",\"datePublished\":\"2025-04-10T21:35:00+00:00\",\"author\":{\"@id\":\"https:\/\/www.gaveanews.com\/#\/schema\/person\/3b19f7288b0ce20372991275e4f2e6c2\"},\"breadcrumb\":{\"@id\":\"https:\/\/www.gaveanews.com\/index.php\/2025\/04\/10\/vasco-atualizacao-sobre-polemica-envolvendo-payet-e-advogada\/#breadcrumb\"},\"inLanguage\":\"pt-BR\",\"potentialAction\":[{\"@type\":\"ReadAction\",\"target\":[\"https:\/\/www.gaveanews.com\/index.php\/2025\/04\/10\/vasco-atualizacao-sobre-polemica-envolvendo-payet-e-advogada\/\"]}]},{\"@type\":\"ImageObject\",\"inLanguage\":\"pt-BR\",\"@id\":\"https:\/\/www.gaveanews.com\/index.php\/2025\/04\/10\/vasco-atualizacao-sobre-polemica-envolvendo-payet-e-advogada\/#primaryimage\",\"url\":\"https:\/\/www.gaveanews.com\/wp-content\/uploads\/agif23100200212796-1-.webp\",\"contentUrl\":\"https:\/\/www.gaveanews.com\/wp-content\/uploads\/agif23100200212796-1-.webp\",\"width\":984,\"height\":656,\"caption\":\"Payet em a\u00e7\u00e3o pelo Vasco (Foto: Abner Dourado\/AGIF)\"},{\"@type\":\"BreadcrumbList\",\"@id\":\"https:\/\/www.gaveanews.com\/index.php\/2025\/04\/10\/vasco-atualizacao-sobre-polemica-envolvendo-payet-e-advogada\/#breadcrumb\",\"itemListElement\":[{\"@type\":\"ListItem\",\"position\":1,\"name\":\"Home\",\"item\":\"https:\/\/www.gaveanews.com\/\"},{\"@type\":\"ListItem\",\"position\":2,\"name\":\"Vasco: atualiza\u00e7\u00e3o sobre pol\u00eamica envolvendo Payet e advogada\"}]},{\"@type\":\"WebSite\",\"@id\":\"https:\/\/www.gaveanews.com\/#website\",\"url\":\"https:\/\/www.gaveanews.com\/\",\"name\":\"G\u00e1vea News\",\"description\":\"Veja todas as not\u00edcias sobre o Flamengo: Contrata\u00e7\u00f5es, categorias de base, resultados das partidas, tabela de classifica\u00e7\u00e3o, pr\u00f3ximos jogos!\",\"potentialAction\":[{\"@type\":\"SearchAction\",\"target\":{\"@type\":\"EntryPoint\",\"urlTemplate\":\"https:\/\/www.gaveanews.com\/?s={search_term_string}\"},\"query-input\":{\"@type\":\"PropertyValueSpecification\",\"valueRequired\":true,\"valueName\":\"search_term_string\"}}],\"inLanguage\":\"pt-BR\"},{\"@type\":\"Person\",\"@id\":\"https:\/\/www.gaveanews.com\/#\/schema\/person\/3b19f7288b0ce20372991275e4f2e6c2\",\"name\":\"Ana Teixeira\",\"image\":{\"@type\":\"ImageObject\",\"inLanguage\":\"pt-BR\",\"@id\":\"https:\/\/www.gaveanews.com\/#\/schema\/person\/image\/\",\"url\":\"https:\/\/secure.gravatar.com\/avatar\/0a73f5a5258f3fed37fc2fa641892f3f7a4748456d4d4792f9bc550e6c19e06c?s=96&d=mm&r=g\",\"contentUrl\":\"https:\/\/secure.gravatar.com\/avatar\/0a73f5a5258f3fed37fc2fa641892f3f7a4748456d4d4792f9bc550e6c19e06c?s=96&d=mm&r=g\",\"caption\":\"Ana Teixeira\"}}]}<\/script>\n<!-- \/ Yoast SEO Premium plugin. -->","yoast_head_json":{"title":"Vasco: atualiza\u00e7\u00e3o sobre pol\u00eamica envolvendo Payet e advogada","robots":{"index":"index","follow":"follow","max-snippet":"max-snippet:-1","max-image-preview":"max-image-preview:large","max-video-preview":"max-video-preview:-1"},"canonical":"https:\/\/www.gaveanews.com\/index.php\/2025\/04\/10\/vasco-atualizacao-sobre-polemica-envolvendo-payet-e-advogada\/","og_locale":"pt_BR","og_type":"article","og_title":"Vasco: atualiza\u00e7\u00e3o sobre pol\u00eamica envolvendo Payet e advogada","og_description":"O meio-campista Dimitri Payet, atleta do Vasco, foi denunciado pela advogada Larissa Ferrari por agress\u00e3o f\u00edsica e psicol\u00f3gica, al\u00e9m de amea\u00e7as. A den\u00fancia foi formalizada na Delegacia de Atendimento \u00e0 Mulher (Deam) de Jacarepagu\u00e1, no Rio de Janeiro, na quarta-feira (9 de abril), e a v\u00edtima tamb\u00e9m ingressou com um pedido de medida protetiva de [&hellip;]","og_url":"https:\/\/www.gaveanews.com\/index.php\/2025\/04\/10\/vasco-atualizacao-sobre-polemica-envolvendo-payet-e-advogada\/","og_site_name":"G\u00e1vea News","article_publisher":"https:\/\/facebook.com\/gaveaNews\/","article_published_time":"2025-04-10T21:35:00+00:00","og_image":[{"width":984,"height":656,"url":"https:\/\/www.gaveanews.com\/wp-content\/uploads\/agif23100200212796-1-.webp","type":"image\/webp"}],"author":"Ana Teixeira","twitter_card":"summary_large_image","twitter_misc":{"Escrito por":"Ana Teixeira","Est. tempo de leitura":"3 minutos"},"schema":{"@context":"https:\/\/schema.org","@graph":[{"@type":"NewsArticle","@id":"https:\/\/www.gaveanews.com\/index.php\/2025\/04\/10\/vasco-atualizacao-sobre-polemica-envolvendo-payet-e-advogada\/#article","isPartOf":{"@id":"https:\/\/www.gaveanews.com\/index.php\/2025\/04\/10\/vasco-atualizacao-sobre-polemica-envolvendo-payet-e-advogada\/"},"author":{"name":"Ana Teixeira","@id":"https:\/\/www.gaveanews.com\/#\/schema\/person\/3b19f7288b0ce20372991275e4f2e6c2"},"headline":"Vasco: atualiza\u00e7\u00e3o sobre pol\u00eamica envolvendo Payet e advogada","datePublished":"2025-04-10T21:35:00+00:00","mainEntityOfPage":{"@id":"https:\/\/www.gaveanews.com\/index.php\/2025\/04\/10\/vasco-atualizacao-sobre-polemica-envolvendo-payet-e-advogada\/"},"wordCount":488,"commentCount":0,"image":{"@id":"https:\/\/www.gaveanews.com\/index.php\/2025\/04\/10\/vasco-atualizacao-sobre-polemica-envolvendo-payet-e-advogada\/#primaryimage"},"thumbnailUrl":"https:\/\/www.gaveanews.com\/wp-content\/uploads\/agif23100200212796-1-.webp","articleSection":["Celebridades","Vasco"],"inLanguage":"pt-BR","potentialAction":[{"@type":"CommentAction","name":"Comment","target":["https:\/\/www.gaveanews.com\/index.php\/2025\/04\/10\/vasco-atualizacao-sobre-polemica-envolvendo-payet-e-advogada\/#respond"]}],"copyrightYear":"2025","copyrightHolder":{"@id":"https:\/\/www.gaveanews.com\/#organization"}},{"@type":"WebPage","@id":"https:\/\/www.gaveanews.com\/index.php\/2025\/04\/10\/vasco-atualizacao-sobre-polemica-envolvendo-payet-e-advogada\/","url":"https:\/\/www.gaveanews.com\/index.php\/2025\/04\/10\/vasco-atualizacao-sobre-polemica-envolvendo-payet-e-advogada\/","name":"Vasco: atualiza\u00e7\u00e3o sobre pol\u00eamica envolvendo Payet e advogada","isPartOf":{"@id":"https:\/\/www.gaveanews.com\/#website"},"primaryImageOfPage":{"@id":"https:\/\/www.gaveanews.com\/index.php\/2025\/04\/10\/vasco-atualizacao-sobre-polemica-envolvendo-payet-e-advogada\/#primaryimage"},"image":{"@id":"https:\/\/www.gaveanews.com\/index.php\/2025\/04\/10\/vasco-atualizacao-sobre-polemica-envolvendo-payet-e-advogada\/#primaryimage"},"thumbnailUrl":"https:\/\/www.gaveanews.com\/wp-content\/uploads\/agif23100200212796-1-.webp","datePublished":"2025-04-10T21:35:00+00:00","author":{"@id":"https:\/\/www.gaveanews.com\/#\/schema\/person\/3b19f7288b0ce20372991275e4f2e6c2"},"breadcrumb":{"@id":"https:\/\/www.gaveanews.com\/index.php\/2025\/04\/10\/vasco-atualizacao-sobre-polemica-envolvendo-payet-e-advogada\/#breadcrumb"},"inLanguage":"pt-BR","potentialAction":[{"@type":"ReadAction","target":["https:\/\/www.gaveanews.com\/index.php\/2025\/04\/10\/vasco-atualizacao-sobre-polemica-envolvendo-payet-e-advogada\/"]}]},{"@type":"ImageObject","inLanguage":"pt-BR","@id":"https:\/\/www.gaveanews.com\/index.php\/2025\/04\/10\/vasco-atualizacao-sobre-polemica-envolvendo-payet-e-advogada\/#primaryimage","url":"https:\/\/www.gaveanews.com\/wp-content\/uploads\/agif23100200212796-1-.webp","contentUrl":"https:\/\/www.gaveanews.com\/wp-content\/uploads\/agif23100200212796-1-.webp","width":984,"height":656,"caption":"Payet em a\u00e7\u00e3o pelo Vasco (Foto: Abner Dourado\/AGIF)"},{"@type":"BreadcrumbList","@id":"https:\/\/www.gaveanews.com\/index.php\/2025\/04\/10\/vasco-atualizacao-sobre-polemica-envolvendo-payet-e-advogada\/#breadcrumb","itemListElement":[{"@type":"ListItem","position":1,"name":"Home","item":"https:\/\/www.gaveanews.com\/"},{"@type":"ListItem","position":2,"name":"Vasco: atualiza\u00e7\u00e3o sobre pol\u00eamica envolvendo Payet e advogada"}]},{"@type":"WebSite","@id":"https:\/\/www.gaveanews.com\/#website","url":"https:\/\/www.gaveanews.com\/","name":"G\u00e1vea News","description":"Veja todas as not\u00edcias sobre o Flamengo: Contrata\u00e7\u00f5es, categorias de base, resultados das partidas, tabela de classifica\u00e7\u00e3o, pr\u00f3ximos jogos!","potentialAction":[{"@type":"SearchAction","target":{"@type":"EntryPoint","urlTemplate":"https:\/\/www.gaveanews.com\/?s={search_term_string}"},"query-input":{"@type":"PropertyValueSpecification","valueRequired":true,"valueName":"search_term_string"}}],"inLanguage":"pt-BR"},{"@type":"Person","@id":"https:\/\/www.gaveanews.com\/#\/schema\/person\/3b19f7288b0ce20372991275e4f2e6c2","name":"Ana Teixeira","image":{"@type":"ImageObject","inLanguage":"pt-BR","@id":"https:\/\/www.gaveanews.com\/#\/schema\/person\/image\/","url":"https:\/\/secure.gravatar.com\/avatar\/0a73f5a5258f3fed37fc2fa641892f3f7a4748456d4d4792f9bc550e6c19e06c?s=96&d=mm&r=g","contentUrl":"https:\/\/secure.gravatar.com\/avatar\/0a73f5a5258f3fed37fc2fa641892f3f7a4748456d4d4792f9bc550e6c19e06c?s=96&d=mm&r=g","caption":"Ana Teixeira"}}]}},"_links":{"self":[{"href":"https:\/\/www.gaveanews.com\/index.php\/wp-json\/wp\/v2\/posts\/251760","targetHints":{"allow":["GET"]}}],"collection":[{"href":"https:\/\/www.gaveanews.com\/index.php\/wp-json\/wp\/v2\/posts"}],"about":[{"href":"https:\/\/www.gaveanews.com\/index.php\/wp-json\/wp\/v2\/types\/post"}],"author":[{"embeddable":true,"href":"https:\/\/www.gaveanews.com\/index.php\/wp-json\/wp\/v2\/users\/30"}],"replies":[{"embeddable":true,"href":"https:\/\/www.gaveanews.com\/index.php\/wp-json\/wp\/v2\/comments?post=251760"}],"version-history":[{"count":1,"href":"https:\/\/www.gaveanews.com\/index.php\/wp-json\/wp\/v2\/posts\/251760\/revisions"}],"predecessor-version":[{"id":251777,"href":"https:\/\/www.gaveanews.com\/index.php\/wp-json\/wp\/v2\/posts\/251760\/revisions\/251777"}],"wp:featuredmedia":[{"embeddable":true,"href":"https:\/\/www.gaveanews.com\/index.php\/wp-json\/wp\/v2\/media\/124623"}],"wp:attachment":[{"href":"https:\/\/www.gaveanews.com\/index.php\/wp-json\/wp\/v2\/media?parent=251760"}],"wp:term":[{"taxonomy":"category","embeddable":true,"href":"https:\/\/www.gaveanews.com\/index.php\/wp-json\/wp\/v2\/categories?post=251760"},{"taxonomy":"post_tag","embeddable":true,"href":"https:\/\/www.gaveanews.com\/index.php\/wp-json\/wp\/v2\/tags?post=251760"}],"curies":[{"name":"wp","href":"https:\/\/api.w.org\/{rel}","templated":true}]}}