{"id":251762,"date":"2025-04-10T18:40:00","date_gmt":"2025-04-10T21:40:00","guid":{"rendered":"https:\/\/www.gaveanews.com\/?p=251762"},"modified":"2025-04-10T15:29:19","modified_gmt":"2025-04-10T18:29:19","slug":"cbf-manda-recado-a-conmebol-por-conta-do-palmeiras","status":"publish","type":"post","link":"https:\/\/www.gaveanews.com\/index.php\/2025\/04\/10\/cbf-manda-recado-a-conmebol-por-conta-do-palmeiras\/","title":{"rendered":"CBF manda recado \u00e0 Conmebol por conta do Palmeiras"},"content":{"rendered":"\n<p>A Conmebol instaurou um processo disciplinar contra o Palmeiras ap\u00f3s a divulga\u00e7\u00e3o de imagens que mostram um torcedor do clube paulista imitando um macaco em dire\u00e7\u00e3o \u00e0 torcida do Cerro Porte\u00f1o. O epis\u00f3dio ocorreu na noite de quarta-feira (09), no Allianz Parque, durante a vit\u00f3ria alviverde por 1 a 0 pela fase de grupos da Libertadores. O ato foi gravado por outros torcedores e amplamente disseminado nas redes sociais.<\/p>\n\n\n\n<p>O Palmeiras, por sua vez, afirmou que n\u00e3o tolera atitudes preconceituosas, especialmente dentro de seu est\u00e1dio, e anunciou que est\u00e1 utilizando tecnologia de reconhecimento facial para identificar o respons\u00e1vel. Em comunicado publicado nas redes sociais, o clube declarou: \u201cN\u00e3o toleramos condutas preconceituosas, especialmente em nossa casa, e seguiremos empenhados em extirpar dos est\u00e1dios sul-americanos toda e qualquer forma de discrimina\u00e7\u00e3o\u201d. O torcedor envolvido, uma vez identificado, ser\u00e1 banido do sistema de venda de ingressos do clube.<\/p>\n\n\n\n<p>Esse incidente se soma a outros casos recentes de racismo no futebol sul-americano. Semanas antes, o pr\u00f3prio Cerro Porte\u00f1o havia sido punido por atos semelhantes praticados por seus torcedores contra atletas do Palmeiras em um torneio sub-20 disputado em Assun\u00e7\u00e3o. Como consequ\u00eancia desses epis\u00f3dios recorrentes, a Conmebol criou no fim de mar\u00e7o uma for\u00e7a-tarefa liderada por Ronaldo Naz\u00e1rio. <\/p>\n\n\n\n<p>No mesmo contexto, o presidente da Conmebol, Alejandro Dom\u00ednguez, reiterou o compromisso da entidade com a luta contra o racismo. Em discurso durante o 80\u00ba Congresso da institui\u00e7\u00e3o, realizado nesta quinta-feira (10), Dom\u00ednguez classificou o preconceito racial como \u201cum produto de uma sociedade deteriorada\u201d. Curiosamente, o pr\u00f3prio dirigente esteve envolvido recentemente em uma pol\u00eamica por conta de uma declara\u00e7\u00e3o considerada racista, criticada inclusive por Leila Pereira, presidenta do Palmeiras.<\/p>\n\n\n\n<p>Enquanto isso, o presidente da CBF, Ednaldo Rodrigues, tamb\u00e9m se manifestou durante o Congresso da Conmebol. Ele aproveitou o encontro para negar qualquer favorecimento \u00e0 institui\u00e7\u00e3o brasileira nas tratativas contra o racismo. \u201cN\u00e3o temos protecionismo. Combater a discrimina\u00e7\u00e3o n\u00e3o \u00e9 de forma parcial. \u00c9 de forma linear\u201d, afirmou o dirigente.<\/p>\n\n\n\n<p>Ednaldo ainda ressaltou que a CBF atua com lisura, independ\u00eancia e isonomia, inclusive em casos que envolvem clubes do pr\u00f3prio pa\u00eds. \u201cO Brasil n\u00e3o est\u00e1 livre disso. Ontem mesmo teve um fato no jogo do Palmeiras\u201d, declarou, referindo-se ao epis\u00f3dio mais recente. Al\u00e9m disso, destacou a relev\u00e2ncia da reuni\u00e3o ocorrida no dia 7 de abril com dirigentes da Conmebol, ocasi\u00e3o em que foram apresentadas sugest\u00f5es para endurecer as puni\u00e7\u00f5es relacionadas a casos de discrimina\u00e7\u00e3o.<\/p>\n\n\n\n<p>O dirigente brasileiro revelou que a CBF divulgar\u00e1 uma nota oficial sobre o incidente. Ele tamb\u00e9m manifestou apoio \u00e0 proposta do presidente Alejandro Dom\u00ednguez, que visa a inclus\u00e3o de penas esportivas nas competi\u00e7\u00f5es da Conmebol. Tais san\u00e7\u00f5es poderiam representar um novo patamar de comprometimento institucional na luta contra o racismo no futebol sul-americano.<\/p>\n\n\n\n<p>Portanto, o caso envolvendo o torcedor do Palmeiras reacende o debate sobre medidas efetivas contra a discrimina\u00e7\u00e3o nos est\u00e1dios. Tanto a Conmebol quanto a CBF sinalizam movimentos para endurecer o combate ao racismo, ainda que enfrentem desafios internos e controv\u00e9rsias. O andamento da investiga\u00e7\u00e3o e a postura dos clubes e entidades nos pr\u00f3ximos dias ser\u00e3o determinantes para avaliar o grau de seriedade com que o tema continuar\u00e1 sendo tratado.<\/p>\n","protected":false},"excerpt":{"rendered":"<p>A Conmebol instaurou um processo disciplinar contra o Palmeiras ap\u00f3s a divulga\u00e7\u00e3o de imagens que mostram um torcedor do clube paulista imitando um macaco em dire\u00e7\u00e3o \u00e0 torcida do Cerro Porte\u00f1o. O epis\u00f3dio ocorreu na noite de quarta-feira (09), no Allianz Parque, durante a vit\u00f3ria alviverde por 1 a 0 pela fase de grupos da [&hellip;]<\/p>\n","protected":false},"author":30,"featured_media":155182,"comment_status":"open","ping_status":"closed","sticky":false,"template":"","format":"standard","meta":{"footnotes":""},"categories":[478,150],"tags":[],"class_list":["post-251762","post","type-post","status-publish","format-standard","has-post-thumbnail","hentry","category-brasil","category-palmeiras"],"yoast_head":"<!-- This site is optimized with the Yoast SEO Premium plugin v24.2 (Yoast SEO v26.9) - https:\/\/yoast.com\/product\/yoast-seo-premium-wordpress\/ -->\n<title>CBF manda recado \u00e0 Conmebol por conta do Palmeiras<\/title>\n<meta name=\"robots\" content=\"index, follow, max-snippet:-1, max-image-preview:large, max-video-preview:-1\" \/>\n<link rel=\"canonical\" href=\"https:\/\/www.gaveanews.com\/index.php\/2025\/04\/10\/cbf-manda-recado-a-conmebol-por-conta-do-palmeiras\/\" \/>\n<meta property=\"og:locale\" content=\"pt_BR\" \/>\n<meta property=\"og:type\" content=\"article\" \/>\n<meta property=\"og:title\" content=\"CBF manda recado \u00e0 Conmebol por conta do Palmeiras\" \/>\n<meta property=\"og:description\" content=\"A Conmebol instaurou um processo disciplinar contra o Palmeiras ap\u00f3s a divulga\u00e7\u00e3o de imagens que mostram um torcedor do clube paulista imitando um macaco em dire\u00e7\u00e3o \u00e0 torcida do Cerro Porte\u00f1o. O epis\u00f3dio ocorreu na noite de quarta-feira (09), no Allianz Parque, durante a vit\u00f3ria alviverde por 1 a 0 pela fase de grupos da [&hellip;]\" \/>\n<meta property=\"og:url\" content=\"https:\/\/www.gaveanews.com\/index.php\/2025\/04\/10\/cbf-manda-recado-a-conmebol-por-conta-do-palmeiras\/\" \/>\n<meta property=\"og:site_name\" content=\"G\u00e1vea News\" \/>\n<meta property=\"article:publisher\" content=\"https:\/\/facebook.com\/gaveaNews\/\" \/>\n<meta property=\"article:published_time\" content=\"2025-04-10T21:40:00+00:00\" \/>\n<meta property=\"og:image\" content=\"https:\/\/www.gaveanews.com\/wp-content\/uploads\/Allianz-Parque-estadio-do-Palmeiras.webp\" \/>\n\t<meta property=\"og:image:width\" content=\"1023\" \/>\n\t<meta property=\"og:image:height\" content=\"767\" \/>\n\t<meta property=\"og:image:type\" content=\"image\/webp\" \/>\n<meta name=\"author\" content=\"Ana Teixeira\" \/>\n<meta name=\"twitter:card\" content=\"summary_large_image\" \/>\n<meta name=\"twitter:label1\" content=\"Escrito por\" \/>\n\t<meta name=\"twitter:data1\" content=\"Ana Teixeira\" \/>\n\t<meta name=\"twitter:label2\" content=\"Est. tempo de leitura\" \/>\n\t<meta name=\"twitter:data2\" content=\"4 minutos\" \/>\n<script type=\"application\/ld+json\" class=\"yoast-schema-graph\">{\"@context\":\"https:\/\/schema.org\",\"@graph\":[{\"@type\":\"NewsArticle\",\"@id\":\"https:\/\/www.gaveanews.com\/index.php\/2025\/04\/10\/cbf-manda-recado-a-conmebol-por-conta-do-palmeiras\/#article\",\"isPartOf\":{\"@id\":\"https:\/\/www.gaveanews.com\/index.php\/2025\/04\/10\/cbf-manda-recado-a-conmebol-por-conta-do-palmeiras\/\"},\"author\":{\"name\":\"Ana Teixeira\",\"@id\":\"https:\/\/www.gaveanews.com\/#\/schema\/person\/3b19f7288b0ce20372991275e4f2e6c2\"},\"headline\":\"CBF manda recado \u00e0 Conmebol por conta do Palmeiras\",\"datePublished\":\"2025-04-10T21:40:00+00:00\",\"mainEntityOfPage\":{\"@id\":\"https:\/\/www.gaveanews.com\/index.php\/2025\/04\/10\/cbf-manda-recado-a-conmebol-por-conta-do-palmeiras\/\"},\"wordCount\":569,\"commentCount\":0,\"image\":{\"@id\":\"https:\/\/www.gaveanews.com\/index.php\/2025\/04\/10\/cbf-manda-recado-a-conmebol-por-conta-do-palmeiras\/#primaryimage\"},\"thumbnailUrl\":\"https:\/\/www.gaveanews.com\/wp-content\/uploads\/Allianz-Parque-estadio-do-Palmeiras.webp\",\"articleSection\":[\"Brasil\",\"Palmeiras\"],\"inLanguage\":\"pt-BR\",\"potentialAction\":[{\"@type\":\"CommentAction\",\"name\":\"Comment\",\"target\":[\"https:\/\/www.gaveanews.com\/index.php\/2025\/04\/10\/cbf-manda-recado-a-conmebol-por-conta-do-palmeiras\/#respond\"]}],\"copyrightYear\":\"2025\",\"copyrightHolder\":{\"@id\":\"https:\/\/www.gaveanews.com\/#organization\"}},{\"@type\":\"WebPage\",\"@id\":\"https:\/\/www.gaveanews.com\/index.php\/2025\/04\/10\/cbf-manda-recado-a-conmebol-por-conta-do-palmeiras\/\",\"url\":\"https:\/\/www.gaveanews.com\/index.php\/2025\/04\/10\/cbf-manda-recado-a-conmebol-por-conta-do-palmeiras\/\",\"name\":\"CBF manda recado \u00e0 Conmebol por conta do Palmeiras\",\"isPartOf\":{\"@id\":\"https:\/\/www.gaveanews.com\/#website\"},\"primaryImageOfPage\":{\"@id\":\"https:\/\/www.gaveanews.com\/index.php\/2025\/04\/10\/cbf-manda-recado-a-conmebol-por-conta-do-palmeiras\/#primaryimage\"},\"image\":{\"@id\":\"https:\/\/www.gaveanews.com\/index.php\/2025\/04\/10\/cbf-manda-recado-a-conmebol-por-conta-do-palmeiras\/#primaryimage\"},\"thumbnailUrl\":\"https:\/\/www.gaveanews.com\/wp-content\/uploads\/Allianz-Parque-estadio-do-Palmeiras.webp\",\"datePublished\":\"2025-04-10T21:40:00+00:00\",\"author\":{\"@id\":\"https:\/\/www.gaveanews.com\/#\/schema\/person\/3b19f7288b0ce20372991275e4f2e6c2\"},\"breadcrumb\":{\"@id\":\"https:\/\/www.gaveanews.com\/index.php\/2025\/04\/10\/cbf-manda-recado-a-conmebol-por-conta-do-palmeiras\/#breadcrumb\"},\"inLanguage\":\"pt-BR\",\"potentialAction\":[{\"@type\":\"ReadAction\",\"target\":[\"https:\/\/www.gaveanews.com\/index.php\/2025\/04\/10\/cbf-manda-recado-a-conmebol-por-conta-do-palmeiras\/\"]}]},{\"@type\":\"ImageObject\",\"inLanguage\":\"pt-BR\",\"@id\":\"https:\/\/www.gaveanews.com\/index.php\/2025\/04\/10\/cbf-manda-recado-a-conmebol-por-conta-do-palmeiras\/#primaryimage\",\"url\":\"https:\/\/www.gaveanews.com\/wp-content\/uploads\/Allianz-Parque-estadio-do-Palmeiras.webp\",\"contentUrl\":\"https:\/\/www.gaveanews.com\/wp-content\/uploads\/Allianz-Parque-estadio-do-Palmeiras.webp\",\"width\":1023,\"height\":767,\"caption\":\"Allianz Parque, est\u00e1dio do Palmeiras (Foto: Reprodu\u00e7\u00e3o\/Palmeiras)\"},{\"@type\":\"BreadcrumbList\",\"@id\":\"https:\/\/www.gaveanews.com\/index.php\/2025\/04\/10\/cbf-manda-recado-a-conmebol-por-conta-do-palmeiras\/#breadcrumb\",\"itemListElement\":[{\"@type\":\"ListItem\",\"position\":1,\"name\":\"Home\",\"item\":\"https:\/\/www.gaveanews.com\/\"},{\"@type\":\"ListItem\",\"position\":2,\"name\":\"CBF manda recado \u00e0 Conmebol por conta do Palmeiras\"}]},{\"@type\":\"WebSite\",\"@id\":\"https:\/\/www.gaveanews.com\/#website\",\"url\":\"https:\/\/www.gaveanews.com\/\",\"name\":\"G\u00e1vea News\",\"description\":\"Veja todas as not\u00edcias sobre o Flamengo: Contrata\u00e7\u00f5es, categorias de base, resultados das partidas, tabela de classifica\u00e7\u00e3o, pr\u00f3ximos jogos!\",\"potentialAction\":[{\"@type\":\"SearchAction\",\"target\":{\"@type\":\"EntryPoint\",\"urlTemplate\":\"https:\/\/www.gaveanews.com\/?s={search_term_string}\"},\"query-input\":{\"@type\":\"PropertyValueSpecification\",\"valueRequired\":true,\"valueName\":\"search_term_string\"}}],\"inLanguage\":\"pt-BR\"},{\"@type\":\"Person\",\"@id\":\"https:\/\/www.gaveanews.com\/#\/schema\/person\/3b19f7288b0ce20372991275e4f2e6c2\",\"name\":\"Ana Teixeira\",\"image\":{\"@type\":\"ImageObject\",\"inLanguage\":\"pt-BR\",\"@id\":\"https:\/\/www.gaveanews.com\/#\/schema\/person\/image\/\",\"url\":\"https:\/\/secure.gravatar.com\/avatar\/0a73f5a5258f3fed37fc2fa641892f3f7a4748456d4d4792f9bc550e6c19e06c?s=96&d=mm&r=g\",\"contentUrl\":\"https:\/\/secure.gravatar.com\/avatar\/0a73f5a5258f3fed37fc2fa641892f3f7a4748456d4d4792f9bc550e6c19e06c?s=96&d=mm&r=g\",\"caption\":\"Ana Teixeira\"}}]}<\/script>\n<!-- \/ Yoast SEO Premium plugin. -->","yoast_head_json":{"title":"CBF manda recado \u00e0 Conmebol por conta do Palmeiras","robots":{"index":"index","follow":"follow","max-snippet":"max-snippet:-1","max-image-preview":"max-image-preview:large","max-video-preview":"max-video-preview:-1"},"canonical":"https:\/\/www.gaveanews.com\/index.php\/2025\/04\/10\/cbf-manda-recado-a-conmebol-por-conta-do-palmeiras\/","og_locale":"pt_BR","og_type":"article","og_title":"CBF manda recado \u00e0 Conmebol por conta do Palmeiras","og_description":"A Conmebol instaurou um processo disciplinar contra o Palmeiras ap\u00f3s a divulga\u00e7\u00e3o de imagens que mostram um torcedor do clube paulista imitando um macaco em dire\u00e7\u00e3o \u00e0 torcida do Cerro Porte\u00f1o. O epis\u00f3dio ocorreu na noite de quarta-feira (09), no Allianz Parque, durante a vit\u00f3ria alviverde por 1 a 0 pela fase de grupos da [&hellip;]","og_url":"https:\/\/www.gaveanews.com\/index.php\/2025\/04\/10\/cbf-manda-recado-a-conmebol-por-conta-do-palmeiras\/","og_site_name":"G\u00e1vea News","article_publisher":"https:\/\/facebook.com\/gaveaNews\/","article_published_time":"2025-04-10T21:40:00+00:00","og_image":[{"width":1023,"height":767,"url":"https:\/\/www.gaveanews.com\/wp-content\/uploads\/Allianz-Parque-estadio-do-Palmeiras.webp","type":"image\/webp"}],"author":"Ana Teixeira","twitter_card":"summary_large_image","twitter_misc":{"Escrito por":"Ana Teixeira","Est. tempo de leitura":"4 minutos"},"schema":{"@context":"https:\/\/schema.org","@graph":[{"@type":"NewsArticle","@id":"https:\/\/www.gaveanews.com\/index.php\/2025\/04\/10\/cbf-manda-recado-a-conmebol-por-conta-do-palmeiras\/#article","isPartOf":{"@id":"https:\/\/www.gaveanews.com\/index.php\/2025\/04\/10\/cbf-manda-recado-a-conmebol-por-conta-do-palmeiras\/"},"author":{"name":"Ana Teixeira","@id":"https:\/\/www.gaveanews.com\/#\/schema\/person\/3b19f7288b0ce20372991275e4f2e6c2"},"headline":"CBF manda recado \u00e0 Conmebol por conta do Palmeiras","datePublished":"2025-04-10T21:40:00+00:00","mainEntityOfPage":{"@id":"https:\/\/www.gaveanews.com\/index.php\/2025\/04\/10\/cbf-manda-recado-a-conmebol-por-conta-do-palmeiras\/"},"wordCount":569,"commentCount":0,"image":{"@id":"https:\/\/www.gaveanews.com\/index.php\/2025\/04\/10\/cbf-manda-recado-a-conmebol-por-conta-do-palmeiras\/#primaryimage"},"thumbnailUrl":"https:\/\/www.gaveanews.com\/wp-content\/uploads\/Allianz-Parque-estadio-do-Palmeiras.webp","articleSection":["Brasil","Palmeiras"],"inLanguage":"pt-BR","potentialAction":[{"@type":"CommentAction","name":"Comment","target":["https:\/\/www.gaveanews.com\/index.php\/2025\/04\/10\/cbf-manda-recado-a-conmebol-por-conta-do-palmeiras\/#respond"]}],"copyrightYear":"2025","copyrightHolder":{"@id":"https:\/\/www.gaveanews.com\/#organization"}},{"@type":"WebPage","@id":"https:\/\/www.gaveanews.com\/index.php\/2025\/04\/10\/cbf-manda-recado-a-conmebol-por-conta-do-palmeiras\/","url":"https:\/\/www.gaveanews.com\/index.php\/2025\/04\/10\/cbf-manda-recado-a-conmebol-por-conta-do-palmeiras\/","name":"CBF manda recado \u00e0 Conmebol por conta do Palmeiras","isPartOf":{"@id":"https:\/\/www.gaveanews.com\/#website"},"primaryImageOfPage":{"@id":"https:\/\/www.gaveanews.com\/index.php\/2025\/04\/10\/cbf-manda-recado-a-conmebol-por-conta-do-palmeiras\/#primaryimage"},"image":{"@id":"https:\/\/www.gaveanews.com\/index.php\/2025\/04\/10\/cbf-manda-recado-a-conmebol-por-conta-do-palmeiras\/#primaryimage"},"thumbnailUrl":"https:\/\/www.gaveanews.com\/wp-content\/uploads\/Allianz-Parque-estadio-do-Palmeiras.webp","datePublished":"2025-04-10T21:40:00+00:00","author":{"@id":"https:\/\/www.gaveanews.com\/#\/schema\/person\/3b19f7288b0ce20372991275e4f2e6c2"},"breadcrumb":{"@id":"https:\/\/www.gaveanews.com\/index.php\/2025\/04\/10\/cbf-manda-recado-a-conmebol-por-conta-do-palmeiras\/#breadcrumb"},"inLanguage":"pt-BR","potentialAction":[{"@type":"ReadAction","target":["https:\/\/www.gaveanews.com\/index.php\/2025\/04\/10\/cbf-manda-recado-a-conmebol-por-conta-do-palmeiras\/"]}]},{"@type":"ImageObject","inLanguage":"pt-BR","@id":"https:\/\/www.gaveanews.com\/index.php\/2025\/04\/10\/cbf-manda-recado-a-conmebol-por-conta-do-palmeiras\/#primaryimage","url":"https:\/\/www.gaveanews.com\/wp-content\/uploads\/Allianz-Parque-estadio-do-Palmeiras.webp","contentUrl":"https:\/\/www.gaveanews.com\/wp-content\/uploads\/Allianz-Parque-estadio-do-Palmeiras.webp","width":1023,"height":767,"caption":"Allianz Parque, est\u00e1dio do Palmeiras (Foto: Reprodu\u00e7\u00e3o\/Palmeiras)"},{"@type":"BreadcrumbList","@id":"https:\/\/www.gaveanews.com\/index.php\/2025\/04\/10\/cbf-manda-recado-a-conmebol-por-conta-do-palmeiras\/#breadcrumb","itemListElement":[{"@type":"ListItem","position":1,"name":"Home","item":"https:\/\/www.gaveanews.com\/"},{"@type":"ListItem","position":2,"name":"CBF manda recado \u00e0 Conmebol por conta do Palmeiras"}]},{"@type":"WebSite","@id":"https:\/\/www.gaveanews.com\/#website","url":"https:\/\/www.gaveanews.com\/","name":"G\u00e1vea News","description":"Veja todas as not\u00edcias sobre o Flamengo: Contrata\u00e7\u00f5es, categorias de base, resultados das partidas, tabela de classifica\u00e7\u00e3o, pr\u00f3ximos jogos!","potentialAction":[{"@type":"SearchAction","target":{"@type":"EntryPoint","urlTemplate":"https:\/\/www.gaveanews.com\/?s={search_term_string}"},"query-input":{"@type":"PropertyValueSpecification","valueRequired":true,"valueName":"search_term_string"}}],"inLanguage":"pt-BR"},{"@type":"Person","@id":"https:\/\/www.gaveanews.com\/#\/schema\/person\/3b19f7288b0ce20372991275e4f2e6c2","name":"Ana Teixeira","image":{"@type":"ImageObject","inLanguage":"pt-BR","@id":"https:\/\/www.gaveanews.com\/#\/schema\/person\/image\/","url":"https:\/\/secure.gravatar.com\/avatar\/0a73f5a5258f3fed37fc2fa641892f3f7a4748456d4d4792f9bc550e6c19e06c?s=96&d=mm&r=g","contentUrl":"https:\/\/secure.gravatar.com\/avatar\/0a73f5a5258f3fed37fc2fa641892f3f7a4748456d4d4792f9bc550e6c19e06c?s=96&d=mm&r=g","caption":"Ana Teixeira"}}]}},"_links":{"self":[{"href":"https:\/\/www.gaveanews.com\/index.php\/wp-json\/wp\/v2\/posts\/251762","targetHints":{"allow":["GET"]}}],"collection":[{"href":"https:\/\/www.gaveanews.com\/index.php\/wp-json\/wp\/v2\/posts"}],"about":[{"href":"https:\/\/www.gaveanews.com\/index.php\/wp-json\/wp\/v2\/types\/post"}],"author":[{"embeddable":true,"href":"https:\/\/www.gaveanews.com\/index.php\/wp-json\/wp\/v2\/users\/30"}],"replies":[{"embeddable":true,"href":"https:\/\/www.gaveanews.com\/index.php\/wp-json\/wp\/v2\/comments?post=251762"}],"version-history":[{"count":1,"href":"https:\/\/www.gaveanews.com\/index.php\/wp-json\/wp\/v2\/posts\/251762\/revisions"}],"predecessor-version":[{"id":251784,"href":"https:\/\/www.gaveanews.com\/index.php\/wp-json\/wp\/v2\/posts\/251762\/revisions\/251784"}],"wp:featuredmedia":[{"embeddable":true,"href":"https:\/\/www.gaveanews.com\/index.php\/wp-json\/wp\/v2\/media\/155182"}],"wp:attachment":[{"href":"https:\/\/www.gaveanews.com\/index.php\/wp-json\/wp\/v2\/media?parent=251762"}],"wp:term":[{"taxonomy":"category","embeddable":true,"href":"https:\/\/www.gaveanews.com\/index.php\/wp-json\/wp\/v2\/categories?post=251762"},{"taxonomy":"post_tag","embeddable":true,"href":"https:\/\/www.gaveanews.com\/index.php\/wp-json\/wp\/v2\/tags?post=251762"}],"curies":[{"name":"wp","href":"https:\/\/api.w.org\/{rel}","templated":true}]}}