{"id":251769,"date":"2025-04-10T18:50:00","date_gmt":"2025-04-10T21:50:00","guid":{"rendered":"https:\/\/www.gaveanews.com\/?p=251769"},"modified":"2025-04-10T15:21:44","modified_gmt":"2025-04-10T18:21:44","slug":"a-declaracao-de-abel-ferreira-direcionada-a-richard-rios-do-palmeiras","status":"publish","type":"post","link":"https:\/\/www.gaveanews.com\/index.php\/2025\/04\/10\/a-declaracao-de-abel-ferreira-direcionada-a-richard-rios-do-palmeiras\/","title":{"rendered":"A declara\u00e7\u00e3o de Abel Ferreira direcionada a Richard R\u00edos, do Palmeiras"},"content":{"rendered":"\n<p>Se tem uma coisa que Abel Ferreira n\u00e3o abre m\u00e3o no Palmeiras, \u00e9 da uni\u00e3o entre time e torcida. Ap\u00f3s a vit\u00f3ria por 1 a 0 sobre o Cerro Porte\u00f1o, o t\u00e9cnico portugu\u00eas fez quest\u00e3o de exaltar a postura de Richard R\u00edos, que pediu desculpas ap\u00f3s um gesto pol\u00eamico na comemora\u00e7\u00e3o de seu gol. A atitude do volante gerou debates, mas o treinador tratou de defender o jogador e refor\u00e7ar a import\u00e2ncia do apoio da torcida.<\/p>\n\n\n\n<h2 class=\"wp-block-heading\" id=\"h-o-gesto-de-rios-e-a-reacao-da-torcida\">O gesto de R\u00edos e a rea\u00e7\u00e3o da torcida<\/h2>\n\n\n\n<figure class=\"wp-block-image size-full\"><img loading=\"lazy\" decoding=\"async\" width=\"785\" height=\"475\" src=\"http:\/\/www.gaveanews.com\/wp-content\/uploads\/richard-rios-palmeiras-flamengo.webp\" alt=\"\" class=\"wp-image-99564\" srcset=\"https:\/\/www.gaveanews.com\/wp-content\/uploads\/richard-rios-palmeiras-flamengo.webp 785w, https:\/\/www.gaveanews.com\/wp-content\/uploads\/richard-rios-palmeiras-flamengo-300x182.webp 300w, https:\/\/www.gaveanews.com\/wp-content\/uploads\/richard-rios-palmeiras-flamengo-768x465.webp 768w, https:\/\/www.gaveanews.com\/wp-content\/uploads\/richard-rios-palmeiras-flamengo-694x420.webp 694w, https:\/\/www.gaveanews.com\/wp-content\/uploads\/richard-rios-palmeiras-flamengo-640x387.webp 640w, https:\/\/www.gaveanews.com\/wp-content\/uploads\/richard-rios-palmeiras-flamengo-681x412.webp 681w, https:\/\/www.gaveanews.com\/wp-content\/uploads\/richard-rios-palmeiras-flamengo-100x61.webp 100w\" sizes=\"auto, (max-width: 785px) 100vw, 785px\" \/><figcaption class=\"wp-element-caption\">Richard R\u00edos em a\u00e7\u00e3o pelo Palmeiras (Foto: Cesar Greco\/Palmeiras)<\/figcaption><\/figure>\n\n\n\n<p>Durante a comemora\u00e7\u00e3o de seu gol, Richard R\u00edos levou as m\u00e3os \u00e0 boca, pedindo sil\u00eancio aos torcedores do Palmeiras. O gesto, feito no calor da emo\u00e7\u00e3o, n\u00e3o foi bem recebido por parte da arquibancada, gerando algumas vaias no est\u00e1dio. Isso porque a rela\u00e7\u00e3o entre jogadores e torcida nem sempre \u00e9 previs\u00edvel, e qualquer atitude pode ser interpretada de diferentes formas.<\/p>\n\n\n\n<p>Ap\u00f3s a partida, o pr\u00f3prio R\u00edos reconheceu o erro e pediu desculpas, demonstrando maturidade. \u201cO R\u00edos, quem sou eu para dizer algo a ele? H\u00e1 uma coisa que digo: o futebol n\u00e3o \u00e9 igreja. O espet\u00e1culo \u00e9 emo\u00e7\u00e3o e os jogadores e treinadores \u00e0s vezes t\u00eam rea\u00e7\u00f5es que n\u00e3o pensam. O R\u00edos tem um cora\u00e7\u00e3o top, um menino que trabalha muito. Ele j\u00e1 pediu desculpas logo. Ningu\u00e9m \u00e9 perfeito\u201d, afirmou Abel Ferreira.<\/p>\n\n\n\n<h2 class=\"wp-block-heading\" id=\"h-abel-destaca-importancia-da-torcida\">Abel destaca import\u00e2ncia da torcida<\/h2>\n\n\n\n<p>Al\u00e9m disso, Abel Ferreira revelou que, no momento, n\u00e3o entendeu as vaias durante o jogo e s\u00f3 depois soube do motivo. Para ele, o pedido de desculpas foi um ato nobre e essencial para fortalecer o v\u00ednculo entre time e torcedores. <\/p>\n\n\n\n<p>\u201cQuando erramos, n\u00e3o h\u00e1 gesto mais nobre que pedir desculpas para da pr\u00f3xima vez vir mais forte. Eu n\u00e3o tinha visto o lance e n\u00e3o entendi por que estavam vaiando nossos jogadores. Me falaram o que foi e foi bom ele pedir desculpas\u201d, disse o treinador.<\/p>\n\n\n\n<p>Sendo assim, o comandante portugu\u00eas refor\u00e7ou que o apoio da torcida \u00e9 fundamental. \u201cN\u00f3s precisamos muito dos nossos torcedores, que eles vibrem. Foi no campo que ele errou, no campo ele pediu perd\u00e3o. Nosso torcedor, grande como \u00e9, soube aceitar as desculpas\u201d, concluiu.<\/p>\n\n\n\n<p>Dessa maneira, fica claro que Abel Ferreira enxerga no epis\u00f3dio um aprendizado tanto para R\u00edos quanto para a torcida. Vale destacar que, no futebol, momentos de emo\u00e7\u00e3o podem gerar rea\u00e7\u00f5es inesperadas, mas o mais importante \u00e9 saber reconhecer os erros e seguir em frente.<\/p>\n","protected":false},"excerpt":{"rendered":"<p>Se tem uma coisa que Abel Ferreira n\u00e3o abre m\u00e3o no Palmeiras, \u00e9 da uni\u00e3o entre time e torcida. Ap\u00f3s a vit\u00f3ria por 1 a 0 sobre o Cerro Porte\u00f1o, o t\u00e9cnico portugu\u00eas fez quest\u00e3o de exaltar a postura de Richard R\u00edos, que pediu desculpas ap\u00f3s um gesto pol\u00eamico na comemora\u00e7\u00e3o de seu gol. A [&hellip;]<\/p>\n","protected":false},"author":24,"featured_media":102760,"comment_status":"open","ping_status":"closed","sticky":false,"template":"","format":"standard","meta":{"footnotes":""},"categories":[150],"tags":[],"class_list":["post-251769","post","type-post","status-publish","format-standard","has-post-thumbnail","hentry","category-palmeiras"],"yoast_head":"<!-- This site is optimized with the Yoast SEO Premium plugin v24.2 (Yoast SEO v26.9) - https:\/\/yoast.com\/product\/yoast-seo-premium-wordpress\/ -->\n<title>A declara\u00e7\u00e3o de Abel Ferreira direcionada a Richard R\u00edos, do Palmeiras<\/title>\n<meta name=\"robots\" content=\"index, follow, max-snippet:-1, max-image-preview:large, max-video-preview:-1\" \/>\n<link rel=\"canonical\" href=\"https:\/\/www.gaveanews.com\/index.php\/2025\/04\/10\/a-declaracao-de-abel-ferreira-direcionada-a-richard-rios-do-palmeiras\/\" \/>\n<meta property=\"og:locale\" content=\"pt_BR\" \/>\n<meta property=\"og:type\" content=\"article\" \/>\n<meta property=\"og:title\" content=\"A declara\u00e7\u00e3o de Abel Ferreira direcionada a Richard R\u00edos, do Palmeiras\" \/>\n<meta property=\"og:description\" content=\"Se tem uma coisa que Abel Ferreira n\u00e3o abre m\u00e3o no Palmeiras, \u00e9 da uni\u00e3o entre time e torcida. Ap\u00f3s a vit\u00f3ria por 1 a 0 sobre o Cerro Porte\u00f1o, o t\u00e9cnico portugu\u00eas fez quest\u00e3o de exaltar a postura de Richard R\u00edos, que pediu desculpas ap\u00f3s um gesto pol\u00eamico na comemora\u00e7\u00e3o de seu gol. A [&hellip;]\" \/>\n<meta property=\"og:url\" content=\"https:\/\/www.gaveanews.com\/index.php\/2025\/04\/10\/a-declaracao-de-abel-ferreira-direcionada-a-richard-rios-do-palmeiras\/\" \/>\n<meta property=\"og:site_name\" content=\"G\u00e1vea News\" \/>\n<meta property=\"article:publisher\" content=\"https:\/\/facebook.com\/gaveaNews\/\" \/>\n<meta property=\"article:published_time\" content=\"2025-04-10T21:50:00+00:00\" \/>\n<meta property=\"og:image\" content=\"https:\/\/www.gaveanews.com\/wp-content\/uploads\/chrome_ODu3uwWaKP.webp\" \/>\n\t<meta property=\"og:image:width\" content=\"840\" \/>\n\t<meta property=\"og:image:height\" content=\"510\" \/>\n\t<meta property=\"og:image:type\" content=\"image\/png\" \/>\n<meta name=\"author\" content=\"Leandro Cardoso\" \/>\n<meta name=\"twitter:card\" content=\"summary_large_image\" \/>\n<meta name=\"twitter:label1\" content=\"Escrito por\" \/>\n\t<meta name=\"twitter:data1\" content=\"Leandro Cardoso\" \/>\n\t<meta name=\"twitter:label2\" content=\"Est. tempo de leitura\" \/>\n\t<meta name=\"twitter:data2\" content=\"3 minutos\" \/>\n<script type=\"application\/ld+json\" class=\"yoast-schema-graph\">{\"@context\":\"https:\/\/schema.org\",\"@graph\":[{\"@type\":\"NewsArticle\",\"@id\":\"https:\/\/www.gaveanews.com\/index.php\/2025\/04\/10\/a-declaracao-de-abel-ferreira-direcionada-a-richard-rios-do-palmeiras\/#article\",\"isPartOf\":{\"@id\":\"https:\/\/www.gaveanews.com\/index.php\/2025\/04\/10\/a-declaracao-de-abel-ferreira-direcionada-a-richard-rios-do-palmeiras\/\"},\"author\":{\"name\":\"Leandro Cardoso\",\"@id\":\"https:\/\/www.gaveanews.com\/#\/schema\/person\/2424ec6409bc3f068411fc5e4e9b6168\"},\"headline\":\"A declara\u00e7\u00e3o de Abel Ferreira direcionada a Richard R\u00edos, do Palmeiras\",\"datePublished\":\"2025-04-10T21:50:00+00:00\",\"mainEntityOfPage\":{\"@id\":\"https:\/\/www.gaveanews.com\/index.php\/2025\/04\/10\/a-declaracao-de-abel-ferreira-direcionada-a-richard-rios-do-palmeiras\/\"},\"wordCount\":465,\"commentCount\":0,\"image\":{\"@id\":\"https:\/\/www.gaveanews.com\/index.php\/2025\/04\/10\/a-declaracao-de-abel-ferreira-direcionada-a-richard-rios-do-palmeiras\/#primaryimage\"},\"thumbnailUrl\":\"https:\/\/www.gaveanews.com\/wp-content\/uploads\/chrome_ODu3uwWaKP.webp\",\"articleSection\":[\"Palmeiras\"],\"inLanguage\":\"pt-BR\",\"potentialAction\":[{\"@type\":\"CommentAction\",\"name\":\"Comment\",\"target\":[\"https:\/\/www.gaveanews.com\/index.php\/2025\/04\/10\/a-declaracao-de-abel-ferreira-direcionada-a-richard-rios-do-palmeiras\/#respond\"]}],\"copyrightYear\":\"2025\",\"copyrightHolder\":{\"@id\":\"https:\/\/www.gaveanews.com\/#organization\"}},{\"@type\":\"WebPage\",\"@id\":\"https:\/\/www.gaveanews.com\/index.php\/2025\/04\/10\/a-declaracao-de-abel-ferreira-direcionada-a-richard-rios-do-palmeiras\/\",\"url\":\"https:\/\/www.gaveanews.com\/index.php\/2025\/04\/10\/a-declaracao-de-abel-ferreira-direcionada-a-richard-rios-do-palmeiras\/\",\"name\":\"A declara\u00e7\u00e3o de Abel Ferreira direcionada a Richard R\u00edos, do Palmeiras\",\"isPartOf\":{\"@id\":\"https:\/\/www.gaveanews.com\/#website\"},\"primaryImageOfPage\":{\"@id\":\"https:\/\/www.gaveanews.com\/index.php\/2025\/04\/10\/a-declaracao-de-abel-ferreira-direcionada-a-richard-rios-do-palmeiras\/#primaryimage\"},\"image\":{\"@id\":\"https:\/\/www.gaveanews.com\/index.php\/2025\/04\/10\/a-declaracao-de-abel-ferreira-direcionada-a-richard-rios-do-palmeiras\/#primaryimage\"},\"thumbnailUrl\":\"https:\/\/www.gaveanews.com\/wp-content\/uploads\/chrome_ODu3uwWaKP.webp\",\"datePublished\":\"2025-04-10T21:50:00+00:00\",\"author\":{\"@id\":\"https:\/\/www.gaveanews.com\/#\/schema\/person\/2424ec6409bc3f068411fc5e4e9b6168\"},\"breadcrumb\":{\"@id\":\"https:\/\/www.gaveanews.com\/index.php\/2025\/04\/10\/a-declaracao-de-abel-ferreira-direcionada-a-richard-rios-do-palmeiras\/#breadcrumb\"},\"inLanguage\":\"pt-BR\",\"potentialAction\":[{\"@type\":\"ReadAction\",\"target\":[\"https:\/\/www.gaveanews.com\/index.php\/2025\/04\/10\/a-declaracao-de-abel-ferreira-direcionada-a-richard-rios-do-palmeiras\/\"]}]},{\"@type\":\"ImageObject\",\"inLanguage\":\"pt-BR\",\"@id\":\"https:\/\/www.gaveanews.com\/index.php\/2025\/04\/10\/a-declaracao-de-abel-ferreira-direcionada-a-richard-rios-do-palmeiras\/#primaryimage\",\"url\":\"https:\/\/www.gaveanews.com\/wp-content\/uploads\/chrome_ODu3uwWaKP.webp\",\"contentUrl\":\"https:\/\/www.gaveanews.com\/wp-content\/uploads\/chrome_ODu3uwWaKP.webp\",\"width\":840,\"height\":510,\"caption\":\"Abel Ferreira em Jogo pelo Palmeiras - Foto Reprodu\u00e7\u00e3o\"},{\"@type\":\"BreadcrumbList\",\"@id\":\"https:\/\/www.gaveanews.com\/index.php\/2025\/04\/10\/a-declaracao-de-abel-ferreira-direcionada-a-richard-rios-do-palmeiras\/#breadcrumb\",\"itemListElement\":[{\"@type\":\"ListItem\",\"position\":1,\"name\":\"Home\",\"item\":\"https:\/\/www.gaveanews.com\/\"},{\"@type\":\"ListItem\",\"position\":2,\"name\":\"A declara\u00e7\u00e3o de Abel Ferreira direcionada a Richard R\u00edos, do Palmeiras\"}]},{\"@type\":\"WebSite\",\"@id\":\"https:\/\/www.gaveanews.com\/#website\",\"url\":\"https:\/\/www.gaveanews.com\/\",\"name\":\"G\u00e1vea News\",\"description\":\"Veja todas as not\u00edcias sobre o Flamengo: Contrata\u00e7\u00f5es, categorias de base, resultados das partidas, tabela de classifica\u00e7\u00e3o, pr\u00f3ximos jogos!\",\"potentialAction\":[{\"@type\":\"SearchAction\",\"target\":{\"@type\":\"EntryPoint\",\"urlTemplate\":\"https:\/\/www.gaveanews.com\/?s={search_term_string}\"},\"query-input\":{\"@type\":\"PropertyValueSpecification\",\"valueRequired\":true,\"valueName\":\"search_term_string\"}}],\"inLanguage\":\"pt-BR\"},{\"@type\":\"Person\",\"@id\":\"https:\/\/www.gaveanews.com\/#\/schema\/person\/2424ec6409bc3f068411fc5e4e9b6168\",\"name\":\"Leandro Cardoso\",\"image\":{\"@type\":\"ImageObject\",\"inLanguage\":\"pt-BR\",\"@id\":\"https:\/\/www.gaveanews.com\/#\/schema\/person\/image\/\",\"url\":\"https:\/\/secure.gravatar.com\/avatar\/8ca179f9b55eefe9f376f5493ef25475bfa59fbc28ce937f6076ce20e523098f?s=96&d=mm&r=g\",\"contentUrl\":\"https:\/\/secure.gravatar.com\/avatar\/8ca179f9b55eefe9f376f5493ef25475bfa59fbc28ce937f6076ce20e523098f?s=96&d=mm&r=g\",\"caption\":\"Leandro Cardoso\"}}]}<\/script>\n<!-- \/ Yoast SEO Premium plugin. -->","yoast_head_json":{"title":"A declara\u00e7\u00e3o de Abel Ferreira direcionada a Richard R\u00edos, do Palmeiras","robots":{"index":"index","follow":"follow","max-snippet":"max-snippet:-1","max-image-preview":"max-image-preview:large","max-video-preview":"max-video-preview:-1"},"canonical":"https:\/\/www.gaveanews.com\/index.php\/2025\/04\/10\/a-declaracao-de-abel-ferreira-direcionada-a-richard-rios-do-palmeiras\/","og_locale":"pt_BR","og_type":"article","og_title":"A declara\u00e7\u00e3o de Abel Ferreira direcionada a Richard R\u00edos, do Palmeiras","og_description":"Se tem uma coisa que Abel Ferreira n\u00e3o abre m\u00e3o no Palmeiras, \u00e9 da uni\u00e3o entre time e torcida. Ap\u00f3s a vit\u00f3ria por 1 a 0 sobre o Cerro Porte\u00f1o, o t\u00e9cnico portugu\u00eas fez quest\u00e3o de exaltar a postura de Richard R\u00edos, que pediu desculpas ap\u00f3s um gesto pol\u00eamico na comemora\u00e7\u00e3o de seu gol. A [&hellip;]","og_url":"https:\/\/www.gaveanews.com\/index.php\/2025\/04\/10\/a-declaracao-de-abel-ferreira-direcionada-a-richard-rios-do-palmeiras\/","og_site_name":"G\u00e1vea News","article_publisher":"https:\/\/facebook.com\/gaveaNews\/","article_published_time":"2025-04-10T21:50:00+00:00","og_image":[{"width":840,"height":510,"url":"https:\/\/www.gaveanews.com\/wp-content\/uploads\/chrome_ODu3uwWaKP.webp","type":"image\/png"}],"author":"Leandro Cardoso","twitter_card":"summary_large_image","twitter_misc":{"Escrito por":"Leandro Cardoso","Est. tempo de leitura":"3 minutos"},"schema":{"@context":"https:\/\/schema.org","@graph":[{"@type":"NewsArticle","@id":"https:\/\/www.gaveanews.com\/index.php\/2025\/04\/10\/a-declaracao-de-abel-ferreira-direcionada-a-richard-rios-do-palmeiras\/#article","isPartOf":{"@id":"https:\/\/www.gaveanews.com\/index.php\/2025\/04\/10\/a-declaracao-de-abel-ferreira-direcionada-a-richard-rios-do-palmeiras\/"},"author":{"name":"Leandro Cardoso","@id":"https:\/\/www.gaveanews.com\/#\/schema\/person\/2424ec6409bc3f068411fc5e4e9b6168"},"headline":"A declara\u00e7\u00e3o de Abel Ferreira direcionada a Richard R\u00edos, do Palmeiras","datePublished":"2025-04-10T21:50:00+00:00","mainEntityOfPage":{"@id":"https:\/\/www.gaveanews.com\/index.php\/2025\/04\/10\/a-declaracao-de-abel-ferreira-direcionada-a-richard-rios-do-palmeiras\/"},"wordCount":465,"commentCount":0,"image":{"@id":"https:\/\/www.gaveanews.com\/index.php\/2025\/04\/10\/a-declaracao-de-abel-ferreira-direcionada-a-richard-rios-do-palmeiras\/#primaryimage"},"thumbnailUrl":"https:\/\/www.gaveanews.com\/wp-content\/uploads\/chrome_ODu3uwWaKP.webp","articleSection":["Palmeiras"],"inLanguage":"pt-BR","potentialAction":[{"@type":"CommentAction","name":"Comment","target":["https:\/\/www.gaveanews.com\/index.php\/2025\/04\/10\/a-declaracao-de-abel-ferreira-direcionada-a-richard-rios-do-palmeiras\/#respond"]}],"copyrightYear":"2025","copyrightHolder":{"@id":"https:\/\/www.gaveanews.com\/#organization"}},{"@type":"WebPage","@id":"https:\/\/www.gaveanews.com\/index.php\/2025\/04\/10\/a-declaracao-de-abel-ferreira-direcionada-a-richard-rios-do-palmeiras\/","url":"https:\/\/www.gaveanews.com\/index.php\/2025\/04\/10\/a-declaracao-de-abel-ferreira-direcionada-a-richard-rios-do-palmeiras\/","name":"A declara\u00e7\u00e3o de Abel Ferreira direcionada a Richard R\u00edos, do Palmeiras","isPartOf":{"@id":"https:\/\/www.gaveanews.com\/#website"},"primaryImageOfPage":{"@id":"https:\/\/www.gaveanews.com\/index.php\/2025\/04\/10\/a-declaracao-de-abel-ferreira-direcionada-a-richard-rios-do-palmeiras\/#primaryimage"},"image":{"@id":"https:\/\/www.gaveanews.com\/index.php\/2025\/04\/10\/a-declaracao-de-abel-ferreira-direcionada-a-richard-rios-do-palmeiras\/#primaryimage"},"thumbnailUrl":"https:\/\/www.gaveanews.com\/wp-content\/uploads\/chrome_ODu3uwWaKP.webp","datePublished":"2025-04-10T21:50:00+00:00","author":{"@id":"https:\/\/www.gaveanews.com\/#\/schema\/person\/2424ec6409bc3f068411fc5e4e9b6168"},"breadcrumb":{"@id":"https:\/\/www.gaveanews.com\/index.php\/2025\/04\/10\/a-declaracao-de-abel-ferreira-direcionada-a-richard-rios-do-palmeiras\/#breadcrumb"},"inLanguage":"pt-BR","potentialAction":[{"@type":"ReadAction","target":["https:\/\/www.gaveanews.com\/index.php\/2025\/04\/10\/a-declaracao-de-abel-ferreira-direcionada-a-richard-rios-do-palmeiras\/"]}]},{"@type":"ImageObject","inLanguage":"pt-BR","@id":"https:\/\/www.gaveanews.com\/index.php\/2025\/04\/10\/a-declaracao-de-abel-ferreira-direcionada-a-richard-rios-do-palmeiras\/#primaryimage","url":"https:\/\/www.gaveanews.com\/wp-content\/uploads\/chrome_ODu3uwWaKP.webp","contentUrl":"https:\/\/www.gaveanews.com\/wp-content\/uploads\/chrome_ODu3uwWaKP.webp","width":840,"height":510,"caption":"Abel Ferreira em Jogo pelo Palmeiras - Foto Reprodu\u00e7\u00e3o"},{"@type":"BreadcrumbList","@id":"https:\/\/www.gaveanews.com\/index.php\/2025\/04\/10\/a-declaracao-de-abel-ferreira-direcionada-a-richard-rios-do-palmeiras\/#breadcrumb","itemListElement":[{"@type":"ListItem","position":1,"name":"Home","item":"https:\/\/www.gaveanews.com\/"},{"@type":"ListItem","position":2,"name":"A declara\u00e7\u00e3o de Abel Ferreira direcionada a Richard R\u00edos, do Palmeiras"}]},{"@type":"WebSite","@id":"https:\/\/www.gaveanews.com\/#website","url":"https:\/\/www.gaveanews.com\/","name":"G\u00e1vea News","description":"Veja todas as not\u00edcias sobre o Flamengo: Contrata\u00e7\u00f5es, categorias de base, resultados das partidas, tabela de classifica\u00e7\u00e3o, pr\u00f3ximos jogos!","potentialAction":[{"@type":"SearchAction","target":{"@type":"EntryPoint","urlTemplate":"https:\/\/www.gaveanews.com\/?s={search_term_string}"},"query-input":{"@type":"PropertyValueSpecification","valueRequired":true,"valueName":"search_term_string"}}],"inLanguage":"pt-BR"},{"@type":"Person","@id":"https:\/\/www.gaveanews.com\/#\/schema\/person\/2424ec6409bc3f068411fc5e4e9b6168","name":"Leandro Cardoso","image":{"@type":"ImageObject","inLanguage":"pt-BR","@id":"https:\/\/www.gaveanews.com\/#\/schema\/person\/image\/","url":"https:\/\/secure.gravatar.com\/avatar\/8ca179f9b55eefe9f376f5493ef25475bfa59fbc28ce937f6076ce20e523098f?s=96&d=mm&r=g","contentUrl":"https:\/\/secure.gravatar.com\/avatar\/8ca179f9b55eefe9f376f5493ef25475bfa59fbc28ce937f6076ce20e523098f?s=96&d=mm&r=g","caption":"Leandro Cardoso"}}]}},"_links":{"self":[{"href":"https:\/\/www.gaveanews.com\/index.php\/wp-json\/wp\/v2\/posts\/251769","targetHints":{"allow":["GET"]}}],"collection":[{"href":"https:\/\/www.gaveanews.com\/index.php\/wp-json\/wp\/v2\/posts"}],"about":[{"href":"https:\/\/www.gaveanews.com\/index.php\/wp-json\/wp\/v2\/types\/post"}],"author":[{"embeddable":true,"href":"https:\/\/www.gaveanews.com\/index.php\/wp-json\/wp\/v2\/users\/24"}],"replies":[{"embeddable":true,"href":"https:\/\/www.gaveanews.com\/index.php\/wp-json\/wp\/v2\/comments?post=251769"}],"version-history":[{"count":1,"href":"https:\/\/www.gaveanews.com\/index.php\/wp-json\/wp\/v2\/posts\/251769\/revisions"}],"predecessor-version":[{"id":251774,"href":"https:\/\/www.gaveanews.com\/index.php\/wp-json\/wp\/v2\/posts\/251769\/revisions\/251774"}],"wp:featuredmedia":[{"embeddable":true,"href":"https:\/\/www.gaveanews.com\/index.php\/wp-json\/wp\/v2\/media\/102760"}],"wp:attachment":[{"href":"https:\/\/www.gaveanews.com\/index.php\/wp-json\/wp\/v2\/media?parent=251769"}],"wp:term":[{"taxonomy":"category","embeddable":true,"href":"https:\/\/www.gaveanews.com\/index.php\/wp-json\/wp\/v2\/categories?post=251769"},{"taxonomy":"post_tag","embeddable":true,"href":"https:\/\/www.gaveanews.com\/index.php\/wp-json\/wp\/v2\/tags?post=251769"}],"curies":[{"name":"wp","href":"https:\/\/api.w.org\/{rel}","templated":true}]}}