{"id":251778,"date":"2025-04-10T19:10:00","date_gmt":"2025-04-10T22:10:00","guid":{"rendered":"https:\/\/www.gaveanews.com\/?p=251778"},"modified":"2025-04-10T15:42:21","modified_gmt":"2025-04-10T18:42:21","slug":"rogerio-ceni-atinge-feito-inedito-na-historia-do-bahia","status":"publish","type":"post","link":"https:\/\/www.gaveanews.com\/index.php\/2025\/04\/10\/rogerio-ceni-atinge-feito-inedito-na-historia-do-bahia\/","title":{"rendered":"Rogerio Ceni atinge feito in\u00e9dito na hist\u00f3ria do Bahia"},"content":{"rendered":"\n<p>A vit\u00f3ria do Bahia sobre o Nacional, em Montevid\u00e9u, representou um marco significativo na trajet\u00f3ria do clube na Copa Libertadores. O triunfo por 1 a 0, conquistado na noite de quarta-feira (09), no Est\u00e1dio Gran Parque Central, foi o primeiro obtido fora do Brasil pelo Tricolor na hist\u00f3ria da competi\u00e7\u00e3o continental. O feito hist\u00f3rico foi enaltecido pelo t\u00e9cnico Rog\u00e9rio Ceni, que avaliou a partida como um momento especial para o clube e para os torcedores que acompanharam a delega\u00e7\u00e3o no Uruguai.<\/p>\n\n\n\n<p>\u201c\u00c9 o primeiro triunfo do Bahia fora de casa na hist\u00f3ria da Libertadores e n\u00f3s n\u00e3o ganhamos de uma equipe qualquer\u201d, declarou o treinador. \u201cGanhamos de um campe\u00e3o da Libertadores, uma equipe que tem tradi\u00e7\u00e3o e que n\u00e3o \u00e9 f\u00e1cil de enfrentar aqui. \u00c9 um triunfo importante para a hist\u00f3ria do Bahia, pelas pessoas que torcem pelo Bahia e que vieram aqui\u201d, acrescentou.<\/p>\n\n\n\n<p>O destaque defensivo ficou por conta do zagueiro David Duarte, escalado como titular no lugar do argentino Ramos Mingo. Ceni justificou a escolha com base na for\u00e7a do jogo a\u00e9reo do Nacional e elogiou a atua\u00e7\u00e3o do defensor. \u201cDavid \u00e9 nosso melhor jogador no jogo a\u00e9reo. Ele tamb\u00e9m tem muito boa qualidade t\u00e9cnica. Para mim, foi o melhor jogador em campo hoje\u201d, afirmou.<\/p>\n\n\n\n<p>A atua\u00e7\u00e3o consistente da equipe refletiu uma crescente maturidade do elenco na competi\u00e7\u00e3o sul-americana. \u201cPoder\u00edamos ter prendido mais a bola. Perdemos gols como em outros jogos, mas a Libertadores traz uma experi\u00eancia muito grande\u201d, avaliou. Rog\u00e9rio tamb\u00e9m aproveitou para questionar os estere\u00f3tipos formados a partir dos momentos finais das partidas. \u201cSe o gol acontece no final a nosso favor, \u00e9 o time da ra\u00e7a. Se sofre no final, \u00e9 imaturo\u201d, disse.<\/p>\n\n\n\n<p>O t\u00e9cnico tamb\u00e9m falou sobre o desenvolvimento do clube sob sua gest\u00e3o e comentou as expectativas relacionadas ao Grupo City, controlador da SAF do Bahia. \u201cSou apaixonado pelo que fa\u00e7o. Me cerco de gente que tem experi\u00eancia internacional, que pode acrescentar e confrontar minhas ideias. O Bahia pode fazer coisas grandes, mas talvez n\u00e3o seja no tempo que as pessoas esperam. Precisamos crescer, e isso leva tempo\u201d, ressaltou.<\/p>\n\n\n\n<p>A expectativa agora se volta para a sequ\u00eancia da fase de grupos da Libertadores. Segundo Ceni, os dois pr\u00f3ximos jogos em casa ser\u00e3o determinantes. \u201cEsses pontos s\u00e3o importantes para que a gente possa estar em uma pr\u00f3xima fase\u201d, observou. Ainda que o confronto contra o Paysandu, pela terceira fase da Copa do Brasil, j\u00e1 esteja no horizonte, o treinador garantiu que a aten\u00e7\u00e3o est\u00e1 voltada ao Campeonato Brasileiro no momento.<\/p>\n\n\n\n<p>Em tom de respeito ao advers\u00e1rio da Copa do Brasil, Ceni comentou: \u201cContinua sendo um grande jogo, um grande cl\u00e1ssico. O Paysandu foi na Bombonera e venceu o Boca Juniors anos atr\u00e1s. \u00c9 um time hist\u00f3rico, que tem sua grandeza. O jogo ainda est\u00e1 longe. Vou deixar para pensar depois\u201d.<\/p>\n\n\n\n<p>A conquista fora de casa, portanto, n\u00e3o s\u00f3 resgata a confian\u00e7a dos torcedores como tamb\u00e9m refor\u00e7a o planejamento do clube para se consolidar no cen\u00e1rio continental. O feito, al\u00e9m disso, \u00e9 simb\u00f3lico para a hist\u00f3ria do Bahia, que segue firme na disputa pela classifica\u00e7\u00e3o \u00e0s fases finais da Libertadores.<\/p>\n","protected":false},"excerpt":{"rendered":"<p>A vit\u00f3ria do Bahia sobre o Nacional, em Montevid\u00e9u, representou um marco significativo na trajet\u00f3ria do clube na Copa Libertadores. O triunfo por 1 a 0, conquistado na noite de quarta-feira (09), no Est\u00e1dio Gran Parque Central, foi o primeiro obtido fora do Brasil pelo Tricolor na hist\u00f3ria da competi\u00e7\u00e3o continental. O feito hist\u00f3rico foi [&hellip;]<\/p>\n","protected":false},"author":30,"featured_media":251412,"comment_status":"open","ping_status":"closed","sticky":false,"template":"","format":"standard","meta":{"footnotes":""},"categories":[137],"tags":[],"class_list":["post-251778","post","type-post","status-publish","format-standard","has-post-thumbnail","hentry","category-bahia"],"yoast_head":"<!-- This site is optimized with the Yoast SEO Premium plugin v24.2 (Yoast SEO v26.9) - https:\/\/yoast.com\/product\/yoast-seo-premium-wordpress\/ -->\n<title>Rogerio Ceni atinge feito in\u00e9dito na hist\u00f3ria do Bahia<\/title>\n<meta name=\"robots\" content=\"index, follow, max-snippet:-1, max-image-preview:large, max-video-preview:-1\" \/>\n<link rel=\"canonical\" href=\"https:\/\/www.gaveanews.com\/index.php\/2025\/04\/10\/rogerio-ceni-atinge-feito-inedito-na-historia-do-bahia\/\" \/>\n<meta property=\"og:locale\" content=\"pt_BR\" \/>\n<meta property=\"og:type\" content=\"article\" \/>\n<meta property=\"og:title\" content=\"Rogerio Ceni atinge feito in\u00e9dito na hist\u00f3ria do Bahia\" \/>\n<meta property=\"og:description\" content=\"A vit\u00f3ria do Bahia sobre o Nacional, em Montevid\u00e9u, representou um marco significativo na trajet\u00f3ria do clube na Copa Libertadores. O triunfo por 1 a 0, conquistado na noite de quarta-feira (09), no Est\u00e1dio Gran Parque Central, foi o primeiro obtido fora do Brasil pelo Tricolor na hist\u00f3ria da competi\u00e7\u00e3o continental. O feito hist\u00f3rico foi [&hellip;]\" \/>\n<meta property=\"og:url\" content=\"https:\/\/www.gaveanews.com\/index.php\/2025\/04\/10\/rogerio-ceni-atinge-feito-inedito-na-historia-do-bahia\/\" \/>\n<meta property=\"og:site_name\" content=\"G\u00e1vea News\" \/>\n<meta property=\"article:publisher\" content=\"https:\/\/facebook.com\/gaveaNews\/\" \/>\n<meta property=\"article:published_time\" content=\"2025-04-10T22:10:00+00:00\" \/>\n<meta property=\"og:image\" content=\"https:\/\/www.gaveanews.com\/wp-content\/uploads\/Rogerio-Ceni-comemora-pelo-Bahia.webp\" \/>\n\t<meta property=\"og:image:width\" content=\"758\" \/>\n\t<meta property=\"og:image:height\" content=\"408\" \/>\n\t<meta property=\"og:image:type\" content=\"image\/jpeg\" \/>\n<meta name=\"author\" content=\"Ana Teixeira\" \/>\n<meta name=\"twitter:card\" content=\"summary_large_image\" \/>\n<meta name=\"twitter:label1\" content=\"Escrito por\" \/>\n\t<meta name=\"twitter:data1\" content=\"Ana Teixeira\" \/>\n\t<meta name=\"twitter:label2\" content=\"Est. tempo de leitura\" \/>\n\t<meta name=\"twitter:data2\" content=\"4 minutos\" \/>\n<script type=\"application\/ld+json\" class=\"yoast-schema-graph\">{\"@context\":\"https:\/\/schema.org\",\"@graph\":[{\"@type\":\"NewsArticle\",\"@id\":\"https:\/\/www.gaveanews.com\/index.php\/2025\/04\/10\/rogerio-ceni-atinge-feito-inedito-na-historia-do-bahia\/#article\",\"isPartOf\":{\"@id\":\"https:\/\/www.gaveanews.com\/index.php\/2025\/04\/10\/rogerio-ceni-atinge-feito-inedito-na-historia-do-bahia\/\"},\"author\":{\"name\":\"Ana Teixeira\",\"@id\":\"https:\/\/www.gaveanews.com\/#\/schema\/person\/3b19f7288b0ce20372991275e4f2e6c2\"},\"headline\":\"Rogerio Ceni atinge feito in\u00e9dito na hist\u00f3ria do Bahia\",\"datePublished\":\"2025-04-10T22:10:00+00:00\",\"mainEntityOfPage\":{\"@id\":\"https:\/\/www.gaveanews.com\/index.php\/2025\/04\/10\/rogerio-ceni-atinge-feito-inedito-na-historia-do-bahia\/\"},\"wordCount\":572,\"commentCount\":0,\"image\":{\"@id\":\"https:\/\/www.gaveanews.com\/index.php\/2025\/04\/10\/rogerio-ceni-atinge-feito-inedito-na-historia-do-bahia\/#primaryimage\"},\"thumbnailUrl\":\"https:\/\/www.gaveanews.com\/wp-content\/uploads\/Rogerio-Ceni-comemora-pelo-Bahia.webp\",\"articleSection\":[\"Bahia\"],\"inLanguage\":\"pt-BR\",\"potentialAction\":[{\"@type\":\"CommentAction\",\"name\":\"Comment\",\"target\":[\"https:\/\/www.gaveanews.com\/index.php\/2025\/04\/10\/rogerio-ceni-atinge-feito-inedito-na-historia-do-bahia\/#respond\"]}],\"copyrightYear\":\"2025\",\"copyrightHolder\":{\"@id\":\"https:\/\/www.gaveanews.com\/#organization\"}},{\"@type\":\"WebPage\",\"@id\":\"https:\/\/www.gaveanews.com\/index.php\/2025\/04\/10\/rogerio-ceni-atinge-feito-inedito-na-historia-do-bahia\/\",\"url\":\"https:\/\/www.gaveanews.com\/index.php\/2025\/04\/10\/rogerio-ceni-atinge-feito-inedito-na-historia-do-bahia\/\",\"name\":\"Rogerio Ceni atinge feito in\u00e9dito na hist\u00f3ria do Bahia\",\"isPartOf\":{\"@id\":\"https:\/\/www.gaveanews.com\/#website\"},\"primaryImageOfPage\":{\"@id\":\"https:\/\/www.gaveanews.com\/index.php\/2025\/04\/10\/rogerio-ceni-atinge-feito-inedito-na-historia-do-bahia\/#primaryimage\"},\"image\":{\"@id\":\"https:\/\/www.gaveanews.com\/index.php\/2025\/04\/10\/rogerio-ceni-atinge-feito-inedito-na-historia-do-bahia\/#primaryimage\"},\"thumbnailUrl\":\"https:\/\/www.gaveanews.com\/wp-content\/uploads\/Rogerio-Ceni-comemora-pelo-Bahia.webp\",\"datePublished\":\"2025-04-10T22:10:00+00:00\",\"author\":{\"@id\":\"https:\/\/www.gaveanews.com\/#\/schema\/person\/3b19f7288b0ce20372991275e4f2e6c2\"},\"breadcrumb\":{\"@id\":\"https:\/\/www.gaveanews.com\/index.php\/2025\/04\/10\/rogerio-ceni-atinge-feito-inedito-na-historia-do-bahia\/#breadcrumb\"},\"inLanguage\":\"pt-BR\",\"potentialAction\":[{\"@type\":\"ReadAction\",\"target\":[\"https:\/\/www.gaveanews.com\/index.php\/2025\/04\/10\/rogerio-ceni-atinge-feito-inedito-na-historia-do-bahia\/\"]}]},{\"@type\":\"ImageObject\",\"inLanguage\":\"pt-BR\",\"@id\":\"https:\/\/www.gaveanews.com\/index.php\/2025\/04\/10\/rogerio-ceni-atinge-feito-inedito-na-historia-do-bahia\/#primaryimage\",\"url\":\"https:\/\/www.gaveanews.com\/wp-content\/uploads\/Rogerio-Ceni-comemora-pelo-Bahia.webp\",\"contentUrl\":\"https:\/\/www.gaveanews.com\/wp-content\/uploads\/Rogerio-Ceni-comemora-pelo-Bahia.webp\",\"width\":758,\"height\":408,\"caption\":\"Rog\u00e9rio Ceni comemora pelo Bahia (Fotos: Let\u00edcia Martins \/ EC Bahia)\"},{\"@type\":\"BreadcrumbList\",\"@id\":\"https:\/\/www.gaveanews.com\/index.php\/2025\/04\/10\/rogerio-ceni-atinge-feito-inedito-na-historia-do-bahia\/#breadcrumb\",\"itemListElement\":[{\"@type\":\"ListItem\",\"position\":1,\"name\":\"Home\",\"item\":\"https:\/\/www.gaveanews.com\/\"},{\"@type\":\"ListItem\",\"position\":2,\"name\":\"Rogerio Ceni atinge feito in\u00e9dito na hist\u00f3ria do Bahia\"}]},{\"@type\":\"WebSite\",\"@id\":\"https:\/\/www.gaveanews.com\/#website\",\"url\":\"https:\/\/www.gaveanews.com\/\",\"name\":\"G\u00e1vea News\",\"description\":\"Veja todas as not\u00edcias sobre o Flamengo: Contrata\u00e7\u00f5es, categorias de base, resultados das partidas, tabela de classifica\u00e7\u00e3o, pr\u00f3ximos jogos!\",\"potentialAction\":[{\"@type\":\"SearchAction\",\"target\":{\"@type\":\"EntryPoint\",\"urlTemplate\":\"https:\/\/www.gaveanews.com\/?s={search_term_string}\"},\"query-input\":{\"@type\":\"PropertyValueSpecification\",\"valueRequired\":true,\"valueName\":\"search_term_string\"}}],\"inLanguage\":\"pt-BR\"},{\"@type\":\"Person\",\"@id\":\"https:\/\/www.gaveanews.com\/#\/schema\/person\/3b19f7288b0ce20372991275e4f2e6c2\",\"name\":\"Ana Teixeira\",\"image\":{\"@type\":\"ImageObject\",\"inLanguage\":\"pt-BR\",\"@id\":\"https:\/\/www.gaveanews.com\/#\/schema\/person\/image\/\",\"url\":\"https:\/\/secure.gravatar.com\/avatar\/0a73f5a5258f3fed37fc2fa641892f3f7a4748456d4d4792f9bc550e6c19e06c?s=96&d=mm&r=g\",\"contentUrl\":\"https:\/\/secure.gravatar.com\/avatar\/0a73f5a5258f3fed37fc2fa641892f3f7a4748456d4d4792f9bc550e6c19e06c?s=96&d=mm&r=g\",\"caption\":\"Ana Teixeira\"}}]}<\/script>\n<!-- \/ Yoast SEO Premium plugin. -->","yoast_head_json":{"title":"Rogerio Ceni atinge feito in\u00e9dito na hist\u00f3ria do Bahia","robots":{"index":"index","follow":"follow","max-snippet":"max-snippet:-1","max-image-preview":"max-image-preview:large","max-video-preview":"max-video-preview:-1"},"canonical":"https:\/\/www.gaveanews.com\/index.php\/2025\/04\/10\/rogerio-ceni-atinge-feito-inedito-na-historia-do-bahia\/","og_locale":"pt_BR","og_type":"article","og_title":"Rogerio Ceni atinge feito in\u00e9dito na hist\u00f3ria do Bahia","og_description":"A vit\u00f3ria do Bahia sobre o Nacional, em Montevid\u00e9u, representou um marco significativo na trajet\u00f3ria do clube na Copa Libertadores. O triunfo por 1 a 0, conquistado na noite de quarta-feira (09), no Est\u00e1dio Gran Parque Central, foi o primeiro obtido fora do Brasil pelo Tricolor na hist\u00f3ria da competi\u00e7\u00e3o continental. O feito hist\u00f3rico foi [&hellip;]","og_url":"https:\/\/www.gaveanews.com\/index.php\/2025\/04\/10\/rogerio-ceni-atinge-feito-inedito-na-historia-do-bahia\/","og_site_name":"G\u00e1vea News","article_publisher":"https:\/\/facebook.com\/gaveaNews\/","article_published_time":"2025-04-10T22:10:00+00:00","og_image":[{"width":758,"height":408,"url":"https:\/\/www.gaveanews.com\/wp-content\/uploads\/Rogerio-Ceni-comemora-pelo-Bahia.webp","type":"image\/jpeg"}],"author":"Ana Teixeira","twitter_card":"summary_large_image","twitter_misc":{"Escrito por":"Ana Teixeira","Est. tempo de leitura":"4 minutos"},"schema":{"@context":"https:\/\/schema.org","@graph":[{"@type":"NewsArticle","@id":"https:\/\/www.gaveanews.com\/index.php\/2025\/04\/10\/rogerio-ceni-atinge-feito-inedito-na-historia-do-bahia\/#article","isPartOf":{"@id":"https:\/\/www.gaveanews.com\/index.php\/2025\/04\/10\/rogerio-ceni-atinge-feito-inedito-na-historia-do-bahia\/"},"author":{"name":"Ana Teixeira","@id":"https:\/\/www.gaveanews.com\/#\/schema\/person\/3b19f7288b0ce20372991275e4f2e6c2"},"headline":"Rogerio Ceni atinge feito in\u00e9dito na hist\u00f3ria do Bahia","datePublished":"2025-04-10T22:10:00+00:00","mainEntityOfPage":{"@id":"https:\/\/www.gaveanews.com\/index.php\/2025\/04\/10\/rogerio-ceni-atinge-feito-inedito-na-historia-do-bahia\/"},"wordCount":572,"commentCount":0,"image":{"@id":"https:\/\/www.gaveanews.com\/index.php\/2025\/04\/10\/rogerio-ceni-atinge-feito-inedito-na-historia-do-bahia\/#primaryimage"},"thumbnailUrl":"https:\/\/www.gaveanews.com\/wp-content\/uploads\/Rogerio-Ceni-comemora-pelo-Bahia.webp","articleSection":["Bahia"],"inLanguage":"pt-BR","potentialAction":[{"@type":"CommentAction","name":"Comment","target":["https:\/\/www.gaveanews.com\/index.php\/2025\/04\/10\/rogerio-ceni-atinge-feito-inedito-na-historia-do-bahia\/#respond"]}],"copyrightYear":"2025","copyrightHolder":{"@id":"https:\/\/www.gaveanews.com\/#organization"}},{"@type":"WebPage","@id":"https:\/\/www.gaveanews.com\/index.php\/2025\/04\/10\/rogerio-ceni-atinge-feito-inedito-na-historia-do-bahia\/","url":"https:\/\/www.gaveanews.com\/index.php\/2025\/04\/10\/rogerio-ceni-atinge-feito-inedito-na-historia-do-bahia\/","name":"Rogerio Ceni atinge feito in\u00e9dito na hist\u00f3ria do Bahia","isPartOf":{"@id":"https:\/\/www.gaveanews.com\/#website"},"primaryImageOfPage":{"@id":"https:\/\/www.gaveanews.com\/index.php\/2025\/04\/10\/rogerio-ceni-atinge-feito-inedito-na-historia-do-bahia\/#primaryimage"},"image":{"@id":"https:\/\/www.gaveanews.com\/index.php\/2025\/04\/10\/rogerio-ceni-atinge-feito-inedito-na-historia-do-bahia\/#primaryimage"},"thumbnailUrl":"https:\/\/www.gaveanews.com\/wp-content\/uploads\/Rogerio-Ceni-comemora-pelo-Bahia.webp","datePublished":"2025-04-10T22:10:00+00:00","author":{"@id":"https:\/\/www.gaveanews.com\/#\/schema\/person\/3b19f7288b0ce20372991275e4f2e6c2"},"breadcrumb":{"@id":"https:\/\/www.gaveanews.com\/index.php\/2025\/04\/10\/rogerio-ceni-atinge-feito-inedito-na-historia-do-bahia\/#breadcrumb"},"inLanguage":"pt-BR","potentialAction":[{"@type":"ReadAction","target":["https:\/\/www.gaveanews.com\/index.php\/2025\/04\/10\/rogerio-ceni-atinge-feito-inedito-na-historia-do-bahia\/"]}]},{"@type":"ImageObject","inLanguage":"pt-BR","@id":"https:\/\/www.gaveanews.com\/index.php\/2025\/04\/10\/rogerio-ceni-atinge-feito-inedito-na-historia-do-bahia\/#primaryimage","url":"https:\/\/www.gaveanews.com\/wp-content\/uploads\/Rogerio-Ceni-comemora-pelo-Bahia.webp","contentUrl":"https:\/\/www.gaveanews.com\/wp-content\/uploads\/Rogerio-Ceni-comemora-pelo-Bahia.webp","width":758,"height":408,"caption":"Rog\u00e9rio Ceni comemora pelo Bahia (Fotos: Let\u00edcia Martins \/ EC Bahia)"},{"@type":"BreadcrumbList","@id":"https:\/\/www.gaveanews.com\/index.php\/2025\/04\/10\/rogerio-ceni-atinge-feito-inedito-na-historia-do-bahia\/#breadcrumb","itemListElement":[{"@type":"ListItem","position":1,"name":"Home","item":"https:\/\/www.gaveanews.com\/"},{"@type":"ListItem","position":2,"name":"Rogerio Ceni atinge feito in\u00e9dito na hist\u00f3ria do Bahia"}]},{"@type":"WebSite","@id":"https:\/\/www.gaveanews.com\/#website","url":"https:\/\/www.gaveanews.com\/","name":"G\u00e1vea News","description":"Veja todas as not\u00edcias sobre o Flamengo: Contrata\u00e7\u00f5es, categorias de base, resultados das partidas, tabela de classifica\u00e7\u00e3o, pr\u00f3ximos jogos!","potentialAction":[{"@type":"SearchAction","target":{"@type":"EntryPoint","urlTemplate":"https:\/\/www.gaveanews.com\/?s={search_term_string}"},"query-input":{"@type":"PropertyValueSpecification","valueRequired":true,"valueName":"search_term_string"}}],"inLanguage":"pt-BR"},{"@type":"Person","@id":"https:\/\/www.gaveanews.com\/#\/schema\/person\/3b19f7288b0ce20372991275e4f2e6c2","name":"Ana Teixeira","image":{"@type":"ImageObject","inLanguage":"pt-BR","@id":"https:\/\/www.gaveanews.com\/#\/schema\/person\/image\/","url":"https:\/\/secure.gravatar.com\/avatar\/0a73f5a5258f3fed37fc2fa641892f3f7a4748456d4d4792f9bc550e6c19e06c?s=96&d=mm&r=g","contentUrl":"https:\/\/secure.gravatar.com\/avatar\/0a73f5a5258f3fed37fc2fa641892f3f7a4748456d4d4792f9bc550e6c19e06c?s=96&d=mm&r=g","caption":"Ana Teixeira"}}]}},"_links":{"self":[{"href":"https:\/\/www.gaveanews.com\/index.php\/wp-json\/wp\/v2\/posts\/251778","targetHints":{"allow":["GET"]}}],"collection":[{"href":"https:\/\/www.gaveanews.com\/index.php\/wp-json\/wp\/v2\/posts"}],"about":[{"href":"https:\/\/www.gaveanews.com\/index.php\/wp-json\/wp\/v2\/types\/post"}],"author":[{"embeddable":true,"href":"https:\/\/www.gaveanews.com\/index.php\/wp-json\/wp\/v2\/users\/30"}],"replies":[{"embeddable":true,"href":"https:\/\/www.gaveanews.com\/index.php\/wp-json\/wp\/v2\/comments?post=251778"}],"version-history":[{"count":1,"href":"https:\/\/www.gaveanews.com\/index.php\/wp-json\/wp\/v2\/posts\/251778\/revisions"}],"predecessor-version":[{"id":251798,"href":"https:\/\/www.gaveanews.com\/index.php\/wp-json\/wp\/v2\/posts\/251778\/revisions\/251798"}],"wp:featuredmedia":[{"embeddable":true,"href":"https:\/\/www.gaveanews.com\/index.php\/wp-json\/wp\/v2\/media\/251412"}],"wp:attachment":[{"href":"https:\/\/www.gaveanews.com\/index.php\/wp-json\/wp\/v2\/media?parent=251778"}],"wp:term":[{"taxonomy":"category","embeddable":true,"href":"https:\/\/www.gaveanews.com\/index.php\/wp-json\/wp\/v2\/categories?post=251778"},{"taxonomy":"post_tag","embeddable":true,"href":"https:\/\/www.gaveanews.com\/index.php\/wp-json\/wp\/v2\/tags?post=251778"}],"curies":[{"name":"wp","href":"https:\/\/api.w.org\/{rel}","templated":true}]}}