{"id":251779,"date":"2025-04-10T19:15:00","date_gmt":"2025-04-10T22:15:00","guid":{"rendered":"https:\/\/www.gaveanews.com\/?p=251779"},"modified":"2025-04-10T15:44:41","modified_gmt":"2025-04-10T18:44:41","slug":"acabou-lucas-paqueta-sera-vendido-pelo-west-ham","status":"publish","type":"post","link":"https:\/\/www.gaveanews.com\/index.php\/2025\/04\/10\/acabou-lucas-paqueta-sera-vendido-pelo-west-ham\/","title":{"rendered":"Acabou! Lucas Paquet\u00e1 ser\u00e1 vendido pelo West Ham"},"content":{"rendered":"\n<p>A poss\u00edvel volta de Lucas Paquet\u00e1 ao futebol brasileiro movimenta os bastidores da atual janela de transfer\u00eancias. Conforme informa\u00e7\u00f5es obtidas por ve\u00edculos especializados, o meio-campista est\u00e1 sendo avaliado para uma eventual negocia\u00e7\u00e3o com Flamengo ou Palmeiras, sendo que o clube carioca aparece, atualmente, como o mais interessado em repatriar o atleta revelado pelas suas categorias de base.<\/p>\n\n\n\n<h3 class=\"wp-block-heading\" id=\"h-west-ham-define-valor-e-aceita-negociar\">West Ham define valor e aceita negociar<\/h3>\n\n\n\n<p>O clube ingl\u00eas que det\u00e9m os direitos de Paquet\u00e1, j\u00e1 sinalizou que est\u00e1 disposto a vender o jogador ao fim da temporada europeia. De acordo com apura\u00e7\u00e3o do portal brit\u00e2nico \u201cClarent Hugh\u201d, os valores giram entre R$ 187 milh\u00f5es e R$ 224 milh\u00f5es, e uma proposta no patamar m\u00ednimo j\u00e1 seria considerada suficiente para concluir a transa\u00e7\u00e3o. O Flamengo, nesse cen\u00e1rio, surge como o principal candidato a concretizar o retorno do jogador ao pa\u00eds.<\/p>\n\n\n\n<p>O Palmeiras, por sua vez, embora n\u00e3o tenha feito movimenta\u00e7\u00f5es recentes, pode entrar na disputa dependendo da sa\u00edda de pe\u00e7as importantes do elenco, como Richard Rios. Ainda assim, o atual monitoramento mais intenso parte do clube da G\u00e1vea.<\/p>\n\n\n\n<h2 class=\"wp-block-heading\" id=\"h-julgamento-condiciona-qualquer-avanco\">Julgamento condiciona qualquer avan\u00e7o<\/h2>\n\n\n\n<p>Apesar do interesse dos clubes brasileiros, o processo de julgamento de Lucas Paquet\u00e1, acusado pela Federa\u00e7\u00e3o Inglesa (FA) de envolvimento em esquema para favorecer apostadores em jogos da Premier League, impede qualquer oficializa\u00e7\u00e3o imediata. Segundo informa\u00e7\u00f5es do jornal \u201cThe Guardian\u201d, a decis\u00e3o definitiva sobre o caso est\u00e1 prevista apenas para junho. Enquanto isso, o West Ham evita formalizar qualquer negocia\u00e7\u00e3o.<\/p>\n\n\n\n<p>Paquet\u00e1, que nega as acusa\u00e7\u00f5es, segue atuando normalmente at\u00e9 que o veredito seja divulgado. Ainda assim, essa pend\u00eancia jur\u00eddica se mant\u00e9m como fator determinante no desfecho de qualquer negocia\u00e7\u00e3o.<\/p>\n\n\n\n<h2 class=\"wp-block-heading\" id=\"h-concorrencia-europeia-e-historico-recente\">Concorr\u00eancia europeia e hist\u00f3rico recente<\/h2>\n\n\n\n<p>Embora o Flamengo se destaque na corrida por Paquet\u00e1, clubes do futebol europeu tamb\u00e9m seguem atentos. O Manchester City, por exemplo, j\u00e1 demonstrou interesse anteriormente. Pep Guardiola \u00e9 um declarado admirador do futebol do brasileiro. Contudo, atualmente, a equipe inglesa foca seus esfor\u00e7os em Bruno Guimar\u00e3es, do Newcastle.<\/p>\n\n\n\n<p>O pr\u00f3prio Newcastle, ali\u00e1s, aparece como poss\u00edvel destino, oferecendo um projeto esportivo competitivo e a possibilidade de formar um trio brasileiro com Joelinton e o j\u00e1 citado Bruno Guimar\u00e3es. Al\u00e9m disso, o Lyon, da Fran\u00e7a, onde Paquet\u00e1 teve boa passagem, tamb\u00e9m poderia ser uma op\u00e7\u00e3o vi\u00e1vel, caso o atleta deseje retornar ao futebol franc\u00eas.<\/p>\n\n\n\n<h2 class=\"wp-block-heading\" id=\"h-desempenho-no-exterior\">Desempenho no exterior <\/h2>\n\n\n\n<p>Paquet\u00e1 viveu no West Ham o melhor momento de sua carreira. Em Londres, soma 114 partidas, 18 gols e 14 assist\u00eancias. Antes, no Lyon, seus n\u00fameros foram igualmente expressivos: 21 gols e 13 assist\u00eancias em 80 jogos, apesar da menor competitividade da Ligue 1 em rela\u00e7\u00e3o \u00e0 Premier League.<\/p>\n\n\n\n<p>A performance s\u00f3lida, tanto na Fran\u00e7a quanto na Inglaterra, refor\u00e7a o prest\u00edgio do meia no mercado internacional. Portanto, sua poss\u00edvel volta ao Brasil, sobretudo ao Flamengo, mobiliza torcedores e dirigentes, ainda que dependa de vari\u00e1veis extracampo.<\/p>\n\n\n\n<h2 class=\"wp-block-heading\" id=\"h-perspectivas-e-bastidores-da-negociacao\">Perspectivas e bastidores da negocia\u00e7\u00e3o<\/h2>\n\n\n\n<p>Embora o Botafogo tenha realizado sondagens na \u00faltima janela de transfer\u00eancias, o clube carioca aparentemente saiu da disputa, focando na conten\u00e7\u00e3o de gastos. Com isso, a negocia\u00e7\u00e3o tende a se resumir a Flamengo e Palmeiras, sendo que o rubro-negro det\u00e9m vantagem por raz\u00f5es afetivas e esportivas. Afinal, trata-se do clube que o revelou profissionalmente.<\/p>\n\n\n\n<p>Em s\u00edntese, a situa\u00e7\u00e3o de Lucas Paquet\u00e1 permanece indefinida, mas \u00e9 certo que seu futuro ser\u00e1 amplamente debatido nos pr\u00f3ximos meses. O Flamengo, conforme se apresenta, est\u00e1 mais pr\u00f3ximo de concretizar o retorno do meia, a menos que novas vari\u00e1veis influenciem o mercado.<\/p>\n","protected":false},"excerpt":{"rendered":"<p>A poss\u00edvel volta de Lucas Paquet\u00e1 ao futebol brasileiro movimenta os bastidores da atual janela de transfer\u00eancias. Conforme informa\u00e7\u00f5es obtidas por ve\u00edculos especializados, o meio-campista est\u00e1 sendo avaliado para uma eventual negocia\u00e7\u00e3o com Flamengo ou Palmeiras, sendo que o clube carioca aparece, atualmente, como o mais interessado em repatriar o atleta revelado pelas suas categorias [&hellip;]<\/p>\n","protected":false},"author":30,"featured_media":146357,"comment_status":"open","ping_status":"closed","sticky":false,"template":"","format":"standard","meta":{"footnotes":""},"categories":[1,150,85,462],"tags":[],"class_list":["post-251779","post","type-post","status-publish","format-standard","has-post-thumbnail","hentry","category-flamengo","category-palmeiras","category-premier-league","category-west-ham"],"yoast_head":"<!-- This site is optimized with the Yoast SEO Premium plugin v24.2 (Yoast SEO v26.9) - https:\/\/yoast.com\/product\/yoast-seo-premium-wordpress\/ -->\n<title>Acabou! Lucas Paquet\u00e1 ser\u00e1 vendido pelo West Ham<\/title>\n<meta name=\"robots\" content=\"index, follow, max-snippet:-1, max-image-preview:large, max-video-preview:-1\" \/>\n<link rel=\"canonical\" href=\"https:\/\/www.gaveanews.com\/index.php\/2025\/04\/10\/acabou-lucas-paqueta-sera-vendido-pelo-west-ham\/\" \/>\n<meta property=\"og:locale\" content=\"pt_BR\" \/>\n<meta property=\"og:type\" content=\"article\" \/>\n<meta property=\"og:title\" content=\"Acabou! Lucas Paquet\u00e1 ser\u00e1 vendido pelo West Ham\" \/>\n<meta property=\"og:description\" content=\"A poss\u00edvel volta de Lucas Paquet\u00e1 ao futebol brasileiro movimenta os bastidores da atual janela de transfer\u00eancias. Conforme informa\u00e7\u00f5es obtidas por ve\u00edculos especializados, o meio-campista est\u00e1 sendo avaliado para uma eventual negocia\u00e7\u00e3o com Flamengo ou Palmeiras, sendo que o clube carioca aparece, atualmente, como o mais interessado em repatriar o atleta revelado pelas suas categorias [&hellip;]\" \/>\n<meta property=\"og:url\" content=\"https:\/\/www.gaveanews.com\/index.php\/2025\/04\/10\/acabou-lucas-paqueta-sera-vendido-pelo-west-ham\/\" \/>\n<meta property=\"og:site_name\" content=\"G\u00e1vea News\" \/>\n<meta property=\"article:publisher\" content=\"https:\/\/facebook.com\/gaveaNews\/\" \/>\n<meta property=\"article:published_time\" content=\"2025-04-10T22:15:00+00:00\" \/>\n<meta property=\"og:image\" content=\"https:\/\/www.gaveanews.com\/wp-content\/uploads\/Paqueta-LucasPaqueta-futebolinternacional-westham-fa-apostas-1-645x362-1.webp\" \/>\n\t<meta property=\"og:image:width\" content=\"645\" \/>\n\t<meta property=\"og:image:height\" content=\"362\" \/>\n\t<meta property=\"og:image:type\" content=\"image\/png\" \/>\n<meta name=\"author\" content=\"Ana Teixeira\" \/>\n<meta name=\"twitter:card\" content=\"summary_large_image\" \/>\n<meta name=\"twitter:label1\" content=\"Escrito por\" \/>\n\t<meta name=\"twitter:data1\" content=\"Ana Teixeira\" \/>\n\t<meta name=\"twitter:label2\" content=\"Est. tempo de leitura\" \/>\n\t<meta name=\"twitter:data2\" content=\"4 minutos\" \/>\n<script type=\"application\/ld+json\" class=\"yoast-schema-graph\">{\"@context\":\"https:\/\/schema.org\",\"@graph\":[{\"@type\":\"NewsArticle\",\"@id\":\"https:\/\/www.gaveanews.com\/index.php\/2025\/04\/10\/acabou-lucas-paqueta-sera-vendido-pelo-west-ham\/#article\",\"isPartOf\":{\"@id\":\"https:\/\/www.gaveanews.com\/index.php\/2025\/04\/10\/acabou-lucas-paqueta-sera-vendido-pelo-west-ham\/\"},\"author\":{\"name\":\"Ana Teixeira\",\"@id\":\"https:\/\/www.gaveanews.com\/#\/schema\/person\/3b19f7288b0ce20372991275e4f2e6c2\"},\"headline\":\"Acabou! Lucas Paquet\u00e1 ser\u00e1 vendido pelo West Ham\",\"datePublished\":\"2025-04-10T22:15:00+00:00\",\"mainEntityOfPage\":{\"@id\":\"https:\/\/www.gaveanews.com\/index.php\/2025\/04\/10\/acabou-lucas-paqueta-sera-vendido-pelo-west-ham\/\"},\"wordCount\":629,\"commentCount\":0,\"image\":{\"@id\":\"https:\/\/www.gaveanews.com\/index.php\/2025\/04\/10\/acabou-lucas-paqueta-sera-vendido-pelo-west-ham\/#primaryimage\"},\"thumbnailUrl\":\"https:\/\/www.gaveanews.com\/wp-content\/uploads\/Paqueta-LucasPaqueta-futebolinternacional-westham-fa-apostas-1-645x362-1.webp\",\"articleSection\":[\"Flamengo\",\"Palmeiras\",\"Premier League\",\"West Ham\"],\"inLanguage\":\"pt-BR\",\"potentialAction\":[{\"@type\":\"CommentAction\",\"name\":\"Comment\",\"target\":[\"https:\/\/www.gaveanews.com\/index.php\/2025\/04\/10\/acabou-lucas-paqueta-sera-vendido-pelo-west-ham\/#respond\"]}],\"copyrightYear\":\"2025\",\"copyrightHolder\":{\"@id\":\"https:\/\/www.gaveanews.com\/#organization\"}},{\"@type\":\"WebPage\",\"@id\":\"https:\/\/www.gaveanews.com\/index.php\/2025\/04\/10\/acabou-lucas-paqueta-sera-vendido-pelo-west-ham\/\",\"url\":\"https:\/\/www.gaveanews.com\/index.php\/2025\/04\/10\/acabou-lucas-paqueta-sera-vendido-pelo-west-ham\/\",\"name\":\"Acabou! Lucas Paquet\u00e1 ser\u00e1 vendido pelo West Ham\",\"isPartOf\":{\"@id\":\"https:\/\/www.gaveanews.com\/#website\"},\"primaryImageOfPage\":{\"@id\":\"https:\/\/www.gaveanews.com\/index.php\/2025\/04\/10\/acabou-lucas-paqueta-sera-vendido-pelo-west-ham\/#primaryimage\"},\"image\":{\"@id\":\"https:\/\/www.gaveanews.com\/index.php\/2025\/04\/10\/acabou-lucas-paqueta-sera-vendido-pelo-west-ham\/#primaryimage\"},\"thumbnailUrl\":\"https:\/\/www.gaveanews.com\/wp-content\/uploads\/Paqueta-LucasPaqueta-futebolinternacional-westham-fa-apostas-1-645x362-1.webp\",\"datePublished\":\"2025-04-10T22:15:00+00:00\",\"author\":{\"@id\":\"https:\/\/www.gaveanews.com\/#\/schema\/person\/3b19f7288b0ce20372991275e4f2e6c2\"},\"breadcrumb\":{\"@id\":\"https:\/\/www.gaveanews.com\/index.php\/2025\/04\/10\/acabou-lucas-paqueta-sera-vendido-pelo-west-ham\/#breadcrumb\"},\"inLanguage\":\"pt-BR\",\"potentialAction\":[{\"@type\":\"ReadAction\",\"target\":[\"https:\/\/www.gaveanews.com\/index.php\/2025\/04\/10\/acabou-lucas-paqueta-sera-vendido-pelo-west-ham\/\"]}]},{\"@type\":\"ImageObject\",\"inLanguage\":\"pt-BR\",\"@id\":\"https:\/\/www.gaveanews.com\/index.php\/2025\/04\/10\/acabou-lucas-paqueta-sera-vendido-pelo-west-ham\/#primaryimage\",\"url\":\"https:\/\/www.gaveanews.com\/wp-content\/uploads\/Paqueta-LucasPaqueta-futebolinternacional-westham-fa-apostas-1-645x362-1.webp\",\"contentUrl\":\"https:\/\/www.gaveanews.com\/wp-content\/uploads\/Paqueta-LucasPaqueta-futebolinternacional-westham-fa-apostas-1-645x362-1.webp\",\"width\":645,\"height\":362,\"caption\":\"Foto: Reprodu\u00e7\u00e3o- Instagram\"},{\"@type\":\"BreadcrumbList\",\"@id\":\"https:\/\/www.gaveanews.com\/index.php\/2025\/04\/10\/acabou-lucas-paqueta-sera-vendido-pelo-west-ham\/#breadcrumb\",\"itemListElement\":[{\"@type\":\"ListItem\",\"position\":1,\"name\":\"Home\",\"item\":\"https:\/\/www.gaveanews.com\/\"},{\"@type\":\"ListItem\",\"position\":2,\"name\":\"Acabou! Lucas Paquet\u00e1 ser\u00e1 vendido pelo West Ham\"}]},{\"@type\":\"WebSite\",\"@id\":\"https:\/\/www.gaveanews.com\/#website\",\"url\":\"https:\/\/www.gaveanews.com\/\",\"name\":\"G\u00e1vea News\",\"description\":\"Veja todas as not\u00edcias sobre o Flamengo: Contrata\u00e7\u00f5es, categorias de base, resultados das partidas, tabela de classifica\u00e7\u00e3o, pr\u00f3ximos jogos!\",\"potentialAction\":[{\"@type\":\"SearchAction\",\"target\":{\"@type\":\"EntryPoint\",\"urlTemplate\":\"https:\/\/www.gaveanews.com\/?s={search_term_string}\"},\"query-input\":{\"@type\":\"PropertyValueSpecification\",\"valueRequired\":true,\"valueName\":\"search_term_string\"}}],\"inLanguage\":\"pt-BR\"},{\"@type\":\"Person\",\"@id\":\"https:\/\/www.gaveanews.com\/#\/schema\/person\/3b19f7288b0ce20372991275e4f2e6c2\",\"name\":\"Ana Teixeira\",\"image\":{\"@type\":\"ImageObject\",\"inLanguage\":\"pt-BR\",\"@id\":\"https:\/\/www.gaveanews.com\/#\/schema\/person\/image\/\",\"url\":\"https:\/\/secure.gravatar.com\/avatar\/0a73f5a5258f3fed37fc2fa641892f3f7a4748456d4d4792f9bc550e6c19e06c?s=96&d=mm&r=g\",\"contentUrl\":\"https:\/\/secure.gravatar.com\/avatar\/0a73f5a5258f3fed37fc2fa641892f3f7a4748456d4d4792f9bc550e6c19e06c?s=96&d=mm&r=g\",\"caption\":\"Ana Teixeira\"}}]}<\/script>\n<!-- \/ Yoast SEO Premium plugin. -->","yoast_head_json":{"title":"Acabou! Lucas Paquet\u00e1 ser\u00e1 vendido pelo West Ham","robots":{"index":"index","follow":"follow","max-snippet":"max-snippet:-1","max-image-preview":"max-image-preview:large","max-video-preview":"max-video-preview:-1"},"canonical":"https:\/\/www.gaveanews.com\/index.php\/2025\/04\/10\/acabou-lucas-paqueta-sera-vendido-pelo-west-ham\/","og_locale":"pt_BR","og_type":"article","og_title":"Acabou! Lucas Paquet\u00e1 ser\u00e1 vendido pelo West Ham","og_description":"A poss\u00edvel volta de Lucas Paquet\u00e1 ao futebol brasileiro movimenta os bastidores da atual janela de transfer\u00eancias. Conforme informa\u00e7\u00f5es obtidas por ve\u00edculos especializados, o meio-campista est\u00e1 sendo avaliado para uma eventual negocia\u00e7\u00e3o com Flamengo ou Palmeiras, sendo que o clube carioca aparece, atualmente, como o mais interessado em repatriar o atleta revelado pelas suas categorias [&hellip;]","og_url":"https:\/\/www.gaveanews.com\/index.php\/2025\/04\/10\/acabou-lucas-paqueta-sera-vendido-pelo-west-ham\/","og_site_name":"G\u00e1vea News","article_publisher":"https:\/\/facebook.com\/gaveaNews\/","article_published_time":"2025-04-10T22:15:00+00:00","og_image":[{"width":645,"height":362,"url":"https:\/\/www.gaveanews.com\/wp-content\/uploads\/Paqueta-LucasPaqueta-futebolinternacional-westham-fa-apostas-1-645x362-1.webp","type":"image\/png"}],"author":"Ana Teixeira","twitter_card":"summary_large_image","twitter_misc":{"Escrito por":"Ana Teixeira","Est. tempo de leitura":"4 minutos"},"schema":{"@context":"https:\/\/schema.org","@graph":[{"@type":"NewsArticle","@id":"https:\/\/www.gaveanews.com\/index.php\/2025\/04\/10\/acabou-lucas-paqueta-sera-vendido-pelo-west-ham\/#article","isPartOf":{"@id":"https:\/\/www.gaveanews.com\/index.php\/2025\/04\/10\/acabou-lucas-paqueta-sera-vendido-pelo-west-ham\/"},"author":{"name":"Ana Teixeira","@id":"https:\/\/www.gaveanews.com\/#\/schema\/person\/3b19f7288b0ce20372991275e4f2e6c2"},"headline":"Acabou! Lucas Paquet\u00e1 ser\u00e1 vendido pelo West Ham","datePublished":"2025-04-10T22:15:00+00:00","mainEntityOfPage":{"@id":"https:\/\/www.gaveanews.com\/index.php\/2025\/04\/10\/acabou-lucas-paqueta-sera-vendido-pelo-west-ham\/"},"wordCount":629,"commentCount":0,"image":{"@id":"https:\/\/www.gaveanews.com\/index.php\/2025\/04\/10\/acabou-lucas-paqueta-sera-vendido-pelo-west-ham\/#primaryimage"},"thumbnailUrl":"https:\/\/www.gaveanews.com\/wp-content\/uploads\/Paqueta-LucasPaqueta-futebolinternacional-westham-fa-apostas-1-645x362-1.webp","articleSection":["Flamengo","Palmeiras","Premier League","West Ham"],"inLanguage":"pt-BR","potentialAction":[{"@type":"CommentAction","name":"Comment","target":["https:\/\/www.gaveanews.com\/index.php\/2025\/04\/10\/acabou-lucas-paqueta-sera-vendido-pelo-west-ham\/#respond"]}],"copyrightYear":"2025","copyrightHolder":{"@id":"https:\/\/www.gaveanews.com\/#organization"}},{"@type":"WebPage","@id":"https:\/\/www.gaveanews.com\/index.php\/2025\/04\/10\/acabou-lucas-paqueta-sera-vendido-pelo-west-ham\/","url":"https:\/\/www.gaveanews.com\/index.php\/2025\/04\/10\/acabou-lucas-paqueta-sera-vendido-pelo-west-ham\/","name":"Acabou! Lucas Paquet\u00e1 ser\u00e1 vendido pelo West Ham","isPartOf":{"@id":"https:\/\/www.gaveanews.com\/#website"},"primaryImageOfPage":{"@id":"https:\/\/www.gaveanews.com\/index.php\/2025\/04\/10\/acabou-lucas-paqueta-sera-vendido-pelo-west-ham\/#primaryimage"},"image":{"@id":"https:\/\/www.gaveanews.com\/index.php\/2025\/04\/10\/acabou-lucas-paqueta-sera-vendido-pelo-west-ham\/#primaryimage"},"thumbnailUrl":"https:\/\/www.gaveanews.com\/wp-content\/uploads\/Paqueta-LucasPaqueta-futebolinternacional-westham-fa-apostas-1-645x362-1.webp","datePublished":"2025-04-10T22:15:00+00:00","author":{"@id":"https:\/\/www.gaveanews.com\/#\/schema\/person\/3b19f7288b0ce20372991275e4f2e6c2"},"breadcrumb":{"@id":"https:\/\/www.gaveanews.com\/index.php\/2025\/04\/10\/acabou-lucas-paqueta-sera-vendido-pelo-west-ham\/#breadcrumb"},"inLanguage":"pt-BR","potentialAction":[{"@type":"ReadAction","target":["https:\/\/www.gaveanews.com\/index.php\/2025\/04\/10\/acabou-lucas-paqueta-sera-vendido-pelo-west-ham\/"]}]},{"@type":"ImageObject","inLanguage":"pt-BR","@id":"https:\/\/www.gaveanews.com\/index.php\/2025\/04\/10\/acabou-lucas-paqueta-sera-vendido-pelo-west-ham\/#primaryimage","url":"https:\/\/www.gaveanews.com\/wp-content\/uploads\/Paqueta-LucasPaqueta-futebolinternacional-westham-fa-apostas-1-645x362-1.webp","contentUrl":"https:\/\/www.gaveanews.com\/wp-content\/uploads\/Paqueta-LucasPaqueta-futebolinternacional-westham-fa-apostas-1-645x362-1.webp","width":645,"height":362,"caption":"Foto: Reprodu\u00e7\u00e3o- Instagram"},{"@type":"BreadcrumbList","@id":"https:\/\/www.gaveanews.com\/index.php\/2025\/04\/10\/acabou-lucas-paqueta-sera-vendido-pelo-west-ham\/#breadcrumb","itemListElement":[{"@type":"ListItem","position":1,"name":"Home","item":"https:\/\/www.gaveanews.com\/"},{"@type":"ListItem","position":2,"name":"Acabou! Lucas Paquet\u00e1 ser\u00e1 vendido pelo West Ham"}]},{"@type":"WebSite","@id":"https:\/\/www.gaveanews.com\/#website","url":"https:\/\/www.gaveanews.com\/","name":"G\u00e1vea News","description":"Veja todas as not\u00edcias sobre o Flamengo: Contrata\u00e7\u00f5es, categorias de base, resultados das partidas, tabela de classifica\u00e7\u00e3o, pr\u00f3ximos jogos!","potentialAction":[{"@type":"SearchAction","target":{"@type":"EntryPoint","urlTemplate":"https:\/\/www.gaveanews.com\/?s={search_term_string}"},"query-input":{"@type":"PropertyValueSpecification","valueRequired":true,"valueName":"search_term_string"}}],"inLanguage":"pt-BR"},{"@type":"Person","@id":"https:\/\/www.gaveanews.com\/#\/schema\/person\/3b19f7288b0ce20372991275e4f2e6c2","name":"Ana Teixeira","image":{"@type":"ImageObject","inLanguage":"pt-BR","@id":"https:\/\/www.gaveanews.com\/#\/schema\/person\/image\/","url":"https:\/\/secure.gravatar.com\/avatar\/0a73f5a5258f3fed37fc2fa641892f3f7a4748456d4d4792f9bc550e6c19e06c?s=96&d=mm&r=g","contentUrl":"https:\/\/secure.gravatar.com\/avatar\/0a73f5a5258f3fed37fc2fa641892f3f7a4748456d4d4792f9bc550e6c19e06c?s=96&d=mm&r=g","caption":"Ana Teixeira"}}]}},"_links":{"self":[{"href":"https:\/\/www.gaveanews.com\/index.php\/wp-json\/wp\/v2\/posts\/251779","targetHints":{"allow":["GET"]}}],"collection":[{"href":"https:\/\/www.gaveanews.com\/index.php\/wp-json\/wp\/v2\/posts"}],"about":[{"href":"https:\/\/www.gaveanews.com\/index.php\/wp-json\/wp\/v2\/types\/post"}],"author":[{"embeddable":true,"href":"https:\/\/www.gaveanews.com\/index.php\/wp-json\/wp\/v2\/users\/30"}],"replies":[{"embeddable":true,"href":"https:\/\/www.gaveanews.com\/index.php\/wp-json\/wp\/v2\/comments?post=251779"}],"version-history":[{"count":1,"href":"https:\/\/www.gaveanews.com\/index.php\/wp-json\/wp\/v2\/posts\/251779\/revisions"}],"predecessor-version":[{"id":251800,"href":"https:\/\/www.gaveanews.com\/index.php\/wp-json\/wp\/v2\/posts\/251779\/revisions\/251800"}],"wp:featuredmedia":[{"embeddable":true,"href":"https:\/\/www.gaveanews.com\/index.php\/wp-json\/wp\/v2\/media\/146357"}],"wp:attachment":[{"href":"https:\/\/www.gaveanews.com\/index.php\/wp-json\/wp\/v2\/media?parent=251779"}],"wp:term":[{"taxonomy":"category","embeddable":true,"href":"https:\/\/www.gaveanews.com\/index.php\/wp-json\/wp\/v2\/categories?post=251779"},{"taxonomy":"post_tag","embeddable":true,"href":"https:\/\/www.gaveanews.com\/index.php\/wp-json\/wp\/v2\/tags?post=251779"}],"curies":[{"name":"wp","href":"https:\/\/api.w.org\/{rel}","templated":true}]}}