{"id":251781,"date":"2025-04-10T19:00:00","date_gmt":"2025-04-10T22:00:00","guid":{"rendered":"https:\/\/www.gaveanews.com\/?p=251781"},"modified":"2025-04-10T15:29:44","modified_gmt":"2025-04-10T18:29:44","slug":"video-a-declaracao-de-mauro-cezar-pereira-direcionada-a-pedro-do-flamengo","status":"publish","type":"post","link":"https:\/\/www.gaveanews.com\/index.php\/2025\/04\/10\/video-a-declaracao-de-mauro-cezar-pereira-direcionada-a-pedro-do-flamengo\/","title":{"rendered":"V\u00eddeo: a declara\u00e7\u00e3o de Mauro Cezar Pereira direcionada a Pedro, do Flamengo"},"content":{"rendered":"\n<p>A surpreendente derrota do Flamengo por 2 a 1 para o Central C\u00f3rdoba, no Maracan\u00e3, pela Libertadores, segue repercutindo. O jornalista Mauro Cezar Pereira foi enf\u00e1tico ao criticar a decis\u00e3o de Filipe Lu\u00eds de manter Pedro em campo por tanto tempo.&nbsp;<\/p>\n\n\n\n<p>&#8220;UM ABSURDO O PEDRO ENTRAR PARA JOGAR AQUELE TEMPO TODO&#8221;, destacou o comentarista.<\/p>\n\n\n\n<blockquote class=\"twitter-tweet\" data-media-max-width=\"560\"><p lang=\"pt\" dir=\"ltr\">&quot;UM ABSURDO O PEDRO ENTRAR PARA JOGAR AQUELE TEMPO TODO&quot;- <a href=\"https:\/\/twitter.com\/maurocezar?ref_src=twsrc%5Etfw\">@maurocezar<\/a> comenta sobre Pedro jogar a partida contra o Central C\u00f3rdoba.<a href=\"https:\/\/twitter.com\/hashtag\/Flamengo?src=hash&amp;ref_src=twsrc%5Etfw\">#Flamengo<\/a> <a href=\"https:\/\/twitter.com\/hashtag\/Pedro?src=hash&amp;ref_src=twsrc%5Etfw\">#Pedro<\/a> <a href=\"https:\/\/twitter.com\/hashtag\/FilipeLuis?src=hash&amp;ref_src=twsrc%5Etfw\">#FilipeLuis<\/a> <a href=\"https:\/\/t.co\/pFInFcypFw\">pic.twitter.com\/pFInFcypFw<\/a><\/p>&mdash; Jovem Pan Esportes (@JovemPanEsporte) <a href=\"https:\/\/twitter.com\/JovemPanEsporte\/status\/1910361466173092248?ref_src=twsrc%5Etfw\">April 10, 2025<\/a><\/blockquote> <script async src=\"https:\/\/platform.twitter.com\/widgets.js\" charset=\"utf-8\"><\/script>\n\n\n\n<p>Al\u00e9m disso, a atua\u00e7\u00e3o do Flamengo gerou preocupa\u00e7\u00e3o na torcida. Isso porque o Central C\u00f3rdoba, considerado um advers\u00e1rio modesto, venceu pela primeira vez na hist\u00f3ria da competi\u00e7\u00e3o e ainda encerrou a invencibilidade de 27 partidas do treinador rubro-negro.<\/p>\n\n\n\n<h2 class=\"wp-block-heading\" id=\"h-pedro-em-campo\">Pedro em campo<\/h2>\n\n\n\n<p>Mauro Cezar n\u00e3o foi o \u00fanico a questionar a escolha da comiss\u00e3o t\u00e9cnica. Vale destacar que Pedro, principal atacante do Flamengo, teve dificuldades em um jogo truncado e de pouca criatividade ofensiva da equipe.&nbsp;<\/p>\n\n\n\n<p>Sendo assim, a derrota coloca o Flamengo em uma posi\u00e7\u00e3o delicada no Grupo C. Agora, a equipe carioca ter\u00e1 que buscar pontos longe de casa para recuperar a lideran\u00e7a da chave, que pertence ao Central C\u00f3rdoba.<\/p>\n\n\n\n<h2 class=\"wp-block-heading\" id=\"h-o-impacto-na-campanha-rubro-negra\">O impacto na campanha rubro-negra<\/h2>\n\n\n\n<p>Cabe ressaltar que, antes do rev\u00e9s, o Flamengo vivia grande fase sob o comando de Filipe Lu\u00eds. A \u00faltima derrota havia sido em outubro de 2024, para o Fluminense, pelo Campeonato Brasileiro. Desde ent\u00e3o, eram 19 vit\u00f3rias e oito empates.<\/p>\n\n\n\n<p>Dessa maneira, a equipe precisa de uma resposta r\u00e1pida para evitar uma crise precoce na Libertadores. No outro jogo do grupo, a LDU recebe o Deportivo T\u00e1chira, o que pode mudar ainda mais o cen\u00e1rio da chave.<\/p>\n\n\n\n<p>Com isso, fica a expectativa sobre os pr\u00f3ximos passos do Flamengo, a rea\u00e7\u00e3o do elenco e como Filipe Lu\u00eds enfrentar\u00e1 as cr\u00edticas, buscando ajustes t\u00e1ticos e estrat\u00e9gicos para evitar novos trope\u00e7os inesperados na Libertadores.&nbsp;<\/p>\n\n\n\n<p>Al\u00e9m disso, a press\u00e3o da torcida aumenta, exigindo respostas r\u00e1pidas e efetivas para recuperar a confian\u00e7a e manter viva a ambi\u00e7\u00e3o do t\u00edtulo.<\/p>\n","protected":false},"excerpt":{"rendered":"<p>A surpreendente derrota do Flamengo por 2 a 1 para o Central C\u00f3rdoba, no Maracan\u00e3, pela Libertadores, segue repercutindo. O jornalista Mauro Cezar Pereira foi enf\u00e1tico ao criticar a decis\u00e3o de Filipe Lu\u00eds de manter Pedro em campo por tanto tempo.&nbsp; &#8220;UM ABSURDO O PEDRO ENTRAR PARA JOGAR AQUELE TEMPO TODO&#8221;, destacou o comentarista. &quot;UM [&hellip;]<\/p>\n","protected":false},"author":25,"featured_media":104796,"comment_status":"open","ping_status":"closed","sticky":false,"template":"","format":"standard","meta":{"footnotes":""},"categories":[1],"tags":[],"class_list":["post-251781","post","type-post","status-publish","format-standard","has-post-thumbnail","hentry","category-flamengo"],"yoast_head":"<!-- This site is optimized with the Yoast SEO Premium plugin v24.2 (Yoast SEO v26.9) - https:\/\/yoast.com\/product\/yoast-seo-premium-wordpress\/ -->\n<title>V\u00eddeo: a declara\u00e7\u00e3o de Mauro Cezar Pereira direcionada a Pedro, do Flamengo<\/title>\n<meta name=\"robots\" content=\"index, follow, max-snippet:-1, max-image-preview:large, max-video-preview:-1\" \/>\n<link rel=\"canonical\" href=\"https:\/\/www.gaveanews.com\/index.php\/2025\/04\/10\/video-a-declaracao-de-mauro-cezar-pereira-direcionada-a-pedro-do-flamengo\/\" \/>\n<meta property=\"og:locale\" content=\"pt_BR\" \/>\n<meta property=\"og:type\" content=\"article\" \/>\n<meta property=\"og:title\" content=\"V\u00eddeo: a declara\u00e7\u00e3o de Mauro Cezar Pereira direcionada a Pedro, do Flamengo\" \/>\n<meta property=\"og:description\" content=\"A surpreendente derrota do Flamengo por 2 a 1 para o Central C\u00f3rdoba, no Maracan\u00e3, pela Libertadores, segue repercutindo. O jornalista Mauro Cezar Pereira foi enf\u00e1tico ao criticar a decis\u00e3o de Filipe Lu\u00eds de manter Pedro em campo por tanto tempo.&nbsp; &#8220;UM ABSURDO O PEDRO ENTRAR PARA JOGAR AQUELE TEMPO TODO&#8221;, destacou o comentarista. &quot;UM [&hellip;]\" \/>\n<meta property=\"og:url\" content=\"https:\/\/www.gaveanews.com\/index.php\/2025\/04\/10\/video-a-declaracao-de-mauro-cezar-pereira-direcionada-a-pedro-do-flamengo\/\" \/>\n<meta property=\"og:site_name\" content=\"G\u00e1vea News\" \/>\n<meta property=\"article:publisher\" content=\"https:\/\/facebook.com\/gaveaNews\/\" \/>\n<meta property=\"article:published_time\" content=\"2025-04-10T22:00:00+00:00\" \/>\n<meta property=\"og:image\" content=\"https:\/\/www.gaveanews.com\/wp-content\/uploads\/Mauro-Cezar-pereira.png.webp\" \/>\n\t<meta property=\"og:image:width\" content=\"685\" \/>\n\t<meta property=\"og:image:height\" content=\"450\" \/>\n\t<meta property=\"og:image:type\" content=\"image\/webp\" \/>\n<meta name=\"author\" content=\"Rafaela Ladeira\" \/>\n<meta name=\"twitter:card\" content=\"summary_large_image\" \/>\n<meta name=\"twitter:label1\" content=\"Escrito por\" \/>\n\t<meta name=\"twitter:data1\" content=\"Rafaela Ladeira\" \/>\n\t<meta name=\"twitter:label2\" content=\"Est. tempo de leitura\" \/>\n\t<meta name=\"twitter:data2\" content=\"2 minutos\" \/>\n<script type=\"application\/ld+json\" class=\"yoast-schema-graph\">{\"@context\":\"https:\/\/schema.org\",\"@graph\":[{\"@type\":\"NewsArticle\",\"@id\":\"https:\/\/www.gaveanews.com\/index.php\/2025\/04\/10\/video-a-declaracao-de-mauro-cezar-pereira-direcionada-a-pedro-do-flamengo\/#article\",\"isPartOf\":{\"@id\":\"https:\/\/www.gaveanews.com\/index.php\/2025\/04\/10\/video-a-declaracao-de-mauro-cezar-pereira-direcionada-a-pedro-do-flamengo\/\"},\"author\":{\"name\":\"Rafaela Ladeira\",\"@id\":\"https:\/\/www.gaveanews.com\/#\/schema\/person\/0eb3e3fe1754f0205218538adbe8f5ed\"},\"headline\":\"V\u00eddeo: a declara\u00e7\u00e3o de Mauro Cezar Pereira direcionada a Pedro, do Flamengo\",\"datePublished\":\"2025-04-10T22:00:00+00:00\",\"mainEntityOfPage\":{\"@id\":\"https:\/\/www.gaveanews.com\/index.php\/2025\/04\/10\/video-a-declaracao-de-mauro-cezar-pereira-direcionada-a-pedro-do-flamengo\/\"},\"wordCount\":391,\"commentCount\":0,\"image\":{\"@id\":\"https:\/\/www.gaveanews.com\/index.php\/2025\/04\/10\/video-a-declaracao-de-mauro-cezar-pereira-direcionada-a-pedro-do-flamengo\/#primaryimage\"},\"thumbnailUrl\":\"https:\/\/www.gaveanews.com\/wp-content\/uploads\/Mauro-Cezar-pereira.png.webp\",\"articleSection\":[\"Flamengo\"],\"inLanguage\":\"pt-BR\",\"potentialAction\":[{\"@type\":\"CommentAction\",\"name\":\"Comment\",\"target\":[\"https:\/\/www.gaveanews.com\/index.php\/2025\/04\/10\/video-a-declaracao-de-mauro-cezar-pereira-direcionada-a-pedro-do-flamengo\/#respond\"]}],\"copyrightYear\":\"2025\",\"copyrightHolder\":{\"@id\":\"https:\/\/www.gaveanews.com\/#organization\"}},{\"@type\":\"WebPage\",\"@id\":\"https:\/\/www.gaveanews.com\/index.php\/2025\/04\/10\/video-a-declaracao-de-mauro-cezar-pereira-direcionada-a-pedro-do-flamengo\/\",\"url\":\"https:\/\/www.gaveanews.com\/index.php\/2025\/04\/10\/video-a-declaracao-de-mauro-cezar-pereira-direcionada-a-pedro-do-flamengo\/\",\"name\":\"V\u00eddeo: a declara\u00e7\u00e3o de Mauro Cezar Pereira direcionada a Pedro, do Flamengo\",\"isPartOf\":{\"@id\":\"https:\/\/www.gaveanews.com\/#website\"},\"primaryImageOfPage\":{\"@id\":\"https:\/\/www.gaveanews.com\/index.php\/2025\/04\/10\/video-a-declaracao-de-mauro-cezar-pereira-direcionada-a-pedro-do-flamengo\/#primaryimage\"},\"image\":{\"@id\":\"https:\/\/www.gaveanews.com\/index.php\/2025\/04\/10\/video-a-declaracao-de-mauro-cezar-pereira-direcionada-a-pedro-do-flamengo\/#primaryimage\"},\"thumbnailUrl\":\"https:\/\/www.gaveanews.com\/wp-content\/uploads\/Mauro-Cezar-pereira.png.webp\",\"datePublished\":\"2025-04-10T22:00:00+00:00\",\"author\":{\"@id\":\"https:\/\/www.gaveanews.com\/#\/schema\/person\/0eb3e3fe1754f0205218538adbe8f5ed\"},\"breadcrumb\":{\"@id\":\"https:\/\/www.gaveanews.com\/index.php\/2025\/04\/10\/video-a-declaracao-de-mauro-cezar-pereira-direcionada-a-pedro-do-flamengo\/#breadcrumb\"},\"inLanguage\":\"pt-BR\",\"potentialAction\":[{\"@type\":\"ReadAction\",\"target\":[\"https:\/\/www.gaveanews.com\/index.php\/2025\/04\/10\/video-a-declaracao-de-mauro-cezar-pereira-direcionada-a-pedro-do-flamengo\/\"]}]},{\"@type\":\"ImageObject\",\"inLanguage\":\"pt-BR\",\"@id\":\"https:\/\/www.gaveanews.com\/index.php\/2025\/04\/10\/video-a-declaracao-de-mauro-cezar-pereira-direcionada-a-pedro-do-flamengo\/#primaryimage\",\"url\":\"https:\/\/www.gaveanews.com\/wp-content\/uploads\/Mauro-Cezar-pereira.png.webp\",\"contentUrl\":\"https:\/\/www.gaveanews.com\/wp-content\/uploads\/Mauro-Cezar-pereira.png.webp\",\"width\":685,\"height\":450,\"caption\":\"Mauro Cezar - Foto: Reprodu\u00e7\u00e3o\/Jovem Pan\"},{\"@type\":\"BreadcrumbList\",\"@id\":\"https:\/\/www.gaveanews.com\/index.php\/2025\/04\/10\/video-a-declaracao-de-mauro-cezar-pereira-direcionada-a-pedro-do-flamengo\/#breadcrumb\",\"itemListElement\":[{\"@type\":\"ListItem\",\"position\":1,\"name\":\"Home\",\"item\":\"https:\/\/www.gaveanews.com\/\"},{\"@type\":\"ListItem\",\"position\":2,\"name\":\"V\u00eddeo: a declara\u00e7\u00e3o de Mauro Cezar Pereira direcionada a Pedro, do Flamengo\"}]},{\"@type\":\"WebSite\",\"@id\":\"https:\/\/www.gaveanews.com\/#website\",\"url\":\"https:\/\/www.gaveanews.com\/\",\"name\":\"G\u00e1vea News\",\"description\":\"Veja todas as not\u00edcias sobre o Flamengo: Contrata\u00e7\u00f5es, categorias de base, resultados das partidas, tabela de classifica\u00e7\u00e3o, pr\u00f3ximos jogos!\",\"potentialAction\":[{\"@type\":\"SearchAction\",\"target\":{\"@type\":\"EntryPoint\",\"urlTemplate\":\"https:\/\/www.gaveanews.com\/?s={search_term_string}\"},\"query-input\":{\"@type\":\"PropertyValueSpecification\",\"valueRequired\":true,\"valueName\":\"search_term_string\"}}],\"inLanguage\":\"pt-BR\"},{\"@type\":\"Person\",\"@id\":\"https:\/\/www.gaveanews.com\/#\/schema\/person\/0eb3e3fe1754f0205218538adbe8f5ed\",\"name\":\"Rafaela Ladeira\",\"image\":{\"@type\":\"ImageObject\",\"inLanguage\":\"pt-BR\",\"@id\":\"https:\/\/www.gaveanews.com\/#\/schema\/person\/image\/\",\"url\":\"https:\/\/secure.gravatar.com\/avatar\/c31f513acffd85eacab5730cbdfdbbf59f21ba5aeada8cd890acea879fbb2455?s=96&d=mm&r=g\",\"contentUrl\":\"https:\/\/secure.gravatar.com\/avatar\/c31f513acffd85eacab5730cbdfdbbf59f21ba5aeada8cd890acea879fbb2455?s=96&d=mm&r=g\",\"caption\":\"Rafaela Ladeira\"}}]}<\/script>\n<!-- \/ Yoast SEO Premium plugin. -->","yoast_head_json":{"title":"V\u00eddeo: a declara\u00e7\u00e3o de Mauro Cezar Pereira direcionada a Pedro, do Flamengo","robots":{"index":"index","follow":"follow","max-snippet":"max-snippet:-1","max-image-preview":"max-image-preview:large","max-video-preview":"max-video-preview:-1"},"canonical":"https:\/\/www.gaveanews.com\/index.php\/2025\/04\/10\/video-a-declaracao-de-mauro-cezar-pereira-direcionada-a-pedro-do-flamengo\/","og_locale":"pt_BR","og_type":"article","og_title":"V\u00eddeo: a declara\u00e7\u00e3o de Mauro Cezar Pereira direcionada a Pedro, do Flamengo","og_description":"A surpreendente derrota do Flamengo por 2 a 1 para o Central C\u00f3rdoba, no Maracan\u00e3, pela Libertadores, segue repercutindo. O jornalista Mauro Cezar Pereira foi enf\u00e1tico ao criticar a decis\u00e3o de Filipe Lu\u00eds de manter Pedro em campo por tanto tempo.&nbsp; &#8220;UM ABSURDO O PEDRO ENTRAR PARA JOGAR AQUELE TEMPO TODO&#8221;, destacou o comentarista. &quot;UM [&hellip;]","og_url":"https:\/\/www.gaveanews.com\/index.php\/2025\/04\/10\/video-a-declaracao-de-mauro-cezar-pereira-direcionada-a-pedro-do-flamengo\/","og_site_name":"G\u00e1vea News","article_publisher":"https:\/\/facebook.com\/gaveaNews\/","article_published_time":"2025-04-10T22:00:00+00:00","og_image":[{"width":685,"height":450,"url":"https:\/\/www.gaveanews.com\/wp-content\/uploads\/Mauro-Cezar-pereira.png.webp","type":"image\/webp"}],"author":"Rafaela Ladeira","twitter_card":"summary_large_image","twitter_misc":{"Escrito por":"Rafaela Ladeira","Est. tempo de leitura":"2 minutos"},"schema":{"@context":"https:\/\/schema.org","@graph":[{"@type":"NewsArticle","@id":"https:\/\/www.gaveanews.com\/index.php\/2025\/04\/10\/video-a-declaracao-de-mauro-cezar-pereira-direcionada-a-pedro-do-flamengo\/#article","isPartOf":{"@id":"https:\/\/www.gaveanews.com\/index.php\/2025\/04\/10\/video-a-declaracao-de-mauro-cezar-pereira-direcionada-a-pedro-do-flamengo\/"},"author":{"name":"Rafaela Ladeira","@id":"https:\/\/www.gaveanews.com\/#\/schema\/person\/0eb3e3fe1754f0205218538adbe8f5ed"},"headline":"V\u00eddeo: a declara\u00e7\u00e3o de Mauro Cezar Pereira direcionada a Pedro, do Flamengo","datePublished":"2025-04-10T22:00:00+00:00","mainEntityOfPage":{"@id":"https:\/\/www.gaveanews.com\/index.php\/2025\/04\/10\/video-a-declaracao-de-mauro-cezar-pereira-direcionada-a-pedro-do-flamengo\/"},"wordCount":391,"commentCount":0,"image":{"@id":"https:\/\/www.gaveanews.com\/index.php\/2025\/04\/10\/video-a-declaracao-de-mauro-cezar-pereira-direcionada-a-pedro-do-flamengo\/#primaryimage"},"thumbnailUrl":"https:\/\/www.gaveanews.com\/wp-content\/uploads\/Mauro-Cezar-pereira.png.webp","articleSection":["Flamengo"],"inLanguage":"pt-BR","potentialAction":[{"@type":"CommentAction","name":"Comment","target":["https:\/\/www.gaveanews.com\/index.php\/2025\/04\/10\/video-a-declaracao-de-mauro-cezar-pereira-direcionada-a-pedro-do-flamengo\/#respond"]}],"copyrightYear":"2025","copyrightHolder":{"@id":"https:\/\/www.gaveanews.com\/#organization"}},{"@type":"WebPage","@id":"https:\/\/www.gaveanews.com\/index.php\/2025\/04\/10\/video-a-declaracao-de-mauro-cezar-pereira-direcionada-a-pedro-do-flamengo\/","url":"https:\/\/www.gaveanews.com\/index.php\/2025\/04\/10\/video-a-declaracao-de-mauro-cezar-pereira-direcionada-a-pedro-do-flamengo\/","name":"V\u00eddeo: a declara\u00e7\u00e3o de Mauro Cezar Pereira direcionada a Pedro, do Flamengo","isPartOf":{"@id":"https:\/\/www.gaveanews.com\/#website"},"primaryImageOfPage":{"@id":"https:\/\/www.gaveanews.com\/index.php\/2025\/04\/10\/video-a-declaracao-de-mauro-cezar-pereira-direcionada-a-pedro-do-flamengo\/#primaryimage"},"image":{"@id":"https:\/\/www.gaveanews.com\/index.php\/2025\/04\/10\/video-a-declaracao-de-mauro-cezar-pereira-direcionada-a-pedro-do-flamengo\/#primaryimage"},"thumbnailUrl":"https:\/\/www.gaveanews.com\/wp-content\/uploads\/Mauro-Cezar-pereira.png.webp","datePublished":"2025-04-10T22:00:00+00:00","author":{"@id":"https:\/\/www.gaveanews.com\/#\/schema\/person\/0eb3e3fe1754f0205218538adbe8f5ed"},"breadcrumb":{"@id":"https:\/\/www.gaveanews.com\/index.php\/2025\/04\/10\/video-a-declaracao-de-mauro-cezar-pereira-direcionada-a-pedro-do-flamengo\/#breadcrumb"},"inLanguage":"pt-BR","potentialAction":[{"@type":"ReadAction","target":["https:\/\/www.gaveanews.com\/index.php\/2025\/04\/10\/video-a-declaracao-de-mauro-cezar-pereira-direcionada-a-pedro-do-flamengo\/"]}]},{"@type":"ImageObject","inLanguage":"pt-BR","@id":"https:\/\/www.gaveanews.com\/index.php\/2025\/04\/10\/video-a-declaracao-de-mauro-cezar-pereira-direcionada-a-pedro-do-flamengo\/#primaryimage","url":"https:\/\/www.gaveanews.com\/wp-content\/uploads\/Mauro-Cezar-pereira.png.webp","contentUrl":"https:\/\/www.gaveanews.com\/wp-content\/uploads\/Mauro-Cezar-pereira.png.webp","width":685,"height":450,"caption":"Mauro Cezar - Foto: Reprodu\u00e7\u00e3o\/Jovem Pan"},{"@type":"BreadcrumbList","@id":"https:\/\/www.gaveanews.com\/index.php\/2025\/04\/10\/video-a-declaracao-de-mauro-cezar-pereira-direcionada-a-pedro-do-flamengo\/#breadcrumb","itemListElement":[{"@type":"ListItem","position":1,"name":"Home","item":"https:\/\/www.gaveanews.com\/"},{"@type":"ListItem","position":2,"name":"V\u00eddeo: a declara\u00e7\u00e3o de Mauro Cezar Pereira direcionada a Pedro, do Flamengo"}]},{"@type":"WebSite","@id":"https:\/\/www.gaveanews.com\/#website","url":"https:\/\/www.gaveanews.com\/","name":"G\u00e1vea News","description":"Veja todas as not\u00edcias sobre o Flamengo: Contrata\u00e7\u00f5es, categorias de base, resultados das partidas, tabela de classifica\u00e7\u00e3o, pr\u00f3ximos jogos!","potentialAction":[{"@type":"SearchAction","target":{"@type":"EntryPoint","urlTemplate":"https:\/\/www.gaveanews.com\/?s={search_term_string}"},"query-input":{"@type":"PropertyValueSpecification","valueRequired":true,"valueName":"search_term_string"}}],"inLanguage":"pt-BR"},{"@type":"Person","@id":"https:\/\/www.gaveanews.com\/#\/schema\/person\/0eb3e3fe1754f0205218538adbe8f5ed","name":"Rafaela Ladeira","image":{"@type":"ImageObject","inLanguage":"pt-BR","@id":"https:\/\/www.gaveanews.com\/#\/schema\/person\/image\/","url":"https:\/\/secure.gravatar.com\/avatar\/c31f513acffd85eacab5730cbdfdbbf59f21ba5aeada8cd890acea879fbb2455?s=96&d=mm&r=g","contentUrl":"https:\/\/secure.gravatar.com\/avatar\/c31f513acffd85eacab5730cbdfdbbf59f21ba5aeada8cd890acea879fbb2455?s=96&d=mm&r=g","caption":"Rafaela Ladeira"}}]}},"_links":{"self":[{"href":"https:\/\/www.gaveanews.com\/index.php\/wp-json\/wp\/v2\/posts\/251781","targetHints":{"allow":["GET"]}}],"collection":[{"href":"https:\/\/www.gaveanews.com\/index.php\/wp-json\/wp\/v2\/posts"}],"about":[{"href":"https:\/\/www.gaveanews.com\/index.php\/wp-json\/wp\/v2\/types\/post"}],"author":[{"embeddable":true,"href":"https:\/\/www.gaveanews.com\/index.php\/wp-json\/wp\/v2\/users\/25"}],"replies":[{"embeddable":true,"href":"https:\/\/www.gaveanews.com\/index.php\/wp-json\/wp\/v2\/comments?post=251781"}],"version-history":[{"count":1,"href":"https:\/\/www.gaveanews.com\/index.php\/wp-json\/wp\/v2\/posts\/251781\/revisions"}],"predecessor-version":[{"id":251785,"href":"https:\/\/www.gaveanews.com\/index.php\/wp-json\/wp\/v2\/posts\/251781\/revisions\/251785"}],"wp:featuredmedia":[{"embeddable":true,"href":"https:\/\/www.gaveanews.com\/index.php\/wp-json\/wp\/v2\/media\/104796"}],"wp:attachment":[{"href":"https:\/\/www.gaveanews.com\/index.php\/wp-json\/wp\/v2\/media?parent=251781"}],"wp:term":[{"taxonomy":"category","embeddable":true,"href":"https:\/\/www.gaveanews.com\/index.php\/wp-json\/wp\/v2\/categories?post=251781"},{"taxonomy":"post_tag","embeddable":true,"href":"https:\/\/www.gaveanews.com\/index.php\/wp-json\/wp\/v2\/tags?post=251781"}],"curies":[{"name":"wp","href":"https:\/\/api.w.org\/{rel}","templated":true}]}}