{"id":251782,"date":"2025-04-10T19:05:00","date_gmt":"2025-04-10T22:05:00","guid":{"rendered":"https:\/\/www.gaveanews.com\/?p=251782"},"modified":"2025-04-10T15:37:25","modified_gmt":"2025-04-10T18:37:25","slug":"presidente-da-federacao-fatura-mais-do-que-os-proprios-clubes","status":"publish","type":"post","link":"https:\/\/www.gaveanews.com\/index.php\/2025\/04\/10\/presidente-da-federacao-fatura-mais-do-que-os-proprios-clubes\/","title":{"rendered":"Presidente da federa\u00e7\u00e3o fatura mais do que os pr\u00f3prios clubes"},"content":{"rendered":"\n<p>A recente reportagem da revista <em>Piau\u00ed<\/em> apontou uma poss\u00edvel amplia\u00e7\u00e3o significativa nos sal\u00e1rios dos presidentes das federa\u00e7\u00f5es estaduais de futebol, supostamente autorizada por Ednaldo Rodrigues, atual presidente da Confedera\u00e7\u00e3o Brasileira de Futebol (CBF). Segundo a publica\u00e7\u00e3o, os dirigentes passaram a receber R$ 215 mil mensais, valor que contrasta com os antigos vencimentos, estimados em torno de R$ 50 mil. Al\u00e9m disso, os presidentes teriam direito n\u00e3o apenas ao 13\u00ba, mas tamb\u00e9m ao 14\u00ba, 15\u00ba e 16\u00ba sal\u00e1rios por ano.<\/p>\n\n\n\n<p>A informa\u00e7\u00e3o gerou repercuss\u00e3o principalmente entre os clubes de menor express\u00e3o econ\u00f4mica. Um levantamento do portal <em>UmDois Esportes<\/em>, feito com base nas s\u00famulas do Campeonato Paranaense, evidenciou que o suposto novo sal\u00e1rio do presidente da Federa\u00e7\u00e3o Paranaense de Futebol (FPF), H\u00e9lio Cury Filho, ultrapassa a bilheteria registrada por nove dos doze clubes participantes do torneio. <\/p>\n\n\n\n<p>Apenas Athletico, Oper\u00e1rio e Londrina arrecadaram mais que os R$ 215 mil mensais atribu\u00eddos ao dirigente. J\u00e1 clubes como o Andraus tiveram saldo positivo, mas com valores baixos, pouco acima de R$ 13 mil. Em contrapartida, o Azuriz acumulou um preju\u00edzo superior a R$ 446 mil em bilheteria, montante que seria compensado com pouco mais de dois meses do referido sal\u00e1rio.<\/p>\n\n\n\n<p>Em nota oficial, a FPF recha\u00e7ou o conte\u00fado da reportagem, alegando que as informa\u00e7\u00f5es \u201cn\u00e3o condizem com a realidade\u201d. A entidade tamb\u00e9m declarou estar aguardando um posicionamento formal da CBF sobre as alega\u00e7\u00f5es apresentadas.<\/p>\n\n\n\n<p>O contraste entre o rendimento supostamente praticado nas federa\u00e7\u00f5es e os sal\u00e1rios de autoridades p\u00fablicas brasileiras chamou a aten\u00e7\u00e3o. Conforme o portal esportivo, o montante mensal de R$ 215 mil supera em cerca de 4,6 vezes o sal\u00e1rio de autoridades como o presidente da Rep\u00fablica, Luiz In\u00e1cio Lula da Silva, o vice-presidente Geraldo Alckmin, al\u00e9m de deputados federais e ministros do Supremo Tribunal Federal (STF), que recebem R$ 46.366,19 por m\u00eas.<\/p>\n\n\n\n<p>Ali\u00e1s, para ilustrar a dimens\u00e3o do valor, o ve\u00edculo apresentou compara\u00e7\u00f5es com bens e servi\u00e7os que poderiam ser adquiridos mensalmente com esse sal\u00e1rio. A lista inclui 15 iPhones 16 Pro Max de 1TB, 200 viagens para a Disney, tr\u00eas rel\u00f3gios Rolex Datejust 36, sete bolsas da grife Prada, al\u00e9m de ingressos VIP em jogos do Athletico e assentos em \u00e1rea nobre no Couto Pereira, est\u00e1dio do Coritiba.<\/p>\n\n\n\n<p>Em meio \u00e0 pol\u00eamica, destaca-se que Ednaldo Rodrigues foi reeleito de forma un\u00e2nime no fim de mar\u00e7o para continuar no comando da CBF at\u00e9 mar\u00e7o de 2030. \u201cAo longo dos \u00faltimos anos, enfrentamos muitos desafios. Sofremos todo tipo de preconceito e persegui\u00e7\u00f5es. Tentaram at\u00e9 um golpe. Resistimos e vencemos\u201d, declarou Ednaldo ap\u00f3s ser reconduzido ao cargo com apoio dos 27 presidentes de federa\u00e7\u00f5es estaduais e dos 40 clubes das S\u00e9ries A e B.<\/p>\n\n\n\n<p>Embora as alega\u00e7\u00f5es ainda n\u00e3o tenham sido oficialmente confirmadas ou desmentidas pela CBF, o caso evidencia um descompasso entre os recursos financeiros dispon\u00edveis nos clubes e o suposto padr\u00e3o de remunera\u00e7\u00e3o adotado por seus dirigentes estaduais, o que reaquece debates sobre transpar\u00eancia e gest\u00e3o no futebol brasileiro.<\/p>\n","protected":false},"excerpt":{"rendered":"<p>A recente reportagem da revista Piau\u00ed apontou uma poss\u00edvel amplia\u00e7\u00e3o significativa nos sal\u00e1rios dos presidentes das federa\u00e7\u00f5es estaduais de futebol, supostamente autorizada por Ednaldo Rodrigues, atual presidente da Confedera\u00e7\u00e3o Brasileira de Futebol (CBF). Segundo a publica\u00e7\u00e3o, os dirigentes passaram a receber R$ 215 mil mensais, valor que contrasta com os antigos vencimentos, estimados em torno [&hellip;]<\/p>\n","protected":false},"author":30,"featured_media":251791,"comment_status":"open","ping_status":"closed","sticky":false,"template":"","format":"standard","meta":{"footnotes":""},"categories":[478,47],"tags":[],"class_list":["post-251782","post","type-post","status-publish","format-standard","has-post-thumbnail","hentry","category-brasil","category-destaques"],"yoast_head":"<!-- This site is optimized with the Yoast SEO Premium plugin v24.2 (Yoast SEO v26.9) - https:\/\/yoast.com\/product\/yoast-seo-premium-wordpress\/ -->\n<title>Presidente da federa\u00e7\u00e3o fatura mais do que os pr\u00f3prios clubes<\/title>\n<meta name=\"robots\" content=\"index, follow, max-snippet:-1, max-image-preview:large, max-video-preview:-1\" \/>\n<link rel=\"canonical\" href=\"https:\/\/www.gaveanews.com\/index.php\/2025\/04\/10\/presidente-da-federacao-fatura-mais-do-que-os-proprios-clubes\/\" \/>\n<meta property=\"og:locale\" content=\"pt_BR\" \/>\n<meta property=\"og:type\" content=\"article\" \/>\n<meta property=\"og:title\" content=\"Presidente da federa\u00e7\u00e3o fatura mais do que os pr\u00f3prios clubes\" \/>\n<meta property=\"og:description\" content=\"A recente reportagem da revista Piau\u00ed apontou uma poss\u00edvel amplia\u00e7\u00e3o significativa nos sal\u00e1rios dos presidentes das federa\u00e7\u00f5es estaduais de futebol, supostamente autorizada por Ednaldo Rodrigues, atual presidente da Confedera\u00e7\u00e3o Brasileira de Futebol (CBF). Segundo a publica\u00e7\u00e3o, os dirigentes passaram a receber R$ 215 mil mensais, valor que contrasta com os antigos vencimentos, estimados em torno [&hellip;]\" \/>\n<meta property=\"og:url\" content=\"https:\/\/www.gaveanews.com\/index.php\/2025\/04\/10\/presidente-da-federacao-fatura-mais-do-que-os-proprios-clubes\/\" \/>\n<meta property=\"og:site_name\" content=\"G\u00e1vea News\" \/>\n<meta property=\"article:publisher\" content=\"https:\/\/facebook.com\/gaveaNews\/\" \/>\n<meta property=\"article:published_time\" content=\"2025-04-10T22:05:00+00:00\" \/>\n<meta property=\"og:image\" content=\"https:\/\/www.gaveanews.com\/wp-content\/uploads\/Presidente-da-FPF-reunido-com-Ednaldo-Rodrigues-presidente-da-CBF.webp\" \/>\n\t<meta property=\"og:image:width\" content=\"1200\" \/>\n\t<meta property=\"og:image:height\" content=\"800\" \/>\n\t<meta property=\"og:image:type\" content=\"image\/png\" \/>\n<meta name=\"author\" content=\"Ana Teixeira\" \/>\n<meta name=\"twitter:card\" content=\"summary_large_image\" \/>\n<meta name=\"twitter:label1\" content=\"Escrito por\" \/>\n\t<meta name=\"twitter:data1\" content=\"Ana Teixeira\" \/>\n\t<meta name=\"twitter:label2\" content=\"Est. tempo de leitura\" \/>\n\t<meta name=\"twitter:data2\" content=\"3 minutos\" \/>\n<script type=\"application\/ld+json\" class=\"yoast-schema-graph\">{\"@context\":\"https:\/\/schema.org\",\"@graph\":[{\"@type\":\"NewsArticle\",\"@id\":\"https:\/\/www.gaveanews.com\/index.php\/2025\/04\/10\/presidente-da-federacao-fatura-mais-do-que-os-proprios-clubes\/#article\",\"isPartOf\":{\"@id\":\"https:\/\/www.gaveanews.com\/index.php\/2025\/04\/10\/presidente-da-federacao-fatura-mais-do-que-os-proprios-clubes\/\"},\"author\":{\"name\":\"Ana Teixeira\",\"@id\":\"https:\/\/www.gaveanews.com\/#\/schema\/person\/3b19f7288b0ce20372991275e4f2e6c2\"},\"headline\":\"Presidente da federa\u00e7\u00e3o fatura mais do que os pr\u00f3prios clubes\",\"datePublished\":\"2025-04-10T22:05:00+00:00\",\"mainEntityOfPage\":{\"@id\":\"https:\/\/www.gaveanews.com\/index.php\/2025\/04\/10\/presidente-da-federacao-fatura-mais-do-que-os-proprios-clubes\/\"},\"wordCount\":541,\"commentCount\":0,\"image\":{\"@id\":\"https:\/\/www.gaveanews.com\/index.php\/2025\/04\/10\/presidente-da-federacao-fatura-mais-do-que-os-proprios-clubes\/#primaryimage\"},\"thumbnailUrl\":\"https:\/\/www.gaveanews.com\/wp-content\/uploads\/Presidente-da-FPF-reunido-com-Ednaldo-Rodrigues-presidente-da-CBF.webp\",\"articleSection\":[\"Brasil\",\"Destaques\"],\"inLanguage\":\"pt-BR\",\"potentialAction\":[{\"@type\":\"CommentAction\",\"name\":\"Comment\",\"target\":[\"https:\/\/www.gaveanews.com\/index.php\/2025\/04\/10\/presidente-da-federacao-fatura-mais-do-que-os-proprios-clubes\/#respond\"]}],\"copyrightYear\":\"2025\",\"copyrightHolder\":{\"@id\":\"https:\/\/www.gaveanews.com\/#organization\"}},{\"@type\":\"WebPage\",\"@id\":\"https:\/\/www.gaveanews.com\/index.php\/2025\/04\/10\/presidente-da-federacao-fatura-mais-do-que-os-proprios-clubes\/\",\"url\":\"https:\/\/www.gaveanews.com\/index.php\/2025\/04\/10\/presidente-da-federacao-fatura-mais-do-que-os-proprios-clubes\/\",\"name\":\"Presidente da federa\u00e7\u00e3o fatura mais do que os pr\u00f3prios clubes\",\"isPartOf\":{\"@id\":\"https:\/\/www.gaveanews.com\/#website\"},\"primaryImageOfPage\":{\"@id\":\"https:\/\/www.gaveanews.com\/index.php\/2025\/04\/10\/presidente-da-federacao-fatura-mais-do-que-os-proprios-clubes\/#primaryimage\"},\"image\":{\"@id\":\"https:\/\/www.gaveanews.com\/index.php\/2025\/04\/10\/presidente-da-federacao-fatura-mais-do-que-os-proprios-clubes\/#primaryimage\"},\"thumbnailUrl\":\"https:\/\/www.gaveanews.com\/wp-content\/uploads\/Presidente-da-FPF-reunido-com-Ednaldo-Rodrigues-presidente-da-CBF.webp\",\"datePublished\":\"2025-04-10T22:05:00+00:00\",\"author\":{\"@id\":\"https:\/\/www.gaveanews.com\/#\/schema\/person\/3b19f7288b0ce20372991275e4f2e6c2\"},\"breadcrumb\":{\"@id\":\"https:\/\/www.gaveanews.com\/index.php\/2025\/04\/10\/presidente-da-federacao-fatura-mais-do-que-os-proprios-clubes\/#breadcrumb\"},\"inLanguage\":\"pt-BR\",\"potentialAction\":[{\"@type\":\"ReadAction\",\"target\":[\"https:\/\/www.gaveanews.com\/index.php\/2025\/04\/10\/presidente-da-federacao-fatura-mais-do-que-os-proprios-clubes\/\"]}]},{\"@type\":\"ImageObject\",\"inLanguage\":\"pt-BR\",\"@id\":\"https:\/\/www.gaveanews.com\/index.php\/2025\/04\/10\/presidente-da-federacao-fatura-mais-do-que-os-proprios-clubes\/#primaryimage\",\"url\":\"https:\/\/www.gaveanews.com\/wp-content\/uploads\/Presidente-da-FPF-reunido-com-Ednaldo-Rodrigues-presidente-da-CBF.webp\",\"contentUrl\":\"https:\/\/www.gaveanews.com\/wp-content\/uploads\/Presidente-da-FPF-reunido-com-Ednaldo-Rodrigues-presidente-da-CBF.webp\",\"width\":1200,\"height\":800,\"caption\":\"Foto: FPF\"},{\"@type\":\"BreadcrumbList\",\"@id\":\"https:\/\/www.gaveanews.com\/index.php\/2025\/04\/10\/presidente-da-federacao-fatura-mais-do-que-os-proprios-clubes\/#breadcrumb\",\"itemListElement\":[{\"@type\":\"ListItem\",\"position\":1,\"name\":\"Home\",\"item\":\"https:\/\/www.gaveanews.com\/\"},{\"@type\":\"ListItem\",\"position\":2,\"name\":\"Presidente da federa\u00e7\u00e3o fatura mais do que os pr\u00f3prios clubes\"}]},{\"@type\":\"WebSite\",\"@id\":\"https:\/\/www.gaveanews.com\/#website\",\"url\":\"https:\/\/www.gaveanews.com\/\",\"name\":\"G\u00e1vea News\",\"description\":\"Veja todas as not\u00edcias sobre o Flamengo: Contrata\u00e7\u00f5es, categorias de base, resultados das partidas, tabela de classifica\u00e7\u00e3o, pr\u00f3ximos jogos!\",\"potentialAction\":[{\"@type\":\"SearchAction\",\"target\":{\"@type\":\"EntryPoint\",\"urlTemplate\":\"https:\/\/www.gaveanews.com\/?s={search_term_string}\"},\"query-input\":{\"@type\":\"PropertyValueSpecification\",\"valueRequired\":true,\"valueName\":\"search_term_string\"}}],\"inLanguage\":\"pt-BR\"},{\"@type\":\"Person\",\"@id\":\"https:\/\/www.gaveanews.com\/#\/schema\/person\/3b19f7288b0ce20372991275e4f2e6c2\",\"name\":\"Ana Teixeira\",\"image\":{\"@type\":\"ImageObject\",\"inLanguage\":\"pt-BR\",\"@id\":\"https:\/\/www.gaveanews.com\/#\/schema\/person\/image\/\",\"url\":\"https:\/\/secure.gravatar.com\/avatar\/0a73f5a5258f3fed37fc2fa641892f3f7a4748456d4d4792f9bc550e6c19e06c?s=96&d=mm&r=g\",\"contentUrl\":\"https:\/\/secure.gravatar.com\/avatar\/0a73f5a5258f3fed37fc2fa641892f3f7a4748456d4d4792f9bc550e6c19e06c?s=96&d=mm&r=g\",\"caption\":\"Ana Teixeira\"}}]}<\/script>\n<!-- \/ Yoast SEO Premium plugin. -->","yoast_head_json":{"title":"Presidente da federa\u00e7\u00e3o fatura mais do que os pr\u00f3prios clubes","robots":{"index":"index","follow":"follow","max-snippet":"max-snippet:-1","max-image-preview":"max-image-preview:large","max-video-preview":"max-video-preview:-1"},"canonical":"https:\/\/www.gaveanews.com\/index.php\/2025\/04\/10\/presidente-da-federacao-fatura-mais-do-que-os-proprios-clubes\/","og_locale":"pt_BR","og_type":"article","og_title":"Presidente da federa\u00e7\u00e3o fatura mais do que os pr\u00f3prios clubes","og_description":"A recente reportagem da revista Piau\u00ed apontou uma poss\u00edvel amplia\u00e7\u00e3o significativa nos sal\u00e1rios dos presidentes das federa\u00e7\u00f5es estaduais de futebol, supostamente autorizada por Ednaldo Rodrigues, atual presidente da Confedera\u00e7\u00e3o Brasileira de Futebol (CBF). Segundo a publica\u00e7\u00e3o, os dirigentes passaram a receber R$ 215 mil mensais, valor que contrasta com os antigos vencimentos, estimados em torno [&hellip;]","og_url":"https:\/\/www.gaveanews.com\/index.php\/2025\/04\/10\/presidente-da-federacao-fatura-mais-do-que-os-proprios-clubes\/","og_site_name":"G\u00e1vea News","article_publisher":"https:\/\/facebook.com\/gaveaNews\/","article_published_time":"2025-04-10T22:05:00+00:00","og_image":[{"width":1200,"height":800,"url":"https:\/\/www.gaveanews.com\/wp-content\/uploads\/Presidente-da-FPF-reunido-com-Ednaldo-Rodrigues-presidente-da-CBF.webp","type":"image\/png"}],"author":"Ana Teixeira","twitter_card":"summary_large_image","twitter_misc":{"Escrito por":"Ana Teixeira","Est. tempo de leitura":"3 minutos"},"schema":{"@context":"https:\/\/schema.org","@graph":[{"@type":"NewsArticle","@id":"https:\/\/www.gaveanews.com\/index.php\/2025\/04\/10\/presidente-da-federacao-fatura-mais-do-que-os-proprios-clubes\/#article","isPartOf":{"@id":"https:\/\/www.gaveanews.com\/index.php\/2025\/04\/10\/presidente-da-federacao-fatura-mais-do-que-os-proprios-clubes\/"},"author":{"name":"Ana Teixeira","@id":"https:\/\/www.gaveanews.com\/#\/schema\/person\/3b19f7288b0ce20372991275e4f2e6c2"},"headline":"Presidente da federa\u00e7\u00e3o fatura mais do que os pr\u00f3prios clubes","datePublished":"2025-04-10T22:05:00+00:00","mainEntityOfPage":{"@id":"https:\/\/www.gaveanews.com\/index.php\/2025\/04\/10\/presidente-da-federacao-fatura-mais-do-que-os-proprios-clubes\/"},"wordCount":541,"commentCount":0,"image":{"@id":"https:\/\/www.gaveanews.com\/index.php\/2025\/04\/10\/presidente-da-federacao-fatura-mais-do-que-os-proprios-clubes\/#primaryimage"},"thumbnailUrl":"https:\/\/www.gaveanews.com\/wp-content\/uploads\/Presidente-da-FPF-reunido-com-Ednaldo-Rodrigues-presidente-da-CBF.webp","articleSection":["Brasil","Destaques"],"inLanguage":"pt-BR","potentialAction":[{"@type":"CommentAction","name":"Comment","target":["https:\/\/www.gaveanews.com\/index.php\/2025\/04\/10\/presidente-da-federacao-fatura-mais-do-que-os-proprios-clubes\/#respond"]}],"copyrightYear":"2025","copyrightHolder":{"@id":"https:\/\/www.gaveanews.com\/#organization"}},{"@type":"WebPage","@id":"https:\/\/www.gaveanews.com\/index.php\/2025\/04\/10\/presidente-da-federacao-fatura-mais-do-que-os-proprios-clubes\/","url":"https:\/\/www.gaveanews.com\/index.php\/2025\/04\/10\/presidente-da-federacao-fatura-mais-do-que-os-proprios-clubes\/","name":"Presidente da federa\u00e7\u00e3o fatura mais do que os pr\u00f3prios clubes","isPartOf":{"@id":"https:\/\/www.gaveanews.com\/#website"},"primaryImageOfPage":{"@id":"https:\/\/www.gaveanews.com\/index.php\/2025\/04\/10\/presidente-da-federacao-fatura-mais-do-que-os-proprios-clubes\/#primaryimage"},"image":{"@id":"https:\/\/www.gaveanews.com\/index.php\/2025\/04\/10\/presidente-da-federacao-fatura-mais-do-que-os-proprios-clubes\/#primaryimage"},"thumbnailUrl":"https:\/\/www.gaveanews.com\/wp-content\/uploads\/Presidente-da-FPF-reunido-com-Ednaldo-Rodrigues-presidente-da-CBF.webp","datePublished":"2025-04-10T22:05:00+00:00","author":{"@id":"https:\/\/www.gaveanews.com\/#\/schema\/person\/3b19f7288b0ce20372991275e4f2e6c2"},"breadcrumb":{"@id":"https:\/\/www.gaveanews.com\/index.php\/2025\/04\/10\/presidente-da-federacao-fatura-mais-do-que-os-proprios-clubes\/#breadcrumb"},"inLanguage":"pt-BR","potentialAction":[{"@type":"ReadAction","target":["https:\/\/www.gaveanews.com\/index.php\/2025\/04\/10\/presidente-da-federacao-fatura-mais-do-que-os-proprios-clubes\/"]}]},{"@type":"ImageObject","inLanguage":"pt-BR","@id":"https:\/\/www.gaveanews.com\/index.php\/2025\/04\/10\/presidente-da-federacao-fatura-mais-do-que-os-proprios-clubes\/#primaryimage","url":"https:\/\/www.gaveanews.com\/wp-content\/uploads\/Presidente-da-FPF-reunido-com-Ednaldo-Rodrigues-presidente-da-CBF.webp","contentUrl":"https:\/\/www.gaveanews.com\/wp-content\/uploads\/Presidente-da-FPF-reunido-com-Ednaldo-Rodrigues-presidente-da-CBF.webp","width":1200,"height":800,"caption":"Foto: FPF"},{"@type":"BreadcrumbList","@id":"https:\/\/www.gaveanews.com\/index.php\/2025\/04\/10\/presidente-da-federacao-fatura-mais-do-que-os-proprios-clubes\/#breadcrumb","itemListElement":[{"@type":"ListItem","position":1,"name":"Home","item":"https:\/\/www.gaveanews.com\/"},{"@type":"ListItem","position":2,"name":"Presidente da federa\u00e7\u00e3o fatura mais do que os pr\u00f3prios clubes"}]},{"@type":"WebSite","@id":"https:\/\/www.gaveanews.com\/#website","url":"https:\/\/www.gaveanews.com\/","name":"G\u00e1vea News","description":"Veja todas as not\u00edcias sobre o Flamengo: Contrata\u00e7\u00f5es, categorias de base, resultados das partidas, tabela de classifica\u00e7\u00e3o, pr\u00f3ximos jogos!","potentialAction":[{"@type":"SearchAction","target":{"@type":"EntryPoint","urlTemplate":"https:\/\/www.gaveanews.com\/?s={search_term_string}"},"query-input":{"@type":"PropertyValueSpecification","valueRequired":true,"valueName":"search_term_string"}}],"inLanguage":"pt-BR"},{"@type":"Person","@id":"https:\/\/www.gaveanews.com\/#\/schema\/person\/3b19f7288b0ce20372991275e4f2e6c2","name":"Ana Teixeira","image":{"@type":"ImageObject","inLanguage":"pt-BR","@id":"https:\/\/www.gaveanews.com\/#\/schema\/person\/image\/","url":"https:\/\/secure.gravatar.com\/avatar\/0a73f5a5258f3fed37fc2fa641892f3f7a4748456d4d4792f9bc550e6c19e06c?s=96&d=mm&r=g","contentUrl":"https:\/\/secure.gravatar.com\/avatar\/0a73f5a5258f3fed37fc2fa641892f3f7a4748456d4d4792f9bc550e6c19e06c?s=96&d=mm&r=g","caption":"Ana Teixeira"}}]}},"_links":{"self":[{"href":"https:\/\/www.gaveanews.com\/index.php\/wp-json\/wp\/v2\/posts\/251782","targetHints":{"allow":["GET"]}}],"collection":[{"href":"https:\/\/www.gaveanews.com\/index.php\/wp-json\/wp\/v2\/posts"}],"about":[{"href":"https:\/\/www.gaveanews.com\/index.php\/wp-json\/wp\/v2\/types\/post"}],"author":[{"embeddable":true,"href":"https:\/\/www.gaveanews.com\/index.php\/wp-json\/wp\/v2\/users\/30"}],"replies":[{"embeddable":true,"href":"https:\/\/www.gaveanews.com\/index.php\/wp-json\/wp\/v2\/comments?post=251782"}],"version-history":[{"count":1,"href":"https:\/\/www.gaveanews.com\/index.php\/wp-json\/wp\/v2\/posts\/251782\/revisions"}],"predecessor-version":[{"id":251792,"href":"https:\/\/www.gaveanews.com\/index.php\/wp-json\/wp\/v2\/posts\/251782\/revisions\/251792"}],"wp:featuredmedia":[{"embeddable":true,"href":"https:\/\/www.gaveanews.com\/index.php\/wp-json\/wp\/v2\/media\/251791"}],"wp:attachment":[{"href":"https:\/\/www.gaveanews.com\/index.php\/wp-json\/wp\/v2\/media?parent=251782"}],"wp:term":[{"taxonomy":"category","embeddable":true,"href":"https:\/\/www.gaveanews.com\/index.php\/wp-json\/wp\/v2\/categories?post=251782"},{"taxonomy":"post_tag","embeddable":true,"href":"https:\/\/www.gaveanews.com\/index.php\/wp-json\/wp\/v2\/tags?post=251782"}],"curies":[{"name":"wp","href":"https:\/\/api.w.org\/{rel}","templated":true}]}}