{"id":251813,"date":"2025-04-11T12:25:02","date_gmt":"2025-04-11T15:25:02","guid":{"rendered":"https:\/\/www.gaveanews.com\/?p=251813"},"modified":"2025-04-11T11:43:56","modified_gmt":"2025-04-11T14:43:56","slug":"sao-paulo-a-declaracao-de-rafael-sobre-a-libertadores","status":"publish","type":"post","link":"https:\/\/www.gaveanews.com\/index.php\/2025\/04\/11\/sao-paulo-a-declaracao-de-rafael-sobre-a-libertadores\/","title":{"rendered":"S\u00e3o Paulo: a declara\u00e7\u00e3o de Rafael sobre a Libertadores"},"content":{"rendered":"\n<h2 class=\"wp-block-heading\" id=\"h-a-atmosfera-se-cria-antes-mesmo-do-jogo-comecar\">&#8220;A atmosfera se cria antes mesmo do jogo come\u00e7ar&#8221;<\/h2>\n\n\n\n<p>Nesta quinta-feira (10), o S\u00e3o Paulo recebe o Alianza Lima, do Peru, no Est\u00e1dio do Morumbi, pela terceira rodada da Copa Libertadores. A bola rola \u00e0s 21h30 (hor\u00e1rio de Bras\u00edlia). Em entrevista exclusiva ao ge, Rafael comentou sobre o clima de Libertadores e como \u00e9 jogar diante de seus torcedores. <\/p>\n\n\n\n<p>&#8220;A atmosfera se cria antes mesmo do jogo come\u00e7ar, a torcida, casa lotada, a nossa chegada, isso tudo causa uma euforia, um clima muito legal que nos ajuda muito e sabemos que na Libertadores o fator casa, o ambiente, o nosso torcedor faz muita diferen\u00e7a dentro de campo&#8221;, iniciou.<\/p>\n\n\n\n<p>O goleiro do Tricolor paulista tamb\u00e9m destacou que, apesar disso, \u00e9 fundamental manter a concentra\u00e7\u00e3o ao longo da partida para n\u00e3o oferecer oportunidades ao advers\u00e1rio. Isso inclusive teria sido uma cobran\u00e7a feita diretamente pelo t\u00e9cnico Luis Zubeld\u00eda.<\/p>\n\n\n\n<p>&#8220;No jogo em si, meu foco \u00e9 t\u00e3o grande que acabo me concentrando muito, e quando a bola est\u00e1 no ataque que eu preciso estar mais concentrado pra organizar o time, para que num poss\u00edvel contra-ataque a equipe esteja organizada. Como o goleiro esta vendo o jogo de frente, \u00e9 uma fun\u00e7\u00e3o nossa orientar todo o time, o Zubeld\u00eda me cobra muito isso&#8221;, comentou o goleiro. <\/p>\n\n\n\n<p>Diante desse contexto, Rafael afirmou confiar no potencial do elenco para alcan\u00e7ar &#8220;grandes conquistas&#8221; e ressaltou que, para deixar seu nome marcado na hist\u00f3ria de um clube como o S\u00e3o Paulo, \u00e9 fundamental levantar trof\u00e9us.<\/p>\n\n\n\n<p>&#8220;A gente espera esse ano ganhar t\u00edtulos. A gente sabe o quanto \u00e9 prazeroso para n\u00f3s vestir a camisa do S\u00e3o Paulo, mas ao mesmo tempo sabe o tamanho da responsabilidade que temos, porque voc\u00ea representar o S\u00e3o Paulo \u00e9 de uma grandeza inexplic\u00e1vel, mas temos que entregar resultados, t\u00edtulos, \u00e9 o que a gente vai fazer para o torcedor ficar feliz, ent\u00e3o a expectativa \u00e9 que a gente conquiste t\u00edtulos esse ano para deixar o torcedor feliz e ver a gente concretizar a marca de um trabalho bem sucedido que \u00e9 feita de conquistas e t\u00edtulos&#8221;, finalizou Rafael. <\/p>\n","protected":false},"excerpt":{"rendered":"<p>&#8220;A atmosfera se cria antes mesmo do jogo come\u00e7ar&#8221; Nesta quinta-feira (10), o S\u00e3o Paulo recebe o Alianza Lima, do Peru, no Est\u00e1dio do Morumbi, pela terceira rodada da Copa Libertadores. A bola rola \u00e0s 21h30 (hor\u00e1rio de Bras\u00edlia). Em entrevista exclusiva ao ge, Rafael comentou sobre o clima de Libertadores e como \u00e9 jogar [&hellip;]<\/p>\n","protected":false},"author":21,"featured_media":152876,"comment_status":"open","ping_status":"closed","sticky":false,"template":"","format":"standard","meta":{"footnotes":""},"categories":[151],"tags":[],"class_list":["post-251813","post","type-post","status-publish","format-standard","has-post-thumbnail","hentry","category-sao-paulo"],"yoast_head":"<!-- This site is optimized with the Yoast SEO Premium plugin v24.2 (Yoast SEO v26.9) - https:\/\/yoast.com\/product\/yoast-seo-premium-wordpress\/ -->\n<title>S\u00e3o Paulo: a declara\u00e7\u00e3o de Rafael sobre a Libertadores<\/title>\n<meta name=\"robots\" content=\"index, follow, max-snippet:-1, max-image-preview:large, max-video-preview:-1\" \/>\n<link rel=\"canonical\" href=\"https:\/\/www.gaveanews.com\/index.php\/2025\/04\/11\/sao-paulo-a-declaracao-de-rafael-sobre-a-libertadores\/\" \/>\n<meta property=\"og:locale\" content=\"pt_BR\" \/>\n<meta property=\"og:type\" content=\"article\" \/>\n<meta property=\"og:title\" content=\"S\u00e3o Paulo: a declara\u00e7\u00e3o de Rafael sobre a Libertadores\" \/>\n<meta property=\"og:description\" content=\"&#8220;A atmosfera se cria antes mesmo do jogo come\u00e7ar&#8221; Nesta quinta-feira (10), o S\u00e3o Paulo recebe o Alianza Lima, do Peru, no Est\u00e1dio do Morumbi, pela terceira rodada da Copa Libertadores. A bola rola \u00e0s 21h30 (hor\u00e1rio de Bras\u00edlia). Em entrevista exclusiva ao ge, Rafael comentou sobre o clima de Libertadores e como \u00e9 jogar [&hellip;]\" \/>\n<meta property=\"og:url\" content=\"https:\/\/www.gaveanews.com\/index.php\/2025\/04\/11\/sao-paulo-a-declaracao-de-rafael-sobre-a-libertadores\/\" \/>\n<meta property=\"og:site_name\" content=\"G\u00e1vea News\" \/>\n<meta property=\"article:publisher\" content=\"https:\/\/facebook.com\/gaveaNews\/\" \/>\n<meta property=\"article:published_time\" content=\"2025-04-11T15:25:02+00:00\" \/>\n<meta property=\"og:image\" content=\"https:\/\/www.gaveanews.com\/wp-content\/uploads\/Rafael-durante-treinamento-do-Sao-Paulo.webp\" \/>\n\t<meta property=\"og:image:width\" content=\"1065\" \/>\n\t<meta property=\"og:image:height\" content=\"1332\" \/>\n\t<meta property=\"og:image:type\" content=\"image\/jpeg\" \/>\n<meta name=\"author\" content=\"Andr\u00e9 Serra\" \/>\n<meta name=\"twitter:card\" content=\"summary_large_image\" \/>\n<meta name=\"twitter:label1\" content=\"Escrito por\" \/>\n\t<meta name=\"twitter:data1\" content=\"Andr\u00e9 Serra\" \/>\n\t<meta name=\"twitter:label2\" content=\"Est. tempo de leitura\" \/>\n\t<meta name=\"twitter:data2\" content=\"3 minutos\" \/>\n<script type=\"application\/ld+json\" class=\"yoast-schema-graph\">{\"@context\":\"https:\/\/schema.org\",\"@graph\":[{\"@type\":\"NewsArticle\",\"@id\":\"https:\/\/www.gaveanews.com\/index.php\/2025\/04\/11\/sao-paulo-a-declaracao-de-rafael-sobre-a-libertadores\/#article\",\"isPartOf\":{\"@id\":\"https:\/\/www.gaveanews.com\/index.php\/2025\/04\/11\/sao-paulo-a-declaracao-de-rafael-sobre-a-libertadores\/\"},\"author\":{\"name\":\"Andr\u00e9 Serra\",\"@id\":\"https:\/\/www.gaveanews.com\/#\/schema\/person\/0277a79a1289c451c281ec0411d84f0c\"},\"headline\":\"S\u00e3o Paulo: a declara\u00e7\u00e3o de Rafael sobre a Libertadores\",\"datePublished\":\"2025-04-11T15:25:02+00:00\",\"mainEntityOfPage\":{\"@id\":\"https:\/\/www.gaveanews.com\/index.php\/2025\/04\/11\/sao-paulo-a-declaracao-de-rafael-sobre-a-libertadores\/\"},\"wordCount\":376,\"commentCount\":0,\"image\":{\"@id\":\"https:\/\/www.gaveanews.com\/index.php\/2025\/04\/11\/sao-paulo-a-declaracao-de-rafael-sobre-a-libertadores\/#primaryimage\"},\"thumbnailUrl\":\"https:\/\/www.gaveanews.com\/wp-content\/uploads\/Rafael-durante-treinamento-do-Sao-Paulo.webp\",\"articleSection\":[\"S\u00e3o Paulo\"],\"inLanguage\":\"pt-BR\",\"potentialAction\":[{\"@type\":\"CommentAction\",\"name\":\"Comment\",\"target\":[\"https:\/\/www.gaveanews.com\/index.php\/2025\/04\/11\/sao-paulo-a-declaracao-de-rafael-sobre-a-libertadores\/#respond\"]}],\"copyrightYear\":\"2025\",\"copyrightHolder\":{\"@id\":\"https:\/\/www.gaveanews.com\/#organization\"}},{\"@type\":\"WebPage\",\"@id\":\"https:\/\/www.gaveanews.com\/index.php\/2025\/04\/11\/sao-paulo-a-declaracao-de-rafael-sobre-a-libertadores\/\",\"url\":\"https:\/\/www.gaveanews.com\/index.php\/2025\/04\/11\/sao-paulo-a-declaracao-de-rafael-sobre-a-libertadores\/\",\"name\":\"S\u00e3o Paulo: a declara\u00e7\u00e3o de Rafael sobre a Libertadores\",\"isPartOf\":{\"@id\":\"https:\/\/www.gaveanews.com\/#website\"},\"primaryImageOfPage\":{\"@id\":\"https:\/\/www.gaveanews.com\/index.php\/2025\/04\/11\/sao-paulo-a-declaracao-de-rafael-sobre-a-libertadores\/#primaryimage\"},\"image\":{\"@id\":\"https:\/\/www.gaveanews.com\/index.php\/2025\/04\/11\/sao-paulo-a-declaracao-de-rafael-sobre-a-libertadores\/#primaryimage\"},\"thumbnailUrl\":\"https:\/\/www.gaveanews.com\/wp-content\/uploads\/Rafael-durante-treinamento-do-Sao-Paulo.webp\",\"datePublished\":\"2025-04-11T15:25:02+00:00\",\"author\":{\"@id\":\"https:\/\/www.gaveanews.com\/#\/schema\/person\/0277a79a1289c451c281ec0411d84f0c\"},\"breadcrumb\":{\"@id\":\"https:\/\/www.gaveanews.com\/index.php\/2025\/04\/11\/sao-paulo-a-declaracao-de-rafael-sobre-a-libertadores\/#breadcrumb\"},\"inLanguage\":\"pt-BR\",\"potentialAction\":[{\"@type\":\"ReadAction\",\"target\":[\"https:\/\/www.gaveanews.com\/index.php\/2025\/04\/11\/sao-paulo-a-declaracao-de-rafael-sobre-a-libertadores\/\"]}]},{\"@type\":\"ImageObject\",\"inLanguage\":\"pt-BR\",\"@id\":\"https:\/\/www.gaveanews.com\/index.php\/2025\/04\/11\/sao-paulo-a-declaracao-de-rafael-sobre-a-libertadores\/#primaryimage\",\"url\":\"https:\/\/www.gaveanews.com\/wp-content\/uploads\/Rafael-durante-treinamento-do-Sao-Paulo.webp\",\"contentUrl\":\"https:\/\/www.gaveanews.com\/wp-content\/uploads\/Rafael-durante-treinamento-do-Sao-Paulo.webp\",\"width\":1065,\"height\":1332,\"caption\":\"Rafael durante treinamento do S\u00e3o Paulo (Foto: Reprodu\u00e7\u00e3o\/Instagram)\"},{\"@type\":\"BreadcrumbList\",\"@id\":\"https:\/\/www.gaveanews.com\/index.php\/2025\/04\/11\/sao-paulo-a-declaracao-de-rafael-sobre-a-libertadores\/#breadcrumb\",\"itemListElement\":[{\"@type\":\"ListItem\",\"position\":1,\"name\":\"Home\",\"item\":\"https:\/\/www.gaveanews.com\/\"},{\"@type\":\"ListItem\",\"position\":2,\"name\":\"S\u00e3o Paulo: a declara\u00e7\u00e3o de Rafael sobre a Libertadores\"}]},{\"@type\":\"WebSite\",\"@id\":\"https:\/\/www.gaveanews.com\/#website\",\"url\":\"https:\/\/www.gaveanews.com\/\",\"name\":\"G\u00e1vea News\",\"description\":\"Veja todas as not\u00edcias sobre o Flamengo: Contrata\u00e7\u00f5es, categorias de base, resultados das partidas, tabela de classifica\u00e7\u00e3o, pr\u00f3ximos jogos!\",\"potentialAction\":[{\"@type\":\"SearchAction\",\"target\":{\"@type\":\"EntryPoint\",\"urlTemplate\":\"https:\/\/www.gaveanews.com\/?s={search_term_string}\"},\"query-input\":{\"@type\":\"PropertyValueSpecification\",\"valueRequired\":true,\"valueName\":\"search_term_string\"}}],\"inLanguage\":\"pt-BR\"},{\"@type\":\"Person\",\"@id\":\"https:\/\/www.gaveanews.com\/#\/schema\/person\/0277a79a1289c451c281ec0411d84f0c\",\"name\":\"Andr\u00e9 Serra\",\"image\":{\"@type\":\"ImageObject\",\"inLanguage\":\"pt-BR\",\"@id\":\"https:\/\/www.gaveanews.com\/#\/schema\/person\/image\/\",\"url\":\"https:\/\/secure.gravatar.com\/avatar\/d7231369fe48db93292b3e88eb2162dbd9a34a47a8437d9ef3bcaca2a86a83d7?s=96&d=mm&r=g\",\"contentUrl\":\"https:\/\/secure.gravatar.com\/avatar\/d7231369fe48db93292b3e88eb2162dbd9a34a47a8437d9ef3bcaca2a86a83d7?s=96&d=mm&r=g\",\"caption\":\"Andr\u00e9 Serra\"}}]}<\/script>\n<!-- \/ Yoast SEO Premium plugin. -->","yoast_head_json":{"title":"S\u00e3o Paulo: a declara\u00e7\u00e3o de Rafael sobre a Libertadores","robots":{"index":"index","follow":"follow","max-snippet":"max-snippet:-1","max-image-preview":"max-image-preview:large","max-video-preview":"max-video-preview:-1"},"canonical":"https:\/\/www.gaveanews.com\/index.php\/2025\/04\/11\/sao-paulo-a-declaracao-de-rafael-sobre-a-libertadores\/","og_locale":"pt_BR","og_type":"article","og_title":"S\u00e3o Paulo: a declara\u00e7\u00e3o de Rafael sobre a Libertadores","og_description":"&#8220;A atmosfera se cria antes mesmo do jogo come\u00e7ar&#8221; Nesta quinta-feira (10), o S\u00e3o Paulo recebe o Alianza Lima, do Peru, no Est\u00e1dio do Morumbi, pela terceira rodada da Copa Libertadores. A bola rola \u00e0s 21h30 (hor\u00e1rio de Bras\u00edlia). Em entrevista exclusiva ao ge, Rafael comentou sobre o clima de Libertadores e como \u00e9 jogar [&hellip;]","og_url":"https:\/\/www.gaveanews.com\/index.php\/2025\/04\/11\/sao-paulo-a-declaracao-de-rafael-sobre-a-libertadores\/","og_site_name":"G\u00e1vea News","article_publisher":"https:\/\/facebook.com\/gaveaNews\/","article_published_time":"2025-04-11T15:25:02+00:00","og_image":[{"width":1065,"height":1332,"url":"https:\/\/www.gaveanews.com\/wp-content\/uploads\/Rafael-durante-treinamento-do-Sao-Paulo.webp","type":"image\/jpeg"}],"author":"Andr\u00e9 Serra","twitter_card":"summary_large_image","twitter_misc":{"Escrito por":"Andr\u00e9 Serra","Est. tempo de leitura":"3 minutos"},"schema":{"@context":"https:\/\/schema.org","@graph":[{"@type":"NewsArticle","@id":"https:\/\/www.gaveanews.com\/index.php\/2025\/04\/11\/sao-paulo-a-declaracao-de-rafael-sobre-a-libertadores\/#article","isPartOf":{"@id":"https:\/\/www.gaveanews.com\/index.php\/2025\/04\/11\/sao-paulo-a-declaracao-de-rafael-sobre-a-libertadores\/"},"author":{"name":"Andr\u00e9 Serra","@id":"https:\/\/www.gaveanews.com\/#\/schema\/person\/0277a79a1289c451c281ec0411d84f0c"},"headline":"S\u00e3o Paulo: a declara\u00e7\u00e3o de Rafael sobre a Libertadores","datePublished":"2025-04-11T15:25:02+00:00","mainEntityOfPage":{"@id":"https:\/\/www.gaveanews.com\/index.php\/2025\/04\/11\/sao-paulo-a-declaracao-de-rafael-sobre-a-libertadores\/"},"wordCount":376,"commentCount":0,"image":{"@id":"https:\/\/www.gaveanews.com\/index.php\/2025\/04\/11\/sao-paulo-a-declaracao-de-rafael-sobre-a-libertadores\/#primaryimage"},"thumbnailUrl":"https:\/\/www.gaveanews.com\/wp-content\/uploads\/Rafael-durante-treinamento-do-Sao-Paulo.webp","articleSection":["S\u00e3o Paulo"],"inLanguage":"pt-BR","potentialAction":[{"@type":"CommentAction","name":"Comment","target":["https:\/\/www.gaveanews.com\/index.php\/2025\/04\/11\/sao-paulo-a-declaracao-de-rafael-sobre-a-libertadores\/#respond"]}],"copyrightYear":"2025","copyrightHolder":{"@id":"https:\/\/www.gaveanews.com\/#organization"}},{"@type":"WebPage","@id":"https:\/\/www.gaveanews.com\/index.php\/2025\/04\/11\/sao-paulo-a-declaracao-de-rafael-sobre-a-libertadores\/","url":"https:\/\/www.gaveanews.com\/index.php\/2025\/04\/11\/sao-paulo-a-declaracao-de-rafael-sobre-a-libertadores\/","name":"S\u00e3o Paulo: a declara\u00e7\u00e3o de Rafael sobre a Libertadores","isPartOf":{"@id":"https:\/\/www.gaveanews.com\/#website"},"primaryImageOfPage":{"@id":"https:\/\/www.gaveanews.com\/index.php\/2025\/04\/11\/sao-paulo-a-declaracao-de-rafael-sobre-a-libertadores\/#primaryimage"},"image":{"@id":"https:\/\/www.gaveanews.com\/index.php\/2025\/04\/11\/sao-paulo-a-declaracao-de-rafael-sobre-a-libertadores\/#primaryimage"},"thumbnailUrl":"https:\/\/www.gaveanews.com\/wp-content\/uploads\/Rafael-durante-treinamento-do-Sao-Paulo.webp","datePublished":"2025-04-11T15:25:02+00:00","author":{"@id":"https:\/\/www.gaveanews.com\/#\/schema\/person\/0277a79a1289c451c281ec0411d84f0c"},"breadcrumb":{"@id":"https:\/\/www.gaveanews.com\/index.php\/2025\/04\/11\/sao-paulo-a-declaracao-de-rafael-sobre-a-libertadores\/#breadcrumb"},"inLanguage":"pt-BR","potentialAction":[{"@type":"ReadAction","target":["https:\/\/www.gaveanews.com\/index.php\/2025\/04\/11\/sao-paulo-a-declaracao-de-rafael-sobre-a-libertadores\/"]}]},{"@type":"ImageObject","inLanguage":"pt-BR","@id":"https:\/\/www.gaveanews.com\/index.php\/2025\/04\/11\/sao-paulo-a-declaracao-de-rafael-sobre-a-libertadores\/#primaryimage","url":"https:\/\/www.gaveanews.com\/wp-content\/uploads\/Rafael-durante-treinamento-do-Sao-Paulo.webp","contentUrl":"https:\/\/www.gaveanews.com\/wp-content\/uploads\/Rafael-durante-treinamento-do-Sao-Paulo.webp","width":1065,"height":1332,"caption":"Rafael durante treinamento do S\u00e3o Paulo (Foto: Reprodu\u00e7\u00e3o\/Instagram)"},{"@type":"BreadcrumbList","@id":"https:\/\/www.gaveanews.com\/index.php\/2025\/04\/11\/sao-paulo-a-declaracao-de-rafael-sobre-a-libertadores\/#breadcrumb","itemListElement":[{"@type":"ListItem","position":1,"name":"Home","item":"https:\/\/www.gaveanews.com\/"},{"@type":"ListItem","position":2,"name":"S\u00e3o Paulo: a declara\u00e7\u00e3o de Rafael sobre a Libertadores"}]},{"@type":"WebSite","@id":"https:\/\/www.gaveanews.com\/#website","url":"https:\/\/www.gaveanews.com\/","name":"G\u00e1vea News","description":"Veja todas as not\u00edcias sobre o Flamengo: Contrata\u00e7\u00f5es, categorias de base, resultados das partidas, tabela de classifica\u00e7\u00e3o, pr\u00f3ximos jogos!","potentialAction":[{"@type":"SearchAction","target":{"@type":"EntryPoint","urlTemplate":"https:\/\/www.gaveanews.com\/?s={search_term_string}"},"query-input":{"@type":"PropertyValueSpecification","valueRequired":true,"valueName":"search_term_string"}}],"inLanguage":"pt-BR"},{"@type":"Person","@id":"https:\/\/www.gaveanews.com\/#\/schema\/person\/0277a79a1289c451c281ec0411d84f0c","name":"Andr\u00e9 Serra","image":{"@type":"ImageObject","inLanguage":"pt-BR","@id":"https:\/\/www.gaveanews.com\/#\/schema\/person\/image\/","url":"https:\/\/secure.gravatar.com\/avatar\/d7231369fe48db93292b3e88eb2162dbd9a34a47a8437d9ef3bcaca2a86a83d7?s=96&d=mm&r=g","contentUrl":"https:\/\/secure.gravatar.com\/avatar\/d7231369fe48db93292b3e88eb2162dbd9a34a47a8437d9ef3bcaca2a86a83d7?s=96&d=mm&r=g","caption":"Andr\u00e9 Serra"}}]}},"_links":{"self":[{"href":"https:\/\/www.gaveanews.com\/index.php\/wp-json\/wp\/v2\/posts\/251813","targetHints":{"allow":["GET"]}}],"collection":[{"href":"https:\/\/www.gaveanews.com\/index.php\/wp-json\/wp\/v2\/posts"}],"about":[{"href":"https:\/\/www.gaveanews.com\/index.php\/wp-json\/wp\/v2\/types\/post"}],"author":[{"embeddable":true,"href":"https:\/\/www.gaveanews.com\/index.php\/wp-json\/wp\/v2\/users\/21"}],"replies":[{"embeddable":true,"href":"https:\/\/www.gaveanews.com\/index.php\/wp-json\/wp\/v2\/comments?post=251813"}],"version-history":[{"count":1,"href":"https:\/\/www.gaveanews.com\/index.php\/wp-json\/wp\/v2\/posts\/251813\/revisions"}],"predecessor-version":[{"id":251817,"href":"https:\/\/www.gaveanews.com\/index.php\/wp-json\/wp\/v2\/posts\/251813\/revisions\/251817"}],"wp:featuredmedia":[{"embeddable":true,"href":"https:\/\/www.gaveanews.com\/index.php\/wp-json\/wp\/v2\/media\/152876"}],"wp:attachment":[{"href":"https:\/\/www.gaveanews.com\/index.php\/wp-json\/wp\/v2\/media?parent=251813"}],"wp:term":[{"taxonomy":"category","embeddable":true,"href":"https:\/\/www.gaveanews.com\/index.php\/wp-json\/wp\/v2\/categories?post=251813"},{"taxonomy":"post_tag","embeddable":true,"href":"https:\/\/www.gaveanews.com\/index.php\/wp-json\/wp\/v2\/tags?post=251813"}],"curies":[{"name":"wp","href":"https:\/\/api.w.org\/{rel}","templated":true}]}}