{"id":251818,"date":"2025-04-11T12:40:12","date_gmt":"2025-04-11T15:40:12","guid":{"rendered":"https:\/\/www.gaveanews.com\/?p=251818"},"modified":"2025-04-11T11:44:37","modified_gmt":"2025-04-11T14:44:37","slug":"a-declaracao-de-rafael-sobre-o-momento-do-sao-paulo-2","status":"publish","type":"post","link":"https:\/\/www.gaveanews.com\/index.php\/2025\/04\/11\/a-declaracao-de-rafael-sobre-o-momento-do-sao-paulo-2\/","title":{"rendered":"A declara\u00e7\u00e3o de Rafael sobre o momento do S\u00e3o Paulo"},"content":{"rendered":"\n<h2 class=\"wp-block-heading\" id=\"h-eu-acho-que-estamos-numa-crescente-disse-o-arqueiro\">&#8220;Eu acho que estamos numa crescente&#8230;&#8221;, disse o arqueiro<\/h2>\n\n\n\n<p>O S\u00e3o Paulo entra em campo nesta quarta-feira (10), pela segunda rodada da Copa Libertadores de 2025. O Tricolor recebe o Alianza Lima, do Peru, no Est\u00e1dio do Morumbi, em partida que est\u00e1 marcado para \u00e0s 21h30 (hor\u00e1rio de Bras\u00edlia). <\/p>\n\n\n\n<p>Em entrevista exclusiva ao ge, o goleiro Rafael comentou sobre o momento do S\u00e3o Paulo. Para o arqueiro, a equipe vem crescendo e melhorando o desempenho. O camisa 23 fez um paralelo entre suas duas paix\u00f5es, futebol e avia\u00e7\u00e3o, e aproveitou para expressar seu carinho pelo S\u00e3o Paulo, comparando o clube ao seu avi\u00e3o favorito. Ele tamb\u00e9m ressaltou que a equipe ainda est\u00e1 em fase de \u201cdecolagem\u201d e tem muito a evoluir ao longo da temporada.<\/p>\n\n\n\n<p>&#8220;Vou falar que \u00e9 o Boeing 777, que \u00e9 o avi\u00e3o que eu mais curto, mais amo, sou apaixonado por esse avi\u00e3o e sou apaixonado pelo S\u00e3o Paulo, ent\u00e3o eu escolheria esse&#8221;, iniciou. <\/p>\n\n\n\n<p>&#8220;Eu acho que estamos numa crescente, numa subida, n\u00f3s estamos evoluindo, melhorando, viemos de uma pr\u00e9-temporada pequena, tivemos que utilizar o Paulist\u00e3o para ir ajustando, no decorrer do ano vai acontecer mais situa\u00e7\u00f5es que a gente vai ajustando, por conta de um calend\u00e1rio t\u00e3o apertado com muitos jogos, mas acredito que estamos em plena subida e espero que possamos conquistar muitas coisas bem altas ainda&#8221;, acrescentou. <\/p>\n\n\n\n<p>Na entrevista, o goleiro ainda comentou sobre as mudan\u00e7as no esquema t\u00e1tico da equipe e falou como a versatilidade do elenco s\u00e3o paulino impacta nesse quesito. <\/p>\n\n\n\n<p>&#8220;A gente vem treinando sempre e est\u00e1 adaptado a jogar em cada uma das forma\u00e7\u00f5es e n\u00f3s sentimos bem seguros em rela\u00e7\u00e3o a isso. N\u00f3s hoje temos dois sistemas que a gente pode trabalhar ou de in\u00edcio ou at\u00e9 no meio de um jogo trocar, que s\u00e3o o 4-4-2 e o 3-5-2&#8221;, comentou o goleiro, que continuou:<\/p>\n\n\n\n<p>&#8220;Agora, \u00e9 claro que quanto mais alto temos o time, nos ajuda em bola parada. N\u00e3o sei o percentual exato de gols que saem de bola parada no futebol hoje, mas sei que \u00e9 um n\u00famero muito alto de jogos sendo resolvido em bola parada, e \u00e9 algo que a gente trabalha muito e precisamos estar sempre atentos, tanto defensivamente como ofensivamente&#8221;, finalizou Rafael. <\/p>\n","protected":false},"excerpt":{"rendered":"<p>&#8220;Eu acho que estamos numa crescente&#8230;&#8221;, disse o arqueiro O S\u00e3o Paulo entra em campo nesta quarta-feira (10), pela segunda rodada da Copa Libertadores de 2025. O Tricolor recebe o Alianza Lima, do Peru, no Est\u00e1dio do Morumbi, em partida que est\u00e1 marcado para \u00e0s 21h30 (hor\u00e1rio de Bras\u00edlia). Em entrevista exclusiva ao ge, o [&hellip;]<\/p>\n","protected":false},"author":21,"featured_media":152876,"comment_status":"open","ping_status":"closed","sticky":false,"template":"","format":"standard","meta":{"footnotes":""},"categories":[151],"tags":[],"class_list":["post-251818","post","type-post","status-publish","format-standard","has-post-thumbnail","hentry","category-sao-paulo"],"yoast_head":"<!-- This site is optimized with the Yoast SEO Premium plugin v24.2 (Yoast SEO v26.9) - https:\/\/yoast.com\/product\/yoast-seo-premium-wordpress\/ -->\n<title>A declara\u00e7\u00e3o de Rafael sobre o momento do S\u00e3o Paulo<\/title>\n<meta name=\"robots\" content=\"index, follow, max-snippet:-1, max-image-preview:large, max-video-preview:-1\" \/>\n<link rel=\"canonical\" href=\"https:\/\/www.gaveanews.com\/index.php\/2025\/04\/11\/a-declaracao-de-rafael-sobre-o-momento-do-sao-paulo-2\/\" \/>\n<meta property=\"og:locale\" content=\"pt_BR\" \/>\n<meta property=\"og:type\" content=\"article\" \/>\n<meta property=\"og:title\" content=\"A declara\u00e7\u00e3o de Rafael sobre o momento do S\u00e3o Paulo\" \/>\n<meta property=\"og:description\" content=\"&#8220;Eu acho que estamos numa crescente&#8230;&#8221;, disse o arqueiro O S\u00e3o Paulo entra em campo nesta quarta-feira (10), pela segunda rodada da Copa Libertadores de 2025. O Tricolor recebe o Alianza Lima, do Peru, no Est\u00e1dio do Morumbi, em partida que est\u00e1 marcado para \u00e0s 21h30 (hor\u00e1rio de Bras\u00edlia). Em entrevista exclusiva ao ge, o [&hellip;]\" \/>\n<meta property=\"og:url\" content=\"https:\/\/www.gaveanews.com\/index.php\/2025\/04\/11\/a-declaracao-de-rafael-sobre-o-momento-do-sao-paulo-2\/\" \/>\n<meta property=\"og:site_name\" content=\"G\u00e1vea News\" \/>\n<meta property=\"article:publisher\" content=\"https:\/\/facebook.com\/gaveaNews\/\" \/>\n<meta property=\"article:published_time\" content=\"2025-04-11T15:40:12+00:00\" \/>\n<meta property=\"og:image\" content=\"https:\/\/www.gaveanews.com\/wp-content\/uploads\/Rafael-durante-treinamento-do-Sao-Paulo.webp\" \/>\n\t<meta property=\"og:image:width\" content=\"1065\" \/>\n\t<meta property=\"og:image:height\" content=\"1332\" \/>\n\t<meta property=\"og:image:type\" content=\"image\/jpeg\" \/>\n<meta name=\"author\" content=\"Andr\u00e9 Serra\" \/>\n<meta name=\"twitter:card\" content=\"summary_large_image\" \/>\n<meta name=\"twitter:label1\" content=\"Escrito por\" \/>\n\t<meta name=\"twitter:data1\" content=\"Andr\u00e9 Serra\" \/>\n\t<meta name=\"twitter:label2\" content=\"Est. tempo de leitura\" \/>\n\t<meta name=\"twitter:data2\" content=\"3 minutos\" \/>\n<script type=\"application\/ld+json\" class=\"yoast-schema-graph\">{\"@context\":\"https:\/\/schema.org\",\"@graph\":[{\"@type\":\"NewsArticle\",\"@id\":\"https:\/\/www.gaveanews.com\/index.php\/2025\/04\/11\/a-declaracao-de-rafael-sobre-o-momento-do-sao-paulo-2\/#article\",\"isPartOf\":{\"@id\":\"https:\/\/www.gaveanews.com\/index.php\/2025\/04\/11\/a-declaracao-de-rafael-sobre-o-momento-do-sao-paulo-2\/\"},\"author\":{\"name\":\"Andr\u00e9 Serra\",\"@id\":\"https:\/\/www.gaveanews.com\/#\/schema\/person\/0277a79a1289c451c281ec0411d84f0c\"},\"headline\":\"A declara\u00e7\u00e3o de Rafael sobre o momento do S\u00e3o Paulo\",\"datePublished\":\"2025-04-11T15:40:12+00:00\",\"mainEntityOfPage\":{\"@id\":\"https:\/\/www.gaveanews.com\/index.php\/2025\/04\/11\/a-declaracao-de-rafael-sobre-o-momento-do-sao-paulo-2\/\"},\"wordCount\":407,\"commentCount\":0,\"image\":{\"@id\":\"https:\/\/www.gaveanews.com\/index.php\/2025\/04\/11\/a-declaracao-de-rafael-sobre-o-momento-do-sao-paulo-2\/#primaryimage\"},\"thumbnailUrl\":\"https:\/\/www.gaveanews.com\/wp-content\/uploads\/Rafael-durante-treinamento-do-Sao-Paulo.webp\",\"articleSection\":[\"S\u00e3o Paulo\"],\"inLanguage\":\"pt-BR\",\"potentialAction\":[{\"@type\":\"CommentAction\",\"name\":\"Comment\",\"target\":[\"https:\/\/www.gaveanews.com\/index.php\/2025\/04\/11\/a-declaracao-de-rafael-sobre-o-momento-do-sao-paulo-2\/#respond\"]}],\"copyrightYear\":\"2025\",\"copyrightHolder\":{\"@id\":\"https:\/\/www.gaveanews.com\/#organization\"}},{\"@type\":\"WebPage\",\"@id\":\"https:\/\/www.gaveanews.com\/index.php\/2025\/04\/11\/a-declaracao-de-rafael-sobre-o-momento-do-sao-paulo-2\/\",\"url\":\"https:\/\/www.gaveanews.com\/index.php\/2025\/04\/11\/a-declaracao-de-rafael-sobre-o-momento-do-sao-paulo-2\/\",\"name\":\"A declara\u00e7\u00e3o de Rafael sobre o momento do S\u00e3o Paulo\",\"isPartOf\":{\"@id\":\"https:\/\/www.gaveanews.com\/#website\"},\"primaryImageOfPage\":{\"@id\":\"https:\/\/www.gaveanews.com\/index.php\/2025\/04\/11\/a-declaracao-de-rafael-sobre-o-momento-do-sao-paulo-2\/#primaryimage\"},\"image\":{\"@id\":\"https:\/\/www.gaveanews.com\/index.php\/2025\/04\/11\/a-declaracao-de-rafael-sobre-o-momento-do-sao-paulo-2\/#primaryimage\"},\"thumbnailUrl\":\"https:\/\/www.gaveanews.com\/wp-content\/uploads\/Rafael-durante-treinamento-do-Sao-Paulo.webp\",\"datePublished\":\"2025-04-11T15:40:12+00:00\",\"author\":{\"@id\":\"https:\/\/www.gaveanews.com\/#\/schema\/person\/0277a79a1289c451c281ec0411d84f0c\"},\"breadcrumb\":{\"@id\":\"https:\/\/www.gaveanews.com\/index.php\/2025\/04\/11\/a-declaracao-de-rafael-sobre-o-momento-do-sao-paulo-2\/#breadcrumb\"},\"inLanguage\":\"pt-BR\",\"potentialAction\":[{\"@type\":\"ReadAction\",\"target\":[\"https:\/\/www.gaveanews.com\/index.php\/2025\/04\/11\/a-declaracao-de-rafael-sobre-o-momento-do-sao-paulo-2\/\"]}]},{\"@type\":\"ImageObject\",\"inLanguage\":\"pt-BR\",\"@id\":\"https:\/\/www.gaveanews.com\/index.php\/2025\/04\/11\/a-declaracao-de-rafael-sobre-o-momento-do-sao-paulo-2\/#primaryimage\",\"url\":\"https:\/\/www.gaveanews.com\/wp-content\/uploads\/Rafael-durante-treinamento-do-Sao-Paulo.webp\",\"contentUrl\":\"https:\/\/www.gaveanews.com\/wp-content\/uploads\/Rafael-durante-treinamento-do-Sao-Paulo.webp\",\"width\":1065,\"height\":1332,\"caption\":\"Rafael durante treinamento do S\u00e3o Paulo (Foto: Reprodu\u00e7\u00e3o\/Instagram)\"},{\"@type\":\"BreadcrumbList\",\"@id\":\"https:\/\/www.gaveanews.com\/index.php\/2025\/04\/11\/a-declaracao-de-rafael-sobre-o-momento-do-sao-paulo-2\/#breadcrumb\",\"itemListElement\":[{\"@type\":\"ListItem\",\"position\":1,\"name\":\"Home\",\"item\":\"https:\/\/www.gaveanews.com\/\"},{\"@type\":\"ListItem\",\"position\":2,\"name\":\"A declara\u00e7\u00e3o de Rafael sobre o momento do S\u00e3o Paulo\"}]},{\"@type\":\"WebSite\",\"@id\":\"https:\/\/www.gaveanews.com\/#website\",\"url\":\"https:\/\/www.gaveanews.com\/\",\"name\":\"G\u00e1vea News\",\"description\":\"Veja todas as not\u00edcias sobre o Flamengo: Contrata\u00e7\u00f5es, categorias de base, resultados das partidas, tabela de classifica\u00e7\u00e3o, pr\u00f3ximos jogos!\",\"potentialAction\":[{\"@type\":\"SearchAction\",\"target\":{\"@type\":\"EntryPoint\",\"urlTemplate\":\"https:\/\/www.gaveanews.com\/?s={search_term_string}\"},\"query-input\":{\"@type\":\"PropertyValueSpecification\",\"valueRequired\":true,\"valueName\":\"search_term_string\"}}],\"inLanguage\":\"pt-BR\"},{\"@type\":\"Person\",\"@id\":\"https:\/\/www.gaveanews.com\/#\/schema\/person\/0277a79a1289c451c281ec0411d84f0c\",\"name\":\"Andr\u00e9 Serra\",\"image\":{\"@type\":\"ImageObject\",\"inLanguage\":\"pt-BR\",\"@id\":\"https:\/\/www.gaveanews.com\/#\/schema\/person\/image\/\",\"url\":\"https:\/\/secure.gravatar.com\/avatar\/d7231369fe48db93292b3e88eb2162dbd9a34a47a8437d9ef3bcaca2a86a83d7?s=96&d=mm&r=g\",\"contentUrl\":\"https:\/\/secure.gravatar.com\/avatar\/d7231369fe48db93292b3e88eb2162dbd9a34a47a8437d9ef3bcaca2a86a83d7?s=96&d=mm&r=g\",\"caption\":\"Andr\u00e9 Serra\"}}]}<\/script>\n<!-- \/ Yoast SEO Premium plugin. -->","yoast_head_json":{"title":"A declara\u00e7\u00e3o de Rafael sobre o momento do S\u00e3o Paulo","robots":{"index":"index","follow":"follow","max-snippet":"max-snippet:-1","max-image-preview":"max-image-preview:large","max-video-preview":"max-video-preview:-1"},"canonical":"https:\/\/www.gaveanews.com\/index.php\/2025\/04\/11\/a-declaracao-de-rafael-sobre-o-momento-do-sao-paulo-2\/","og_locale":"pt_BR","og_type":"article","og_title":"A declara\u00e7\u00e3o de Rafael sobre o momento do S\u00e3o Paulo","og_description":"&#8220;Eu acho que estamos numa crescente&#8230;&#8221;, disse o arqueiro O S\u00e3o Paulo entra em campo nesta quarta-feira (10), pela segunda rodada da Copa Libertadores de 2025. O Tricolor recebe o Alianza Lima, do Peru, no Est\u00e1dio do Morumbi, em partida que est\u00e1 marcado para \u00e0s 21h30 (hor\u00e1rio de Bras\u00edlia). Em entrevista exclusiva ao ge, o [&hellip;]","og_url":"https:\/\/www.gaveanews.com\/index.php\/2025\/04\/11\/a-declaracao-de-rafael-sobre-o-momento-do-sao-paulo-2\/","og_site_name":"G\u00e1vea News","article_publisher":"https:\/\/facebook.com\/gaveaNews\/","article_published_time":"2025-04-11T15:40:12+00:00","og_image":[{"width":1065,"height":1332,"url":"https:\/\/www.gaveanews.com\/wp-content\/uploads\/Rafael-durante-treinamento-do-Sao-Paulo.webp","type":"image\/jpeg"}],"author":"Andr\u00e9 Serra","twitter_card":"summary_large_image","twitter_misc":{"Escrito por":"Andr\u00e9 Serra","Est. tempo de leitura":"3 minutos"},"schema":{"@context":"https:\/\/schema.org","@graph":[{"@type":"NewsArticle","@id":"https:\/\/www.gaveanews.com\/index.php\/2025\/04\/11\/a-declaracao-de-rafael-sobre-o-momento-do-sao-paulo-2\/#article","isPartOf":{"@id":"https:\/\/www.gaveanews.com\/index.php\/2025\/04\/11\/a-declaracao-de-rafael-sobre-o-momento-do-sao-paulo-2\/"},"author":{"name":"Andr\u00e9 Serra","@id":"https:\/\/www.gaveanews.com\/#\/schema\/person\/0277a79a1289c451c281ec0411d84f0c"},"headline":"A declara\u00e7\u00e3o de Rafael sobre o momento do S\u00e3o Paulo","datePublished":"2025-04-11T15:40:12+00:00","mainEntityOfPage":{"@id":"https:\/\/www.gaveanews.com\/index.php\/2025\/04\/11\/a-declaracao-de-rafael-sobre-o-momento-do-sao-paulo-2\/"},"wordCount":407,"commentCount":0,"image":{"@id":"https:\/\/www.gaveanews.com\/index.php\/2025\/04\/11\/a-declaracao-de-rafael-sobre-o-momento-do-sao-paulo-2\/#primaryimage"},"thumbnailUrl":"https:\/\/www.gaveanews.com\/wp-content\/uploads\/Rafael-durante-treinamento-do-Sao-Paulo.webp","articleSection":["S\u00e3o Paulo"],"inLanguage":"pt-BR","potentialAction":[{"@type":"CommentAction","name":"Comment","target":["https:\/\/www.gaveanews.com\/index.php\/2025\/04\/11\/a-declaracao-de-rafael-sobre-o-momento-do-sao-paulo-2\/#respond"]}],"copyrightYear":"2025","copyrightHolder":{"@id":"https:\/\/www.gaveanews.com\/#organization"}},{"@type":"WebPage","@id":"https:\/\/www.gaveanews.com\/index.php\/2025\/04\/11\/a-declaracao-de-rafael-sobre-o-momento-do-sao-paulo-2\/","url":"https:\/\/www.gaveanews.com\/index.php\/2025\/04\/11\/a-declaracao-de-rafael-sobre-o-momento-do-sao-paulo-2\/","name":"A declara\u00e7\u00e3o de Rafael sobre o momento do S\u00e3o Paulo","isPartOf":{"@id":"https:\/\/www.gaveanews.com\/#website"},"primaryImageOfPage":{"@id":"https:\/\/www.gaveanews.com\/index.php\/2025\/04\/11\/a-declaracao-de-rafael-sobre-o-momento-do-sao-paulo-2\/#primaryimage"},"image":{"@id":"https:\/\/www.gaveanews.com\/index.php\/2025\/04\/11\/a-declaracao-de-rafael-sobre-o-momento-do-sao-paulo-2\/#primaryimage"},"thumbnailUrl":"https:\/\/www.gaveanews.com\/wp-content\/uploads\/Rafael-durante-treinamento-do-Sao-Paulo.webp","datePublished":"2025-04-11T15:40:12+00:00","author":{"@id":"https:\/\/www.gaveanews.com\/#\/schema\/person\/0277a79a1289c451c281ec0411d84f0c"},"breadcrumb":{"@id":"https:\/\/www.gaveanews.com\/index.php\/2025\/04\/11\/a-declaracao-de-rafael-sobre-o-momento-do-sao-paulo-2\/#breadcrumb"},"inLanguage":"pt-BR","potentialAction":[{"@type":"ReadAction","target":["https:\/\/www.gaveanews.com\/index.php\/2025\/04\/11\/a-declaracao-de-rafael-sobre-o-momento-do-sao-paulo-2\/"]}]},{"@type":"ImageObject","inLanguage":"pt-BR","@id":"https:\/\/www.gaveanews.com\/index.php\/2025\/04\/11\/a-declaracao-de-rafael-sobre-o-momento-do-sao-paulo-2\/#primaryimage","url":"https:\/\/www.gaveanews.com\/wp-content\/uploads\/Rafael-durante-treinamento-do-Sao-Paulo.webp","contentUrl":"https:\/\/www.gaveanews.com\/wp-content\/uploads\/Rafael-durante-treinamento-do-Sao-Paulo.webp","width":1065,"height":1332,"caption":"Rafael durante treinamento do S\u00e3o Paulo (Foto: Reprodu\u00e7\u00e3o\/Instagram)"},{"@type":"BreadcrumbList","@id":"https:\/\/www.gaveanews.com\/index.php\/2025\/04\/11\/a-declaracao-de-rafael-sobre-o-momento-do-sao-paulo-2\/#breadcrumb","itemListElement":[{"@type":"ListItem","position":1,"name":"Home","item":"https:\/\/www.gaveanews.com\/"},{"@type":"ListItem","position":2,"name":"A declara\u00e7\u00e3o de Rafael sobre o momento do S\u00e3o Paulo"}]},{"@type":"WebSite","@id":"https:\/\/www.gaveanews.com\/#website","url":"https:\/\/www.gaveanews.com\/","name":"G\u00e1vea News","description":"Veja todas as not\u00edcias sobre o Flamengo: Contrata\u00e7\u00f5es, categorias de base, resultados das partidas, tabela de classifica\u00e7\u00e3o, pr\u00f3ximos jogos!","potentialAction":[{"@type":"SearchAction","target":{"@type":"EntryPoint","urlTemplate":"https:\/\/www.gaveanews.com\/?s={search_term_string}"},"query-input":{"@type":"PropertyValueSpecification","valueRequired":true,"valueName":"search_term_string"}}],"inLanguage":"pt-BR"},{"@type":"Person","@id":"https:\/\/www.gaveanews.com\/#\/schema\/person\/0277a79a1289c451c281ec0411d84f0c","name":"Andr\u00e9 Serra","image":{"@type":"ImageObject","inLanguage":"pt-BR","@id":"https:\/\/www.gaveanews.com\/#\/schema\/person\/image\/","url":"https:\/\/secure.gravatar.com\/avatar\/d7231369fe48db93292b3e88eb2162dbd9a34a47a8437d9ef3bcaca2a86a83d7?s=96&d=mm&r=g","contentUrl":"https:\/\/secure.gravatar.com\/avatar\/d7231369fe48db93292b3e88eb2162dbd9a34a47a8437d9ef3bcaca2a86a83d7?s=96&d=mm&r=g","caption":"Andr\u00e9 Serra"}}]}},"_links":{"self":[{"href":"https:\/\/www.gaveanews.com\/index.php\/wp-json\/wp\/v2\/posts\/251818","targetHints":{"allow":["GET"]}}],"collection":[{"href":"https:\/\/www.gaveanews.com\/index.php\/wp-json\/wp\/v2\/posts"}],"about":[{"href":"https:\/\/www.gaveanews.com\/index.php\/wp-json\/wp\/v2\/types\/post"}],"author":[{"embeddable":true,"href":"https:\/\/www.gaveanews.com\/index.php\/wp-json\/wp\/v2\/users\/21"}],"replies":[{"embeddable":true,"href":"https:\/\/www.gaveanews.com\/index.php\/wp-json\/wp\/v2\/comments?post=251818"}],"version-history":[{"count":1,"href":"https:\/\/www.gaveanews.com\/index.php\/wp-json\/wp\/v2\/posts\/251818\/revisions"}],"predecessor-version":[{"id":251830,"href":"https:\/\/www.gaveanews.com\/index.php\/wp-json\/wp\/v2\/posts\/251818\/revisions\/251830"}],"wp:featuredmedia":[{"embeddable":true,"href":"https:\/\/www.gaveanews.com\/index.php\/wp-json\/wp\/v2\/media\/152876"}],"wp:attachment":[{"href":"https:\/\/www.gaveanews.com\/index.php\/wp-json\/wp\/v2\/media?parent=251818"}],"wp:term":[{"taxonomy":"category","embeddable":true,"href":"https:\/\/www.gaveanews.com\/index.php\/wp-json\/wp\/v2\/categories?post=251818"},{"taxonomy":"post_tag","embeddable":true,"href":"https:\/\/www.gaveanews.com\/index.php\/wp-json\/wp\/v2\/tags?post=251818"}],"curies":[{"name":"wp","href":"https:\/\/api.w.org\/{rel}","templated":true}]}}