{"id":251832,"date":"2025-04-11T12:45:45","date_gmt":"2025-04-11T15:45:45","guid":{"rendered":"https:\/\/www.gaveanews.com\/?p=251832"},"modified":"2025-04-11T11:44:46","modified_gmt":"2025-04-11T14:44:46","slug":"barcelona-x-borussia-dortmund-a-declaracao-de-hansi-flick","status":"publish","type":"post","link":"https:\/\/www.gaveanews.com\/index.php\/2025\/04\/11\/barcelona-x-borussia-dortmund-a-declaracao-de-hansi-flick\/","title":{"rendered":"Barcelona x Borussia Dortmund: a declara\u00e7\u00e3o de Hansi Flick"},"content":{"rendered":"\n<h2 class=\"wp-block-heading\" id=\"h-futebol-e-um-esporte-de-loucos-disse-o-treinador\">&#8220;Futebol \u00e9 um esporte de loucos&#8221;, disse o treinador<\/h2>\n\n\n\n<p>Com gols de Raphinha, Lewandowski (duas vezes) e Lamine Yamal, o Barcelona n\u00e3o teve d\u00f3 e goleou o Borussia Dortmund pelo placar de 4 a 0, na \u00faltima quarta-feira (9). A partida que era v\u00e1lida pelo jogo de ida das quartas de final da Champions League aconteceu no Est\u00e1dio Ol\u00edmpico Lluis Companys. <\/p>\n\n\n\n<p>Em entrevista coletiva ap\u00f3s o jogo, o t\u00e9cnico Hansi Flick pediu aten\u00e7\u00e3o total \u00e0 sua equipe no jogo de volta na Alemanha, mesmo com a grande e larga vantagem no placar. O Bar\u00e7a pode perder por at\u00e9 tr\u00eas gols de diferen\u00e7a, que ainda se garante na semifinal da Liga dos Campe\u00f5es da Europa. <\/p>\n\n\n\n<p>&#8220;Ainda n\u00e3o (nos classificamos). Nunca se sabe o que vai acontecer no futebol, porque \u00e9 um esporte de loucos. Temos que jogar como fizemos hoje. Fazer o que sabemos fazer&#8221;, iniciou. <\/p>\n\n\n\n<p>&#8220;N\u00f3s precisamos melhorar especialmente contra a equipe do Dortmund que tem muita qualidade no ataque. Eles foram r\u00e1pidos nos contra-ataques, mas n\u00f3s defendemos bem. No geral, implementamos o plano em um n\u00edvel muito alto e eu estou muito feliz com isso&#8221;, completou. <\/p>\n\n\n\n<p>Na entrevista, Hansi Flick fez quest\u00e3o de elogiar o trio de ataque formado por Raphinha, Lewandowski e Lamine Yamal, que mais uma vez deu show. Flick disse que o trio &#8220;\u00e9 muito importante&#8221;. <\/p>\n\n\n\n<p>&#8220;Jogamos bem e, quando jogamos assim, marcamos gols. Eles s\u00e3o muito importantes (trio de ataque), e tamb\u00e9m quando voc\u00ea olha para a defesa, o quanto os reservas influenciam. Isso \u00e9 importante em muitos jogos&#8221;, acrescentou. <\/p>\n\n\n\n<p>O Barcelona volta a campo neste s\u00e1bado (12) contra o Legan\u00e9s, \u00e0s 16h (de Bras\u00edlia), pelo Campeonato Espanhol. A equipe catal\u00e3 inclusive lidera a LaLiga com 67 pontos, seguido por Real Madrid com 63. Faltando oito rodadas para o t\u00e9rmino da competi\u00e7\u00e3o, as equipes ainda ir\u00e3o se enfrentar. <\/p>\n\n\n\n<p>J\u00e1 pela Champions League, o Barcelona visita o Borussia Dortmund na ter\u00e7a-feira (15), no Signal Iduna Park, em partida que come\u00e7a \u00e0s 16h (hor\u00e1rio de Bras\u00edlia). <\/p>\n","protected":false},"excerpt":{"rendered":"<p>&#8220;Futebol \u00e9 um esporte de loucos&#8221;, disse o treinador Com gols de Raphinha, Lewandowski (duas vezes) e Lamine Yamal, o Barcelona n\u00e3o teve d\u00f3 e goleou o Borussia Dortmund pelo placar de 4 a 0, na \u00faltima quarta-feira (9). A partida que era v\u00e1lida pelo jogo de ida das quartas de final da Champions League [&hellip;]<\/p>\n","protected":false},"author":21,"featured_media":122108,"comment_status":"open","ping_status":"closed","sticky":false,"template":"","format":"standard","meta":{"footnotes":""},"categories":[87,104],"tags":[],"class_list":["post-251832","post","type-post","status-publish","format-standard","has-post-thumbnail","hentry","category-barcelona","category-borussia-dortmund"],"yoast_head":"<!-- This site is optimized with the Yoast SEO Premium plugin v24.2 (Yoast SEO v26.9) - https:\/\/yoast.com\/product\/yoast-seo-premium-wordpress\/ -->\n<title>Barcelona x Borussia Dortmund: a declara\u00e7\u00e3o de Hansi Flick<\/title>\n<meta name=\"robots\" content=\"index, follow, max-snippet:-1, max-image-preview:large, max-video-preview:-1\" \/>\n<link rel=\"canonical\" href=\"https:\/\/www.gaveanews.com\/index.php\/2025\/04\/11\/barcelona-x-borussia-dortmund-a-declaracao-de-hansi-flick\/\" \/>\n<meta property=\"og:locale\" content=\"pt_BR\" \/>\n<meta property=\"og:type\" content=\"article\" \/>\n<meta property=\"og:title\" content=\"Barcelona x Borussia Dortmund: a declara\u00e7\u00e3o de Hansi Flick\" \/>\n<meta property=\"og:description\" content=\"&#8220;Futebol \u00e9 um esporte de loucos&#8221;, disse o treinador Com gols de Raphinha, Lewandowski (duas vezes) e Lamine Yamal, o Barcelona n\u00e3o teve d\u00f3 e goleou o Borussia Dortmund pelo placar de 4 a 0, na \u00faltima quarta-feira (9). A partida que era v\u00e1lida pelo jogo de ida das quartas de final da Champions League [&hellip;]\" \/>\n<meta property=\"og:url\" content=\"https:\/\/www.gaveanews.com\/index.php\/2025\/04\/11\/barcelona-x-borussia-dortmund-a-declaracao-de-hansi-flick\/\" \/>\n<meta property=\"og:site_name\" content=\"G\u00e1vea News\" \/>\n<meta property=\"article:publisher\" content=\"https:\/\/facebook.com\/gaveaNews\/\" \/>\n<meta property=\"article:published_time\" content=\"2025-04-11T15:45:45+00:00\" \/>\n<meta property=\"og:image\" content=\"https:\/\/www.gaveanews.com\/wp-content\/uploads\/barca.webp\" \/>\n\t<meta property=\"og:image:width\" content=\"1000\" \/>\n\t<meta property=\"og:image:height\" content=\"658\" \/>\n\t<meta property=\"og:image:type\" content=\"image\/webp\" \/>\n<meta name=\"author\" content=\"Andr\u00e9 Serra\" \/>\n<meta name=\"twitter:card\" content=\"summary_large_image\" \/>\n<meta name=\"twitter:label1\" content=\"Escrito por\" \/>\n\t<meta name=\"twitter:data1\" content=\"Andr\u00e9 Serra\" \/>\n\t<meta name=\"twitter:label2\" content=\"Est. tempo de leitura\" \/>\n\t<meta name=\"twitter:data2\" content=\"3 minutos\" \/>\n<script type=\"application\/ld+json\" class=\"yoast-schema-graph\">{\"@context\":\"https:\/\/schema.org\",\"@graph\":[{\"@type\":\"NewsArticle\",\"@id\":\"https:\/\/www.gaveanews.com\/index.php\/2025\/04\/11\/barcelona-x-borussia-dortmund-a-declaracao-de-hansi-flick\/#article\",\"isPartOf\":{\"@id\":\"https:\/\/www.gaveanews.com\/index.php\/2025\/04\/11\/barcelona-x-borussia-dortmund-a-declaracao-de-hansi-flick\/\"},\"author\":{\"name\":\"Andr\u00e9 Serra\",\"@id\":\"https:\/\/www.gaveanews.com\/#\/schema\/person\/0277a79a1289c451c281ec0411d84f0c\"},\"headline\":\"Barcelona x Borussia Dortmund: a declara\u00e7\u00e3o de Hansi Flick\",\"datePublished\":\"2025-04-11T15:45:45+00:00\",\"mainEntityOfPage\":{\"@id\":\"https:\/\/www.gaveanews.com\/index.php\/2025\/04\/11\/barcelona-x-borussia-dortmund-a-declaracao-de-hansi-flick\/\"},\"wordCount\":356,\"commentCount\":0,\"image\":{\"@id\":\"https:\/\/www.gaveanews.com\/index.php\/2025\/04\/11\/barcelona-x-borussia-dortmund-a-declaracao-de-hansi-flick\/#primaryimage\"},\"thumbnailUrl\":\"https:\/\/www.gaveanews.com\/wp-content\/uploads\/barca.webp\",\"articleSection\":[\"Barcelona\",\"Borussia Dortmund\"],\"inLanguage\":\"pt-BR\",\"potentialAction\":[{\"@type\":\"CommentAction\",\"name\":\"Comment\",\"target\":[\"https:\/\/www.gaveanews.com\/index.php\/2025\/04\/11\/barcelona-x-borussia-dortmund-a-declaracao-de-hansi-flick\/#respond\"]}],\"copyrightYear\":\"2025\",\"copyrightHolder\":{\"@id\":\"https:\/\/www.gaveanews.com\/#organization\"}},{\"@type\":\"WebPage\",\"@id\":\"https:\/\/www.gaveanews.com\/index.php\/2025\/04\/11\/barcelona-x-borussia-dortmund-a-declaracao-de-hansi-flick\/\",\"url\":\"https:\/\/www.gaveanews.com\/index.php\/2025\/04\/11\/barcelona-x-borussia-dortmund-a-declaracao-de-hansi-flick\/\",\"name\":\"Barcelona x Borussia Dortmund: a declara\u00e7\u00e3o de Hansi Flick\",\"isPartOf\":{\"@id\":\"https:\/\/www.gaveanews.com\/#website\"},\"primaryImageOfPage\":{\"@id\":\"https:\/\/www.gaveanews.com\/index.php\/2025\/04\/11\/barcelona-x-borussia-dortmund-a-declaracao-de-hansi-flick\/#primaryimage\"},\"image\":{\"@id\":\"https:\/\/www.gaveanews.com\/index.php\/2025\/04\/11\/barcelona-x-borussia-dortmund-a-declaracao-de-hansi-flick\/#primaryimage\"},\"thumbnailUrl\":\"https:\/\/www.gaveanews.com\/wp-content\/uploads\/barca.webp\",\"datePublished\":\"2025-04-11T15:45:45+00:00\",\"author\":{\"@id\":\"https:\/\/www.gaveanews.com\/#\/schema\/person\/0277a79a1289c451c281ec0411d84f0c\"},\"breadcrumb\":{\"@id\":\"https:\/\/www.gaveanews.com\/index.php\/2025\/04\/11\/barcelona-x-borussia-dortmund-a-declaracao-de-hansi-flick\/#breadcrumb\"},\"inLanguage\":\"pt-BR\",\"potentialAction\":[{\"@type\":\"ReadAction\",\"target\":[\"https:\/\/www.gaveanews.com\/index.php\/2025\/04\/11\/barcelona-x-borussia-dortmund-a-declaracao-de-hansi-flick\/\"]}]},{\"@type\":\"ImageObject\",\"inLanguage\":\"pt-BR\",\"@id\":\"https:\/\/www.gaveanews.com\/index.php\/2025\/04\/11\/barcelona-x-borussia-dortmund-a-declaracao-de-hansi-flick\/#primaryimage\",\"url\":\"https:\/\/www.gaveanews.com\/wp-content\/uploads\/barca.webp\",\"contentUrl\":\"https:\/\/www.gaveanews.com\/wp-content\/uploads\/barca.webp\",\"width\":1000,\"height\":658,\"caption\":\"Escudo do Barcelona (Foto: Reprodu\u00e7\u00e3o)\"},{\"@type\":\"BreadcrumbList\",\"@id\":\"https:\/\/www.gaveanews.com\/index.php\/2025\/04\/11\/barcelona-x-borussia-dortmund-a-declaracao-de-hansi-flick\/#breadcrumb\",\"itemListElement\":[{\"@type\":\"ListItem\",\"position\":1,\"name\":\"Home\",\"item\":\"https:\/\/www.gaveanews.com\/\"},{\"@type\":\"ListItem\",\"position\":2,\"name\":\"Barcelona x Borussia Dortmund: a declara\u00e7\u00e3o de Hansi Flick\"}]},{\"@type\":\"WebSite\",\"@id\":\"https:\/\/www.gaveanews.com\/#website\",\"url\":\"https:\/\/www.gaveanews.com\/\",\"name\":\"G\u00e1vea News\",\"description\":\"Veja todas as not\u00edcias sobre o Flamengo: Contrata\u00e7\u00f5es, categorias de base, resultados das partidas, tabela de classifica\u00e7\u00e3o, pr\u00f3ximos jogos!\",\"potentialAction\":[{\"@type\":\"SearchAction\",\"target\":{\"@type\":\"EntryPoint\",\"urlTemplate\":\"https:\/\/www.gaveanews.com\/?s={search_term_string}\"},\"query-input\":{\"@type\":\"PropertyValueSpecification\",\"valueRequired\":true,\"valueName\":\"search_term_string\"}}],\"inLanguage\":\"pt-BR\"},{\"@type\":\"Person\",\"@id\":\"https:\/\/www.gaveanews.com\/#\/schema\/person\/0277a79a1289c451c281ec0411d84f0c\",\"name\":\"Andr\u00e9 Serra\",\"image\":{\"@type\":\"ImageObject\",\"inLanguage\":\"pt-BR\",\"@id\":\"https:\/\/www.gaveanews.com\/#\/schema\/person\/image\/\",\"url\":\"https:\/\/secure.gravatar.com\/avatar\/d7231369fe48db93292b3e88eb2162dbd9a34a47a8437d9ef3bcaca2a86a83d7?s=96&d=mm&r=g\",\"contentUrl\":\"https:\/\/secure.gravatar.com\/avatar\/d7231369fe48db93292b3e88eb2162dbd9a34a47a8437d9ef3bcaca2a86a83d7?s=96&d=mm&r=g\",\"caption\":\"Andr\u00e9 Serra\"}}]}<\/script>\n<!-- \/ Yoast SEO Premium plugin. -->","yoast_head_json":{"title":"Barcelona x Borussia Dortmund: a declara\u00e7\u00e3o de Hansi Flick","robots":{"index":"index","follow":"follow","max-snippet":"max-snippet:-1","max-image-preview":"max-image-preview:large","max-video-preview":"max-video-preview:-1"},"canonical":"https:\/\/www.gaveanews.com\/index.php\/2025\/04\/11\/barcelona-x-borussia-dortmund-a-declaracao-de-hansi-flick\/","og_locale":"pt_BR","og_type":"article","og_title":"Barcelona x Borussia Dortmund: a declara\u00e7\u00e3o de Hansi Flick","og_description":"&#8220;Futebol \u00e9 um esporte de loucos&#8221;, disse o treinador Com gols de Raphinha, Lewandowski (duas vezes) e Lamine Yamal, o Barcelona n\u00e3o teve d\u00f3 e goleou o Borussia Dortmund pelo placar de 4 a 0, na \u00faltima quarta-feira (9). A partida que era v\u00e1lida pelo jogo de ida das quartas de final da Champions League [&hellip;]","og_url":"https:\/\/www.gaveanews.com\/index.php\/2025\/04\/11\/barcelona-x-borussia-dortmund-a-declaracao-de-hansi-flick\/","og_site_name":"G\u00e1vea News","article_publisher":"https:\/\/facebook.com\/gaveaNews\/","article_published_time":"2025-04-11T15:45:45+00:00","og_image":[{"width":1000,"height":658,"url":"https:\/\/www.gaveanews.com\/wp-content\/uploads\/barca.webp","type":"image\/webp"}],"author":"Andr\u00e9 Serra","twitter_card":"summary_large_image","twitter_misc":{"Escrito por":"Andr\u00e9 Serra","Est. tempo de leitura":"3 minutos"},"schema":{"@context":"https:\/\/schema.org","@graph":[{"@type":"NewsArticle","@id":"https:\/\/www.gaveanews.com\/index.php\/2025\/04\/11\/barcelona-x-borussia-dortmund-a-declaracao-de-hansi-flick\/#article","isPartOf":{"@id":"https:\/\/www.gaveanews.com\/index.php\/2025\/04\/11\/barcelona-x-borussia-dortmund-a-declaracao-de-hansi-flick\/"},"author":{"name":"Andr\u00e9 Serra","@id":"https:\/\/www.gaveanews.com\/#\/schema\/person\/0277a79a1289c451c281ec0411d84f0c"},"headline":"Barcelona x Borussia Dortmund: a declara\u00e7\u00e3o de Hansi Flick","datePublished":"2025-04-11T15:45:45+00:00","mainEntityOfPage":{"@id":"https:\/\/www.gaveanews.com\/index.php\/2025\/04\/11\/barcelona-x-borussia-dortmund-a-declaracao-de-hansi-flick\/"},"wordCount":356,"commentCount":0,"image":{"@id":"https:\/\/www.gaveanews.com\/index.php\/2025\/04\/11\/barcelona-x-borussia-dortmund-a-declaracao-de-hansi-flick\/#primaryimage"},"thumbnailUrl":"https:\/\/www.gaveanews.com\/wp-content\/uploads\/barca.webp","articleSection":["Barcelona","Borussia Dortmund"],"inLanguage":"pt-BR","potentialAction":[{"@type":"CommentAction","name":"Comment","target":["https:\/\/www.gaveanews.com\/index.php\/2025\/04\/11\/barcelona-x-borussia-dortmund-a-declaracao-de-hansi-flick\/#respond"]}],"copyrightYear":"2025","copyrightHolder":{"@id":"https:\/\/www.gaveanews.com\/#organization"}},{"@type":"WebPage","@id":"https:\/\/www.gaveanews.com\/index.php\/2025\/04\/11\/barcelona-x-borussia-dortmund-a-declaracao-de-hansi-flick\/","url":"https:\/\/www.gaveanews.com\/index.php\/2025\/04\/11\/barcelona-x-borussia-dortmund-a-declaracao-de-hansi-flick\/","name":"Barcelona x Borussia Dortmund: a declara\u00e7\u00e3o de Hansi Flick","isPartOf":{"@id":"https:\/\/www.gaveanews.com\/#website"},"primaryImageOfPage":{"@id":"https:\/\/www.gaveanews.com\/index.php\/2025\/04\/11\/barcelona-x-borussia-dortmund-a-declaracao-de-hansi-flick\/#primaryimage"},"image":{"@id":"https:\/\/www.gaveanews.com\/index.php\/2025\/04\/11\/barcelona-x-borussia-dortmund-a-declaracao-de-hansi-flick\/#primaryimage"},"thumbnailUrl":"https:\/\/www.gaveanews.com\/wp-content\/uploads\/barca.webp","datePublished":"2025-04-11T15:45:45+00:00","author":{"@id":"https:\/\/www.gaveanews.com\/#\/schema\/person\/0277a79a1289c451c281ec0411d84f0c"},"breadcrumb":{"@id":"https:\/\/www.gaveanews.com\/index.php\/2025\/04\/11\/barcelona-x-borussia-dortmund-a-declaracao-de-hansi-flick\/#breadcrumb"},"inLanguage":"pt-BR","potentialAction":[{"@type":"ReadAction","target":["https:\/\/www.gaveanews.com\/index.php\/2025\/04\/11\/barcelona-x-borussia-dortmund-a-declaracao-de-hansi-flick\/"]}]},{"@type":"ImageObject","inLanguage":"pt-BR","@id":"https:\/\/www.gaveanews.com\/index.php\/2025\/04\/11\/barcelona-x-borussia-dortmund-a-declaracao-de-hansi-flick\/#primaryimage","url":"https:\/\/www.gaveanews.com\/wp-content\/uploads\/barca.webp","contentUrl":"https:\/\/www.gaveanews.com\/wp-content\/uploads\/barca.webp","width":1000,"height":658,"caption":"Escudo do Barcelona (Foto: Reprodu\u00e7\u00e3o)"},{"@type":"BreadcrumbList","@id":"https:\/\/www.gaveanews.com\/index.php\/2025\/04\/11\/barcelona-x-borussia-dortmund-a-declaracao-de-hansi-flick\/#breadcrumb","itemListElement":[{"@type":"ListItem","position":1,"name":"Home","item":"https:\/\/www.gaveanews.com\/"},{"@type":"ListItem","position":2,"name":"Barcelona x Borussia Dortmund: a declara\u00e7\u00e3o de Hansi Flick"}]},{"@type":"WebSite","@id":"https:\/\/www.gaveanews.com\/#website","url":"https:\/\/www.gaveanews.com\/","name":"G\u00e1vea News","description":"Veja todas as not\u00edcias sobre o Flamengo: Contrata\u00e7\u00f5es, categorias de base, resultados das partidas, tabela de classifica\u00e7\u00e3o, pr\u00f3ximos jogos!","potentialAction":[{"@type":"SearchAction","target":{"@type":"EntryPoint","urlTemplate":"https:\/\/www.gaveanews.com\/?s={search_term_string}"},"query-input":{"@type":"PropertyValueSpecification","valueRequired":true,"valueName":"search_term_string"}}],"inLanguage":"pt-BR"},{"@type":"Person","@id":"https:\/\/www.gaveanews.com\/#\/schema\/person\/0277a79a1289c451c281ec0411d84f0c","name":"Andr\u00e9 Serra","image":{"@type":"ImageObject","inLanguage":"pt-BR","@id":"https:\/\/www.gaveanews.com\/#\/schema\/person\/image\/","url":"https:\/\/secure.gravatar.com\/avatar\/d7231369fe48db93292b3e88eb2162dbd9a34a47a8437d9ef3bcaca2a86a83d7?s=96&d=mm&r=g","contentUrl":"https:\/\/secure.gravatar.com\/avatar\/d7231369fe48db93292b3e88eb2162dbd9a34a47a8437d9ef3bcaca2a86a83d7?s=96&d=mm&r=g","caption":"Andr\u00e9 Serra"}}]}},"_links":{"self":[{"href":"https:\/\/www.gaveanews.com\/index.php\/wp-json\/wp\/v2\/posts\/251832","targetHints":{"allow":["GET"]}}],"collection":[{"href":"https:\/\/www.gaveanews.com\/index.php\/wp-json\/wp\/v2\/posts"}],"about":[{"href":"https:\/\/www.gaveanews.com\/index.php\/wp-json\/wp\/v2\/types\/post"}],"author":[{"embeddable":true,"href":"https:\/\/www.gaveanews.com\/index.php\/wp-json\/wp\/v2\/users\/21"}],"replies":[{"embeddable":true,"href":"https:\/\/www.gaveanews.com\/index.php\/wp-json\/wp\/v2\/comments?post=251832"}],"version-history":[{"count":1,"href":"https:\/\/www.gaveanews.com\/index.php\/wp-json\/wp\/v2\/posts\/251832\/revisions"}],"predecessor-version":[{"id":251857,"href":"https:\/\/www.gaveanews.com\/index.php\/wp-json\/wp\/v2\/posts\/251832\/revisions\/251857"}],"wp:featuredmedia":[{"embeddable":true,"href":"https:\/\/www.gaveanews.com\/index.php\/wp-json\/wp\/v2\/media\/122108"}],"wp:attachment":[{"href":"https:\/\/www.gaveanews.com\/index.php\/wp-json\/wp\/v2\/media?parent=251832"}],"wp:term":[{"taxonomy":"category","embeddable":true,"href":"https:\/\/www.gaveanews.com\/index.php\/wp-json\/wp\/v2\/categories?post=251832"},{"taxonomy":"post_tag","embeddable":true,"href":"https:\/\/www.gaveanews.com\/index.php\/wp-json\/wp\/v2\/tags?post=251832"}],"curies":[{"name":"wp","href":"https:\/\/api.w.org\/{rel}","templated":true}]}}