{"id":251846,"date":"2025-04-11T03:00:00","date_gmt":"2025-04-11T06:00:00","guid":{"rendered":"https:\/\/www.gaveanews.com\/?p=251846"},"modified":"2025-04-10T18:59:09","modified_gmt":"2025-04-10T21:59:09","slug":"jogador-e-levado-ao-hospital-atitude-e-reprovada-e-declaracao-de-cicinho-as-ultimas-noticias-do-botafogo","status":"publish","type":"post","link":"https:\/\/www.gaveanews.com\/index.php\/2025\/04\/11\/jogador-e-levado-ao-hospital-atitude-e-reprovada-e-declaracao-de-cicinho-as-ultimas-noticias-do-botafogo\/","title":{"rendered":"Jogador \u00e9 levado ao hospital, atitude \u00e9 reprovada e declara\u00e7\u00e3o de Cicinho: as \u00faltimas not\u00edcias do Botafogo"},"content":{"rendered":"\n<p>Nas \u00faltimas horas, o foco das not\u00edcias sobre o Botafogo se concentram nos bastidores do clube, com destaques do dia a dia do time.<\/p>\n\n\n\n<p>Por conta deste contexto, leia abaixo um resumo preparado pela equipe do portal G\u00e1vea News para lhe manter muito bem informado!<\/p>\n\n\n\n<div class=\"wp-block-group\"><div class=\"wp-block-group__inner-container is-layout-constrained wp-block-group-is-layout-constrained\">\n<h2 class=\"wp-block-heading\" id=\"h-declaracao-de-cicinho\">Declara\u00e7\u00e3o de Cicinho<\/h2>\n\n\n\n<p>Durante sua participa\u00e7\u00e3o no programa <em>Jogo Aberto<\/em>, Cicinho elogiou de forma enf\u00e1tica o trabalho de Renato Paiva \u00e0 frente do Botafogo. Segundo o ex-jogador e atual comentarista do SBT, a equipe alvinegra se destaca como a mais bem treinada do Brasil no in\u00edcio da temporada, demonstrando uma organiza\u00e7\u00e3o t\u00e1tica superior e resultados consistentes. Cicinho ressaltou que o time tem potencial para engatar uma sequ\u00eancia positiva e empolgar os torcedores com atua\u00e7\u00f5es mais convincentes<strong><a href=\"https:\/\/www.gaveanews.com\/index.php\/2025\/04\/09\/a-declaracao-de-cicinho-direcionada-a-renato-paiva-do-botafogo\/\"> (leia a mat\u00e9ria completa).<\/a><\/strong><\/p>\n\n\n\n<figure class=\"wp-block-image size-full\"><img loading=\"lazy\" decoding=\"async\" width=\"941\" height=\"589\" src=\"http:\/\/www.gaveanews.com\/wp-content\/uploads\/20210810-cicinho-arena-sbt.webp\" alt=\"\" class=\"wp-image-215675\" srcset=\"https:\/\/www.gaveanews.com\/wp-content\/uploads\/20210810-cicinho-arena-sbt.webp 941w, https:\/\/www.gaveanews.com\/wp-content\/uploads\/20210810-cicinho-arena-sbt-300x188.webp 300w, https:\/\/www.gaveanews.com\/wp-content\/uploads\/20210810-cicinho-arena-sbt-768x481.webp 768w, https:\/\/www.gaveanews.com\/wp-content\/uploads\/20210810-cicinho-arena-sbt-671x420.webp 671w, https:\/\/www.gaveanews.com\/wp-content\/uploads\/20210810-cicinho-arena-sbt-640x401.webp 640w, https:\/\/www.gaveanews.com\/wp-content\/uploads\/20210810-cicinho-arena-sbt-681x426.webp 681w, https:\/\/www.gaveanews.com\/wp-content\/uploads\/20210810-cicinho-arena-sbt-100x63.webp 100w\" sizes=\"auto, (max-width: 941px) 100vw, 941px\" \/><figcaption class=\"wp-element-caption\">Cicinho, comentarista do SBT (Foto: Reprodu\u00e7\u00e3o)<\/figcaption><\/figure>\n\n\n\n<p>Apesar da expectativa de uma goleada contra o Carabobo, o confronto pela Libertadores foi mais equilibrado, mas terminou com vit\u00f3ria do Botafogo por 2 a 0. Os gols, marcados nos minutos finais por Patrick de Paula e Matheus Martins, garantiram os primeiros tr\u00eas pontos na fase de grupos. <\/p>\n\n\n\n<p>Com o resultado, o clube brasileiro segue firme na disputa pela classifica\u00e7\u00e3o, em um grupo liderado pela Universidad de Chile, que tem aproveitamento total ap\u00f3s duas rodadas.<\/p>\n\n\n\n<p>Cicinho tamb\u00e9m comentou sobre o cen\u00e1rio da sele\u00e7\u00e3o brasileira, especialmente a poss\u00edvel chegada de Carlo Ancelotti. Demonstrando ceticismo, afirmou que dificilmente o treinador italiano deixaria o Real Madrid para assumir o comando do Brasil. Segundo ele, nem mesmo uma sondagem oficial teria sido feita, refor\u00e7ando a ideia de que a CBF pode ter outras op\u00e7\u00f5es mais vi\u00e1veis no radar. A an\u00e1lise de Cicinho refor\u00e7a o tom realista e cr\u00edtico do comentarista sobre os bastidores do futebol nacional e internacional.<\/p>\n\n\n\n<h2 class=\"wp-block-heading\" id=\"h-atitude-e-reprovada\">Atitude \u00e9 reprovada<\/h2>\n\n\n\n<p>A vit\u00f3ria do Botafogo por 2 a 0 sobre o Carabobo, pela fase de grupos da Libertadores 2025, foi marcada por pol\u00eamicas extracampo, sobretudo em torno da comemora\u00e7\u00e3o de Matheus Martins. O atacante, que marcou o segundo gol j\u00e1 nos acr\u00e9scimos, tirou a camisa em celebra\u00e7\u00e3o, o que resultou em cart\u00e3o amarelo e cr\u00edticas nas redes sociais. O jornalista Victor Canedo ironizou a atitude, questionando sua adequa\u00e7\u00e3o ao contexto da partida, vencida sem grandes dificuldades<strong><a href=\"https:\/\/www.gaveanews.com\/index.php\/2025\/04\/09\/jornalista-reprova-atitude-de-matheus-martins-do-botafogo\/\"> (leia a mat\u00e9ria completa).<\/a><\/strong><\/p>\n\n\n\n<figure class=\"wp-block-image size-full\"><img loading=\"lazy\" decoding=\"async\" width=\"1024\" height=\"683\" src=\"http:\/\/www.gaveanews.com\/wp-content\/uploads\/Matheus-Martins-em-acao-pelo-Botafogo.webp\" alt=\"\" class=\"wp-image-161514\" srcset=\"https:\/\/www.gaveanews.com\/wp-content\/uploads\/Matheus-Martins-em-acao-pelo-Botafogo.webp 1024w, https:\/\/www.gaveanews.com\/wp-content\/uploads\/Matheus-Martins-em-acao-pelo-Botafogo-300x200.webp 300w, https:\/\/www.gaveanews.com\/wp-content\/uploads\/Matheus-Martins-em-acao-pelo-Botafogo-768x512.webp 768w, https:\/\/www.gaveanews.com\/wp-content\/uploads\/Matheus-Martins-em-acao-pelo-Botafogo-630x420.webp 630w, https:\/\/www.gaveanews.com\/wp-content\/uploads\/Matheus-Martins-em-acao-pelo-Botafogo-640x427.webp 640w, https:\/\/www.gaveanews.com\/wp-content\/uploads\/Matheus-Martins-em-acao-pelo-Botafogo-681x454.webp 681w, https:\/\/www.gaveanews.com\/wp-content\/uploads\/Matheus-Martins-em-acao-pelo-Botafogo-1022x683.webp 1022w, https:\/\/www.gaveanews.com\/wp-content\/uploads\/Matheus-Martins-em-acao-pelo-Botafogo-100x67.webp 100w\" sizes=\"auto, (max-width: 1024px) 100vw, 1024px\" \/><figcaption class=\"wp-element-caption\">Matheus Martins em a\u00e7\u00e3o pelo Botafogo (Foto: V\u00edtor Silva\/Botafogo)<\/figcaption><\/figure>\n\n\n\n<p>No campo, o time de Renato Paiva demonstrou dom\u00ednio da posse de bola, mas sofreu com a baixa efici\u00eancia no ataque. As principais chances desperdi\u00e7adas, especialmente por Sant\u00ed Rodr\u00edguez e Mastriani, geraram frustra\u00e7\u00e3o na arquibancada. No segundo tempo, o Botafogo voltou com maior \u00edmpeto ofensivo, mas ainda com dificuldades para converter o controle em gols. Um lance preocupante envolveu o zagueiro Neira, do Carabobo, que precisou deixar o gramado de ambul\u00e2ncia ap\u00f3s choque com Mastriani.<\/p>\n\n\n\n<p>O al\u00edvio veio apenas nos minutos finais da partida. Patrick de Paula abriu o placar em cobran\u00e7a de falta desviada e, logo ap\u00f3s, Matheus Martins selou o resultado. Apesar da vit\u00f3ria e dos tr\u00eas pontos conquistados, a atua\u00e7\u00e3o inconsistente e o comportamento do camisa 11 alimentaram o debate entre torcedores e comentaristas. O clube agora busca manter o foco nas pr\u00f3ximas rodadas da competi\u00e7\u00e3o continental, tentando equilibrar resultado e desempenho.<\/p>\n\n\n\n<h2 class=\"wp-block-heading\" id=\"h-jogador-e-levado-ao-hospital\">Jogador \u00e9 levado ao hospital<\/h2>\n\n\n\n<p>A partida entre Botafogo e Carabobo pela fase de grupos da Libertadores 2025 ficou marcada por um momento alarmante. No in\u00edcio do segundo tempo, o zagueiro Ezequiel Neira, do time venezuelano, sofreu um forte choque de cabe\u00e7a com o atacante Gonzalo Mastriani e caiu desacordado no gramado do Est\u00e1dio Nilton Santos. O impacto causou sangramento e exigiu atendimento m\u00e9dico imediato, com Neira sendo levado de ambul\u00e2ncia a um hospital na Barra da Tijuca. Felizmente, o defensor encontra-se consciente e seu estado de sa\u00fade \u00e9 considerado est\u00e1vel <strong><a href=\"https:\/\/www.gaveanews.com\/index.php\/2025\/04\/09\/adversario-do-botafogo-e-levado-para-o-hospital-apos-choque-de-cabeca\/\">(leia a mat\u00e9ria completa).<\/a><\/strong><\/p>\n\n\n\n<figure class=\"wp-block-image size-full\"><img loading=\"lazy\" decoding=\"async\" width=\"787\" height=\"525\" src=\"http:\/\/www.gaveanews.com\/wp-content\/uploads\/Escudo-do-Botafogo-1.webp\" alt=\"\" class=\"wp-image-182060\" srcset=\"https:\/\/www.gaveanews.com\/wp-content\/uploads\/Escudo-do-Botafogo-1.webp 787w, https:\/\/www.gaveanews.com\/wp-content\/uploads\/Escudo-do-Botafogo-1-300x200.webp 300w, https:\/\/www.gaveanews.com\/wp-content\/uploads\/Escudo-do-Botafogo-1-768x512.webp 768w, https:\/\/www.gaveanews.com\/wp-content\/uploads\/Escudo-do-Botafogo-1-630x420.webp 630w, https:\/\/www.gaveanews.com\/wp-content\/uploads\/Escudo-do-Botafogo-1-640x427.webp 640w, https:\/\/www.gaveanews.com\/wp-content\/uploads\/Escudo-do-Botafogo-1-681x454.webp 681w, https:\/\/www.gaveanews.com\/wp-content\/uploads\/Escudo-do-Botafogo-1-100x67.webp 100w\" sizes=\"auto, (max-width: 787px) 100vw, 787px\" \/><figcaption class=\"wp-element-caption\">Escudo do Botafogo (Foto: Reprodu\u00e7\u00e3o\/Botafogo)<\/figcaption><\/figure>\n\n\n\n<p>A colis\u00e3o gerou apreens\u00e3o entre os presentes no est\u00e1dio e tamb\u00e9m nas redes sociais. A assessoria do Carabobo confirmou que o jogador passar\u00e1 a noite sob observa\u00e7\u00e3o como medida de precau\u00e7\u00e3o. A gravidade inicial da cena contrastou com o al\u00edvio posterior ao saber que o quadro cl\u00ednico do atleta n\u00e3o era grave. A situa\u00e7\u00e3o evidencia a import\u00e2ncia de protocolos r\u00e1pidos de emerg\u00eancia em casos de traumatismo craniano no futebol profissional.<\/p>\n\n\n\n<p>Apesar do incidente, a partida prosseguiu e terminou com vit\u00f3ria do Botafogo por 2 a 0, marcando os primeiros pontos do clube na competi\u00e7\u00e3o. Os gols foram anotados nos minutos finais por Patrick de Paula e Matheus Martins. A vit\u00f3ria mant\u00e9m o Glorioso com chances reais de classifica\u00e7\u00e3o, enquanto o Carabobo segue sem pontuar. Al\u00e9m disso, o gesto de solidariedade de jogadores e torcedores ao zagueiro advers\u00e1rio refor\u00e7ou o esp\u00edrito esportivo em um momento de preocupa\u00e7\u00e3o.<\/p>\n<\/div><\/div>\n","protected":false},"excerpt":{"rendered":"<p>Nas \u00faltimas horas, o foco das not\u00edcias sobre o Botafogo se concentram nos bastidores do clube, com destaques do dia a dia do time. Por conta deste contexto, leia abaixo um resumo preparado pela equipe do portal G\u00e1vea News para lhe manter muito bem informado! Declara\u00e7\u00e3o de Cicinho Durante sua participa\u00e7\u00e3o no programa Jogo Aberto, [&hellip;]<\/p>\n","protected":false},"author":33,"featured_media":158965,"comment_status":"open","ping_status":"closed","sticky":false,"template":"","format":"standard","meta":{"footnotes":""},"categories":[138],"tags":[],"class_list":["post-251846","post","type-post","status-publish","format-standard","has-post-thumbnail","hentry","category-botafogo"],"yoast_head":"<!-- This site is optimized with the Yoast SEO Premium plugin v24.2 (Yoast SEO v26.9) - https:\/\/yoast.com\/product\/yoast-seo-premium-wordpress\/ -->\n<title>Jogador \u00e9 levado ao hospital, atitude \u00e9 reprovada e declara\u00e7\u00e3o de Cicinho: as \u00faltimas not\u00edcias do Botafogo<\/title>\n<meta name=\"robots\" content=\"index, follow, max-snippet:-1, max-image-preview:large, max-video-preview:-1\" \/>\n<link rel=\"canonical\" href=\"https:\/\/www.gaveanews.com\/index.php\/2025\/04\/11\/jogador-e-levado-ao-hospital-atitude-e-reprovada-e-declaracao-de-cicinho-as-ultimas-noticias-do-botafogo\/\" \/>\n<meta property=\"og:locale\" content=\"pt_BR\" \/>\n<meta property=\"og:type\" content=\"article\" \/>\n<meta property=\"og:title\" content=\"Jogador \u00e9 levado ao hospital, atitude \u00e9 reprovada e declara\u00e7\u00e3o de Cicinho: as \u00faltimas not\u00edcias do Botafogo\" \/>\n<meta property=\"og:description\" content=\"Nas \u00faltimas horas, o foco das not\u00edcias sobre o Botafogo se concentram nos bastidores do clube, com destaques do dia a dia do time. Por conta deste contexto, leia abaixo um resumo preparado pela equipe do portal G\u00e1vea News para lhe manter muito bem informado! Declara\u00e7\u00e3o de Cicinho Durante sua participa\u00e7\u00e3o no programa Jogo Aberto, [&hellip;]\" \/>\n<meta property=\"og:url\" content=\"https:\/\/www.gaveanews.com\/index.php\/2025\/04\/11\/jogador-e-levado-ao-hospital-atitude-e-reprovada-e-declaracao-de-cicinho-as-ultimas-noticias-do-botafogo\/\" \/>\n<meta property=\"og:site_name\" content=\"G\u00e1vea News\" \/>\n<meta property=\"article:publisher\" content=\"https:\/\/facebook.com\/gaveaNews\/\" \/>\n<meta property=\"article:published_time\" content=\"2025-04-11T06:00:00+00:00\" \/>\n<meta property=\"og:image\" content=\"https:\/\/www.gaveanews.com\/wp-content\/uploads\/53924402764_6b4493792f_o-e1723743312178.webp\" \/>\n\t<meta property=\"og:image:width\" content=\"1220\" \/>\n\t<meta property=\"og:image:height\" content=\"674\" \/>\n\t<meta property=\"og:image:type\" content=\"image\/webp\" \/>\n<meta name=\"author\" content=\"Brenda Cezillo\" \/>\n<meta name=\"twitter:card\" content=\"summary_large_image\" \/>\n<meta name=\"twitter:label1\" content=\"Escrito por\" \/>\n\t<meta name=\"twitter:data1\" content=\"Brenda Cezillo\" \/>\n\t<meta name=\"twitter:label2\" content=\"Est. tempo de leitura\" \/>\n\t<meta name=\"twitter:data2\" content=\"6 minutos\" \/>\n<script type=\"application\/ld+json\" class=\"yoast-schema-graph\">{\"@context\":\"https:\/\/schema.org\",\"@graph\":[{\"@type\":\"NewsArticle\",\"@id\":\"https:\/\/www.gaveanews.com\/index.php\/2025\/04\/11\/jogador-e-levado-ao-hospital-atitude-e-reprovada-e-declaracao-de-cicinho-as-ultimas-noticias-do-botafogo\/#article\",\"isPartOf\":{\"@id\":\"https:\/\/www.gaveanews.com\/index.php\/2025\/04\/11\/jogador-e-levado-ao-hospital-atitude-e-reprovada-e-declaracao-de-cicinho-as-ultimas-noticias-do-botafogo\/\"},\"author\":{\"name\":\"Brenda Cezillo\",\"@id\":\"https:\/\/www.gaveanews.com\/#\/schema\/person\/c79759ca337c40791ae8d08e2923d403\"},\"headline\":\"Jogador \u00e9 levado ao hospital, atitude \u00e9 reprovada e declara\u00e7\u00e3o de Cicinho: as \u00faltimas not\u00edcias do Botafogo\",\"datePublished\":\"2025-04-11T06:00:00+00:00\",\"mainEntityOfPage\":{\"@id\":\"https:\/\/www.gaveanews.com\/index.php\/2025\/04\/11\/jogador-e-levado-ao-hospital-atitude-e-reprovada-e-declaracao-de-cicinho-as-ultimas-noticias-do-botafogo\/\"},\"wordCount\":857,\"commentCount\":0,\"image\":{\"@id\":\"https:\/\/www.gaveanews.com\/index.php\/2025\/04\/11\/jogador-e-levado-ao-hospital-atitude-e-reprovada-e-declaracao-de-cicinho-as-ultimas-noticias-do-botafogo\/#primaryimage\"},\"thumbnailUrl\":\"https:\/\/www.gaveanews.com\/wp-content\/uploads\/53924402764_6b4493792f_o-e1723743312178.webp\",\"articleSection\":[\"Botafogo\"],\"inLanguage\":\"pt-BR\",\"potentialAction\":[{\"@type\":\"CommentAction\",\"name\":\"Comment\",\"target\":[\"https:\/\/www.gaveanews.com\/index.php\/2025\/04\/11\/jogador-e-levado-ao-hospital-atitude-e-reprovada-e-declaracao-de-cicinho-as-ultimas-noticias-do-botafogo\/#respond\"]}],\"copyrightYear\":\"2025\",\"copyrightHolder\":{\"@id\":\"https:\/\/www.gaveanews.com\/#organization\"}},{\"@type\":\"WebPage\",\"@id\":\"https:\/\/www.gaveanews.com\/index.php\/2025\/04\/11\/jogador-e-levado-ao-hospital-atitude-e-reprovada-e-declaracao-de-cicinho-as-ultimas-noticias-do-botafogo\/\",\"url\":\"https:\/\/www.gaveanews.com\/index.php\/2025\/04\/11\/jogador-e-levado-ao-hospital-atitude-e-reprovada-e-declaracao-de-cicinho-as-ultimas-noticias-do-botafogo\/\",\"name\":\"Jogador \u00e9 levado ao hospital, atitude \u00e9 reprovada e declara\u00e7\u00e3o de Cicinho: as \u00faltimas not\u00edcias do Botafogo\",\"isPartOf\":{\"@id\":\"https:\/\/www.gaveanews.com\/#website\"},\"primaryImageOfPage\":{\"@id\":\"https:\/\/www.gaveanews.com\/index.php\/2025\/04\/11\/jogador-e-levado-ao-hospital-atitude-e-reprovada-e-declaracao-de-cicinho-as-ultimas-noticias-do-botafogo\/#primaryimage\"},\"image\":{\"@id\":\"https:\/\/www.gaveanews.com\/index.php\/2025\/04\/11\/jogador-e-levado-ao-hospital-atitude-e-reprovada-e-declaracao-de-cicinho-as-ultimas-noticias-do-botafogo\/#primaryimage\"},\"thumbnailUrl\":\"https:\/\/www.gaveanews.com\/wp-content\/uploads\/53924402764_6b4493792f_o-e1723743312178.webp\",\"datePublished\":\"2025-04-11T06:00:00+00:00\",\"author\":{\"@id\":\"https:\/\/www.gaveanews.com\/#\/schema\/person\/c79759ca337c40791ae8d08e2923d403\"},\"breadcrumb\":{\"@id\":\"https:\/\/www.gaveanews.com\/index.php\/2025\/04\/11\/jogador-e-levado-ao-hospital-atitude-e-reprovada-e-declaracao-de-cicinho-as-ultimas-noticias-do-botafogo\/#breadcrumb\"},\"inLanguage\":\"pt-BR\",\"potentialAction\":[{\"@type\":\"ReadAction\",\"target\":[\"https:\/\/www.gaveanews.com\/index.php\/2025\/04\/11\/jogador-e-levado-ao-hospital-atitude-e-reprovada-e-declaracao-de-cicinho-as-ultimas-noticias-do-botafogo\/\"]}]},{\"@type\":\"ImageObject\",\"inLanguage\":\"pt-BR\",\"@id\":\"https:\/\/www.gaveanews.com\/index.php\/2025\/04\/11\/jogador-e-levado-ao-hospital-atitude-e-reprovada-e-declaracao-de-cicinho-as-ultimas-noticias-do-botafogo\/#primaryimage\",\"url\":\"https:\/\/www.gaveanews.com\/wp-content\/uploads\/53924402764_6b4493792f_o-e1723743312178.webp\",\"contentUrl\":\"https:\/\/www.gaveanews.com\/wp-content\/uploads\/53924402764_6b4493792f_o-e1723743312178.webp\",\"width\":1220,\"height\":674,\"caption\":\"Torcida do Botafogo no jogo contra o Palmeiras pela Libertadores - Foto: Botafogo\/Flickr\"},{\"@type\":\"BreadcrumbList\",\"@id\":\"https:\/\/www.gaveanews.com\/index.php\/2025\/04\/11\/jogador-e-levado-ao-hospital-atitude-e-reprovada-e-declaracao-de-cicinho-as-ultimas-noticias-do-botafogo\/#breadcrumb\",\"itemListElement\":[{\"@type\":\"ListItem\",\"position\":1,\"name\":\"Home\",\"item\":\"https:\/\/www.gaveanews.com\/\"},{\"@type\":\"ListItem\",\"position\":2,\"name\":\"Jogador \u00e9 levado ao hospital, atitude \u00e9 reprovada e declara\u00e7\u00e3o de Cicinho: as \u00faltimas not\u00edcias do Botafogo\"}]},{\"@type\":\"WebSite\",\"@id\":\"https:\/\/www.gaveanews.com\/#website\",\"url\":\"https:\/\/www.gaveanews.com\/\",\"name\":\"G\u00e1vea News\",\"description\":\"Veja todas as not\u00edcias sobre o Flamengo: Contrata\u00e7\u00f5es, categorias de base, resultados das partidas, tabela de classifica\u00e7\u00e3o, pr\u00f3ximos jogos!\",\"potentialAction\":[{\"@type\":\"SearchAction\",\"target\":{\"@type\":\"EntryPoint\",\"urlTemplate\":\"https:\/\/www.gaveanews.com\/?s={search_term_string}\"},\"query-input\":{\"@type\":\"PropertyValueSpecification\",\"valueRequired\":true,\"valueName\":\"search_term_string\"}}],\"inLanguage\":\"pt-BR\"},{\"@type\":\"Person\",\"@id\":\"https:\/\/www.gaveanews.com\/#\/schema\/person\/c79759ca337c40791ae8d08e2923d403\",\"name\":\"Brenda Cezillo\",\"image\":{\"@type\":\"ImageObject\",\"inLanguage\":\"pt-BR\",\"@id\":\"https:\/\/www.gaveanews.com\/#\/schema\/person\/image\/\",\"url\":\"https:\/\/secure.gravatar.com\/avatar\/1738d75cee7317f9c29ae61dd67620c5883d80a92e42a6fff88ae5d527af217a?s=96&d=mm&r=g\",\"contentUrl\":\"https:\/\/secure.gravatar.com\/avatar\/1738d75cee7317f9c29ae61dd67620c5883d80a92e42a6fff88ae5d527af217a?s=96&d=mm&r=g\",\"caption\":\"Brenda Cezillo\"}}]}<\/script>\n<!-- \/ Yoast SEO Premium plugin. -->","yoast_head_json":{"title":"Jogador \u00e9 levado ao hospital, atitude \u00e9 reprovada e declara\u00e7\u00e3o de Cicinho: as \u00faltimas not\u00edcias do Botafogo","robots":{"index":"index","follow":"follow","max-snippet":"max-snippet:-1","max-image-preview":"max-image-preview:large","max-video-preview":"max-video-preview:-1"},"canonical":"https:\/\/www.gaveanews.com\/index.php\/2025\/04\/11\/jogador-e-levado-ao-hospital-atitude-e-reprovada-e-declaracao-de-cicinho-as-ultimas-noticias-do-botafogo\/","og_locale":"pt_BR","og_type":"article","og_title":"Jogador \u00e9 levado ao hospital, atitude \u00e9 reprovada e declara\u00e7\u00e3o de Cicinho: as \u00faltimas not\u00edcias do Botafogo","og_description":"Nas \u00faltimas horas, o foco das not\u00edcias sobre o Botafogo se concentram nos bastidores do clube, com destaques do dia a dia do time. Por conta deste contexto, leia abaixo um resumo preparado pela equipe do portal G\u00e1vea News para lhe manter muito bem informado! Declara\u00e7\u00e3o de Cicinho Durante sua participa\u00e7\u00e3o no programa Jogo Aberto, [&hellip;]","og_url":"https:\/\/www.gaveanews.com\/index.php\/2025\/04\/11\/jogador-e-levado-ao-hospital-atitude-e-reprovada-e-declaracao-de-cicinho-as-ultimas-noticias-do-botafogo\/","og_site_name":"G\u00e1vea News","article_publisher":"https:\/\/facebook.com\/gaveaNews\/","article_published_time":"2025-04-11T06:00:00+00:00","og_image":[{"width":1220,"height":674,"url":"https:\/\/www.gaveanews.com\/wp-content\/uploads\/53924402764_6b4493792f_o-e1723743312178.webp","type":"image\/webp"}],"author":"Brenda Cezillo","twitter_card":"summary_large_image","twitter_misc":{"Escrito por":"Brenda Cezillo","Est. tempo de leitura":"6 minutos"},"schema":{"@context":"https:\/\/schema.org","@graph":[{"@type":"NewsArticle","@id":"https:\/\/www.gaveanews.com\/index.php\/2025\/04\/11\/jogador-e-levado-ao-hospital-atitude-e-reprovada-e-declaracao-de-cicinho-as-ultimas-noticias-do-botafogo\/#article","isPartOf":{"@id":"https:\/\/www.gaveanews.com\/index.php\/2025\/04\/11\/jogador-e-levado-ao-hospital-atitude-e-reprovada-e-declaracao-de-cicinho-as-ultimas-noticias-do-botafogo\/"},"author":{"name":"Brenda Cezillo","@id":"https:\/\/www.gaveanews.com\/#\/schema\/person\/c79759ca337c40791ae8d08e2923d403"},"headline":"Jogador \u00e9 levado ao hospital, atitude \u00e9 reprovada e declara\u00e7\u00e3o de Cicinho: as \u00faltimas not\u00edcias do Botafogo","datePublished":"2025-04-11T06:00:00+00:00","mainEntityOfPage":{"@id":"https:\/\/www.gaveanews.com\/index.php\/2025\/04\/11\/jogador-e-levado-ao-hospital-atitude-e-reprovada-e-declaracao-de-cicinho-as-ultimas-noticias-do-botafogo\/"},"wordCount":857,"commentCount":0,"image":{"@id":"https:\/\/www.gaveanews.com\/index.php\/2025\/04\/11\/jogador-e-levado-ao-hospital-atitude-e-reprovada-e-declaracao-de-cicinho-as-ultimas-noticias-do-botafogo\/#primaryimage"},"thumbnailUrl":"https:\/\/www.gaveanews.com\/wp-content\/uploads\/53924402764_6b4493792f_o-e1723743312178.webp","articleSection":["Botafogo"],"inLanguage":"pt-BR","potentialAction":[{"@type":"CommentAction","name":"Comment","target":["https:\/\/www.gaveanews.com\/index.php\/2025\/04\/11\/jogador-e-levado-ao-hospital-atitude-e-reprovada-e-declaracao-de-cicinho-as-ultimas-noticias-do-botafogo\/#respond"]}],"copyrightYear":"2025","copyrightHolder":{"@id":"https:\/\/www.gaveanews.com\/#organization"}},{"@type":"WebPage","@id":"https:\/\/www.gaveanews.com\/index.php\/2025\/04\/11\/jogador-e-levado-ao-hospital-atitude-e-reprovada-e-declaracao-de-cicinho-as-ultimas-noticias-do-botafogo\/","url":"https:\/\/www.gaveanews.com\/index.php\/2025\/04\/11\/jogador-e-levado-ao-hospital-atitude-e-reprovada-e-declaracao-de-cicinho-as-ultimas-noticias-do-botafogo\/","name":"Jogador \u00e9 levado ao hospital, atitude \u00e9 reprovada e declara\u00e7\u00e3o de Cicinho: as \u00faltimas not\u00edcias do Botafogo","isPartOf":{"@id":"https:\/\/www.gaveanews.com\/#website"},"primaryImageOfPage":{"@id":"https:\/\/www.gaveanews.com\/index.php\/2025\/04\/11\/jogador-e-levado-ao-hospital-atitude-e-reprovada-e-declaracao-de-cicinho-as-ultimas-noticias-do-botafogo\/#primaryimage"},"image":{"@id":"https:\/\/www.gaveanews.com\/index.php\/2025\/04\/11\/jogador-e-levado-ao-hospital-atitude-e-reprovada-e-declaracao-de-cicinho-as-ultimas-noticias-do-botafogo\/#primaryimage"},"thumbnailUrl":"https:\/\/www.gaveanews.com\/wp-content\/uploads\/53924402764_6b4493792f_o-e1723743312178.webp","datePublished":"2025-04-11T06:00:00+00:00","author":{"@id":"https:\/\/www.gaveanews.com\/#\/schema\/person\/c79759ca337c40791ae8d08e2923d403"},"breadcrumb":{"@id":"https:\/\/www.gaveanews.com\/index.php\/2025\/04\/11\/jogador-e-levado-ao-hospital-atitude-e-reprovada-e-declaracao-de-cicinho-as-ultimas-noticias-do-botafogo\/#breadcrumb"},"inLanguage":"pt-BR","potentialAction":[{"@type":"ReadAction","target":["https:\/\/www.gaveanews.com\/index.php\/2025\/04\/11\/jogador-e-levado-ao-hospital-atitude-e-reprovada-e-declaracao-de-cicinho-as-ultimas-noticias-do-botafogo\/"]}]},{"@type":"ImageObject","inLanguage":"pt-BR","@id":"https:\/\/www.gaveanews.com\/index.php\/2025\/04\/11\/jogador-e-levado-ao-hospital-atitude-e-reprovada-e-declaracao-de-cicinho-as-ultimas-noticias-do-botafogo\/#primaryimage","url":"https:\/\/www.gaveanews.com\/wp-content\/uploads\/53924402764_6b4493792f_o-e1723743312178.webp","contentUrl":"https:\/\/www.gaveanews.com\/wp-content\/uploads\/53924402764_6b4493792f_o-e1723743312178.webp","width":1220,"height":674,"caption":"Torcida do Botafogo no jogo contra o Palmeiras pela Libertadores - Foto: Botafogo\/Flickr"},{"@type":"BreadcrumbList","@id":"https:\/\/www.gaveanews.com\/index.php\/2025\/04\/11\/jogador-e-levado-ao-hospital-atitude-e-reprovada-e-declaracao-de-cicinho-as-ultimas-noticias-do-botafogo\/#breadcrumb","itemListElement":[{"@type":"ListItem","position":1,"name":"Home","item":"https:\/\/www.gaveanews.com\/"},{"@type":"ListItem","position":2,"name":"Jogador \u00e9 levado ao hospital, atitude \u00e9 reprovada e declara\u00e7\u00e3o de Cicinho: as \u00faltimas not\u00edcias do Botafogo"}]},{"@type":"WebSite","@id":"https:\/\/www.gaveanews.com\/#website","url":"https:\/\/www.gaveanews.com\/","name":"G\u00e1vea News","description":"Veja todas as not\u00edcias sobre o Flamengo: Contrata\u00e7\u00f5es, categorias de base, resultados das partidas, tabela de classifica\u00e7\u00e3o, pr\u00f3ximos jogos!","potentialAction":[{"@type":"SearchAction","target":{"@type":"EntryPoint","urlTemplate":"https:\/\/www.gaveanews.com\/?s={search_term_string}"},"query-input":{"@type":"PropertyValueSpecification","valueRequired":true,"valueName":"search_term_string"}}],"inLanguage":"pt-BR"},{"@type":"Person","@id":"https:\/\/www.gaveanews.com\/#\/schema\/person\/c79759ca337c40791ae8d08e2923d403","name":"Brenda Cezillo","image":{"@type":"ImageObject","inLanguage":"pt-BR","@id":"https:\/\/www.gaveanews.com\/#\/schema\/person\/image\/","url":"https:\/\/secure.gravatar.com\/avatar\/1738d75cee7317f9c29ae61dd67620c5883d80a92e42a6fff88ae5d527af217a?s=96&d=mm&r=g","contentUrl":"https:\/\/secure.gravatar.com\/avatar\/1738d75cee7317f9c29ae61dd67620c5883d80a92e42a6fff88ae5d527af217a?s=96&d=mm&r=g","caption":"Brenda Cezillo"}}]}},"_links":{"self":[{"href":"https:\/\/www.gaveanews.com\/index.php\/wp-json\/wp\/v2\/posts\/251846","targetHints":{"allow":["GET"]}}],"collection":[{"href":"https:\/\/www.gaveanews.com\/index.php\/wp-json\/wp\/v2\/posts"}],"about":[{"href":"https:\/\/www.gaveanews.com\/index.php\/wp-json\/wp\/v2\/types\/post"}],"author":[{"embeddable":true,"href":"https:\/\/www.gaveanews.com\/index.php\/wp-json\/wp\/v2\/users\/33"}],"replies":[{"embeddable":true,"href":"https:\/\/www.gaveanews.com\/index.php\/wp-json\/wp\/v2\/comments?post=251846"}],"version-history":[{"count":1,"href":"https:\/\/www.gaveanews.com\/index.php\/wp-json\/wp\/v2\/posts\/251846\/revisions"}],"predecessor-version":[{"id":251971,"href":"https:\/\/www.gaveanews.com\/index.php\/wp-json\/wp\/v2\/posts\/251846\/revisions\/251971"}],"wp:featuredmedia":[{"embeddable":true,"href":"https:\/\/www.gaveanews.com\/index.php\/wp-json\/wp\/v2\/media\/158965"}],"wp:attachment":[{"href":"https:\/\/www.gaveanews.com\/index.php\/wp-json\/wp\/v2\/media?parent=251846"}],"wp:term":[{"taxonomy":"category","embeddable":true,"href":"https:\/\/www.gaveanews.com\/index.php\/wp-json\/wp\/v2\/categories?post=251846"},{"taxonomy":"post_tag","embeddable":true,"href":"https:\/\/www.gaveanews.com\/index.php\/wp-json\/wp\/v2\/tags?post=251846"}],"curies":[{"name":"wp","href":"https:\/\/api.w.org\/{rel}","templated":true}]}}