{"id":251859,"date":"2025-04-10T12:50:20","date_gmt":"2025-04-10T15:50:20","guid":{"rendered":"https:\/\/www.gaveanews.com\/?p=251859"},"modified":"2025-04-11T11:48:06","modified_gmt":"2025-04-11T14:48:06","slug":"a-declaracao-de-pedro-do-flamengo-direcionada-a-hulk-do-atletico-mg","status":"publish","type":"post","link":"https:\/\/www.gaveanews.com\/index.php\/2025\/04\/10\/a-declaracao-de-pedro-do-flamengo-direcionada-a-hulk-do-atletico-mg\/","title":{"rendered":"A declara\u00e7\u00e3o de Pedro, do Flamengo, direcionada \u00e0 Hulk, do Atl\u00e9tico-MG"},"content":{"rendered":"\n<h2 class=\"wp-block-heading\" id=\"h-e-um-atacante-que-teve-uma-passagem-muito-boa-pela-europa\">&#8220;\u00c9 um atacante que teve uma passagem muito boa pela Europa&#8221;<\/h2>\n\n\n\n<p>Ao ser perguntado sobre o melhor jogador do futebol brasileiro, o atacante Pedro, do Flamengo, elegeu Hulk, do Atl\u00e9tico-MG, como o grande destaque. Ap\u00f3s se recuperar de uma ruptura do ligamento cruzado anterior do joelho esquerdo, o atacante flamenguista voltou aos gramados na noite da \u00faltima quarta-feira (9). <\/p>\n\n\n\n<p>\u201cEu acredito que o Hulk. \u00c9 um atacante que teve uma passagem muito boa pela Europa tamb\u00e9m. Eu era novo, acompanhava o futebol e via o Hulk l\u00e1 na Europa\u201d, disse o camisa 9, ap\u00f3s a\u00a0derrota do Flamengo por 2 a 1 para o Central C\u00f3rdoba, da Argentina, pela segunda rodada do Grupo C da Libertadores, no Est\u00e1dio Maracan\u00e3.<\/p>\n\n\n\n<p>Apesar da rivalidade entre Flamengo e Atl\u00e9tico, Pedro tamb\u00e9m disse que Hulk \u00e9 uma refer\u00eancia para ele e para outros jogadores do futebol brasileiro. \u201cEnfim, \u00e9 um cara que tem uma qualidade muito grande. Ele tamb\u00e9m \u00e9 uma refer\u00eancia para mim e muitos atletas a\u00ed no futebol brasileiro\u201d, disse o atacante do rubro-negro carioca. <\/p>\n\n\n\n<figure class=\"wp-block-image size-large\"><img loading=\"lazy\" decoding=\"async\" width=\"1024\" height=\"822\" src=\"http:\/\/www.gaveanews.com\/wp-content\/uploads\/Hulk-em-acao-pelo-Atletico-MG-1024x822.webp\" alt=\"\" class=\"wp-image-183983\" srcset=\"https:\/\/www.gaveanews.com\/wp-content\/uploads\/Hulk-em-acao-pelo-Atletico-MG-1024x822.webp 1024w, https:\/\/www.gaveanews.com\/wp-content\/uploads\/Hulk-em-acao-pelo-Atletico-MG-300x241.webp 300w, https:\/\/www.gaveanews.com\/wp-content\/uploads\/Hulk-em-acao-pelo-Atletico-MG-768x616.webp 768w, https:\/\/www.gaveanews.com\/wp-content\/uploads\/Hulk-em-acao-pelo-Atletico-MG-523x420.webp 523w, https:\/\/www.gaveanews.com\/wp-content\/uploads\/Hulk-em-acao-pelo-Atletico-MG-1046x840.webp 1046w, https:\/\/www.gaveanews.com\/wp-content\/uploads\/Hulk-em-acao-pelo-Atletico-MG-640x514.webp 640w, https:\/\/www.gaveanews.com\/wp-content\/uploads\/Hulk-em-acao-pelo-Atletico-MG-1280x1027.webp 1280w, https:\/\/www.gaveanews.com\/wp-content\/uploads\/Hulk-em-acao-pelo-Atletico-MG-681x547.webp 681w, https:\/\/www.gaveanews.com\/wp-content\/uploads\/Hulk-em-acao-pelo-Atletico-MG-100x80.webp 100w, https:\/\/www.gaveanews.com\/wp-content\/uploads\/Hulk-em-acao-pelo-Atletico-MG.webp 1328w\" sizes=\"auto, (max-width: 1024px) 100vw, 1024px\" \/><figcaption class=\"wp-element-caption\">Hulk em a\u00e7\u00e3o pelo Atl\u00e9tico-MG (Foto: Pedro Souza\/Atletico)\n<\/figcaption><\/figure>\n\n\n\n<p>Aos 30 minutos do segundo tempo, Pedro entrou em campo ap\u00f3s ser chamado pelo t\u00e9cnico Filipe Lu\u00eds, assim marcando seu retorno ao Flamengo depois de 220 dias afastado por les\u00e3o. A derrota para a equipe argentina trouxe um sabor amargo ao seu reencontro com os gramados, mas o atacante falou sobre os sete meses de recupera\u00e7\u00e3o e demonstrou otimismo com a sequ\u00eancia da temporada.<\/p>\n\n\n\n<p>\u201cFoi uma noite, individualmente, que foi uma vit\u00f3ria. Respeitando cada fase, cada processo dessa etapa dif\u00edcil, que \u00e9 ficar longe dos gramados. Infelizmente, n\u00e3o foi do jeito que eu esperava, com vit\u00f3ria. Precis\u00e1vamos dessa vit\u00f3ria, mas o Flamengo vem fazendo um ano excelente. Espero poder voltar \u00e0 melhor forma f\u00edsica dentro de campo, que ser\u00e1 nos jogos, para ajudar o Flamengo\u201d, finalizou Pedro. <\/p>\n\n\n\n<p>O Flamengo volta a campo neste domingo (13) quando viaja para Porto Alegre enfrentar o Gr\u00eamio na Arena, em jogo da terceira rodada do Brasileir\u00e3o 2025. A bola rola \u00e0s 17h30 (hor\u00e1rio de Bras\u00edlia). <\/p>\n","protected":false},"excerpt":{"rendered":"<p>&#8220;\u00c9 um atacante que teve uma passagem muito boa pela Europa&#8221; Ao ser perguntado sobre o melhor jogador do futebol brasileiro, o atacante Pedro, do Flamengo, elegeu Hulk, do Atl\u00e9tico-MG, como o grande destaque. Ap\u00f3s se recuperar de uma ruptura do ligamento cruzado anterior do joelho esquerdo, o atacante flamenguista voltou aos gramados na noite [&hellip;]<\/p>\n","protected":false},"author":21,"featured_media":158916,"comment_status":"open","ping_status":"closed","sticky":false,"template":"","format":"standard","meta":{"footnotes":""},"categories":[136,1],"tags":[],"class_list":["post-251859","post","type-post","status-publish","format-standard","has-post-thumbnail","hentry","category-atletico-mg","category-flamengo"],"yoast_head":"<!-- This site is optimized with the Yoast SEO Premium plugin v24.2 (Yoast SEO v26.9) - https:\/\/yoast.com\/product\/yoast-seo-premium-wordpress\/ -->\n<title>A declara\u00e7\u00e3o de Pedro, do Flamengo, direcionada \u00e0 Hulk, do Atl\u00e9tico-MG<\/title>\n<meta name=\"robots\" content=\"index, follow, max-snippet:-1, max-image-preview:large, max-video-preview:-1\" \/>\n<link rel=\"canonical\" href=\"https:\/\/www.gaveanews.com\/index.php\/2025\/04\/10\/a-declaracao-de-pedro-do-flamengo-direcionada-a-hulk-do-atletico-mg\/\" \/>\n<meta property=\"og:locale\" content=\"pt_BR\" \/>\n<meta property=\"og:type\" content=\"article\" \/>\n<meta property=\"og:title\" content=\"A declara\u00e7\u00e3o de Pedro, do Flamengo, direcionada \u00e0 Hulk, do Atl\u00e9tico-MG\" \/>\n<meta property=\"og:description\" content=\"&#8220;\u00c9 um atacante que teve uma passagem muito boa pela Europa&#8221; Ao ser perguntado sobre o melhor jogador do futebol brasileiro, o atacante Pedro, do Flamengo, elegeu Hulk, do Atl\u00e9tico-MG, como o grande destaque. Ap\u00f3s se recuperar de uma ruptura do ligamento cruzado anterior do joelho esquerdo, o atacante flamenguista voltou aos gramados na noite [&hellip;]\" \/>\n<meta property=\"og:url\" content=\"https:\/\/www.gaveanews.com\/index.php\/2025\/04\/10\/a-declaracao-de-pedro-do-flamengo-direcionada-a-hulk-do-atletico-mg\/\" \/>\n<meta property=\"og:site_name\" content=\"G\u00e1vea News\" \/>\n<meta property=\"article:publisher\" content=\"https:\/\/facebook.com\/gaveaNews\/\" \/>\n<meta property=\"article:published_time\" content=\"2025-04-10T15:50:20+00:00\" \/>\n<meta property=\"article:modified_time\" content=\"2025-04-11T14:48:06+00:00\" \/>\n<meta property=\"og:image\" content=\"http:\/\/www.gaveanews.com\/wp-content\/uploads\/Pedro-em-acao-pelo-Flamengo.webp\" \/>\n\t<meta property=\"og:image:width\" content=\"1600\" \/>\n\t<meta property=\"og:image:height\" content=\"999\" \/>\n\t<meta property=\"og:image:type\" content=\"image\/jpeg\" \/>\n<meta name=\"author\" content=\"Andr\u00e9 Serra\" \/>\n<meta name=\"twitter:card\" content=\"summary_large_image\" \/>\n<meta name=\"twitter:label1\" content=\"Escrito por\" \/>\n\t<meta name=\"twitter:data1\" content=\"Andr\u00e9 Serra\" \/>\n\t<meta name=\"twitter:label2\" content=\"Est. tempo de leitura\" \/>\n\t<meta name=\"twitter:data2\" content=\"3 minutos\" \/>\n<script type=\"application\/ld+json\" class=\"yoast-schema-graph\">{\"@context\":\"https:\/\/schema.org\",\"@graph\":[{\"@type\":\"NewsArticle\",\"@id\":\"https:\/\/www.gaveanews.com\/index.php\/2025\/04\/10\/a-declaracao-de-pedro-do-flamengo-direcionada-a-hulk-do-atletico-mg\/#article\",\"isPartOf\":{\"@id\":\"https:\/\/www.gaveanews.com\/index.php\/2025\/04\/10\/a-declaracao-de-pedro-do-flamengo-direcionada-a-hulk-do-atletico-mg\/\"},\"author\":{\"name\":\"Andr\u00e9 Serra\",\"@id\":\"https:\/\/www.gaveanews.com\/#\/schema\/person\/0277a79a1289c451c281ec0411d84f0c\"},\"headline\":\"A declara\u00e7\u00e3o de Pedro, do Flamengo, direcionada \u00e0 Hulk, do Atl\u00e9tico-MG\",\"datePublished\":\"2025-04-10T15:50:20+00:00\",\"dateModified\":\"2025-04-11T14:48:06+00:00\",\"mainEntityOfPage\":{\"@id\":\"https:\/\/www.gaveanews.com\/index.php\/2025\/04\/10\/a-declaracao-de-pedro-do-flamengo-direcionada-a-hulk-do-atletico-mg\/\"},\"wordCount\":370,\"commentCount\":0,\"image\":{\"@id\":\"https:\/\/www.gaveanews.com\/index.php\/2025\/04\/10\/a-declaracao-de-pedro-do-flamengo-direcionada-a-hulk-do-atletico-mg\/#primaryimage\"},\"thumbnailUrl\":\"https:\/\/www.gaveanews.com\/wp-content\/uploads\/Pedro-em-acao-pelo-Flamengo.webp\",\"articleSection\":[\"Atl\u00e9tico-MG\",\"Flamengo\"],\"inLanguage\":\"pt-BR\",\"potentialAction\":[{\"@type\":\"CommentAction\",\"name\":\"Comment\",\"target\":[\"https:\/\/www.gaveanews.com\/index.php\/2025\/04\/10\/a-declaracao-de-pedro-do-flamengo-direcionada-a-hulk-do-atletico-mg\/#respond\"]}],\"copyrightYear\":\"2025\",\"copyrightHolder\":{\"@id\":\"https:\/\/www.gaveanews.com\/#organization\"}},{\"@type\":\"WebPage\",\"@id\":\"https:\/\/www.gaveanews.com\/index.php\/2025\/04\/10\/a-declaracao-de-pedro-do-flamengo-direcionada-a-hulk-do-atletico-mg\/\",\"url\":\"https:\/\/www.gaveanews.com\/index.php\/2025\/04\/10\/a-declaracao-de-pedro-do-flamengo-direcionada-a-hulk-do-atletico-mg\/\",\"name\":\"A declara\u00e7\u00e3o de Pedro, do Flamengo, direcionada \u00e0 Hulk, do Atl\u00e9tico-MG\",\"isPartOf\":{\"@id\":\"https:\/\/www.gaveanews.com\/#website\"},\"primaryImageOfPage\":{\"@id\":\"https:\/\/www.gaveanews.com\/index.php\/2025\/04\/10\/a-declaracao-de-pedro-do-flamengo-direcionada-a-hulk-do-atletico-mg\/#primaryimage\"},\"image\":{\"@id\":\"https:\/\/www.gaveanews.com\/index.php\/2025\/04\/10\/a-declaracao-de-pedro-do-flamengo-direcionada-a-hulk-do-atletico-mg\/#primaryimage\"},\"thumbnailUrl\":\"https:\/\/www.gaveanews.com\/wp-content\/uploads\/Pedro-em-acao-pelo-Flamengo.webp\",\"datePublished\":\"2025-04-10T15:50:20+00:00\",\"dateModified\":\"2025-04-11T14:48:06+00:00\",\"author\":{\"@id\":\"https:\/\/www.gaveanews.com\/#\/schema\/person\/0277a79a1289c451c281ec0411d84f0c\"},\"breadcrumb\":{\"@id\":\"https:\/\/www.gaveanews.com\/index.php\/2025\/04\/10\/a-declaracao-de-pedro-do-flamengo-direcionada-a-hulk-do-atletico-mg\/#breadcrumb\"},\"inLanguage\":\"pt-BR\",\"potentialAction\":[{\"@type\":\"ReadAction\",\"target\":[\"https:\/\/www.gaveanews.com\/index.php\/2025\/04\/10\/a-declaracao-de-pedro-do-flamengo-direcionada-a-hulk-do-atletico-mg\/\"]}]},{\"@type\":\"ImageObject\",\"inLanguage\":\"pt-BR\",\"@id\":\"https:\/\/www.gaveanews.com\/index.php\/2025\/04\/10\/a-declaracao-de-pedro-do-flamengo-direcionada-a-hulk-do-atletico-mg\/#primaryimage\",\"url\":\"https:\/\/www.gaveanews.com\/wp-content\/uploads\/Pedro-em-acao-pelo-Flamengo.webp\",\"contentUrl\":\"https:\/\/www.gaveanews.com\/wp-content\/uploads\/Pedro-em-acao-pelo-Flamengo.webp\",\"width\":1600,\"height\":999,\"caption\":\"Pedro em a\u00e7\u00e3o pelo Flamengo (Foto: Divulga\u00e7\u00e3o\/Flamengo)\"},{\"@type\":\"BreadcrumbList\",\"@id\":\"https:\/\/www.gaveanews.com\/index.php\/2025\/04\/10\/a-declaracao-de-pedro-do-flamengo-direcionada-a-hulk-do-atletico-mg\/#breadcrumb\",\"itemListElement\":[{\"@type\":\"ListItem\",\"position\":1,\"name\":\"Home\",\"item\":\"https:\/\/www.gaveanews.com\/\"},{\"@type\":\"ListItem\",\"position\":2,\"name\":\"A declara\u00e7\u00e3o de Pedro, do Flamengo, direcionada \u00e0 Hulk, do Atl\u00e9tico-MG\"}]},{\"@type\":\"WebSite\",\"@id\":\"https:\/\/www.gaveanews.com\/#website\",\"url\":\"https:\/\/www.gaveanews.com\/\",\"name\":\"G\u00e1vea News\",\"description\":\"Veja todas as not\u00edcias sobre o Flamengo: Contrata\u00e7\u00f5es, categorias de base, resultados das partidas, tabela de classifica\u00e7\u00e3o, pr\u00f3ximos jogos!\",\"potentialAction\":[{\"@type\":\"SearchAction\",\"target\":{\"@type\":\"EntryPoint\",\"urlTemplate\":\"https:\/\/www.gaveanews.com\/?s={search_term_string}\"},\"query-input\":{\"@type\":\"PropertyValueSpecification\",\"valueRequired\":true,\"valueName\":\"search_term_string\"}}],\"inLanguage\":\"pt-BR\"},{\"@type\":\"Person\",\"@id\":\"https:\/\/www.gaveanews.com\/#\/schema\/person\/0277a79a1289c451c281ec0411d84f0c\",\"name\":\"Andr\u00e9 Serra\",\"image\":{\"@type\":\"ImageObject\",\"inLanguage\":\"pt-BR\",\"@id\":\"https:\/\/www.gaveanews.com\/#\/schema\/person\/image\/\",\"url\":\"https:\/\/secure.gravatar.com\/avatar\/d7231369fe48db93292b3e88eb2162dbd9a34a47a8437d9ef3bcaca2a86a83d7?s=96&d=mm&r=g\",\"contentUrl\":\"https:\/\/secure.gravatar.com\/avatar\/d7231369fe48db93292b3e88eb2162dbd9a34a47a8437d9ef3bcaca2a86a83d7?s=96&d=mm&r=g\",\"caption\":\"Andr\u00e9 Serra\"}}]}<\/script>\n<!-- \/ Yoast SEO Premium plugin. -->","yoast_head_json":{"title":"A declara\u00e7\u00e3o de Pedro, do Flamengo, direcionada \u00e0 Hulk, do Atl\u00e9tico-MG","robots":{"index":"index","follow":"follow","max-snippet":"max-snippet:-1","max-image-preview":"max-image-preview:large","max-video-preview":"max-video-preview:-1"},"canonical":"https:\/\/www.gaveanews.com\/index.php\/2025\/04\/10\/a-declaracao-de-pedro-do-flamengo-direcionada-a-hulk-do-atletico-mg\/","og_locale":"pt_BR","og_type":"article","og_title":"A declara\u00e7\u00e3o de Pedro, do Flamengo, direcionada \u00e0 Hulk, do Atl\u00e9tico-MG","og_description":"&#8220;\u00c9 um atacante que teve uma passagem muito boa pela Europa&#8221; Ao ser perguntado sobre o melhor jogador do futebol brasileiro, o atacante Pedro, do Flamengo, elegeu Hulk, do Atl\u00e9tico-MG, como o grande destaque. Ap\u00f3s se recuperar de uma ruptura do ligamento cruzado anterior do joelho esquerdo, o atacante flamenguista voltou aos gramados na noite [&hellip;]","og_url":"https:\/\/www.gaveanews.com\/index.php\/2025\/04\/10\/a-declaracao-de-pedro-do-flamengo-direcionada-a-hulk-do-atletico-mg\/","og_site_name":"G\u00e1vea News","article_publisher":"https:\/\/facebook.com\/gaveaNews\/","article_published_time":"2025-04-10T15:50:20+00:00","article_modified_time":"2025-04-11T14:48:06+00:00","og_image":[{"width":1600,"height":999,"url":"http:\/\/www.gaveanews.com\/wp-content\/uploads\/Pedro-em-acao-pelo-Flamengo.webp","type":"image\/jpeg"}],"author":"Andr\u00e9 Serra","twitter_card":"summary_large_image","twitter_misc":{"Escrito por":"Andr\u00e9 Serra","Est. tempo de leitura":"3 minutos"},"schema":{"@context":"https:\/\/schema.org","@graph":[{"@type":"NewsArticle","@id":"https:\/\/www.gaveanews.com\/index.php\/2025\/04\/10\/a-declaracao-de-pedro-do-flamengo-direcionada-a-hulk-do-atletico-mg\/#article","isPartOf":{"@id":"https:\/\/www.gaveanews.com\/index.php\/2025\/04\/10\/a-declaracao-de-pedro-do-flamengo-direcionada-a-hulk-do-atletico-mg\/"},"author":{"name":"Andr\u00e9 Serra","@id":"https:\/\/www.gaveanews.com\/#\/schema\/person\/0277a79a1289c451c281ec0411d84f0c"},"headline":"A declara\u00e7\u00e3o de Pedro, do Flamengo, direcionada \u00e0 Hulk, do Atl\u00e9tico-MG","datePublished":"2025-04-10T15:50:20+00:00","dateModified":"2025-04-11T14:48:06+00:00","mainEntityOfPage":{"@id":"https:\/\/www.gaveanews.com\/index.php\/2025\/04\/10\/a-declaracao-de-pedro-do-flamengo-direcionada-a-hulk-do-atletico-mg\/"},"wordCount":370,"commentCount":0,"image":{"@id":"https:\/\/www.gaveanews.com\/index.php\/2025\/04\/10\/a-declaracao-de-pedro-do-flamengo-direcionada-a-hulk-do-atletico-mg\/#primaryimage"},"thumbnailUrl":"https:\/\/www.gaveanews.com\/wp-content\/uploads\/Pedro-em-acao-pelo-Flamengo.webp","articleSection":["Atl\u00e9tico-MG","Flamengo"],"inLanguage":"pt-BR","potentialAction":[{"@type":"CommentAction","name":"Comment","target":["https:\/\/www.gaveanews.com\/index.php\/2025\/04\/10\/a-declaracao-de-pedro-do-flamengo-direcionada-a-hulk-do-atletico-mg\/#respond"]}],"copyrightYear":"2025","copyrightHolder":{"@id":"https:\/\/www.gaveanews.com\/#organization"}},{"@type":"WebPage","@id":"https:\/\/www.gaveanews.com\/index.php\/2025\/04\/10\/a-declaracao-de-pedro-do-flamengo-direcionada-a-hulk-do-atletico-mg\/","url":"https:\/\/www.gaveanews.com\/index.php\/2025\/04\/10\/a-declaracao-de-pedro-do-flamengo-direcionada-a-hulk-do-atletico-mg\/","name":"A declara\u00e7\u00e3o de Pedro, do Flamengo, direcionada \u00e0 Hulk, do Atl\u00e9tico-MG","isPartOf":{"@id":"https:\/\/www.gaveanews.com\/#website"},"primaryImageOfPage":{"@id":"https:\/\/www.gaveanews.com\/index.php\/2025\/04\/10\/a-declaracao-de-pedro-do-flamengo-direcionada-a-hulk-do-atletico-mg\/#primaryimage"},"image":{"@id":"https:\/\/www.gaveanews.com\/index.php\/2025\/04\/10\/a-declaracao-de-pedro-do-flamengo-direcionada-a-hulk-do-atletico-mg\/#primaryimage"},"thumbnailUrl":"https:\/\/www.gaveanews.com\/wp-content\/uploads\/Pedro-em-acao-pelo-Flamengo.webp","datePublished":"2025-04-10T15:50:20+00:00","dateModified":"2025-04-11T14:48:06+00:00","author":{"@id":"https:\/\/www.gaveanews.com\/#\/schema\/person\/0277a79a1289c451c281ec0411d84f0c"},"breadcrumb":{"@id":"https:\/\/www.gaveanews.com\/index.php\/2025\/04\/10\/a-declaracao-de-pedro-do-flamengo-direcionada-a-hulk-do-atletico-mg\/#breadcrumb"},"inLanguage":"pt-BR","potentialAction":[{"@type":"ReadAction","target":["https:\/\/www.gaveanews.com\/index.php\/2025\/04\/10\/a-declaracao-de-pedro-do-flamengo-direcionada-a-hulk-do-atletico-mg\/"]}]},{"@type":"ImageObject","inLanguage":"pt-BR","@id":"https:\/\/www.gaveanews.com\/index.php\/2025\/04\/10\/a-declaracao-de-pedro-do-flamengo-direcionada-a-hulk-do-atletico-mg\/#primaryimage","url":"https:\/\/www.gaveanews.com\/wp-content\/uploads\/Pedro-em-acao-pelo-Flamengo.webp","contentUrl":"https:\/\/www.gaveanews.com\/wp-content\/uploads\/Pedro-em-acao-pelo-Flamengo.webp","width":1600,"height":999,"caption":"Pedro em a\u00e7\u00e3o pelo Flamengo (Foto: Divulga\u00e7\u00e3o\/Flamengo)"},{"@type":"BreadcrumbList","@id":"https:\/\/www.gaveanews.com\/index.php\/2025\/04\/10\/a-declaracao-de-pedro-do-flamengo-direcionada-a-hulk-do-atletico-mg\/#breadcrumb","itemListElement":[{"@type":"ListItem","position":1,"name":"Home","item":"https:\/\/www.gaveanews.com\/"},{"@type":"ListItem","position":2,"name":"A declara\u00e7\u00e3o de Pedro, do Flamengo, direcionada \u00e0 Hulk, do Atl\u00e9tico-MG"}]},{"@type":"WebSite","@id":"https:\/\/www.gaveanews.com\/#website","url":"https:\/\/www.gaveanews.com\/","name":"G\u00e1vea News","description":"Veja todas as not\u00edcias sobre o Flamengo: Contrata\u00e7\u00f5es, categorias de base, resultados das partidas, tabela de classifica\u00e7\u00e3o, pr\u00f3ximos jogos!","potentialAction":[{"@type":"SearchAction","target":{"@type":"EntryPoint","urlTemplate":"https:\/\/www.gaveanews.com\/?s={search_term_string}"},"query-input":{"@type":"PropertyValueSpecification","valueRequired":true,"valueName":"search_term_string"}}],"inLanguage":"pt-BR"},{"@type":"Person","@id":"https:\/\/www.gaveanews.com\/#\/schema\/person\/0277a79a1289c451c281ec0411d84f0c","name":"Andr\u00e9 Serra","image":{"@type":"ImageObject","inLanguage":"pt-BR","@id":"https:\/\/www.gaveanews.com\/#\/schema\/person\/image\/","url":"https:\/\/secure.gravatar.com\/avatar\/d7231369fe48db93292b3e88eb2162dbd9a34a47a8437d9ef3bcaca2a86a83d7?s=96&d=mm&r=g","contentUrl":"https:\/\/secure.gravatar.com\/avatar\/d7231369fe48db93292b3e88eb2162dbd9a34a47a8437d9ef3bcaca2a86a83d7?s=96&d=mm&r=g","caption":"Andr\u00e9 Serra"}}]}},"_links":{"self":[{"href":"https:\/\/www.gaveanews.com\/index.php\/wp-json\/wp\/v2\/posts\/251859","targetHints":{"allow":["GET"]}}],"collection":[{"href":"https:\/\/www.gaveanews.com\/index.php\/wp-json\/wp\/v2\/posts"}],"about":[{"href":"https:\/\/www.gaveanews.com\/index.php\/wp-json\/wp\/v2\/types\/post"}],"author":[{"embeddable":true,"href":"https:\/\/www.gaveanews.com\/index.php\/wp-json\/wp\/v2\/users\/21"}],"replies":[{"embeddable":true,"href":"https:\/\/www.gaveanews.com\/index.php\/wp-json\/wp\/v2\/comments?post=251859"}],"version-history":[{"count":1,"href":"https:\/\/www.gaveanews.com\/index.php\/wp-json\/wp\/v2\/posts\/251859\/revisions"}],"predecessor-version":[{"id":251874,"href":"https:\/\/www.gaveanews.com\/index.php\/wp-json\/wp\/v2\/posts\/251859\/revisions\/251874"}],"wp:featuredmedia":[{"embeddable":true,"href":"https:\/\/www.gaveanews.com\/index.php\/wp-json\/wp\/v2\/media\/158916"}],"wp:attachment":[{"href":"https:\/\/www.gaveanews.com\/index.php\/wp-json\/wp\/v2\/media?parent=251859"}],"wp:term":[{"taxonomy":"category","embeddable":true,"href":"https:\/\/www.gaveanews.com\/index.php\/wp-json\/wp\/v2\/categories?post=251859"},{"taxonomy":"post_tag","embeddable":true,"href":"https:\/\/www.gaveanews.com\/index.php\/wp-json\/wp\/v2\/tags?post=251859"}],"curies":[{"name":"wp","href":"https:\/\/api.w.org\/{rel}","templated":true}]}}