{"id":251875,"date":"2025-04-11T12:50:23","date_gmt":"2025-04-11T15:50:23","guid":{"rendered":"https:\/\/www.gaveanews.com\/?p=251875"},"modified":"2025-04-11T11:48:32","modified_gmt":"2025-04-11T14:48:32","slug":"a-declaracao-de-lautaro-diaz-sobre-a-classificacao-do-cruzeiro-na-sul-americana","status":"publish","type":"post","link":"https:\/\/www.gaveanews.com\/index.php\/2025\/04\/11\/a-declaracao-de-lautaro-diaz-sobre-a-classificacao-do-cruzeiro-na-sul-americana\/","title":{"rendered":"A declara\u00e7\u00e3o de Lautaro D\u00edaz sobre a classifica\u00e7\u00e3o do Cruzeiro na Sul-Americana"},"content":{"rendered":"\n<h2 class=\"wp-block-heading\" id=\"h-temos-confianca-de-fazer-quatro-bons-jogos\">&#8220;Temos confian\u00e7a de fazer quatro bons jogos&#8221;<\/h2>\n\n\n\n<p>O Cruzeiro se complicou na Copa Sul-Americana de 2025 ao perder para o Mushuc Runa, do Equador, pelo placar de 2 a 1 em pleno Mineir\u00e3o, na \u00faltima quarta-feira (9). Apesar da amarga derrota, o atacante Lautaro D\u00edaz mostrou confian\u00e7a em um sequ\u00eancia de vit\u00f3rias da Raposa para engrenar e conseguir a classifica\u00e7\u00e3o no torneio internacional. <\/p>\n\n\n\n<p>\u201cD\u00e1 para pensar (em classifica\u00e7\u00e3o). Ainda temos quatro jogos. Sabemos que a situa\u00e7\u00e3o agora \u00e9 mais dif\u00edcil, mas temos confian\u00e7a de fazer quatro bons jogos e ganhar\u201d, iniciou. <\/p>\n\n\n\n<p>&#8220;Fechando o primeiro turno&#8221;, o Cruzeiro enfrenta o Palestino, no dia 24 de abril, na cidade de Coquimbo, no Chile. Depois, a equipe celeste far\u00e1 os segundos jogos com os advers\u00e1rios Mushuc Runa (no Equador), Uni\u00f3n de Santa Fe (Mineir\u00e3o) e Palestino (Mineir\u00e3o).<\/p>\n\n\n\n<p>Na lanterna do Grupo E da Sul-Americana, o Cruzeiro segue como o \u00fanico time da chave que ainda n\u00e3o somou pontos. A atua\u00e7\u00e3o diante do modesto Mushuc Runa-EQU, que \u00e9 apenas o oitavo colocado no Campeonato Equatoriano e estreante na fase de grupos de uma competi\u00e7\u00e3o continental, provocou cr\u00edticas e lamentos de Lautaro.<\/p>\n\n\n\n<p>\u201cEles chegaram aqui, fizeram o jogo que queriam fazer. Lamentavelmente, perdemos, n\u00e3o foi um bom jogo nosso. O resultado foi ruim, mas temos que mudar essa situa\u00e7\u00e3o\u201d, finalizou Lautaro D\u00edaz. <\/p>\n\n\n\n<p>J\u00e1 para o volante Lucas Romero, que usou a bra\u00e7adeira de capit\u00e3o na partida contra o Mushuc Runa-EQU, o Cruzeiro precisar\u00e1 de uma \u201ccampanha perfeita\u201d para manter viva a esperan\u00e7a de avan\u00e7ar \u00e0s oitavas de final da Sul-Americana.<\/p>\n\n\n\n<p>\u201cDif\u00edcil falar o que tem que fazer. Olhando para frente, vendo os resultados, precisamos de uma pontua\u00e7\u00e3o perfeita para tentar conseguir o primeiro lugar, ou o segundo, para jogar \u00e0 repescagem e ir \u00e0s oitavas de final\u201d, disse o volante.<\/p>\n\n\n\n<p>O Cruzeiro agora se concentra na partida contra o S\u00e3o Paulo neste domingo (13), pela terceira rodada do Campeonato Brasileiro de 2025. A bola rola \u00e0s 17h30 (hor\u00e1rio de Bras\u00edlia), no Est\u00e1dio do Morumbi. <\/p>\n","protected":false},"excerpt":{"rendered":"<p>&#8220;Temos confian\u00e7a de fazer quatro bons jogos&#8221; O Cruzeiro se complicou na Copa Sul-Americana de 2025 ao perder para o Mushuc Runa, do Equador, pelo placar de 2 a 1 em pleno Mineir\u00e3o, na \u00faltima quarta-feira (9). Apesar da amarga derrota, o atacante Lautaro D\u00edaz mostrou confian\u00e7a em um sequ\u00eancia de vit\u00f3rias da Raposa para [&hellip;]<\/p>\n","protected":false},"author":21,"featured_media":177958,"comment_status":"open","ping_status":"closed","sticky":false,"template":"","format":"standard","meta":{"footnotes":""},"categories":[143],"tags":[],"class_list":["post-251875","post","type-post","status-publish","format-standard","has-post-thumbnail","hentry","category-cruzeiro"],"yoast_head":"<!-- This site is optimized with the Yoast SEO Premium plugin v24.2 (Yoast SEO v26.9) - https:\/\/yoast.com\/product\/yoast-seo-premium-wordpress\/ -->\n<title>A declara\u00e7\u00e3o de Lautaro D\u00edaz sobre a classifica\u00e7\u00e3o do Cruzeiro na Sul-Americana<\/title>\n<meta name=\"robots\" content=\"index, follow, max-snippet:-1, max-image-preview:large, max-video-preview:-1\" \/>\n<link rel=\"canonical\" href=\"https:\/\/www.gaveanews.com\/index.php\/2025\/04\/11\/a-declaracao-de-lautaro-diaz-sobre-a-classificacao-do-cruzeiro-na-sul-americana\/\" \/>\n<meta property=\"og:locale\" content=\"pt_BR\" \/>\n<meta property=\"og:type\" content=\"article\" \/>\n<meta property=\"og:title\" content=\"A declara\u00e7\u00e3o de Lautaro D\u00edaz sobre a classifica\u00e7\u00e3o do Cruzeiro na Sul-Americana\" \/>\n<meta property=\"og:description\" content=\"&#8220;Temos confian\u00e7a de fazer quatro bons jogos&#8221; O Cruzeiro se complicou na Copa Sul-Americana de 2025 ao perder para o Mushuc Runa, do Equador, pelo placar de 2 a 1 em pleno Mineir\u00e3o, na \u00faltima quarta-feira (9). Apesar da amarga derrota, o atacante Lautaro D\u00edaz mostrou confian\u00e7a em um sequ\u00eancia de vit\u00f3rias da Raposa para [&hellip;]\" \/>\n<meta property=\"og:url\" content=\"https:\/\/www.gaveanews.com\/index.php\/2025\/04\/11\/a-declaracao-de-lautaro-diaz-sobre-a-classificacao-do-cruzeiro-na-sul-americana\/\" \/>\n<meta property=\"og:site_name\" content=\"G\u00e1vea News\" \/>\n<meta property=\"article:publisher\" content=\"https:\/\/facebook.com\/gaveaNews\/\" \/>\n<meta property=\"article:published_time\" content=\"2025-04-11T15:50:23+00:00\" \/>\n<meta property=\"og:image\" content=\"https:\/\/www.gaveanews.com\/wp-content\/uploads\/Lautaro-Diaz-pelo-Cruzeiro.webp\" \/>\n\t<meta property=\"og:image:width\" content=\"984\" \/>\n\t<meta property=\"og:image:height\" content=\"656\" \/>\n\t<meta property=\"og:image:type\" content=\"image\/jpeg\" \/>\n<meta name=\"author\" content=\"Andr\u00e9 Serra\" \/>\n<meta name=\"twitter:card\" content=\"summary_large_image\" \/>\n<meta name=\"twitter:label1\" content=\"Escrito por\" \/>\n\t<meta name=\"twitter:data1\" content=\"Andr\u00e9 Serra\" \/>\n\t<meta name=\"twitter:label2\" content=\"Est. tempo de leitura\" \/>\n\t<meta name=\"twitter:data2\" content=\"3 minutos\" \/>\n<script type=\"application\/ld+json\" class=\"yoast-schema-graph\">{\"@context\":\"https:\/\/schema.org\",\"@graph\":[{\"@type\":\"NewsArticle\",\"@id\":\"https:\/\/www.gaveanews.com\/index.php\/2025\/04\/11\/a-declaracao-de-lautaro-diaz-sobre-a-classificacao-do-cruzeiro-na-sul-americana\/#article\",\"isPartOf\":{\"@id\":\"https:\/\/www.gaveanews.com\/index.php\/2025\/04\/11\/a-declaracao-de-lautaro-diaz-sobre-a-classificacao-do-cruzeiro-na-sul-americana\/\"},\"author\":{\"name\":\"Andr\u00e9 Serra\",\"@id\":\"https:\/\/www.gaveanews.com\/#\/schema\/person\/0277a79a1289c451c281ec0411d84f0c\"},\"headline\":\"A declara\u00e7\u00e3o de Lautaro D\u00edaz sobre a classifica\u00e7\u00e3o do Cruzeiro na Sul-Americana\",\"datePublished\":\"2025-04-11T15:50:23+00:00\",\"mainEntityOfPage\":{\"@id\":\"https:\/\/www.gaveanews.com\/index.php\/2025\/04\/11\/a-declaracao-de-lautaro-diaz-sobre-a-classificacao-do-cruzeiro-na-sul-americana\/\"},\"wordCount\":366,\"commentCount\":0,\"image\":{\"@id\":\"https:\/\/www.gaveanews.com\/index.php\/2025\/04\/11\/a-declaracao-de-lautaro-diaz-sobre-a-classificacao-do-cruzeiro-na-sul-americana\/#primaryimage\"},\"thumbnailUrl\":\"https:\/\/www.gaveanews.com\/wp-content\/uploads\/Lautaro-Diaz-pelo-Cruzeiro.webp\",\"articleSection\":[\"Cruzeiro\"],\"inLanguage\":\"pt-BR\",\"potentialAction\":[{\"@type\":\"CommentAction\",\"name\":\"Comment\",\"target\":[\"https:\/\/www.gaveanews.com\/index.php\/2025\/04\/11\/a-declaracao-de-lautaro-diaz-sobre-a-classificacao-do-cruzeiro-na-sul-americana\/#respond\"]}],\"copyrightYear\":\"2025\",\"copyrightHolder\":{\"@id\":\"https:\/\/www.gaveanews.com\/#organization\"}},{\"@type\":\"WebPage\",\"@id\":\"https:\/\/www.gaveanews.com\/index.php\/2025\/04\/11\/a-declaracao-de-lautaro-diaz-sobre-a-classificacao-do-cruzeiro-na-sul-americana\/\",\"url\":\"https:\/\/www.gaveanews.com\/index.php\/2025\/04\/11\/a-declaracao-de-lautaro-diaz-sobre-a-classificacao-do-cruzeiro-na-sul-americana\/\",\"name\":\"A declara\u00e7\u00e3o de Lautaro D\u00edaz sobre a classifica\u00e7\u00e3o do Cruzeiro na Sul-Americana\",\"isPartOf\":{\"@id\":\"https:\/\/www.gaveanews.com\/#website\"},\"primaryImageOfPage\":{\"@id\":\"https:\/\/www.gaveanews.com\/index.php\/2025\/04\/11\/a-declaracao-de-lautaro-diaz-sobre-a-classificacao-do-cruzeiro-na-sul-americana\/#primaryimage\"},\"image\":{\"@id\":\"https:\/\/www.gaveanews.com\/index.php\/2025\/04\/11\/a-declaracao-de-lautaro-diaz-sobre-a-classificacao-do-cruzeiro-na-sul-americana\/#primaryimage\"},\"thumbnailUrl\":\"https:\/\/www.gaveanews.com\/wp-content\/uploads\/Lautaro-Diaz-pelo-Cruzeiro.webp\",\"datePublished\":\"2025-04-11T15:50:23+00:00\",\"author\":{\"@id\":\"https:\/\/www.gaveanews.com\/#\/schema\/person\/0277a79a1289c451c281ec0411d84f0c\"},\"breadcrumb\":{\"@id\":\"https:\/\/www.gaveanews.com\/index.php\/2025\/04\/11\/a-declaracao-de-lautaro-diaz-sobre-a-classificacao-do-cruzeiro-na-sul-americana\/#breadcrumb\"},\"inLanguage\":\"pt-BR\",\"potentialAction\":[{\"@type\":\"ReadAction\",\"target\":[\"https:\/\/www.gaveanews.com\/index.php\/2025\/04\/11\/a-declaracao-de-lautaro-diaz-sobre-a-classificacao-do-cruzeiro-na-sul-americana\/\"]}]},{\"@type\":\"ImageObject\",\"inLanguage\":\"pt-BR\",\"@id\":\"https:\/\/www.gaveanews.com\/index.php\/2025\/04\/11\/a-declaracao-de-lautaro-diaz-sobre-a-classificacao-do-cruzeiro-na-sul-americana\/#primaryimage\",\"url\":\"https:\/\/www.gaveanews.com\/wp-content\/uploads\/Lautaro-Diaz-pelo-Cruzeiro.webp\",\"contentUrl\":\"https:\/\/www.gaveanews.com\/wp-content\/uploads\/Lautaro-Diaz-pelo-Cruzeiro.webp\",\"width\":984,\"height\":656,\"caption\":\"Lautaro D\u00edaz pelo Cruzeiro (Foto: Gustavo Aleixo\/Cruzeiro)\"},{\"@type\":\"BreadcrumbList\",\"@id\":\"https:\/\/www.gaveanews.com\/index.php\/2025\/04\/11\/a-declaracao-de-lautaro-diaz-sobre-a-classificacao-do-cruzeiro-na-sul-americana\/#breadcrumb\",\"itemListElement\":[{\"@type\":\"ListItem\",\"position\":1,\"name\":\"Home\",\"item\":\"https:\/\/www.gaveanews.com\/\"},{\"@type\":\"ListItem\",\"position\":2,\"name\":\"A declara\u00e7\u00e3o de Lautaro D\u00edaz sobre a classifica\u00e7\u00e3o do Cruzeiro na Sul-Americana\"}]},{\"@type\":\"WebSite\",\"@id\":\"https:\/\/www.gaveanews.com\/#website\",\"url\":\"https:\/\/www.gaveanews.com\/\",\"name\":\"G\u00e1vea News\",\"description\":\"Veja todas as not\u00edcias sobre o Flamengo: Contrata\u00e7\u00f5es, categorias de base, resultados das partidas, tabela de classifica\u00e7\u00e3o, pr\u00f3ximos jogos!\",\"potentialAction\":[{\"@type\":\"SearchAction\",\"target\":{\"@type\":\"EntryPoint\",\"urlTemplate\":\"https:\/\/www.gaveanews.com\/?s={search_term_string}\"},\"query-input\":{\"@type\":\"PropertyValueSpecification\",\"valueRequired\":true,\"valueName\":\"search_term_string\"}}],\"inLanguage\":\"pt-BR\"},{\"@type\":\"Person\",\"@id\":\"https:\/\/www.gaveanews.com\/#\/schema\/person\/0277a79a1289c451c281ec0411d84f0c\",\"name\":\"Andr\u00e9 Serra\",\"image\":{\"@type\":\"ImageObject\",\"inLanguage\":\"pt-BR\",\"@id\":\"https:\/\/www.gaveanews.com\/#\/schema\/person\/image\/\",\"url\":\"https:\/\/secure.gravatar.com\/avatar\/d7231369fe48db93292b3e88eb2162dbd9a34a47a8437d9ef3bcaca2a86a83d7?s=96&d=mm&r=g\",\"contentUrl\":\"https:\/\/secure.gravatar.com\/avatar\/d7231369fe48db93292b3e88eb2162dbd9a34a47a8437d9ef3bcaca2a86a83d7?s=96&d=mm&r=g\",\"caption\":\"Andr\u00e9 Serra\"}}]}<\/script>\n<!-- \/ Yoast SEO Premium plugin. -->","yoast_head_json":{"title":"A declara\u00e7\u00e3o de Lautaro D\u00edaz sobre a classifica\u00e7\u00e3o do Cruzeiro na Sul-Americana","robots":{"index":"index","follow":"follow","max-snippet":"max-snippet:-1","max-image-preview":"max-image-preview:large","max-video-preview":"max-video-preview:-1"},"canonical":"https:\/\/www.gaveanews.com\/index.php\/2025\/04\/11\/a-declaracao-de-lautaro-diaz-sobre-a-classificacao-do-cruzeiro-na-sul-americana\/","og_locale":"pt_BR","og_type":"article","og_title":"A declara\u00e7\u00e3o de Lautaro D\u00edaz sobre a classifica\u00e7\u00e3o do Cruzeiro na Sul-Americana","og_description":"&#8220;Temos confian\u00e7a de fazer quatro bons jogos&#8221; O Cruzeiro se complicou na Copa Sul-Americana de 2025 ao perder para o Mushuc Runa, do Equador, pelo placar de 2 a 1 em pleno Mineir\u00e3o, na \u00faltima quarta-feira (9). Apesar da amarga derrota, o atacante Lautaro D\u00edaz mostrou confian\u00e7a em um sequ\u00eancia de vit\u00f3rias da Raposa para [&hellip;]","og_url":"https:\/\/www.gaveanews.com\/index.php\/2025\/04\/11\/a-declaracao-de-lautaro-diaz-sobre-a-classificacao-do-cruzeiro-na-sul-americana\/","og_site_name":"G\u00e1vea News","article_publisher":"https:\/\/facebook.com\/gaveaNews\/","article_published_time":"2025-04-11T15:50:23+00:00","og_image":[{"width":984,"height":656,"url":"https:\/\/www.gaveanews.com\/wp-content\/uploads\/Lautaro-Diaz-pelo-Cruzeiro.webp","type":"image\/jpeg"}],"author":"Andr\u00e9 Serra","twitter_card":"summary_large_image","twitter_misc":{"Escrito por":"Andr\u00e9 Serra","Est. tempo de leitura":"3 minutos"},"schema":{"@context":"https:\/\/schema.org","@graph":[{"@type":"NewsArticle","@id":"https:\/\/www.gaveanews.com\/index.php\/2025\/04\/11\/a-declaracao-de-lautaro-diaz-sobre-a-classificacao-do-cruzeiro-na-sul-americana\/#article","isPartOf":{"@id":"https:\/\/www.gaveanews.com\/index.php\/2025\/04\/11\/a-declaracao-de-lautaro-diaz-sobre-a-classificacao-do-cruzeiro-na-sul-americana\/"},"author":{"name":"Andr\u00e9 Serra","@id":"https:\/\/www.gaveanews.com\/#\/schema\/person\/0277a79a1289c451c281ec0411d84f0c"},"headline":"A declara\u00e7\u00e3o de Lautaro D\u00edaz sobre a classifica\u00e7\u00e3o do Cruzeiro na Sul-Americana","datePublished":"2025-04-11T15:50:23+00:00","mainEntityOfPage":{"@id":"https:\/\/www.gaveanews.com\/index.php\/2025\/04\/11\/a-declaracao-de-lautaro-diaz-sobre-a-classificacao-do-cruzeiro-na-sul-americana\/"},"wordCount":366,"commentCount":0,"image":{"@id":"https:\/\/www.gaveanews.com\/index.php\/2025\/04\/11\/a-declaracao-de-lautaro-diaz-sobre-a-classificacao-do-cruzeiro-na-sul-americana\/#primaryimage"},"thumbnailUrl":"https:\/\/www.gaveanews.com\/wp-content\/uploads\/Lautaro-Diaz-pelo-Cruzeiro.webp","articleSection":["Cruzeiro"],"inLanguage":"pt-BR","potentialAction":[{"@type":"CommentAction","name":"Comment","target":["https:\/\/www.gaveanews.com\/index.php\/2025\/04\/11\/a-declaracao-de-lautaro-diaz-sobre-a-classificacao-do-cruzeiro-na-sul-americana\/#respond"]}],"copyrightYear":"2025","copyrightHolder":{"@id":"https:\/\/www.gaveanews.com\/#organization"}},{"@type":"WebPage","@id":"https:\/\/www.gaveanews.com\/index.php\/2025\/04\/11\/a-declaracao-de-lautaro-diaz-sobre-a-classificacao-do-cruzeiro-na-sul-americana\/","url":"https:\/\/www.gaveanews.com\/index.php\/2025\/04\/11\/a-declaracao-de-lautaro-diaz-sobre-a-classificacao-do-cruzeiro-na-sul-americana\/","name":"A declara\u00e7\u00e3o de Lautaro D\u00edaz sobre a classifica\u00e7\u00e3o do Cruzeiro na Sul-Americana","isPartOf":{"@id":"https:\/\/www.gaveanews.com\/#website"},"primaryImageOfPage":{"@id":"https:\/\/www.gaveanews.com\/index.php\/2025\/04\/11\/a-declaracao-de-lautaro-diaz-sobre-a-classificacao-do-cruzeiro-na-sul-americana\/#primaryimage"},"image":{"@id":"https:\/\/www.gaveanews.com\/index.php\/2025\/04\/11\/a-declaracao-de-lautaro-diaz-sobre-a-classificacao-do-cruzeiro-na-sul-americana\/#primaryimage"},"thumbnailUrl":"https:\/\/www.gaveanews.com\/wp-content\/uploads\/Lautaro-Diaz-pelo-Cruzeiro.webp","datePublished":"2025-04-11T15:50:23+00:00","author":{"@id":"https:\/\/www.gaveanews.com\/#\/schema\/person\/0277a79a1289c451c281ec0411d84f0c"},"breadcrumb":{"@id":"https:\/\/www.gaveanews.com\/index.php\/2025\/04\/11\/a-declaracao-de-lautaro-diaz-sobre-a-classificacao-do-cruzeiro-na-sul-americana\/#breadcrumb"},"inLanguage":"pt-BR","potentialAction":[{"@type":"ReadAction","target":["https:\/\/www.gaveanews.com\/index.php\/2025\/04\/11\/a-declaracao-de-lautaro-diaz-sobre-a-classificacao-do-cruzeiro-na-sul-americana\/"]}]},{"@type":"ImageObject","inLanguage":"pt-BR","@id":"https:\/\/www.gaveanews.com\/index.php\/2025\/04\/11\/a-declaracao-de-lautaro-diaz-sobre-a-classificacao-do-cruzeiro-na-sul-americana\/#primaryimage","url":"https:\/\/www.gaveanews.com\/wp-content\/uploads\/Lautaro-Diaz-pelo-Cruzeiro.webp","contentUrl":"https:\/\/www.gaveanews.com\/wp-content\/uploads\/Lautaro-Diaz-pelo-Cruzeiro.webp","width":984,"height":656,"caption":"Lautaro D\u00edaz pelo Cruzeiro (Foto: Gustavo Aleixo\/Cruzeiro)"},{"@type":"BreadcrumbList","@id":"https:\/\/www.gaveanews.com\/index.php\/2025\/04\/11\/a-declaracao-de-lautaro-diaz-sobre-a-classificacao-do-cruzeiro-na-sul-americana\/#breadcrumb","itemListElement":[{"@type":"ListItem","position":1,"name":"Home","item":"https:\/\/www.gaveanews.com\/"},{"@type":"ListItem","position":2,"name":"A declara\u00e7\u00e3o de Lautaro D\u00edaz sobre a classifica\u00e7\u00e3o do Cruzeiro na Sul-Americana"}]},{"@type":"WebSite","@id":"https:\/\/www.gaveanews.com\/#website","url":"https:\/\/www.gaveanews.com\/","name":"G\u00e1vea News","description":"Veja todas as not\u00edcias sobre o Flamengo: Contrata\u00e7\u00f5es, categorias de base, resultados das partidas, tabela de classifica\u00e7\u00e3o, pr\u00f3ximos jogos!","potentialAction":[{"@type":"SearchAction","target":{"@type":"EntryPoint","urlTemplate":"https:\/\/www.gaveanews.com\/?s={search_term_string}"},"query-input":{"@type":"PropertyValueSpecification","valueRequired":true,"valueName":"search_term_string"}}],"inLanguage":"pt-BR"},{"@type":"Person","@id":"https:\/\/www.gaveanews.com\/#\/schema\/person\/0277a79a1289c451c281ec0411d84f0c","name":"Andr\u00e9 Serra","image":{"@type":"ImageObject","inLanguage":"pt-BR","@id":"https:\/\/www.gaveanews.com\/#\/schema\/person\/image\/","url":"https:\/\/secure.gravatar.com\/avatar\/d7231369fe48db93292b3e88eb2162dbd9a34a47a8437d9ef3bcaca2a86a83d7?s=96&d=mm&r=g","contentUrl":"https:\/\/secure.gravatar.com\/avatar\/d7231369fe48db93292b3e88eb2162dbd9a34a47a8437d9ef3bcaca2a86a83d7?s=96&d=mm&r=g","caption":"Andr\u00e9 Serra"}}]}},"_links":{"self":[{"href":"https:\/\/www.gaveanews.com\/index.php\/wp-json\/wp\/v2\/posts\/251875","targetHints":{"allow":["GET"]}}],"collection":[{"href":"https:\/\/www.gaveanews.com\/index.php\/wp-json\/wp\/v2\/posts"}],"about":[{"href":"https:\/\/www.gaveanews.com\/index.php\/wp-json\/wp\/v2\/types\/post"}],"author":[{"embeddable":true,"href":"https:\/\/www.gaveanews.com\/index.php\/wp-json\/wp\/v2\/users\/21"}],"replies":[{"embeddable":true,"href":"https:\/\/www.gaveanews.com\/index.php\/wp-json\/wp\/v2\/comments?post=251875"}],"version-history":[{"count":1,"href":"https:\/\/www.gaveanews.com\/index.php\/wp-json\/wp\/v2\/posts\/251875\/revisions"}],"predecessor-version":[{"id":251885,"href":"https:\/\/www.gaveanews.com\/index.php\/wp-json\/wp\/v2\/posts\/251875\/revisions\/251885"}],"wp:featuredmedia":[{"embeddable":true,"href":"https:\/\/www.gaveanews.com\/index.php\/wp-json\/wp\/v2\/media\/177958"}],"wp:attachment":[{"href":"https:\/\/www.gaveanews.com\/index.php\/wp-json\/wp\/v2\/media?parent=251875"}],"wp:term":[{"taxonomy":"category","embeddable":true,"href":"https:\/\/www.gaveanews.com\/index.php\/wp-json\/wp\/v2\/categories?post=251875"},{"taxonomy":"post_tag","embeddable":true,"href":"https:\/\/www.gaveanews.com\/index.php\/wp-json\/wp\/v2\/tags?post=251875"}],"curies":[{"name":"wp","href":"https:\/\/api.w.org\/{rel}","templated":true}]}}