{"id":251967,"date":"2025-04-11T15:20:26","date_gmt":"2025-04-11T18:20:26","guid":{"rendered":"https:\/\/www.gaveanews.com\/?p=251967"},"modified":"2025-04-11T12:41:18","modified_gmt":"2025-04-11T15:41:18","slug":"a-declaracao-de-andre-rizek-sobre-carrillo-do-corinthians","status":"publish","type":"post","link":"https:\/\/www.gaveanews.com\/index.php\/2025\/04\/11\/a-declaracao-de-andre-rizek-sobre-carrillo-do-corinthians\/","title":{"rendered":"A declara\u00e7\u00e3o de Andr\u00e9 Rizek sobre Carrillo, do Corinthians"},"content":{"rendered":"\n<p>Coment\u00e1rios recentes do jornalista Andr\u00e9 Rizek trouxeram \u00e0 tona avalia\u00e7\u00f5es sobre o desempenho de jogadores do Corinthians. Em um v\u00eddeo divulgado na internet na \u00faltima quarta-feira (09), Rizek destacou o impacto positivo do meio-campista Carillo, ao mesmo tempo que observou a performance de outros atletas do elenco alvinegro.<\/p>\n\n\n\n<p>O apresentador do Grupo Globo teceu elogios espec\u00edficos ao jogador peruano, ressaltando o alto n\u00edvel que Carillo tem demonstrado desde sua chegada ao futebol brasileiro. Rizek o considerou um &#8216;baita refor\u00e7o&#8217; para a equipe paulista, sublinhando sua contribui\u00e7\u00e3o em campo.<\/p>\n\n\n\n<h2 class=\"wp-block-heading\" id=\"h-rizek-comenta-desempenho-de-carillo-no-corinthians\">Rizek comenta desempenho de Carillo no Corinthians<\/h2>\n\n\n\n<p>Segundo a an\u00e1lise de Rizek, uma caracter\u00edstica not\u00e1vel de Carillo \u00e9 sua capacidade de manter um ritmo de jogo intenso, independentemente do contexto ou da press\u00e3o da partida. O jornalista apontou que essa intensidade se manifesta de forma consistente.<\/p>\n\n\n\n<p>Ademais, Rizek mencionou a versatilidade t\u00e1tica do meio-campista como outro fator de destaque em suas atua\u00e7\u00f5es pelo Corinthians.<\/p>\n\n\n\n<p>O apresentador conectou a contrata\u00e7\u00e3o de Carillo a um acerto da gest\u00e3o associada \u00e0 fam\u00edlia D\u00edaz, indicando que a vinda do atleta foi uma decis\u00e3o estrat\u00e9gica importante. &#8220;Ele est\u00e1 justificando a cada minuto em campo a import\u00e2ncia que a comiss\u00e3o t\u00e9cnica deu \u00e0 sua vinda&#8221;, comentou Rizek.<\/p>\n\n\n\n<p>Ele ainda exemplificou o impacto do jogador ao citar a partida contra o Am\u00e9rica de Cali, pela Copa Sul-Americana, na qual a entrada de Carillo no intervalo alterou significativamente a din\u00e2mica do jogo para o Corinthians.<\/p>\n\n\n\n<h2 class=\"wp-block-heading\" id=\"h-contraste-com-depay-e-situacao-na-sul-americana\">Contraste com Depay e situa\u00e7\u00e3o na Sul-Americana<\/h2>\n\n\n\n<p>Enquanto elogiava Carillo, Andr\u00e9 Rizek tamb\u00e9m comentou sobre Memphis Depay no mesmo v\u00eddeo. O jornalista observou que, ao contr\u00e1rio do peruano, o desempenho do atacante holand\u00eas tem apresentado oscila\u00e7\u00f5es. Rizek sugeriu que Depay parece escolher momentos espec\u00edficos para se destacar.<\/p>\n\n\n\n<p>Rizek apontou que o camisa 10 teve participa\u00e7\u00f5es menos expressivas em jogos de competi\u00e7\u00f5es continentais, como a Libertadores e a Sul-Americana. Contudo, ele contrastou isso com a atua\u00e7\u00e3o no jogo contra o Vasco pelo campeonato nacional, no qual Depay foi participativo na vit\u00f3ria por 3 a 0.<\/p>\n\n\n\n<p>No cen\u00e1rio da Copa Sul-Americana, o Corinthians obteve seu primeiro ponto ap\u00f3s empatar com o Am\u00e9rica de Cali fora de casa. Com esse resultado, o time ocupa a terceira posi\u00e7\u00e3o no Grupo C. A classifica\u00e7\u00e3o pode se tornar mais complexa dependendo do resultado do confronto entre Hurac\u00e1n e Racing-URU.<\/p>\n\n\n\n<p>Atualmente, o Am\u00e9rica de Cali lidera o grupo com quatro pontos, seguido pelo Hurac\u00e1n, com tr\u00eas. Os argentinos t\u00eam a chance de assumir a lideran\u00e7a caso ven\u00e7am sua partida. Vale lembrar que apenas o primeiro colocado de cada grupo avan\u00e7a diretamente na competi\u00e7\u00e3o.<\/p>\n","protected":false},"excerpt":{"rendered":"<p>Coment\u00e1rios recentes do jornalista Andr\u00e9 Rizek trouxeram \u00e0 tona avalia\u00e7\u00f5es sobre o desempenho de jogadores do Corinthians. Em um v\u00eddeo divulgado na internet na \u00faltima quarta-feira (09), Rizek destacou o impacto positivo do meio-campista Carillo, ao mesmo tempo que observou a performance de outros atletas do elenco alvinegro. O apresentador do Grupo Globo teceu elogios [&hellip;]<\/p>\n","protected":false},"author":28,"featured_media":101875,"comment_status":"open","ping_status":"closed","sticky":false,"template":"","format":"standard","meta":{"footnotes":""},"categories":[141],"tags":[],"class_list":["post-251967","post","type-post","status-publish","format-standard","has-post-thumbnail","hentry","category-corinthians"],"yoast_head":"<!-- This site is optimized with the Yoast SEO Premium plugin v24.2 (Yoast SEO v26.9) - https:\/\/yoast.com\/product\/yoast-seo-premium-wordpress\/ -->\n<title>A declara\u00e7\u00e3o de Andr\u00e9 Rizek sobre Carrillo, do Corinthians<\/title>\n<meta name=\"robots\" content=\"index, follow, max-snippet:-1, max-image-preview:large, max-video-preview:-1\" \/>\n<link rel=\"canonical\" href=\"https:\/\/www.gaveanews.com\/index.php\/2025\/04\/11\/a-declaracao-de-andre-rizek-sobre-carrillo-do-corinthians\/\" \/>\n<meta property=\"og:locale\" content=\"pt_BR\" \/>\n<meta property=\"og:type\" content=\"article\" \/>\n<meta property=\"og:title\" content=\"A declara\u00e7\u00e3o de Andr\u00e9 Rizek sobre Carrillo, do Corinthians\" \/>\n<meta property=\"og:description\" content=\"Coment\u00e1rios recentes do jornalista Andr\u00e9 Rizek trouxeram \u00e0 tona avalia\u00e7\u00f5es sobre o desempenho de jogadores do Corinthians. Em um v\u00eddeo divulgado na internet na \u00faltima quarta-feira (09), Rizek destacou o impacto positivo do meio-campista Carillo, ao mesmo tempo que observou a performance de outros atletas do elenco alvinegro. O apresentador do Grupo Globo teceu elogios [&hellip;]\" \/>\n<meta property=\"og:url\" content=\"https:\/\/www.gaveanews.com\/index.php\/2025\/04\/11\/a-declaracao-de-andre-rizek-sobre-carrillo-do-corinthians\/\" \/>\n<meta property=\"og:site_name\" content=\"G\u00e1vea News\" \/>\n<meta property=\"article:publisher\" content=\"https:\/\/facebook.com\/gaveaNews\/\" \/>\n<meta property=\"article:published_time\" content=\"2025-04-11T18:20:26+00:00\" \/>\n<meta property=\"og:image\" content=\"https:\/\/www.gaveanews.com\/wp-content\/uploads\/Andre-Rizek-durante-um-programa-do-SporTV.webp\" \/>\n\t<meta property=\"og:image:width\" content=\"795\" \/>\n\t<meta property=\"og:image:height\" content=\"448\" \/>\n\t<meta property=\"og:image:type\" content=\"image\/jpeg\" \/>\n<meta name=\"author\" content=\"Hudson Pereira\" \/>\n<meta name=\"twitter:card\" content=\"summary_large_image\" \/>\n<meta name=\"twitter:label1\" content=\"Escrito por\" \/>\n\t<meta name=\"twitter:data1\" content=\"Hudson Pereira\" \/>\n\t<meta name=\"twitter:label2\" content=\"Est. tempo de leitura\" \/>\n\t<meta name=\"twitter:data2\" content=\"3 minutos\" \/>\n<script type=\"application\/ld+json\" class=\"yoast-schema-graph\">{\"@context\":\"https:\/\/schema.org\",\"@graph\":[{\"@type\":\"NewsArticle\",\"@id\":\"https:\/\/www.gaveanews.com\/index.php\/2025\/04\/11\/a-declaracao-de-andre-rizek-sobre-carrillo-do-corinthians\/#article\",\"isPartOf\":{\"@id\":\"https:\/\/www.gaveanews.com\/index.php\/2025\/04\/11\/a-declaracao-de-andre-rizek-sobre-carrillo-do-corinthians\/\"},\"author\":{\"name\":\"Hudson Pereira\",\"@id\":\"https:\/\/www.gaveanews.com\/#\/schema\/person\/bd08f00534b403119b92741a6d469ef0\"},\"headline\":\"A declara\u00e7\u00e3o de Andr\u00e9 Rizek sobre Carrillo, do Corinthians\",\"datePublished\":\"2025-04-11T18:20:26+00:00\",\"mainEntityOfPage\":{\"@id\":\"https:\/\/www.gaveanews.com\/index.php\/2025\/04\/11\/a-declaracao-de-andre-rizek-sobre-carrillo-do-corinthians\/\"},\"wordCount\":472,\"commentCount\":0,\"image\":{\"@id\":\"https:\/\/www.gaveanews.com\/index.php\/2025\/04\/11\/a-declaracao-de-andre-rizek-sobre-carrillo-do-corinthians\/#primaryimage\"},\"thumbnailUrl\":\"https:\/\/www.gaveanews.com\/wp-content\/uploads\/Andre-Rizek-durante-um-programa-do-SporTV.webp\",\"articleSection\":[\"Corinthians\"],\"inLanguage\":\"pt-BR\",\"potentialAction\":[{\"@type\":\"CommentAction\",\"name\":\"Comment\",\"target\":[\"https:\/\/www.gaveanews.com\/index.php\/2025\/04\/11\/a-declaracao-de-andre-rizek-sobre-carrillo-do-corinthians\/#respond\"]}],\"copyrightYear\":\"2025\",\"copyrightHolder\":{\"@id\":\"https:\/\/www.gaveanews.com\/#organization\"}},{\"@type\":\"WebPage\",\"@id\":\"https:\/\/www.gaveanews.com\/index.php\/2025\/04\/11\/a-declaracao-de-andre-rizek-sobre-carrillo-do-corinthians\/\",\"url\":\"https:\/\/www.gaveanews.com\/index.php\/2025\/04\/11\/a-declaracao-de-andre-rizek-sobre-carrillo-do-corinthians\/\",\"name\":\"A declara\u00e7\u00e3o de Andr\u00e9 Rizek sobre Carrillo, do Corinthians\",\"isPartOf\":{\"@id\":\"https:\/\/www.gaveanews.com\/#website\"},\"primaryImageOfPage\":{\"@id\":\"https:\/\/www.gaveanews.com\/index.php\/2025\/04\/11\/a-declaracao-de-andre-rizek-sobre-carrillo-do-corinthians\/#primaryimage\"},\"image\":{\"@id\":\"https:\/\/www.gaveanews.com\/index.php\/2025\/04\/11\/a-declaracao-de-andre-rizek-sobre-carrillo-do-corinthians\/#primaryimage\"},\"thumbnailUrl\":\"https:\/\/www.gaveanews.com\/wp-content\/uploads\/Andre-Rizek-durante-um-programa-do-SporTV.webp\",\"datePublished\":\"2025-04-11T18:20:26+00:00\",\"author\":{\"@id\":\"https:\/\/www.gaveanews.com\/#\/schema\/person\/bd08f00534b403119b92741a6d469ef0\"},\"breadcrumb\":{\"@id\":\"https:\/\/www.gaveanews.com\/index.php\/2025\/04\/11\/a-declaracao-de-andre-rizek-sobre-carrillo-do-corinthians\/#breadcrumb\"},\"inLanguage\":\"pt-BR\",\"potentialAction\":[{\"@type\":\"ReadAction\",\"target\":[\"https:\/\/www.gaveanews.com\/index.php\/2025\/04\/11\/a-declaracao-de-andre-rizek-sobre-carrillo-do-corinthians\/\"]}]},{\"@type\":\"ImageObject\",\"inLanguage\":\"pt-BR\",\"@id\":\"https:\/\/www.gaveanews.com\/index.php\/2025\/04\/11\/a-declaracao-de-andre-rizek-sobre-carrillo-do-corinthians\/#primaryimage\",\"url\":\"https:\/\/www.gaveanews.com\/wp-content\/uploads\/Andre-Rizek-durante-um-programa-do-SporTV.webp\",\"contentUrl\":\"https:\/\/www.gaveanews.com\/wp-content\/uploads\/Andre-Rizek-durante-um-programa-do-SporTV.webp\",\"width\":795,\"height\":448,\"caption\":\"Andr\u00e9 Rizek durante um programa do SporTV (Foto: Reprodu\u00e7\u00e3o\/SporTV)\"},{\"@type\":\"BreadcrumbList\",\"@id\":\"https:\/\/www.gaveanews.com\/index.php\/2025\/04\/11\/a-declaracao-de-andre-rizek-sobre-carrillo-do-corinthians\/#breadcrumb\",\"itemListElement\":[{\"@type\":\"ListItem\",\"position\":1,\"name\":\"Home\",\"item\":\"https:\/\/www.gaveanews.com\/\"},{\"@type\":\"ListItem\",\"position\":2,\"name\":\"A declara\u00e7\u00e3o de Andr\u00e9 Rizek sobre Carrillo, do Corinthians\"}]},{\"@type\":\"WebSite\",\"@id\":\"https:\/\/www.gaveanews.com\/#website\",\"url\":\"https:\/\/www.gaveanews.com\/\",\"name\":\"G\u00e1vea News\",\"description\":\"Veja todas as not\u00edcias sobre o Flamengo: Contrata\u00e7\u00f5es, categorias de base, resultados das partidas, tabela de classifica\u00e7\u00e3o, pr\u00f3ximos jogos!\",\"potentialAction\":[{\"@type\":\"SearchAction\",\"target\":{\"@type\":\"EntryPoint\",\"urlTemplate\":\"https:\/\/www.gaveanews.com\/?s={search_term_string}\"},\"query-input\":{\"@type\":\"PropertyValueSpecification\",\"valueRequired\":true,\"valueName\":\"search_term_string\"}}],\"inLanguage\":\"pt-BR\"},{\"@type\":\"Person\",\"@id\":\"https:\/\/www.gaveanews.com\/#\/schema\/person\/bd08f00534b403119b92741a6d469ef0\",\"name\":\"Hudson Pereira\",\"image\":{\"@type\":\"ImageObject\",\"inLanguage\":\"pt-BR\",\"@id\":\"https:\/\/www.gaveanews.com\/#\/schema\/person\/image\/\",\"url\":\"https:\/\/secure.gravatar.com\/avatar\/ecc491b489e454e510efffc9b23c1052ce5fb4f2e05555768ba65819cd55f03e?s=96&d=mm&r=g\",\"contentUrl\":\"https:\/\/secure.gravatar.com\/avatar\/ecc491b489e454e510efffc9b23c1052ce5fb4f2e05555768ba65819cd55f03e?s=96&d=mm&r=g\",\"caption\":\"Hudson Pereira\"}}]}<\/script>\n<!-- \/ Yoast SEO Premium plugin. -->","yoast_head_json":{"title":"A declara\u00e7\u00e3o de Andr\u00e9 Rizek sobre Carrillo, do Corinthians","robots":{"index":"index","follow":"follow","max-snippet":"max-snippet:-1","max-image-preview":"max-image-preview:large","max-video-preview":"max-video-preview:-1"},"canonical":"https:\/\/www.gaveanews.com\/index.php\/2025\/04\/11\/a-declaracao-de-andre-rizek-sobre-carrillo-do-corinthians\/","og_locale":"pt_BR","og_type":"article","og_title":"A declara\u00e7\u00e3o de Andr\u00e9 Rizek sobre Carrillo, do Corinthians","og_description":"Coment\u00e1rios recentes do jornalista Andr\u00e9 Rizek trouxeram \u00e0 tona avalia\u00e7\u00f5es sobre o desempenho de jogadores do Corinthians. Em um v\u00eddeo divulgado na internet na \u00faltima quarta-feira (09), Rizek destacou o impacto positivo do meio-campista Carillo, ao mesmo tempo que observou a performance de outros atletas do elenco alvinegro. O apresentador do Grupo Globo teceu elogios [&hellip;]","og_url":"https:\/\/www.gaveanews.com\/index.php\/2025\/04\/11\/a-declaracao-de-andre-rizek-sobre-carrillo-do-corinthians\/","og_site_name":"G\u00e1vea News","article_publisher":"https:\/\/facebook.com\/gaveaNews\/","article_published_time":"2025-04-11T18:20:26+00:00","og_image":[{"width":795,"height":448,"url":"https:\/\/www.gaveanews.com\/wp-content\/uploads\/Andre-Rizek-durante-um-programa-do-SporTV.webp","type":"image\/jpeg"}],"author":"Hudson Pereira","twitter_card":"summary_large_image","twitter_misc":{"Escrito por":"Hudson Pereira","Est. tempo de leitura":"3 minutos"},"schema":{"@context":"https:\/\/schema.org","@graph":[{"@type":"NewsArticle","@id":"https:\/\/www.gaveanews.com\/index.php\/2025\/04\/11\/a-declaracao-de-andre-rizek-sobre-carrillo-do-corinthians\/#article","isPartOf":{"@id":"https:\/\/www.gaveanews.com\/index.php\/2025\/04\/11\/a-declaracao-de-andre-rizek-sobre-carrillo-do-corinthians\/"},"author":{"name":"Hudson Pereira","@id":"https:\/\/www.gaveanews.com\/#\/schema\/person\/bd08f00534b403119b92741a6d469ef0"},"headline":"A declara\u00e7\u00e3o de Andr\u00e9 Rizek sobre Carrillo, do Corinthians","datePublished":"2025-04-11T18:20:26+00:00","mainEntityOfPage":{"@id":"https:\/\/www.gaveanews.com\/index.php\/2025\/04\/11\/a-declaracao-de-andre-rizek-sobre-carrillo-do-corinthians\/"},"wordCount":472,"commentCount":0,"image":{"@id":"https:\/\/www.gaveanews.com\/index.php\/2025\/04\/11\/a-declaracao-de-andre-rizek-sobre-carrillo-do-corinthians\/#primaryimage"},"thumbnailUrl":"https:\/\/www.gaveanews.com\/wp-content\/uploads\/Andre-Rizek-durante-um-programa-do-SporTV.webp","articleSection":["Corinthians"],"inLanguage":"pt-BR","potentialAction":[{"@type":"CommentAction","name":"Comment","target":["https:\/\/www.gaveanews.com\/index.php\/2025\/04\/11\/a-declaracao-de-andre-rizek-sobre-carrillo-do-corinthians\/#respond"]}],"copyrightYear":"2025","copyrightHolder":{"@id":"https:\/\/www.gaveanews.com\/#organization"}},{"@type":"WebPage","@id":"https:\/\/www.gaveanews.com\/index.php\/2025\/04\/11\/a-declaracao-de-andre-rizek-sobre-carrillo-do-corinthians\/","url":"https:\/\/www.gaveanews.com\/index.php\/2025\/04\/11\/a-declaracao-de-andre-rizek-sobre-carrillo-do-corinthians\/","name":"A declara\u00e7\u00e3o de Andr\u00e9 Rizek sobre Carrillo, do Corinthians","isPartOf":{"@id":"https:\/\/www.gaveanews.com\/#website"},"primaryImageOfPage":{"@id":"https:\/\/www.gaveanews.com\/index.php\/2025\/04\/11\/a-declaracao-de-andre-rizek-sobre-carrillo-do-corinthians\/#primaryimage"},"image":{"@id":"https:\/\/www.gaveanews.com\/index.php\/2025\/04\/11\/a-declaracao-de-andre-rizek-sobre-carrillo-do-corinthians\/#primaryimage"},"thumbnailUrl":"https:\/\/www.gaveanews.com\/wp-content\/uploads\/Andre-Rizek-durante-um-programa-do-SporTV.webp","datePublished":"2025-04-11T18:20:26+00:00","author":{"@id":"https:\/\/www.gaveanews.com\/#\/schema\/person\/bd08f00534b403119b92741a6d469ef0"},"breadcrumb":{"@id":"https:\/\/www.gaveanews.com\/index.php\/2025\/04\/11\/a-declaracao-de-andre-rizek-sobre-carrillo-do-corinthians\/#breadcrumb"},"inLanguage":"pt-BR","potentialAction":[{"@type":"ReadAction","target":["https:\/\/www.gaveanews.com\/index.php\/2025\/04\/11\/a-declaracao-de-andre-rizek-sobre-carrillo-do-corinthians\/"]}]},{"@type":"ImageObject","inLanguage":"pt-BR","@id":"https:\/\/www.gaveanews.com\/index.php\/2025\/04\/11\/a-declaracao-de-andre-rizek-sobre-carrillo-do-corinthians\/#primaryimage","url":"https:\/\/www.gaveanews.com\/wp-content\/uploads\/Andre-Rizek-durante-um-programa-do-SporTV.webp","contentUrl":"https:\/\/www.gaveanews.com\/wp-content\/uploads\/Andre-Rizek-durante-um-programa-do-SporTV.webp","width":795,"height":448,"caption":"Andr\u00e9 Rizek durante um programa do SporTV (Foto: Reprodu\u00e7\u00e3o\/SporTV)"},{"@type":"BreadcrumbList","@id":"https:\/\/www.gaveanews.com\/index.php\/2025\/04\/11\/a-declaracao-de-andre-rizek-sobre-carrillo-do-corinthians\/#breadcrumb","itemListElement":[{"@type":"ListItem","position":1,"name":"Home","item":"https:\/\/www.gaveanews.com\/"},{"@type":"ListItem","position":2,"name":"A declara\u00e7\u00e3o de Andr\u00e9 Rizek sobre Carrillo, do Corinthians"}]},{"@type":"WebSite","@id":"https:\/\/www.gaveanews.com\/#website","url":"https:\/\/www.gaveanews.com\/","name":"G\u00e1vea News","description":"Veja todas as not\u00edcias sobre o Flamengo: Contrata\u00e7\u00f5es, categorias de base, resultados das partidas, tabela de classifica\u00e7\u00e3o, pr\u00f3ximos jogos!","potentialAction":[{"@type":"SearchAction","target":{"@type":"EntryPoint","urlTemplate":"https:\/\/www.gaveanews.com\/?s={search_term_string}"},"query-input":{"@type":"PropertyValueSpecification","valueRequired":true,"valueName":"search_term_string"}}],"inLanguage":"pt-BR"},{"@type":"Person","@id":"https:\/\/www.gaveanews.com\/#\/schema\/person\/bd08f00534b403119b92741a6d469ef0","name":"Hudson Pereira","image":{"@type":"ImageObject","inLanguage":"pt-BR","@id":"https:\/\/www.gaveanews.com\/#\/schema\/person\/image\/","url":"https:\/\/secure.gravatar.com\/avatar\/ecc491b489e454e510efffc9b23c1052ce5fb4f2e05555768ba65819cd55f03e?s=96&d=mm&r=g","contentUrl":"https:\/\/secure.gravatar.com\/avatar\/ecc491b489e454e510efffc9b23c1052ce5fb4f2e05555768ba65819cd55f03e?s=96&d=mm&r=g","caption":"Hudson Pereira"}}]}},"_links":{"self":[{"href":"https:\/\/www.gaveanews.com\/index.php\/wp-json\/wp\/v2\/posts\/251967","targetHints":{"allow":["GET"]}}],"collection":[{"href":"https:\/\/www.gaveanews.com\/index.php\/wp-json\/wp\/v2\/posts"}],"about":[{"href":"https:\/\/www.gaveanews.com\/index.php\/wp-json\/wp\/v2\/types\/post"}],"author":[{"embeddable":true,"href":"https:\/\/www.gaveanews.com\/index.php\/wp-json\/wp\/v2\/users\/28"}],"replies":[{"embeddable":true,"href":"https:\/\/www.gaveanews.com\/index.php\/wp-json\/wp\/v2\/comments?post=251967"}],"version-history":[{"count":1,"href":"https:\/\/www.gaveanews.com\/index.php\/wp-json\/wp\/v2\/posts\/251967\/revisions"}],"predecessor-version":[{"id":251976,"href":"https:\/\/www.gaveanews.com\/index.php\/wp-json\/wp\/v2\/posts\/251967\/revisions\/251976"}],"wp:featuredmedia":[{"embeddable":true,"href":"https:\/\/www.gaveanews.com\/index.php\/wp-json\/wp\/v2\/media\/101875"}],"wp:attachment":[{"href":"https:\/\/www.gaveanews.com\/index.php\/wp-json\/wp\/v2\/media?parent=251967"}],"wp:term":[{"taxonomy":"category","embeddable":true,"href":"https:\/\/www.gaveanews.com\/index.php\/wp-json\/wp\/v2\/categories?post=251967"},{"taxonomy":"post_tag","embeddable":true,"href":"https:\/\/www.gaveanews.com\/index.php\/wp-json\/wp\/v2\/tags?post=251967"}],"curies":[{"name":"wp","href":"https:\/\/api.w.org\/{rel}","templated":true}]}}