{"id":251978,"date":"2025-04-10T19:16:06","date_gmt":"2025-04-10T22:16:06","guid":{"rendered":"https:\/\/www.gaveanews.com\/?p=251978"},"modified":"2025-04-10T19:16:09","modified_gmt":"2025-04-10T22:16:09","slug":"wesley-xinga-torcedor-do-flamengo-nas-redes-sociais","status":"publish","type":"post","link":"https:\/\/www.gaveanews.com\/index.php\/2025\/04\/10\/wesley-xinga-torcedor-do-flamengo-nas-redes-sociais\/","title":{"rendered":"Wesley xinga torcedor do Flamengo nas redes sociais"},"content":{"rendered":"\n<p>A derrota do Flamengo para o Central C\u00f3rdoba, da Argentina, pela fase de grupos da Libertadores, trouxe desdobramentos al\u00e9m das quatro linhas. A rea\u00e7\u00e3o negativa de parte da torcida nas redes sociais culminou em uma pol\u00eamica envolvendo o lateral-direito Wesley, que respondeu com firmeza a uma cobran\u00e7a feita por um torcedor.<\/p>\n\n\n\n<p>Revelado pelas categorias de base do clube, Wesley recebeu cr\u00edticas em seu perfil no Instagram. O defensor, que tem atuado com frequ\u00eancia sob o comando de Filipe Lu\u00eds, n\u00e3o gostou das palavras recebidas e respondeu por mensagens diretas. A conversa, posteriormente publicada pelo torcedor, ganhou grande repercuss\u00e3o e gerou debate entre torcedores e comentaristas.<\/p>\n\n\n\n<p>&#8220;Vai tomar no c*, rapa. Depois vem babar meu ovo: melhor lateral. Torcedor modinha do car***. Quando t\u00e1 ganhando \u00e9 f\u00e1cil n\u00e9&#8221;, escreveu o jogador em resposta a um coment\u00e1rio ofensivo. Em seguida, acrescentou: &#8220;N\u00e3o f*** rapa. Ou t\u00e1 achando que eu erro de prop\u00f3sito? T\u00f4 tentando. Vou errar v\u00e1rios e vou acertar tamb\u00e9m irm\u00e3o. F\u00e9!&#8221;.<\/p>\n\n\n\n<p>A rea\u00e7\u00e3o de Wesley evidencia o clima tenso que se instalou ap\u00f3s o resultado adverso. Afinal, o rev\u00e9s para um advers\u00e1rio considerado tecnicamente inferior gerou press\u00e3o sobre o elenco. Ali\u00e1s, a atua\u00e7\u00e3o do time foi alvo de cr\u00edticas n\u00e3o apenas de torcedores, mas tamb\u00e9m de ex-jogadores e comentaristas esportivos.<\/p>\n\n\n\n<p>Conforme publicado, o atleta refor\u00e7ou que n\u00e3o tem a inten\u00e7\u00e3o de errar nas partidas e que busca sempre entregar o melhor desempenho. Contudo, seu tom nas mensagens foi interpretado por parte dos torcedores como agressivo e desnecess\u00e1rio, especialmente em um momento de instabilidade coletiva da equipe.<\/p>\n\n\n\n<p>O epis\u00f3dio envolvendo Wesley escancara, acima de tudo, a tens\u00e3o existente entre jogadores e torcedores em momentos de resultados negativos. Apesar disso, o foco do elenco passa a ser o compromisso no Brasileir\u00e3o e a confian\u00e7a para a sequ\u00eancia da temporada.<\/p>\n\n\n\n<p>O Flamengo volta a campo no domingo (13 de abril), \u00e0s 17h30 (hor\u00e1rio de Bras\u00edlia), quando enfrenta o Gr\u00eamio, fora de casa, pela terceira rodada do Campeonato Brasileiro.<\/p>\n\n\n\n<p><\/p>\n\n\n\n<p><\/p>\n\n\n\n<p><\/p>\n","protected":false},"excerpt":{"rendered":"<p>A derrota do Flamengo para o Central C\u00f3rdoba, da Argentina, pela fase de grupos da Libertadores, trouxe desdobramentos al\u00e9m das quatro linhas. A rea\u00e7\u00e3o negativa de parte da torcida nas redes sociais culminou em uma pol\u00eamica envolvendo o lateral-direito Wesley, que respondeu com firmeza a uma cobran\u00e7a feita por um torcedor. Revelado pelas categorias de [&hellip;]<\/p>\n","protected":false},"author":18,"featured_media":159864,"comment_status":"open","ping_status":"closed","sticky":false,"template":"","format":"standard","meta":{"footnotes":""},"categories":[1],"tags":[],"class_list":["post-251978","post","type-post","status-publish","format-standard","has-post-thumbnail","hentry","category-flamengo"],"yoast_head":"<!-- This site is optimized with the Yoast SEO Premium plugin v24.2 (Yoast SEO v26.9) - https:\/\/yoast.com\/product\/yoast-seo-premium-wordpress\/ -->\n<title>Wesley xinga torcedor do Flamengo nas redes sociais<\/title>\n<meta name=\"robots\" content=\"index, follow, max-snippet:-1, max-image-preview:large, max-video-preview:-1\" \/>\n<link rel=\"canonical\" href=\"https:\/\/www.gaveanews.com\/index.php\/2025\/04\/10\/wesley-xinga-torcedor-do-flamengo-nas-redes-sociais\/\" \/>\n<meta property=\"og:locale\" content=\"pt_BR\" \/>\n<meta property=\"og:type\" content=\"article\" \/>\n<meta property=\"og:title\" content=\"Wesley xinga torcedor do Flamengo nas redes sociais\" \/>\n<meta property=\"og:description\" content=\"A derrota do Flamengo para o Central C\u00f3rdoba, da Argentina, pela fase de grupos da Libertadores, trouxe desdobramentos al\u00e9m das quatro linhas. A rea\u00e7\u00e3o negativa de parte da torcida nas redes sociais culminou em uma pol\u00eamica envolvendo o lateral-direito Wesley, que respondeu com firmeza a uma cobran\u00e7a feita por um torcedor. Revelado pelas categorias de [&hellip;]\" \/>\n<meta property=\"og:url\" content=\"https:\/\/www.gaveanews.com\/index.php\/2025\/04\/10\/wesley-xinga-torcedor-do-flamengo-nas-redes-sociais\/\" \/>\n<meta property=\"og:site_name\" content=\"G\u00e1vea News\" \/>\n<meta property=\"article:publisher\" content=\"https:\/\/facebook.com\/gaveaNews\/\" \/>\n<meta property=\"article:published_time\" content=\"2025-04-10T22:16:06+00:00\" \/>\n<meta property=\"article:modified_time\" content=\"2025-04-10T22:16:09+00:00\" \/>\n<meta property=\"og:image\" content=\"http:\/\/www.gaveanews.com\/wp-content\/uploads\/Wesley-em-acao-pelo-Flamengo.webp\" \/>\n\t<meta property=\"og:image:width\" content=\"860\" \/>\n\t<meta property=\"og:image:height\" content=\"484\" \/>\n\t<meta property=\"og:image:type\" content=\"image\/jpeg\" \/>\n<meta name=\"author\" content=\"Paula Silva\" \/>\n<meta name=\"twitter:card\" content=\"summary_large_image\" \/>\n<meta name=\"twitter:label1\" content=\"Escrito por\" \/>\n\t<meta name=\"twitter:data1\" content=\"Paula Silva\" \/>\n\t<meta name=\"twitter:label2\" content=\"Est. tempo de leitura\" \/>\n\t<meta name=\"twitter:data2\" content=\"2 minutos\" \/>\n<script type=\"application\/ld+json\" class=\"yoast-schema-graph\">{\"@context\":\"https:\/\/schema.org\",\"@graph\":[{\"@type\":\"NewsArticle\",\"@id\":\"https:\/\/www.gaveanews.com\/index.php\/2025\/04\/10\/wesley-xinga-torcedor-do-flamengo-nas-redes-sociais\/#article\",\"isPartOf\":{\"@id\":\"https:\/\/www.gaveanews.com\/index.php\/2025\/04\/10\/wesley-xinga-torcedor-do-flamengo-nas-redes-sociais\/\"},\"author\":{\"name\":\"Paula Silva\",\"@id\":\"https:\/\/www.gaveanews.com\/#\/schema\/person\/daf63eec72e1164eb13dc35096c2b8da\"},\"headline\":\"Wesley xinga torcedor do Flamengo nas redes sociais\",\"datePublished\":\"2025-04-10T22:16:06+00:00\",\"dateModified\":\"2025-04-10T22:16:09+00:00\",\"mainEntityOfPage\":{\"@id\":\"https:\/\/www.gaveanews.com\/index.php\/2025\/04\/10\/wesley-xinga-torcedor-do-flamengo-nas-redes-sociais\/\"},\"wordCount\":370,\"commentCount\":0,\"image\":{\"@id\":\"https:\/\/www.gaveanews.com\/index.php\/2025\/04\/10\/wesley-xinga-torcedor-do-flamengo-nas-redes-sociais\/#primaryimage\"},\"thumbnailUrl\":\"https:\/\/www.gaveanews.com\/wp-content\/uploads\/Wesley-em-acao-pelo-Flamengo.webp\",\"articleSection\":[\"Flamengo\"],\"inLanguage\":\"pt-BR\",\"potentialAction\":[{\"@type\":\"CommentAction\",\"name\":\"Comment\",\"target\":[\"https:\/\/www.gaveanews.com\/index.php\/2025\/04\/10\/wesley-xinga-torcedor-do-flamengo-nas-redes-sociais\/#respond\"]}],\"copyrightYear\":\"2025\",\"copyrightHolder\":{\"@id\":\"https:\/\/www.gaveanews.com\/#organization\"}},{\"@type\":\"WebPage\",\"@id\":\"https:\/\/www.gaveanews.com\/index.php\/2025\/04\/10\/wesley-xinga-torcedor-do-flamengo-nas-redes-sociais\/\",\"url\":\"https:\/\/www.gaveanews.com\/index.php\/2025\/04\/10\/wesley-xinga-torcedor-do-flamengo-nas-redes-sociais\/\",\"name\":\"Wesley xinga torcedor do Flamengo nas redes sociais\",\"isPartOf\":{\"@id\":\"https:\/\/www.gaveanews.com\/#website\"},\"primaryImageOfPage\":{\"@id\":\"https:\/\/www.gaveanews.com\/index.php\/2025\/04\/10\/wesley-xinga-torcedor-do-flamengo-nas-redes-sociais\/#primaryimage\"},\"image\":{\"@id\":\"https:\/\/www.gaveanews.com\/index.php\/2025\/04\/10\/wesley-xinga-torcedor-do-flamengo-nas-redes-sociais\/#primaryimage\"},\"thumbnailUrl\":\"https:\/\/www.gaveanews.com\/wp-content\/uploads\/Wesley-em-acao-pelo-Flamengo.webp\",\"datePublished\":\"2025-04-10T22:16:06+00:00\",\"dateModified\":\"2025-04-10T22:16:09+00:00\",\"author\":{\"@id\":\"https:\/\/www.gaveanews.com\/#\/schema\/person\/daf63eec72e1164eb13dc35096c2b8da\"},\"breadcrumb\":{\"@id\":\"https:\/\/www.gaveanews.com\/index.php\/2025\/04\/10\/wesley-xinga-torcedor-do-flamengo-nas-redes-sociais\/#breadcrumb\"},\"inLanguage\":\"pt-BR\",\"potentialAction\":[{\"@type\":\"ReadAction\",\"target\":[\"https:\/\/www.gaveanews.com\/index.php\/2025\/04\/10\/wesley-xinga-torcedor-do-flamengo-nas-redes-sociais\/\"]}]},{\"@type\":\"ImageObject\",\"inLanguage\":\"pt-BR\",\"@id\":\"https:\/\/www.gaveanews.com\/index.php\/2025\/04\/10\/wesley-xinga-torcedor-do-flamengo-nas-redes-sociais\/#primaryimage\",\"url\":\"https:\/\/www.gaveanews.com\/wp-content\/uploads\/Wesley-em-acao-pelo-Flamengo.webp\",\"contentUrl\":\"https:\/\/www.gaveanews.com\/wp-content\/uploads\/Wesley-em-acao-pelo-Flamengo.webp\",\"width\":860,\"height\":484,\"caption\":\"Wesley em a\u00e7\u00e3o pelo Flamengo (Foto: Reprodu\u00e7\u00e3o\/Instagram Wesley)\"},{\"@type\":\"BreadcrumbList\",\"@id\":\"https:\/\/www.gaveanews.com\/index.php\/2025\/04\/10\/wesley-xinga-torcedor-do-flamengo-nas-redes-sociais\/#breadcrumb\",\"itemListElement\":[{\"@type\":\"ListItem\",\"position\":1,\"name\":\"Home\",\"item\":\"https:\/\/www.gaveanews.com\/\"},{\"@type\":\"ListItem\",\"position\":2,\"name\":\"Wesley xinga torcedor do Flamengo nas redes sociais\"}]},{\"@type\":\"WebSite\",\"@id\":\"https:\/\/www.gaveanews.com\/#website\",\"url\":\"https:\/\/www.gaveanews.com\/\",\"name\":\"G\u00e1vea News\",\"description\":\"Veja todas as not\u00edcias sobre o Flamengo: Contrata\u00e7\u00f5es, categorias de base, resultados das partidas, tabela de classifica\u00e7\u00e3o, pr\u00f3ximos jogos!\",\"potentialAction\":[{\"@type\":\"SearchAction\",\"target\":{\"@type\":\"EntryPoint\",\"urlTemplate\":\"https:\/\/www.gaveanews.com\/?s={search_term_string}\"},\"query-input\":{\"@type\":\"PropertyValueSpecification\",\"valueRequired\":true,\"valueName\":\"search_term_string\"}}],\"inLanguage\":\"pt-BR\"},{\"@type\":\"Person\",\"@id\":\"https:\/\/www.gaveanews.com\/#\/schema\/person\/daf63eec72e1164eb13dc35096c2b8da\",\"name\":\"Paula Silva\",\"image\":{\"@type\":\"ImageObject\",\"inLanguage\":\"pt-BR\",\"@id\":\"https:\/\/www.gaveanews.com\/#\/schema\/person\/image\/\",\"url\":\"https:\/\/secure.gravatar.com\/avatar\/eda381c845527cc5d64c13b901833cda29d97500ba040d3e6461f76f51d163bb?s=96&d=mm&r=g\",\"contentUrl\":\"https:\/\/secure.gravatar.com\/avatar\/eda381c845527cc5d64c13b901833cda29d97500ba040d3e6461f76f51d163bb?s=96&d=mm&r=g\",\"caption\":\"Paula Silva\"}}]}<\/script>\n<!-- \/ Yoast SEO Premium plugin. -->","yoast_head_json":{"title":"Wesley xinga torcedor do Flamengo nas redes sociais","robots":{"index":"index","follow":"follow","max-snippet":"max-snippet:-1","max-image-preview":"max-image-preview:large","max-video-preview":"max-video-preview:-1"},"canonical":"https:\/\/www.gaveanews.com\/index.php\/2025\/04\/10\/wesley-xinga-torcedor-do-flamengo-nas-redes-sociais\/","og_locale":"pt_BR","og_type":"article","og_title":"Wesley xinga torcedor do Flamengo nas redes sociais","og_description":"A derrota do Flamengo para o Central C\u00f3rdoba, da Argentina, pela fase de grupos da Libertadores, trouxe desdobramentos al\u00e9m das quatro linhas. A rea\u00e7\u00e3o negativa de parte da torcida nas redes sociais culminou em uma pol\u00eamica envolvendo o lateral-direito Wesley, que respondeu com firmeza a uma cobran\u00e7a feita por um torcedor. Revelado pelas categorias de [&hellip;]","og_url":"https:\/\/www.gaveanews.com\/index.php\/2025\/04\/10\/wesley-xinga-torcedor-do-flamengo-nas-redes-sociais\/","og_site_name":"G\u00e1vea News","article_publisher":"https:\/\/facebook.com\/gaveaNews\/","article_published_time":"2025-04-10T22:16:06+00:00","article_modified_time":"2025-04-10T22:16:09+00:00","og_image":[{"width":860,"height":484,"url":"http:\/\/www.gaveanews.com\/wp-content\/uploads\/Wesley-em-acao-pelo-Flamengo.webp","type":"image\/jpeg"}],"author":"Paula Silva","twitter_card":"summary_large_image","twitter_misc":{"Escrito por":"Paula Silva","Est. tempo de leitura":"2 minutos"},"schema":{"@context":"https:\/\/schema.org","@graph":[{"@type":"NewsArticle","@id":"https:\/\/www.gaveanews.com\/index.php\/2025\/04\/10\/wesley-xinga-torcedor-do-flamengo-nas-redes-sociais\/#article","isPartOf":{"@id":"https:\/\/www.gaveanews.com\/index.php\/2025\/04\/10\/wesley-xinga-torcedor-do-flamengo-nas-redes-sociais\/"},"author":{"name":"Paula Silva","@id":"https:\/\/www.gaveanews.com\/#\/schema\/person\/daf63eec72e1164eb13dc35096c2b8da"},"headline":"Wesley xinga torcedor do Flamengo nas redes sociais","datePublished":"2025-04-10T22:16:06+00:00","dateModified":"2025-04-10T22:16:09+00:00","mainEntityOfPage":{"@id":"https:\/\/www.gaveanews.com\/index.php\/2025\/04\/10\/wesley-xinga-torcedor-do-flamengo-nas-redes-sociais\/"},"wordCount":370,"commentCount":0,"image":{"@id":"https:\/\/www.gaveanews.com\/index.php\/2025\/04\/10\/wesley-xinga-torcedor-do-flamengo-nas-redes-sociais\/#primaryimage"},"thumbnailUrl":"https:\/\/www.gaveanews.com\/wp-content\/uploads\/Wesley-em-acao-pelo-Flamengo.webp","articleSection":["Flamengo"],"inLanguage":"pt-BR","potentialAction":[{"@type":"CommentAction","name":"Comment","target":["https:\/\/www.gaveanews.com\/index.php\/2025\/04\/10\/wesley-xinga-torcedor-do-flamengo-nas-redes-sociais\/#respond"]}],"copyrightYear":"2025","copyrightHolder":{"@id":"https:\/\/www.gaveanews.com\/#organization"}},{"@type":"WebPage","@id":"https:\/\/www.gaveanews.com\/index.php\/2025\/04\/10\/wesley-xinga-torcedor-do-flamengo-nas-redes-sociais\/","url":"https:\/\/www.gaveanews.com\/index.php\/2025\/04\/10\/wesley-xinga-torcedor-do-flamengo-nas-redes-sociais\/","name":"Wesley xinga torcedor do Flamengo nas redes sociais","isPartOf":{"@id":"https:\/\/www.gaveanews.com\/#website"},"primaryImageOfPage":{"@id":"https:\/\/www.gaveanews.com\/index.php\/2025\/04\/10\/wesley-xinga-torcedor-do-flamengo-nas-redes-sociais\/#primaryimage"},"image":{"@id":"https:\/\/www.gaveanews.com\/index.php\/2025\/04\/10\/wesley-xinga-torcedor-do-flamengo-nas-redes-sociais\/#primaryimage"},"thumbnailUrl":"https:\/\/www.gaveanews.com\/wp-content\/uploads\/Wesley-em-acao-pelo-Flamengo.webp","datePublished":"2025-04-10T22:16:06+00:00","dateModified":"2025-04-10T22:16:09+00:00","author":{"@id":"https:\/\/www.gaveanews.com\/#\/schema\/person\/daf63eec72e1164eb13dc35096c2b8da"},"breadcrumb":{"@id":"https:\/\/www.gaveanews.com\/index.php\/2025\/04\/10\/wesley-xinga-torcedor-do-flamengo-nas-redes-sociais\/#breadcrumb"},"inLanguage":"pt-BR","potentialAction":[{"@type":"ReadAction","target":["https:\/\/www.gaveanews.com\/index.php\/2025\/04\/10\/wesley-xinga-torcedor-do-flamengo-nas-redes-sociais\/"]}]},{"@type":"ImageObject","inLanguage":"pt-BR","@id":"https:\/\/www.gaveanews.com\/index.php\/2025\/04\/10\/wesley-xinga-torcedor-do-flamengo-nas-redes-sociais\/#primaryimage","url":"https:\/\/www.gaveanews.com\/wp-content\/uploads\/Wesley-em-acao-pelo-Flamengo.webp","contentUrl":"https:\/\/www.gaveanews.com\/wp-content\/uploads\/Wesley-em-acao-pelo-Flamengo.webp","width":860,"height":484,"caption":"Wesley em a\u00e7\u00e3o pelo Flamengo (Foto: Reprodu\u00e7\u00e3o\/Instagram Wesley)"},{"@type":"BreadcrumbList","@id":"https:\/\/www.gaveanews.com\/index.php\/2025\/04\/10\/wesley-xinga-torcedor-do-flamengo-nas-redes-sociais\/#breadcrumb","itemListElement":[{"@type":"ListItem","position":1,"name":"Home","item":"https:\/\/www.gaveanews.com\/"},{"@type":"ListItem","position":2,"name":"Wesley xinga torcedor do Flamengo nas redes sociais"}]},{"@type":"WebSite","@id":"https:\/\/www.gaveanews.com\/#website","url":"https:\/\/www.gaveanews.com\/","name":"G\u00e1vea News","description":"Veja todas as not\u00edcias sobre o Flamengo: Contrata\u00e7\u00f5es, categorias de base, resultados das partidas, tabela de classifica\u00e7\u00e3o, pr\u00f3ximos jogos!","potentialAction":[{"@type":"SearchAction","target":{"@type":"EntryPoint","urlTemplate":"https:\/\/www.gaveanews.com\/?s={search_term_string}"},"query-input":{"@type":"PropertyValueSpecification","valueRequired":true,"valueName":"search_term_string"}}],"inLanguage":"pt-BR"},{"@type":"Person","@id":"https:\/\/www.gaveanews.com\/#\/schema\/person\/daf63eec72e1164eb13dc35096c2b8da","name":"Paula Silva","image":{"@type":"ImageObject","inLanguage":"pt-BR","@id":"https:\/\/www.gaveanews.com\/#\/schema\/person\/image\/","url":"https:\/\/secure.gravatar.com\/avatar\/eda381c845527cc5d64c13b901833cda29d97500ba040d3e6461f76f51d163bb?s=96&d=mm&r=g","contentUrl":"https:\/\/secure.gravatar.com\/avatar\/eda381c845527cc5d64c13b901833cda29d97500ba040d3e6461f76f51d163bb?s=96&d=mm&r=g","caption":"Paula Silva"}}]}},"_links":{"self":[{"href":"https:\/\/www.gaveanews.com\/index.php\/wp-json\/wp\/v2\/posts\/251978","targetHints":{"allow":["GET"]}}],"collection":[{"href":"https:\/\/www.gaveanews.com\/index.php\/wp-json\/wp\/v2\/posts"}],"about":[{"href":"https:\/\/www.gaveanews.com\/index.php\/wp-json\/wp\/v2\/types\/post"}],"author":[{"embeddable":true,"href":"https:\/\/www.gaveanews.com\/index.php\/wp-json\/wp\/v2\/users\/18"}],"replies":[{"embeddable":true,"href":"https:\/\/www.gaveanews.com\/index.php\/wp-json\/wp\/v2\/comments?post=251978"}],"version-history":[{"count":1,"href":"https:\/\/www.gaveanews.com\/index.php\/wp-json\/wp\/v2\/posts\/251978\/revisions"}],"predecessor-version":[{"id":251981,"href":"https:\/\/www.gaveanews.com\/index.php\/wp-json\/wp\/v2\/posts\/251978\/revisions\/251981"}],"wp:featuredmedia":[{"embeddable":true,"href":"https:\/\/www.gaveanews.com\/index.php\/wp-json\/wp\/v2\/media\/159864"}],"wp:attachment":[{"href":"https:\/\/www.gaveanews.com\/index.php\/wp-json\/wp\/v2\/media?parent=251978"}],"wp:term":[{"taxonomy":"category","embeddable":true,"href":"https:\/\/www.gaveanews.com\/index.php\/wp-json\/wp\/v2\/categories?post=251978"},{"taxonomy":"post_tag","embeddable":true,"href":"https:\/\/www.gaveanews.com\/index.php\/wp-json\/wp\/v2\/tags?post=251978"}],"curies":[{"name":"wp","href":"https:\/\/api.w.org\/{rel}","templated":true}]}}