{"id":251988,"date":"2025-04-11T15:25:07","date_gmt":"2025-04-11T18:25:07","guid":{"rendered":"https:\/\/www.gaveanews.com\/?p=251988"},"modified":"2025-04-11T12:41:30","modified_gmt":"2025-04-11T15:41:30","slug":"a-declaracao-de-craque-neto-sobre-weverton-do-palmeiras","status":"publish","type":"post","link":"https:\/\/www.gaveanews.com\/index.php\/2025\/04\/11\/a-declaracao-de-craque-neto-sobre-weverton-do-palmeiras\/","title":{"rendered":"A declara\u00e7\u00e3o de Craque Neto sobre Weverton, do Palmeiras"},"content":{"rendered":"\n<p>O apresentador Craque Neto, durante a exibi\u00e7\u00e3o do programa esportivo &#8220;Os Donos da Bola&#8221; na Band, trouxe \u00e0 tona a lembran\u00e7a da final do Paulist\u00e3o que o Corinthians conquistou sobre o Palmeiras. A rememora\u00e7\u00e3o ocorreu porque as duas equipes voltar\u00e3o a se enfrentar no pr\u00f3ximo s\u00e1bado (12), desta vez em partida v\u00e1lida pelo Campeonato Brasileiro.<\/p>\n\n\n\n<p>Assim sendo, ao comentar sobre o cl\u00e1ssico iminente, a produ\u00e7\u00e3o do programa reexibiu o gol decisivo daquela final. Yuri Alberto marcou o tento na partida de ida, o qual assegurou a vit\u00f3ria corintiana por 1 a 0 e, consequentemente, o t\u00edtulo, j\u00e1 que o jogo de volta terminou em um empate sem gols.<\/p>\n\n\n\n<h2 class=\"wp-block-heading\" id=\"h-criticas-a-atuacao-do-goleiro\">Cr\u00edticas \u00e0 atua\u00e7\u00e3o do Goleiro<\/h2>\n\n\n\n<p>Ap\u00f3s a apresenta\u00e7\u00e3o do lance capital, Craque Neto manifestou sua opini\u00e3o cr\u00edtica sobre a interven\u00e7\u00e3o do goleiro Weverton, do Palmeiras, naquele momento espec\u00edfico. O apresentador argumentou que o arqueiro palmeirense deveria ter executado um movimento diferente ao saltar na bola, sugerindo que a defesa era poss\u00edvel com outra abordagem.<\/p>\n\n\n\n<p>Neto utilizou uma compara\u00e7\u00e3o inusitada para ilustrar sua cr\u00edtica \u00e0 plasticidade do goleiro no lance. &#8220;Olha o lagartixa. O goleiro do Palmeiras parece lagartixa&#8221;, comentou o ex-jogador.<\/p>\n\n\n\n<p>Ele prosseguiu detalhando sua percep\u00e7\u00e3o sobre a queda de Weverton. &#8220;Caiu estranho, ao inv\u00e9s dele pegar a bola, ficou parecendo uma lagartixa&#8221;, reiterou o apresentador, que, em seguida, imitou o gesto do goleiro ao tentar alcan\u00e7ar a bola chutada por Yuri Alberto.<\/p>\n\n\n\n<figure class=\"wp-block-image size-large\"><img loading=\"lazy\" decoding=\"async\" width=\"905\" height=\"1024\" src=\"http:\/\/www.gaveanews.com\/wp-content\/uploads\/Weverton-durante-o-jogo-entre-Botafogo-x-Palmeiras-pelo-Brasileirao-2024-905x1024.webp\" alt=\"\" class=\"wp-image-153071\" srcset=\"https:\/\/www.gaveanews.com\/wp-content\/uploads\/Weverton-durante-o-jogo-entre-Botafogo-x-Palmeiras-pelo-Brasileirao-2024-905x1024.webp 905w, https:\/\/www.gaveanews.com\/wp-content\/uploads\/Weverton-durante-o-jogo-entre-Botafogo-x-Palmeiras-pelo-Brasileirao-2024-265x300.webp 265w, https:\/\/www.gaveanews.com\/wp-content\/uploads\/Weverton-durante-o-jogo-entre-Botafogo-x-Palmeiras-pelo-Brasileirao-2024-768x869.webp 768w, https:\/\/www.gaveanews.com\/wp-content\/uploads\/Weverton-durante-o-jogo-entre-Botafogo-x-Palmeiras-pelo-Brasileirao-2024-371x420.webp 371w, https:\/\/www.gaveanews.com\/wp-content\/uploads\/Weverton-durante-o-jogo-entre-Botafogo-x-Palmeiras-pelo-Brasileirao-2024-742x840.webp 742w, https:\/\/www.gaveanews.com\/wp-content\/uploads\/Weverton-durante-o-jogo-entre-Botafogo-x-Palmeiras-pelo-Brasileirao-2024-640x725.webp 640w, https:\/\/www.gaveanews.com\/wp-content\/uploads\/Weverton-durante-o-jogo-entre-Botafogo-x-Palmeiras-pelo-Brasileirao-2024-1280x1449.webp 1280w, https:\/\/www.gaveanews.com\/wp-content\/uploads\/Weverton-durante-o-jogo-entre-Botafogo-x-Palmeiras-pelo-Brasileirao-2024-681x771.webp 681w, https:\/\/www.gaveanews.com\/wp-content\/uploads\/Weverton-durante-o-jogo-entre-Botafogo-x-Palmeiras-pelo-Brasileirao-2024-100x113.webp 100w, https:\/\/www.gaveanews.com\/wp-content\/uploads\/Weverton-durante-o-jogo-entre-Botafogo-x-Palmeiras-pelo-Brasileirao-2024.webp 1325w\" sizes=\"auto, (max-width: 905px) 100vw, 905px\" \/><figcaption class=\"wp-element-caption\">Weverton durante o jogo entre Botafogo x Palmeiras pelo Brasileir\u00e3o 2024 (Foto: Cesar Greco\/Palmeiras)<\/figcaption><\/figure>\n\n\n\n<h2 class=\"wp-block-heading\" id=\"h-proximos-jogos-do-palmeiras\">Pr\u00f3ximos jogos do Palmeiras<\/h2>\n\n\n\n<p>O Palmeiras se prepara para o confronto direto contra o Corinthians no s\u00e1bado (12). Este jogo, referente \u00e0 terceira rodada do Campeonato Brasileiro, ter\u00e1 como palco a Arena Barueri.<\/p>\n\n\n\n<p>A partida n\u00e3o ocorrer\u00e1 no Allianz Parque, est\u00e1dio habitual do Palmeiras, pois o local sediar\u00e1 um show do renomado cantor Gilberto Gil na mesma data. Este evento musical inviabiliza, portanto, a realiza\u00e7\u00e3o da partida de futebol na arena alviverde.<\/p>\n\n\n\n<p>Posteriormente, o foco do Palmeiras se voltar\u00e1 para a Copa Libertadores da Am\u00e9rica. A equipe viajar\u00e1 at\u00e9 La Paz, capital da Bol\u00edvia, para medir for\u00e7as com o time do Bol\u00edvar.<\/p>\n\n\n\n<p>Este importante duelo continental est\u00e1 marcado para o dia 24 de abril. A bola rolar\u00e1 \u00e0s 19h, no hor\u00e1rio de Bras\u00edlia, no Est\u00e1dio Hernando Siles, um local notoriamente desafiador devido \u00e0 sua altitude elevada.<\/p>\n","protected":false},"excerpt":{"rendered":"<p>O apresentador Craque Neto, durante a exibi\u00e7\u00e3o do programa esportivo &#8220;Os Donos da Bola&#8221; na Band, trouxe \u00e0 tona a lembran\u00e7a da final do Paulist\u00e3o que o Corinthians conquistou sobre o Palmeiras. A rememora\u00e7\u00e3o ocorreu porque as duas equipes voltar\u00e3o a se enfrentar no pr\u00f3ximo s\u00e1bado (12), desta vez em partida v\u00e1lida pelo Campeonato Brasileiro. [&hellip;]<\/p>\n","protected":false},"author":28,"featured_media":244433,"comment_status":"open","ping_status":"closed","sticky":false,"template":"","format":"standard","meta":{"footnotes":""},"categories":[150],"tags":[],"class_list":["post-251988","post","type-post","status-publish","format-standard","has-post-thumbnail","hentry","category-palmeiras"],"yoast_head":"<!-- This site is optimized with the Yoast SEO Premium plugin v24.2 (Yoast SEO v26.9) - https:\/\/yoast.com\/product\/yoast-seo-premium-wordpress\/ -->\n<title>A declara\u00e7\u00e3o de Craque Neto sobre Weverton, do Palmeiras<\/title>\n<meta name=\"robots\" content=\"index, follow, max-snippet:-1, max-image-preview:large, max-video-preview:-1\" \/>\n<link rel=\"canonical\" href=\"https:\/\/www.gaveanews.com\/index.php\/2025\/04\/11\/a-declaracao-de-craque-neto-sobre-weverton-do-palmeiras\/\" \/>\n<meta property=\"og:locale\" content=\"pt_BR\" \/>\n<meta property=\"og:type\" content=\"article\" \/>\n<meta property=\"og:title\" content=\"A declara\u00e7\u00e3o de Craque Neto sobre Weverton, do Palmeiras\" \/>\n<meta property=\"og:description\" content=\"O apresentador Craque Neto, durante a exibi\u00e7\u00e3o do programa esportivo &#8220;Os Donos da Bola&#8221; na Band, trouxe \u00e0 tona a lembran\u00e7a da final do Paulist\u00e3o que o Corinthians conquistou sobre o Palmeiras. A rememora\u00e7\u00e3o ocorreu porque as duas equipes voltar\u00e3o a se enfrentar no pr\u00f3ximo s\u00e1bado (12), desta vez em partida v\u00e1lida pelo Campeonato Brasileiro. [&hellip;]\" \/>\n<meta property=\"og:url\" content=\"https:\/\/www.gaveanews.com\/index.php\/2025\/04\/11\/a-declaracao-de-craque-neto-sobre-weverton-do-palmeiras\/\" \/>\n<meta property=\"og:site_name\" content=\"G\u00e1vea News\" \/>\n<meta property=\"article:publisher\" content=\"https:\/\/facebook.com\/gaveaNews\/\" \/>\n<meta property=\"article:published_time\" content=\"2025-04-11T18:25:07+00:00\" \/>\n<meta property=\"og:image\" content=\"https:\/\/www.gaveanews.com\/wp-content\/uploads\/Craque-Neto-apresentador-da-Band.webp\" \/>\n\t<meta property=\"og:image:width\" content=\"900\" \/>\n\t<meta property=\"og:image:height\" content=\"600\" \/>\n\t<meta property=\"og:image:type\" content=\"image\/jpeg\" \/>\n<meta name=\"author\" content=\"Hudson Pereira\" \/>\n<meta name=\"twitter:card\" content=\"summary_large_image\" \/>\n<meta name=\"twitter:label1\" content=\"Escrito por\" \/>\n\t<meta name=\"twitter:data1\" content=\"Hudson Pereira\" \/>\n\t<meta name=\"twitter:label2\" content=\"Est. tempo de leitura\" \/>\n\t<meta name=\"twitter:data2\" content=\"3 minutos\" \/>\n<script type=\"application\/ld+json\" class=\"yoast-schema-graph\">{\"@context\":\"https:\/\/schema.org\",\"@graph\":[{\"@type\":\"NewsArticle\",\"@id\":\"https:\/\/www.gaveanews.com\/index.php\/2025\/04\/11\/a-declaracao-de-craque-neto-sobre-weverton-do-palmeiras\/#article\",\"isPartOf\":{\"@id\":\"https:\/\/www.gaveanews.com\/index.php\/2025\/04\/11\/a-declaracao-de-craque-neto-sobre-weverton-do-palmeiras\/\"},\"author\":{\"name\":\"Hudson Pereira\",\"@id\":\"https:\/\/www.gaveanews.com\/#\/schema\/person\/bd08f00534b403119b92741a6d469ef0\"},\"headline\":\"A declara\u00e7\u00e3o de Craque Neto sobre Weverton, do Palmeiras\",\"datePublished\":\"2025-04-11T18:25:07+00:00\",\"mainEntityOfPage\":{\"@id\":\"https:\/\/www.gaveanews.com\/index.php\/2025\/04\/11\/a-declaracao-de-craque-neto-sobre-weverton-do-palmeiras\/\"},\"wordCount\":420,\"commentCount\":0,\"image\":{\"@id\":\"https:\/\/www.gaveanews.com\/index.php\/2025\/04\/11\/a-declaracao-de-craque-neto-sobre-weverton-do-palmeiras\/#primaryimage\"},\"thumbnailUrl\":\"https:\/\/www.gaveanews.com\/wp-content\/uploads\/Craque-Neto-apresentador-da-Band.webp\",\"articleSection\":[\"Palmeiras\"],\"inLanguage\":\"pt-BR\",\"potentialAction\":[{\"@type\":\"CommentAction\",\"name\":\"Comment\",\"target\":[\"https:\/\/www.gaveanews.com\/index.php\/2025\/04\/11\/a-declaracao-de-craque-neto-sobre-weverton-do-palmeiras\/#respond\"]}],\"copyrightYear\":\"2025\",\"copyrightHolder\":{\"@id\":\"https:\/\/www.gaveanews.com\/#organization\"}},{\"@type\":\"WebPage\",\"@id\":\"https:\/\/www.gaveanews.com\/index.php\/2025\/04\/11\/a-declaracao-de-craque-neto-sobre-weverton-do-palmeiras\/\",\"url\":\"https:\/\/www.gaveanews.com\/index.php\/2025\/04\/11\/a-declaracao-de-craque-neto-sobre-weverton-do-palmeiras\/\",\"name\":\"A declara\u00e7\u00e3o de Craque Neto sobre Weverton, do Palmeiras\",\"isPartOf\":{\"@id\":\"https:\/\/www.gaveanews.com\/#website\"},\"primaryImageOfPage\":{\"@id\":\"https:\/\/www.gaveanews.com\/index.php\/2025\/04\/11\/a-declaracao-de-craque-neto-sobre-weverton-do-palmeiras\/#primaryimage\"},\"image\":{\"@id\":\"https:\/\/www.gaveanews.com\/index.php\/2025\/04\/11\/a-declaracao-de-craque-neto-sobre-weverton-do-palmeiras\/#primaryimage\"},\"thumbnailUrl\":\"https:\/\/www.gaveanews.com\/wp-content\/uploads\/Craque-Neto-apresentador-da-Band.webp\",\"datePublished\":\"2025-04-11T18:25:07+00:00\",\"author\":{\"@id\":\"https:\/\/www.gaveanews.com\/#\/schema\/person\/bd08f00534b403119b92741a6d469ef0\"},\"breadcrumb\":{\"@id\":\"https:\/\/www.gaveanews.com\/index.php\/2025\/04\/11\/a-declaracao-de-craque-neto-sobre-weverton-do-palmeiras\/#breadcrumb\"},\"inLanguage\":\"pt-BR\",\"potentialAction\":[{\"@type\":\"ReadAction\",\"target\":[\"https:\/\/www.gaveanews.com\/index.php\/2025\/04\/11\/a-declaracao-de-craque-neto-sobre-weverton-do-palmeiras\/\"]}]},{\"@type\":\"ImageObject\",\"inLanguage\":\"pt-BR\",\"@id\":\"https:\/\/www.gaveanews.com\/index.php\/2025\/04\/11\/a-declaracao-de-craque-neto-sobre-weverton-do-palmeiras\/#primaryimage\",\"url\":\"https:\/\/www.gaveanews.com\/wp-content\/uploads\/Craque-Neto-apresentador-da-Band.webp\",\"contentUrl\":\"https:\/\/www.gaveanews.com\/wp-content\/uploads\/Craque-Neto-apresentador-da-Band.webp\",\"width\":900,\"height\":600,\"caption\":\"Craque Neto, apresentador da Band (Foto: Kelly Fuzaro\/Band)\"},{\"@type\":\"BreadcrumbList\",\"@id\":\"https:\/\/www.gaveanews.com\/index.php\/2025\/04\/11\/a-declaracao-de-craque-neto-sobre-weverton-do-palmeiras\/#breadcrumb\",\"itemListElement\":[{\"@type\":\"ListItem\",\"position\":1,\"name\":\"Home\",\"item\":\"https:\/\/www.gaveanews.com\/\"},{\"@type\":\"ListItem\",\"position\":2,\"name\":\"A declara\u00e7\u00e3o de Craque Neto sobre Weverton, do Palmeiras\"}]},{\"@type\":\"WebSite\",\"@id\":\"https:\/\/www.gaveanews.com\/#website\",\"url\":\"https:\/\/www.gaveanews.com\/\",\"name\":\"G\u00e1vea News\",\"description\":\"Veja todas as not\u00edcias sobre o Flamengo: Contrata\u00e7\u00f5es, categorias de base, resultados das partidas, tabela de classifica\u00e7\u00e3o, pr\u00f3ximos jogos!\",\"potentialAction\":[{\"@type\":\"SearchAction\",\"target\":{\"@type\":\"EntryPoint\",\"urlTemplate\":\"https:\/\/www.gaveanews.com\/?s={search_term_string}\"},\"query-input\":{\"@type\":\"PropertyValueSpecification\",\"valueRequired\":true,\"valueName\":\"search_term_string\"}}],\"inLanguage\":\"pt-BR\"},{\"@type\":\"Person\",\"@id\":\"https:\/\/www.gaveanews.com\/#\/schema\/person\/bd08f00534b403119b92741a6d469ef0\",\"name\":\"Hudson Pereira\",\"image\":{\"@type\":\"ImageObject\",\"inLanguage\":\"pt-BR\",\"@id\":\"https:\/\/www.gaveanews.com\/#\/schema\/person\/image\/\",\"url\":\"https:\/\/secure.gravatar.com\/avatar\/ecc491b489e454e510efffc9b23c1052ce5fb4f2e05555768ba65819cd55f03e?s=96&d=mm&r=g\",\"contentUrl\":\"https:\/\/secure.gravatar.com\/avatar\/ecc491b489e454e510efffc9b23c1052ce5fb4f2e05555768ba65819cd55f03e?s=96&d=mm&r=g\",\"caption\":\"Hudson Pereira\"}}]}<\/script>\n<!-- \/ Yoast SEO Premium plugin. -->","yoast_head_json":{"title":"A declara\u00e7\u00e3o de Craque Neto sobre Weverton, do Palmeiras","robots":{"index":"index","follow":"follow","max-snippet":"max-snippet:-1","max-image-preview":"max-image-preview:large","max-video-preview":"max-video-preview:-1"},"canonical":"https:\/\/www.gaveanews.com\/index.php\/2025\/04\/11\/a-declaracao-de-craque-neto-sobre-weverton-do-palmeiras\/","og_locale":"pt_BR","og_type":"article","og_title":"A declara\u00e7\u00e3o de Craque Neto sobre Weverton, do Palmeiras","og_description":"O apresentador Craque Neto, durante a exibi\u00e7\u00e3o do programa esportivo &#8220;Os Donos da Bola&#8221; na Band, trouxe \u00e0 tona a lembran\u00e7a da final do Paulist\u00e3o que o Corinthians conquistou sobre o Palmeiras. A rememora\u00e7\u00e3o ocorreu porque as duas equipes voltar\u00e3o a se enfrentar no pr\u00f3ximo s\u00e1bado (12), desta vez em partida v\u00e1lida pelo Campeonato Brasileiro. [&hellip;]","og_url":"https:\/\/www.gaveanews.com\/index.php\/2025\/04\/11\/a-declaracao-de-craque-neto-sobre-weverton-do-palmeiras\/","og_site_name":"G\u00e1vea News","article_publisher":"https:\/\/facebook.com\/gaveaNews\/","article_published_time":"2025-04-11T18:25:07+00:00","og_image":[{"width":900,"height":600,"url":"https:\/\/www.gaveanews.com\/wp-content\/uploads\/Craque-Neto-apresentador-da-Band.webp","type":"image\/jpeg"}],"author":"Hudson Pereira","twitter_card":"summary_large_image","twitter_misc":{"Escrito por":"Hudson Pereira","Est. tempo de leitura":"3 minutos"},"schema":{"@context":"https:\/\/schema.org","@graph":[{"@type":"NewsArticle","@id":"https:\/\/www.gaveanews.com\/index.php\/2025\/04\/11\/a-declaracao-de-craque-neto-sobre-weverton-do-palmeiras\/#article","isPartOf":{"@id":"https:\/\/www.gaveanews.com\/index.php\/2025\/04\/11\/a-declaracao-de-craque-neto-sobre-weverton-do-palmeiras\/"},"author":{"name":"Hudson Pereira","@id":"https:\/\/www.gaveanews.com\/#\/schema\/person\/bd08f00534b403119b92741a6d469ef0"},"headline":"A declara\u00e7\u00e3o de Craque Neto sobre Weverton, do Palmeiras","datePublished":"2025-04-11T18:25:07+00:00","mainEntityOfPage":{"@id":"https:\/\/www.gaveanews.com\/index.php\/2025\/04\/11\/a-declaracao-de-craque-neto-sobre-weverton-do-palmeiras\/"},"wordCount":420,"commentCount":0,"image":{"@id":"https:\/\/www.gaveanews.com\/index.php\/2025\/04\/11\/a-declaracao-de-craque-neto-sobre-weverton-do-palmeiras\/#primaryimage"},"thumbnailUrl":"https:\/\/www.gaveanews.com\/wp-content\/uploads\/Craque-Neto-apresentador-da-Band.webp","articleSection":["Palmeiras"],"inLanguage":"pt-BR","potentialAction":[{"@type":"CommentAction","name":"Comment","target":["https:\/\/www.gaveanews.com\/index.php\/2025\/04\/11\/a-declaracao-de-craque-neto-sobre-weverton-do-palmeiras\/#respond"]}],"copyrightYear":"2025","copyrightHolder":{"@id":"https:\/\/www.gaveanews.com\/#organization"}},{"@type":"WebPage","@id":"https:\/\/www.gaveanews.com\/index.php\/2025\/04\/11\/a-declaracao-de-craque-neto-sobre-weverton-do-palmeiras\/","url":"https:\/\/www.gaveanews.com\/index.php\/2025\/04\/11\/a-declaracao-de-craque-neto-sobre-weverton-do-palmeiras\/","name":"A declara\u00e7\u00e3o de Craque Neto sobre Weverton, do Palmeiras","isPartOf":{"@id":"https:\/\/www.gaveanews.com\/#website"},"primaryImageOfPage":{"@id":"https:\/\/www.gaveanews.com\/index.php\/2025\/04\/11\/a-declaracao-de-craque-neto-sobre-weverton-do-palmeiras\/#primaryimage"},"image":{"@id":"https:\/\/www.gaveanews.com\/index.php\/2025\/04\/11\/a-declaracao-de-craque-neto-sobre-weverton-do-palmeiras\/#primaryimage"},"thumbnailUrl":"https:\/\/www.gaveanews.com\/wp-content\/uploads\/Craque-Neto-apresentador-da-Band.webp","datePublished":"2025-04-11T18:25:07+00:00","author":{"@id":"https:\/\/www.gaveanews.com\/#\/schema\/person\/bd08f00534b403119b92741a6d469ef0"},"breadcrumb":{"@id":"https:\/\/www.gaveanews.com\/index.php\/2025\/04\/11\/a-declaracao-de-craque-neto-sobre-weverton-do-palmeiras\/#breadcrumb"},"inLanguage":"pt-BR","potentialAction":[{"@type":"ReadAction","target":["https:\/\/www.gaveanews.com\/index.php\/2025\/04\/11\/a-declaracao-de-craque-neto-sobre-weverton-do-palmeiras\/"]}]},{"@type":"ImageObject","inLanguage":"pt-BR","@id":"https:\/\/www.gaveanews.com\/index.php\/2025\/04\/11\/a-declaracao-de-craque-neto-sobre-weverton-do-palmeiras\/#primaryimage","url":"https:\/\/www.gaveanews.com\/wp-content\/uploads\/Craque-Neto-apresentador-da-Band.webp","contentUrl":"https:\/\/www.gaveanews.com\/wp-content\/uploads\/Craque-Neto-apresentador-da-Band.webp","width":900,"height":600,"caption":"Craque Neto, apresentador da Band (Foto: Kelly Fuzaro\/Band)"},{"@type":"BreadcrumbList","@id":"https:\/\/www.gaveanews.com\/index.php\/2025\/04\/11\/a-declaracao-de-craque-neto-sobre-weverton-do-palmeiras\/#breadcrumb","itemListElement":[{"@type":"ListItem","position":1,"name":"Home","item":"https:\/\/www.gaveanews.com\/"},{"@type":"ListItem","position":2,"name":"A declara\u00e7\u00e3o de Craque Neto sobre Weverton, do Palmeiras"}]},{"@type":"WebSite","@id":"https:\/\/www.gaveanews.com\/#website","url":"https:\/\/www.gaveanews.com\/","name":"G\u00e1vea News","description":"Veja todas as not\u00edcias sobre o Flamengo: Contrata\u00e7\u00f5es, categorias de base, resultados das partidas, tabela de classifica\u00e7\u00e3o, pr\u00f3ximos jogos!","potentialAction":[{"@type":"SearchAction","target":{"@type":"EntryPoint","urlTemplate":"https:\/\/www.gaveanews.com\/?s={search_term_string}"},"query-input":{"@type":"PropertyValueSpecification","valueRequired":true,"valueName":"search_term_string"}}],"inLanguage":"pt-BR"},{"@type":"Person","@id":"https:\/\/www.gaveanews.com\/#\/schema\/person\/bd08f00534b403119b92741a6d469ef0","name":"Hudson Pereira","image":{"@type":"ImageObject","inLanguage":"pt-BR","@id":"https:\/\/www.gaveanews.com\/#\/schema\/person\/image\/","url":"https:\/\/secure.gravatar.com\/avatar\/ecc491b489e454e510efffc9b23c1052ce5fb4f2e05555768ba65819cd55f03e?s=96&d=mm&r=g","contentUrl":"https:\/\/secure.gravatar.com\/avatar\/ecc491b489e454e510efffc9b23c1052ce5fb4f2e05555768ba65819cd55f03e?s=96&d=mm&r=g","caption":"Hudson Pereira"}}]}},"_links":{"self":[{"href":"https:\/\/www.gaveanews.com\/index.php\/wp-json\/wp\/v2\/posts\/251988","targetHints":{"allow":["GET"]}}],"collection":[{"href":"https:\/\/www.gaveanews.com\/index.php\/wp-json\/wp\/v2\/posts"}],"about":[{"href":"https:\/\/www.gaveanews.com\/index.php\/wp-json\/wp\/v2\/types\/post"}],"author":[{"embeddable":true,"href":"https:\/\/www.gaveanews.com\/index.php\/wp-json\/wp\/v2\/users\/28"}],"replies":[{"embeddable":true,"href":"https:\/\/www.gaveanews.com\/index.php\/wp-json\/wp\/v2\/comments?post=251988"}],"version-history":[{"count":1,"href":"https:\/\/www.gaveanews.com\/index.php\/wp-json\/wp\/v2\/posts\/251988\/revisions"}],"predecessor-version":[{"id":251989,"href":"https:\/\/www.gaveanews.com\/index.php\/wp-json\/wp\/v2\/posts\/251988\/revisions\/251989"}],"wp:featuredmedia":[{"embeddable":true,"href":"https:\/\/www.gaveanews.com\/index.php\/wp-json\/wp\/v2\/media\/244433"}],"wp:attachment":[{"href":"https:\/\/www.gaveanews.com\/index.php\/wp-json\/wp\/v2\/media?parent=251988"}],"wp:term":[{"taxonomy":"category","embeddable":true,"href":"https:\/\/www.gaveanews.com\/index.php\/wp-json\/wp\/v2\/categories?post=251988"},{"taxonomy":"post_tag","embeddable":true,"href":"https:\/\/www.gaveanews.com\/index.php\/wp-json\/wp\/v2\/tags?post=251988"}],"curies":[{"name":"wp","href":"https:\/\/api.w.org\/{rel}","templated":true}]}}