{"id":252003,"date":"2025-04-11T15:30:00","date_gmt":"2025-04-11T18:30:00","guid":{"rendered":"https:\/\/www.gaveanews.com\/?p=252003"},"modified":"2025-04-11T12:23:34","modified_gmt":"2025-04-11T15:23:34","slug":"jogador-de-saida-abel-descarta-lateral-e-declaracao-de-mauro-cezar-as-ultimas-noticias-do-palmeiras","status":"publish","type":"post","link":"https:\/\/www.gaveanews.com\/index.php\/2025\/04\/11\/jogador-de-saida-abel-descarta-lateral-e-declaracao-de-mauro-cezar-as-ultimas-noticias-do-palmeiras\/","title":{"rendered":"Jogador de sa\u00edda, Abel descarta lateral e declara\u00e7\u00e3o de Mauro Cezar: as \u00faltimas not\u00edcias do Palmeiras"},"content":{"rendered":"\n<p>Nas \u00faltimas horas, o foco das not\u00edcias sobre o Palmeiras se concentram nos bastidores do clube, com destaques do dia a dia do time.<\/p>\n\n\n\n<p>Por conta deste contexto, leia abaixo um resumo preparado pela equipe do portal G\u00e1vea News para lhe manter muito bem informado!<\/p>\n\n\n\n<div class=\"wp-block-group\"><div class=\"wp-block-group__inner-container is-layout-constrained wp-block-group-is-layout-constrained\">\n<h2 class=\"wp-block-heading\" id=\"h-declaracao-de-mauro-cezar\">Declara\u00e7\u00e3o de Mauro Cezar<\/h2>\n\n\n\n<p>A recente discuss\u00e3o entre o jornalista PVC e o presidente do Sport, Yuri Rom\u00e3o, acerca da reelei\u00e7\u00e3o de Ednaldo Rodrigues na CBF, repercutiu ainda mais ap\u00f3s cr\u00edticas contundentes de Mauro Cezar Pereira. Durante uma transmiss\u00e3o ao vivo, Mauro questionou a abordagem de PVC, que responsabilizou o clube pernambucano por apoiar a perman\u00eancia do mandat\u00e1rio da CBF, mesmo ap\u00f3s o Sport alegar ter sido prejudicado pela arbitragem em partida contra o Palmeiras<strong><a href=\"https:\/\/www.gaveanews.com\/index.php\/2025\/04\/09\/a-declaracao-de-mauro-cezar-pereira-direcionada-a-pvc\/\"> (leia a mat\u00e9ria completa).<\/a><\/strong><\/p>\n\n\n\n<figure class=\"wp-block-image size-full\"><img loading=\"lazy\" decoding=\"async\" width=\"685\" height=\"450\" src=\"http:\/\/www.gaveanews.com\/wp-content\/uploads\/Mauro-Cezar-pereira.png.webp\" alt=\"\" class=\"wp-image-104796\" srcset=\"https:\/\/www.gaveanews.com\/wp-content\/uploads\/Mauro-Cezar-pereira.png.webp 685w, https:\/\/www.gaveanews.com\/wp-content\/uploads\/Mauro-Cezar-pereira.png-300x197.webp 300w, https:\/\/www.gaveanews.com\/wp-content\/uploads\/Mauro-Cezar-pereira.png-639x420.webp 639w, https:\/\/www.gaveanews.com\/wp-content\/uploads\/Mauro-Cezar-pereira.png-640x420.webp 640w, https:\/\/www.gaveanews.com\/wp-content\/uploads\/Mauro-Cezar-pereira.png-681x447.webp 681w, https:\/\/www.gaveanews.com\/wp-content\/uploads\/Mauro-Cezar-pereira.png-100x66.webp 100w\" sizes=\"auto, (max-width: 685px) 100vw, 685px\" \/><figcaption class=\"wp-element-caption\">Mauro Cezar &#8211; Foto: Reprodu\u00e7\u00e3o\/Jovem Pan<\/figcaption><\/figure>\n\n\n\n<p>A pol\u00eamica surgiu no programa <em>De Primeira<\/em>, do UOL, quando PVC sugeriu que os clubes deveriam assumir a responsabilidade por suas escolhas pol\u00edticas, especialmente diante dos problemas administrativos j\u00e1 conhecidos da CBF. <\/p>\n\n\n\n<p>O presidente do Sport rebateu, dizendo que os dirigentes n\u00e3o t\u00eam pleno conhecimento das a\u00e7\u00f5es internas da entidade. A discuss\u00e3o ganhou for\u00e7a com o erro de arbitragem no jogo do Sport, reconhecido pela Comiss\u00e3o de Arbitragem, que motivou o afastamento dos envolvidos.<\/p>\n\n\n\n<p>Mauro Cezar entrou no debate defendendo o Sport e criticando o foco das cobran\u00e7as de PVC. Segundo ele, a press\u00e3o por mudan\u00e7as na CBF deveria ser dirigida aos clubes mais influentes do futebol brasileiro, como Flamengo e Palmeiras, e n\u00e3o ao Sport. Mauro refor\u00e7ou que apoiar um candidato n\u00e3o significa abrir m\u00e3o do direito de reclamar posteriormente. Ele concluiu que a indigna\u00e7\u00e3o com erros da arbitragem \u00e9 leg\u00edtima, independentemente do hist\u00f3rico de votos dos clubes na elei\u00e7\u00e3o da entidade m\u00e1xima do futebol nacional.<\/p>\n\n\n\n<h2 class=\"wp-block-heading\" id=\"h-abel-descarta-lateral\">Abel descarta lateral<\/h2>\n\n\n\n<p>Contratado com grande expectativa, o lateral-direito Agust\u00edn Giay n\u00e3o conseguiu corresponder dentro de campo e perdeu espa\u00e7o sob o comando de Abel Ferreira no Palmeiras. A dificuldade de adapta\u00e7\u00e3o ao futebol brasileiro, somada \u00e0 forte concorr\u00eancia e \u00e0 press\u00e3o por resultados, tem limitado suas oportunidades no elenco. Diante disso, o Verd\u00e3o j\u00e1 considera a possibilidade de negoci\u00e1-lo na pr\u00f3xima janela de transfer\u00eancias para tentar recuperar parte do investimento feito <strong><a href=\"https:\/\/www.gaveanews.com\/index.php\/2025\/04\/09\/ele-perdeu-espaco-no-palmeiras-de-abel-ferreira-e-pode-ser-vendido\/\">(leia a mat\u00e9ria completa).<\/a><\/strong><\/p>\n\n\n\n<figure class=\"wp-block-image size-large\"><img loading=\"lazy\" decoding=\"async\" width=\"1024\" height=\"478\" src=\"http:\/\/www.gaveanews.com\/wp-content\/uploads\/abel_coletiva_5-1024x478.webp\" alt=\"\" class=\"wp-image-144864\" srcset=\"https:\/\/www.gaveanews.com\/wp-content\/uploads\/abel_coletiva_5-1024x478.webp 1024w, https:\/\/www.gaveanews.com\/wp-content\/uploads\/abel_coletiva_5-300x140.webp 300w, https:\/\/www.gaveanews.com\/wp-content\/uploads\/abel_coletiva_5-768x358.webp 768w, https:\/\/www.gaveanews.com\/wp-content\/uploads\/abel_coletiva_5-900x420.webp 900w, https:\/\/www.gaveanews.com\/wp-content\/uploads\/abel_coletiva_5-640x299.webp 640w, https:\/\/www.gaveanews.com\/wp-content\/uploads\/abel_coletiva_5-681x318.webp 681w, https:\/\/www.gaveanews.com\/wp-content\/uploads\/abel_coletiva_5-100x47.webp 100w, https:\/\/www.gaveanews.com\/wp-content\/uploads\/abel_coletiva_5.webp 1200w\" sizes=\"auto, (max-width: 1024px) 100vw, 1024px\" \/><figcaption class=\"wp-element-caption\">Foto: Reprodu\u00e7\u00e3o &#8211; TV Palmeiras <\/figcaption><\/figure>\n\n\n\n<p>Giay chegou ao clube como uma aposta promissora, mas sua queda de rendimento e o desempenho abaixo do esperado acabaram por afast\u00e1-lo das principais op\u00e7\u00f5es de Abel. Em meio a uma temporada marcada por oscila\u00e7\u00f5es e exig\u00eancias da torcida por desempenho superior, o jogador argentino se tornou um dos alvos mais expostos da cr\u00edtica. Al\u00e9m disso, a diretoria segue atenta ao mercado e j\u00e1 busca nomes que possam agregar ao elenco, refor\u00e7ando a possibilidade de uma reformula\u00e7\u00e3o em setores pontuais.<\/p>\n\n\n\n<p>A pr\u00f3xima janela ser\u00e1 determinante para o futuro do jogador. O fato de j\u00e1 estar recebendo sondagens do exterior facilita uma eventual negocia\u00e7\u00e3o, algo visto com bons olhos pela diretoria alviverde. Caso uma proposta interessante seja formalizada, a tend\u00eancia \u00e9 que o clube opte por liber\u00e1-lo, dando sequ\u00eancia ao processo de ajustes no elenco enquanto mant\u00e9m o foco nas disputas da Libertadores e do Campeonato Brasileiro.<\/p>\n\n\n\n<h2 class=\"wp-block-heading\" id=\"h-jogador-de-saida\">Jogador de sa\u00edda<\/h2>\n\n\n\n<p>O jovem atacante Lukas Pedrosa, de apenas 16 anos, deixou oficialmente as categorias de base do Palmeiras para assinar com o Internacional. A transfer\u00eancia foi feita em definitivo, e o jogador j\u00e1 ser\u00e1 integrado ao time Sub-17 do clube ga\u00facho ainda nesta temporada. Pedrosa, que iniciou sua trajet\u00f3ria no S\u00e3o Caetano antes de ser contratado pelo Palmeiras em 2023, agora come\u00e7a um novo cap\u00edtulo em sua carreira, apostando em um ambiente que valoriza a forma\u00e7\u00e3o de jovens talentos<strong><a href=\"https:\/\/www.gaveanews.com\/index.php\/2025\/04\/09\/ele-acabou-de-deixar-o-palmeiras-e-ja-assinou-com-o-internacional\/\"> (leia a mat\u00e9ria completa).<\/a><\/strong><\/p>\n\n\n\n<figure class=\"wp-block-image size-full\"><img loading=\"lazy\" decoding=\"async\" width=\"1023\" height=\"767\" src=\"http:\/\/www.gaveanews.com\/wp-content\/uploads\/Allianz-Parque-estadio-do-Palmeiras.webp\" alt=\"\" class=\"wp-image-155182\" srcset=\"https:\/\/www.gaveanews.com\/wp-content\/uploads\/Allianz-Parque-estadio-do-Palmeiras.webp 1023w, https:\/\/www.gaveanews.com\/wp-content\/uploads\/Allianz-Parque-estadio-do-Palmeiras-300x225.webp 300w, https:\/\/www.gaveanews.com\/wp-content\/uploads\/Allianz-Parque-estadio-do-Palmeiras-768x576.webp 768w, https:\/\/www.gaveanews.com\/wp-content\/uploads\/Allianz-Parque-estadio-do-Palmeiras-560x420.webp 560w, https:\/\/www.gaveanews.com\/wp-content\/uploads\/Allianz-Parque-estadio-do-Palmeiras-80x60.webp 80w, https:\/\/www.gaveanews.com\/wp-content\/uploads\/Allianz-Parque-estadio-do-Palmeiras-160x120.webp 160w, https:\/\/www.gaveanews.com\/wp-content\/uploads\/Allianz-Parque-estadio-do-Palmeiras-100x75.webp 100w, https:\/\/www.gaveanews.com\/wp-content\/uploads\/Allianz-Parque-estadio-do-Palmeiras-200x150.webp 200w, https:\/\/www.gaveanews.com\/wp-content\/uploads\/Allianz-Parque-estadio-do-Palmeiras-180x135.webp 180w, https:\/\/www.gaveanews.com\/wp-content\/uploads\/Allianz-Parque-estadio-do-Palmeiras-360x270.webp 360w, https:\/\/www.gaveanews.com\/wp-content\/uploads\/Allianz-Parque-estadio-do-Palmeiras-238x178.webp 238w, https:\/\/www.gaveanews.com\/wp-content\/uploads\/Allianz-Parque-estadio-do-Palmeiras-476x356.webp 476w, https:\/\/www.gaveanews.com\/wp-content\/uploads\/Allianz-Parque-estadio-do-Palmeiras-640x480.webp 640w, https:\/\/www.gaveanews.com\/wp-content\/uploads\/Allianz-Parque-estadio-do-Palmeiras-681x511.webp 681w\" sizes=\"auto, (max-width: 1023px) 100vw, 1023px\" \/><figcaption class=\"wp-element-caption\">Allianz Parque, est\u00e1dio do Palmeiras (Foto: Reprodu\u00e7\u00e3o\/Palmeiras)<\/figcaption><\/figure>\n\n\n\n<p>A movimenta\u00e7\u00e3o faz parte da estrat\u00e9gia do Internacional de refor\u00e7ar suas divis\u00f5es de base com promessas que possam se desenvolver rapidamente. O clube planeja acelerar a adapta\u00e7\u00e3o do atleta para que ele esteja apto a disputar as principais competi\u00e7\u00f5es da temporada. Lukas se destaca por sua velocidade, intelig\u00eancia no \u00faltimo ter\u00e7o do campo, t\u00e9cnica refinada e bom posicionamento ofensivo \u2014 caracter\u00edsticas fundamentais para o estilo de jogo praticado nas categorias de base.<\/p>\n\n\n\n<p>Enquanto isso, o Palmeiras segue sua agenda competitiva, preparando-se para o confronto contra o Cerro Porte\u00f1o pela segunda rodada da fase de grupos da Libertadores. O jogo \u00e9 decisivo para a lideran\u00e7a do Grupo G, onde ambas as equipes t\u00eam tr\u00eas pontos. Apesar da sa\u00edda de Lukas Pedrosa, o clube paulista continua apostando fortemente em sua base, que tem sido uma das principais fontes de receita e talento nos \u00faltimos anos.<\/p>\n<\/div><\/div>\n","protected":false},"excerpt":{"rendered":"<p>Nas \u00faltimas horas, o foco das not\u00edcias sobre o Palmeiras se concentram nos bastidores do clube, com destaques do dia a dia do time. Por conta deste contexto, leia abaixo um resumo preparado pela equipe do portal G\u00e1vea News para lhe manter muito bem informado! Declara\u00e7\u00e3o de Mauro Cezar A recente discuss\u00e3o entre o jornalista [&hellip;]<\/p>\n","protected":false},"author":33,"featured_media":142887,"comment_status":"open","ping_status":"closed","sticky":false,"template":"","format":"standard","meta":{"footnotes":""},"categories":[150],"tags":[],"class_list":["post-252003","post","type-post","status-publish","format-standard","has-post-thumbnail","hentry","category-palmeiras"],"yoast_head":"<!-- This site is optimized with the Yoast SEO Premium plugin v24.2 (Yoast SEO v26.9) - https:\/\/yoast.com\/product\/yoast-seo-premium-wordpress\/ -->\n<title>Jogador de sa\u00edda, Abel descarta lateral e declara\u00e7\u00e3o de Mauro Cezar: as \u00faltimas not\u00edcias do Palmeiras<\/title>\n<meta name=\"robots\" content=\"index, follow, max-snippet:-1, max-image-preview:large, max-video-preview:-1\" \/>\n<link rel=\"canonical\" href=\"https:\/\/www.gaveanews.com\/index.php\/2025\/04\/11\/jogador-de-saida-abel-descarta-lateral-e-declaracao-de-mauro-cezar-as-ultimas-noticias-do-palmeiras\/\" \/>\n<meta property=\"og:locale\" content=\"pt_BR\" \/>\n<meta property=\"og:type\" content=\"article\" \/>\n<meta property=\"og:title\" content=\"Jogador de sa\u00edda, Abel descarta lateral e declara\u00e7\u00e3o de Mauro Cezar: as \u00faltimas not\u00edcias do Palmeiras\" \/>\n<meta property=\"og:description\" content=\"Nas \u00faltimas horas, o foco das not\u00edcias sobre o Palmeiras se concentram nos bastidores do clube, com destaques do dia a dia do time. Por conta deste contexto, leia abaixo um resumo preparado pela equipe do portal G\u00e1vea News para lhe manter muito bem informado! Declara\u00e7\u00e3o de Mauro Cezar A recente discuss\u00e3o entre o jornalista [&hellip;]\" \/>\n<meta property=\"og:url\" content=\"https:\/\/www.gaveanews.com\/index.php\/2025\/04\/11\/jogador-de-saida-abel-descarta-lateral-e-declaracao-de-mauro-cezar-as-ultimas-noticias-do-palmeiras\/\" \/>\n<meta property=\"og:site_name\" content=\"G\u00e1vea News\" \/>\n<meta property=\"article:publisher\" content=\"https:\/\/facebook.com\/gaveaNews\/\" \/>\n<meta property=\"article:published_time\" content=\"2025-04-11T18:30:00+00:00\" \/>\n<meta property=\"og:image\" content=\"https:\/\/www.gaveanews.com\/wp-content\/uploads\/Escudo-do-Palmeiras.webp\" \/>\n\t<meta property=\"og:image:width\" content=\"680\" \/>\n\t<meta property=\"og:image:height\" content=\"510\" \/>\n\t<meta property=\"og:image:type\" content=\"image\/jpeg\" \/>\n<meta name=\"author\" content=\"Brenda Cezillo\" \/>\n<meta name=\"twitter:card\" content=\"summary_large_image\" \/>\n<meta name=\"twitter:label1\" content=\"Escrito por\" \/>\n\t<meta name=\"twitter:data1\" content=\"Brenda Cezillo\" \/>\n\t<meta name=\"twitter:label2\" content=\"Est. tempo de leitura\" \/>\n\t<meta name=\"twitter:data2\" content=\"5 minutos\" \/>\n<script type=\"application\/ld+json\" class=\"yoast-schema-graph\">{\"@context\":\"https:\/\/schema.org\",\"@graph\":[{\"@type\":\"NewsArticle\",\"@id\":\"https:\/\/www.gaveanews.com\/index.php\/2025\/04\/11\/jogador-de-saida-abel-descarta-lateral-e-declaracao-de-mauro-cezar-as-ultimas-noticias-do-palmeiras\/#article\",\"isPartOf\":{\"@id\":\"https:\/\/www.gaveanews.com\/index.php\/2025\/04\/11\/jogador-de-saida-abel-descarta-lateral-e-declaracao-de-mauro-cezar-as-ultimas-noticias-do-palmeiras\/\"},\"author\":{\"name\":\"Brenda Cezillo\",\"@id\":\"https:\/\/www.gaveanews.com\/#\/schema\/person\/c79759ca337c40791ae8d08e2923d403\"},\"headline\":\"Jogador de sa\u00edda, Abel descarta lateral e declara\u00e7\u00e3o de Mauro Cezar: as \u00faltimas not\u00edcias do Palmeiras\",\"datePublished\":\"2025-04-11T18:30:00+00:00\",\"mainEntityOfPage\":{\"@id\":\"https:\/\/www.gaveanews.com\/index.php\/2025\/04\/11\/jogador-de-saida-abel-descarta-lateral-e-declaracao-de-mauro-cezar-as-ultimas-noticias-do-palmeiras\/\"},\"wordCount\":848,\"commentCount\":0,\"image\":{\"@id\":\"https:\/\/www.gaveanews.com\/index.php\/2025\/04\/11\/jogador-de-saida-abel-descarta-lateral-e-declaracao-de-mauro-cezar-as-ultimas-noticias-do-palmeiras\/#primaryimage\"},\"thumbnailUrl\":\"https:\/\/www.gaveanews.com\/wp-content\/uploads\/Escudo-do-Palmeiras.webp\",\"articleSection\":[\"Palmeiras\"],\"inLanguage\":\"pt-BR\",\"potentialAction\":[{\"@type\":\"CommentAction\",\"name\":\"Comment\",\"target\":[\"https:\/\/www.gaveanews.com\/index.php\/2025\/04\/11\/jogador-de-saida-abel-descarta-lateral-e-declaracao-de-mauro-cezar-as-ultimas-noticias-do-palmeiras\/#respond\"]}],\"copyrightYear\":\"2025\",\"copyrightHolder\":{\"@id\":\"https:\/\/www.gaveanews.com\/#organization\"}},{\"@type\":\"WebPage\",\"@id\":\"https:\/\/www.gaveanews.com\/index.php\/2025\/04\/11\/jogador-de-saida-abel-descarta-lateral-e-declaracao-de-mauro-cezar-as-ultimas-noticias-do-palmeiras\/\",\"url\":\"https:\/\/www.gaveanews.com\/index.php\/2025\/04\/11\/jogador-de-saida-abel-descarta-lateral-e-declaracao-de-mauro-cezar-as-ultimas-noticias-do-palmeiras\/\",\"name\":\"Jogador de sa\u00edda, Abel descarta lateral e declara\u00e7\u00e3o de Mauro Cezar: as \u00faltimas not\u00edcias do Palmeiras\",\"isPartOf\":{\"@id\":\"https:\/\/www.gaveanews.com\/#website\"},\"primaryImageOfPage\":{\"@id\":\"https:\/\/www.gaveanews.com\/index.php\/2025\/04\/11\/jogador-de-saida-abel-descarta-lateral-e-declaracao-de-mauro-cezar-as-ultimas-noticias-do-palmeiras\/#primaryimage\"},\"image\":{\"@id\":\"https:\/\/www.gaveanews.com\/index.php\/2025\/04\/11\/jogador-de-saida-abel-descarta-lateral-e-declaracao-de-mauro-cezar-as-ultimas-noticias-do-palmeiras\/#primaryimage\"},\"thumbnailUrl\":\"https:\/\/www.gaveanews.com\/wp-content\/uploads\/Escudo-do-Palmeiras.webp\",\"datePublished\":\"2025-04-11T18:30:00+00:00\",\"author\":{\"@id\":\"https:\/\/www.gaveanews.com\/#\/schema\/person\/c79759ca337c40791ae8d08e2923d403\"},\"breadcrumb\":{\"@id\":\"https:\/\/www.gaveanews.com\/index.php\/2025\/04\/11\/jogador-de-saida-abel-descarta-lateral-e-declaracao-de-mauro-cezar-as-ultimas-noticias-do-palmeiras\/#breadcrumb\"},\"inLanguage\":\"pt-BR\",\"potentialAction\":[{\"@type\":\"ReadAction\",\"target\":[\"https:\/\/www.gaveanews.com\/index.php\/2025\/04\/11\/jogador-de-saida-abel-descarta-lateral-e-declaracao-de-mauro-cezar-as-ultimas-noticias-do-palmeiras\/\"]}]},{\"@type\":\"ImageObject\",\"inLanguage\":\"pt-BR\",\"@id\":\"https:\/\/www.gaveanews.com\/index.php\/2025\/04\/11\/jogador-de-saida-abel-descarta-lateral-e-declaracao-de-mauro-cezar-as-ultimas-noticias-do-palmeiras\/#primaryimage\",\"url\":\"https:\/\/www.gaveanews.com\/wp-content\/uploads\/Escudo-do-Palmeiras.webp\",\"contentUrl\":\"https:\/\/www.gaveanews.com\/wp-content\/uploads\/Escudo-do-Palmeiras.webp\",\"width\":680,\"height\":510,\"caption\":\"Escudo do Palmeiras (Foto Reprodu\u00e7\u00e3o\/Instagram)\"},{\"@type\":\"BreadcrumbList\",\"@id\":\"https:\/\/www.gaveanews.com\/index.php\/2025\/04\/11\/jogador-de-saida-abel-descarta-lateral-e-declaracao-de-mauro-cezar-as-ultimas-noticias-do-palmeiras\/#breadcrumb\",\"itemListElement\":[{\"@type\":\"ListItem\",\"position\":1,\"name\":\"Home\",\"item\":\"https:\/\/www.gaveanews.com\/\"},{\"@type\":\"ListItem\",\"position\":2,\"name\":\"Jogador de sa\u00edda, Abel descarta lateral e declara\u00e7\u00e3o de Mauro Cezar: as \u00faltimas not\u00edcias do Palmeiras\"}]},{\"@type\":\"WebSite\",\"@id\":\"https:\/\/www.gaveanews.com\/#website\",\"url\":\"https:\/\/www.gaveanews.com\/\",\"name\":\"G\u00e1vea News\",\"description\":\"Veja todas as not\u00edcias sobre o Flamengo: Contrata\u00e7\u00f5es, categorias de base, resultados das partidas, tabela de classifica\u00e7\u00e3o, pr\u00f3ximos jogos!\",\"potentialAction\":[{\"@type\":\"SearchAction\",\"target\":{\"@type\":\"EntryPoint\",\"urlTemplate\":\"https:\/\/www.gaveanews.com\/?s={search_term_string}\"},\"query-input\":{\"@type\":\"PropertyValueSpecification\",\"valueRequired\":true,\"valueName\":\"search_term_string\"}}],\"inLanguage\":\"pt-BR\"},{\"@type\":\"Person\",\"@id\":\"https:\/\/www.gaveanews.com\/#\/schema\/person\/c79759ca337c40791ae8d08e2923d403\",\"name\":\"Brenda Cezillo\",\"image\":{\"@type\":\"ImageObject\",\"inLanguage\":\"pt-BR\",\"@id\":\"https:\/\/www.gaveanews.com\/#\/schema\/person\/image\/\",\"url\":\"https:\/\/secure.gravatar.com\/avatar\/1738d75cee7317f9c29ae61dd67620c5883d80a92e42a6fff88ae5d527af217a?s=96&d=mm&r=g\",\"contentUrl\":\"https:\/\/secure.gravatar.com\/avatar\/1738d75cee7317f9c29ae61dd67620c5883d80a92e42a6fff88ae5d527af217a?s=96&d=mm&r=g\",\"caption\":\"Brenda Cezillo\"}}]}<\/script>\n<!-- \/ Yoast SEO Premium plugin. -->","yoast_head_json":{"title":"Jogador de sa\u00edda, Abel descarta lateral e declara\u00e7\u00e3o de Mauro Cezar: as \u00faltimas not\u00edcias do Palmeiras","robots":{"index":"index","follow":"follow","max-snippet":"max-snippet:-1","max-image-preview":"max-image-preview:large","max-video-preview":"max-video-preview:-1"},"canonical":"https:\/\/www.gaveanews.com\/index.php\/2025\/04\/11\/jogador-de-saida-abel-descarta-lateral-e-declaracao-de-mauro-cezar-as-ultimas-noticias-do-palmeiras\/","og_locale":"pt_BR","og_type":"article","og_title":"Jogador de sa\u00edda, Abel descarta lateral e declara\u00e7\u00e3o de Mauro Cezar: as \u00faltimas not\u00edcias do Palmeiras","og_description":"Nas \u00faltimas horas, o foco das not\u00edcias sobre o Palmeiras se concentram nos bastidores do clube, com destaques do dia a dia do time. Por conta deste contexto, leia abaixo um resumo preparado pela equipe do portal G\u00e1vea News para lhe manter muito bem informado! Declara\u00e7\u00e3o de Mauro Cezar A recente discuss\u00e3o entre o jornalista [&hellip;]","og_url":"https:\/\/www.gaveanews.com\/index.php\/2025\/04\/11\/jogador-de-saida-abel-descarta-lateral-e-declaracao-de-mauro-cezar-as-ultimas-noticias-do-palmeiras\/","og_site_name":"G\u00e1vea News","article_publisher":"https:\/\/facebook.com\/gaveaNews\/","article_published_time":"2025-04-11T18:30:00+00:00","og_image":[{"width":680,"height":510,"url":"https:\/\/www.gaveanews.com\/wp-content\/uploads\/Escudo-do-Palmeiras.webp","type":"image\/jpeg"}],"author":"Brenda Cezillo","twitter_card":"summary_large_image","twitter_misc":{"Escrito por":"Brenda Cezillo","Est. tempo de leitura":"5 minutos"},"schema":{"@context":"https:\/\/schema.org","@graph":[{"@type":"NewsArticle","@id":"https:\/\/www.gaveanews.com\/index.php\/2025\/04\/11\/jogador-de-saida-abel-descarta-lateral-e-declaracao-de-mauro-cezar-as-ultimas-noticias-do-palmeiras\/#article","isPartOf":{"@id":"https:\/\/www.gaveanews.com\/index.php\/2025\/04\/11\/jogador-de-saida-abel-descarta-lateral-e-declaracao-de-mauro-cezar-as-ultimas-noticias-do-palmeiras\/"},"author":{"name":"Brenda Cezillo","@id":"https:\/\/www.gaveanews.com\/#\/schema\/person\/c79759ca337c40791ae8d08e2923d403"},"headline":"Jogador de sa\u00edda, Abel descarta lateral e declara\u00e7\u00e3o de Mauro Cezar: as \u00faltimas not\u00edcias do Palmeiras","datePublished":"2025-04-11T18:30:00+00:00","mainEntityOfPage":{"@id":"https:\/\/www.gaveanews.com\/index.php\/2025\/04\/11\/jogador-de-saida-abel-descarta-lateral-e-declaracao-de-mauro-cezar-as-ultimas-noticias-do-palmeiras\/"},"wordCount":848,"commentCount":0,"image":{"@id":"https:\/\/www.gaveanews.com\/index.php\/2025\/04\/11\/jogador-de-saida-abel-descarta-lateral-e-declaracao-de-mauro-cezar-as-ultimas-noticias-do-palmeiras\/#primaryimage"},"thumbnailUrl":"https:\/\/www.gaveanews.com\/wp-content\/uploads\/Escudo-do-Palmeiras.webp","articleSection":["Palmeiras"],"inLanguage":"pt-BR","potentialAction":[{"@type":"CommentAction","name":"Comment","target":["https:\/\/www.gaveanews.com\/index.php\/2025\/04\/11\/jogador-de-saida-abel-descarta-lateral-e-declaracao-de-mauro-cezar-as-ultimas-noticias-do-palmeiras\/#respond"]}],"copyrightYear":"2025","copyrightHolder":{"@id":"https:\/\/www.gaveanews.com\/#organization"}},{"@type":"WebPage","@id":"https:\/\/www.gaveanews.com\/index.php\/2025\/04\/11\/jogador-de-saida-abel-descarta-lateral-e-declaracao-de-mauro-cezar-as-ultimas-noticias-do-palmeiras\/","url":"https:\/\/www.gaveanews.com\/index.php\/2025\/04\/11\/jogador-de-saida-abel-descarta-lateral-e-declaracao-de-mauro-cezar-as-ultimas-noticias-do-palmeiras\/","name":"Jogador de sa\u00edda, Abel descarta lateral e declara\u00e7\u00e3o de Mauro Cezar: as \u00faltimas not\u00edcias do Palmeiras","isPartOf":{"@id":"https:\/\/www.gaveanews.com\/#website"},"primaryImageOfPage":{"@id":"https:\/\/www.gaveanews.com\/index.php\/2025\/04\/11\/jogador-de-saida-abel-descarta-lateral-e-declaracao-de-mauro-cezar-as-ultimas-noticias-do-palmeiras\/#primaryimage"},"image":{"@id":"https:\/\/www.gaveanews.com\/index.php\/2025\/04\/11\/jogador-de-saida-abel-descarta-lateral-e-declaracao-de-mauro-cezar-as-ultimas-noticias-do-palmeiras\/#primaryimage"},"thumbnailUrl":"https:\/\/www.gaveanews.com\/wp-content\/uploads\/Escudo-do-Palmeiras.webp","datePublished":"2025-04-11T18:30:00+00:00","author":{"@id":"https:\/\/www.gaveanews.com\/#\/schema\/person\/c79759ca337c40791ae8d08e2923d403"},"breadcrumb":{"@id":"https:\/\/www.gaveanews.com\/index.php\/2025\/04\/11\/jogador-de-saida-abel-descarta-lateral-e-declaracao-de-mauro-cezar-as-ultimas-noticias-do-palmeiras\/#breadcrumb"},"inLanguage":"pt-BR","potentialAction":[{"@type":"ReadAction","target":["https:\/\/www.gaveanews.com\/index.php\/2025\/04\/11\/jogador-de-saida-abel-descarta-lateral-e-declaracao-de-mauro-cezar-as-ultimas-noticias-do-palmeiras\/"]}]},{"@type":"ImageObject","inLanguage":"pt-BR","@id":"https:\/\/www.gaveanews.com\/index.php\/2025\/04\/11\/jogador-de-saida-abel-descarta-lateral-e-declaracao-de-mauro-cezar-as-ultimas-noticias-do-palmeiras\/#primaryimage","url":"https:\/\/www.gaveanews.com\/wp-content\/uploads\/Escudo-do-Palmeiras.webp","contentUrl":"https:\/\/www.gaveanews.com\/wp-content\/uploads\/Escudo-do-Palmeiras.webp","width":680,"height":510,"caption":"Escudo do Palmeiras (Foto Reprodu\u00e7\u00e3o\/Instagram)"},{"@type":"BreadcrumbList","@id":"https:\/\/www.gaveanews.com\/index.php\/2025\/04\/11\/jogador-de-saida-abel-descarta-lateral-e-declaracao-de-mauro-cezar-as-ultimas-noticias-do-palmeiras\/#breadcrumb","itemListElement":[{"@type":"ListItem","position":1,"name":"Home","item":"https:\/\/www.gaveanews.com\/"},{"@type":"ListItem","position":2,"name":"Jogador de sa\u00edda, Abel descarta lateral e declara\u00e7\u00e3o de Mauro Cezar: as \u00faltimas not\u00edcias do Palmeiras"}]},{"@type":"WebSite","@id":"https:\/\/www.gaveanews.com\/#website","url":"https:\/\/www.gaveanews.com\/","name":"G\u00e1vea News","description":"Veja todas as not\u00edcias sobre o Flamengo: Contrata\u00e7\u00f5es, categorias de base, resultados das partidas, tabela de classifica\u00e7\u00e3o, pr\u00f3ximos jogos!","potentialAction":[{"@type":"SearchAction","target":{"@type":"EntryPoint","urlTemplate":"https:\/\/www.gaveanews.com\/?s={search_term_string}"},"query-input":{"@type":"PropertyValueSpecification","valueRequired":true,"valueName":"search_term_string"}}],"inLanguage":"pt-BR"},{"@type":"Person","@id":"https:\/\/www.gaveanews.com\/#\/schema\/person\/c79759ca337c40791ae8d08e2923d403","name":"Brenda Cezillo","image":{"@type":"ImageObject","inLanguage":"pt-BR","@id":"https:\/\/www.gaveanews.com\/#\/schema\/person\/image\/","url":"https:\/\/secure.gravatar.com\/avatar\/1738d75cee7317f9c29ae61dd67620c5883d80a92e42a6fff88ae5d527af217a?s=96&d=mm&r=g","contentUrl":"https:\/\/secure.gravatar.com\/avatar\/1738d75cee7317f9c29ae61dd67620c5883d80a92e42a6fff88ae5d527af217a?s=96&d=mm&r=g","caption":"Brenda Cezillo"}}]}},"_links":{"self":[{"href":"https:\/\/www.gaveanews.com\/index.php\/wp-json\/wp\/v2\/posts\/252003","targetHints":{"allow":["GET"]}}],"collection":[{"href":"https:\/\/www.gaveanews.com\/index.php\/wp-json\/wp\/v2\/posts"}],"about":[{"href":"https:\/\/www.gaveanews.com\/index.php\/wp-json\/wp\/v2\/types\/post"}],"author":[{"embeddable":true,"href":"https:\/\/www.gaveanews.com\/index.php\/wp-json\/wp\/v2\/users\/33"}],"replies":[{"embeddable":true,"href":"https:\/\/www.gaveanews.com\/index.php\/wp-json\/wp\/v2\/comments?post=252003"}],"version-history":[{"count":1,"href":"https:\/\/www.gaveanews.com\/index.php\/wp-json\/wp\/v2\/posts\/252003\/revisions"}],"predecessor-version":[{"id":252219,"href":"https:\/\/www.gaveanews.com\/index.php\/wp-json\/wp\/v2\/posts\/252003\/revisions\/252219"}],"wp:featuredmedia":[{"embeddable":true,"href":"https:\/\/www.gaveanews.com\/index.php\/wp-json\/wp\/v2\/media\/142887"}],"wp:attachment":[{"href":"https:\/\/www.gaveanews.com\/index.php\/wp-json\/wp\/v2\/media?parent=252003"}],"wp:term":[{"taxonomy":"category","embeddable":true,"href":"https:\/\/www.gaveanews.com\/index.php\/wp-json\/wp\/v2\/categories?post=252003"},{"taxonomy":"post_tag","embeddable":true,"href":"https:\/\/www.gaveanews.com\/index.php\/wp-json\/wp\/v2\/tags?post=252003"}],"curies":[{"name":"wp","href":"https:\/\/api.w.org\/{rel}","templated":true}]}}