{"id":252046,"date":"2025-04-11T03:15:00","date_gmt":"2025-04-11T06:15:00","guid":{"rendered":"https:\/\/www.gaveanews.com\/?p=252046"},"modified":"2025-04-11T00:03:10","modified_gmt":"2025-04-11T03:03:10","slug":"reforco-confirmado-aumento-milionario-e-declaracao-de-vampeta-as-ultimas-noticias-do-palmeiras","status":"publish","type":"post","link":"https:\/\/www.gaveanews.com\/index.php\/2025\/04\/11\/reforco-confirmado-aumento-milionario-e-declaracao-de-vampeta-as-ultimas-noticias-do-palmeiras\/","title":{"rendered":"Refor\u00e7o confirmado, aumento milion\u00e1rio e declara\u00e7\u00e3o de Vampeta: as \u00faltimas not\u00edcias do Palmeiras"},"content":{"rendered":"\n<p>Nas \u00faltimas horas, o foco das not\u00edcias sobre o Palmeiras se concentram nos bastidores do clube, com destaques do dia a dia do time.<\/p>\n\n\n\n<p>Por conta deste contexto, leia abaixo um resumo preparado pela equipe do portal G\u00e1vea News para lhe manter muito bem informado!<\/p>\n\n\n\n<h2 class=\"wp-block-heading\" id=\"h-declaracao-de-vampeta\">Declara\u00e7\u00e3o de Vampeta<\/h2>\n\n\n\n<p>Durante o programa <em>Bate-Pronto<\/em>, da Jovem Pan, Vampeta surpreendeu ao criticar as recorrentes reclama\u00e7\u00f5es de treinadores sobre o calend\u00e1rio do futebol brasileiro. Contrariando vozes como a de Abel Ferreira, t\u00e9cnico do Palmeiras, o ex-volante defendeu a rotina de jogos \u00e0s quartas e domingos como algo comum no futebol mundial. Para ele, a alta frequ\u00eancia de partidas faz parte da exig\u00eancia de clubes grandes e n\u00e3o deveria ser motivo de queixa constante por parte dos profissionais da \u00e1rea<strong><a href=\"https:\/\/www.gaveanews.com\/index.php\/2025\/04\/09\/a-declaracao-de-vampeta-envolvendo-abel-ferreira-do-palmeiras\/\"> (leia a mat\u00e9ria completa).<\/a><\/strong><\/p>\n\n\n\n<figure class=\"wp-block-image size-full\"><img loading=\"lazy\" decoding=\"async\" width=\"1024\" height=\"497\" src=\"http:\/\/www.gaveanews.com\/wp-content\/uploads\/Vampeta.webp\" alt=\"\" class=\"wp-image-127595\" srcset=\"https:\/\/www.gaveanews.com\/wp-content\/uploads\/Vampeta.webp 1024w, https:\/\/www.gaveanews.com\/wp-content\/uploads\/Vampeta-300x146.webp 300w, https:\/\/www.gaveanews.com\/wp-content\/uploads\/Vampeta-768x373.webp 768w, https:\/\/www.gaveanews.com\/wp-content\/uploads\/Vampeta-865x420.webp 865w, https:\/\/www.gaveanews.com\/wp-content\/uploads\/Vampeta-640x311.webp 640w, https:\/\/www.gaveanews.com\/wp-content\/uploads\/Vampeta-681x331.webp 681w, https:\/\/www.gaveanews.com\/wp-content\/uploads\/Vampeta-1021x497.webp 1021w, https:\/\/www.gaveanews.com\/wp-content\/uploads\/Vampeta-1022x497.webp 1022w, https:\/\/www.gaveanews.com\/wp-content\/uploads\/Vampeta-100x49.webp 100w\" sizes=\"auto, (max-width: 1024px) 100vw, 1024px\" \/><figcaption class=\"wp-element-caption\">Vampeta durante programa esportivo Jovem Pan Esportes &#8211; Foto: Reprodu\u00e7\u00e3o<\/figcaption><\/figure>\n\n\n\n<p>Vampeta foi enf\u00e1tico ao comparar o cen\u00e1rio nacional com o europeu, citando o Real Madrid como exemplo de clube que tamb\u00e9m enfrenta maratonas competitivas. Ele ironizou a postura de alguns t\u00e9cnicos, questionando se prefeririam atuar apenas uma vez por semana. <\/p>\n\n\n\n<p>O comentarista chegou a classificar as cr\u00edticas como \u201cmuito mimimi\u201d e sugeriu que, se est\u00e3o insatisfeitos, os clubes deveriam focar em apenas uma competi\u00e7\u00e3o por temporada \u2014 o que, segundo ele, n\u00e3o condiz com a grandeza de institui\u00e7\u00f5es como o Palmeiras.<\/p>\n\n\n\n<p>Por outro lado, Abel Ferreira reiterou sua posi\u00e7\u00e3o sobre as dificuldades enfrentadas no futebol brasileiro. Ap\u00f3s uma vit\u00f3ria recente no Brasileir\u00e3o, o treinador voltou a apontar o excesso de jogos, a falta de tempo para treinar e as longas viagens como desafios que comprometem o desempenho. A cr\u00edtica ao calend\u00e1rio n\u00e3o \u00e9 exclusiva do portugu\u00eas: Renato Ga\u00facho tamb\u00e9m j\u00e1 havia manifestado insatisfa\u00e7\u00e3o quando dirigia o Gr\u00eamio, alegando que os respons\u00e1veis pela organiza\u00e7\u00e3o do calend\u00e1rio desconhecem a realidade de quem vive o dia a dia do futebol profissional.<\/p>\n\n\n\n<h2 class=\"wp-block-heading\" id=\"h-aumento-milionario\">Aumento milion\u00e1rio<\/h2>\n\n\n\n<p>A torcida do Palmeiras demonstrou sua for\u00e7a fora das quatro linhas ao impulsionar, em menos de 24 horas, um aumento de R$ 15,7 milh\u00f5es no valor de mercado da Fictor Holding, nova patrocinadora do clube. A empresa, que assinou contrato de tr\u00eas anos com o Verd\u00e3o, investe R$ 25 milh\u00f5es por temporada, podendo chegar a R$ 30 milh\u00f5es com b\u00f4nus. O impacto da parceria foi imediato, refletindo a grande exposi\u00e7\u00e3o que o Palmeiras proporciona aos seus parceiros<strong><a href=\"https:\/\/www.gaveanews.com\/index.php\/2025\/04\/09\/15-milhoes-em-24-horas-o-poder-da-torcida-do-palmeiras\/\"> (leia a mat\u00e9ria completa).<\/a><\/strong><\/p>\n\n\n\n<figure class=\"wp-block-image size-large\"><img loading=\"lazy\" decoding=\"async\" width=\"1024\" height=\"576\" src=\"http:\/\/www.gaveanews.com\/wp-content\/uploads\/Futebol-e-dinheiro-1-1024x576.webp\" alt=\"\" class=\"wp-image-167418\" srcset=\"https:\/\/www.gaveanews.com\/wp-content\/uploads\/Futebol-e-dinheiro-1-1024x576.webp 1024w, https:\/\/www.gaveanews.com\/wp-content\/uploads\/Futebol-e-dinheiro-1-300x169.webp 300w, https:\/\/www.gaveanews.com\/wp-content\/uploads\/Futebol-e-dinheiro-1-768x432.webp 768w, https:\/\/www.gaveanews.com\/wp-content\/uploads\/Futebol-e-dinheiro-1-747x420.webp 747w, https:\/\/www.gaveanews.com\/wp-content\/uploads\/Futebol-e-dinheiro-1-640x360.webp 640w, https:\/\/www.gaveanews.com\/wp-content\/uploads\/Futebol-e-dinheiro-1-681x383.webp 681w, https:\/\/www.gaveanews.com\/wp-content\/uploads\/Futebol-e-dinheiro-1-100x56.webp 100w, https:\/\/www.gaveanews.com\/wp-content\/uploads\/Futebol-e-dinheiro-1.webp 1280w\" sizes=\"auto, (max-width: 1024px) 100vw, 1024px\" \/><figcaption class=\"wp-element-caption\">Futebol e dinheiro (Imagem: Editoria de arte\/G\u00e1vea News\/Henrique Machado)<\/figcaption><\/figure>\n\n\n\n<p>A Fictor atua h\u00e1 18 anos no setor de private equity, com frentes em alimentos, servi\u00e7os financeiros e infraestrutura. Com sede em S\u00e3o Paulo, a companhia viu suas a\u00e7\u00f5es (FICT3) valorizarem significativamente ap\u00f3s o an\u00fancio do patroc\u00ednio, alcan\u00e7ando em um dia quase dois ter\u00e7os do valor investido anualmente no clube. O resultado surpreendeu at\u00e9 mesmo analistas, que destacaram o efeito direto da associa\u00e7\u00e3o com a imagem e engajamento da torcida alviverde.<\/p>\n\n\n\n<p>A presidente Leila Pereira comemorou o acordo, que fortalece a base e tamb\u00e9m os elencos profissionais, masculino e feminino. A Fictor \u00e9 a quarta patrocinadora confirmada em 2025, somando-se a Sportingbet, Sil Fios e Cabos El\u00e9tricos e Uniselve, o que eleva para R$ 144 milh\u00f5es o montante arrecadado apenas com patroc\u00ednios fixos na camisa. A parceria sinaliza n\u00e3o apenas um acerto estrat\u00e9gico para o clube, mas tamb\u00e9m uma valoriza\u00e7\u00e3o da marca Palmeiras no cen\u00e1rio esportivo e corporativo.<\/p>\n\n\n\n<h2 class=\"wp-block-heading\" id=\"h-reforco-confirmado\">Refor\u00e7o confirmado<\/h2>\n\n\n\n<p>O Palmeiras est\u00e1 pr\u00f3ximo de renovar o contrato do jovem meia Figueiredo, do sub-20, at\u00e9 o fim de 2029. A presidente Leila Pereira lidera as negocia\u00e7\u00f5es e demonstra confian\u00e7a no potencial do atleta, apesar de seu hist\u00f3rico de les\u00f5es. A amplia\u00e7\u00e3o do v\u00ednculo representa uma aposta de longo prazo, pois o jogador j\u00e1 passou por tr\u00eas cirurgias no joelho, sendo duas no direito e uma no esquerdo, o que atrasou sua trajet\u00f3ria, mas n\u00e3o reduziu a expectativa sobre seu desempenho futuro<strong><a href=\"https:\/\/www.gaveanews.com\/index.php\/2025\/04\/09\/leila-acerta-reforco-para-o-palmeiras-ate-2029\/\"> (leia a mat\u00e9ria completa).<\/a><\/strong><\/p>\n\n\n\n<figure class=\"wp-block-image size-large\"><img loading=\"lazy\" decoding=\"async\" width=\"1024\" height=\"640\" src=\"http:\/\/www.gaveanews.com\/wp-content\/uploads\/Leila-Pereira-durante-coletiva-do-Palmeiras-1024x640.webp\" alt=\"\" class=\"wp-image-108277\" srcset=\"https:\/\/www.gaveanews.com\/wp-content\/uploads\/Leila-Pereira-durante-coletiva-do-Palmeiras-1024x640.webp 1024w, https:\/\/www.gaveanews.com\/wp-content\/uploads\/Leila-Pereira-durante-coletiva-do-Palmeiras-300x188.webp 300w, https:\/\/www.gaveanews.com\/wp-content\/uploads\/Leila-Pereira-durante-coletiva-do-Palmeiras-768x480.webp 768w, https:\/\/www.gaveanews.com\/wp-content\/uploads\/Leila-Pereira-durante-coletiva-do-Palmeiras-672x420.webp 672w, https:\/\/www.gaveanews.com\/wp-content\/uploads\/Leila-Pereira-durante-coletiva-do-Palmeiras-640x400.webp 640w, https:\/\/www.gaveanews.com\/wp-content\/uploads\/Leila-Pereira-durante-coletiva-do-Palmeiras-681x426.webp 681w, https:\/\/www.gaveanews.com\/wp-content\/uploads\/Leila-Pereira-durante-coletiva-do-Palmeiras-100x63.webp 100w, https:\/\/www.gaveanews.com\/wp-content\/uploads\/Leila-Pereira-durante-coletiva-do-Palmeiras.webp 1200w\" sizes=\"auto, (max-width: 1024px) 100vw, 1024px\" \/><figcaption class=\"wp-element-caption\">Leila Pereira durante coletiva do Palmeiras (Foto: Reprodu\u00e7\u00e3o)<\/figcaption><\/figure>\n\n\n\n<p>A decis\u00e3o pela renova\u00e7\u00e3o refor\u00e7a a pol\u00edtica do clube de valorizar seus talentos formados na base, mesmo em cen\u00e1rios adversos. Figueiredo vinha sendo observado antes mesmo da Libertadores Sub-20, e sua perman\u00eancia \u00e9 vista como estrat\u00e9gica para a forma\u00e7\u00e3o de um elenco s\u00f3lido nos pr\u00f3ximos anos. Internamente, o meia \u00e9 elogiado por seu talento t\u00e9cnico e resili\u00eancia durante os processos de reabilita\u00e7\u00e3o, o que motivou a diretoria a continuar apostando nele.<\/p>\n\n\n\n<p>A negocia\u00e7\u00e3o ainda n\u00e3o foi oficializada, mas os tr\u00e2mites est\u00e3o em est\u00e1gio avan\u00e7ado. Enquanto isso, o time principal do Palmeiras segue focado na Libertadores, onde enfrentar\u00e1 o Cerro Porte\u00f1o. A manuten\u00e7\u00e3o de jovens promissores como Figueiredo \u00e9 parte do planejamento de Leila Pereira, que busca estruturar um futuro competitivo para o clube, combinando experi\u00eancia e juventude com vis\u00e3o estrat\u00e9gica e confian\u00e7a no processo formativo.<\/p>\n","protected":false},"excerpt":{"rendered":"<p>Nas \u00faltimas horas, o foco das not\u00edcias sobre o Palmeiras se concentram nos bastidores do clube, com destaques do dia a dia do time. Por conta deste contexto, leia abaixo um resumo preparado pela equipe do portal G\u00e1vea News para lhe manter muito bem informado! Declara\u00e7\u00e3o de Vampeta Durante o programa Bate-Pronto, da Jovem Pan, [&hellip;]<\/p>\n","protected":false},"author":33,"featured_media":158317,"comment_status":"open","ping_status":"closed","sticky":false,"template":"","format":"standard","meta":{"footnotes":""},"categories":[150],"tags":[],"class_list":["post-252046","post","type-post","status-publish","format-standard","has-post-thumbnail","hentry","category-palmeiras"],"yoast_head":"<!-- This site is optimized with the Yoast SEO Premium plugin v24.2 (Yoast SEO v26.9) - https:\/\/yoast.com\/product\/yoast-seo-premium-wordpress\/ -->\n<title>Refor\u00e7o confirmado, aumento milion\u00e1rio e declara\u00e7\u00e3o de Vampeta: as \u00faltimas not\u00edcias do Palmeiras<\/title>\n<meta name=\"robots\" content=\"index, follow, max-snippet:-1, max-image-preview:large, max-video-preview:-1\" \/>\n<link rel=\"canonical\" href=\"https:\/\/www.gaveanews.com\/index.php\/2025\/04\/11\/reforco-confirmado-aumento-milionario-e-declaracao-de-vampeta-as-ultimas-noticias-do-palmeiras\/\" \/>\n<meta property=\"og:locale\" content=\"pt_BR\" \/>\n<meta property=\"og:type\" content=\"article\" \/>\n<meta property=\"og:title\" content=\"Refor\u00e7o confirmado, aumento milion\u00e1rio e declara\u00e7\u00e3o de Vampeta: as \u00faltimas not\u00edcias do Palmeiras\" \/>\n<meta property=\"og:description\" content=\"Nas \u00faltimas horas, o foco das not\u00edcias sobre o Palmeiras se concentram nos bastidores do clube, com destaques do dia a dia do time. Por conta deste contexto, leia abaixo um resumo preparado pela equipe do portal G\u00e1vea News para lhe manter muito bem informado! Declara\u00e7\u00e3o de Vampeta Durante o programa Bate-Pronto, da Jovem Pan, [&hellip;]\" \/>\n<meta property=\"og:url\" content=\"https:\/\/www.gaveanews.com\/index.php\/2025\/04\/11\/reforco-confirmado-aumento-milionario-e-declaracao-de-vampeta-as-ultimas-noticias-do-palmeiras\/\" \/>\n<meta property=\"og:site_name\" content=\"G\u00e1vea News\" \/>\n<meta property=\"article:publisher\" content=\"https:\/\/facebook.com\/gaveaNews\/\" \/>\n<meta property=\"article:published_time\" content=\"2025-04-11T06:15:00+00:00\" \/>\n<meta property=\"og:image\" content=\"https:\/\/www.gaveanews.com\/wp-content\/uploads\/Jogadores-do-Palmeiras-reunidos-durante-partida-da-Copa-do-Brasil-2024.webp\" \/>\n\t<meta property=\"og:image:width\" content=\"1187\" \/>\n\t<meta property=\"og:image:height\" content=\"792\" \/>\n\t<meta property=\"og:image:type\" content=\"image\/webp\" \/>\n<meta name=\"author\" content=\"Brenda Cezillo\" \/>\n<meta name=\"twitter:card\" content=\"summary_large_image\" \/>\n<meta name=\"twitter:label1\" content=\"Escrito por\" \/>\n\t<meta name=\"twitter:data1\" content=\"Brenda Cezillo\" \/>\n\t<meta name=\"twitter:label2\" content=\"Est. tempo de leitura\" \/>\n\t<meta name=\"twitter:data2\" content=\"6 minutos\" \/>\n<script type=\"application\/ld+json\" class=\"yoast-schema-graph\">{\"@context\":\"https:\/\/schema.org\",\"@graph\":[{\"@type\":\"NewsArticle\",\"@id\":\"https:\/\/www.gaveanews.com\/index.php\/2025\/04\/11\/reforco-confirmado-aumento-milionario-e-declaracao-de-vampeta-as-ultimas-noticias-do-palmeiras\/#article\",\"isPartOf\":{\"@id\":\"https:\/\/www.gaveanews.com\/index.php\/2025\/04\/11\/reforco-confirmado-aumento-milionario-e-declaracao-de-vampeta-as-ultimas-noticias-do-palmeiras\/\"},\"author\":{\"name\":\"Brenda Cezillo\",\"@id\":\"https:\/\/www.gaveanews.com\/#\/schema\/person\/c79759ca337c40791ae8d08e2923d403\"},\"headline\":\"Refor\u00e7o confirmado, aumento milion\u00e1rio e declara\u00e7\u00e3o de Vampeta: as \u00faltimas not\u00edcias do Palmeiras\",\"datePublished\":\"2025-04-11T06:15:00+00:00\",\"mainEntityOfPage\":{\"@id\":\"https:\/\/www.gaveanews.com\/index.php\/2025\/04\/11\/reforco-confirmado-aumento-milionario-e-declaracao-de-vampeta-as-ultimas-noticias-do-palmeiras\/\"},\"wordCount\":884,\"commentCount\":0,\"image\":{\"@id\":\"https:\/\/www.gaveanews.com\/index.php\/2025\/04\/11\/reforco-confirmado-aumento-milionario-e-declaracao-de-vampeta-as-ultimas-noticias-do-palmeiras\/#primaryimage\"},\"thumbnailUrl\":\"https:\/\/www.gaveanews.com\/wp-content\/uploads\/Jogadores-do-Palmeiras-reunidos-durante-partida-da-Copa-do-Brasil-2024.webp\",\"articleSection\":[\"Palmeiras\"],\"inLanguage\":\"pt-BR\",\"potentialAction\":[{\"@type\":\"CommentAction\",\"name\":\"Comment\",\"target\":[\"https:\/\/www.gaveanews.com\/index.php\/2025\/04\/11\/reforco-confirmado-aumento-milionario-e-declaracao-de-vampeta-as-ultimas-noticias-do-palmeiras\/#respond\"]}],\"copyrightYear\":\"2025\",\"copyrightHolder\":{\"@id\":\"https:\/\/www.gaveanews.com\/#organization\"}},{\"@type\":\"WebPage\",\"@id\":\"https:\/\/www.gaveanews.com\/index.php\/2025\/04\/11\/reforco-confirmado-aumento-milionario-e-declaracao-de-vampeta-as-ultimas-noticias-do-palmeiras\/\",\"url\":\"https:\/\/www.gaveanews.com\/index.php\/2025\/04\/11\/reforco-confirmado-aumento-milionario-e-declaracao-de-vampeta-as-ultimas-noticias-do-palmeiras\/\",\"name\":\"Refor\u00e7o confirmado, aumento milion\u00e1rio e declara\u00e7\u00e3o de Vampeta: as \u00faltimas not\u00edcias do Palmeiras\",\"isPartOf\":{\"@id\":\"https:\/\/www.gaveanews.com\/#website\"},\"primaryImageOfPage\":{\"@id\":\"https:\/\/www.gaveanews.com\/index.php\/2025\/04\/11\/reforco-confirmado-aumento-milionario-e-declaracao-de-vampeta-as-ultimas-noticias-do-palmeiras\/#primaryimage\"},\"image\":{\"@id\":\"https:\/\/www.gaveanews.com\/index.php\/2025\/04\/11\/reforco-confirmado-aumento-milionario-e-declaracao-de-vampeta-as-ultimas-noticias-do-palmeiras\/#primaryimage\"},\"thumbnailUrl\":\"https:\/\/www.gaveanews.com\/wp-content\/uploads\/Jogadores-do-Palmeiras-reunidos-durante-partida-da-Copa-do-Brasil-2024.webp\",\"datePublished\":\"2025-04-11T06:15:00+00:00\",\"author\":{\"@id\":\"https:\/\/www.gaveanews.com\/#\/schema\/person\/c79759ca337c40791ae8d08e2923d403\"},\"breadcrumb\":{\"@id\":\"https:\/\/www.gaveanews.com\/index.php\/2025\/04\/11\/reforco-confirmado-aumento-milionario-e-declaracao-de-vampeta-as-ultimas-noticias-do-palmeiras\/#breadcrumb\"},\"inLanguage\":\"pt-BR\",\"potentialAction\":[{\"@type\":\"ReadAction\",\"target\":[\"https:\/\/www.gaveanews.com\/index.php\/2025\/04\/11\/reforco-confirmado-aumento-milionario-e-declaracao-de-vampeta-as-ultimas-noticias-do-palmeiras\/\"]}]},{\"@type\":\"ImageObject\",\"inLanguage\":\"pt-BR\",\"@id\":\"https:\/\/www.gaveanews.com\/index.php\/2025\/04\/11\/reforco-confirmado-aumento-milionario-e-declaracao-de-vampeta-as-ultimas-noticias-do-palmeiras\/#primaryimage\",\"url\":\"https:\/\/www.gaveanews.com\/wp-content\/uploads\/Jogadores-do-Palmeiras-reunidos-durante-partida-da-Copa-do-Brasil-2024.webp\",\"contentUrl\":\"https:\/\/www.gaveanews.com\/wp-content\/uploads\/Jogadores-do-Palmeiras-reunidos-durante-partida-da-Copa-do-Brasil-2024.webp\",\"width\":1187,\"height\":792,\"caption\":\"Jogadores do Palmeiras reunidos durante partida da Copa do Brasil 2024 (Foto: Reprodu\u00e7\u00e3o\/Palmeiras)\"},{\"@type\":\"BreadcrumbList\",\"@id\":\"https:\/\/www.gaveanews.com\/index.php\/2025\/04\/11\/reforco-confirmado-aumento-milionario-e-declaracao-de-vampeta-as-ultimas-noticias-do-palmeiras\/#breadcrumb\",\"itemListElement\":[{\"@type\":\"ListItem\",\"position\":1,\"name\":\"Home\",\"item\":\"https:\/\/www.gaveanews.com\/\"},{\"@type\":\"ListItem\",\"position\":2,\"name\":\"Refor\u00e7o confirmado, aumento milion\u00e1rio e declara\u00e7\u00e3o de Vampeta: as \u00faltimas not\u00edcias do Palmeiras\"}]},{\"@type\":\"WebSite\",\"@id\":\"https:\/\/www.gaveanews.com\/#website\",\"url\":\"https:\/\/www.gaveanews.com\/\",\"name\":\"G\u00e1vea News\",\"description\":\"Veja todas as not\u00edcias sobre o Flamengo: Contrata\u00e7\u00f5es, categorias de base, resultados das partidas, tabela de classifica\u00e7\u00e3o, pr\u00f3ximos jogos!\",\"potentialAction\":[{\"@type\":\"SearchAction\",\"target\":{\"@type\":\"EntryPoint\",\"urlTemplate\":\"https:\/\/www.gaveanews.com\/?s={search_term_string}\"},\"query-input\":{\"@type\":\"PropertyValueSpecification\",\"valueRequired\":true,\"valueName\":\"search_term_string\"}}],\"inLanguage\":\"pt-BR\"},{\"@type\":\"Person\",\"@id\":\"https:\/\/www.gaveanews.com\/#\/schema\/person\/c79759ca337c40791ae8d08e2923d403\",\"name\":\"Brenda Cezillo\",\"image\":{\"@type\":\"ImageObject\",\"inLanguage\":\"pt-BR\",\"@id\":\"https:\/\/www.gaveanews.com\/#\/schema\/person\/image\/\",\"url\":\"https:\/\/secure.gravatar.com\/avatar\/1738d75cee7317f9c29ae61dd67620c5883d80a92e42a6fff88ae5d527af217a?s=96&d=mm&r=g\",\"contentUrl\":\"https:\/\/secure.gravatar.com\/avatar\/1738d75cee7317f9c29ae61dd67620c5883d80a92e42a6fff88ae5d527af217a?s=96&d=mm&r=g\",\"caption\":\"Brenda Cezillo\"}}]}<\/script>\n<!-- \/ Yoast SEO Premium plugin. -->","yoast_head_json":{"title":"Refor\u00e7o confirmado, aumento milion\u00e1rio e declara\u00e7\u00e3o de Vampeta: as \u00faltimas not\u00edcias do Palmeiras","robots":{"index":"index","follow":"follow","max-snippet":"max-snippet:-1","max-image-preview":"max-image-preview:large","max-video-preview":"max-video-preview:-1"},"canonical":"https:\/\/www.gaveanews.com\/index.php\/2025\/04\/11\/reforco-confirmado-aumento-milionario-e-declaracao-de-vampeta-as-ultimas-noticias-do-palmeiras\/","og_locale":"pt_BR","og_type":"article","og_title":"Refor\u00e7o confirmado, aumento milion\u00e1rio e declara\u00e7\u00e3o de Vampeta: as \u00faltimas not\u00edcias do Palmeiras","og_description":"Nas \u00faltimas horas, o foco das not\u00edcias sobre o Palmeiras se concentram nos bastidores do clube, com destaques do dia a dia do time. Por conta deste contexto, leia abaixo um resumo preparado pela equipe do portal G\u00e1vea News para lhe manter muito bem informado! Declara\u00e7\u00e3o de Vampeta Durante o programa Bate-Pronto, da Jovem Pan, [&hellip;]","og_url":"https:\/\/www.gaveanews.com\/index.php\/2025\/04\/11\/reforco-confirmado-aumento-milionario-e-declaracao-de-vampeta-as-ultimas-noticias-do-palmeiras\/","og_site_name":"G\u00e1vea News","article_publisher":"https:\/\/facebook.com\/gaveaNews\/","article_published_time":"2025-04-11T06:15:00+00:00","og_image":[{"width":1187,"height":792,"url":"https:\/\/www.gaveanews.com\/wp-content\/uploads\/Jogadores-do-Palmeiras-reunidos-durante-partida-da-Copa-do-Brasil-2024.webp","type":"image\/webp"}],"author":"Brenda Cezillo","twitter_card":"summary_large_image","twitter_misc":{"Escrito por":"Brenda Cezillo","Est. tempo de leitura":"6 minutos"},"schema":{"@context":"https:\/\/schema.org","@graph":[{"@type":"NewsArticle","@id":"https:\/\/www.gaveanews.com\/index.php\/2025\/04\/11\/reforco-confirmado-aumento-milionario-e-declaracao-de-vampeta-as-ultimas-noticias-do-palmeiras\/#article","isPartOf":{"@id":"https:\/\/www.gaveanews.com\/index.php\/2025\/04\/11\/reforco-confirmado-aumento-milionario-e-declaracao-de-vampeta-as-ultimas-noticias-do-palmeiras\/"},"author":{"name":"Brenda Cezillo","@id":"https:\/\/www.gaveanews.com\/#\/schema\/person\/c79759ca337c40791ae8d08e2923d403"},"headline":"Refor\u00e7o confirmado, aumento milion\u00e1rio e declara\u00e7\u00e3o de Vampeta: as \u00faltimas not\u00edcias do Palmeiras","datePublished":"2025-04-11T06:15:00+00:00","mainEntityOfPage":{"@id":"https:\/\/www.gaveanews.com\/index.php\/2025\/04\/11\/reforco-confirmado-aumento-milionario-e-declaracao-de-vampeta-as-ultimas-noticias-do-palmeiras\/"},"wordCount":884,"commentCount":0,"image":{"@id":"https:\/\/www.gaveanews.com\/index.php\/2025\/04\/11\/reforco-confirmado-aumento-milionario-e-declaracao-de-vampeta-as-ultimas-noticias-do-palmeiras\/#primaryimage"},"thumbnailUrl":"https:\/\/www.gaveanews.com\/wp-content\/uploads\/Jogadores-do-Palmeiras-reunidos-durante-partida-da-Copa-do-Brasil-2024.webp","articleSection":["Palmeiras"],"inLanguage":"pt-BR","potentialAction":[{"@type":"CommentAction","name":"Comment","target":["https:\/\/www.gaveanews.com\/index.php\/2025\/04\/11\/reforco-confirmado-aumento-milionario-e-declaracao-de-vampeta-as-ultimas-noticias-do-palmeiras\/#respond"]}],"copyrightYear":"2025","copyrightHolder":{"@id":"https:\/\/www.gaveanews.com\/#organization"}},{"@type":"WebPage","@id":"https:\/\/www.gaveanews.com\/index.php\/2025\/04\/11\/reforco-confirmado-aumento-milionario-e-declaracao-de-vampeta-as-ultimas-noticias-do-palmeiras\/","url":"https:\/\/www.gaveanews.com\/index.php\/2025\/04\/11\/reforco-confirmado-aumento-milionario-e-declaracao-de-vampeta-as-ultimas-noticias-do-palmeiras\/","name":"Refor\u00e7o confirmado, aumento milion\u00e1rio e declara\u00e7\u00e3o de Vampeta: as \u00faltimas not\u00edcias do Palmeiras","isPartOf":{"@id":"https:\/\/www.gaveanews.com\/#website"},"primaryImageOfPage":{"@id":"https:\/\/www.gaveanews.com\/index.php\/2025\/04\/11\/reforco-confirmado-aumento-milionario-e-declaracao-de-vampeta-as-ultimas-noticias-do-palmeiras\/#primaryimage"},"image":{"@id":"https:\/\/www.gaveanews.com\/index.php\/2025\/04\/11\/reforco-confirmado-aumento-milionario-e-declaracao-de-vampeta-as-ultimas-noticias-do-palmeiras\/#primaryimage"},"thumbnailUrl":"https:\/\/www.gaveanews.com\/wp-content\/uploads\/Jogadores-do-Palmeiras-reunidos-durante-partida-da-Copa-do-Brasil-2024.webp","datePublished":"2025-04-11T06:15:00+00:00","author":{"@id":"https:\/\/www.gaveanews.com\/#\/schema\/person\/c79759ca337c40791ae8d08e2923d403"},"breadcrumb":{"@id":"https:\/\/www.gaveanews.com\/index.php\/2025\/04\/11\/reforco-confirmado-aumento-milionario-e-declaracao-de-vampeta-as-ultimas-noticias-do-palmeiras\/#breadcrumb"},"inLanguage":"pt-BR","potentialAction":[{"@type":"ReadAction","target":["https:\/\/www.gaveanews.com\/index.php\/2025\/04\/11\/reforco-confirmado-aumento-milionario-e-declaracao-de-vampeta-as-ultimas-noticias-do-palmeiras\/"]}]},{"@type":"ImageObject","inLanguage":"pt-BR","@id":"https:\/\/www.gaveanews.com\/index.php\/2025\/04\/11\/reforco-confirmado-aumento-milionario-e-declaracao-de-vampeta-as-ultimas-noticias-do-palmeiras\/#primaryimage","url":"https:\/\/www.gaveanews.com\/wp-content\/uploads\/Jogadores-do-Palmeiras-reunidos-durante-partida-da-Copa-do-Brasil-2024.webp","contentUrl":"https:\/\/www.gaveanews.com\/wp-content\/uploads\/Jogadores-do-Palmeiras-reunidos-durante-partida-da-Copa-do-Brasil-2024.webp","width":1187,"height":792,"caption":"Jogadores do Palmeiras reunidos durante partida da Copa do Brasil 2024 (Foto: Reprodu\u00e7\u00e3o\/Palmeiras)"},{"@type":"BreadcrumbList","@id":"https:\/\/www.gaveanews.com\/index.php\/2025\/04\/11\/reforco-confirmado-aumento-milionario-e-declaracao-de-vampeta-as-ultimas-noticias-do-palmeiras\/#breadcrumb","itemListElement":[{"@type":"ListItem","position":1,"name":"Home","item":"https:\/\/www.gaveanews.com\/"},{"@type":"ListItem","position":2,"name":"Refor\u00e7o confirmado, aumento milion\u00e1rio e declara\u00e7\u00e3o de Vampeta: as \u00faltimas not\u00edcias do Palmeiras"}]},{"@type":"WebSite","@id":"https:\/\/www.gaveanews.com\/#website","url":"https:\/\/www.gaveanews.com\/","name":"G\u00e1vea News","description":"Veja todas as not\u00edcias sobre o Flamengo: Contrata\u00e7\u00f5es, categorias de base, resultados das partidas, tabela de classifica\u00e7\u00e3o, pr\u00f3ximos jogos!","potentialAction":[{"@type":"SearchAction","target":{"@type":"EntryPoint","urlTemplate":"https:\/\/www.gaveanews.com\/?s={search_term_string}"},"query-input":{"@type":"PropertyValueSpecification","valueRequired":true,"valueName":"search_term_string"}}],"inLanguage":"pt-BR"},{"@type":"Person","@id":"https:\/\/www.gaveanews.com\/#\/schema\/person\/c79759ca337c40791ae8d08e2923d403","name":"Brenda Cezillo","image":{"@type":"ImageObject","inLanguage":"pt-BR","@id":"https:\/\/www.gaveanews.com\/#\/schema\/person\/image\/","url":"https:\/\/secure.gravatar.com\/avatar\/1738d75cee7317f9c29ae61dd67620c5883d80a92e42a6fff88ae5d527af217a?s=96&d=mm&r=g","contentUrl":"https:\/\/secure.gravatar.com\/avatar\/1738d75cee7317f9c29ae61dd67620c5883d80a92e42a6fff88ae5d527af217a?s=96&d=mm&r=g","caption":"Brenda Cezillo"}}]}},"_links":{"self":[{"href":"https:\/\/www.gaveanews.com\/index.php\/wp-json\/wp\/v2\/posts\/252046","targetHints":{"allow":["GET"]}}],"collection":[{"href":"https:\/\/www.gaveanews.com\/index.php\/wp-json\/wp\/v2\/posts"}],"about":[{"href":"https:\/\/www.gaveanews.com\/index.php\/wp-json\/wp\/v2\/types\/post"}],"author":[{"embeddable":true,"href":"https:\/\/www.gaveanews.com\/index.php\/wp-json\/wp\/v2\/users\/33"}],"replies":[{"embeddable":true,"href":"https:\/\/www.gaveanews.com\/index.php\/wp-json\/wp\/v2\/comments?post=252046"}],"version-history":[{"count":1,"href":"https:\/\/www.gaveanews.com\/index.php\/wp-json\/wp\/v2\/posts\/252046\/revisions"}],"predecessor-version":[{"id":252099,"href":"https:\/\/www.gaveanews.com\/index.php\/wp-json\/wp\/v2\/posts\/252046\/revisions\/252099"}],"wp:featuredmedia":[{"embeddable":true,"href":"https:\/\/www.gaveanews.com\/index.php\/wp-json\/wp\/v2\/media\/158317"}],"wp:attachment":[{"href":"https:\/\/www.gaveanews.com\/index.php\/wp-json\/wp\/v2\/media?parent=252046"}],"wp:term":[{"taxonomy":"category","embeddable":true,"href":"https:\/\/www.gaveanews.com\/index.php\/wp-json\/wp\/v2\/categories?post=252046"},{"taxonomy":"post_tag","embeddable":true,"href":"https:\/\/www.gaveanews.com\/index.php\/wp-json\/wp\/v2\/tags?post=252046"}],"curies":[{"name":"wp","href":"https:\/\/api.w.org\/{rel}","templated":true}]}}