{"id":252091,"date":"2025-04-11T02:50:00","date_gmt":"2025-04-11T05:50:00","guid":{"rendered":"https:\/\/www.gaveanews.com\/?p=252091"},"modified":"2025-04-10T23:41:14","modified_gmt":"2025-04-11T02:41:14","slug":"atitude-de-ronaldo-fenomeno-ganha-repercussao-negativa-na-europa","status":"publish","type":"post","link":"https:\/\/www.gaveanews.com\/index.php\/2025\/04\/11\/atitude-de-ronaldo-fenomeno-ganha-repercussao-negativa-na-europa\/","title":{"rendered":"Atitude de Ronaldo Fen\u00f4meno ganha repercuss\u00e3o negativa na Europa"},"content":{"rendered":"\n<p>A crise que abala o Real Valladolid \u00e9 profunda e afeta todos os setores do clube. Com apenas 16 pontos conquistados, o time ocupa a \u00faltima coloca\u00e7\u00e3o da Primeira Divis\u00e3o e exibe os piores n\u00fameros desde sua funda\u00e7\u00e3o, em 1928. Esse cen\u00e1rio ca\u00f3tico \u00e9 fruto de uma sequ\u00eancia de erros na gest\u00e3o esportiva e administrativa, marcados por decis\u00f5es precipitadas, vendas mal conduzidas e um elenco montado com escolhas pouco estrat\u00e9gicas.<\/p>\n\n\n\n<p>A tens\u00e3o interna ficou evidente ap\u00f3s uma briga entre os jogadores Luis P\u00e9rez e Juanmi Latasa no banco de reservas, em epis\u00f3dio que teve at\u00e9 tentativa de agress\u00e3o. &#8220;N\u00e3o h\u00e1 resultado esportivo que justifique a perda do respeito&#8221;, declarou um dos envolvidos. Esse descontrole escancarou o desgaste emocional e a fragilidade da hierarquia dentro do vesti\u00e1rio, al\u00e9m de ter provocado rea\u00e7\u00f5es duras da diretoria, que abriu processos disciplinares contra os atletas.<\/p>\n\n\n\n<p>O afastamento de Ronaldo Nazario da rotina do clube tamb\u00e9m \u00e9 apontado como fator relevante no agravamento da crise. Enquanto buscava assumir a presid\u00eancia da Confedera\u00e7\u00e3o Brasileira de Futebol, o ex-atacante deixou de lado o Valladolid. Sua candidatura frustrada marcou o fim de qualquer expectativa de venda do clube, ao menos no curto prazo. A condu\u00e7\u00e3o do projeto esportivo, antes promissor, transformou-se em um fracasso retumbante.<\/p>\n\n\n\n<p>As tentativas de reorganiza\u00e7\u00e3o com Paulo Pezzolano, Diego Cocca e \u00c1lvaro Rubio falharam igualmente. A venda de Boyomo por um valor baixo e a perda do promissor Juma, al\u00e9m da inoper\u00e2ncia de Bruno Mazziotti e Domingo Catoira, apenas aumentaram os danos. O planejamento deficiente da diretoria exp\u00f4s o clube a problemas financeiros e contratuais s\u00e9rios, como o caso de Kenedy, que pouco jogou mas tem v\u00ednculo milion\u00e1rio at\u00e9 2028.<\/p>\n\n\n\n<p>Nos bastidores, o desmonte da estrutura diretiva ganhou for\u00e7a. Figuras como David Espinar e Matthieu Fenaert deixaram o clube, enquanto os projetos paralelos, como o time de basquete e o futebol feminino, sofreram cortes e retra\u00e7\u00f5es. A falta de refor\u00e7os administrativos compromete a governan\u00e7a institucional da equipe.<\/p>\n\n\n\n<p>Por fim, os torcedores continuam comparecendo ao Est\u00e1dio Jos\u00e9 Zorrilla, mas o descontentamento \u00e9 crescente. As manifesta\u00e7\u00f5es contra Ronaldo, com faixas e gritos de &#8220;Ronaldo Go Home&#8221;, t\u00eam se tornado rotina. Embora existam rumores de propostas de compra por ex-jogadores e investidores internacionais, nada se concretizou. A cidade de Valladolid, ent\u00e3o, observa com apreens\u00e3o a derrocada de seu principal s\u00edmbolo esportivo.<\/p>\n","protected":false},"excerpt":{"rendered":"<p>A crise que abala o Real Valladolid \u00e9 profunda e afeta todos os setores do clube. Com apenas 16 pontos conquistados, o time ocupa a \u00faltima coloca\u00e7\u00e3o da Primeira Divis\u00e3o e exibe os piores n\u00fameros desde sua funda\u00e7\u00e3o, em 1928. Esse cen\u00e1rio ca\u00f3tico \u00e9 fruto de uma sequ\u00eancia de erros na gest\u00e3o esportiva e administrativa, [&hellip;]<\/p>\n","protected":false},"author":18,"featured_media":157476,"comment_status":"open","ping_status":"closed","sticky":false,"template":"","format":"standard","meta":{"footnotes":""},"categories":[78],"tags":[],"class_list":["post-252091","post","type-post","status-publish","format-standard","has-post-thumbnail","hentry","category-futebol-internacional"],"yoast_head":"<!-- This site is optimized with the Yoast SEO Premium plugin v24.2 (Yoast SEO v26.9) - https:\/\/yoast.com\/product\/yoast-seo-premium-wordpress\/ -->\n<title>Atitude de Ronaldo Fen\u00f4meno ganha repercuss\u00e3o negativa na Europa<\/title>\n<meta name=\"robots\" content=\"index, follow, max-snippet:-1, max-image-preview:large, max-video-preview:-1\" \/>\n<link rel=\"canonical\" href=\"https:\/\/www.gaveanews.com\/index.php\/2025\/04\/11\/atitude-de-ronaldo-fenomeno-ganha-repercussao-negativa-na-europa\/\" \/>\n<meta property=\"og:locale\" content=\"pt_BR\" \/>\n<meta property=\"og:type\" content=\"article\" \/>\n<meta property=\"og:title\" content=\"Atitude de Ronaldo Fen\u00f4meno ganha repercuss\u00e3o negativa na Europa\" \/>\n<meta property=\"og:description\" content=\"A crise que abala o Real Valladolid \u00e9 profunda e afeta todos os setores do clube. Com apenas 16 pontos conquistados, o time ocupa a \u00faltima coloca\u00e7\u00e3o da Primeira Divis\u00e3o e exibe os piores n\u00fameros desde sua funda\u00e7\u00e3o, em 1928. Esse cen\u00e1rio ca\u00f3tico \u00e9 fruto de uma sequ\u00eancia de erros na gest\u00e3o esportiva e administrativa, [&hellip;]\" \/>\n<meta property=\"og:url\" content=\"https:\/\/www.gaveanews.com\/index.php\/2025\/04\/11\/atitude-de-ronaldo-fenomeno-ganha-repercussao-negativa-na-europa\/\" \/>\n<meta property=\"og:site_name\" content=\"G\u00e1vea News\" \/>\n<meta property=\"article:publisher\" content=\"https:\/\/facebook.com\/gaveaNews\/\" \/>\n<meta property=\"article:published_time\" content=\"2025-04-11T05:50:00+00:00\" \/>\n<meta property=\"og:image\" content=\"https:\/\/www.gaveanews.com\/wp-content\/uploads\/Ronaldo-Fenomeno-durante-premiacao-da-FIFA.webp\" \/>\n\t<meta property=\"og:image:width\" content=\"640\" \/>\n\t<meta property=\"og:image:height\" content=\"480\" \/>\n\t<meta property=\"og:image:type\" content=\"image\/jpeg\" \/>\n<meta name=\"author\" content=\"Paula Silva\" \/>\n<meta name=\"twitter:card\" content=\"summary_large_image\" \/>\n<meta name=\"twitter:label1\" content=\"Escrito por\" \/>\n\t<meta name=\"twitter:data1\" content=\"Paula Silva\" \/>\n\t<meta name=\"twitter:label2\" content=\"Est. tempo de leitura\" \/>\n\t<meta name=\"twitter:data2\" content=\"3 minutos\" \/>\n<script type=\"application\/ld+json\" class=\"yoast-schema-graph\">{\"@context\":\"https:\/\/schema.org\",\"@graph\":[{\"@type\":\"NewsArticle\",\"@id\":\"https:\/\/www.gaveanews.com\/index.php\/2025\/04\/11\/atitude-de-ronaldo-fenomeno-ganha-repercussao-negativa-na-europa\/#article\",\"isPartOf\":{\"@id\":\"https:\/\/www.gaveanews.com\/index.php\/2025\/04\/11\/atitude-de-ronaldo-fenomeno-ganha-repercussao-negativa-na-europa\/\"},\"author\":{\"name\":\"Paula Silva\",\"@id\":\"https:\/\/www.gaveanews.com\/#\/schema\/person\/daf63eec72e1164eb13dc35096c2b8da\"},\"headline\":\"Atitude de Ronaldo Fen\u00f4meno ganha repercuss\u00e3o negativa na Europa\",\"datePublished\":\"2025-04-11T05:50:00+00:00\",\"mainEntityOfPage\":{\"@id\":\"https:\/\/www.gaveanews.com\/index.php\/2025\/04\/11\/atitude-de-ronaldo-fenomeno-ganha-repercussao-negativa-na-europa\/\"},\"wordCount\":428,\"commentCount\":0,\"image\":{\"@id\":\"https:\/\/www.gaveanews.com\/index.php\/2025\/04\/11\/atitude-de-ronaldo-fenomeno-ganha-repercussao-negativa-na-europa\/#primaryimage\"},\"thumbnailUrl\":\"https:\/\/www.gaveanews.com\/wp-content\/uploads\/Ronaldo-Fenomeno-durante-premiacao-da-FIFA.webp\",\"articleSection\":[\"Futebol Internacional\"],\"inLanguage\":\"pt-BR\",\"potentialAction\":[{\"@type\":\"CommentAction\",\"name\":\"Comment\",\"target\":[\"https:\/\/www.gaveanews.com\/index.php\/2025\/04\/11\/atitude-de-ronaldo-fenomeno-ganha-repercussao-negativa-na-europa\/#respond\"]}],\"copyrightYear\":\"2025\",\"copyrightHolder\":{\"@id\":\"https:\/\/www.gaveanews.com\/#organization\"}},{\"@type\":\"WebPage\",\"@id\":\"https:\/\/www.gaveanews.com\/index.php\/2025\/04\/11\/atitude-de-ronaldo-fenomeno-ganha-repercussao-negativa-na-europa\/\",\"url\":\"https:\/\/www.gaveanews.com\/index.php\/2025\/04\/11\/atitude-de-ronaldo-fenomeno-ganha-repercussao-negativa-na-europa\/\",\"name\":\"Atitude de Ronaldo Fen\u00f4meno ganha repercuss\u00e3o negativa na Europa\",\"isPartOf\":{\"@id\":\"https:\/\/www.gaveanews.com\/#website\"},\"primaryImageOfPage\":{\"@id\":\"https:\/\/www.gaveanews.com\/index.php\/2025\/04\/11\/atitude-de-ronaldo-fenomeno-ganha-repercussao-negativa-na-europa\/#primaryimage\"},\"image\":{\"@id\":\"https:\/\/www.gaveanews.com\/index.php\/2025\/04\/11\/atitude-de-ronaldo-fenomeno-ganha-repercussao-negativa-na-europa\/#primaryimage\"},\"thumbnailUrl\":\"https:\/\/www.gaveanews.com\/wp-content\/uploads\/Ronaldo-Fenomeno-durante-premiacao-da-FIFA.webp\",\"datePublished\":\"2025-04-11T05:50:00+00:00\",\"author\":{\"@id\":\"https:\/\/www.gaveanews.com\/#\/schema\/person\/daf63eec72e1164eb13dc35096c2b8da\"},\"breadcrumb\":{\"@id\":\"https:\/\/www.gaveanews.com\/index.php\/2025\/04\/11\/atitude-de-ronaldo-fenomeno-ganha-repercussao-negativa-na-europa\/#breadcrumb\"},\"inLanguage\":\"pt-BR\",\"potentialAction\":[{\"@type\":\"ReadAction\",\"target\":[\"https:\/\/www.gaveanews.com\/index.php\/2025\/04\/11\/atitude-de-ronaldo-fenomeno-ganha-repercussao-negativa-na-europa\/\"]}]},{\"@type\":\"ImageObject\",\"inLanguage\":\"pt-BR\",\"@id\":\"https:\/\/www.gaveanews.com\/index.php\/2025\/04\/11\/atitude-de-ronaldo-fenomeno-ganha-repercussao-negativa-na-europa\/#primaryimage\",\"url\":\"https:\/\/www.gaveanews.com\/wp-content\/uploads\/Ronaldo-Fenomeno-durante-premiacao-da-FIFA.webp\",\"contentUrl\":\"https:\/\/www.gaveanews.com\/wp-content\/uploads\/Ronaldo-Fenomeno-durante-premiacao-da-FIFA.webp\",\"width\":640,\"height\":480,\"caption\":\"Ronaldo Fen\u00f4meno durante premia\u00e7\u00e3o da FIFA (Foto: Reprodu\u00e7\u00e3o)\"},{\"@type\":\"BreadcrumbList\",\"@id\":\"https:\/\/www.gaveanews.com\/index.php\/2025\/04\/11\/atitude-de-ronaldo-fenomeno-ganha-repercussao-negativa-na-europa\/#breadcrumb\",\"itemListElement\":[{\"@type\":\"ListItem\",\"position\":1,\"name\":\"Home\",\"item\":\"https:\/\/www.gaveanews.com\/\"},{\"@type\":\"ListItem\",\"position\":2,\"name\":\"Atitude de Ronaldo Fen\u00f4meno ganha repercuss\u00e3o negativa na Europa\"}]},{\"@type\":\"WebSite\",\"@id\":\"https:\/\/www.gaveanews.com\/#website\",\"url\":\"https:\/\/www.gaveanews.com\/\",\"name\":\"G\u00e1vea News\",\"description\":\"Veja todas as not\u00edcias sobre o Flamengo: Contrata\u00e7\u00f5es, categorias de base, resultados das partidas, tabela de classifica\u00e7\u00e3o, pr\u00f3ximos jogos!\",\"potentialAction\":[{\"@type\":\"SearchAction\",\"target\":{\"@type\":\"EntryPoint\",\"urlTemplate\":\"https:\/\/www.gaveanews.com\/?s={search_term_string}\"},\"query-input\":{\"@type\":\"PropertyValueSpecification\",\"valueRequired\":true,\"valueName\":\"search_term_string\"}}],\"inLanguage\":\"pt-BR\"},{\"@type\":\"Person\",\"@id\":\"https:\/\/www.gaveanews.com\/#\/schema\/person\/daf63eec72e1164eb13dc35096c2b8da\",\"name\":\"Paula Silva\",\"image\":{\"@type\":\"ImageObject\",\"inLanguage\":\"pt-BR\",\"@id\":\"https:\/\/www.gaveanews.com\/#\/schema\/person\/image\/\",\"url\":\"https:\/\/secure.gravatar.com\/avatar\/eda381c845527cc5d64c13b901833cda29d97500ba040d3e6461f76f51d163bb?s=96&d=mm&r=g\",\"contentUrl\":\"https:\/\/secure.gravatar.com\/avatar\/eda381c845527cc5d64c13b901833cda29d97500ba040d3e6461f76f51d163bb?s=96&d=mm&r=g\",\"caption\":\"Paula Silva\"}}]}<\/script>\n<!-- \/ Yoast SEO Premium plugin. -->","yoast_head_json":{"title":"Atitude de Ronaldo Fen\u00f4meno ganha repercuss\u00e3o negativa na Europa","robots":{"index":"index","follow":"follow","max-snippet":"max-snippet:-1","max-image-preview":"max-image-preview:large","max-video-preview":"max-video-preview:-1"},"canonical":"https:\/\/www.gaveanews.com\/index.php\/2025\/04\/11\/atitude-de-ronaldo-fenomeno-ganha-repercussao-negativa-na-europa\/","og_locale":"pt_BR","og_type":"article","og_title":"Atitude de Ronaldo Fen\u00f4meno ganha repercuss\u00e3o negativa na Europa","og_description":"A crise que abala o Real Valladolid \u00e9 profunda e afeta todos os setores do clube. Com apenas 16 pontos conquistados, o time ocupa a \u00faltima coloca\u00e7\u00e3o da Primeira Divis\u00e3o e exibe os piores n\u00fameros desde sua funda\u00e7\u00e3o, em 1928. Esse cen\u00e1rio ca\u00f3tico \u00e9 fruto de uma sequ\u00eancia de erros na gest\u00e3o esportiva e administrativa, [&hellip;]","og_url":"https:\/\/www.gaveanews.com\/index.php\/2025\/04\/11\/atitude-de-ronaldo-fenomeno-ganha-repercussao-negativa-na-europa\/","og_site_name":"G\u00e1vea News","article_publisher":"https:\/\/facebook.com\/gaveaNews\/","article_published_time":"2025-04-11T05:50:00+00:00","og_image":[{"width":640,"height":480,"url":"https:\/\/www.gaveanews.com\/wp-content\/uploads\/Ronaldo-Fenomeno-durante-premiacao-da-FIFA.webp","type":"image\/jpeg"}],"author":"Paula Silva","twitter_card":"summary_large_image","twitter_misc":{"Escrito por":"Paula Silva","Est. tempo de leitura":"3 minutos"},"schema":{"@context":"https:\/\/schema.org","@graph":[{"@type":"NewsArticle","@id":"https:\/\/www.gaveanews.com\/index.php\/2025\/04\/11\/atitude-de-ronaldo-fenomeno-ganha-repercussao-negativa-na-europa\/#article","isPartOf":{"@id":"https:\/\/www.gaveanews.com\/index.php\/2025\/04\/11\/atitude-de-ronaldo-fenomeno-ganha-repercussao-negativa-na-europa\/"},"author":{"name":"Paula Silva","@id":"https:\/\/www.gaveanews.com\/#\/schema\/person\/daf63eec72e1164eb13dc35096c2b8da"},"headline":"Atitude de Ronaldo Fen\u00f4meno ganha repercuss\u00e3o negativa na Europa","datePublished":"2025-04-11T05:50:00+00:00","mainEntityOfPage":{"@id":"https:\/\/www.gaveanews.com\/index.php\/2025\/04\/11\/atitude-de-ronaldo-fenomeno-ganha-repercussao-negativa-na-europa\/"},"wordCount":428,"commentCount":0,"image":{"@id":"https:\/\/www.gaveanews.com\/index.php\/2025\/04\/11\/atitude-de-ronaldo-fenomeno-ganha-repercussao-negativa-na-europa\/#primaryimage"},"thumbnailUrl":"https:\/\/www.gaveanews.com\/wp-content\/uploads\/Ronaldo-Fenomeno-durante-premiacao-da-FIFA.webp","articleSection":["Futebol Internacional"],"inLanguage":"pt-BR","potentialAction":[{"@type":"CommentAction","name":"Comment","target":["https:\/\/www.gaveanews.com\/index.php\/2025\/04\/11\/atitude-de-ronaldo-fenomeno-ganha-repercussao-negativa-na-europa\/#respond"]}],"copyrightYear":"2025","copyrightHolder":{"@id":"https:\/\/www.gaveanews.com\/#organization"}},{"@type":"WebPage","@id":"https:\/\/www.gaveanews.com\/index.php\/2025\/04\/11\/atitude-de-ronaldo-fenomeno-ganha-repercussao-negativa-na-europa\/","url":"https:\/\/www.gaveanews.com\/index.php\/2025\/04\/11\/atitude-de-ronaldo-fenomeno-ganha-repercussao-negativa-na-europa\/","name":"Atitude de Ronaldo Fen\u00f4meno ganha repercuss\u00e3o negativa na Europa","isPartOf":{"@id":"https:\/\/www.gaveanews.com\/#website"},"primaryImageOfPage":{"@id":"https:\/\/www.gaveanews.com\/index.php\/2025\/04\/11\/atitude-de-ronaldo-fenomeno-ganha-repercussao-negativa-na-europa\/#primaryimage"},"image":{"@id":"https:\/\/www.gaveanews.com\/index.php\/2025\/04\/11\/atitude-de-ronaldo-fenomeno-ganha-repercussao-negativa-na-europa\/#primaryimage"},"thumbnailUrl":"https:\/\/www.gaveanews.com\/wp-content\/uploads\/Ronaldo-Fenomeno-durante-premiacao-da-FIFA.webp","datePublished":"2025-04-11T05:50:00+00:00","author":{"@id":"https:\/\/www.gaveanews.com\/#\/schema\/person\/daf63eec72e1164eb13dc35096c2b8da"},"breadcrumb":{"@id":"https:\/\/www.gaveanews.com\/index.php\/2025\/04\/11\/atitude-de-ronaldo-fenomeno-ganha-repercussao-negativa-na-europa\/#breadcrumb"},"inLanguage":"pt-BR","potentialAction":[{"@type":"ReadAction","target":["https:\/\/www.gaveanews.com\/index.php\/2025\/04\/11\/atitude-de-ronaldo-fenomeno-ganha-repercussao-negativa-na-europa\/"]}]},{"@type":"ImageObject","inLanguage":"pt-BR","@id":"https:\/\/www.gaveanews.com\/index.php\/2025\/04\/11\/atitude-de-ronaldo-fenomeno-ganha-repercussao-negativa-na-europa\/#primaryimage","url":"https:\/\/www.gaveanews.com\/wp-content\/uploads\/Ronaldo-Fenomeno-durante-premiacao-da-FIFA.webp","contentUrl":"https:\/\/www.gaveanews.com\/wp-content\/uploads\/Ronaldo-Fenomeno-durante-premiacao-da-FIFA.webp","width":640,"height":480,"caption":"Ronaldo Fen\u00f4meno durante premia\u00e7\u00e3o da FIFA (Foto: Reprodu\u00e7\u00e3o)"},{"@type":"BreadcrumbList","@id":"https:\/\/www.gaveanews.com\/index.php\/2025\/04\/11\/atitude-de-ronaldo-fenomeno-ganha-repercussao-negativa-na-europa\/#breadcrumb","itemListElement":[{"@type":"ListItem","position":1,"name":"Home","item":"https:\/\/www.gaveanews.com\/"},{"@type":"ListItem","position":2,"name":"Atitude de Ronaldo Fen\u00f4meno ganha repercuss\u00e3o negativa na Europa"}]},{"@type":"WebSite","@id":"https:\/\/www.gaveanews.com\/#website","url":"https:\/\/www.gaveanews.com\/","name":"G\u00e1vea News","description":"Veja todas as not\u00edcias sobre o Flamengo: Contrata\u00e7\u00f5es, categorias de base, resultados das partidas, tabela de classifica\u00e7\u00e3o, pr\u00f3ximos jogos!","potentialAction":[{"@type":"SearchAction","target":{"@type":"EntryPoint","urlTemplate":"https:\/\/www.gaveanews.com\/?s={search_term_string}"},"query-input":{"@type":"PropertyValueSpecification","valueRequired":true,"valueName":"search_term_string"}}],"inLanguage":"pt-BR"},{"@type":"Person","@id":"https:\/\/www.gaveanews.com\/#\/schema\/person\/daf63eec72e1164eb13dc35096c2b8da","name":"Paula Silva","image":{"@type":"ImageObject","inLanguage":"pt-BR","@id":"https:\/\/www.gaveanews.com\/#\/schema\/person\/image\/","url":"https:\/\/secure.gravatar.com\/avatar\/eda381c845527cc5d64c13b901833cda29d97500ba040d3e6461f76f51d163bb?s=96&d=mm&r=g","contentUrl":"https:\/\/secure.gravatar.com\/avatar\/eda381c845527cc5d64c13b901833cda29d97500ba040d3e6461f76f51d163bb?s=96&d=mm&r=g","caption":"Paula Silva"}}]}},"_links":{"self":[{"href":"https:\/\/www.gaveanews.com\/index.php\/wp-json\/wp\/v2\/posts\/252091","targetHints":{"allow":["GET"]}}],"collection":[{"href":"https:\/\/www.gaveanews.com\/index.php\/wp-json\/wp\/v2\/posts"}],"about":[{"href":"https:\/\/www.gaveanews.com\/index.php\/wp-json\/wp\/v2\/types\/post"}],"author":[{"embeddable":true,"href":"https:\/\/www.gaveanews.com\/index.php\/wp-json\/wp\/v2\/users\/18"}],"replies":[{"embeddable":true,"href":"https:\/\/www.gaveanews.com\/index.php\/wp-json\/wp\/v2\/comments?post=252091"}],"version-history":[{"count":1,"href":"https:\/\/www.gaveanews.com\/index.php\/wp-json\/wp\/v2\/posts\/252091\/revisions"}],"predecessor-version":[{"id":252093,"href":"https:\/\/www.gaveanews.com\/index.php\/wp-json\/wp\/v2\/posts\/252091\/revisions\/252093"}],"wp:featuredmedia":[{"embeddable":true,"href":"https:\/\/www.gaveanews.com\/index.php\/wp-json\/wp\/v2\/media\/157476"}],"wp:attachment":[{"href":"https:\/\/www.gaveanews.com\/index.php\/wp-json\/wp\/v2\/media?parent=252091"}],"wp:term":[{"taxonomy":"category","embeddable":true,"href":"https:\/\/www.gaveanews.com\/index.php\/wp-json\/wp\/v2\/categories?post=252091"},{"taxonomy":"post_tag","embeddable":true,"href":"https:\/\/www.gaveanews.com\/index.php\/wp-json\/wp\/v2\/tags?post=252091"}],"curies":[{"name":"wp","href":"https:\/\/api.w.org\/{rel}","templated":true}]}}