{"id":252122,"date":"2025-04-11T08:30:00","date_gmt":"2025-04-11T11:30:00","guid":{"rendered":"https:\/\/www.gaveanews.com\/?p=252122"},"modified":"2025-04-11T08:30:00","modified_gmt":"2025-04-11T11:30:00","slug":"a-declaracao-de-cuca-direcionada-a-conmebol","status":"publish","type":"post","link":"https:\/\/www.gaveanews.com\/index.php\/2025\/04\/11\/a-declaracao-de-cuca-direcionada-a-conmebol\/","title":{"rendered":"A declara\u00e7\u00e3o de Cuca direcionada \u00e0 Conmebol"},"content":{"rendered":"\n<p>A vit\u00f3ria do Atl\u00e9tico por 4 a 0 sobre o Deportes Iquique, na noite de quarta-feira (10), pela segunda rodada da Copa Sul-Americana, foi marcada n\u00e3o apenas pelo bom desempenho em campo, mas pela aus\u00eancia dos torcedores nas arquibancadas do Mineir\u00e3o. A partida ocorreu com port\u00f5es fechados devido a uma puni\u00e7\u00e3o imposta pela Conmebol, o que gerou forte insatisfa\u00e7\u00e3o por parte do t\u00e9cnico Cuca.<\/p>\n\n\n\n<p>Durante a coletiva ap\u00f3s o jogo, o treinador criticou duramente a decis\u00e3o da entidade sul-americana, classificando a penalidade como desproporcional. O Atl\u00e9tico foi sancionado por conta do uso de sinalizadores durante a semifinal da Libertadores de 2024 contra o River Plate, realizada na Arena MRV. Como consequ\u00eancia, o clube mineiro teve que atuar sem a presen\u00e7a de seus torcedores e ainda cumprir\u00e1 mais uma partida em casa com o est\u00e1dio vazio, diante do Caracas, marcada para o dia 15 de maio.<\/p>\n\n\n\n<p>Cuca fez um paralelo com situa\u00e7\u00f5es recentes no futebol brasileiro para questionar a coer\u00eancia da puni\u00e7\u00e3o. \u201cOutro dia teve um jogo, a final do Campeonato Paulista, que acenderam todos os sinalizadores ao mesmo tempo. Sabe o que o \u00e1rbitro fez? Deixou o jogo fluir. O que aquilo interferiu no jogo? \u00c9 errado? \u00c9 errado, mas isso n\u00e3o \u00e9 o maior erro que se tem\u201d, afirmou o t\u00e9cnico.<\/p>\n\n\n\n<p>O comandante atleticano aproveitou a oportunidade para ampliar a cr\u00edtica e apontar o tratamento que a Conmebol tem dado a casos de racismo nas competi\u00e7\u00f5es continentais. Conforme suas declara\u00e7\u00f5es, o rigor demonstrado contra o Atl\u00e9tico pelo uso de sinalizadores n\u00e3o tem se repetido diante de manifesta\u00e7\u00f5es discriminat\u00f3rias. \u201cVoc\u00ea tem raz\u00e3o quando fala em racismo, e a Conmebol passa a m\u00e3o praticamente em cima, dando uma pequena multa, ou fazendo uma carta e coisas assim. Por isso, n\u00e3o resolve de uma vez para sempre\u201d, declarou.<\/p>\n\n\n\n<h2 class=\"wp-block-heading\" id=\"h-cobrancas-por-sancoes-mais-energeticas\">Cobran\u00e7as por san\u00e7\u00f5es mais energ\u00e9ticas<\/h2>\n\n\n\n<p>Ali\u00e1s, o t\u00e9cnico sugeriu que medidas mais en\u00e9rgicas deveriam ser aplicadas, a fim de combater de forma mais eficaz o problema. \u201cAgora a puni\u00e7\u00e3o devia ter para o racismo tamb\u00e9m. Port\u00e3o fechado, n\u00e3o sei se seria o ideal, mas eles deviam buscar alguma coisa nesse aspecto\u201d, completou.<\/p>\n\n\n\n<p>O Atl\u00e9tico tentou recorrer da decis\u00e3o no Tribunal Arbitral do Esporte (CAS), localizado na Su\u00ed\u00e7a, a fim de obter um efeito suspensivo para reverter a san\u00e7\u00e3o. Entretanto, o pedido foi indeferido, obrigando o clube a cumprir as duas partidas sem presen\u00e7a de p\u00fablico, conforme determinado.<\/p>\n\n\n\n<p>O C\u00f3digo Disciplinar da Conmebol prev\u00ea multa m\u00ednima de 100 mil d\u00f3lares em casos de atos discriminat\u00f3rios motivados por cor da pele, ra\u00e7a, sexo, orienta\u00e7\u00e3o sexual, etnia, idioma, credo ou origem. O documento, em seu Artigo 15, tamb\u00e9m aponta a possibilidade de atenua\u00e7\u00e3o da penalidade caso o clube demonstre colabora\u00e7\u00e3o durante o processo. Contudo, na vis\u00e3o do treinador atleticano, as san\u00e7\u00f5es previstas e aplicadas at\u00e9 o momento n\u00e3o t\u00eam surtido o efeito necess\u00e1rio.<\/p>\n\n\n\n<p>Assim, enquanto o Galo tenta manter o foco dentro de campo, Cuca levanta um debate que ultrapassa as quatro linhas. As declara\u00e7\u00f5es do treinador exp\u00f5em um sentimento de desigualdade no tratamento de infra\u00e7\u00f5es pela Conmebol, o que reacende discuss\u00f5es sobre crit\u00e9rios de puni\u00e7\u00e3o e a efetividade no combate ao racismo nas competi\u00e7\u00f5es organizadas pela entidade.<\/p>\n","protected":false},"excerpt":{"rendered":"<p>A vit\u00f3ria do Atl\u00e9tico por 4 a 0 sobre o Deportes Iquique, na noite de quarta-feira (10), pela segunda rodada da Copa Sul-Americana, foi marcada n\u00e3o apenas pelo bom desempenho em campo, mas pela aus\u00eancia dos torcedores nas arquibancadas do Mineir\u00e3o. A partida ocorreu com port\u00f5es fechados devido a uma puni\u00e7\u00e3o imposta pela Conmebol, o [&hellip;]<\/p>\n","protected":false},"author":30,"featured_media":68026,"comment_status":"open","ping_status":"closed","sticky":false,"template":"","format":"standard","meta":{"footnotes":""},"categories":[136],"tags":[],"class_list":["post-252122","post","type-post","status-publish","format-standard","has-post-thumbnail","hentry","category-atletico-mg"],"yoast_head":"<!-- This site is optimized with the Yoast SEO Premium plugin v24.2 (Yoast SEO v26.9) - https:\/\/yoast.com\/product\/yoast-seo-premium-wordpress\/ -->\n<title>A declara\u00e7\u00e3o de Cuca direcionada \u00e0 Conmebol<\/title>\n<meta name=\"robots\" content=\"index, follow, max-snippet:-1, max-image-preview:large, max-video-preview:-1\" \/>\n<link rel=\"canonical\" href=\"https:\/\/www.gaveanews.com\/index.php\/2025\/04\/11\/a-declaracao-de-cuca-direcionada-a-conmebol\/\" \/>\n<meta property=\"og:locale\" content=\"pt_BR\" \/>\n<meta property=\"og:type\" content=\"article\" \/>\n<meta property=\"og:title\" content=\"A declara\u00e7\u00e3o de Cuca direcionada \u00e0 Conmebol\" \/>\n<meta property=\"og:description\" content=\"A vit\u00f3ria do Atl\u00e9tico por 4 a 0 sobre o Deportes Iquique, na noite de quarta-feira (10), pela segunda rodada da Copa Sul-Americana, foi marcada n\u00e3o apenas pelo bom desempenho em campo, mas pela aus\u00eancia dos torcedores nas arquibancadas do Mineir\u00e3o. A partida ocorreu com port\u00f5es fechados devido a uma puni\u00e7\u00e3o imposta pela Conmebol, o [&hellip;]\" \/>\n<meta property=\"og:url\" content=\"https:\/\/www.gaveanews.com\/index.php\/2025\/04\/11\/a-declaracao-de-cuca-direcionada-a-conmebol\/\" \/>\n<meta property=\"og:site_name\" content=\"G\u00e1vea News\" \/>\n<meta property=\"article:publisher\" content=\"https:\/\/facebook.com\/gaveaNews\/\" \/>\n<meta property=\"article:published_time\" content=\"2025-04-11T11:30:00+00:00\" \/>\n<meta property=\"og:image\" content=\"http:\/\/www.gaveanews.com\/wp-content\/uploads\/Cuca-tecnico-do-Atletico-MG.webp\" \/>\n\t<meta property=\"og:image:width\" content=\"1024\" \/>\n\t<meta property=\"og:image:height\" content=\"683\" \/>\n\t<meta property=\"og:image:type\" content=\"image\/jpeg\" \/>\n<meta name=\"author\" content=\"Ana Teixeira\" \/>\n<meta name=\"twitter:card\" content=\"summary_large_image\" \/>\n<meta name=\"twitter:label1\" content=\"Escrito por\" \/>\n\t<meta name=\"twitter:data1\" content=\"Ana Teixeira\" \/>\n\t<meta name=\"twitter:label2\" content=\"Est. tempo de leitura\" \/>\n\t<meta name=\"twitter:data2\" content=\"4 minutos\" \/>\n<script type=\"application\/ld+json\" class=\"yoast-schema-graph\">{\"@context\":\"https:\/\/schema.org\",\"@graph\":[{\"@type\":\"NewsArticle\",\"@id\":\"https:\/\/www.gaveanews.com\/index.php\/2025\/04\/11\/a-declaracao-de-cuca-direcionada-a-conmebol\/#article\",\"isPartOf\":{\"@id\":\"https:\/\/www.gaveanews.com\/index.php\/2025\/04\/11\/a-declaracao-de-cuca-direcionada-a-conmebol\/\"},\"author\":{\"name\":\"Ana Teixeira\",\"@id\":\"https:\/\/www.gaveanews.com\/#\/schema\/person\/3b19f7288b0ce20372991275e4f2e6c2\"},\"headline\":\"A declara\u00e7\u00e3o de Cuca direcionada \u00e0 Conmebol\",\"datePublished\":\"2025-04-11T11:30:00+00:00\",\"mainEntityOfPage\":{\"@id\":\"https:\/\/www.gaveanews.com\/index.php\/2025\/04\/11\/a-declaracao-de-cuca-direcionada-a-conmebol\/\"},\"wordCount\":585,\"commentCount\":0,\"image\":{\"@id\":\"https:\/\/www.gaveanews.com\/index.php\/2025\/04\/11\/a-declaracao-de-cuca-direcionada-a-conmebol\/#primaryimage\"},\"thumbnailUrl\":\"https:\/\/www.gaveanews.com\/wp-content\/uploads\/Cuca-tecnico-do-Atletico-MG.webp\",\"articleSection\":[\"Atl\u00e9tico-MG\"],\"inLanguage\":\"pt-BR\",\"potentialAction\":[{\"@type\":\"CommentAction\",\"name\":\"Comment\",\"target\":[\"https:\/\/www.gaveanews.com\/index.php\/2025\/04\/11\/a-declaracao-de-cuca-direcionada-a-conmebol\/#respond\"]}],\"copyrightYear\":\"2025\",\"copyrightHolder\":{\"@id\":\"https:\/\/www.gaveanews.com\/#organization\"}},{\"@type\":\"WebPage\",\"@id\":\"https:\/\/www.gaveanews.com\/index.php\/2025\/04\/11\/a-declaracao-de-cuca-direcionada-a-conmebol\/\",\"url\":\"https:\/\/www.gaveanews.com\/index.php\/2025\/04\/11\/a-declaracao-de-cuca-direcionada-a-conmebol\/\",\"name\":\"A declara\u00e7\u00e3o de Cuca direcionada \u00e0 Conmebol\",\"isPartOf\":{\"@id\":\"https:\/\/www.gaveanews.com\/#website\"},\"primaryImageOfPage\":{\"@id\":\"https:\/\/www.gaveanews.com\/index.php\/2025\/04\/11\/a-declaracao-de-cuca-direcionada-a-conmebol\/#primaryimage\"},\"image\":{\"@id\":\"https:\/\/www.gaveanews.com\/index.php\/2025\/04\/11\/a-declaracao-de-cuca-direcionada-a-conmebol\/#primaryimage\"},\"thumbnailUrl\":\"https:\/\/www.gaveanews.com\/wp-content\/uploads\/Cuca-tecnico-do-Atletico-MG.webp\",\"datePublished\":\"2025-04-11T11:30:00+00:00\",\"author\":{\"@id\":\"https:\/\/www.gaveanews.com\/#\/schema\/person\/3b19f7288b0ce20372991275e4f2e6c2\"},\"breadcrumb\":{\"@id\":\"https:\/\/www.gaveanews.com\/index.php\/2025\/04\/11\/a-declaracao-de-cuca-direcionada-a-conmebol\/#breadcrumb\"},\"inLanguage\":\"pt-BR\",\"potentialAction\":[{\"@type\":\"ReadAction\",\"target\":[\"https:\/\/www.gaveanews.com\/index.php\/2025\/04\/11\/a-declaracao-de-cuca-direcionada-a-conmebol\/\"]}]},{\"@type\":\"ImageObject\",\"inLanguage\":\"pt-BR\",\"@id\":\"https:\/\/www.gaveanews.com\/index.php\/2025\/04\/11\/a-declaracao-de-cuca-direcionada-a-conmebol\/#primaryimage\",\"url\":\"https:\/\/www.gaveanews.com\/wp-content\/uploads\/Cuca-tecnico-do-Atletico-MG.webp\",\"contentUrl\":\"https:\/\/www.gaveanews.com\/wp-content\/uploads\/Cuca-tecnico-do-Atletico-MG.webp\",\"width\":1024,\"height\":683,\"caption\":\"Cuca como treinador do Atl\u00e9tico-MG (Foto: Bruno Cantini\/Atl\u00e9tico-MG)\"},{\"@type\":\"BreadcrumbList\",\"@id\":\"https:\/\/www.gaveanews.com\/index.php\/2025\/04\/11\/a-declaracao-de-cuca-direcionada-a-conmebol\/#breadcrumb\",\"itemListElement\":[{\"@type\":\"ListItem\",\"position\":1,\"name\":\"Home\",\"item\":\"https:\/\/www.gaveanews.com\/\"},{\"@type\":\"ListItem\",\"position\":2,\"name\":\"A declara\u00e7\u00e3o de Cuca direcionada \u00e0 Conmebol\"}]},{\"@type\":\"WebSite\",\"@id\":\"https:\/\/www.gaveanews.com\/#website\",\"url\":\"https:\/\/www.gaveanews.com\/\",\"name\":\"G\u00e1vea News\",\"description\":\"Veja todas as not\u00edcias sobre o Flamengo: Contrata\u00e7\u00f5es, categorias de base, resultados das partidas, tabela de classifica\u00e7\u00e3o, pr\u00f3ximos jogos!\",\"potentialAction\":[{\"@type\":\"SearchAction\",\"target\":{\"@type\":\"EntryPoint\",\"urlTemplate\":\"https:\/\/www.gaveanews.com\/?s={search_term_string}\"},\"query-input\":{\"@type\":\"PropertyValueSpecification\",\"valueRequired\":true,\"valueName\":\"search_term_string\"}}],\"inLanguage\":\"pt-BR\"},{\"@type\":\"Person\",\"@id\":\"https:\/\/www.gaveanews.com\/#\/schema\/person\/3b19f7288b0ce20372991275e4f2e6c2\",\"name\":\"Ana Teixeira\",\"image\":{\"@type\":\"ImageObject\",\"inLanguage\":\"pt-BR\",\"@id\":\"https:\/\/www.gaveanews.com\/#\/schema\/person\/image\/\",\"url\":\"https:\/\/secure.gravatar.com\/avatar\/0a73f5a5258f3fed37fc2fa641892f3f7a4748456d4d4792f9bc550e6c19e06c?s=96&d=mm&r=g\",\"contentUrl\":\"https:\/\/secure.gravatar.com\/avatar\/0a73f5a5258f3fed37fc2fa641892f3f7a4748456d4d4792f9bc550e6c19e06c?s=96&d=mm&r=g\",\"caption\":\"Ana Teixeira\"}}]}<\/script>\n<!-- \/ Yoast SEO Premium plugin. -->","yoast_head_json":{"title":"A declara\u00e7\u00e3o de Cuca direcionada \u00e0 Conmebol","robots":{"index":"index","follow":"follow","max-snippet":"max-snippet:-1","max-image-preview":"max-image-preview:large","max-video-preview":"max-video-preview:-1"},"canonical":"https:\/\/www.gaveanews.com\/index.php\/2025\/04\/11\/a-declaracao-de-cuca-direcionada-a-conmebol\/","og_locale":"pt_BR","og_type":"article","og_title":"A declara\u00e7\u00e3o de Cuca direcionada \u00e0 Conmebol","og_description":"A vit\u00f3ria do Atl\u00e9tico por 4 a 0 sobre o Deportes Iquique, na noite de quarta-feira (10), pela segunda rodada da Copa Sul-Americana, foi marcada n\u00e3o apenas pelo bom desempenho em campo, mas pela aus\u00eancia dos torcedores nas arquibancadas do Mineir\u00e3o. A partida ocorreu com port\u00f5es fechados devido a uma puni\u00e7\u00e3o imposta pela Conmebol, o [&hellip;]","og_url":"https:\/\/www.gaveanews.com\/index.php\/2025\/04\/11\/a-declaracao-de-cuca-direcionada-a-conmebol\/","og_site_name":"G\u00e1vea News","article_publisher":"https:\/\/facebook.com\/gaveaNews\/","article_published_time":"2025-04-11T11:30:00+00:00","og_image":[{"width":1024,"height":683,"url":"http:\/\/www.gaveanews.com\/wp-content\/uploads\/Cuca-tecnico-do-Atletico-MG.webp","type":"image\/jpeg"}],"author":"Ana Teixeira","twitter_card":"summary_large_image","twitter_misc":{"Escrito por":"Ana Teixeira","Est. tempo de leitura":"4 minutos"},"schema":{"@context":"https:\/\/schema.org","@graph":[{"@type":"NewsArticle","@id":"https:\/\/www.gaveanews.com\/index.php\/2025\/04\/11\/a-declaracao-de-cuca-direcionada-a-conmebol\/#article","isPartOf":{"@id":"https:\/\/www.gaveanews.com\/index.php\/2025\/04\/11\/a-declaracao-de-cuca-direcionada-a-conmebol\/"},"author":{"name":"Ana Teixeira","@id":"https:\/\/www.gaveanews.com\/#\/schema\/person\/3b19f7288b0ce20372991275e4f2e6c2"},"headline":"A declara\u00e7\u00e3o de Cuca direcionada \u00e0 Conmebol","datePublished":"2025-04-11T11:30:00+00:00","mainEntityOfPage":{"@id":"https:\/\/www.gaveanews.com\/index.php\/2025\/04\/11\/a-declaracao-de-cuca-direcionada-a-conmebol\/"},"wordCount":585,"commentCount":0,"image":{"@id":"https:\/\/www.gaveanews.com\/index.php\/2025\/04\/11\/a-declaracao-de-cuca-direcionada-a-conmebol\/#primaryimage"},"thumbnailUrl":"https:\/\/www.gaveanews.com\/wp-content\/uploads\/Cuca-tecnico-do-Atletico-MG.webp","articleSection":["Atl\u00e9tico-MG"],"inLanguage":"pt-BR","potentialAction":[{"@type":"CommentAction","name":"Comment","target":["https:\/\/www.gaveanews.com\/index.php\/2025\/04\/11\/a-declaracao-de-cuca-direcionada-a-conmebol\/#respond"]}],"copyrightYear":"2025","copyrightHolder":{"@id":"https:\/\/www.gaveanews.com\/#organization"}},{"@type":"WebPage","@id":"https:\/\/www.gaveanews.com\/index.php\/2025\/04\/11\/a-declaracao-de-cuca-direcionada-a-conmebol\/","url":"https:\/\/www.gaveanews.com\/index.php\/2025\/04\/11\/a-declaracao-de-cuca-direcionada-a-conmebol\/","name":"A declara\u00e7\u00e3o de Cuca direcionada \u00e0 Conmebol","isPartOf":{"@id":"https:\/\/www.gaveanews.com\/#website"},"primaryImageOfPage":{"@id":"https:\/\/www.gaveanews.com\/index.php\/2025\/04\/11\/a-declaracao-de-cuca-direcionada-a-conmebol\/#primaryimage"},"image":{"@id":"https:\/\/www.gaveanews.com\/index.php\/2025\/04\/11\/a-declaracao-de-cuca-direcionada-a-conmebol\/#primaryimage"},"thumbnailUrl":"https:\/\/www.gaveanews.com\/wp-content\/uploads\/Cuca-tecnico-do-Atletico-MG.webp","datePublished":"2025-04-11T11:30:00+00:00","author":{"@id":"https:\/\/www.gaveanews.com\/#\/schema\/person\/3b19f7288b0ce20372991275e4f2e6c2"},"breadcrumb":{"@id":"https:\/\/www.gaveanews.com\/index.php\/2025\/04\/11\/a-declaracao-de-cuca-direcionada-a-conmebol\/#breadcrumb"},"inLanguage":"pt-BR","potentialAction":[{"@type":"ReadAction","target":["https:\/\/www.gaveanews.com\/index.php\/2025\/04\/11\/a-declaracao-de-cuca-direcionada-a-conmebol\/"]}]},{"@type":"ImageObject","inLanguage":"pt-BR","@id":"https:\/\/www.gaveanews.com\/index.php\/2025\/04\/11\/a-declaracao-de-cuca-direcionada-a-conmebol\/#primaryimage","url":"https:\/\/www.gaveanews.com\/wp-content\/uploads\/Cuca-tecnico-do-Atletico-MG.webp","contentUrl":"https:\/\/www.gaveanews.com\/wp-content\/uploads\/Cuca-tecnico-do-Atletico-MG.webp","width":1024,"height":683,"caption":"Cuca como treinador do Atl\u00e9tico-MG (Foto: Bruno Cantini\/Atl\u00e9tico-MG)"},{"@type":"BreadcrumbList","@id":"https:\/\/www.gaveanews.com\/index.php\/2025\/04\/11\/a-declaracao-de-cuca-direcionada-a-conmebol\/#breadcrumb","itemListElement":[{"@type":"ListItem","position":1,"name":"Home","item":"https:\/\/www.gaveanews.com\/"},{"@type":"ListItem","position":2,"name":"A declara\u00e7\u00e3o de Cuca direcionada \u00e0 Conmebol"}]},{"@type":"WebSite","@id":"https:\/\/www.gaveanews.com\/#website","url":"https:\/\/www.gaveanews.com\/","name":"G\u00e1vea News","description":"Veja todas as not\u00edcias sobre o Flamengo: Contrata\u00e7\u00f5es, categorias de base, resultados das partidas, tabela de classifica\u00e7\u00e3o, pr\u00f3ximos jogos!","potentialAction":[{"@type":"SearchAction","target":{"@type":"EntryPoint","urlTemplate":"https:\/\/www.gaveanews.com\/?s={search_term_string}"},"query-input":{"@type":"PropertyValueSpecification","valueRequired":true,"valueName":"search_term_string"}}],"inLanguage":"pt-BR"},{"@type":"Person","@id":"https:\/\/www.gaveanews.com\/#\/schema\/person\/3b19f7288b0ce20372991275e4f2e6c2","name":"Ana Teixeira","image":{"@type":"ImageObject","inLanguage":"pt-BR","@id":"https:\/\/www.gaveanews.com\/#\/schema\/person\/image\/","url":"https:\/\/secure.gravatar.com\/avatar\/0a73f5a5258f3fed37fc2fa641892f3f7a4748456d4d4792f9bc550e6c19e06c?s=96&d=mm&r=g","contentUrl":"https:\/\/secure.gravatar.com\/avatar\/0a73f5a5258f3fed37fc2fa641892f3f7a4748456d4d4792f9bc550e6c19e06c?s=96&d=mm&r=g","caption":"Ana Teixeira"}}]}},"_links":{"self":[{"href":"https:\/\/www.gaveanews.com\/index.php\/wp-json\/wp\/v2\/posts\/252122","targetHints":{"allow":["GET"]}}],"collection":[{"href":"https:\/\/www.gaveanews.com\/index.php\/wp-json\/wp\/v2\/posts"}],"about":[{"href":"https:\/\/www.gaveanews.com\/index.php\/wp-json\/wp\/v2\/types\/post"}],"author":[{"embeddable":true,"href":"https:\/\/www.gaveanews.com\/index.php\/wp-json\/wp\/v2\/users\/30"}],"replies":[{"embeddable":true,"href":"https:\/\/www.gaveanews.com\/index.php\/wp-json\/wp\/v2\/comments?post=252122"}],"version-history":[{"count":2,"href":"https:\/\/www.gaveanews.com\/index.php\/wp-json\/wp\/v2\/posts\/252122\/revisions"}],"predecessor-version":[{"id":252129,"href":"https:\/\/www.gaveanews.com\/index.php\/wp-json\/wp\/v2\/posts\/252122\/revisions\/252129"}],"wp:featuredmedia":[{"embeddable":true,"href":"https:\/\/www.gaveanews.com\/index.php\/wp-json\/wp\/v2\/media\/68026"}],"wp:attachment":[{"href":"https:\/\/www.gaveanews.com\/index.php\/wp-json\/wp\/v2\/media?parent=252122"}],"wp:term":[{"taxonomy":"category","embeddable":true,"href":"https:\/\/www.gaveanews.com\/index.php\/wp-json\/wp\/v2\/categories?post=252122"},{"taxonomy":"post_tag","embeddable":true,"href":"https:\/\/www.gaveanews.com\/index.php\/wp-json\/wp\/v2\/tags?post=252122"}],"curies":[{"name":"wp","href":"https:\/\/api.w.org\/{rel}","templated":true}]}}